{"id":166659,"date":"2022-08-05T08:47:07","date_gmt":"2022-08-05T07:47:07","guid":{"rendered":"https:\/\/radioljubuski.ba\/?p=166659"},"modified":"2022-08-05T08:47:45","modified_gmt":"2022-08-05T07:47:45","slug":"prvi-put-u-povijesti-mladifesta-misu-odrzao-mostarsko-duvanjski-biskup","status":"publish","type":"post","link":"https:\/\/radioljubuski.ba\/index.php\/2022\/08\/05\/prvi-put-u-povijesti-mladifesta-misu-odrzao-mostarsko-duvanjski-biskup\/","title":{"rendered":"Prvi put u povijesti Mladifesta misu odr\u017eao mostarsko-duvanjski biskup"},"content":{"rendered":"\n<p>U koncelebraciji s njim bili su mons. Aldo Cavalli i mons. Domenico Sigalini, umirovljeni biskup Palestrine iz Italije, jo\u0161 \u010detiri biskupa te fra Jozo Grbe\u0161, provincijal hercegova\u010dke franjeva\u010dke provincije i jo\u0161 524 sve\u0107enika. <\/p>\n\n\n\n<p>Popodnevni program na Mladifestu u Me\u0111ugorju ju\u010der je bio u znaku zajednice CENACOLO. Oni su imali svoje svjedo\u010danstvo od 17,00 sati, a nakon ve\u010dernje svete mise u 21,15 sati, tako\u0111er su imali i projekciju filma o Isusovom \u017eivotu pod nazivom &#8216;LA FESTA E&#8217; PER VOI&#8217; (SLAVLJE JE ZA VAS) koji su snimali zadnjih mjeseci ovdje u Me\u0111ugorju i okolici. <\/p>\n\n\n\n<p>U 18,00 sati bila je molitva krunice, a u 19,00 sati zapo\u010dela je posebno i\u0161\u010dekivana sveta misa jer ju je po prvi puta u povijesti Mladifesta predslavio lokalni biskup biskupije kojoj pripada Me\u0111ugorje mons. Petar Pali\u0107, biskup mostarsko-duvanjski i apostolski upravitelj trebinjsko \u2013 mrkanski.&nbsp; U koncelebraciji s njim bili su mons. Aldo Cavalli i mons. <\/p>\n\n\n\n<p>Domenico Sigalini, umirovljeni biskup Palestrine iz Italije, jo\u0161 \u010detiri biskupa te fra Jozo Grbe\u0161, provincijal hercegova\u010dke franjeva\u010dke provincije i jo\u0161 524 sve\u0107enika, pi\u0161e&nbsp;Medjugorje-info. Na po\u010detku svete mise i nakon fra Marinkova pozdrava, mons. Pali\u0107 je dobio dugi i topli pljesak dobrodo\u0161lice nakon kojeg se i sam zahvalio: \u201eDragi mladi prijatelji pozdravljam vas, bra\u0107u u biskupskoj slu\u017ebi, draga bra\u0107o sve\u0107enici, i na osobit na\u010din zahvaljujem apostolskom vizitatoru za ovu \u017eupu Me\u0111ugorje da mons. <\/p>\n\n\n\n<p>Aldu Cavalliu da s vama danas mogu slaviti ovu Euharistiju. Ovo je ujedno i trenutak ZAHVALE FRA MARINKU za sve ono \u0161to je svih ovih godina u\u010dinio slu\u017ee\u0107i u ovoj mostarsko-duvanjskoj biskupiji, a osobito u ovoj \u017eupi Me\u0111ugorje.\u201c Tada je i fra Marinko dobio duga\u010dki pljesak. A mons. Petar je nastavio: \u201eMolit \u0107emo i za njega, ali i za sve sve\u0107enike jer je danas spomendan sv. Ivana Vianneya, za\u0161titnika \u017eupnika i poniznog pastira i molit \u0107emo njegov zagovor za sve pastire.<\/p>\n\n\n\n<p>\u201c Na po\u010detku svoje propovijedi mons. Petar Pali\u0107 je kazao: \u201eDraga bra\u0107o sve\u0107enici, dragi mladi prijatelji, svoje razmi\u0161ljanje zapo\u010deo bih rije\u010dima pape Franje kojima on promi\u0161lja o biskupima. U Apostolskoj pobudnici Evangelii Gaudium papa ka\u017ee da \u0107e biskup pokatkad I\u0106I NAPRIJED da poka\u017ee put i odr\u017ei \u017eivom nadu u narodu. Drugi \u0107e put biti jednostavno USRED SVOJIH svojom jednostavnom i milosrdnom blizinom, a u nekim \u0107e prilikama morati I\u0106I ZA svojim narodom da , prije svega pomogne onima koji su zaostali, ali i zato jer stado posjeduje vlastiti osje\u0107aj za pronala\u017eenje novih puteva.<\/p>\n\n\n\n<p>Ja sam danas ovdje kao biskup ove biskupije kako bih bio me\u0111u vama jednostavnom i milosrdnom blizinom i kako bismo zajedno poput apostola okupljeni i s Marijom, \u010duli \u0161to nam to Isus \u017eeli re\u0107i!\u201c Na kraju svete mise toplim i dugim pljeskom mladi su opet zahvalili svojim biskupima i sve\u0107enicima na njihovoj slu\u017ebi i preporu\u010dili ih zagovoru sv. \u017eupnika Ar\u0161kog. A mons. Pali\u0107 tako\u0111er je pozdravio novog me\u0111ugorskog \u017eupnika fra Zvonimira Pavi\u010di\u0107a i za\u017eelio mu uspje\u0161nu i blagoslovljenu slu\u017ebu slu\u017eenja \u017eupljanima i hodo\u010dasnicima. <\/p>\n\n\n\n<p>Izvor:<a href=\"https:\/\/bljesak.info\/kultura\/vjera\/papa-franjo-samar-katolickoj-crkvi\/390044\"> Bljesak.info<\/a><\/p>\n","protected":false},"excerpt":{"rendered":"<p>U koncelebraciji s njim bili su mons. Aldo Cavalli i mons. Domenico Sigalini, umirovljeni biskup Palestrine iz Italije, jo\u0161 \u010detiri biskupa te fra Jozo Grbe\u0161, provincijal hercegova\u010dke franjeva\u010dke provincije i jo\u0161 524 sve\u0107enika. Popodnevni program na Mladifestu u Me\u0111ugorju ju\u010der je bio u znaku zajednice CENACOLO. Oni su imali svoje svjedo\u010danstvo od 17,00 sati, a [&hellip;]<\/p>\n","protected":false},"author":2,"featured_media":166664,"comment_status":"closed","ping_status":"closed","sticky":false,"template":"","format":"standard","meta":{"h5ap_radio_sources":[],"footnotes":""},"categories":[1],"tags":[],"class_list":["post-166659","post","type-post","status-publish","format-standard","has-post-thumbnail","hentry","category-bihiregija"],"yoast_head":"<!-- This site is optimized with the Yoast SEO plugin v27.4 - https:\/\/yoast.com\/product\/yoast-seo-wordpress\/ -->\n<title>Prvi put u povijesti Mladifesta misu odr\u017eao mostarsko-duvanjski biskup - RADIO LJUBU\u0160KI<\/title>\n<meta name=\"robots\" content=\"index, follow, max-snippet:-1, max-image-preview:large, max-video-preview:-1\" \/>\n<link rel=\"canonical\" href=\"https:\/\/radioljubuski.ba\/index.php\/2022\/08\/05\/prvi-put-u-povijesti-mladifesta-misu-odrzao-mostarsko-duvanjski-biskup\/\" \/>\n<meta property=\"og:locale\" content=\"hr_HR\" \/>\n<meta property=\"og:type\" content=\"article\" \/>\n<meta property=\"og:title\" content=\"Prvi put u povijesti Mladifesta misu odr\u017eao mostarsko-duvanjski biskup - RADIO LJUBU\u0160KI\" \/>\n<meta property=\"og:description\" content=\"U koncelebraciji s njim bili su mons. Aldo Cavalli i mons. Domenico Sigalini, umirovljeni biskup Palestrine iz Italije, jo\u0161 \u010detiri biskupa te fra Jozo Grbe\u0161, provincijal hercegova\u010dke franjeva\u010dke provincije i jo\u0161 524 sve\u0107enika. Popodnevni program na Mladifestu u Me\u0111ugorju ju\u010der je bio u znaku zajednice CENACOLO. Oni su imali svoje svjedo\u010danstvo od 17,00 sati, a [&hellip;]\" \/>\n<meta property=\"og:url\" content=\"https:\/\/radioljubuski.ba\/index.php\/2022\/08\/05\/prvi-put-u-povijesti-mladifesta-misu-odrzao-mostarsko-duvanjski-biskup\/\" \/>\n<meta property=\"og:site_name\" content=\"RADIO LJUBU\u0160KI\" \/>\n<meta property=\"article:publisher\" content=\"https:\/\/www.facebook.com\/Radiio-Ljubuski-1490835324566332\" \/>\n<meta property=\"article:published_time\" content=\"2022-08-05T07:47:07+00:00\" \/>\n<meta property=\"article:modified_time\" content=\"2022-08-05T07:47:45+00:00\" \/>\n<meta property=\"og:image\" content=\"https:\/\/radioljubuski.ba\/wp-content\/uploads\/2022\/08\/Biskup-Medjugorje.jpg\" \/>\n\t<meta property=\"og:image:width\" content=\"800\" \/>\n\t<meta property=\"og:image:height\" content=\"550\" \/>\n\t<meta property=\"og:image:type\" content=\"image\/jpeg\" \/>\n<meta name=\"author\" content=\"Radio Ljubu\u0161ki\" \/>\n<meta name=\"twitter:card\" content=\"summary_large_image\" \/>\n<meta name=\"twitter:creator\" content=\"@radioljubuski\" \/>\n<meta name=\"twitter:site\" content=\"@radioljubuski\" \/>\n<meta name=\"twitter:label1\" content=\"Napisao\/la\" \/>\n\t<meta name=\"twitter:data1\" content=\"Radio Ljubu\u0161ki\" \/>\n\t<meta name=\"twitter:label2\" content=\"Procijenjeno vrijeme \u010ditanja\" \/>\n\t<meta name=\"twitter:data2\" content=\"3 minute\" \/>\n<script type=\"application\/ld+json\" class=\"yoast-schema-graph\">{\"@context\":\"https:\\\/\\\/schema.org\",\"@graph\":[{\"@type\":\"Article\",\"@id\":\"https:\\\/\\\/radioljubuski.ba\\\/index.php\\\/2022\\\/08\\\/05\\\/prvi-put-u-povijesti-mladifesta-misu-odrzao-mostarsko-duvanjski-biskup\\\/#article\",\"isPartOf\":{\"@id\":\"https:\\\/\\\/radioljubuski.ba\\\/index.php\\\/2022\\\/08\\\/05\\\/prvi-put-u-povijesti-mladifesta-misu-odrzao-mostarsko-duvanjski-biskup\\\/\"},\"author\":{\"name\":\"Radio Ljubu\u0161ki\",\"@id\":\"https:\\\/\\\/radioljubuski.ba\\\/#\\\/schema\\\/person\\\/19fc700381a780f69665d7956c469e3b\"},\"headline\":\"Prvi put u povijesti Mladifesta misu odr\u017eao mostarsko-duvanjski biskup\",\"datePublished\":\"2022-08-05T07:47:07+00:00\",\"dateModified\":\"2022-08-05T07:47:45+00:00\",\"mainEntityOfPage\":{\"@id\":\"https:\\\/\\\/radioljubuski.ba\\\/index.php\\\/2022\\\/08\\\/05\\\/prvi-put-u-povijesti-mladifesta-misu-odrzao-mostarsko-duvanjski-biskup\\\/\"},\"wordCount\":543,\"publisher\":{\"@id\":\"https:\\\/\\\/radioljubuski.ba\\\/#organization\"},\"image\":{\"@id\":\"https:\\\/\\\/radioljubuski.ba\\\/index.php\\\/2022\\\/08\\\/05\\\/prvi-put-u-povijesti-mladifesta-misu-odrzao-mostarsko-duvanjski-biskup\\\/#primaryimage\"},\"thumbnailUrl\":\"https:\\\/\\\/radioljubuski.ba\\\/wp-content\\\/uploads\\\/2022\\\/08\\\/Biskup-Medjugorje.jpg\",\"articleSection\":[\"BIH i regija\"],\"inLanguage\":\"hr\"},{\"@type\":\"WebPage\",\"@id\":\"https:\\\/\\\/radioljubuski.ba\\\/index.php\\\/2022\\\/08\\\/05\\\/prvi-put-u-povijesti-mladifesta-misu-odrzao-mostarsko-duvanjski-biskup\\\/\",\"url\":\"https:\\\/\\\/radioljubuski.ba\\\/index.php\\\/2022\\\/08\\\/05\\\/prvi-put-u-povijesti-mladifesta-misu-odrzao-mostarsko-duvanjski-biskup\\\/\",\"name\":\"Prvi put u povijesti Mladifesta misu odr\u017eao mostarsko-duvanjski biskup - RADIO LJUBU\u0160KI\",\"isPartOf\":{\"@id\":\"https:\\\/\\\/radioljubuski.ba\\\/#website\"},\"primaryImageOfPage\":{\"@id\":\"https:\\\/\\\/radioljubuski.ba\\\/index.php\\\/2022\\\/08\\\/05\\\/prvi-put-u-povijesti-mladifesta-misu-odrzao-mostarsko-duvanjski-biskup\\\/#primaryimage\"},\"image\":{\"@id\":\"https:\\\/\\\/radioljubuski.ba\\\/index.php\\\/2022\\\/08\\\/05\\\/prvi-put-u-povijesti-mladifesta-misu-odrzao-mostarsko-duvanjski-biskup\\\/#primaryimage\"},\"thumbnailUrl\":\"https:\\\/\\\/radioljubuski.ba\\\/wp-content\\\/uploads\\\/2022\\\/08\\\/Biskup-Medjugorje.jpg\",\"datePublished\":\"2022-08-05T07:47:07+00:00\",\"dateModified\":\"2022-08-05T07:47:45+00:00\",\"breadcrumb\":{\"@id\":\"https:\\\/\\\/radioljubuski.ba\\\/index.php\\\/2022\\\/08\\\/05\\\/prvi-put-u-povijesti-mladifesta-misu-odrzao-mostarsko-duvanjski-biskup\\\/#breadcrumb\"},\"inLanguage\":\"hr\",\"potentialAction\":[{\"@type\":\"ReadAction\",\"target\":[\"https:\\\/\\\/radioljubuski.ba\\\/index.php\\\/2022\\\/08\\\/05\\\/prvi-put-u-povijesti-mladifesta-misu-odrzao-mostarsko-duvanjski-biskup\\\/\"]}]},{\"@type\":\"ImageObject\",\"inLanguage\":\"hr\",\"@id\":\"https:\\\/\\\/radioljubuski.ba\\\/index.php\\\/2022\\\/08\\\/05\\\/prvi-put-u-povijesti-mladifesta-misu-odrzao-mostarsko-duvanjski-biskup\\\/#primaryimage\",\"url\":\"https:\\\/\\\/radioljubuski.ba\\\/wp-content\\\/uploads\\\/2022\\\/08\\\/Biskup-Medjugorje.jpg\",\"contentUrl\":\"https:\\\/\\\/radioljubuski.ba\\\/wp-content\\\/uploads\\\/2022\\\/08\\\/Biskup-Medjugorje.jpg\",\"width\":800,\"height\":550},{\"@type\":\"BreadcrumbList\",\"@id\":\"https:\\\/\\\/radioljubuski.ba\\\/index.php\\\/2022\\\/08\\\/05\\\/prvi-put-u-povijesti-mladifesta-misu-odrzao-mostarsko-duvanjski-biskup\\\/#breadcrumb\",\"itemListElement\":[{\"@type\":\"ListItem\",\"position\":1,\"name\":\"Po\u010detna stranica\",\"item\":\"https:\\\/\\\/radioljubuski.ba\\\/\"},{\"@type\":\"ListItem\",\"position\":2,\"name\":\"Prvi put u povijesti Mladifesta misu odr\u017eao mostarsko-duvanjski biskup\"}]},{\"@type\":\"WebSite\",\"@id\":\"https:\\\/\\\/radioljubuski.ba\\\/#website\",\"url\":\"https:\\\/\\\/radioljubuski.ba\\\/\",\"name\":\"Radio Ljubu\u0161ki\",\"description\":\"Sun\u010dana frekvencija Hercegovine\",\"publisher\":{\"@id\":\"https:\\\/\\\/radioljubuski.ba\\\/#organization\"},\"potentialAction\":[{\"@type\":\"SearchAction\",\"target\":{\"@type\":\"EntryPoint\",\"urlTemplate\":\"https:\\\/\\\/radioljubuski.ba\\\/?s={search_term_string}\"},\"query-input\":{\"@type\":\"PropertyValueSpecification\",\"valueRequired\":true,\"valueName\":\"search_term_string\"}}],\"inLanguage\":\"hr\"},{\"@type\":\"Organization\",\"@id\":\"https:\\\/\\\/radioljubuski.ba\\\/#organization\",\"name\":\"Radio Ljubu\u0161ki\",\"url\":\"https:\\\/\\\/radioljubuski.ba\\\/\",\"logo\":{\"@type\":\"ImageObject\",\"inLanguage\":\"hr\",\"@id\":\"https:\\\/\\\/radioljubuski.ba\\\/#\\\/schema\\\/logo\\\/image\\\/\",\"url\":\"https:\\\/\\\/radioljubuski.ba\\\/wp-content\\\/uploads\\\/2021\\\/02\\\/cropped-Radio_Ljubuski_logo1.jpg\",\"contentUrl\":\"https:\\\/\\\/radioljubuski.ba\\\/wp-content\\\/uploads\\\/2021\\\/02\\\/cropped-Radio_Ljubuski_logo1.jpg\",\"width\":512,\"height\":512,\"caption\":\"Radio Ljubu\u0161ki\"},\"image\":{\"@id\":\"https:\\\/\\\/radioljubuski.ba\\\/#\\\/schema\\\/logo\\\/image\\\/\"},\"sameAs\":[\"https:\\\/\\\/www.facebook.com\\\/Radiio-Ljubuski-1490835324566332\",\"https:\\\/\\\/x.com\\\/radioljubuski\",\"https:\\\/\\\/hr.linkedin.com\\\/company\\\/radio-ljubuski\",\"https:\\\/\\\/www.youtube.com\\\/channel\\\/UCHYaeO_n0Db3tjNGudGpXyw\"]},{\"@type\":\"Person\",\"@id\":\"https:\\\/\\\/radioljubuski.ba\\\/#\\\/schema\\\/person\\\/19fc700381a780f69665d7956c469e3b\",\"name\":\"Radio Ljubu\u0161ki\"}]}<\/script>\n<!-- \/ Yoast SEO plugin. -->","yoast_head_json":{"title":"Prvi put u povijesti Mladifesta misu odr\u017eao mostarsko-duvanjski biskup - RADIO LJUBU\u0160KI","robots":{"index":"index","follow":"follow","max-snippet":"max-snippet:-1","max-image-preview":"max-image-preview:large","max-video-preview":"max-video-preview:-1"},"canonical":"https:\/\/radioljubuski.ba\/index.php\/2022\/08\/05\/prvi-put-u-povijesti-mladifesta-misu-odrzao-mostarsko-duvanjski-biskup\/","og_locale":"hr_HR","og_type":"article","og_title":"Prvi put u povijesti Mladifesta misu odr\u017eao mostarsko-duvanjski biskup - RADIO LJUBU\u0160KI","og_description":"U koncelebraciji s njim bili su mons. Aldo Cavalli i mons. Domenico Sigalini, umirovljeni biskup Palestrine iz Italije, jo\u0161 \u010detiri biskupa te fra Jozo Grbe\u0161, provincijal hercegova\u010dke franjeva\u010dke provincije i jo\u0161 524 sve\u0107enika. Popodnevni program na Mladifestu u Me\u0111ugorju ju\u010der je bio u znaku zajednice CENACOLO. Oni su imali svoje svjedo\u010danstvo od 17,00 sati, a [&hellip;]","og_url":"https:\/\/radioljubuski.ba\/index.php\/2022\/08\/05\/prvi-put-u-povijesti-mladifesta-misu-odrzao-mostarsko-duvanjski-biskup\/","og_site_name":"RADIO LJUBU\u0160KI","article_publisher":"https:\/\/www.facebook.com\/Radiio-Ljubuski-1490835324566332","article_published_time":"2022-08-05T07:47:07+00:00","article_modified_time":"2022-08-05T07:47:45+00:00","og_image":[{"width":800,"height":550,"url":"https:\/\/radioljubuski.ba\/wp-content\/uploads\/2022\/08\/Biskup-Medjugorje.jpg","type":"image\/jpeg"}],"author":"Radio Ljubu\u0161ki","twitter_card":"summary_large_image","twitter_creator":"@radioljubuski","twitter_site":"@radioljubuski","twitter_misc":{"Napisao\/la":"Radio Ljubu\u0161ki","Procijenjeno vrijeme \u010ditanja":"3 minute"},"schema":{"@context":"https:\/\/schema.org","@graph":[{"@type":"Article","@id":"https:\/\/radioljubuski.ba\/index.php\/2022\/08\/05\/prvi-put-u-povijesti-mladifesta-misu-odrzao-mostarsko-duvanjski-biskup\/#article","isPartOf":{"@id":"https:\/\/radioljubuski.ba\/index.php\/2022\/08\/05\/prvi-put-u-povijesti-mladifesta-misu-odrzao-mostarsko-duvanjski-biskup\/"},"author":{"name":"Radio Ljubu\u0161ki","@id":"https:\/\/radioljubuski.ba\/#\/schema\/person\/19fc700381a780f69665d7956c469e3b"},"headline":"Prvi put u povijesti Mladifesta misu odr\u017eao mostarsko-duvanjski biskup","datePublished":"2022-08-05T07:47:07+00:00","dateModified":"2022-08-05T07:47:45+00:00","mainEntityOfPage":{"@id":"https:\/\/radioljubuski.ba\/index.php\/2022\/08\/05\/prvi-put-u-povijesti-mladifesta-misu-odrzao-mostarsko-duvanjski-biskup\/"},"wordCount":543,"publisher":{"@id":"https:\/\/radioljubuski.ba\/#organization"},"image":{"@id":"https:\/\/radioljubuski.ba\/index.php\/2022\/08\/05\/prvi-put-u-povijesti-mladifesta-misu-odrzao-mostarsko-duvanjski-biskup\/#primaryimage"},"thumbnailUrl":"https:\/\/radioljubuski.ba\/wp-content\/uploads\/2022\/08\/Biskup-Medjugorje.jpg","articleSection":["BIH i regija"],"inLanguage":"hr"},{"@type":"WebPage","@id":"https:\/\/radioljubuski.ba\/index.php\/2022\/08\/05\/prvi-put-u-povijesti-mladifesta-misu-odrzao-mostarsko-duvanjski-biskup\/","url":"https:\/\/radioljubuski.ba\/index.php\/2022\/08\/05\/prvi-put-u-povijesti-mladifesta-misu-odrzao-mostarsko-duvanjski-biskup\/","name":"Prvi put u povijesti Mladifesta misu odr\u017eao mostarsko-duvanjski biskup - RADIO LJUBU\u0160KI","isPartOf":{"@id":"https:\/\/radioljubuski.ba\/#website"},"primaryImageOfPage":{"@id":"https:\/\/radioljubuski.ba\/index.php\/2022\/08\/05\/prvi-put-u-povijesti-mladifesta-misu-odrzao-mostarsko-duvanjski-biskup\/#primaryimage"},"image":{"@id":"https:\/\/radioljubuski.ba\/index.php\/2022\/08\/05\/prvi-put-u-povijesti-mladifesta-misu-odrzao-mostarsko-duvanjski-biskup\/#primaryimage"},"thumbnailUrl":"https:\/\/radioljubuski.ba\/wp-content\/uploads\/2022\/08\/Biskup-Medjugorje.jpg","datePublished":"2022-08-05T07:47:07+00:00","dateModified":"2022-08-05T07:47:45+00:00","breadcrumb":{"@id":"https:\/\/radioljubuski.ba\/index.php\/2022\/08\/05\/prvi-put-u-povijesti-mladifesta-misu-odrzao-mostarsko-duvanjski-biskup\/#breadcrumb"},"inLanguage":"hr","potentialAction":[{"@type":"ReadAction","target":["https:\/\/radioljubuski.ba\/index.php\/2022\/08\/05\/prvi-put-u-povijesti-mladifesta-misu-odrzao-mostarsko-duvanjski-biskup\/"]}]},{"@type":"ImageObject","inLanguage":"hr","@id":"https:\/\/radioljubuski.ba\/index.php\/2022\/08\/05\/prvi-put-u-povijesti-mladifesta-misu-odrzao-mostarsko-duvanjski-biskup\/#primaryimage","url":"https:\/\/radioljubuski.ba\/wp-content\/uploads\/2022\/08\/Biskup-Medjugorje.jpg","contentUrl":"https:\/\/radioljubuski.ba\/wp-content\/uploads\/2022\/08\/Biskup-Medjugorje.jpg","width":800,"height":550},{"@type":"BreadcrumbList","@id":"https:\/\/radioljubuski.ba\/index.php\/2022\/08\/05\/prvi-put-u-povijesti-mladifesta-misu-odrzao-mostarsko-duvanjski-biskup\/#breadcrumb","itemListElement":[{"@type":"ListItem","position":1,"name":"Po\u010detna stranica","item":"https:\/\/radioljubuski.ba\/"},{"@type":"ListItem","position":2,"name":"Prvi put u povijesti Mladifesta misu odr\u017eao mostarsko-duvanjski biskup"}]},{"@type":"WebSite","@id":"https:\/\/radioljubuski.ba\/#website","url":"https:\/\/radioljubuski.ba\/","name":"Radio Ljubu\u0161ki","description":"Sun\u010dana frekvencija Hercegovine","publisher":{"@id":"https:\/\/radioljubuski.ba\/#organization"},"potentialAction":[{"@type":"SearchAction","target":{"@type":"EntryPoint","urlTemplate":"https:\/\/radioljubuski.ba\/?s={search_term_string}"},"query-input":{"@type":"PropertyValueSpecification","valueRequired":true,"valueName":"search_term_string"}}],"inLanguage":"hr"},{"@type":"Organization","@id":"https:\/\/radioljubuski.ba\/#organization","name":"Radio Ljubu\u0161ki","url":"https:\/\/radioljubuski.ba\/","logo":{"@type":"ImageObject","inLanguage":"hr","@id":"https:\/\/radioljubuski.ba\/#\/schema\/logo\/image\/","url":"https:\/\/radioljubuski.ba\/wp-content\/uploads\/2021\/02\/cropped-Radio_Ljubuski_logo1.jpg","contentUrl":"https:\/\/radioljubuski.ba\/wp-content\/uploads\/2021\/02\/cropped-Radio_Ljubuski_logo1.jpg","width":512,"height":512,"caption":"Radio Ljubu\u0161ki"},"image":{"@id":"https:\/\/radioljubuski.ba\/#\/schema\/logo\/image\/"},"sameAs":["https:\/\/www.facebook.com\/Radiio-Ljubuski-1490835324566332","https:\/\/x.com\/radioljubuski","https:\/\/hr.linkedin.com\/company\/radio-ljubuski","https:\/\/www.youtube.com\/channel\/UCHYaeO_n0Db3tjNGudGpXyw"]},{"@type":"Person","@id":"https:\/\/radioljubuski.ba\/#\/schema\/person\/19fc700381a780f69665d7956c469e3b","name":"Radio Ljubu\u0161ki"}]}},"_links":{"self":[{"href":"https:\/\/radioljubuski.ba\/index.php\/wp-json\/wp\/v2\/posts\/166659","targetHints":{"allow":["GET"]}}],"collection":[{"href":"https:\/\/radioljubuski.ba\/index.php\/wp-json\/wp\/v2\/posts"}],"about":[{"href":"https:\/\/radioljubuski.ba\/index.php\/wp-json\/wp\/v2\/types\/post"}],"author":[{"embeddable":true,"href":"https:\/\/radioljubuski.ba\/index.php\/wp-json\/wp\/v2\/users\/2"}],"replies":[{"embeddable":true,"href":"https:\/\/radioljubuski.ba\/index.php\/wp-json\/wp\/v2\/comments?post=166659"}],"version-history":[{"count":2,"href":"https:\/\/radioljubuski.ba\/index.php\/wp-json\/wp\/v2\/posts\/166659\/revisions"}],"predecessor-version":[{"id":166665,"href":"https:\/\/radioljubuski.ba\/index.php\/wp-json\/wp\/v2\/posts\/166659\/revisions\/166665"}],"wp:featuredmedia":[{"embeddable":true,"href":"https:\/\/radioljubuski.ba\/index.php\/wp-json\/wp\/v2\/media\/166664"}],"wp:attachment":[{"href":"https:\/\/radioljubuski.ba\/index.php\/wp-json\/wp\/v2\/media?parent=166659"}],"wp:term":[{"taxonomy":"category","embeddable":true,"href":"https:\/\/radioljubuski.ba\/index.php\/wp-json\/wp\/v2\/categories?post=166659"},{"taxonomy":"post_tag","embeddable":true,"href":"https:\/\/radioljubuski.ba\/index.php\/wp-json\/wp\/v2\/tags?post=166659"}],"curies":[{"name":"wp","href":"https:\/\/api.w.org\/{rel}","templated":true}]}}