{"id":166688,"date":"2022-08-05T09:35:19","date_gmt":"2022-08-05T08:35:19","guid":{"rendered":"https:\/\/radioljubuski.ba\/?p=166688"},"modified":"2022-08-05T09:35:19","modified_gmt":"2022-08-05T08:35:19","slug":"5-kolovoza-1995-drugi-dan-pobjednicke-oluje-dan-kada-je-hrvatski-covjek-punim-plucima-udahnuo-miris-slobode","status":"publish","type":"post","link":"https:\/\/radioljubuski.ba\/index.php\/2022\/08\/05\/5-kolovoza-1995-drugi-dan-pobjednicke-oluje-dan-kada-je-hrvatski-covjek-punim-plucima-udahnuo-miris-slobode\/","title":{"rendered":"5. kolovoza 1995. drugi dan pobjedni\u010dke Oluje \u2013 dan kada je hrvatski \u010dovjek punim plu\u0107ima udahnuo miris slobode"},"content":{"rendered":"\n<p><strong>Prvi dan Oluje bio je ujedno i najte\u017ei dan za Hrvatsku vojsku kada je \u017eivot u borbama izgubio 121 hrvatski vojnik, a osobiti gubici su bili na Banovini i oko Petrinje. Drugoga dana, koji je plod borbi prvog dana, postignuti su najve\u0107i uspjesi i tog dana je oslobo\u0111en Knin, glavno srpsko upori\u0161te u Hrvatskoj.<\/strong><\/p>\n\n\n\n<p>Posebno zna\u010dajno je \u0161to su po\u010detkom dana ujutro oslobo\u0111ene prometnice Medak \u2013 Gra\u010dac, Pla\u0161ki \u2013 Slunj i Benkovac \u2013 Knin, \u010dime je otvorena mogu\u0107nost daljnjeg nastupanja hrvatske vojske i \u0161to su time presje\u010dene komunikacije srpskih snaga. Tako je vrlo ote\u017eana me\u0111usobna komunikacija i ispomo\u0107, \u0161to je stvorilo op\u0107u paniku u srpskim redovima.<\/p>\n\n\n\n<h3 class=\"wp-block-heading\"><strong>Bijeg Srba \u2013 razbijen stolje\u0107ima gra\u0111en mit o srpskom juna\u0161tvu<\/strong><\/h3>\n\n\n\n<p>Sve do Oluje, tijekom \u010detiri godine okupacije Hrvatske, bila je vrlo glasna promid\u017eba i \u201ejuna\u0161tvom opjevana\u201c srpska vojska gotovo kao nepobjediva. Porazima u bitkama Domovinskog rata, a osobito Bljeskom i Olujom, srpska vojska se pretvorila u gomilu razbijenih skupina, bje\u017ee\u0107i pred nadiru\u0107om i uspjesima ohrabrenom Hrvatskom vojskom.<\/p>\n\n\n\n<p>Drugi dan je bio dan kada se definitivno raspao plan o Velikoj Srbiji i mit o srpskom vojnom juna\u0161tvu.<\/p>\n\n\n\n<p>Herojske obrane koje su gotovo goloruki Hrvati vodili 1991. u Vukovaru, Bogdanovcima, Nu\u0161tru, Kijevu, Kru\u0161evu, Gospi\u0107u, Pakracu i drugdje bilo je ne\u0161to na \u0161to Srbi nisu ni pomi\u0161ljali, niti imali hrabrosti niti motiva usprkos vi\u0161egodi\u0161njim pripremama i vojnoj snazi.<\/p>\n\n\n\n<p>Bio je to potpun poraz Srba i veliki trijumf Hrvatske vojske.<\/p>\n\n\n\n<h3 class=\"wp-block-heading\"><strong>Ju\u017eno boji\u0161te \u2013 stra\u0161an poraz Srba i hrvatska zastava na kninskoj tvr\u0111avi<\/strong><\/h3>\n\n\n\n<p>Nakon \u0161to su oslobodile Kninsku Plje\u0161evicu sa sjeverne i \u017ditni\u0107 s ju\u017ene strane, hrvatske snage su tijekom jutra u\u0161le u Knin i na kninskoj tvr\u0111avi zavijorila je 20-metarska hrvatska zastava, a zajedni\u010dki su je podigli pripadnici 4. i 7. gardijske brigade.<\/p>\n\n\n\n<p>Dizanje zastave hrvatskih snaga sa sjevera iz Vara\u017edina i juga iz Splita doslovno i simboli\u010dki ozna\u010dilo je hrvatsko jedinstvo i zajedni\u010dku hrvatsku pobjedu nad Srbima.<\/p>\n\n\n\n<p>Bio je to jedan od najsretnijih i najva\u017enijih trenutaka hrvatske povijesti uop\u0107e.<\/p>\n\n\n\n<p>Krajem drugog dana hrvatske snage ulaze u Obrovac, a dio postrojbi 7. gardijske ulazi u jako srpsko upori\u0161te Benkovac.<br>Prema Vrlici i Drni\u0161u probijale su se jedna pje\u0161a\u010dka brigada i jedna domobranska pukovnija, koja je kod Drni\u0161a nai\u0161la na kratkotrajan otpor. Ubrzo su oslobo\u0111eni Vrlika i Drni\u0161. Razbijene srpske snage povukle su se prema Lici i Bosni. Do kraja dana ZP Split je prakti\u010dno provelo u djelo glavninu svojih zada\u0107a. Sljede\u0107a dva dana zborno podru\u010dje Split je vi\u0161e-manje bilo neaktivno, \u0161to su pobunjeni Srbi iskoristili da preko Otri\u0107a izvuku glavninu bojne tehnike 7. Dalmatinskog i 15. Li\u010dkog korpusa.<br>Srpske snage su na ju\u017enom boji\u0161tu drugog dana do\u017eivjele definitivan poraz i slom.<\/p>\n\n\n\n<h3 class=\"wp-block-heading\"><strong>Sjeverno boji\u0161te \u2013 uspjesi u Lici i probijanje obrane Banovine<\/strong><\/h3>\n\n\n\n<p>Na Zbornom podru\u010dju Gospi\u0107 na glavnom smjeru napada Li\u010dka Jasenica \u2013 Saborsko \u2013 Kuselj \u2013 Koranski most \u2013 Rakovica 1. gardijska brigada brzo i energi\u010dno udara u bok 21. korpusa SVK i do kraja dana izbijaju na Koranu i ulaze u Plitvice.<br>Specijalna postrojba MUP-a je drugog dana s Velebita u ovladala klju\u010dnom prometnicom Gospi\u0107 \u2013 Gra\u010dac. Uz Gra\u010dac su oslobo\u0111eni Lovinac i Medak. Bio je to \u0161lag na tortu najja\u010de i najuvje\u017ebanije hrvatske ratne postrojbe, u narodu poznatih \u010duvenih \u201especijalaca\u201c.<\/p>\n\n\n\n<p>Drugog dana operacije Oluja uvo\u0111enjem svje\u017eih snaga i pregrupiranjem postrojbe ZP Karlovac uspijeva dose\u0107i planirani tempo prodora u dubinu neprijatelja te osloba\u0111a \u0161ire podru\u010dje Pla\u0161kog i sela Primi\u0161lja.<\/p>\n\n\n\n<p>Ni drugog dana Oluje snage ZP Zagreb ne uspijevaju ostvariti zada\u0107e u osloba\u0111anju Petrinje pa vrhovni zapovjednik donosi zapovijed da se general pukovnik Petar Stipeti\u0107 imenuje zapovjednikom sjevernog sektora umjesto generala Basarca, boji\u0161ta koje se poklapalo sa zonom odgovornosti ZP Zagreb i ZP Bjelovar. Istog dana u ve\u010dernjim satima general Stipeti\u0107 reorganizira postrojbe na boji\u0161tu i bilje\u017ei prve pozitivne rezultate.<\/p>\n\n\n\n<p>Oslobo\u0111ena je Hrvatska Dubica i Hrvatska vojska je forsiranjem Une krenula prema Kostajnici.<\/p>\n\n\n\n<h3 class=\"wp-block-heading\"><strong>Ve\u010dernja konferencija i radost u Hrvatskoj<\/strong><\/h3>\n\n\n\n<p>Na ve\u010dernjoj konferenciji za novinare objavljeno je da je Hrvatska vojska oslobodila Knin i velike dijelove Hrvatske, \u0161to je izazvalo do tada nikada vi\u0111enu radost u Hrvatskoj.<\/p>\n\n\n\n<p>Radost, suze i veselje mije\u0161ale su se od juga do sjevera, od zapada do istoka Hrvatske. Hrvatski \u010dovjek je znao: domovini Hrvatskoj vra\u0107ena je toliko \u017eeljena sloboda. Sljede\u0107i dani to su i potvrdili.<\/p>\n\n\n\n<p>5. kolovoza 1995. ostao je trajno zapam\u0107en u srcu svakog Hrvata i kolektivnoj memoriji hrvatskog naroda kao najve\u0107i dan u povijesti Hrvatske kada je hrvatski \u010dovjek punim plu\u0107ima udahnuo miris slobode.<\/p>\n\n\n\n<p><em>Izvor: narod.hr<\/em><\/p>\n","protected":false},"excerpt":{"rendered":"<p>Prvi dan Oluje bio je ujedno i najte\u017ei dan za Hrvatsku vojsku kada je \u017eivot u borbama izgubio 121 hrvatski vojnik, a osobiti gubici su bili na Banovini i oko Petrinje. Drugoga dana, koji je plod borbi prvog dana, postignuti su najve\u0107i uspjesi i tog dana je oslobo\u0111en Knin, glavno srpsko upori\u0161te u Hrvatskoj. Posebno [&hellip;]<\/p>\n","protected":false},"author":2,"featured_media":166689,"comment_status":"closed","ping_status":"closed","sticky":false,"template":"","format":"standard","meta":{"h5ap_radio_sources":[],"footnotes":""},"categories":[1],"tags":[],"class_list":["post-166688","post","type-post","status-publish","format-standard","has-post-thumbnail","hentry","category-bihiregija"],"yoast_head":"<!-- This site is optimized with the Yoast SEO plugin v27.4 - https:\/\/yoast.com\/product\/yoast-seo-wordpress\/ -->\n<title>5. kolovoza 1995. drugi dan pobjedni\u010dke Oluje \u2013 dan kada je hrvatski \u010dovjek punim plu\u0107ima udahnuo miris slobode - RADIO LJUBU\u0160KI<\/title>\n<meta name=\"robots\" content=\"index, follow, max-snippet:-1, max-image-preview:large, max-video-preview:-1\" \/>\n<link rel=\"canonical\" href=\"https:\/\/radioljubuski.ba\/index.php\/2022\/08\/05\/5-kolovoza-1995-drugi-dan-pobjednicke-oluje-dan-kada-je-hrvatski-covjek-punim-plucima-udahnuo-miris-slobode\/\" \/>\n<meta property=\"og:locale\" content=\"hr_HR\" \/>\n<meta property=\"og:type\" content=\"article\" \/>\n<meta property=\"og:title\" content=\"5. kolovoza 1995. drugi dan pobjedni\u010dke Oluje \u2013 dan kada je hrvatski \u010dovjek punim plu\u0107ima udahnuo miris slobode - RADIO LJUBU\u0160KI\" \/>\n<meta property=\"og:description\" content=\"Prvi dan Oluje bio je ujedno i najte\u017ei dan za Hrvatsku vojsku kada je \u017eivot u borbama izgubio 121 hrvatski vojnik, a osobiti gubici su bili na Banovini i oko Petrinje. Drugoga dana, koji je plod borbi prvog dana, postignuti su najve\u0107i uspjesi i tog dana je oslobo\u0111en Knin, glavno srpsko upori\u0161te u Hrvatskoj. Posebno [&hellip;]\" \/>\n<meta property=\"og:url\" content=\"https:\/\/radioljubuski.ba\/index.php\/2022\/08\/05\/5-kolovoza-1995-drugi-dan-pobjednicke-oluje-dan-kada-je-hrvatski-covjek-punim-plucima-udahnuo-miris-slobode\/\" \/>\n<meta property=\"og:site_name\" content=\"RADIO LJUBU\u0160KI\" \/>\n<meta property=\"article:publisher\" content=\"https:\/\/www.facebook.com\/Radiio-Ljubuski-1490835324566332\" \/>\n<meta property=\"article:published_time\" content=\"2022-08-05T08:35:19+00:00\" \/>\n<meta property=\"og:image\" content=\"https:\/\/radioljubuski.ba\/wp-content\/uploads\/2022\/08\/oluja-696x414-1.png\" \/>\n\t<meta property=\"og:image:width\" content=\"696\" \/>\n\t<meta property=\"og:image:height\" content=\"414\" \/>\n\t<meta property=\"og:image:type\" content=\"image\/png\" \/>\n<meta name=\"author\" content=\"Radio Ljubu\u0161ki\" \/>\n<meta name=\"twitter:card\" content=\"summary_large_image\" \/>\n<meta name=\"twitter:creator\" content=\"@radioljubuski\" \/>\n<meta name=\"twitter:site\" content=\"@radioljubuski\" \/>\n<meta name=\"twitter:label1\" content=\"Napisao\/la\" \/>\n\t<meta name=\"twitter:data1\" content=\"Radio Ljubu\u0161ki\" \/>\n\t<meta name=\"twitter:label2\" content=\"Procijenjeno vrijeme \u010ditanja\" \/>\n\t<meta name=\"twitter:data2\" content=\"4 minute\" \/>\n<script type=\"application\/ld+json\" class=\"yoast-schema-graph\">{\"@context\":\"https:\\\/\\\/schema.org\",\"@graph\":[{\"@type\":\"Article\",\"@id\":\"https:\\\/\\\/radioljubuski.ba\\\/index.php\\\/2022\\\/08\\\/05\\\/5-kolovoza-1995-drugi-dan-pobjednicke-oluje-dan-kada-je-hrvatski-covjek-punim-plucima-udahnuo-miris-slobode\\\/#article\",\"isPartOf\":{\"@id\":\"https:\\\/\\\/radioljubuski.ba\\\/index.php\\\/2022\\\/08\\\/05\\\/5-kolovoza-1995-drugi-dan-pobjednicke-oluje-dan-kada-je-hrvatski-covjek-punim-plucima-udahnuo-miris-slobode\\\/\"},\"author\":{\"name\":\"Radio Ljubu\u0161ki\",\"@id\":\"https:\\\/\\\/radioljubuski.ba\\\/#\\\/schema\\\/person\\\/19fc700381a780f69665d7956c469e3b\"},\"headline\":\"5. kolovoza 1995. drugi dan pobjedni\u010dke Oluje \u2013 dan kada je hrvatski \u010dovjek punim plu\u0107ima udahnuo miris slobode\",\"datePublished\":\"2022-08-05T08:35:19+00:00\",\"mainEntityOfPage\":{\"@id\":\"https:\\\/\\\/radioljubuski.ba\\\/index.php\\\/2022\\\/08\\\/05\\\/5-kolovoza-1995-drugi-dan-pobjednicke-oluje-dan-kada-je-hrvatski-covjek-punim-plucima-udahnuo-miris-slobode\\\/\"},\"wordCount\":815,\"publisher\":{\"@id\":\"https:\\\/\\\/radioljubuski.ba\\\/#organization\"},\"image\":{\"@id\":\"https:\\\/\\\/radioljubuski.ba\\\/index.php\\\/2022\\\/08\\\/05\\\/5-kolovoza-1995-drugi-dan-pobjednicke-oluje-dan-kada-je-hrvatski-covjek-punim-plucima-udahnuo-miris-slobode\\\/#primaryimage\"},\"thumbnailUrl\":\"https:\\\/\\\/radioljubuski.ba\\\/wp-content\\\/uploads\\\/2022\\\/08\\\/oluja-696x414-1.png\",\"articleSection\":[\"BIH i regija\"],\"inLanguage\":\"hr\"},{\"@type\":\"WebPage\",\"@id\":\"https:\\\/\\\/radioljubuski.ba\\\/index.php\\\/2022\\\/08\\\/05\\\/5-kolovoza-1995-drugi-dan-pobjednicke-oluje-dan-kada-je-hrvatski-covjek-punim-plucima-udahnuo-miris-slobode\\\/\",\"url\":\"https:\\\/\\\/radioljubuski.ba\\\/index.php\\\/2022\\\/08\\\/05\\\/5-kolovoza-1995-drugi-dan-pobjednicke-oluje-dan-kada-je-hrvatski-covjek-punim-plucima-udahnuo-miris-slobode\\\/\",\"name\":\"5. kolovoza 1995. drugi dan pobjedni\u010dke Oluje \u2013 dan kada je hrvatski \u010dovjek punim plu\u0107ima udahnuo miris slobode - RADIO LJUBU\u0160KI\",\"isPartOf\":{\"@id\":\"https:\\\/\\\/radioljubuski.ba\\\/#website\"},\"primaryImageOfPage\":{\"@id\":\"https:\\\/\\\/radioljubuski.ba\\\/index.php\\\/2022\\\/08\\\/05\\\/5-kolovoza-1995-drugi-dan-pobjednicke-oluje-dan-kada-je-hrvatski-covjek-punim-plucima-udahnuo-miris-slobode\\\/#primaryimage\"},\"image\":{\"@id\":\"https:\\\/\\\/radioljubuski.ba\\\/index.php\\\/2022\\\/08\\\/05\\\/5-kolovoza-1995-drugi-dan-pobjednicke-oluje-dan-kada-je-hrvatski-covjek-punim-plucima-udahnuo-miris-slobode\\\/#primaryimage\"},\"thumbnailUrl\":\"https:\\\/\\\/radioljubuski.ba\\\/wp-content\\\/uploads\\\/2022\\\/08\\\/oluja-696x414-1.png\",\"datePublished\":\"2022-08-05T08:35:19+00:00\",\"breadcrumb\":{\"@id\":\"https:\\\/\\\/radioljubuski.ba\\\/index.php\\\/2022\\\/08\\\/05\\\/5-kolovoza-1995-drugi-dan-pobjednicke-oluje-dan-kada-je-hrvatski-covjek-punim-plucima-udahnuo-miris-slobode\\\/#breadcrumb\"},\"inLanguage\":\"hr\",\"potentialAction\":[{\"@type\":\"ReadAction\",\"target\":[\"https:\\\/\\\/radioljubuski.ba\\\/index.php\\\/2022\\\/08\\\/05\\\/5-kolovoza-1995-drugi-dan-pobjednicke-oluje-dan-kada-je-hrvatski-covjek-punim-plucima-udahnuo-miris-slobode\\\/\"]}]},{\"@type\":\"ImageObject\",\"inLanguage\":\"hr\",\"@id\":\"https:\\\/\\\/radioljubuski.ba\\\/index.php\\\/2022\\\/08\\\/05\\\/5-kolovoza-1995-drugi-dan-pobjednicke-oluje-dan-kada-je-hrvatski-covjek-punim-plucima-udahnuo-miris-slobode\\\/#primaryimage\",\"url\":\"https:\\\/\\\/radioljubuski.ba\\\/wp-content\\\/uploads\\\/2022\\\/08\\\/oluja-696x414-1.png\",\"contentUrl\":\"https:\\\/\\\/radioljubuski.ba\\\/wp-content\\\/uploads\\\/2022\\\/08\\\/oluja-696x414-1.png\",\"width\":696,\"height\":414},{\"@type\":\"BreadcrumbList\",\"@id\":\"https:\\\/\\\/radioljubuski.ba\\\/index.php\\\/2022\\\/08\\\/05\\\/5-kolovoza-1995-drugi-dan-pobjednicke-oluje-dan-kada-je-hrvatski-covjek-punim-plucima-udahnuo-miris-slobode\\\/#breadcrumb\",\"itemListElement\":[{\"@type\":\"ListItem\",\"position\":1,\"name\":\"Po\u010detna stranica\",\"item\":\"https:\\\/\\\/radioljubuski.ba\\\/\"},{\"@type\":\"ListItem\",\"position\":2,\"name\":\"5. kolovoza 1995. drugi dan pobjedni\u010dke Oluje \u2013 dan kada je hrvatski \u010dovjek punim plu\u0107ima udahnuo miris slobode\"}]},{\"@type\":\"WebSite\",\"@id\":\"https:\\\/\\\/radioljubuski.ba\\\/#website\",\"url\":\"https:\\\/\\\/radioljubuski.ba\\\/\",\"name\":\"Radio Ljubu\u0161ki\",\"description\":\"Sun\u010dana frekvencija Hercegovine\",\"publisher\":{\"@id\":\"https:\\\/\\\/radioljubuski.ba\\\/#organization\"},\"potentialAction\":[{\"@type\":\"SearchAction\",\"target\":{\"@type\":\"EntryPoint\",\"urlTemplate\":\"https:\\\/\\\/radioljubuski.ba\\\/?s={search_term_string}\"},\"query-input\":{\"@type\":\"PropertyValueSpecification\",\"valueRequired\":true,\"valueName\":\"search_term_string\"}}],\"inLanguage\":\"hr\"},{\"@type\":\"Organization\",\"@id\":\"https:\\\/\\\/radioljubuski.ba\\\/#organization\",\"name\":\"Radio Ljubu\u0161ki\",\"url\":\"https:\\\/\\\/radioljubuski.ba\\\/\",\"logo\":{\"@type\":\"ImageObject\",\"inLanguage\":\"hr\",\"@id\":\"https:\\\/\\\/radioljubuski.ba\\\/#\\\/schema\\\/logo\\\/image\\\/\",\"url\":\"https:\\\/\\\/radioljubuski.ba\\\/wp-content\\\/uploads\\\/2021\\\/02\\\/cropped-Radio_Ljubuski_logo1.jpg\",\"contentUrl\":\"https:\\\/\\\/radioljubuski.ba\\\/wp-content\\\/uploads\\\/2021\\\/02\\\/cropped-Radio_Ljubuski_logo1.jpg\",\"width\":512,\"height\":512,\"caption\":\"Radio Ljubu\u0161ki\"},\"image\":{\"@id\":\"https:\\\/\\\/radioljubuski.ba\\\/#\\\/schema\\\/logo\\\/image\\\/\"},\"sameAs\":[\"https:\\\/\\\/www.facebook.com\\\/Radiio-Ljubuski-1490835324566332\",\"https:\\\/\\\/x.com\\\/radioljubuski\",\"https:\\\/\\\/hr.linkedin.com\\\/company\\\/radio-ljubuski\",\"https:\\\/\\\/www.youtube.com\\\/channel\\\/UCHYaeO_n0Db3tjNGudGpXyw\"]},{\"@type\":\"Person\",\"@id\":\"https:\\\/\\\/radioljubuski.ba\\\/#\\\/schema\\\/person\\\/19fc700381a780f69665d7956c469e3b\",\"name\":\"Radio Ljubu\u0161ki\"}]}<\/script>\n<!-- \/ Yoast SEO plugin. -->","yoast_head_json":{"title":"5. kolovoza 1995. drugi dan pobjedni\u010dke Oluje \u2013 dan kada je hrvatski \u010dovjek punim plu\u0107ima udahnuo miris slobode - RADIO LJUBU\u0160KI","robots":{"index":"index","follow":"follow","max-snippet":"max-snippet:-1","max-image-preview":"max-image-preview:large","max-video-preview":"max-video-preview:-1"},"canonical":"https:\/\/radioljubuski.ba\/index.php\/2022\/08\/05\/5-kolovoza-1995-drugi-dan-pobjednicke-oluje-dan-kada-je-hrvatski-covjek-punim-plucima-udahnuo-miris-slobode\/","og_locale":"hr_HR","og_type":"article","og_title":"5. kolovoza 1995. drugi dan pobjedni\u010dke Oluje \u2013 dan kada je hrvatski \u010dovjek punim plu\u0107ima udahnuo miris slobode - RADIO LJUBU\u0160KI","og_description":"Prvi dan Oluje bio je ujedno i najte\u017ei dan za Hrvatsku vojsku kada je \u017eivot u borbama izgubio 121 hrvatski vojnik, a osobiti gubici su bili na Banovini i oko Petrinje. Drugoga dana, koji je plod borbi prvog dana, postignuti su najve\u0107i uspjesi i tog dana je oslobo\u0111en Knin, glavno srpsko upori\u0161te u Hrvatskoj. Posebno [&hellip;]","og_url":"https:\/\/radioljubuski.ba\/index.php\/2022\/08\/05\/5-kolovoza-1995-drugi-dan-pobjednicke-oluje-dan-kada-je-hrvatski-covjek-punim-plucima-udahnuo-miris-slobode\/","og_site_name":"RADIO LJUBU\u0160KI","article_publisher":"https:\/\/www.facebook.com\/Radiio-Ljubuski-1490835324566332","article_published_time":"2022-08-05T08:35:19+00:00","og_image":[{"width":696,"height":414,"url":"https:\/\/radioljubuski.ba\/wp-content\/uploads\/2022\/08\/oluja-696x414-1.png","type":"image\/png"}],"author":"Radio Ljubu\u0161ki","twitter_card":"summary_large_image","twitter_creator":"@radioljubuski","twitter_site":"@radioljubuski","twitter_misc":{"Napisao\/la":"Radio Ljubu\u0161ki","Procijenjeno vrijeme \u010ditanja":"4 minute"},"schema":{"@context":"https:\/\/schema.org","@graph":[{"@type":"Article","@id":"https:\/\/radioljubuski.ba\/index.php\/2022\/08\/05\/5-kolovoza-1995-drugi-dan-pobjednicke-oluje-dan-kada-je-hrvatski-covjek-punim-plucima-udahnuo-miris-slobode\/#article","isPartOf":{"@id":"https:\/\/radioljubuski.ba\/index.php\/2022\/08\/05\/5-kolovoza-1995-drugi-dan-pobjednicke-oluje-dan-kada-je-hrvatski-covjek-punim-plucima-udahnuo-miris-slobode\/"},"author":{"name":"Radio Ljubu\u0161ki","@id":"https:\/\/radioljubuski.ba\/#\/schema\/person\/19fc700381a780f69665d7956c469e3b"},"headline":"5. kolovoza 1995. drugi dan pobjedni\u010dke Oluje \u2013 dan kada je hrvatski \u010dovjek punim plu\u0107ima udahnuo miris slobode","datePublished":"2022-08-05T08:35:19+00:00","mainEntityOfPage":{"@id":"https:\/\/radioljubuski.ba\/index.php\/2022\/08\/05\/5-kolovoza-1995-drugi-dan-pobjednicke-oluje-dan-kada-je-hrvatski-covjek-punim-plucima-udahnuo-miris-slobode\/"},"wordCount":815,"publisher":{"@id":"https:\/\/radioljubuski.ba\/#organization"},"image":{"@id":"https:\/\/radioljubuski.ba\/index.php\/2022\/08\/05\/5-kolovoza-1995-drugi-dan-pobjednicke-oluje-dan-kada-je-hrvatski-covjek-punim-plucima-udahnuo-miris-slobode\/#primaryimage"},"thumbnailUrl":"https:\/\/radioljubuski.ba\/wp-content\/uploads\/2022\/08\/oluja-696x414-1.png","articleSection":["BIH i regija"],"inLanguage":"hr"},{"@type":"WebPage","@id":"https:\/\/radioljubuski.ba\/index.php\/2022\/08\/05\/5-kolovoza-1995-drugi-dan-pobjednicke-oluje-dan-kada-je-hrvatski-covjek-punim-plucima-udahnuo-miris-slobode\/","url":"https:\/\/radioljubuski.ba\/index.php\/2022\/08\/05\/5-kolovoza-1995-drugi-dan-pobjednicke-oluje-dan-kada-je-hrvatski-covjek-punim-plucima-udahnuo-miris-slobode\/","name":"5. kolovoza 1995. drugi dan pobjedni\u010dke Oluje \u2013 dan kada je hrvatski \u010dovjek punim plu\u0107ima udahnuo miris slobode - RADIO LJUBU\u0160KI","isPartOf":{"@id":"https:\/\/radioljubuski.ba\/#website"},"primaryImageOfPage":{"@id":"https:\/\/radioljubuski.ba\/index.php\/2022\/08\/05\/5-kolovoza-1995-drugi-dan-pobjednicke-oluje-dan-kada-je-hrvatski-covjek-punim-plucima-udahnuo-miris-slobode\/#primaryimage"},"image":{"@id":"https:\/\/radioljubuski.ba\/index.php\/2022\/08\/05\/5-kolovoza-1995-drugi-dan-pobjednicke-oluje-dan-kada-je-hrvatski-covjek-punim-plucima-udahnuo-miris-slobode\/#primaryimage"},"thumbnailUrl":"https:\/\/radioljubuski.ba\/wp-content\/uploads\/2022\/08\/oluja-696x414-1.png","datePublished":"2022-08-05T08:35:19+00:00","breadcrumb":{"@id":"https:\/\/radioljubuski.ba\/index.php\/2022\/08\/05\/5-kolovoza-1995-drugi-dan-pobjednicke-oluje-dan-kada-je-hrvatski-covjek-punim-plucima-udahnuo-miris-slobode\/#breadcrumb"},"inLanguage":"hr","potentialAction":[{"@type":"ReadAction","target":["https:\/\/radioljubuski.ba\/index.php\/2022\/08\/05\/5-kolovoza-1995-drugi-dan-pobjednicke-oluje-dan-kada-je-hrvatski-covjek-punim-plucima-udahnuo-miris-slobode\/"]}]},{"@type":"ImageObject","inLanguage":"hr","@id":"https:\/\/radioljubuski.ba\/index.php\/2022\/08\/05\/5-kolovoza-1995-drugi-dan-pobjednicke-oluje-dan-kada-je-hrvatski-covjek-punim-plucima-udahnuo-miris-slobode\/#primaryimage","url":"https:\/\/radioljubuski.ba\/wp-content\/uploads\/2022\/08\/oluja-696x414-1.png","contentUrl":"https:\/\/radioljubuski.ba\/wp-content\/uploads\/2022\/08\/oluja-696x414-1.png","width":696,"height":414},{"@type":"BreadcrumbList","@id":"https:\/\/radioljubuski.ba\/index.php\/2022\/08\/05\/5-kolovoza-1995-drugi-dan-pobjednicke-oluje-dan-kada-je-hrvatski-covjek-punim-plucima-udahnuo-miris-slobode\/#breadcrumb","itemListElement":[{"@type":"ListItem","position":1,"name":"Po\u010detna stranica","item":"https:\/\/radioljubuski.ba\/"},{"@type":"ListItem","position":2,"name":"5. kolovoza 1995. drugi dan pobjedni\u010dke Oluje \u2013 dan kada je hrvatski \u010dovjek punim plu\u0107ima udahnuo miris slobode"}]},{"@type":"WebSite","@id":"https:\/\/radioljubuski.ba\/#website","url":"https:\/\/radioljubuski.ba\/","name":"Radio Ljubu\u0161ki","description":"Sun\u010dana frekvencija Hercegovine","publisher":{"@id":"https:\/\/radioljubuski.ba\/#organization"},"potentialAction":[{"@type":"SearchAction","target":{"@type":"EntryPoint","urlTemplate":"https:\/\/radioljubuski.ba\/?s={search_term_string}"},"query-input":{"@type":"PropertyValueSpecification","valueRequired":true,"valueName":"search_term_string"}}],"inLanguage":"hr"},{"@type":"Organization","@id":"https:\/\/radioljubuski.ba\/#organization","name":"Radio Ljubu\u0161ki","url":"https:\/\/radioljubuski.ba\/","logo":{"@type":"ImageObject","inLanguage":"hr","@id":"https:\/\/radioljubuski.ba\/#\/schema\/logo\/image\/","url":"https:\/\/radioljubuski.ba\/wp-content\/uploads\/2021\/02\/cropped-Radio_Ljubuski_logo1.jpg","contentUrl":"https:\/\/radioljubuski.ba\/wp-content\/uploads\/2021\/02\/cropped-Radio_Ljubuski_logo1.jpg","width":512,"height":512,"caption":"Radio Ljubu\u0161ki"},"image":{"@id":"https:\/\/radioljubuski.ba\/#\/schema\/logo\/image\/"},"sameAs":["https:\/\/www.facebook.com\/Radiio-Ljubuski-1490835324566332","https:\/\/x.com\/radioljubuski","https:\/\/hr.linkedin.com\/company\/radio-ljubuski","https:\/\/www.youtube.com\/channel\/UCHYaeO_n0Db3tjNGudGpXyw"]},{"@type":"Person","@id":"https:\/\/radioljubuski.ba\/#\/schema\/person\/19fc700381a780f69665d7956c469e3b","name":"Radio Ljubu\u0161ki"}]}},"_links":{"self":[{"href":"https:\/\/radioljubuski.ba\/index.php\/wp-json\/wp\/v2\/posts\/166688","targetHints":{"allow":["GET"]}}],"collection":[{"href":"https:\/\/radioljubuski.ba\/index.php\/wp-json\/wp\/v2\/posts"}],"about":[{"href":"https:\/\/radioljubuski.ba\/index.php\/wp-json\/wp\/v2\/types\/post"}],"author":[{"embeddable":true,"href":"https:\/\/radioljubuski.ba\/index.php\/wp-json\/wp\/v2\/users\/2"}],"replies":[{"embeddable":true,"href":"https:\/\/radioljubuski.ba\/index.php\/wp-json\/wp\/v2\/comments?post=166688"}],"version-history":[{"count":1,"href":"https:\/\/radioljubuski.ba\/index.php\/wp-json\/wp\/v2\/posts\/166688\/revisions"}],"predecessor-version":[{"id":166690,"href":"https:\/\/radioljubuski.ba\/index.php\/wp-json\/wp\/v2\/posts\/166688\/revisions\/166690"}],"wp:featuredmedia":[{"embeddable":true,"href":"https:\/\/radioljubuski.ba\/index.php\/wp-json\/wp\/v2\/media\/166689"}],"wp:attachment":[{"href":"https:\/\/radioljubuski.ba\/index.php\/wp-json\/wp\/v2\/media?parent=166688"}],"wp:term":[{"taxonomy":"category","embeddable":true,"href":"https:\/\/radioljubuski.ba\/index.php\/wp-json\/wp\/v2\/categories?post=166688"},{"taxonomy":"post_tag","embeddable":true,"href":"https:\/\/radioljubuski.ba\/index.php\/wp-json\/wp\/v2\/tags?post=166688"}],"curies":[{"name":"wp","href":"https:\/\/api.w.org\/{rel}","templated":true}]}}