{"id":166694,"date":"2022-08-05T09:40:36","date_gmt":"2022-08-05T08:40:36","guid":{"rendered":"https:\/\/radioljubuski.ba\/?p=166694"},"modified":"2022-08-05T09:40:38","modified_gmt":"2022-08-05T08:40:38","slug":"hrvatska-slavi-dan-pobjede-pratite-uzivo-svecanost-u-kninu","status":"publish","type":"post","link":"https:\/\/radioljubuski.ba\/index.php\/2022\/08\/05\/hrvatska-slavi-dan-pobjede-pratite-uzivo-svecanost-u-kninu\/","title":{"rendered":"Hrvatska slavi Dan pobjede: Pratite u\u017eivo sve\u010danost u Kninu"},"content":{"rendered":"\n<p>Republika Hrvatska \u0107e na primjeren i dostojanstven na\u010din 5. kolovoza 2022. u Kninu obilje\u017eiti najve\u0107u hrvatsku pobjedu u Domovinskom ratu. Program obilje\u017eavanja Dana pobjede i domovinske zahvalnosti i Dana hrvatskih branitelja, te 27. obljetnicu VRO Oluja u Kninu mo\u017eete prona\u0107i ovdje:<\/p>\n\n\n\n<p>Program \u0107e zapo\u010deti u 6:30 sati budnicom ulicama grada Knina. Na pomo\u0107nom igrali\u0161tu stadiona NK Dinara bit \u0107e organiziran takti\u010dko-tehni\u010dki zbor opreme i naoru\u017eanja Hrvatske vojske, Ministarstva unutarnjih poslova i Ministarstva hrvatskih branitelja koji \u0107e se mo\u0107i razgledati od 8 do 16 sati.<\/p>\n\n\n\n<p>Od 9:00 sati izaslanstva \u0107e polagati vijence kod spomenika hrvatske pobjede \u201eOluja 95\u2033 na Trgu dr. Ante Star\u010devi\u0107a.<\/p>\n\n\n\n<h3 class=\"wp-block-heading\"><strong>Sredi\u0161nja sve\u010danost<\/strong><\/h3>\n\n\n\n<p>Sredi\u0161nja sve\u010danost na stadionu NK Dinara po\u010det \u0107e u 9:40 sati. U isto vrijeme na Kninskoj tvr\u0111avi predvi\u0111eno je podizanje zastave Republike Hrvatske.<\/p>\n\n\n\n<p>Na stadionu NK Dinara \u010ditat \u0107e se povjesnica VRO Oluja i imena poginulih i nestalih hrvatskih branitelja.<\/p>\n\n\n\n<p>U trenutku \u010ditanja imena smrtno stradalih hrvatskih branitelja u VRO Oluja, 122 kadeta HV-a i 122 kadeta policije na Kninskoj tvr\u0111avi istupit \u0107e u postroj u spomen na 244 hrvatska branitelja, od kojih su 242 smrtno stradala i 2 nestala.<\/p>\n\n\n\n<p>Na kraju sve\u010danosti, predvi\u0111en je nastup akrobatske grupe \u201cKrila Oluje\u201d i prelet helikoptera Oru\u017eanih snaga RH i policije.<\/p>\n\n\n\n<p>Misno slavlje u 11:45 sati u crkvi Gospe Velikoga Hrvatskog Krsnog Zavjeta predvodit \u0107e \u0161ibenski biskup mons. Tomislav Rogi\u0107.<\/p>\n\n\n\n<iframe loading=\"lazy\" title=\"Dan domovinske zahvalnosti i obilje\u017eavanje 27. obljetnice VRO Oluja u Kninu, prigodna emisija\" width=\"640\" height=\"360\" src=\"https:\/\/www.youtube.com\/embed\/PTtFGiAuMp8?feature=oembed\" frameborder=\"0\" allow=\"accelerometer; autoplay; clipboard-write; encrypted-media; gyroscope; picture-in-picture; web-share\" referrerpolicy=\"strict-origin-when-cross-origin\" allowfullscreen><\/iframe>\n\n\n\n<p>Pratite u\u017eivo:<\/p>\n\n\n\n<p><strong>10,20<\/strong><\/p>\n\n\n\n<p>Odr\u017eana je minuta \u0161utnje u \u010dast svim poginulim i nestalim braniteljima.<\/p>\n\n\n\n<p><strong>10,00<\/strong><\/p>\n\n\n\n<p>\u010cita se povjesnica VRO Oluja i imena poginulih i nestalih hrvatskih branitelja.\u200b<\/p>\n\n\n\n<p>U trenutku \u010ditanja imena smrtno stradalih hrvatskih branitelja u VRO Oluja, 122 kadeta HV-a i 122 kadeta policije na Kninskoj tvr\u0111avi istupili su u postroj u spomen na 244 hrvatska branitelja, od kojih su 242 smrtno stradala i \u200bdva\u200b nestala.<\/p>\n\n\n\n<p><strong>9,40<\/strong><\/p>\n\n\n\n<p>Po\u010dinje sredi\u0161nji dio sve\u010danosti<\/p>\n\n\n\n<p><strong>9,20<\/strong><\/p>\n\n\n\n<p>Nakon polaganja vijenaca izmoljena je molitva za sve poginule i nestale branitelje, a sudionici su potom krenuli prema stadionu NK Dinara na kojem \u0107e se odr\u017eati sve\u010dani dio proslave.<\/p>\n\n\n\n<p><strong>9,05<\/strong><\/p>\n\n\n\n<p>Polaganjem vijenaca izaslanstava na Trgu dr. Ante Star\u010devi\u0107a kod spomenika Hrvatske pobjede Oluja 95. po\u010deo je slu\u017ebeni dio programa.<\/p>\n\n\n\n<p><strong>9,00<\/strong><\/p>\n\n\n\n<p>Obavljaju se posljednje pripreme za po\u010detak proslave Oluje, gra\u0111ani pristi\u017eu u Knin na proslavu.<\/p>\n\n\n\n<p><strong>8,30<\/strong><\/p>\n\n\n\n<h4 class=\"wp-block-heading\"><strong>\u010cestitka Bo\u017einovi\u0107a i Miline<\/strong><\/h4>\n\n\n\n<p>Potpredsjednik Vlade i ministar unutarnjih poslova&nbsp;<strong>Davor Bo\u017einovi\u0107<\/strong>&nbsp;te glavni ravnatelj policije&nbsp;<strong>Nikola Milina<\/strong>&nbsp;uputili su \u010destitke.<\/p>\n\n\n\n<p>\u201cPut ka slobodi, u samom po\u010detku samostalno, a kasnije rame uz rame s hrvatskom vojskom, kr\u010dila je i hrvatska policija, svi njeni rodovi, a posebice pripadnici Specijalne policije.<\/p>\n\n\n\n<p>Hrvatski redarstvenici aktivno su sudjelovali u svim ratnim akcijama i operacijama tijekom Domovinskog rata, pa tako i u zavr\u0161noj, virtuozno izvedenoj, vojno redarstvenoj operaciji Oluja. Istovjetnu doraslost u za\u0161titi sigurnosti pokazuju i danas, vje\u0161to se prilago\u0111avaju\u0107i suvremenim izazovima sigurnosti, a njihovo ratno iskustvo od neprocjenjive je va\u017enosti za nove policijske generacije.<\/p>\n\n\n\n<p>Ponosni na veli\u010dinu hrvatske ratne policije, danas u na\u0161im mislima posebno mjesto imaju svi redarstvenici i svi hrvatski branitelji bez kojih smo ostali te njihove obitelji koje svaki dan u ti\u0161ini nose svoju bol i tugu. Zbog svih njih, zbog njihove ljubavi spram Domovine i drugog \u010dovjeka, 5. kolovoza trajno je urezan me\u0111u nama kao najslavniji datum u povijesti na\u0161e neovisne Domovine.<\/p>\n\n\n\n<p>Stoga svim hrvatskim braniteljima, pripadnicima hrvatske policije i vojske, a posebice sudionicima vojno redarstvene operacije Oluja, hrvatskom narodu i svima koji Lijepu Na\u0161u vole kao svoju domovinu, \u010destitamo Dan pobjede i domovinske zahvalnosti i Dan hrvatskih branitelja te 27. obljetnicu VRO Oluja\u201d, poru\u010dili su.<\/p>\n\n\n\n<p><strong>8,00<\/strong><\/p>\n\n\n\n<h4 class=\"wp-block-heading\"><strong>Apel policije: Sve se snima<\/strong><\/h4>\n\n\n\n<p>Iz policije su najavili posebnu organizaciju prometa, ali i uputili apel posjetiteljima.<\/p>\n\n\n\n<p>\u201cNapominjemo kako \u0107e za vrijeme odr\u017eavanja sve\u010danosti u gradu Kninu na pojedinim ulicama biti ograni\u010denja u prometu kako smo prethodno najavili pa pozivamo voza\u010de na po\u0161tivanje signalizacije i uputa slu\u017ebenih osoba na uspostavljenim punktovima.<\/p>\n\n\n\n<p>Molimo da putem svojih medija uputite gra\u0111ane da je zabranjeno no\u0161enje transparenata uvredljivog i neprimjerenoga sadr\u017eaja, zabranjeno je poticanje na mr\u017enju po bilo kojoj osnovi (nacionalnoj, vjerskoj ili po drugoj osnovi) zabranjeno je i no\u0161enje predmeta koji su pogodni za nano\u0161enje ozljeda i da \u0107e se, sukladno odredbama Zakona o policijskim poslovima i ovlastima, vr\u0161iti audio-video snimanje i fotografiranje javnog skupa\u201d, priop\u0107ili su iz PU \u0161ibensko-kninske.<\/p>\n\n\n\n<p><strong>7,00<\/strong><\/p>\n\n\n\n<h4 class=\"wp-block-heading\"><strong>Proslava po\u010dela budnicom<\/strong><\/h4>\n\n\n\n<p>Proslava je po\u010dela budnicom ulicama Knina u 6.30 sati.<\/p>\n\n\n\n<p><em>Izvor: narod.hr<\/em><\/p>\n","protected":false},"excerpt":{"rendered":"<p>Republika Hrvatska \u0107e na primjeren i dostojanstven na\u010din 5. kolovoza 2022. u Kninu obilje\u017eiti najve\u0107u hrvatsku pobjedu u Domovinskom ratu. Program obilje\u017eavanja Dana pobjede i domovinske zahvalnosti i Dana hrvatskih branitelja, te 27. obljetnicu VRO Oluja u Kninu mo\u017eete prona\u0107i ovdje: Program \u0107e zapo\u010deti u 6:30 sati budnicom ulicama grada Knina. Na pomo\u0107nom igrali\u0161tu stadiona [&hellip;]<\/p>\n","protected":false},"author":2,"featured_media":166695,"comment_status":"closed","ping_status":"closed","sticky":false,"template":"","format":"standard","meta":{"h5ap_radio_sources":[],"footnotes":""},"categories":[1],"tags":[],"class_list":["post-166694","post","type-post","status-publish","format-standard","has-post-thumbnail","hentry","category-bihiregija"],"yoast_head":"<!-- This site is optimized with the Yoast SEO plugin v27.4 - https:\/\/yoast.com\/product\/yoast-seo-wordpress\/ -->\n<title>Hrvatska slavi Dan pobjede: Pratite u\u017eivo sve\u010danost u Kninu - RADIO LJUBU\u0160KI<\/title>\n<meta name=\"robots\" content=\"index, follow, max-snippet:-1, max-image-preview:large, max-video-preview:-1\" \/>\n<link rel=\"canonical\" href=\"https:\/\/radioljubuski.ba\/index.php\/2022\/08\/05\/hrvatska-slavi-dan-pobjede-pratite-uzivo-svecanost-u-kninu\/\" \/>\n<meta property=\"og:locale\" content=\"hr_HR\" \/>\n<meta property=\"og:type\" content=\"article\" \/>\n<meta property=\"og:title\" content=\"Hrvatska slavi Dan pobjede: Pratite u\u017eivo sve\u010danost u Kninu - RADIO LJUBU\u0160KI\" \/>\n<meta property=\"og:description\" content=\"Republika Hrvatska \u0107e na primjeren i dostojanstven na\u010din 5. kolovoza 2022. u Kninu obilje\u017eiti najve\u0107u hrvatsku pobjedu u Domovinskom ratu. Program obilje\u017eavanja Dana pobjede i domovinske zahvalnosti i Dana hrvatskih branitelja, te 27. obljetnicu VRO Oluja u Kninu mo\u017eete prona\u0107i ovdje: Program \u0107e zapo\u010deti u 6:30 sati budnicom ulicama grada Knina. Na pomo\u0107nom igrali\u0161tu stadiona [&hellip;]\" \/>\n<meta property=\"og:url\" content=\"https:\/\/radioljubuski.ba\/index.php\/2022\/08\/05\/hrvatska-slavi-dan-pobjede-pratite-uzivo-svecanost-u-kninu\/\" \/>\n<meta property=\"og:site_name\" content=\"RADIO LJUBU\u0160KI\" \/>\n<meta property=\"article:publisher\" content=\"https:\/\/www.facebook.com\/Radiio-Ljubuski-1490835324566332\" \/>\n<meta property=\"article:published_time\" content=\"2022-08-05T08:40:36+00:00\" \/>\n<meta property=\"article:modified_time\" content=\"2022-08-05T08:40:38+00:00\" \/>\n<meta property=\"og:image\" content=\"https:\/\/radioljubuski.ba\/wp-content\/uploads\/2022\/08\/oluja-knin-696x464-1.jpg\" \/>\n\t<meta property=\"og:image:width\" content=\"696\" \/>\n\t<meta property=\"og:image:height\" content=\"464\" \/>\n\t<meta property=\"og:image:type\" content=\"image\/jpeg\" \/>\n<meta name=\"author\" content=\"Radio Ljubu\u0161ki\" \/>\n<meta name=\"twitter:card\" content=\"summary_large_image\" \/>\n<meta name=\"twitter:creator\" content=\"@radioljubuski\" \/>\n<meta name=\"twitter:site\" content=\"@radioljubuski\" \/>\n<meta name=\"twitter:label1\" content=\"Napisao\/la\" \/>\n\t<meta name=\"twitter:data1\" content=\"Radio Ljubu\u0161ki\" \/>\n\t<meta name=\"twitter:label2\" content=\"Procijenjeno vrijeme \u010ditanja\" \/>\n\t<meta name=\"twitter:data2\" content=\"4 minute\" \/>\n<script type=\"application\/ld+json\" class=\"yoast-schema-graph\">{\"@context\":\"https:\\\/\\\/schema.org\",\"@graph\":[{\"@type\":\"Article\",\"@id\":\"https:\\\/\\\/radioljubuski.ba\\\/index.php\\\/2022\\\/08\\\/05\\\/hrvatska-slavi-dan-pobjede-pratite-uzivo-svecanost-u-kninu\\\/#article\",\"isPartOf\":{\"@id\":\"https:\\\/\\\/radioljubuski.ba\\\/index.php\\\/2022\\\/08\\\/05\\\/hrvatska-slavi-dan-pobjede-pratite-uzivo-svecanost-u-kninu\\\/\"},\"author\":{\"name\":\"Radio Ljubu\u0161ki\",\"@id\":\"https:\\\/\\\/radioljubuski.ba\\\/#\\\/schema\\\/person\\\/19fc700381a780f69665d7956c469e3b\"},\"headline\":\"Hrvatska slavi Dan pobjede: Pratite u\u017eivo sve\u010danost u Kninu\",\"datePublished\":\"2022-08-05T08:40:36+00:00\",\"dateModified\":\"2022-08-05T08:40:38+00:00\",\"mainEntityOfPage\":{\"@id\":\"https:\\\/\\\/radioljubuski.ba\\\/index.php\\\/2022\\\/08\\\/05\\\/hrvatska-slavi-dan-pobjede-pratite-uzivo-svecanost-u-kninu\\\/\"},\"wordCount\":764,\"publisher\":{\"@id\":\"https:\\\/\\\/radioljubuski.ba\\\/#organization\"},\"image\":{\"@id\":\"https:\\\/\\\/radioljubuski.ba\\\/index.php\\\/2022\\\/08\\\/05\\\/hrvatska-slavi-dan-pobjede-pratite-uzivo-svecanost-u-kninu\\\/#primaryimage\"},\"thumbnailUrl\":\"https:\\\/\\\/radioljubuski.ba\\\/wp-content\\\/uploads\\\/2022\\\/08\\\/oluja-knin-696x464-1.jpg\",\"articleSection\":[\"BIH i regija\"],\"inLanguage\":\"hr\"},{\"@type\":\"WebPage\",\"@id\":\"https:\\\/\\\/radioljubuski.ba\\\/index.php\\\/2022\\\/08\\\/05\\\/hrvatska-slavi-dan-pobjede-pratite-uzivo-svecanost-u-kninu\\\/\",\"url\":\"https:\\\/\\\/radioljubuski.ba\\\/index.php\\\/2022\\\/08\\\/05\\\/hrvatska-slavi-dan-pobjede-pratite-uzivo-svecanost-u-kninu\\\/\",\"name\":\"Hrvatska slavi Dan pobjede: Pratite u\u017eivo sve\u010danost u Kninu - RADIO LJUBU\u0160KI\",\"isPartOf\":{\"@id\":\"https:\\\/\\\/radioljubuski.ba\\\/#website\"},\"primaryImageOfPage\":{\"@id\":\"https:\\\/\\\/radioljubuski.ba\\\/index.php\\\/2022\\\/08\\\/05\\\/hrvatska-slavi-dan-pobjede-pratite-uzivo-svecanost-u-kninu\\\/#primaryimage\"},\"image\":{\"@id\":\"https:\\\/\\\/radioljubuski.ba\\\/index.php\\\/2022\\\/08\\\/05\\\/hrvatska-slavi-dan-pobjede-pratite-uzivo-svecanost-u-kninu\\\/#primaryimage\"},\"thumbnailUrl\":\"https:\\\/\\\/radioljubuski.ba\\\/wp-content\\\/uploads\\\/2022\\\/08\\\/oluja-knin-696x464-1.jpg\",\"datePublished\":\"2022-08-05T08:40:36+00:00\",\"dateModified\":\"2022-08-05T08:40:38+00:00\",\"breadcrumb\":{\"@id\":\"https:\\\/\\\/radioljubuski.ba\\\/index.php\\\/2022\\\/08\\\/05\\\/hrvatska-slavi-dan-pobjede-pratite-uzivo-svecanost-u-kninu\\\/#breadcrumb\"},\"inLanguage\":\"hr\",\"potentialAction\":[{\"@type\":\"ReadAction\",\"target\":[\"https:\\\/\\\/radioljubuski.ba\\\/index.php\\\/2022\\\/08\\\/05\\\/hrvatska-slavi-dan-pobjede-pratite-uzivo-svecanost-u-kninu\\\/\"]}]},{\"@type\":\"ImageObject\",\"inLanguage\":\"hr\",\"@id\":\"https:\\\/\\\/radioljubuski.ba\\\/index.php\\\/2022\\\/08\\\/05\\\/hrvatska-slavi-dan-pobjede-pratite-uzivo-svecanost-u-kninu\\\/#primaryimage\",\"url\":\"https:\\\/\\\/radioljubuski.ba\\\/wp-content\\\/uploads\\\/2022\\\/08\\\/oluja-knin-696x464-1.jpg\",\"contentUrl\":\"https:\\\/\\\/radioljubuski.ba\\\/wp-content\\\/uploads\\\/2022\\\/08\\\/oluja-knin-696x464-1.jpg\",\"width\":696,\"height\":464},{\"@type\":\"BreadcrumbList\",\"@id\":\"https:\\\/\\\/radioljubuski.ba\\\/index.php\\\/2022\\\/08\\\/05\\\/hrvatska-slavi-dan-pobjede-pratite-uzivo-svecanost-u-kninu\\\/#breadcrumb\",\"itemListElement\":[{\"@type\":\"ListItem\",\"position\":1,\"name\":\"Po\u010detna stranica\",\"item\":\"https:\\\/\\\/radioljubuski.ba\\\/\"},{\"@type\":\"ListItem\",\"position\":2,\"name\":\"Hrvatska slavi Dan pobjede: Pratite u\u017eivo sve\u010danost u Kninu\"}]},{\"@type\":\"WebSite\",\"@id\":\"https:\\\/\\\/radioljubuski.ba\\\/#website\",\"url\":\"https:\\\/\\\/radioljubuski.ba\\\/\",\"name\":\"Radio Ljubu\u0161ki\",\"description\":\"Sun\u010dana frekvencija Hercegovine\",\"publisher\":{\"@id\":\"https:\\\/\\\/radioljubuski.ba\\\/#organization\"},\"potentialAction\":[{\"@type\":\"SearchAction\",\"target\":{\"@type\":\"EntryPoint\",\"urlTemplate\":\"https:\\\/\\\/radioljubuski.ba\\\/?s={search_term_string}\"},\"query-input\":{\"@type\":\"PropertyValueSpecification\",\"valueRequired\":true,\"valueName\":\"search_term_string\"}}],\"inLanguage\":\"hr\"},{\"@type\":\"Organization\",\"@id\":\"https:\\\/\\\/radioljubuski.ba\\\/#organization\",\"name\":\"Radio Ljubu\u0161ki\",\"url\":\"https:\\\/\\\/radioljubuski.ba\\\/\",\"logo\":{\"@type\":\"ImageObject\",\"inLanguage\":\"hr\",\"@id\":\"https:\\\/\\\/radioljubuski.ba\\\/#\\\/schema\\\/logo\\\/image\\\/\",\"url\":\"https:\\\/\\\/radioljubuski.ba\\\/wp-content\\\/uploads\\\/2021\\\/02\\\/cropped-Radio_Ljubuski_logo1.jpg\",\"contentUrl\":\"https:\\\/\\\/radioljubuski.ba\\\/wp-content\\\/uploads\\\/2021\\\/02\\\/cropped-Radio_Ljubuski_logo1.jpg\",\"width\":512,\"height\":512,\"caption\":\"Radio Ljubu\u0161ki\"},\"image\":{\"@id\":\"https:\\\/\\\/radioljubuski.ba\\\/#\\\/schema\\\/logo\\\/image\\\/\"},\"sameAs\":[\"https:\\\/\\\/www.facebook.com\\\/Radiio-Ljubuski-1490835324566332\",\"https:\\\/\\\/x.com\\\/radioljubuski\",\"https:\\\/\\\/hr.linkedin.com\\\/company\\\/radio-ljubuski\",\"https:\\\/\\\/www.youtube.com\\\/channel\\\/UCHYaeO_n0Db3tjNGudGpXyw\"]},{\"@type\":\"Person\",\"@id\":\"https:\\\/\\\/radioljubuski.ba\\\/#\\\/schema\\\/person\\\/19fc700381a780f69665d7956c469e3b\",\"name\":\"Radio Ljubu\u0161ki\"}]}<\/script>\n<!-- \/ Yoast SEO plugin. -->","yoast_head_json":{"title":"Hrvatska slavi Dan pobjede: Pratite u\u017eivo sve\u010danost u Kninu - RADIO LJUBU\u0160KI","robots":{"index":"index","follow":"follow","max-snippet":"max-snippet:-1","max-image-preview":"max-image-preview:large","max-video-preview":"max-video-preview:-1"},"canonical":"https:\/\/radioljubuski.ba\/index.php\/2022\/08\/05\/hrvatska-slavi-dan-pobjede-pratite-uzivo-svecanost-u-kninu\/","og_locale":"hr_HR","og_type":"article","og_title":"Hrvatska slavi Dan pobjede: Pratite u\u017eivo sve\u010danost u Kninu - RADIO LJUBU\u0160KI","og_description":"Republika Hrvatska \u0107e na primjeren i dostojanstven na\u010din 5. kolovoza 2022. u Kninu obilje\u017eiti najve\u0107u hrvatsku pobjedu u Domovinskom ratu. Program obilje\u017eavanja Dana pobjede i domovinske zahvalnosti i Dana hrvatskih branitelja, te 27. obljetnicu VRO Oluja u Kninu mo\u017eete prona\u0107i ovdje: Program \u0107e zapo\u010deti u 6:30 sati budnicom ulicama grada Knina. Na pomo\u0107nom igrali\u0161tu stadiona [&hellip;]","og_url":"https:\/\/radioljubuski.ba\/index.php\/2022\/08\/05\/hrvatska-slavi-dan-pobjede-pratite-uzivo-svecanost-u-kninu\/","og_site_name":"RADIO LJUBU\u0160KI","article_publisher":"https:\/\/www.facebook.com\/Radiio-Ljubuski-1490835324566332","article_published_time":"2022-08-05T08:40:36+00:00","article_modified_time":"2022-08-05T08:40:38+00:00","og_image":[{"width":696,"height":464,"url":"https:\/\/radioljubuski.ba\/wp-content\/uploads\/2022\/08\/oluja-knin-696x464-1.jpg","type":"image\/jpeg"}],"author":"Radio Ljubu\u0161ki","twitter_card":"summary_large_image","twitter_creator":"@radioljubuski","twitter_site":"@radioljubuski","twitter_misc":{"Napisao\/la":"Radio Ljubu\u0161ki","Procijenjeno vrijeme \u010ditanja":"4 minute"},"schema":{"@context":"https:\/\/schema.org","@graph":[{"@type":"Article","@id":"https:\/\/radioljubuski.ba\/index.php\/2022\/08\/05\/hrvatska-slavi-dan-pobjede-pratite-uzivo-svecanost-u-kninu\/#article","isPartOf":{"@id":"https:\/\/radioljubuski.ba\/index.php\/2022\/08\/05\/hrvatska-slavi-dan-pobjede-pratite-uzivo-svecanost-u-kninu\/"},"author":{"name":"Radio Ljubu\u0161ki","@id":"https:\/\/radioljubuski.ba\/#\/schema\/person\/19fc700381a780f69665d7956c469e3b"},"headline":"Hrvatska slavi Dan pobjede: Pratite u\u017eivo sve\u010danost u Kninu","datePublished":"2022-08-05T08:40:36+00:00","dateModified":"2022-08-05T08:40:38+00:00","mainEntityOfPage":{"@id":"https:\/\/radioljubuski.ba\/index.php\/2022\/08\/05\/hrvatska-slavi-dan-pobjede-pratite-uzivo-svecanost-u-kninu\/"},"wordCount":764,"publisher":{"@id":"https:\/\/radioljubuski.ba\/#organization"},"image":{"@id":"https:\/\/radioljubuski.ba\/index.php\/2022\/08\/05\/hrvatska-slavi-dan-pobjede-pratite-uzivo-svecanost-u-kninu\/#primaryimage"},"thumbnailUrl":"https:\/\/radioljubuski.ba\/wp-content\/uploads\/2022\/08\/oluja-knin-696x464-1.jpg","articleSection":["BIH i regija"],"inLanguage":"hr"},{"@type":"WebPage","@id":"https:\/\/radioljubuski.ba\/index.php\/2022\/08\/05\/hrvatska-slavi-dan-pobjede-pratite-uzivo-svecanost-u-kninu\/","url":"https:\/\/radioljubuski.ba\/index.php\/2022\/08\/05\/hrvatska-slavi-dan-pobjede-pratite-uzivo-svecanost-u-kninu\/","name":"Hrvatska slavi Dan pobjede: Pratite u\u017eivo sve\u010danost u Kninu - RADIO LJUBU\u0160KI","isPartOf":{"@id":"https:\/\/radioljubuski.ba\/#website"},"primaryImageOfPage":{"@id":"https:\/\/radioljubuski.ba\/index.php\/2022\/08\/05\/hrvatska-slavi-dan-pobjede-pratite-uzivo-svecanost-u-kninu\/#primaryimage"},"image":{"@id":"https:\/\/radioljubuski.ba\/index.php\/2022\/08\/05\/hrvatska-slavi-dan-pobjede-pratite-uzivo-svecanost-u-kninu\/#primaryimage"},"thumbnailUrl":"https:\/\/radioljubuski.ba\/wp-content\/uploads\/2022\/08\/oluja-knin-696x464-1.jpg","datePublished":"2022-08-05T08:40:36+00:00","dateModified":"2022-08-05T08:40:38+00:00","breadcrumb":{"@id":"https:\/\/radioljubuski.ba\/index.php\/2022\/08\/05\/hrvatska-slavi-dan-pobjede-pratite-uzivo-svecanost-u-kninu\/#breadcrumb"},"inLanguage":"hr","potentialAction":[{"@type":"ReadAction","target":["https:\/\/radioljubuski.ba\/index.php\/2022\/08\/05\/hrvatska-slavi-dan-pobjede-pratite-uzivo-svecanost-u-kninu\/"]}]},{"@type":"ImageObject","inLanguage":"hr","@id":"https:\/\/radioljubuski.ba\/index.php\/2022\/08\/05\/hrvatska-slavi-dan-pobjede-pratite-uzivo-svecanost-u-kninu\/#primaryimage","url":"https:\/\/radioljubuski.ba\/wp-content\/uploads\/2022\/08\/oluja-knin-696x464-1.jpg","contentUrl":"https:\/\/radioljubuski.ba\/wp-content\/uploads\/2022\/08\/oluja-knin-696x464-1.jpg","width":696,"height":464},{"@type":"BreadcrumbList","@id":"https:\/\/radioljubuski.ba\/index.php\/2022\/08\/05\/hrvatska-slavi-dan-pobjede-pratite-uzivo-svecanost-u-kninu\/#breadcrumb","itemListElement":[{"@type":"ListItem","position":1,"name":"Po\u010detna stranica","item":"https:\/\/radioljubuski.ba\/"},{"@type":"ListItem","position":2,"name":"Hrvatska slavi Dan pobjede: Pratite u\u017eivo sve\u010danost u Kninu"}]},{"@type":"WebSite","@id":"https:\/\/radioljubuski.ba\/#website","url":"https:\/\/radioljubuski.ba\/","name":"Radio Ljubu\u0161ki","description":"Sun\u010dana frekvencija Hercegovine","publisher":{"@id":"https:\/\/radioljubuski.ba\/#organization"},"potentialAction":[{"@type":"SearchAction","target":{"@type":"EntryPoint","urlTemplate":"https:\/\/radioljubuski.ba\/?s={search_term_string}"},"query-input":{"@type":"PropertyValueSpecification","valueRequired":true,"valueName":"search_term_string"}}],"inLanguage":"hr"},{"@type":"Organization","@id":"https:\/\/radioljubuski.ba\/#organization","name":"Radio Ljubu\u0161ki","url":"https:\/\/radioljubuski.ba\/","logo":{"@type":"ImageObject","inLanguage":"hr","@id":"https:\/\/radioljubuski.ba\/#\/schema\/logo\/image\/","url":"https:\/\/radioljubuski.ba\/wp-content\/uploads\/2021\/02\/cropped-Radio_Ljubuski_logo1.jpg","contentUrl":"https:\/\/radioljubuski.ba\/wp-content\/uploads\/2021\/02\/cropped-Radio_Ljubuski_logo1.jpg","width":512,"height":512,"caption":"Radio Ljubu\u0161ki"},"image":{"@id":"https:\/\/radioljubuski.ba\/#\/schema\/logo\/image\/"},"sameAs":["https:\/\/www.facebook.com\/Radiio-Ljubuski-1490835324566332","https:\/\/x.com\/radioljubuski","https:\/\/hr.linkedin.com\/company\/radio-ljubuski","https:\/\/www.youtube.com\/channel\/UCHYaeO_n0Db3tjNGudGpXyw"]},{"@type":"Person","@id":"https:\/\/radioljubuski.ba\/#\/schema\/person\/19fc700381a780f69665d7956c469e3b","name":"Radio Ljubu\u0161ki"}]}},"_links":{"self":[{"href":"https:\/\/radioljubuski.ba\/index.php\/wp-json\/wp\/v2\/posts\/166694","targetHints":{"allow":["GET"]}}],"collection":[{"href":"https:\/\/radioljubuski.ba\/index.php\/wp-json\/wp\/v2\/posts"}],"about":[{"href":"https:\/\/radioljubuski.ba\/index.php\/wp-json\/wp\/v2\/types\/post"}],"author":[{"embeddable":true,"href":"https:\/\/radioljubuski.ba\/index.php\/wp-json\/wp\/v2\/users\/2"}],"replies":[{"embeddable":true,"href":"https:\/\/radioljubuski.ba\/index.php\/wp-json\/wp\/v2\/comments?post=166694"}],"version-history":[{"count":1,"href":"https:\/\/radioljubuski.ba\/index.php\/wp-json\/wp\/v2\/posts\/166694\/revisions"}],"predecessor-version":[{"id":166696,"href":"https:\/\/radioljubuski.ba\/index.php\/wp-json\/wp\/v2\/posts\/166694\/revisions\/166696"}],"wp:featuredmedia":[{"embeddable":true,"href":"https:\/\/radioljubuski.ba\/index.php\/wp-json\/wp\/v2\/media\/166695"}],"wp:attachment":[{"href":"https:\/\/radioljubuski.ba\/index.php\/wp-json\/wp\/v2\/media?parent=166694"}],"wp:term":[{"taxonomy":"category","embeddable":true,"href":"https:\/\/radioljubuski.ba\/index.php\/wp-json\/wp\/v2\/categories?post=166694"},{"taxonomy":"post_tag","embeddable":true,"href":"https:\/\/radioljubuski.ba\/index.php\/wp-json\/wp\/v2\/tags?post=166694"}],"curies":[{"name":"wp","href":"https:\/\/api.w.org\/{rel}","templated":true}]}}