{"id":166697,"date":"2022-08-05T09:42:26","date_gmt":"2022-08-05T08:42:26","guid":{"rendered":"https:\/\/radioljubuski.ba\/?p=166697"},"modified":"2022-08-05T09:42:27","modified_gmt":"2022-08-05T08:42:27","slug":"u-novom-sadu-na-skupu-o-oluji-dodik-ustvrdio-srbi-nikad-nisu-organizirali-logore-a-iza-sebe-su-ostavljali-izgradene-gradove","status":"publish","type":"post","link":"https:\/\/radioljubuski.ba\/index.php\/2022\/08\/05\/u-novom-sadu-na-skupu-o-oluji-dodik-ustvrdio-srbi-nikad-nisu-organizirali-logore-a-iza-sebe-su-ostavljali-izgradene-gradove\/","title":{"rendered":"U Novom Sadu na skupu o Oluji Dodik ustvrdio: \u2018Srbi nikad nisu organizirali logore, a iza sebe su ostavljali izgra\u0111ene gradove\u2019"},"content":{"rendered":"\n<p>U susjednoj Srbiji u \u010detvrtak tijekom dana su brojni politi\u010dari na dru\u0161tvenim mre\u017eama i u priop\u0107enjima za medije iznijeli svoje mi\u0161ljenje o pobjedni\u010dkoj vojno redarstvenoj operaciji Hrvatske vojske Oluja. Na \u017ealost, ve\u0107ina tih priop\u0107enja je nastavak velikosrpske propagande prepuna neistina i iskrivljenog prikazivanja doga\u0111aja. Tako je primjerice srbijanski politi\u010dar Aleksandar Vulin ustvrdio da su Srbi prije Oluje bili \u201cbez oru\u017eja i obrane.\u201d<\/p>\n\n\n\n<h3 class=\"wp-block-heading\"><strong>Patrijarh Porfirije: \u201cNevine \u017ertve stra\u0161nih avgustovskih dana\u201d<\/strong><\/h3>\n\n\n\n<p>Na Trgu slobode u Novome Sadu je u \u010detvrtak u 20 sati zapo\u010deo program pod nazivom \u201cDan sje\u0107anja na \u017ertve Oluje\u201d, koji je u\u017eivo prenosila Radio televizija Srbije, te brojni portali. Me\u0111u ostalim, prisustvovali su i govore dr\u017eali predsjednik Srbije Aleksandar Vu\u010di\u0107, srpski \u010dlan Predsjedni\u0161tva BiH Milorad Dodik, te srpski patrijarh Porfirije.<\/p>\n\n\n\n<p>Prisustni su bili i predsjednik tamo\u0161nje Skup\u0161tine Vladimir Orli\u0107, premijerka Ana Brnabi\u0107, ministri, parlamentarni zastupnici, predsjednica RS \u017deljka Cvijanovi\u0107, gradona\u010delnik Novog Sada Milo\u0161 Vu\u010devi\u0107, te predsjednik Pokrajinske vlade Igor Mirovi\u0107.<\/p>\n\n\n\n<p>Patrijarh Porfirije je, me\u0111u ostalim, rekao:<\/p>\n\n\n\n<p>\u201cSabrali smo se da se molitveno setimo nasilnog egzodusa na\u0161eg naroda sa Korduna, Like, Slavonije. Sve su to kami\u010dci u mozaiku stradanja, zajedno sa Jadovnom, Jastrebovskim zajedno sa Jasenovcem.\u201d<\/p>\n\n\n\n<p>Spomenuo je i \u201cnevine \u017ertve stra\u0161nih avgustovskih dana 1995. godine\u201d, te nastavio:<\/p>\n\n\n\n<p>\u201cNe zaboravljamo \u017ertve i razaranja u \u201ckristalnoj no\u0107i\u201d u Zadru, i ostale u\u017ease\u2026 Sve su to kami\u010dci u mozaiku na\u0161ih stradanja i raspe\u0107a. Zajedno sa Siskom, Glinom, Jasenovcem, sa nama su danas i pre\u017eiveli svedoci stradanja, koji \u010duvaju i nama prenose pam\u0107enje. Njihovoj \u017ertvi i stradanju se klanjamo i pamtimo. Moramo da pamtimo njihova svedo\u010denja, kako neko ne bi rekao da se to nije desilo i da nije istina, da su to bile humanitarne akcije i tome sli\u010dno\u201d \u2013 ustvrdio je patrijarh Porfirije, te zatim dodao da Srbi nisu zlopamtila.<\/p>\n\n\n\n<h3 class=\"wp-block-heading\"><strong>Vu\u010di\u0107 o \u201c250.000 prognanih\u201d<\/strong><\/h3>\n\n\n\n<p>Milorad Dodik je, me\u0111u ostalim, ustvrdio da su Srbi za sobom ostavili izgra\u0111ene gradove, te da nikad nisu organizirali logore. Govorio je protiv Franje Tu\u0111mana, te upitao koja je razlika izme\u0111u njega i Mile Budaka.<\/p>\n\n\n\n<p>\u201cPonovilo se isto ono \u0161to je bilo u Drugom svjetskom ratu. Srbi su prognani. Oluja je pogrom, ona je zlo\u010din, ona je genocid, ona je etni\u010dko \u010di\u0161\u0107enje, ona je kontinuitet onoga \u0161to smo mogli da gledamo iz Drugog svjetskog rata. Kona\u010dno re\u0161enje za Srbe, kako to ka\u017ee Tu\u0111man\u201d, ponavljao je Dodik \u2018klasi\u010dne\u2019 re\u010denice koje koristi velikosrpska politika koja je izvr\u0161ila agresiju na Hrvatsku.<\/p>\n\n\n\n<p>Dodik je nastavio da \u0107e jednog dana morati do\u0107i do toga da \u201cna\u0161e dvije dr\u017eave, Republiku Srpsku i Srbiju vidimo jedinstvene.\u201d<\/p>\n\n\n\n<p>U duljem govoru ustvrdio je jo\u0161 da je Knin bio \u010disto srpski grad, te da je \u017eivot Srba danas u Hrvatskoj te\u017eak.<\/p>\n\n\n\n<p>\u201cNeka \u017eivi Srbija, neka \u017eivi Repulika Srpska\u201d, zaklju\u010dio je.<\/p>\n\n\n\n<p>Vu\u010di\u0107 je pak opet ponovio da vi\u0161e nikad ne\u0107e dozvoliti novu Oluju, kao \u0161to je govorio i prethodnih godina. Spomenuo je \u201c250.000 prognanih\u201d. Ovdje moramo spomenuti da tamo\u0161nji mediji i politi\u010dari u svakom tekstu i govoru navode druk\u010diji broj Srba koji su, po naredbi svog vodstva, oti\u0161li iz Hrvatske, a taj broj iz izvje\u0161\u0107a u izvje\u0161\u0107e raste.<\/p>\n\n\n\n<p>U programu su jo\u0161 prikazivali snimke pripadnika srpske nacionalne manjine koji su odlazili iz Hrvatske na traktorima, te je govorila gospo\u0111a Sanja Vuli\u0107, koju su predstavili kao \u201cdjevoj\u010dicu iz kolone.\u201d<\/p>\n\n\n\n<p><em>Izvor: narod.hr<\/em><\/p>\n","protected":false},"excerpt":{"rendered":"<p>U susjednoj Srbiji u \u010detvrtak tijekom dana su brojni politi\u010dari na dru\u0161tvenim mre\u017eama i u priop\u0107enjima za medije iznijeli svoje mi\u0161ljenje o pobjedni\u010dkoj vojno redarstvenoj operaciji Hrvatske vojske Oluja. Na \u017ealost, ve\u0107ina tih priop\u0107enja je nastavak velikosrpske propagande prepuna neistina i iskrivljenog prikazivanja doga\u0111aja. Tako je primjerice srbijanski politi\u010dar Aleksandar Vulin ustvrdio da su Srbi [&hellip;]<\/p>\n","protected":false},"author":2,"featured_media":166698,"comment_status":"closed","ping_status":"closed","sticky":false,"template":"","format":"standard","meta":{"h5ap_radio_sources":[],"footnotes":""},"categories":[1],"tags":[],"class_list":["post-166697","post","type-post","status-publish","format-standard","has-post-thumbnail","hentry","category-bihiregija"],"yoast_head":"<!-- This site is optimized with the Yoast SEO plugin v27.4 - https:\/\/yoast.com\/product\/yoast-seo-wordpress\/ -->\n<title>U Novom Sadu na skupu o Oluji Dodik ustvrdio: \u2018Srbi nikad nisu organizirali logore, a iza sebe su ostavljali izgra\u0111ene gradove\u2019 - RADIO LJUBU\u0160KI<\/title>\n<meta name=\"robots\" content=\"index, follow, max-snippet:-1, max-image-preview:large, max-video-preview:-1\" \/>\n<link rel=\"canonical\" href=\"https:\/\/radioljubuski.ba\/index.php\/2022\/08\/05\/u-novom-sadu-na-skupu-o-oluji-dodik-ustvrdio-srbi-nikad-nisu-organizirali-logore-a-iza-sebe-su-ostavljali-izgradene-gradove\/\" \/>\n<meta property=\"og:locale\" content=\"hr_HR\" \/>\n<meta property=\"og:type\" content=\"article\" \/>\n<meta property=\"og:title\" content=\"U Novom Sadu na skupu o Oluji Dodik ustvrdio: \u2018Srbi nikad nisu organizirali logore, a iza sebe su ostavljali izgra\u0111ene gradove\u2019 - RADIO LJUBU\u0160KI\" \/>\n<meta property=\"og:description\" content=\"U susjednoj Srbiji u \u010detvrtak tijekom dana su brojni politi\u010dari na dru\u0161tvenim mre\u017eama i u priop\u0107enjima za medije iznijeli svoje mi\u0161ljenje o pobjedni\u010dkoj vojno redarstvenoj operaciji Hrvatske vojske Oluja. Na \u017ealost, ve\u0107ina tih priop\u0107enja je nastavak velikosrpske propagande prepuna neistina i iskrivljenog prikazivanja doga\u0111aja. Tako je primjerice srbijanski politi\u010dar Aleksandar Vulin ustvrdio da su Srbi [&hellip;]\" \/>\n<meta property=\"og:url\" content=\"https:\/\/radioljubuski.ba\/index.php\/2022\/08\/05\/u-novom-sadu-na-skupu-o-oluji-dodik-ustvrdio-srbi-nikad-nisu-organizirali-logore-a-iza-sebe-su-ostavljali-izgradene-gradove\/\" \/>\n<meta property=\"og:site_name\" content=\"RADIO LJUBU\u0160KI\" \/>\n<meta property=\"article:publisher\" content=\"https:\/\/www.facebook.com\/Radiio-Ljubuski-1490835324566332\" \/>\n<meta property=\"article:published_time\" content=\"2022-08-05T08:42:26+00:00\" \/>\n<meta property=\"article:modified_time\" content=\"2022-08-05T08:42:27+00:00\" \/>\n<meta property=\"og:image\" content=\"https:\/\/radioljubuski.ba\/wp-content\/uploads\/2022\/08\/milorad-dodik-696x400-1.jpg\" \/>\n\t<meta property=\"og:image:width\" content=\"696\" \/>\n\t<meta property=\"og:image:height\" content=\"400\" \/>\n\t<meta property=\"og:image:type\" content=\"image\/jpeg\" \/>\n<meta name=\"author\" content=\"Radio Ljubu\u0161ki\" \/>\n<meta name=\"twitter:card\" content=\"summary_large_image\" \/>\n<meta name=\"twitter:creator\" content=\"@radioljubuski\" \/>\n<meta name=\"twitter:site\" content=\"@radioljubuski\" \/>\n<meta name=\"twitter:label1\" content=\"Napisao\/la\" \/>\n\t<meta name=\"twitter:data1\" content=\"Radio Ljubu\u0161ki\" \/>\n\t<meta name=\"twitter:label2\" content=\"Procijenjeno vrijeme \u010ditanja\" \/>\n\t<meta name=\"twitter:data2\" content=\"3 minute\" \/>\n<script type=\"application\/ld+json\" class=\"yoast-schema-graph\">{\"@context\":\"https:\\\/\\\/schema.org\",\"@graph\":[{\"@type\":\"Article\",\"@id\":\"https:\\\/\\\/radioljubuski.ba\\\/index.php\\\/2022\\\/08\\\/05\\\/u-novom-sadu-na-skupu-o-oluji-dodik-ustvrdio-srbi-nikad-nisu-organizirali-logore-a-iza-sebe-su-ostavljali-izgradene-gradove\\\/#article\",\"isPartOf\":{\"@id\":\"https:\\\/\\\/radioljubuski.ba\\\/index.php\\\/2022\\\/08\\\/05\\\/u-novom-sadu-na-skupu-o-oluji-dodik-ustvrdio-srbi-nikad-nisu-organizirali-logore-a-iza-sebe-su-ostavljali-izgradene-gradove\\\/\"},\"author\":{\"name\":\"Radio Ljubu\u0161ki\",\"@id\":\"https:\\\/\\\/radioljubuski.ba\\\/#\\\/schema\\\/person\\\/19fc700381a780f69665d7956c469e3b\"},\"headline\":\"U Novom Sadu na skupu o Oluji Dodik ustvrdio: \u2018Srbi nikad nisu organizirali logore, a iza sebe su ostavljali izgra\u0111ene gradove\u2019\",\"datePublished\":\"2022-08-05T08:42:26+00:00\",\"dateModified\":\"2022-08-05T08:42:27+00:00\",\"mainEntityOfPage\":{\"@id\":\"https:\\\/\\\/radioljubuski.ba\\\/index.php\\\/2022\\\/08\\\/05\\\/u-novom-sadu-na-skupu-o-oluji-dodik-ustvrdio-srbi-nikad-nisu-organizirali-logore-a-iza-sebe-su-ostavljali-izgradene-gradove\\\/\"},\"wordCount\":616,\"publisher\":{\"@id\":\"https:\\\/\\\/radioljubuski.ba\\\/#organization\"},\"image\":{\"@id\":\"https:\\\/\\\/radioljubuski.ba\\\/index.php\\\/2022\\\/08\\\/05\\\/u-novom-sadu-na-skupu-o-oluji-dodik-ustvrdio-srbi-nikad-nisu-organizirali-logore-a-iza-sebe-su-ostavljali-izgradene-gradove\\\/#primaryimage\"},\"thumbnailUrl\":\"https:\\\/\\\/radioljubuski.ba\\\/wp-content\\\/uploads\\\/2022\\\/08\\\/milorad-dodik-696x400-1.jpg\",\"articleSection\":[\"BIH i regija\"],\"inLanguage\":\"hr\"},{\"@type\":\"WebPage\",\"@id\":\"https:\\\/\\\/radioljubuski.ba\\\/index.php\\\/2022\\\/08\\\/05\\\/u-novom-sadu-na-skupu-o-oluji-dodik-ustvrdio-srbi-nikad-nisu-organizirali-logore-a-iza-sebe-su-ostavljali-izgradene-gradove\\\/\",\"url\":\"https:\\\/\\\/radioljubuski.ba\\\/index.php\\\/2022\\\/08\\\/05\\\/u-novom-sadu-na-skupu-o-oluji-dodik-ustvrdio-srbi-nikad-nisu-organizirali-logore-a-iza-sebe-su-ostavljali-izgradene-gradove\\\/\",\"name\":\"U Novom Sadu na skupu o Oluji Dodik ustvrdio: \u2018Srbi nikad nisu organizirali logore, a iza sebe su ostavljali izgra\u0111ene gradove\u2019 - RADIO LJUBU\u0160KI\",\"isPartOf\":{\"@id\":\"https:\\\/\\\/radioljubuski.ba\\\/#website\"},\"primaryImageOfPage\":{\"@id\":\"https:\\\/\\\/radioljubuski.ba\\\/index.php\\\/2022\\\/08\\\/05\\\/u-novom-sadu-na-skupu-o-oluji-dodik-ustvrdio-srbi-nikad-nisu-organizirali-logore-a-iza-sebe-su-ostavljali-izgradene-gradove\\\/#primaryimage\"},\"image\":{\"@id\":\"https:\\\/\\\/radioljubuski.ba\\\/index.php\\\/2022\\\/08\\\/05\\\/u-novom-sadu-na-skupu-o-oluji-dodik-ustvrdio-srbi-nikad-nisu-organizirali-logore-a-iza-sebe-su-ostavljali-izgradene-gradove\\\/#primaryimage\"},\"thumbnailUrl\":\"https:\\\/\\\/radioljubuski.ba\\\/wp-content\\\/uploads\\\/2022\\\/08\\\/milorad-dodik-696x400-1.jpg\",\"datePublished\":\"2022-08-05T08:42:26+00:00\",\"dateModified\":\"2022-08-05T08:42:27+00:00\",\"breadcrumb\":{\"@id\":\"https:\\\/\\\/radioljubuski.ba\\\/index.php\\\/2022\\\/08\\\/05\\\/u-novom-sadu-na-skupu-o-oluji-dodik-ustvrdio-srbi-nikad-nisu-organizirali-logore-a-iza-sebe-su-ostavljali-izgradene-gradove\\\/#breadcrumb\"},\"inLanguage\":\"hr\",\"potentialAction\":[{\"@type\":\"ReadAction\",\"target\":[\"https:\\\/\\\/radioljubuski.ba\\\/index.php\\\/2022\\\/08\\\/05\\\/u-novom-sadu-na-skupu-o-oluji-dodik-ustvrdio-srbi-nikad-nisu-organizirali-logore-a-iza-sebe-su-ostavljali-izgradene-gradove\\\/\"]}]},{\"@type\":\"ImageObject\",\"inLanguage\":\"hr\",\"@id\":\"https:\\\/\\\/radioljubuski.ba\\\/index.php\\\/2022\\\/08\\\/05\\\/u-novom-sadu-na-skupu-o-oluji-dodik-ustvrdio-srbi-nikad-nisu-organizirali-logore-a-iza-sebe-su-ostavljali-izgradene-gradove\\\/#primaryimage\",\"url\":\"https:\\\/\\\/radioljubuski.ba\\\/wp-content\\\/uploads\\\/2022\\\/08\\\/milorad-dodik-696x400-1.jpg\",\"contentUrl\":\"https:\\\/\\\/radioljubuski.ba\\\/wp-content\\\/uploads\\\/2022\\\/08\\\/milorad-dodik-696x400-1.jpg\",\"width\":696,\"height\":400},{\"@type\":\"BreadcrumbList\",\"@id\":\"https:\\\/\\\/radioljubuski.ba\\\/index.php\\\/2022\\\/08\\\/05\\\/u-novom-sadu-na-skupu-o-oluji-dodik-ustvrdio-srbi-nikad-nisu-organizirali-logore-a-iza-sebe-su-ostavljali-izgradene-gradove\\\/#breadcrumb\",\"itemListElement\":[{\"@type\":\"ListItem\",\"position\":1,\"name\":\"Po\u010detna stranica\",\"item\":\"https:\\\/\\\/radioljubuski.ba\\\/\"},{\"@type\":\"ListItem\",\"position\":2,\"name\":\"U Novom Sadu na skupu o Oluji Dodik ustvrdio: \u2018Srbi nikad nisu organizirali logore, a iza sebe su ostavljali izgra\u0111ene gradove\u2019\"}]},{\"@type\":\"WebSite\",\"@id\":\"https:\\\/\\\/radioljubuski.ba\\\/#website\",\"url\":\"https:\\\/\\\/radioljubuski.ba\\\/\",\"name\":\"Radio Ljubu\u0161ki\",\"description\":\"Sun\u010dana frekvencija Hercegovine\",\"publisher\":{\"@id\":\"https:\\\/\\\/radioljubuski.ba\\\/#organization\"},\"potentialAction\":[{\"@type\":\"SearchAction\",\"target\":{\"@type\":\"EntryPoint\",\"urlTemplate\":\"https:\\\/\\\/radioljubuski.ba\\\/?s={search_term_string}\"},\"query-input\":{\"@type\":\"PropertyValueSpecification\",\"valueRequired\":true,\"valueName\":\"search_term_string\"}}],\"inLanguage\":\"hr\"},{\"@type\":\"Organization\",\"@id\":\"https:\\\/\\\/radioljubuski.ba\\\/#organization\",\"name\":\"Radio Ljubu\u0161ki\",\"url\":\"https:\\\/\\\/radioljubuski.ba\\\/\",\"logo\":{\"@type\":\"ImageObject\",\"inLanguage\":\"hr\",\"@id\":\"https:\\\/\\\/radioljubuski.ba\\\/#\\\/schema\\\/logo\\\/image\\\/\",\"url\":\"https:\\\/\\\/radioljubuski.ba\\\/wp-content\\\/uploads\\\/2021\\\/02\\\/cropped-Radio_Ljubuski_logo1.jpg\",\"contentUrl\":\"https:\\\/\\\/radioljubuski.ba\\\/wp-content\\\/uploads\\\/2021\\\/02\\\/cropped-Radio_Ljubuski_logo1.jpg\",\"width\":512,\"height\":512,\"caption\":\"Radio Ljubu\u0161ki\"},\"image\":{\"@id\":\"https:\\\/\\\/radioljubuski.ba\\\/#\\\/schema\\\/logo\\\/image\\\/\"},\"sameAs\":[\"https:\\\/\\\/www.facebook.com\\\/Radiio-Ljubuski-1490835324566332\",\"https:\\\/\\\/x.com\\\/radioljubuski\",\"https:\\\/\\\/hr.linkedin.com\\\/company\\\/radio-ljubuski\",\"https:\\\/\\\/www.youtube.com\\\/channel\\\/UCHYaeO_n0Db3tjNGudGpXyw\"]},{\"@type\":\"Person\",\"@id\":\"https:\\\/\\\/radioljubuski.ba\\\/#\\\/schema\\\/person\\\/19fc700381a780f69665d7956c469e3b\",\"name\":\"Radio Ljubu\u0161ki\"}]}<\/script>\n<!-- \/ Yoast SEO plugin. -->","yoast_head_json":{"title":"U Novom Sadu na skupu o Oluji Dodik ustvrdio: \u2018Srbi nikad nisu organizirali logore, a iza sebe su ostavljali izgra\u0111ene gradove\u2019 - RADIO LJUBU\u0160KI","robots":{"index":"index","follow":"follow","max-snippet":"max-snippet:-1","max-image-preview":"max-image-preview:large","max-video-preview":"max-video-preview:-1"},"canonical":"https:\/\/radioljubuski.ba\/index.php\/2022\/08\/05\/u-novom-sadu-na-skupu-o-oluji-dodik-ustvrdio-srbi-nikad-nisu-organizirali-logore-a-iza-sebe-su-ostavljali-izgradene-gradove\/","og_locale":"hr_HR","og_type":"article","og_title":"U Novom Sadu na skupu o Oluji Dodik ustvrdio: \u2018Srbi nikad nisu organizirali logore, a iza sebe su ostavljali izgra\u0111ene gradove\u2019 - RADIO LJUBU\u0160KI","og_description":"U susjednoj Srbiji u \u010detvrtak tijekom dana su brojni politi\u010dari na dru\u0161tvenim mre\u017eama i u priop\u0107enjima za medije iznijeli svoje mi\u0161ljenje o pobjedni\u010dkoj vojno redarstvenoj operaciji Hrvatske vojske Oluja. Na \u017ealost, ve\u0107ina tih priop\u0107enja je nastavak velikosrpske propagande prepuna neistina i iskrivljenog prikazivanja doga\u0111aja. Tako je primjerice srbijanski politi\u010dar Aleksandar Vulin ustvrdio da su Srbi [&hellip;]","og_url":"https:\/\/radioljubuski.ba\/index.php\/2022\/08\/05\/u-novom-sadu-na-skupu-o-oluji-dodik-ustvrdio-srbi-nikad-nisu-organizirali-logore-a-iza-sebe-su-ostavljali-izgradene-gradove\/","og_site_name":"RADIO LJUBU\u0160KI","article_publisher":"https:\/\/www.facebook.com\/Radiio-Ljubuski-1490835324566332","article_published_time":"2022-08-05T08:42:26+00:00","article_modified_time":"2022-08-05T08:42:27+00:00","og_image":[{"width":696,"height":400,"url":"https:\/\/radioljubuski.ba\/wp-content\/uploads\/2022\/08\/milorad-dodik-696x400-1.jpg","type":"image\/jpeg"}],"author":"Radio Ljubu\u0161ki","twitter_card":"summary_large_image","twitter_creator":"@radioljubuski","twitter_site":"@radioljubuski","twitter_misc":{"Napisao\/la":"Radio Ljubu\u0161ki","Procijenjeno vrijeme \u010ditanja":"3 minute"},"schema":{"@context":"https:\/\/schema.org","@graph":[{"@type":"Article","@id":"https:\/\/radioljubuski.ba\/index.php\/2022\/08\/05\/u-novom-sadu-na-skupu-o-oluji-dodik-ustvrdio-srbi-nikad-nisu-organizirali-logore-a-iza-sebe-su-ostavljali-izgradene-gradove\/#article","isPartOf":{"@id":"https:\/\/radioljubuski.ba\/index.php\/2022\/08\/05\/u-novom-sadu-na-skupu-o-oluji-dodik-ustvrdio-srbi-nikad-nisu-organizirali-logore-a-iza-sebe-su-ostavljali-izgradene-gradove\/"},"author":{"name":"Radio Ljubu\u0161ki","@id":"https:\/\/radioljubuski.ba\/#\/schema\/person\/19fc700381a780f69665d7956c469e3b"},"headline":"U Novom Sadu na skupu o Oluji Dodik ustvrdio: \u2018Srbi nikad nisu organizirali logore, a iza sebe su ostavljali izgra\u0111ene gradove\u2019","datePublished":"2022-08-05T08:42:26+00:00","dateModified":"2022-08-05T08:42:27+00:00","mainEntityOfPage":{"@id":"https:\/\/radioljubuski.ba\/index.php\/2022\/08\/05\/u-novom-sadu-na-skupu-o-oluji-dodik-ustvrdio-srbi-nikad-nisu-organizirali-logore-a-iza-sebe-su-ostavljali-izgradene-gradove\/"},"wordCount":616,"publisher":{"@id":"https:\/\/radioljubuski.ba\/#organization"},"image":{"@id":"https:\/\/radioljubuski.ba\/index.php\/2022\/08\/05\/u-novom-sadu-na-skupu-o-oluji-dodik-ustvrdio-srbi-nikad-nisu-organizirali-logore-a-iza-sebe-su-ostavljali-izgradene-gradove\/#primaryimage"},"thumbnailUrl":"https:\/\/radioljubuski.ba\/wp-content\/uploads\/2022\/08\/milorad-dodik-696x400-1.jpg","articleSection":["BIH i regija"],"inLanguage":"hr"},{"@type":"WebPage","@id":"https:\/\/radioljubuski.ba\/index.php\/2022\/08\/05\/u-novom-sadu-na-skupu-o-oluji-dodik-ustvrdio-srbi-nikad-nisu-organizirali-logore-a-iza-sebe-su-ostavljali-izgradene-gradove\/","url":"https:\/\/radioljubuski.ba\/index.php\/2022\/08\/05\/u-novom-sadu-na-skupu-o-oluji-dodik-ustvrdio-srbi-nikad-nisu-organizirali-logore-a-iza-sebe-su-ostavljali-izgradene-gradove\/","name":"U Novom Sadu na skupu o Oluji Dodik ustvrdio: \u2018Srbi nikad nisu organizirali logore, a iza sebe su ostavljali izgra\u0111ene gradove\u2019 - RADIO LJUBU\u0160KI","isPartOf":{"@id":"https:\/\/radioljubuski.ba\/#website"},"primaryImageOfPage":{"@id":"https:\/\/radioljubuski.ba\/index.php\/2022\/08\/05\/u-novom-sadu-na-skupu-o-oluji-dodik-ustvrdio-srbi-nikad-nisu-organizirali-logore-a-iza-sebe-su-ostavljali-izgradene-gradove\/#primaryimage"},"image":{"@id":"https:\/\/radioljubuski.ba\/index.php\/2022\/08\/05\/u-novom-sadu-na-skupu-o-oluji-dodik-ustvrdio-srbi-nikad-nisu-organizirali-logore-a-iza-sebe-su-ostavljali-izgradene-gradove\/#primaryimage"},"thumbnailUrl":"https:\/\/radioljubuski.ba\/wp-content\/uploads\/2022\/08\/milorad-dodik-696x400-1.jpg","datePublished":"2022-08-05T08:42:26+00:00","dateModified":"2022-08-05T08:42:27+00:00","breadcrumb":{"@id":"https:\/\/radioljubuski.ba\/index.php\/2022\/08\/05\/u-novom-sadu-na-skupu-o-oluji-dodik-ustvrdio-srbi-nikad-nisu-organizirali-logore-a-iza-sebe-su-ostavljali-izgradene-gradove\/#breadcrumb"},"inLanguage":"hr","potentialAction":[{"@type":"ReadAction","target":["https:\/\/radioljubuski.ba\/index.php\/2022\/08\/05\/u-novom-sadu-na-skupu-o-oluji-dodik-ustvrdio-srbi-nikad-nisu-organizirali-logore-a-iza-sebe-su-ostavljali-izgradene-gradove\/"]}]},{"@type":"ImageObject","inLanguage":"hr","@id":"https:\/\/radioljubuski.ba\/index.php\/2022\/08\/05\/u-novom-sadu-na-skupu-o-oluji-dodik-ustvrdio-srbi-nikad-nisu-organizirali-logore-a-iza-sebe-su-ostavljali-izgradene-gradove\/#primaryimage","url":"https:\/\/radioljubuski.ba\/wp-content\/uploads\/2022\/08\/milorad-dodik-696x400-1.jpg","contentUrl":"https:\/\/radioljubuski.ba\/wp-content\/uploads\/2022\/08\/milorad-dodik-696x400-1.jpg","width":696,"height":400},{"@type":"BreadcrumbList","@id":"https:\/\/radioljubuski.ba\/index.php\/2022\/08\/05\/u-novom-sadu-na-skupu-o-oluji-dodik-ustvrdio-srbi-nikad-nisu-organizirali-logore-a-iza-sebe-su-ostavljali-izgradene-gradove\/#breadcrumb","itemListElement":[{"@type":"ListItem","position":1,"name":"Po\u010detna stranica","item":"https:\/\/radioljubuski.ba\/"},{"@type":"ListItem","position":2,"name":"U Novom Sadu na skupu o Oluji Dodik ustvrdio: \u2018Srbi nikad nisu organizirali logore, a iza sebe su ostavljali izgra\u0111ene gradove\u2019"}]},{"@type":"WebSite","@id":"https:\/\/radioljubuski.ba\/#website","url":"https:\/\/radioljubuski.ba\/","name":"Radio Ljubu\u0161ki","description":"Sun\u010dana frekvencija Hercegovine","publisher":{"@id":"https:\/\/radioljubuski.ba\/#organization"},"potentialAction":[{"@type":"SearchAction","target":{"@type":"EntryPoint","urlTemplate":"https:\/\/radioljubuski.ba\/?s={search_term_string}"},"query-input":{"@type":"PropertyValueSpecification","valueRequired":true,"valueName":"search_term_string"}}],"inLanguage":"hr"},{"@type":"Organization","@id":"https:\/\/radioljubuski.ba\/#organization","name":"Radio Ljubu\u0161ki","url":"https:\/\/radioljubuski.ba\/","logo":{"@type":"ImageObject","inLanguage":"hr","@id":"https:\/\/radioljubuski.ba\/#\/schema\/logo\/image\/","url":"https:\/\/radioljubuski.ba\/wp-content\/uploads\/2021\/02\/cropped-Radio_Ljubuski_logo1.jpg","contentUrl":"https:\/\/radioljubuski.ba\/wp-content\/uploads\/2021\/02\/cropped-Radio_Ljubuski_logo1.jpg","width":512,"height":512,"caption":"Radio Ljubu\u0161ki"},"image":{"@id":"https:\/\/radioljubuski.ba\/#\/schema\/logo\/image\/"},"sameAs":["https:\/\/www.facebook.com\/Radiio-Ljubuski-1490835324566332","https:\/\/x.com\/radioljubuski","https:\/\/hr.linkedin.com\/company\/radio-ljubuski","https:\/\/www.youtube.com\/channel\/UCHYaeO_n0Db3tjNGudGpXyw"]},{"@type":"Person","@id":"https:\/\/radioljubuski.ba\/#\/schema\/person\/19fc700381a780f69665d7956c469e3b","name":"Radio Ljubu\u0161ki"}]}},"_links":{"self":[{"href":"https:\/\/radioljubuski.ba\/index.php\/wp-json\/wp\/v2\/posts\/166697","targetHints":{"allow":["GET"]}}],"collection":[{"href":"https:\/\/radioljubuski.ba\/index.php\/wp-json\/wp\/v2\/posts"}],"about":[{"href":"https:\/\/radioljubuski.ba\/index.php\/wp-json\/wp\/v2\/types\/post"}],"author":[{"embeddable":true,"href":"https:\/\/radioljubuski.ba\/index.php\/wp-json\/wp\/v2\/users\/2"}],"replies":[{"embeddable":true,"href":"https:\/\/radioljubuski.ba\/index.php\/wp-json\/wp\/v2\/comments?post=166697"}],"version-history":[{"count":1,"href":"https:\/\/radioljubuski.ba\/index.php\/wp-json\/wp\/v2\/posts\/166697\/revisions"}],"predecessor-version":[{"id":166699,"href":"https:\/\/radioljubuski.ba\/index.php\/wp-json\/wp\/v2\/posts\/166697\/revisions\/166699"}],"wp:featuredmedia":[{"embeddable":true,"href":"https:\/\/radioljubuski.ba\/index.php\/wp-json\/wp\/v2\/media\/166698"}],"wp:attachment":[{"href":"https:\/\/radioljubuski.ba\/index.php\/wp-json\/wp\/v2\/media?parent=166697"}],"wp:term":[{"taxonomy":"category","embeddable":true,"href":"https:\/\/radioljubuski.ba\/index.php\/wp-json\/wp\/v2\/categories?post=166697"},{"taxonomy":"post_tag","embeddable":true,"href":"https:\/\/radioljubuski.ba\/index.php\/wp-json\/wp\/v2\/tags?post=166697"}],"curies":[{"name":"wp","href":"https:\/\/api.w.org\/{rel}","templated":true}]}}