{"id":166700,"date":"2022-08-05T09:44:33","date_gmt":"2022-08-05T08:44:33","guid":{"rendered":"https:\/\/radioljubuski.ba\/?p=166700"},"modified":"2022-08-05T09:44:34","modified_gmt":"2022-08-05T08:44:34","slug":"znate-li-tko-je-marta-ortega-vlasnica-zare","status":"publish","type":"post","link":"https:\/\/radioljubuski.ba\/index.php\/2022\/08\/05\/znate-li-tko-je-marta-ortega-vlasnica-zare\/","title":{"rendered":"Znate li tko je Marta Ortega \u2013 vlasnica Zare?"},"content":{"rendered":"\n<p>U travnju Marta Ortega preuzela je vodstvo Inditexa i postala najmo\u0107nija poslovna \u017eena u Iberiji \u2013 najavljena je od tada era promjena u grupi koja, osim Zare, posjeduje i brendove Massimo Dutti, Oysho, Pull &amp; Bear i Bershku.<\/p>\n\n\n\n<p>Marta Ortega je dugo bila prisutna na stranicama \u017eenskih \u010dasopisa, dru\u017ee\u0107i se s visokim osobama mode kao \u0161to su Anna Wintour i Diane von Furstenberg. U\u017eiva u svojoj ulozi fotogeni\u010dne ambasadorice najve\u0107e svjetske grupe za brzu modu, koja prema Bloombergu vrijedi 47,3 milijarde dolara.<\/p>\n\n\n\n<p>Zajedno s ocem zapo\u010dela je svoju karijeru u maloprodaji. No, dok joj je otac Amancio Ortega napustio \u0161kolu s 13 godina kako bi postao majstor zu lokalnoj tvrtki za proizvodnju ko\u0161ulja, njegova k\u0107i iz u drugog braka stekla je visoko obrazovanje, prvo kod isusovaca u A Coru\u00f1i, a zatim je studirala trgovinu na European Business School u Londonu.<\/p>\n\n\n\n<p>S 23 godine Marta Ortega je u\u0161la u svijet rada, kao prodava\u010dica u podru\u017enici Bershke.<\/p>\n\n\n\n<p>Prije nego \u0161to je postala vlasnica, bila je va\u017ena uloga u nekoliko sektora aktivnosti i u brojnim me\u0111unarodnim podru\u017enicama, posebno rade\u0107i s odjelom za nove koncepte na Zara Woman asortimanu odje\u0107e, modnih dodataka \u2013 poma\u017eu\u0107i u usmjeravanju cjelokupne strategije brenda.<\/p>\n\n\n\n<p>Bila je pokreta\u010dica suradnje brenda sa slavnim osobama, kao \u0161to je filmska zvijezda Charlotte Gainsbourg, prenosi <a href=\"https:\/\/www.leadersleague.com\/fr\/news\/who-is-marta-ortega-the-new-boss-of-zara\" target=\"_blank\" rel=\"noreferrer noopener\">Leaders League<\/a>.<\/p>\n\n\n\n<p>I ba\u0161 kao i njezin otac, u drugom je braku, s veteranom manekenske agencije Carlosom Torrettom, koji radi u odjelu komunikacija Zara.com. Ima podr\u0161ku i dvojice ujaka, koji su u upravnim odborima Zare i Massima Duttija. Njezina godi\u0161nja pla\u0107a iznosi milijun eura.<\/p>\n\n\n\n<p>Zadr\u017eavanje Zarine dominantne pozicije u industriji brze mode bit \u0107e s vremenom veliki izazov, s obzirom na dolazak ozbiljnih kandidata, poput kineskog Sheina, posljednjih godina.<\/p>\n\n\n\n<p><em>Izvor: frendica.hr<\/em><\/p>\n","protected":false},"excerpt":{"rendered":"<p>U travnju Marta Ortega preuzela je vodstvo Inditexa i postala najmo\u0107nija poslovna \u017eena u Iberiji \u2013 najavljena je od tada era promjena u grupi koja, osim Zare, posjeduje i brendove Massimo Dutti, Oysho, Pull &amp; Bear i Bershku. Marta Ortega je dugo bila prisutna na stranicama \u017eenskih \u010dasopisa, dru\u017ee\u0107i se s visokim osobama mode kao [&hellip;]<\/p>\n","protected":false},"author":2,"featured_media":166701,"comment_status":"closed","ping_status":"closed","sticky":false,"template":"","format":"standard","meta":{"h5ap_radio_sources":[],"footnotes":""},"categories":[1],"tags":[],"class_list":["post-166700","post","type-post","status-publish","format-standard","has-post-thumbnail","hentry","category-bihiregija"],"yoast_head":"<!-- This site is optimized with the Yoast SEO plugin v27.4 - https:\/\/yoast.com\/product\/yoast-seo-wordpress\/ -->\n<title>Znate li tko je Marta Ortega \u2013 vlasnica Zare? - RADIO LJUBU\u0160KI<\/title>\n<meta name=\"robots\" content=\"index, follow, max-snippet:-1, max-image-preview:large, max-video-preview:-1\" \/>\n<link rel=\"canonical\" href=\"https:\/\/radioljubuski.ba\/index.php\/2022\/08\/05\/znate-li-tko-je-marta-ortega-vlasnica-zare\/\" \/>\n<meta property=\"og:locale\" content=\"hr_HR\" \/>\n<meta property=\"og:type\" content=\"article\" \/>\n<meta property=\"og:title\" content=\"Znate li tko je Marta Ortega \u2013 vlasnica Zare? - RADIO LJUBU\u0160KI\" \/>\n<meta property=\"og:description\" content=\"U travnju Marta Ortega preuzela je vodstvo Inditexa i postala najmo\u0107nija poslovna \u017eena u Iberiji \u2013 najavljena je od tada era promjena u grupi koja, osim Zare, posjeduje i brendove Massimo Dutti, Oysho, Pull &amp; Bear i Bershku. Marta Ortega je dugo bila prisutna na stranicama \u017eenskih \u010dasopisa, dru\u017ee\u0107i se s visokim osobama mode kao [&hellip;]\" \/>\n<meta property=\"og:url\" content=\"https:\/\/radioljubuski.ba\/index.php\/2022\/08\/05\/znate-li-tko-je-marta-ortega-vlasnica-zare\/\" \/>\n<meta property=\"og:site_name\" content=\"RADIO LJUBU\u0160KI\" \/>\n<meta property=\"article:publisher\" content=\"https:\/\/www.facebook.com\/Radiio-Ljubuski-1490835324566332\" \/>\n<meta property=\"article:published_time\" content=\"2022-08-05T08:44:33+00:00\" \/>\n<meta property=\"article:modified_time\" content=\"2022-08-05T08:44:34+00:00\" \/>\n<meta property=\"og:image\" content=\"https:\/\/radioljubuski.ba\/wp-content\/uploads\/2022\/08\/aef0ce8c-65c4-425c-afcc-3c6834438ba7.jpg\" \/>\n\t<meta property=\"og:image:width\" content=\"1600\" \/>\n\t<meta property=\"og:image:height\" content=\"1066\" \/>\n\t<meta property=\"og:image:type\" content=\"image\/jpeg\" \/>\n<meta name=\"author\" content=\"Radio Ljubu\u0161ki\" \/>\n<meta name=\"twitter:card\" content=\"summary_large_image\" \/>\n<meta name=\"twitter:creator\" content=\"@radioljubuski\" \/>\n<meta name=\"twitter:site\" content=\"@radioljubuski\" \/>\n<meta name=\"twitter:label1\" content=\"Napisao\/la\" \/>\n\t<meta name=\"twitter:data1\" content=\"Radio Ljubu\u0161ki\" \/>\n\t<meta name=\"twitter:label2\" content=\"Procijenjeno vrijeme \u010ditanja\" \/>\n\t<meta name=\"twitter:data2\" content=\"2 minute\" \/>\n<script type=\"application\/ld+json\" class=\"yoast-schema-graph\">{\"@context\":\"https:\\\/\\\/schema.org\",\"@graph\":[{\"@type\":\"Article\",\"@id\":\"https:\\\/\\\/radioljubuski.ba\\\/index.php\\\/2022\\\/08\\\/05\\\/znate-li-tko-je-marta-ortega-vlasnica-zare\\\/#article\",\"isPartOf\":{\"@id\":\"https:\\\/\\\/radioljubuski.ba\\\/index.php\\\/2022\\\/08\\\/05\\\/znate-li-tko-je-marta-ortega-vlasnica-zare\\\/\"},\"author\":{\"name\":\"Radio Ljubu\u0161ki\",\"@id\":\"https:\\\/\\\/radioljubuski.ba\\\/#\\\/schema\\\/person\\\/19fc700381a780f69665d7956c469e3b\"},\"headline\":\"Znate li tko je Marta Ortega \u2013 vlasnica Zare?\",\"datePublished\":\"2022-08-05T08:44:33+00:00\",\"dateModified\":\"2022-08-05T08:44:34+00:00\",\"mainEntityOfPage\":{\"@id\":\"https:\\\/\\\/radioljubuski.ba\\\/index.php\\\/2022\\\/08\\\/05\\\/znate-li-tko-je-marta-ortega-vlasnica-zare\\\/\"},\"wordCount\":312,\"publisher\":{\"@id\":\"https:\\\/\\\/radioljubuski.ba\\\/#organization\"},\"image\":{\"@id\":\"https:\\\/\\\/radioljubuski.ba\\\/index.php\\\/2022\\\/08\\\/05\\\/znate-li-tko-je-marta-ortega-vlasnica-zare\\\/#primaryimage\"},\"thumbnailUrl\":\"https:\\\/\\\/radioljubuski.ba\\\/wp-content\\\/uploads\\\/2022\\\/08\\\/aef0ce8c-65c4-425c-afcc-3c6834438ba7.jpg\",\"articleSection\":[\"BIH i regija\"],\"inLanguage\":\"hr\"},{\"@type\":\"WebPage\",\"@id\":\"https:\\\/\\\/radioljubuski.ba\\\/index.php\\\/2022\\\/08\\\/05\\\/znate-li-tko-je-marta-ortega-vlasnica-zare\\\/\",\"url\":\"https:\\\/\\\/radioljubuski.ba\\\/index.php\\\/2022\\\/08\\\/05\\\/znate-li-tko-je-marta-ortega-vlasnica-zare\\\/\",\"name\":\"Znate li tko je Marta Ortega \u2013 vlasnica Zare? - RADIO LJUBU\u0160KI\",\"isPartOf\":{\"@id\":\"https:\\\/\\\/radioljubuski.ba\\\/#website\"},\"primaryImageOfPage\":{\"@id\":\"https:\\\/\\\/radioljubuski.ba\\\/index.php\\\/2022\\\/08\\\/05\\\/znate-li-tko-je-marta-ortega-vlasnica-zare\\\/#primaryimage\"},\"image\":{\"@id\":\"https:\\\/\\\/radioljubuski.ba\\\/index.php\\\/2022\\\/08\\\/05\\\/znate-li-tko-je-marta-ortega-vlasnica-zare\\\/#primaryimage\"},\"thumbnailUrl\":\"https:\\\/\\\/radioljubuski.ba\\\/wp-content\\\/uploads\\\/2022\\\/08\\\/aef0ce8c-65c4-425c-afcc-3c6834438ba7.jpg\",\"datePublished\":\"2022-08-05T08:44:33+00:00\",\"dateModified\":\"2022-08-05T08:44:34+00:00\",\"breadcrumb\":{\"@id\":\"https:\\\/\\\/radioljubuski.ba\\\/index.php\\\/2022\\\/08\\\/05\\\/znate-li-tko-je-marta-ortega-vlasnica-zare\\\/#breadcrumb\"},\"inLanguage\":\"hr\",\"potentialAction\":[{\"@type\":\"ReadAction\",\"target\":[\"https:\\\/\\\/radioljubuski.ba\\\/index.php\\\/2022\\\/08\\\/05\\\/znate-li-tko-je-marta-ortega-vlasnica-zare\\\/\"]}]},{\"@type\":\"ImageObject\",\"inLanguage\":\"hr\",\"@id\":\"https:\\\/\\\/radioljubuski.ba\\\/index.php\\\/2022\\\/08\\\/05\\\/znate-li-tko-je-marta-ortega-vlasnica-zare\\\/#primaryimage\",\"url\":\"https:\\\/\\\/radioljubuski.ba\\\/wp-content\\\/uploads\\\/2022\\\/08\\\/aef0ce8c-65c4-425c-afcc-3c6834438ba7.jpg\",\"contentUrl\":\"https:\\\/\\\/radioljubuski.ba\\\/wp-content\\\/uploads\\\/2022\\\/08\\\/aef0ce8c-65c4-425c-afcc-3c6834438ba7.jpg\",\"width\":1600,\"height\":1066},{\"@type\":\"BreadcrumbList\",\"@id\":\"https:\\\/\\\/radioljubuski.ba\\\/index.php\\\/2022\\\/08\\\/05\\\/znate-li-tko-je-marta-ortega-vlasnica-zare\\\/#breadcrumb\",\"itemListElement\":[{\"@type\":\"ListItem\",\"position\":1,\"name\":\"Po\u010detna stranica\",\"item\":\"https:\\\/\\\/radioljubuski.ba\\\/\"},{\"@type\":\"ListItem\",\"position\":2,\"name\":\"Znate li tko je Marta Ortega \u2013 vlasnica Zare?\"}]},{\"@type\":\"WebSite\",\"@id\":\"https:\\\/\\\/radioljubuski.ba\\\/#website\",\"url\":\"https:\\\/\\\/radioljubuski.ba\\\/\",\"name\":\"Radio Ljubu\u0161ki\",\"description\":\"Sun\u010dana frekvencija Hercegovine\",\"publisher\":{\"@id\":\"https:\\\/\\\/radioljubuski.ba\\\/#organization\"},\"potentialAction\":[{\"@type\":\"SearchAction\",\"target\":{\"@type\":\"EntryPoint\",\"urlTemplate\":\"https:\\\/\\\/radioljubuski.ba\\\/?s={search_term_string}\"},\"query-input\":{\"@type\":\"PropertyValueSpecification\",\"valueRequired\":true,\"valueName\":\"search_term_string\"}}],\"inLanguage\":\"hr\"},{\"@type\":\"Organization\",\"@id\":\"https:\\\/\\\/radioljubuski.ba\\\/#organization\",\"name\":\"Radio Ljubu\u0161ki\",\"url\":\"https:\\\/\\\/radioljubuski.ba\\\/\",\"logo\":{\"@type\":\"ImageObject\",\"inLanguage\":\"hr\",\"@id\":\"https:\\\/\\\/radioljubuski.ba\\\/#\\\/schema\\\/logo\\\/image\\\/\",\"url\":\"https:\\\/\\\/radioljubuski.ba\\\/wp-content\\\/uploads\\\/2021\\\/02\\\/cropped-Radio_Ljubuski_logo1.jpg\",\"contentUrl\":\"https:\\\/\\\/radioljubuski.ba\\\/wp-content\\\/uploads\\\/2021\\\/02\\\/cropped-Radio_Ljubuski_logo1.jpg\",\"width\":512,\"height\":512,\"caption\":\"Radio Ljubu\u0161ki\"},\"image\":{\"@id\":\"https:\\\/\\\/radioljubuski.ba\\\/#\\\/schema\\\/logo\\\/image\\\/\"},\"sameAs\":[\"https:\\\/\\\/www.facebook.com\\\/Radiio-Ljubuski-1490835324566332\",\"https:\\\/\\\/x.com\\\/radioljubuski\",\"https:\\\/\\\/hr.linkedin.com\\\/company\\\/radio-ljubuski\",\"https:\\\/\\\/www.youtube.com\\\/channel\\\/UCHYaeO_n0Db3tjNGudGpXyw\"]},{\"@type\":\"Person\",\"@id\":\"https:\\\/\\\/radioljubuski.ba\\\/#\\\/schema\\\/person\\\/19fc700381a780f69665d7956c469e3b\",\"name\":\"Radio Ljubu\u0161ki\"}]}<\/script>\n<!-- \/ Yoast SEO plugin. -->","yoast_head_json":{"title":"Znate li tko je Marta Ortega \u2013 vlasnica Zare? - RADIO LJUBU\u0160KI","robots":{"index":"index","follow":"follow","max-snippet":"max-snippet:-1","max-image-preview":"max-image-preview:large","max-video-preview":"max-video-preview:-1"},"canonical":"https:\/\/radioljubuski.ba\/index.php\/2022\/08\/05\/znate-li-tko-je-marta-ortega-vlasnica-zare\/","og_locale":"hr_HR","og_type":"article","og_title":"Znate li tko je Marta Ortega \u2013 vlasnica Zare? - RADIO LJUBU\u0160KI","og_description":"U travnju Marta Ortega preuzela je vodstvo Inditexa i postala najmo\u0107nija poslovna \u017eena u Iberiji \u2013 najavljena je od tada era promjena u grupi koja, osim Zare, posjeduje i brendove Massimo Dutti, Oysho, Pull &amp; Bear i Bershku. Marta Ortega je dugo bila prisutna na stranicama \u017eenskih \u010dasopisa, dru\u017ee\u0107i se s visokim osobama mode kao [&hellip;]","og_url":"https:\/\/radioljubuski.ba\/index.php\/2022\/08\/05\/znate-li-tko-je-marta-ortega-vlasnica-zare\/","og_site_name":"RADIO LJUBU\u0160KI","article_publisher":"https:\/\/www.facebook.com\/Radiio-Ljubuski-1490835324566332","article_published_time":"2022-08-05T08:44:33+00:00","article_modified_time":"2022-08-05T08:44:34+00:00","og_image":[{"width":1600,"height":1066,"url":"https:\/\/radioljubuski.ba\/wp-content\/uploads\/2022\/08\/aef0ce8c-65c4-425c-afcc-3c6834438ba7.jpg","type":"image\/jpeg"}],"author":"Radio Ljubu\u0161ki","twitter_card":"summary_large_image","twitter_creator":"@radioljubuski","twitter_site":"@radioljubuski","twitter_misc":{"Napisao\/la":"Radio Ljubu\u0161ki","Procijenjeno vrijeme \u010ditanja":"2 minute"},"schema":{"@context":"https:\/\/schema.org","@graph":[{"@type":"Article","@id":"https:\/\/radioljubuski.ba\/index.php\/2022\/08\/05\/znate-li-tko-je-marta-ortega-vlasnica-zare\/#article","isPartOf":{"@id":"https:\/\/radioljubuski.ba\/index.php\/2022\/08\/05\/znate-li-tko-je-marta-ortega-vlasnica-zare\/"},"author":{"name":"Radio Ljubu\u0161ki","@id":"https:\/\/radioljubuski.ba\/#\/schema\/person\/19fc700381a780f69665d7956c469e3b"},"headline":"Znate li tko je Marta Ortega \u2013 vlasnica Zare?","datePublished":"2022-08-05T08:44:33+00:00","dateModified":"2022-08-05T08:44:34+00:00","mainEntityOfPage":{"@id":"https:\/\/radioljubuski.ba\/index.php\/2022\/08\/05\/znate-li-tko-je-marta-ortega-vlasnica-zare\/"},"wordCount":312,"publisher":{"@id":"https:\/\/radioljubuski.ba\/#organization"},"image":{"@id":"https:\/\/radioljubuski.ba\/index.php\/2022\/08\/05\/znate-li-tko-je-marta-ortega-vlasnica-zare\/#primaryimage"},"thumbnailUrl":"https:\/\/radioljubuski.ba\/wp-content\/uploads\/2022\/08\/aef0ce8c-65c4-425c-afcc-3c6834438ba7.jpg","articleSection":["BIH i regija"],"inLanguage":"hr"},{"@type":"WebPage","@id":"https:\/\/radioljubuski.ba\/index.php\/2022\/08\/05\/znate-li-tko-je-marta-ortega-vlasnica-zare\/","url":"https:\/\/radioljubuski.ba\/index.php\/2022\/08\/05\/znate-li-tko-je-marta-ortega-vlasnica-zare\/","name":"Znate li tko je Marta Ortega \u2013 vlasnica Zare? - RADIO LJUBU\u0160KI","isPartOf":{"@id":"https:\/\/radioljubuski.ba\/#website"},"primaryImageOfPage":{"@id":"https:\/\/radioljubuski.ba\/index.php\/2022\/08\/05\/znate-li-tko-je-marta-ortega-vlasnica-zare\/#primaryimage"},"image":{"@id":"https:\/\/radioljubuski.ba\/index.php\/2022\/08\/05\/znate-li-tko-je-marta-ortega-vlasnica-zare\/#primaryimage"},"thumbnailUrl":"https:\/\/radioljubuski.ba\/wp-content\/uploads\/2022\/08\/aef0ce8c-65c4-425c-afcc-3c6834438ba7.jpg","datePublished":"2022-08-05T08:44:33+00:00","dateModified":"2022-08-05T08:44:34+00:00","breadcrumb":{"@id":"https:\/\/radioljubuski.ba\/index.php\/2022\/08\/05\/znate-li-tko-je-marta-ortega-vlasnica-zare\/#breadcrumb"},"inLanguage":"hr","potentialAction":[{"@type":"ReadAction","target":["https:\/\/radioljubuski.ba\/index.php\/2022\/08\/05\/znate-li-tko-je-marta-ortega-vlasnica-zare\/"]}]},{"@type":"ImageObject","inLanguage":"hr","@id":"https:\/\/radioljubuski.ba\/index.php\/2022\/08\/05\/znate-li-tko-je-marta-ortega-vlasnica-zare\/#primaryimage","url":"https:\/\/radioljubuski.ba\/wp-content\/uploads\/2022\/08\/aef0ce8c-65c4-425c-afcc-3c6834438ba7.jpg","contentUrl":"https:\/\/radioljubuski.ba\/wp-content\/uploads\/2022\/08\/aef0ce8c-65c4-425c-afcc-3c6834438ba7.jpg","width":1600,"height":1066},{"@type":"BreadcrumbList","@id":"https:\/\/radioljubuski.ba\/index.php\/2022\/08\/05\/znate-li-tko-je-marta-ortega-vlasnica-zare\/#breadcrumb","itemListElement":[{"@type":"ListItem","position":1,"name":"Po\u010detna stranica","item":"https:\/\/radioljubuski.ba\/"},{"@type":"ListItem","position":2,"name":"Znate li tko je Marta Ortega \u2013 vlasnica Zare?"}]},{"@type":"WebSite","@id":"https:\/\/radioljubuski.ba\/#website","url":"https:\/\/radioljubuski.ba\/","name":"Radio Ljubu\u0161ki","description":"Sun\u010dana frekvencija Hercegovine","publisher":{"@id":"https:\/\/radioljubuski.ba\/#organization"},"potentialAction":[{"@type":"SearchAction","target":{"@type":"EntryPoint","urlTemplate":"https:\/\/radioljubuski.ba\/?s={search_term_string}"},"query-input":{"@type":"PropertyValueSpecification","valueRequired":true,"valueName":"search_term_string"}}],"inLanguage":"hr"},{"@type":"Organization","@id":"https:\/\/radioljubuski.ba\/#organization","name":"Radio Ljubu\u0161ki","url":"https:\/\/radioljubuski.ba\/","logo":{"@type":"ImageObject","inLanguage":"hr","@id":"https:\/\/radioljubuski.ba\/#\/schema\/logo\/image\/","url":"https:\/\/radioljubuski.ba\/wp-content\/uploads\/2021\/02\/cropped-Radio_Ljubuski_logo1.jpg","contentUrl":"https:\/\/radioljubuski.ba\/wp-content\/uploads\/2021\/02\/cropped-Radio_Ljubuski_logo1.jpg","width":512,"height":512,"caption":"Radio Ljubu\u0161ki"},"image":{"@id":"https:\/\/radioljubuski.ba\/#\/schema\/logo\/image\/"},"sameAs":["https:\/\/www.facebook.com\/Radiio-Ljubuski-1490835324566332","https:\/\/x.com\/radioljubuski","https:\/\/hr.linkedin.com\/company\/radio-ljubuski","https:\/\/www.youtube.com\/channel\/UCHYaeO_n0Db3tjNGudGpXyw"]},{"@type":"Person","@id":"https:\/\/radioljubuski.ba\/#\/schema\/person\/19fc700381a780f69665d7956c469e3b","name":"Radio Ljubu\u0161ki"}]}},"_links":{"self":[{"href":"https:\/\/radioljubuski.ba\/index.php\/wp-json\/wp\/v2\/posts\/166700","targetHints":{"allow":["GET"]}}],"collection":[{"href":"https:\/\/radioljubuski.ba\/index.php\/wp-json\/wp\/v2\/posts"}],"about":[{"href":"https:\/\/radioljubuski.ba\/index.php\/wp-json\/wp\/v2\/types\/post"}],"author":[{"embeddable":true,"href":"https:\/\/radioljubuski.ba\/index.php\/wp-json\/wp\/v2\/users\/2"}],"replies":[{"embeddable":true,"href":"https:\/\/radioljubuski.ba\/index.php\/wp-json\/wp\/v2\/comments?post=166700"}],"version-history":[{"count":1,"href":"https:\/\/radioljubuski.ba\/index.php\/wp-json\/wp\/v2\/posts\/166700\/revisions"}],"predecessor-version":[{"id":166702,"href":"https:\/\/radioljubuski.ba\/index.php\/wp-json\/wp\/v2\/posts\/166700\/revisions\/166702"}],"wp:featuredmedia":[{"embeddable":true,"href":"https:\/\/radioljubuski.ba\/index.php\/wp-json\/wp\/v2\/media\/166701"}],"wp:attachment":[{"href":"https:\/\/radioljubuski.ba\/index.php\/wp-json\/wp\/v2\/media?parent=166700"}],"wp:term":[{"taxonomy":"category","embeddable":true,"href":"https:\/\/radioljubuski.ba\/index.php\/wp-json\/wp\/v2\/categories?post=166700"},{"taxonomy":"post_tag","embeddable":true,"href":"https:\/\/radioljubuski.ba\/index.php\/wp-json\/wp\/v2\/tags?post=166700"}],"curies":[{"name":"wp","href":"https:\/\/api.w.org\/{rel}","templated":true}]}}