{"id":166706,"date":"2022-08-05T10:10:18","date_gmt":"2022-08-05T09:10:18","guid":{"rendered":"https:\/\/radioljubuski.ba\/?p=166706"},"modified":"2022-08-05T10:10:19","modified_gmt":"2022-08-05T09:10:19","slug":"sip-skinuo-kandidata-sda-sa-liste-za-listopadske-izbore-evo-zbog-cega","status":"publish","type":"post","link":"https:\/\/radioljubuski.ba\/index.php\/2022\/08\/05\/sip-skinuo-kandidata-sda-sa-liste-za-listopadske-izbore-evo-zbog-cega\/","title":{"rendered":"SIP skinuo kandidata SDA sa liste za listopadske izbore, evo zbog \u010dega"},"content":{"rendered":"\n<p><strong>Sredi\u0161nje izborno povjerenstvo BiH poni\u0161tilo je ju\u010der kandidaturu i skinula s kandidatske liste SDA za Zastupni\u010dki, dom Parlamenta FBiH Begana Muhi\u0107a, generalnog konzula BiH u Stuttgartu, zbog kr\u0161enja Izbornog zakona.<\/strong><\/p>\n\n\n\n<p>Suad Arnautovi\u0107, predsjedavaju\u0107i SIP-a napomenuo je da je Izbornim zakonom precizirano koje se osobe zbog posla ne mogu kandidirati za javnu izbornu funkciju, osim ako prethodno podnesu ostavku, uklju\u010duju\u0107i i diplomatske i konzularne predstavnike BiH u inostranstvu.<\/p>\n\n\n\n<p>On je naveo da Muhi\u0107 nije rije\u0161io svoj status zbog \u010dega se poni\u0161tava ovjera njegove kandidature i skida njegovo ime s kandidatske liste.<\/p>\n\n\n\n<p>\u017deljko Bakalar, \u010dlan SIP-a, rekao je da \u0107e kandidatske liste uskoro biti date na uvid javnosti. On je pozvao sve gra\u0111ane, bira\u010de u BiH da izvr\u0161e uvid u liste i da, ako imaju saznanja da se na kandidatskim listama nalaze osobe koja tu ne mogu biti, to prijave SIP-u.<\/p>\n\n\n\n<p>Arnautovi\u0107 je istaknuo da su kandidatske liste za op\u0107e izbore 2. kolovoza ovjerene, a da postupak tiskanja kre\u0107e 8. kolovoza.<\/p>\n\n\n\n<p>\/HMS\/<\/p>\n","protected":false},"excerpt":{"rendered":"<p>Sredi\u0161nje izborno povjerenstvo BiH poni\u0161tilo je ju\u010der kandidaturu i skinula s kandidatske liste SDA za Zastupni\u010dki, dom Parlamenta FBiH Begana Muhi\u0107a, generalnog konzula BiH u Stuttgartu, zbog kr\u0161enja Izbornog zakona. Suad Arnautovi\u0107, predsjedavaju\u0107i SIP-a napomenuo je da je Izbornim zakonom precizirano koje se osobe zbog posla ne mogu kandidirati za javnu izbornu funkciju, osim ako [&hellip;]<\/p>\n","protected":false},"author":2,"featured_media":166707,"comment_status":"closed","ping_status":"closed","sticky":false,"template":"","format":"standard","meta":{"h5ap_radio_sources":[],"footnotes":""},"categories":[1],"tags":[],"class_list":["post-166706","post","type-post","status-publish","format-standard","has-post-thumbnail","hentry","category-bihiregija"],"yoast_head":"<!-- This site is optimized with the Yoast SEO plugin v27.4 - https:\/\/yoast.com\/product\/yoast-seo-wordpress\/ -->\n<title>SIP skinuo kandidata SDA sa liste za listopadske izbore, evo zbog \u010dega - RADIO LJUBU\u0160KI<\/title>\n<meta name=\"robots\" content=\"index, follow, max-snippet:-1, max-image-preview:large, max-video-preview:-1\" \/>\n<link rel=\"canonical\" href=\"https:\/\/radioljubuski.ba\/index.php\/2022\/08\/05\/sip-skinuo-kandidata-sda-sa-liste-za-listopadske-izbore-evo-zbog-cega\/\" \/>\n<meta property=\"og:locale\" content=\"hr_HR\" \/>\n<meta property=\"og:type\" content=\"article\" \/>\n<meta property=\"og:title\" content=\"SIP skinuo kandidata SDA sa liste za listopadske izbore, evo zbog \u010dega - RADIO LJUBU\u0160KI\" \/>\n<meta property=\"og:description\" content=\"Sredi\u0161nje izborno povjerenstvo BiH poni\u0161tilo je ju\u010der kandidaturu i skinula s kandidatske liste SDA za Zastupni\u010dki, dom Parlamenta FBiH Begana Muhi\u0107a, generalnog konzula BiH u Stuttgartu, zbog kr\u0161enja Izbornog zakona. Suad Arnautovi\u0107, predsjedavaju\u0107i SIP-a napomenuo je da je Izbornim zakonom precizirano koje se osobe zbog posla ne mogu kandidirati za javnu izbornu funkciju, osim ako [&hellip;]\" \/>\n<meta property=\"og:url\" content=\"https:\/\/radioljubuski.ba\/index.php\/2022\/08\/05\/sip-skinuo-kandidata-sda-sa-liste-za-listopadske-izbore-evo-zbog-cega\/\" \/>\n<meta property=\"og:site_name\" content=\"RADIO LJUBU\u0160KI\" \/>\n<meta property=\"article:publisher\" content=\"https:\/\/www.facebook.com\/Radiio-Ljubuski-1490835324566332\" \/>\n<meta property=\"article:published_time\" content=\"2022-08-05T09:10:18+00:00\" \/>\n<meta property=\"article:modified_time\" content=\"2022-08-05T09:10:19+00:00\" \/>\n<meta property=\"og:image\" content=\"https:\/\/radioljubuski.ba\/wp-content\/uploads\/2022\/08\/began-muhic-facebook-2.jpg\" \/>\n\t<meta property=\"og:image:width\" content=\"710\" \/>\n\t<meta property=\"og:image:height\" content=\"380\" \/>\n\t<meta property=\"og:image:type\" content=\"image\/jpeg\" \/>\n<meta name=\"author\" content=\"Radio Ljubu\u0161ki\" \/>\n<meta name=\"twitter:card\" content=\"summary_large_image\" \/>\n<meta name=\"twitter:creator\" content=\"@radioljubuski\" \/>\n<meta name=\"twitter:site\" content=\"@radioljubuski\" \/>\n<meta name=\"twitter:label1\" content=\"Napisao\/la\" \/>\n\t<meta name=\"twitter:data1\" content=\"Radio Ljubu\u0161ki\" \/>\n\t<meta name=\"twitter:label2\" content=\"Procijenjeno vrijeme \u010ditanja\" \/>\n\t<meta name=\"twitter:data2\" content=\"1 minuta\" \/>\n<script type=\"application\/ld+json\" class=\"yoast-schema-graph\">{\"@context\":\"https:\\\/\\\/schema.org\",\"@graph\":[{\"@type\":\"Article\",\"@id\":\"https:\\\/\\\/radioljubuski.ba\\\/index.php\\\/2022\\\/08\\\/05\\\/sip-skinuo-kandidata-sda-sa-liste-za-listopadske-izbore-evo-zbog-cega\\\/#article\",\"isPartOf\":{\"@id\":\"https:\\\/\\\/radioljubuski.ba\\\/index.php\\\/2022\\\/08\\\/05\\\/sip-skinuo-kandidata-sda-sa-liste-za-listopadske-izbore-evo-zbog-cega\\\/\"},\"author\":{\"name\":\"Radio Ljubu\u0161ki\",\"@id\":\"https:\\\/\\\/radioljubuski.ba\\\/#\\\/schema\\\/person\\\/19fc700381a780f69665d7956c469e3b\"},\"headline\":\"SIP skinuo kandidata SDA sa liste za listopadske izbore, evo zbog \u010dega\",\"datePublished\":\"2022-08-05T09:10:18+00:00\",\"dateModified\":\"2022-08-05T09:10:19+00:00\",\"mainEntityOfPage\":{\"@id\":\"https:\\\/\\\/radioljubuski.ba\\\/index.php\\\/2022\\\/08\\\/05\\\/sip-skinuo-kandidata-sda-sa-liste-za-listopadske-izbore-evo-zbog-cega\\\/\"},\"wordCount\":186,\"publisher\":{\"@id\":\"https:\\\/\\\/radioljubuski.ba\\\/#organization\"},\"image\":{\"@id\":\"https:\\\/\\\/radioljubuski.ba\\\/index.php\\\/2022\\\/08\\\/05\\\/sip-skinuo-kandidata-sda-sa-liste-za-listopadske-izbore-evo-zbog-cega\\\/#primaryimage\"},\"thumbnailUrl\":\"https:\\\/\\\/radioljubuski.ba\\\/wp-content\\\/uploads\\\/2022\\\/08\\\/began-muhic-facebook-2.jpg\",\"articleSection\":[\"BIH i regija\"],\"inLanguage\":\"hr\"},{\"@type\":\"WebPage\",\"@id\":\"https:\\\/\\\/radioljubuski.ba\\\/index.php\\\/2022\\\/08\\\/05\\\/sip-skinuo-kandidata-sda-sa-liste-za-listopadske-izbore-evo-zbog-cega\\\/\",\"url\":\"https:\\\/\\\/radioljubuski.ba\\\/index.php\\\/2022\\\/08\\\/05\\\/sip-skinuo-kandidata-sda-sa-liste-za-listopadske-izbore-evo-zbog-cega\\\/\",\"name\":\"SIP skinuo kandidata SDA sa liste za listopadske izbore, evo zbog \u010dega - RADIO LJUBU\u0160KI\",\"isPartOf\":{\"@id\":\"https:\\\/\\\/radioljubuski.ba\\\/#website\"},\"primaryImageOfPage\":{\"@id\":\"https:\\\/\\\/radioljubuski.ba\\\/index.php\\\/2022\\\/08\\\/05\\\/sip-skinuo-kandidata-sda-sa-liste-za-listopadske-izbore-evo-zbog-cega\\\/#primaryimage\"},\"image\":{\"@id\":\"https:\\\/\\\/radioljubuski.ba\\\/index.php\\\/2022\\\/08\\\/05\\\/sip-skinuo-kandidata-sda-sa-liste-za-listopadske-izbore-evo-zbog-cega\\\/#primaryimage\"},\"thumbnailUrl\":\"https:\\\/\\\/radioljubuski.ba\\\/wp-content\\\/uploads\\\/2022\\\/08\\\/began-muhic-facebook-2.jpg\",\"datePublished\":\"2022-08-05T09:10:18+00:00\",\"dateModified\":\"2022-08-05T09:10:19+00:00\",\"breadcrumb\":{\"@id\":\"https:\\\/\\\/radioljubuski.ba\\\/index.php\\\/2022\\\/08\\\/05\\\/sip-skinuo-kandidata-sda-sa-liste-za-listopadske-izbore-evo-zbog-cega\\\/#breadcrumb\"},\"inLanguage\":\"hr\",\"potentialAction\":[{\"@type\":\"ReadAction\",\"target\":[\"https:\\\/\\\/radioljubuski.ba\\\/index.php\\\/2022\\\/08\\\/05\\\/sip-skinuo-kandidata-sda-sa-liste-za-listopadske-izbore-evo-zbog-cega\\\/\"]}]},{\"@type\":\"ImageObject\",\"inLanguage\":\"hr\",\"@id\":\"https:\\\/\\\/radioljubuski.ba\\\/index.php\\\/2022\\\/08\\\/05\\\/sip-skinuo-kandidata-sda-sa-liste-za-listopadske-izbore-evo-zbog-cega\\\/#primaryimage\",\"url\":\"https:\\\/\\\/radioljubuski.ba\\\/wp-content\\\/uploads\\\/2022\\\/08\\\/began-muhic-facebook-2.jpg\",\"contentUrl\":\"https:\\\/\\\/radioljubuski.ba\\\/wp-content\\\/uploads\\\/2022\\\/08\\\/began-muhic-facebook-2.jpg\",\"width\":710,\"height\":380},{\"@type\":\"BreadcrumbList\",\"@id\":\"https:\\\/\\\/radioljubuski.ba\\\/index.php\\\/2022\\\/08\\\/05\\\/sip-skinuo-kandidata-sda-sa-liste-za-listopadske-izbore-evo-zbog-cega\\\/#breadcrumb\",\"itemListElement\":[{\"@type\":\"ListItem\",\"position\":1,\"name\":\"Po\u010detna stranica\",\"item\":\"https:\\\/\\\/radioljubuski.ba\\\/\"},{\"@type\":\"ListItem\",\"position\":2,\"name\":\"SIP skinuo kandidata SDA sa liste za listopadske izbore, evo zbog \u010dega\"}]},{\"@type\":\"WebSite\",\"@id\":\"https:\\\/\\\/radioljubuski.ba\\\/#website\",\"url\":\"https:\\\/\\\/radioljubuski.ba\\\/\",\"name\":\"Radio Ljubu\u0161ki\",\"description\":\"Sun\u010dana frekvencija Hercegovine\",\"publisher\":{\"@id\":\"https:\\\/\\\/radioljubuski.ba\\\/#organization\"},\"potentialAction\":[{\"@type\":\"SearchAction\",\"target\":{\"@type\":\"EntryPoint\",\"urlTemplate\":\"https:\\\/\\\/radioljubuski.ba\\\/?s={search_term_string}\"},\"query-input\":{\"@type\":\"PropertyValueSpecification\",\"valueRequired\":true,\"valueName\":\"search_term_string\"}}],\"inLanguage\":\"hr\"},{\"@type\":\"Organization\",\"@id\":\"https:\\\/\\\/radioljubuski.ba\\\/#organization\",\"name\":\"Radio Ljubu\u0161ki\",\"url\":\"https:\\\/\\\/radioljubuski.ba\\\/\",\"logo\":{\"@type\":\"ImageObject\",\"inLanguage\":\"hr\",\"@id\":\"https:\\\/\\\/radioljubuski.ba\\\/#\\\/schema\\\/logo\\\/image\\\/\",\"url\":\"https:\\\/\\\/radioljubuski.ba\\\/wp-content\\\/uploads\\\/2021\\\/02\\\/cropped-Radio_Ljubuski_logo1.jpg\",\"contentUrl\":\"https:\\\/\\\/radioljubuski.ba\\\/wp-content\\\/uploads\\\/2021\\\/02\\\/cropped-Radio_Ljubuski_logo1.jpg\",\"width\":512,\"height\":512,\"caption\":\"Radio Ljubu\u0161ki\"},\"image\":{\"@id\":\"https:\\\/\\\/radioljubuski.ba\\\/#\\\/schema\\\/logo\\\/image\\\/\"},\"sameAs\":[\"https:\\\/\\\/www.facebook.com\\\/Radiio-Ljubuski-1490835324566332\",\"https:\\\/\\\/x.com\\\/radioljubuski\",\"https:\\\/\\\/hr.linkedin.com\\\/company\\\/radio-ljubuski\",\"https:\\\/\\\/www.youtube.com\\\/channel\\\/UCHYaeO_n0Db3tjNGudGpXyw\"]},{\"@type\":\"Person\",\"@id\":\"https:\\\/\\\/radioljubuski.ba\\\/#\\\/schema\\\/person\\\/19fc700381a780f69665d7956c469e3b\",\"name\":\"Radio Ljubu\u0161ki\"}]}<\/script>\n<!-- \/ Yoast SEO plugin. -->","yoast_head_json":{"title":"SIP skinuo kandidata SDA sa liste za listopadske izbore, evo zbog \u010dega - RADIO LJUBU\u0160KI","robots":{"index":"index","follow":"follow","max-snippet":"max-snippet:-1","max-image-preview":"max-image-preview:large","max-video-preview":"max-video-preview:-1"},"canonical":"https:\/\/radioljubuski.ba\/index.php\/2022\/08\/05\/sip-skinuo-kandidata-sda-sa-liste-za-listopadske-izbore-evo-zbog-cega\/","og_locale":"hr_HR","og_type":"article","og_title":"SIP skinuo kandidata SDA sa liste za listopadske izbore, evo zbog \u010dega - RADIO LJUBU\u0160KI","og_description":"Sredi\u0161nje izborno povjerenstvo BiH poni\u0161tilo je ju\u010der kandidaturu i skinula s kandidatske liste SDA za Zastupni\u010dki, dom Parlamenta FBiH Begana Muhi\u0107a, generalnog konzula BiH u Stuttgartu, zbog kr\u0161enja Izbornog zakona. Suad Arnautovi\u0107, predsjedavaju\u0107i SIP-a napomenuo je da je Izbornim zakonom precizirano koje se osobe zbog posla ne mogu kandidirati za javnu izbornu funkciju, osim ako [&hellip;]","og_url":"https:\/\/radioljubuski.ba\/index.php\/2022\/08\/05\/sip-skinuo-kandidata-sda-sa-liste-za-listopadske-izbore-evo-zbog-cega\/","og_site_name":"RADIO LJUBU\u0160KI","article_publisher":"https:\/\/www.facebook.com\/Radiio-Ljubuski-1490835324566332","article_published_time":"2022-08-05T09:10:18+00:00","article_modified_time":"2022-08-05T09:10:19+00:00","og_image":[{"width":710,"height":380,"url":"https:\/\/radioljubuski.ba\/wp-content\/uploads\/2022\/08\/began-muhic-facebook-2.jpg","type":"image\/jpeg"}],"author":"Radio Ljubu\u0161ki","twitter_card":"summary_large_image","twitter_creator":"@radioljubuski","twitter_site":"@radioljubuski","twitter_misc":{"Napisao\/la":"Radio Ljubu\u0161ki","Procijenjeno vrijeme \u010ditanja":"1 minuta"},"schema":{"@context":"https:\/\/schema.org","@graph":[{"@type":"Article","@id":"https:\/\/radioljubuski.ba\/index.php\/2022\/08\/05\/sip-skinuo-kandidata-sda-sa-liste-za-listopadske-izbore-evo-zbog-cega\/#article","isPartOf":{"@id":"https:\/\/radioljubuski.ba\/index.php\/2022\/08\/05\/sip-skinuo-kandidata-sda-sa-liste-za-listopadske-izbore-evo-zbog-cega\/"},"author":{"name":"Radio Ljubu\u0161ki","@id":"https:\/\/radioljubuski.ba\/#\/schema\/person\/19fc700381a780f69665d7956c469e3b"},"headline":"SIP skinuo kandidata SDA sa liste za listopadske izbore, evo zbog \u010dega","datePublished":"2022-08-05T09:10:18+00:00","dateModified":"2022-08-05T09:10:19+00:00","mainEntityOfPage":{"@id":"https:\/\/radioljubuski.ba\/index.php\/2022\/08\/05\/sip-skinuo-kandidata-sda-sa-liste-za-listopadske-izbore-evo-zbog-cega\/"},"wordCount":186,"publisher":{"@id":"https:\/\/radioljubuski.ba\/#organization"},"image":{"@id":"https:\/\/radioljubuski.ba\/index.php\/2022\/08\/05\/sip-skinuo-kandidata-sda-sa-liste-za-listopadske-izbore-evo-zbog-cega\/#primaryimage"},"thumbnailUrl":"https:\/\/radioljubuski.ba\/wp-content\/uploads\/2022\/08\/began-muhic-facebook-2.jpg","articleSection":["BIH i regija"],"inLanguage":"hr"},{"@type":"WebPage","@id":"https:\/\/radioljubuski.ba\/index.php\/2022\/08\/05\/sip-skinuo-kandidata-sda-sa-liste-za-listopadske-izbore-evo-zbog-cega\/","url":"https:\/\/radioljubuski.ba\/index.php\/2022\/08\/05\/sip-skinuo-kandidata-sda-sa-liste-za-listopadske-izbore-evo-zbog-cega\/","name":"SIP skinuo kandidata SDA sa liste za listopadske izbore, evo zbog \u010dega - RADIO LJUBU\u0160KI","isPartOf":{"@id":"https:\/\/radioljubuski.ba\/#website"},"primaryImageOfPage":{"@id":"https:\/\/radioljubuski.ba\/index.php\/2022\/08\/05\/sip-skinuo-kandidata-sda-sa-liste-za-listopadske-izbore-evo-zbog-cega\/#primaryimage"},"image":{"@id":"https:\/\/radioljubuski.ba\/index.php\/2022\/08\/05\/sip-skinuo-kandidata-sda-sa-liste-za-listopadske-izbore-evo-zbog-cega\/#primaryimage"},"thumbnailUrl":"https:\/\/radioljubuski.ba\/wp-content\/uploads\/2022\/08\/began-muhic-facebook-2.jpg","datePublished":"2022-08-05T09:10:18+00:00","dateModified":"2022-08-05T09:10:19+00:00","breadcrumb":{"@id":"https:\/\/radioljubuski.ba\/index.php\/2022\/08\/05\/sip-skinuo-kandidata-sda-sa-liste-za-listopadske-izbore-evo-zbog-cega\/#breadcrumb"},"inLanguage":"hr","potentialAction":[{"@type":"ReadAction","target":["https:\/\/radioljubuski.ba\/index.php\/2022\/08\/05\/sip-skinuo-kandidata-sda-sa-liste-za-listopadske-izbore-evo-zbog-cega\/"]}]},{"@type":"ImageObject","inLanguage":"hr","@id":"https:\/\/radioljubuski.ba\/index.php\/2022\/08\/05\/sip-skinuo-kandidata-sda-sa-liste-za-listopadske-izbore-evo-zbog-cega\/#primaryimage","url":"https:\/\/radioljubuski.ba\/wp-content\/uploads\/2022\/08\/began-muhic-facebook-2.jpg","contentUrl":"https:\/\/radioljubuski.ba\/wp-content\/uploads\/2022\/08\/began-muhic-facebook-2.jpg","width":710,"height":380},{"@type":"BreadcrumbList","@id":"https:\/\/radioljubuski.ba\/index.php\/2022\/08\/05\/sip-skinuo-kandidata-sda-sa-liste-za-listopadske-izbore-evo-zbog-cega\/#breadcrumb","itemListElement":[{"@type":"ListItem","position":1,"name":"Po\u010detna stranica","item":"https:\/\/radioljubuski.ba\/"},{"@type":"ListItem","position":2,"name":"SIP skinuo kandidata SDA sa liste za listopadske izbore, evo zbog \u010dega"}]},{"@type":"WebSite","@id":"https:\/\/radioljubuski.ba\/#website","url":"https:\/\/radioljubuski.ba\/","name":"Radio Ljubu\u0161ki","description":"Sun\u010dana frekvencija Hercegovine","publisher":{"@id":"https:\/\/radioljubuski.ba\/#organization"},"potentialAction":[{"@type":"SearchAction","target":{"@type":"EntryPoint","urlTemplate":"https:\/\/radioljubuski.ba\/?s={search_term_string}"},"query-input":{"@type":"PropertyValueSpecification","valueRequired":true,"valueName":"search_term_string"}}],"inLanguage":"hr"},{"@type":"Organization","@id":"https:\/\/radioljubuski.ba\/#organization","name":"Radio Ljubu\u0161ki","url":"https:\/\/radioljubuski.ba\/","logo":{"@type":"ImageObject","inLanguage":"hr","@id":"https:\/\/radioljubuski.ba\/#\/schema\/logo\/image\/","url":"https:\/\/radioljubuski.ba\/wp-content\/uploads\/2021\/02\/cropped-Radio_Ljubuski_logo1.jpg","contentUrl":"https:\/\/radioljubuski.ba\/wp-content\/uploads\/2021\/02\/cropped-Radio_Ljubuski_logo1.jpg","width":512,"height":512,"caption":"Radio Ljubu\u0161ki"},"image":{"@id":"https:\/\/radioljubuski.ba\/#\/schema\/logo\/image\/"},"sameAs":["https:\/\/www.facebook.com\/Radiio-Ljubuski-1490835324566332","https:\/\/x.com\/radioljubuski","https:\/\/hr.linkedin.com\/company\/radio-ljubuski","https:\/\/www.youtube.com\/channel\/UCHYaeO_n0Db3tjNGudGpXyw"]},{"@type":"Person","@id":"https:\/\/radioljubuski.ba\/#\/schema\/person\/19fc700381a780f69665d7956c469e3b","name":"Radio Ljubu\u0161ki"}]}},"_links":{"self":[{"href":"https:\/\/radioljubuski.ba\/index.php\/wp-json\/wp\/v2\/posts\/166706","targetHints":{"allow":["GET"]}}],"collection":[{"href":"https:\/\/radioljubuski.ba\/index.php\/wp-json\/wp\/v2\/posts"}],"about":[{"href":"https:\/\/radioljubuski.ba\/index.php\/wp-json\/wp\/v2\/types\/post"}],"author":[{"embeddable":true,"href":"https:\/\/radioljubuski.ba\/index.php\/wp-json\/wp\/v2\/users\/2"}],"replies":[{"embeddable":true,"href":"https:\/\/radioljubuski.ba\/index.php\/wp-json\/wp\/v2\/comments?post=166706"}],"version-history":[{"count":1,"href":"https:\/\/radioljubuski.ba\/index.php\/wp-json\/wp\/v2\/posts\/166706\/revisions"}],"predecessor-version":[{"id":166708,"href":"https:\/\/radioljubuski.ba\/index.php\/wp-json\/wp\/v2\/posts\/166706\/revisions\/166708"}],"wp:featuredmedia":[{"embeddable":true,"href":"https:\/\/radioljubuski.ba\/index.php\/wp-json\/wp\/v2\/media\/166707"}],"wp:attachment":[{"href":"https:\/\/radioljubuski.ba\/index.php\/wp-json\/wp\/v2\/media?parent=166706"}],"wp:term":[{"taxonomy":"category","embeddable":true,"href":"https:\/\/radioljubuski.ba\/index.php\/wp-json\/wp\/v2\/categories?post=166706"},{"taxonomy":"post_tag","embeddable":true,"href":"https:\/\/radioljubuski.ba\/index.php\/wp-json\/wp\/v2\/tags?post=166706"}],"curies":[{"name":"wp","href":"https:\/\/api.w.org\/{rel}","templated":true}]}}