{"id":166709,"date":"2022-08-05T10:11:45","date_gmt":"2022-08-05T09:11:45","guid":{"rendered":"https:\/\/radioljubuski.ba\/?p=166709"},"modified":"2022-08-05T10:11:47","modified_gmt":"2022-08-05T09:11:47","slug":"militantna-kampanja-protiv-hrvata-i-schmidta-koristi-se-i-u-predizborne-svrhe","status":"publish","type":"post","link":"https:\/\/radioljubuski.ba\/index.php\/2022\/08\/05\/militantna-kampanja-protiv-hrvata-i-schmidta-koristi-se-i-u-predizborne-svrhe\/","title":{"rendered":"Militantna kampanja protiv Hrvata i Schmidta koristi se i u predizborne svrhe"},"content":{"rendered":"\n<p><strong>Ne prestaje se s militantnim porukama, prijetnjama nasiljem i ratom, nastavkom prave \u0161ovinisti\u010dke kampanje prema Hrvatima u BiH u \u0161to su se upleli i pojedini vjerski predstavnici, a ju\u010der su posve \u201cneprimjetno\u201d \u0161irom Bosne i Hercegovine objavljeni plakati s biv\u0161im pripadnicima bo\u0161nja\u010dke Armije BiH i MUP-a, pi\u0161e <a href=\"https:\/\/m.vecernji.ba\/vijesti\/militantna-kampanja-protiv-hrvata-i-schmidta-koristi-se-i-u-predizborne-svrhe-1607159\">Ve\u010dernji list BiH<\/a>.<\/strong><\/p>\n\n\n\n<p><strong>Svi Bo\u0161njaci<\/strong><\/p>\n\n\n\n<p>Na svih 45 plakata nalaze se Bo\u0161njaci, a akcija ima zajedni\u010dki naziv \u201cI ja sam branio BiH\u201d. Ove je plakate postavila javna ustanova \u201cFond memorijala \u017eupanije Sarajevo\u201d.<\/p>\n\n\n\n<p>Nije bilo mjesta ni za jednoga Srbina ili Hrvata na ovim plakatima. Kako su objasnili organizatori, sudionici svjedo\u010de svojim \u017eivotopisima zbog \u010dega su stali u redove Armije BiH. Sa svakim bo\u0161nja\u010dkim braniteljem ura\u0111en je i videointervju. \u2013 Me\u0111u nama \u017eive heroji \u2013 oni koji su \u017ertvovali sebe za na\u0161 opstanak, za na\u0161u slobodu, ponos, \u010dast, za Domovinu!<\/p>\n\n\n\n<p>Bosnu i Hercegovinu branile su i majke ispra\u0107aju\u0107i sinove, supruge ispra\u0107aju\u0107i mu\u017eeve, sestre bra\u0107u, djeca odvajaju\u0107i se od o\u010deva \u2013 i svi su oni zajedno podnosili \u017ertvu za svoju zemlju \u2013 navedeno je u obja\u0161njenju organizacije. Zanimljivo je da ova plakat-revolucija, odnosno svojevrsno obilje\u017eavanje teritorija dolazi u vrijeme pove\u0107anih napetosti i stalnih prijetnji nasiljem, pa \u010dak i otvorenim pozivima na okupljanja i \u201cprebrojavanja\u201d, \u0161to miri\u0161e na sukobe i rat. Prije svega, to je \u201cmodus operandi\u201d vode\u0107e bo\u0161nja\u010dke Stranke demokratske akcije i njezina lidera Bakira Izetbegovi\u0107a koji istodobno vodi dvije razli\u010dite bitke koriste\u0107i isto \u201cstreljivo\u201d. Uspio je, naime, zbog vlastite ratnohu\u0161ka\u010dke kampanje uvu\u0107i i druge probo\u0161nja\u010dke stranke promoviraju\u0107i nasilje i mr\u017enju kao oblik borbe protiv Hrvata u BiH te usput prijetiti me\u0111unarodnoj zajednici s jedne strane, a s druge strane mobilizirati vlastito bira\u010dko tijelo.<\/p>\n\n\n\n<p>SDA je uz pomo\u0107 svojih satelita uspjela prebaciti i fokus sa \u017eivotnih problema na velike nacionalne teme oko \u010dega su zaokupljeni i radikali iz toga naroda koji su pozicionirani u institucijama zapadnih dr\u017eava. Time se stalno podgrijavaju napetosti \u010diji je cilj posve sprije\u010diti izbornu reformu i Zapad uvjeriti kako bi u suprotnom Bo\u0161njaci mogli izazvati nasilje i rat. Gotovo identi\u010dan rje\u010dnik Bakira Izetbegovi\u0107a o prebrojavanju iskoristio je i poglavar Islamske zajednice, \u010dime se tako\u0111er priklju\u010dio kampanji SDA. \u2013 Moramo znati kuda idemo, moramo znati za kim idemo, moramo poznavati onoga koji staje ispred nas, moramo znati kakav je \u010dovjek, moramo znati u \u0161to vjeruje, moramo znati je li hrabar, moramo znati ho\u0107e li nas ostaviti kada bude te\u0161ko. Ovih dana \u010dujem glasove koji pitaju za\u0161to nas prebrojavaju. \u017delim vam sasvim iskreno kazati \u2013 da se nismo prebrojavali onda kada se trebalo prebrojavati, ne bismo ovdje bili danas. Ovo mjesto bilo bi u tu\u0111im rukama. Naravno da \u0107emo se prebrojavati \u2013 njegove su rije\u010di. Na sli\u010dan scenarij, ali od posve drugih autora, upozorava biv\u0161i ministar obrane u Vladi Velike Britanije Michael Fallon za britanski list \u201cThe Telegraph\u201d. On je objavio komentar u kojemu se osvrnuo na sigurnosnu situaciju na Balkanu \u201cu kontekstu ruskih utjecaja\u201d. \u2013 Iako smo s pravom fokusirani na te\u0161ku situaciju u Ukrajini, trebali bismo se probuditi zbog zapaljive situacije na zapadnom Balkanu. Preko svog srpskog zastupnika Rusija jo\u0161 jednom ispituje europsku slabost \u2013 pi\u0161e Fallon. Istaknuo je kako su neovisne zemlje poput Kosova i BiH \u201csljede\u0107a linija fronta\u201d jer predstavljaju krhke demokracije, a i obje su izvan NATO-a i EU-a.<\/p>\n\n\n\n<p><strong>Teroristi\u010dki napadi<\/strong><\/p>\n\n\n\n<p>Grani\u010dni prijepori, potaknuti \u201ccrnim operacijama\u201d mogu se lako preliti u \u0161iri sukob \u2013 napisao je ovaj ministar. Biv\u0161i visoki predstavnik Wolfgang Petritsch, me\u0111utim, ne vjeruje u takav scenarij. Prema njegovu mi\u0161ljenju, ve\u0107u prijetnju predstavlja terorizam.<\/p>\n\n\n\n<p>\u2013 To je poglavlje zatvoreno. Ono \u0161to se mo\u017ee dogoditi su teroristi\u010dki napadi, ali uvjeren sam da je NATO prisutan, u BiH imamo EUFOR. Geopoliti\u010dka situacija na Balkanu sada je druga\u010dija. Postoje zemlje konflikta koje su okru\u017eene NATO-om i to je pozitivna promjena koja pozitivno utje\u010de na budu\u0107nost BiH i Kosova. Za BiH je jako va\u017eno \u010dlanstvo u EU \u2013 rekao je ju\u010der Petritsch. Kako se bude pribli\u017eavalo \u0161est Schmidtovih tjedana za izbornu reformu, treba o\u010dekivati intenziviranje ratnohu\u0161ka\u010dkih poruka.<\/p>\n\n\n\n<p>\/HMS\/<\/p>\n","protected":false},"excerpt":{"rendered":"<p>Ne prestaje se s militantnim porukama, prijetnjama nasiljem i ratom, nastavkom prave \u0161ovinisti\u010dke kampanje prema Hrvatima u BiH u \u0161to su se upleli i pojedini vjerski predstavnici, a ju\u010der su posve \u201cneprimjetno\u201d \u0161irom Bosne i Hercegovine objavljeni plakati s biv\u0161im pripadnicima bo\u0161nja\u010dke Armije BiH i MUP-a, pi\u0161e Ve\u010dernji list BiH. Svi Bo\u0161njaci Na svih 45 [&hellip;]<\/p>\n","protected":false},"author":2,"featured_media":166710,"comment_status":"closed","ping_status":"closed","sticky":false,"template":"","format":"standard","meta":{"h5ap_radio_sources":[],"footnotes":""},"categories":[1],"tags":[],"class_list":["post-166709","post","type-post","status-publish","format-standard","has-post-thumbnail","hentry","category-bihiregija"],"yoast_head":"<!-- This site is optimized with the Yoast SEO plugin v27.4 - https:\/\/yoast.com\/product\/yoast-seo-wordpress\/ -->\n<title>Militantna kampanja protiv Hrvata i Schmidta koristi se i u predizborne svrhe - RADIO LJUBU\u0160KI<\/title>\n<meta name=\"robots\" content=\"index, follow, max-snippet:-1, max-image-preview:large, max-video-preview:-1\" \/>\n<link rel=\"canonical\" href=\"https:\/\/radioljubuski.ba\/index.php\/2022\/08\/05\/militantna-kampanja-protiv-hrvata-i-schmidta-koristi-se-i-u-predizborne-svrhe\/\" \/>\n<meta property=\"og:locale\" content=\"hr_HR\" \/>\n<meta property=\"og:type\" content=\"article\" \/>\n<meta property=\"og:title\" content=\"Militantna kampanja protiv Hrvata i Schmidta koristi se i u predizborne svrhe - RADIO LJUBU\u0160KI\" \/>\n<meta property=\"og:description\" content=\"Ne prestaje se s militantnim porukama, prijetnjama nasiljem i ratom, nastavkom prave \u0161ovinisti\u010dke kampanje prema Hrvatima u BiH u \u0161to su se upleli i pojedini vjerski predstavnici, a ju\u010der su posve \u201cneprimjetno\u201d \u0161irom Bosne i Hercegovine objavljeni plakati s biv\u0161im pripadnicima bo\u0161nja\u010dke Armije BiH i MUP-a, pi\u0161e Ve\u010dernji list BiH. Svi Bo\u0161njaci Na svih 45 [&hellip;]\" \/>\n<meta property=\"og:url\" content=\"https:\/\/radioljubuski.ba\/index.php\/2022\/08\/05\/militantna-kampanja-protiv-hrvata-i-schmidta-koristi-se-i-u-predizborne-svrhe\/\" \/>\n<meta property=\"og:site_name\" content=\"RADIO LJUBU\u0160KI\" \/>\n<meta property=\"article:publisher\" content=\"https:\/\/www.facebook.com\/Radiio-Ljubuski-1490835324566332\" \/>\n<meta property=\"article:published_time\" content=\"2022-08-05T09:11:45+00:00\" \/>\n<meta property=\"article:modified_time\" content=\"2022-08-05T09:11:47+00:00\" \/>\n<meta property=\"og:image\" content=\"https:\/\/radioljubuski.ba\/wp-content\/uploads\/2022\/08\/fbf06318c215a9b0eca1.jpeg\" \/>\n\t<meta property=\"og:image:width\" content=\"1200\" \/>\n\t<meta property=\"og:image:height\" content=\"630\" \/>\n\t<meta property=\"og:image:type\" content=\"image\/jpeg\" \/>\n<meta name=\"author\" content=\"Radio Ljubu\u0161ki\" \/>\n<meta name=\"twitter:card\" content=\"summary_large_image\" \/>\n<meta name=\"twitter:creator\" content=\"@radioljubuski\" \/>\n<meta name=\"twitter:site\" content=\"@radioljubuski\" \/>\n<meta name=\"twitter:label1\" content=\"Napisao\/la\" \/>\n\t<meta name=\"twitter:data1\" content=\"Radio Ljubu\u0161ki\" \/>\n\t<meta name=\"twitter:label2\" content=\"Procijenjeno vrijeme \u010ditanja\" \/>\n\t<meta name=\"twitter:data2\" content=\"3 minute\" \/>\n<script type=\"application\/ld+json\" class=\"yoast-schema-graph\">{\"@context\":\"https:\\\/\\\/schema.org\",\"@graph\":[{\"@type\":\"Article\",\"@id\":\"https:\\\/\\\/radioljubuski.ba\\\/index.php\\\/2022\\\/08\\\/05\\\/militantna-kampanja-protiv-hrvata-i-schmidta-koristi-se-i-u-predizborne-svrhe\\\/#article\",\"isPartOf\":{\"@id\":\"https:\\\/\\\/radioljubuski.ba\\\/index.php\\\/2022\\\/08\\\/05\\\/militantna-kampanja-protiv-hrvata-i-schmidta-koristi-se-i-u-predizborne-svrhe\\\/\"},\"author\":{\"name\":\"Radio Ljubu\u0161ki\",\"@id\":\"https:\\\/\\\/radioljubuski.ba\\\/#\\\/schema\\\/person\\\/19fc700381a780f69665d7956c469e3b\"},\"headline\":\"Militantna kampanja protiv Hrvata i Schmidta koristi se i u predizborne svrhe\",\"datePublished\":\"2022-08-05T09:11:45+00:00\",\"dateModified\":\"2022-08-05T09:11:47+00:00\",\"mainEntityOfPage\":{\"@id\":\"https:\\\/\\\/radioljubuski.ba\\\/index.php\\\/2022\\\/08\\\/05\\\/militantna-kampanja-protiv-hrvata-i-schmidta-koristi-se-i-u-predizborne-svrhe\\\/\"},\"wordCount\":727,\"publisher\":{\"@id\":\"https:\\\/\\\/radioljubuski.ba\\\/#organization\"},\"image\":{\"@id\":\"https:\\\/\\\/radioljubuski.ba\\\/index.php\\\/2022\\\/08\\\/05\\\/militantna-kampanja-protiv-hrvata-i-schmidta-koristi-se-i-u-predizborne-svrhe\\\/#primaryimage\"},\"thumbnailUrl\":\"https:\\\/\\\/radioljubuski.ba\\\/wp-content\\\/uploads\\\/2022\\\/08\\\/fbf06318c215a9b0eca1.jpeg\",\"articleSection\":[\"BIH i regija\"],\"inLanguage\":\"hr\"},{\"@type\":\"WebPage\",\"@id\":\"https:\\\/\\\/radioljubuski.ba\\\/index.php\\\/2022\\\/08\\\/05\\\/militantna-kampanja-protiv-hrvata-i-schmidta-koristi-se-i-u-predizborne-svrhe\\\/\",\"url\":\"https:\\\/\\\/radioljubuski.ba\\\/index.php\\\/2022\\\/08\\\/05\\\/militantna-kampanja-protiv-hrvata-i-schmidta-koristi-se-i-u-predizborne-svrhe\\\/\",\"name\":\"Militantna kampanja protiv Hrvata i Schmidta koristi se i u predizborne svrhe - RADIO LJUBU\u0160KI\",\"isPartOf\":{\"@id\":\"https:\\\/\\\/radioljubuski.ba\\\/#website\"},\"primaryImageOfPage\":{\"@id\":\"https:\\\/\\\/radioljubuski.ba\\\/index.php\\\/2022\\\/08\\\/05\\\/militantna-kampanja-protiv-hrvata-i-schmidta-koristi-se-i-u-predizborne-svrhe\\\/#primaryimage\"},\"image\":{\"@id\":\"https:\\\/\\\/radioljubuski.ba\\\/index.php\\\/2022\\\/08\\\/05\\\/militantna-kampanja-protiv-hrvata-i-schmidta-koristi-se-i-u-predizborne-svrhe\\\/#primaryimage\"},\"thumbnailUrl\":\"https:\\\/\\\/radioljubuski.ba\\\/wp-content\\\/uploads\\\/2022\\\/08\\\/fbf06318c215a9b0eca1.jpeg\",\"datePublished\":\"2022-08-05T09:11:45+00:00\",\"dateModified\":\"2022-08-05T09:11:47+00:00\",\"breadcrumb\":{\"@id\":\"https:\\\/\\\/radioljubuski.ba\\\/index.php\\\/2022\\\/08\\\/05\\\/militantna-kampanja-protiv-hrvata-i-schmidta-koristi-se-i-u-predizborne-svrhe\\\/#breadcrumb\"},\"inLanguage\":\"hr\",\"potentialAction\":[{\"@type\":\"ReadAction\",\"target\":[\"https:\\\/\\\/radioljubuski.ba\\\/index.php\\\/2022\\\/08\\\/05\\\/militantna-kampanja-protiv-hrvata-i-schmidta-koristi-se-i-u-predizborne-svrhe\\\/\"]}]},{\"@type\":\"ImageObject\",\"inLanguage\":\"hr\",\"@id\":\"https:\\\/\\\/radioljubuski.ba\\\/index.php\\\/2022\\\/08\\\/05\\\/militantna-kampanja-protiv-hrvata-i-schmidta-koristi-se-i-u-predizborne-svrhe\\\/#primaryimage\",\"url\":\"https:\\\/\\\/radioljubuski.ba\\\/wp-content\\\/uploads\\\/2022\\\/08\\\/fbf06318c215a9b0eca1.jpeg\",\"contentUrl\":\"https:\\\/\\\/radioljubuski.ba\\\/wp-content\\\/uploads\\\/2022\\\/08\\\/fbf06318c215a9b0eca1.jpeg\",\"width\":1200,\"height\":630},{\"@type\":\"BreadcrumbList\",\"@id\":\"https:\\\/\\\/radioljubuski.ba\\\/index.php\\\/2022\\\/08\\\/05\\\/militantna-kampanja-protiv-hrvata-i-schmidta-koristi-se-i-u-predizborne-svrhe\\\/#breadcrumb\",\"itemListElement\":[{\"@type\":\"ListItem\",\"position\":1,\"name\":\"Po\u010detna stranica\",\"item\":\"https:\\\/\\\/radioljubuski.ba\\\/\"},{\"@type\":\"ListItem\",\"position\":2,\"name\":\"Militantna kampanja protiv Hrvata i Schmidta koristi se i u predizborne svrhe\"}]},{\"@type\":\"WebSite\",\"@id\":\"https:\\\/\\\/radioljubuski.ba\\\/#website\",\"url\":\"https:\\\/\\\/radioljubuski.ba\\\/\",\"name\":\"Radio Ljubu\u0161ki\",\"description\":\"Sun\u010dana frekvencija Hercegovine\",\"publisher\":{\"@id\":\"https:\\\/\\\/radioljubuski.ba\\\/#organization\"},\"potentialAction\":[{\"@type\":\"SearchAction\",\"target\":{\"@type\":\"EntryPoint\",\"urlTemplate\":\"https:\\\/\\\/radioljubuski.ba\\\/?s={search_term_string}\"},\"query-input\":{\"@type\":\"PropertyValueSpecification\",\"valueRequired\":true,\"valueName\":\"search_term_string\"}}],\"inLanguage\":\"hr\"},{\"@type\":\"Organization\",\"@id\":\"https:\\\/\\\/radioljubuski.ba\\\/#organization\",\"name\":\"Radio Ljubu\u0161ki\",\"url\":\"https:\\\/\\\/radioljubuski.ba\\\/\",\"logo\":{\"@type\":\"ImageObject\",\"inLanguage\":\"hr\",\"@id\":\"https:\\\/\\\/radioljubuski.ba\\\/#\\\/schema\\\/logo\\\/image\\\/\",\"url\":\"https:\\\/\\\/radioljubuski.ba\\\/wp-content\\\/uploads\\\/2021\\\/02\\\/cropped-Radio_Ljubuski_logo1.jpg\",\"contentUrl\":\"https:\\\/\\\/radioljubuski.ba\\\/wp-content\\\/uploads\\\/2021\\\/02\\\/cropped-Radio_Ljubuski_logo1.jpg\",\"width\":512,\"height\":512,\"caption\":\"Radio Ljubu\u0161ki\"},\"image\":{\"@id\":\"https:\\\/\\\/radioljubuski.ba\\\/#\\\/schema\\\/logo\\\/image\\\/\"},\"sameAs\":[\"https:\\\/\\\/www.facebook.com\\\/Radiio-Ljubuski-1490835324566332\",\"https:\\\/\\\/x.com\\\/radioljubuski\",\"https:\\\/\\\/hr.linkedin.com\\\/company\\\/radio-ljubuski\",\"https:\\\/\\\/www.youtube.com\\\/channel\\\/UCHYaeO_n0Db3tjNGudGpXyw\"]},{\"@type\":\"Person\",\"@id\":\"https:\\\/\\\/radioljubuski.ba\\\/#\\\/schema\\\/person\\\/19fc700381a780f69665d7956c469e3b\",\"name\":\"Radio Ljubu\u0161ki\"}]}<\/script>\n<!-- \/ Yoast SEO plugin. -->","yoast_head_json":{"title":"Militantna kampanja protiv Hrvata i Schmidta koristi se i u predizborne svrhe - RADIO LJUBU\u0160KI","robots":{"index":"index","follow":"follow","max-snippet":"max-snippet:-1","max-image-preview":"max-image-preview:large","max-video-preview":"max-video-preview:-1"},"canonical":"https:\/\/radioljubuski.ba\/index.php\/2022\/08\/05\/militantna-kampanja-protiv-hrvata-i-schmidta-koristi-se-i-u-predizborne-svrhe\/","og_locale":"hr_HR","og_type":"article","og_title":"Militantna kampanja protiv Hrvata i Schmidta koristi se i u predizborne svrhe - RADIO LJUBU\u0160KI","og_description":"Ne prestaje se s militantnim porukama, prijetnjama nasiljem i ratom, nastavkom prave \u0161ovinisti\u010dke kampanje prema Hrvatima u BiH u \u0161to su se upleli i pojedini vjerski predstavnici, a ju\u010der su posve \u201cneprimjetno\u201d \u0161irom Bosne i Hercegovine objavljeni plakati s biv\u0161im pripadnicima bo\u0161nja\u010dke Armije BiH i MUP-a, pi\u0161e Ve\u010dernji list BiH. Svi Bo\u0161njaci Na svih 45 [&hellip;]","og_url":"https:\/\/radioljubuski.ba\/index.php\/2022\/08\/05\/militantna-kampanja-protiv-hrvata-i-schmidta-koristi-se-i-u-predizborne-svrhe\/","og_site_name":"RADIO LJUBU\u0160KI","article_publisher":"https:\/\/www.facebook.com\/Radiio-Ljubuski-1490835324566332","article_published_time":"2022-08-05T09:11:45+00:00","article_modified_time":"2022-08-05T09:11:47+00:00","og_image":[{"width":1200,"height":630,"url":"https:\/\/radioljubuski.ba\/wp-content\/uploads\/2022\/08\/fbf06318c215a9b0eca1.jpeg","type":"image\/jpeg"}],"author":"Radio Ljubu\u0161ki","twitter_card":"summary_large_image","twitter_creator":"@radioljubuski","twitter_site":"@radioljubuski","twitter_misc":{"Napisao\/la":"Radio Ljubu\u0161ki","Procijenjeno vrijeme \u010ditanja":"3 minute"},"schema":{"@context":"https:\/\/schema.org","@graph":[{"@type":"Article","@id":"https:\/\/radioljubuski.ba\/index.php\/2022\/08\/05\/militantna-kampanja-protiv-hrvata-i-schmidta-koristi-se-i-u-predizborne-svrhe\/#article","isPartOf":{"@id":"https:\/\/radioljubuski.ba\/index.php\/2022\/08\/05\/militantna-kampanja-protiv-hrvata-i-schmidta-koristi-se-i-u-predizborne-svrhe\/"},"author":{"name":"Radio Ljubu\u0161ki","@id":"https:\/\/radioljubuski.ba\/#\/schema\/person\/19fc700381a780f69665d7956c469e3b"},"headline":"Militantna kampanja protiv Hrvata i Schmidta koristi se i u predizborne svrhe","datePublished":"2022-08-05T09:11:45+00:00","dateModified":"2022-08-05T09:11:47+00:00","mainEntityOfPage":{"@id":"https:\/\/radioljubuski.ba\/index.php\/2022\/08\/05\/militantna-kampanja-protiv-hrvata-i-schmidta-koristi-se-i-u-predizborne-svrhe\/"},"wordCount":727,"publisher":{"@id":"https:\/\/radioljubuski.ba\/#organization"},"image":{"@id":"https:\/\/radioljubuski.ba\/index.php\/2022\/08\/05\/militantna-kampanja-protiv-hrvata-i-schmidta-koristi-se-i-u-predizborne-svrhe\/#primaryimage"},"thumbnailUrl":"https:\/\/radioljubuski.ba\/wp-content\/uploads\/2022\/08\/fbf06318c215a9b0eca1.jpeg","articleSection":["BIH i regija"],"inLanguage":"hr"},{"@type":"WebPage","@id":"https:\/\/radioljubuski.ba\/index.php\/2022\/08\/05\/militantna-kampanja-protiv-hrvata-i-schmidta-koristi-se-i-u-predizborne-svrhe\/","url":"https:\/\/radioljubuski.ba\/index.php\/2022\/08\/05\/militantna-kampanja-protiv-hrvata-i-schmidta-koristi-se-i-u-predizborne-svrhe\/","name":"Militantna kampanja protiv Hrvata i Schmidta koristi se i u predizborne svrhe - RADIO LJUBU\u0160KI","isPartOf":{"@id":"https:\/\/radioljubuski.ba\/#website"},"primaryImageOfPage":{"@id":"https:\/\/radioljubuski.ba\/index.php\/2022\/08\/05\/militantna-kampanja-protiv-hrvata-i-schmidta-koristi-se-i-u-predizborne-svrhe\/#primaryimage"},"image":{"@id":"https:\/\/radioljubuski.ba\/index.php\/2022\/08\/05\/militantna-kampanja-protiv-hrvata-i-schmidta-koristi-se-i-u-predizborne-svrhe\/#primaryimage"},"thumbnailUrl":"https:\/\/radioljubuski.ba\/wp-content\/uploads\/2022\/08\/fbf06318c215a9b0eca1.jpeg","datePublished":"2022-08-05T09:11:45+00:00","dateModified":"2022-08-05T09:11:47+00:00","breadcrumb":{"@id":"https:\/\/radioljubuski.ba\/index.php\/2022\/08\/05\/militantna-kampanja-protiv-hrvata-i-schmidta-koristi-se-i-u-predizborne-svrhe\/#breadcrumb"},"inLanguage":"hr","potentialAction":[{"@type":"ReadAction","target":["https:\/\/radioljubuski.ba\/index.php\/2022\/08\/05\/militantna-kampanja-protiv-hrvata-i-schmidta-koristi-se-i-u-predizborne-svrhe\/"]}]},{"@type":"ImageObject","inLanguage":"hr","@id":"https:\/\/radioljubuski.ba\/index.php\/2022\/08\/05\/militantna-kampanja-protiv-hrvata-i-schmidta-koristi-se-i-u-predizborne-svrhe\/#primaryimage","url":"https:\/\/radioljubuski.ba\/wp-content\/uploads\/2022\/08\/fbf06318c215a9b0eca1.jpeg","contentUrl":"https:\/\/radioljubuski.ba\/wp-content\/uploads\/2022\/08\/fbf06318c215a9b0eca1.jpeg","width":1200,"height":630},{"@type":"BreadcrumbList","@id":"https:\/\/radioljubuski.ba\/index.php\/2022\/08\/05\/militantna-kampanja-protiv-hrvata-i-schmidta-koristi-se-i-u-predizborne-svrhe\/#breadcrumb","itemListElement":[{"@type":"ListItem","position":1,"name":"Po\u010detna stranica","item":"https:\/\/radioljubuski.ba\/"},{"@type":"ListItem","position":2,"name":"Militantna kampanja protiv Hrvata i Schmidta koristi se i u predizborne svrhe"}]},{"@type":"WebSite","@id":"https:\/\/radioljubuski.ba\/#website","url":"https:\/\/radioljubuski.ba\/","name":"Radio Ljubu\u0161ki","description":"Sun\u010dana frekvencija Hercegovine","publisher":{"@id":"https:\/\/radioljubuski.ba\/#organization"},"potentialAction":[{"@type":"SearchAction","target":{"@type":"EntryPoint","urlTemplate":"https:\/\/radioljubuski.ba\/?s={search_term_string}"},"query-input":{"@type":"PropertyValueSpecification","valueRequired":true,"valueName":"search_term_string"}}],"inLanguage":"hr"},{"@type":"Organization","@id":"https:\/\/radioljubuski.ba\/#organization","name":"Radio Ljubu\u0161ki","url":"https:\/\/radioljubuski.ba\/","logo":{"@type":"ImageObject","inLanguage":"hr","@id":"https:\/\/radioljubuski.ba\/#\/schema\/logo\/image\/","url":"https:\/\/radioljubuski.ba\/wp-content\/uploads\/2021\/02\/cropped-Radio_Ljubuski_logo1.jpg","contentUrl":"https:\/\/radioljubuski.ba\/wp-content\/uploads\/2021\/02\/cropped-Radio_Ljubuski_logo1.jpg","width":512,"height":512,"caption":"Radio Ljubu\u0161ki"},"image":{"@id":"https:\/\/radioljubuski.ba\/#\/schema\/logo\/image\/"},"sameAs":["https:\/\/www.facebook.com\/Radiio-Ljubuski-1490835324566332","https:\/\/x.com\/radioljubuski","https:\/\/hr.linkedin.com\/company\/radio-ljubuski","https:\/\/www.youtube.com\/channel\/UCHYaeO_n0Db3tjNGudGpXyw"]},{"@type":"Person","@id":"https:\/\/radioljubuski.ba\/#\/schema\/person\/19fc700381a780f69665d7956c469e3b","name":"Radio Ljubu\u0161ki"}]}},"_links":{"self":[{"href":"https:\/\/radioljubuski.ba\/index.php\/wp-json\/wp\/v2\/posts\/166709","targetHints":{"allow":["GET"]}}],"collection":[{"href":"https:\/\/radioljubuski.ba\/index.php\/wp-json\/wp\/v2\/posts"}],"about":[{"href":"https:\/\/radioljubuski.ba\/index.php\/wp-json\/wp\/v2\/types\/post"}],"author":[{"embeddable":true,"href":"https:\/\/radioljubuski.ba\/index.php\/wp-json\/wp\/v2\/users\/2"}],"replies":[{"embeddable":true,"href":"https:\/\/radioljubuski.ba\/index.php\/wp-json\/wp\/v2\/comments?post=166709"}],"version-history":[{"count":1,"href":"https:\/\/radioljubuski.ba\/index.php\/wp-json\/wp\/v2\/posts\/166709\/revisions"}],"predecessor-version":[{"id":166711,"href":"https:\/\/radioljubuski.ba\/index.php\/wp-json\/wp\/v2\/posts\/166709\/revisions\/166711"}],"wp:featuredmedia":[{"embeddable":true,"href":"https:\/\/radioljubuski.ba\/index.php\/wp-json\/wp\/v2\/media\/166710"}],"wp:attachment":[{"href":"https:\/\/radioljubuski.ba\/index.php\/wp-json\/wp\/v2\/media?parent=166709"}],"wp:term":[{"taxonomy":"category","embeddable":true,"href":"https:\/\/radioljubuski.ba\/index.php\/wp-json\/wp\/v2\/categories?post=166709"},{"taxonomy":"post_tag","embeddable":true,"href":"https:\/\/radioljubuski.ba\/index.php\/wp-json\/wp\/v2\/tags?post=166709"}],"curies":[{"name":"wp","href":"https:\/\/api.w.org\/{rel}","templated":true}]}}