{"id":166714,"date":"2022-08-05T10:15:39","date_gmt":"2022-08-05T09:15:39","guid":{"rendered":"https:\/\/radioljubuski.ba\/?p=166714"},"modified":"2022-08-05T10:15:40","modified_gmt":"2022-08-05T09:15:40","slug":"milanovic-u-kninu-bihac-ne-bi-bio-deblokiran-niti-mirovni-sporazum-potpisan-da-nije-bilo-hrvatske-vojske","status":"publish","type":"post","link":"https:\/\/radioljubuski.ba\/index.php\/2022\/08\/05\/milanovic-u-kninu-bihac-ne-bi-bio-deblokiran-niti-mirovni-sporazum-potpisan-da-nije-bilo-hrvatske-vojske\/","title":{"rendered":"Milanovi\u0107 u Kninu: Biha\u0107 ne bi bio deblokiran, niti mirovni sporazum potpisan da nije bilo Hrvatske vojske"},"content":{"rendered":"\n<p><strong>Predsjednik Republike Hrvatske i vrhovni zapovjednik Oru\u017eanih snaga RH Zoran Milanovi\u0107 priredio je sve\u010dano primanje za ratne zapovjednike povodom obilje\u017eavanja Dana pobjede i domovinske zahvalnosti i Dana hrvatskih branitelja te 27. obljetnice Vojnoredarstvene operacije Oluja na Kninskoj tvr\u0111avi. Predsjednik Milanovi\u0107 uru\u010dio je na primanju odlikovanja, medalje, promaknu\u0107a i pohvale pripadnicima Oru\u017eanih snaga Republike Hrvatske.<\/strong><\/p>\n\n\n\n<p>Red hrvatskog trolista za osobite zasluge u promicanju ugleda Republike Hrvatske i Hrvatske vojske uru\u010dio je Klapi Hrvatske ratne mornarice Sveti Juraj.<\/p>\n\n\n\n<p>Zlatne medalje izvrsnosti u izobrazbi dobio je najbolji polaznik 44. nara\u0161taja Napredne do\u010dasni\u010dke izobrazbe narednik Boro Juki\u0107 i najbolja polaznica 27. nara\u0161taja Izobrazbe za razvoj vo\u0111a skupnica Ivana Vu\u010demilovi\u0107-Vranji\u0107.<\/p>\n\n\n\n<p>Tako\u0111er je uru\u010dio i promaknu\u0107a. U \u010din brigadira promaknuo je pet pukovnika: Davor Gren, Ante Juki\u0107, Roberto Kramari\u0107, Davor Misir i Jozo Sta\u017ei\u0107.<\/p>\n\n\n\n<p>U \u010din pukovnice promaknuta je bojnica Marina Jur\u010di\u0107, a u \u010din pukovnika pet bojnika, i to Darko Bjelivuk, Kre\u0161imir Letica, Mario Majeti\u0107, Marijo Preost i Ivan Rubil.<\/p>\n\n\n\n<p>Ukupno je promaknuto 105 pripadnika Oru\u017eanih snaga Republike Hrvatske.<\/p>\n\n\n\n<p>Milanovi\u0107: Ova generacija \u0107e \u017eivjeti!<\/p>\n\n\n\n<p>\u201cBilo je puno veli\u010danstvenih stvari u tome su sudjelovali ljudi poput vas. Ante Kotromanovi\u0107 je rekao da bi bilo dobro da se odr\u017ei jedan prijem za predsjednika i premijere uz generale. To je bilo prije 10 godina i drago mi je \u0161to smo tu. Ova jedinstvena generacija bude jednom odlazila, ali ostat \u0107e zapam\u0107ena\u201d, rekao je Milanovi\u0107.<\/p>\n\n\n\n<p>\u201cLjudi dvaput umru. Kad zaista umru i kad ih se zaboravi. Ova generacija \u017eivjet \u0107e. Vas ne\u0107e zaboraviti. Sve ovo \u0161to se radi i \u0161to \u0107e se raditi ide prema otporu zaboravu, borba za \u010dinjenice i za istinu. O tome mo\u017eemo i trebamo govoriti. I danas i sutra, i na Sinjskoj alci jer o\u010dito moramo o tome govoriti\u201d, rekao je.<\/p>\n\n\n\n<p>\u201cHrvatska je bila u jako te\u0161koj poziciji, ali svi prisutni to znaju\u2026 Hrvatskoj ni\u0161ta nije poklonjeno! To svatko voli misliti, ali Hrvatskoj od \u201991. do danas nitko nije ni\u0161ta poklonio, ali sve smo platili sa zelena\u0161kim kamatama. Ne mrzimo nikoga ali neke stvari moramo re\u0107i i podcrtati. Bilo smo na pragu sankcijama i pod embargom. Ti ljudi su imali streljiva za nekoliko dana i nitko ih nije pomagao\u2026 Jako te\u017eak zadatak za jednu malu zemlju. Svaki potez se gledao druk\u010dije\u201d, kazao je.<\/p>\n\n\n\n<p>\u201cNe zvu\u010dim kao frustrirani predsjednik jedne male zemlje ve\u0107 kao samosvjesni lider jedne demokratske zemlje. Uloga u ratu u BiH je bila velika, a sumnji\u010dalo se da je \u017eelimo raskomadati. Nitko nam nije rekao hvala\u201d, ispri\u010dao je.<\/p>\n\n\n\n<p>\u201cBiha\u0107 nikad ne bi bio deblokiran da nije bilo na\u0161e vojske. Bosanski Srbi ne bi nikada polo\u017eili oru\u017eje da ih ma\u0161a vojska nije slomila. 30 godina kasnije mi se i dalje moramo obja\u0161njavati i ispri\u010davati. Ne, draga gospodo. Na\u0161 je put bio ispravan, civiliziran, i, kao u svakom ratu, bio je krvav\u201d, poru\u010dio je Milanovi\u0107.<\/p>\n\n\n\n<p>\u201cI dalje \u0107u imati otvorene o\u010di i biti otvoren za drugo mi\u0161ljenje i drugu stranu, ali \u0161to se nas ti\u010de, ovako stvari stvoje. Svatko je dobrodo\u0161ao u Hrvatsku, svatko tko je spreman \u017eivjeti pod civiliziranim pravilima modernog svijeta\u201d, zaklju\u010dio je.<\/p>\n\n\n\n<p>\u201cDr\u017eava nije samo institucija ve\u0107 i simbolika\u201d, rekao je.<\/p>\n\n\n\n<p>Izaslanici ministra unutarnjih poslova, hrvatskih branitelja i ministra obrane<\/p>\n\n\n\n<p>Me\u0111u uzvanicima na sve\u010danom prijamu bili su: predstojnik Ureda predsjednika Republike Orsat Miljani\u0107, na\u010delnik Glavnog sto\u017eera Oru\u017eanih snaga RH admiral Robert Hranj, predstojnik Ureda Vije\u0107a za nacionalnu sigurnost Valentin Franji\u0107, ravnatelj SOA-e Danijel Marki\u0107, ravnatelj Vojno-obavje\u0161tajne agencije general-bojnik Ivica Kinder, zamjenik na\u010delnika GS OSRH, zapovjednici grana OSRH, zapovjednici zapovjedni\u0161tava i postrojbi te \u010dasnici i do\u010dasnici Hrvatske vojske kao i \u010dlanovi kolegija Glavnog ravnatelja policije i na\u010delnici policijskih uprava, na \u010delu s izaslanikom potpredsjednika Vlade i ministra unutarnjih poslova zamjenikom Glavnog ravnatelja policije Damirom Bari\u0107em.<\/p>\n\n\n\n<p>Bili su tu i \u010dlanovi Hrvatskog generalskog zbora na \u010delu s predsjednikom, umirovljenim general bojnikom Marinkom Kre\u0161i\u0107em, izaslanstvo Nacionalne grade Minesote, vojni ordinarij u RH Jure Bogdan i generalni vikar, glavni vatrogasni zapovjednik Slavko Tucakovi\u0107.<\/p>\n\n\n\n<p>Prijamu je nazo\u010dio izaslanik potpredsjednika Vlade i ministra hrvatskih branitelja i ravnatelj Uprave u Ministarstvu hrvatskih branitelja Dinko Tandara, izaslanik ministra obrane i ravnatelj Uprave u Ministarstvu obrane Ivan Ju\u0161i\u0107, umirovljeni generali i admirali \u010dasnici i do\u010dasnici HV-a, predstavnici braniteljskih udruga, predsjednik saborskog Odbora za obranu Franko Vidovi\u0107, vojni izaslanici u RH i drugi.<\/p>\n\n\n\n<p>\/HMS\/<\/p>\n","protected":false},"excerpt":{"rendered":"<p>Predsjednik Republike Hrvatske i vrhovni zapovjednik Oru\u017eanih snaga RH Zoran Milanovi\u0107 priredio je sve\u010dano primanje za ratne zapovjednike povodom obilje\u017eavanja Dana pobjede i domovinske zahvalnosti i Dana hrvatskih branitelja te 27. obljetnice Vojnoredarstvene operacije Oluja na Kninskoj tvr\u0111avi. Predsjednik Milanovi\u0107 uru\u010dio je na primanju odlikovanja, medalje, promaknu\u0107a i pohvale pripadnicima Oru\u017eanih snaga Republike Hrvatske. Red [&hellip;]<\/p>\n","protected":false},"author":2,"featured_media":166715,"comment_status":"closed","ping_status":"closed","sticky":false,"template":"","format":"standard","meta":{"h5ap_radio_sources":[],"footnotes":""},"categories":[1],"tags":[],"class_list":["post-166714","post","type-post","status-publish","format-standard","has-post-thumbnail","hentry","category-bihiregija"],"yoast_head":"<!-- This site is optimized with the Yoast SEO plugin v27.4 - https:\/\/yoast.com\/product\/yoast-seo-wordpress\/ -->\n<title>Milanovi\u0107 u Kninu: Biha\u0107 ne bi bio deblokiran, niti mirovni sporazum potpisan da nije bilo Hrvatske vojske - RADIO LJUBU\u0160KI<\/title>\n<meta name=\"robots\" content=\"index, follow, max-snippet:-1, max-image-preview:large, max-video-preview:-1\" \/>\n<link rel=\"canonical\" href=\"https:\/\/radioljubuski.ba\/index.php\/2022\/08\/05\/milanovic-u-kninu-bihac-ne-bi-bio-deblokiran-niti-mirovni-sporazum-potpisan-da-nije-bilo-hrvatske-vojske\/\" \/>\n<meta property=\"og:locale\" content=\"hr_HR\" \/>\n<meta property=\"og:type\" content=\"article\" \/>\n<meta property=\"og:title\" content=\"Milanovi\u0107 u Kninu: Biha\u0107 ne bi bio deblokiran, niti mirovni sporazum potpisan da nije bilo Hrvatske vojske - RADIO LJUBU\u0160KI\" \/>\n<meta property=\"og:description\" content=\"Predsjednik Republike Hrvatske i vrhovni zapovjednik Oru\u017eanih snaga RH Zoran Milanovi\u0107 priredio je sve\u010dano primanje za ratne zapovjednike povodom obilje\u017eavanja Dana pobjede i domovinske zahvalnosti i Dana hrvatskih branitelja te 27. obljetnice Vojnoredarstvene operacije Oluja na Kninskoj tvr\u0111avi. Predsjednik Milanovi\u0107 uru\u010dio je na primanju odlikovanja, medalje, promaknu\u0107a i pohvale pripadnicima Oru\u017eanih snaga Republike Hrvatske. Red [&hellip;]\" \/>\n<meta property=\"og:url\" content=\"https:\/\/radioljubuski.ba\/index.php\/2022\/08\/05\/milanovic-u-kninu-bihac-ne-bi-bio-deblokiran-niti-mirovni-sporazum-potpisan-da-nije-bilo-hrvatske-vojske\/\" \/>\n<meta property=\"og:site_name\" content=\"RADIO LJUBU\u0160KI\" \/>\n<meta property=\"article:publisher\" content=\"https:\/\/www.facebook.com\/Radiio-Ljubuski-1490835324566332\" \/>\n<meta property=\"article:published_time\" content=\"2022-08-05T09:15:39+00:00\" \/>\n<meta property=\"article:modified_time\" content=\"2022-08-05T09:15:40+00:00\" \/>\n<meta property=\"og:image\" content=\"https:\/\/radioljubuski.ba\/wp-content\/uploads\/2022\/08\/HN20220804642405-696x464-1.jpg\" \/>\n\t<meta property=\"og:image:width\" content=\"696\" \/>\n\t<meta property=\"og:image:height\" content=\"464\" \/>\n\t<meta property=\"og:image:type\" content=\"image\/jpeg\" \/>\n<meta name=\"author\" content=\"Radio Ljubu\u0161ki\" \/>\n<meta name=\"twitter:card\" content=\"summary_large_image\" \/>\n<meta name=\"twitter:creator\" content=\"@radioljubuski\" \/>\n<meta name=\"twitter:site\" content=\"@radioljubuski\" \/>\n<meta name=\"twitter:label1\" content=\"Napisao\/la\" \/>\n\t<meta name=\"twitter:data1\" content=\"Radio Ljubu\u0161ki\" \/>\n\t<meta name=\"twitter:label2\" content=\"Procijenjeno vrijeme \u010ditanja\" \/>\n\t<meta name=\"twitter:data2\" content=\"4 minute\" \/>\n<script type=\"application\/ld+json\" class=\"yoast-schema-graph\">{\"@context\":\"https:\\\/\\\/schema.org\",\"@graph\":[{\"@type\":\"Article\",\"@id\":\"https:\\\/\\\/radioljubuski.ba\\\/index.php\\\/2022\\\/08\\\/05\\\/milanovic-u-kninu-bihac-ne-bi-bio-deblokiran-niti-mirovni-sporazum-potpisan-da-nije-bilo-hrvatske-vojske\\\/#article\",\"isPartOf\":{\"@id\":\"https:\\\/\\\/radioljubuski.ba\\\/index.php\\\/2022\\\/08\\\/05\\\/milanovic-u-kninu-bihac-ne-bi-bio-deblokiran-niti-mirovni-sporazum-potpisan-da-nije-bilo-hrvatske-vojske\\\/\"},\"author\":{\"name\":\"Radio Ljubu\u0161ki\",\"@id\":\"https:\\\/\\\/radioljubuski.ba\\\/#\\\/schema\\\/person\\\/19fc700381a780f69665d7956c469e3b\"},\"headline\":\"Milanovi\u0107 u Kninu: Biha\u0107 ne bi bio deblokiran, niti mirovni sporazum potpisan da nije bilo Hrvatske vojske\",\"datePublished\":\"2022-08-05T09:15:39+00:00\",\"dateModified\":\"2022-08-05T09:15:40+00:00\",\"mainEntityOfPage\":{\"@id\":\"https:\\\/\\\/radioljubuski.ba\\\/index.php\\\/2022\\\/08\\\/05\\\/milanovic-u-kninu-bihac-ne-bi-bio-deblokiran-niti-mirovni-sporazum-potpisan-da-nije-bilo-hrvatske-vojske\\\/\"},\"wordCount\":770,\"publisher\":{\"@id\":\"https:\\\/\\\/radioljubuski.ba\\\/#organization\"},\"image\":{\"@id\":\"https:\\\/\\\/radioljubuski.ba\\\/index.php\\\/2022\\\/08\\\/05\\\/milanovic-u-kninu-bihac-ne-bi-bio-deblokiran-niti-mirovni-sporazum-potpisan-da-nije-bilo-hrvatske-vojske\\\/#primaryimage\"},\"thumbnailUrl\":\"https:\\\/\\\/radioljubuski.ba\\\/wp-content\\\/uploads\\\/2022\\\/08\\\/HN20220804642405-696x464-1.jpg\",\"articleSection\":[\"BIH i regija\"],\"inLanguage\":\"hr\"},{\"@type\":\"WebPage\",\"@id\":\"https:\\\/\\\/radioljubuski.ba\\\/index.php\\\/2022\\\/08\\\/05\\\/milanovic-u-kninu-bihac-ne-bi-bio-deblokiran-niti-mirovni-sporazum-potpisan-da-nije-bilo-hrvatske-vojske\\\/\",\"url\":\"https:\\\/\\\/radioljubuski.ba\\\/index.php\\\/2022\\\/08\\\/05\\\/milanovic-u-kninu-bihac-ne-bi-bio-deblokiran-niti-mirovni-sporazum-potpisan-da-nije-bilo-hrvatske-vojske\\\/\",\"name\":\"Milanovi\u0107 u Kninu: Biha\u0107 ne bi bio deblokiran, niti mirovni sporazum potpisan da nije bilo Hrvatske vojske - RADIO LJUBU\u0160KI\",\"isPartOf\":{\"@id\":\"https:\\\/\\\/radioljubuski.ba\\\/#website\"},\"primaryImageOfPage\":{\"@id\":\"https:\\\/\\\/radioljubuski.ba\\\/index.php\\\/2022\\\/08\\\/05\\\/milanovic-u-kninu-bihac-ne-bi-bio-deblokiran-niti-mirovni-sporazum-potpisan-da-nije-bilo-hrvatske-vojske\\\/#primaryimage\"},\"image\":{\"@id\":\"https:\\\/\\\/radioljubuski.ba\\\/index.php\\\/2022\\\/08\\\/05\\\/milanovic-u-kninu-bihac-ne-bi-bio-deblokiran-niti-mirovni-sporazum-potpisan-da-nije-bilo-hrvatske-vojske\\\/#primaryimage\"},\"thumbnailUrl\":\"https:\\\/\\\/radioljubuski.ba\\\/wp-content\\\/uploads\\\/2022\\\/08\\\/HN20220804642405-696x464-1.jpg\",\"datePublished\":\"2022-08-05T09:15:39+00:00\",\"dateModified\":\"2022-08-05T09:15:40+00:00\",\"breadcrumb\":{\"@id\":\"https:\\\/\\\/radioljubuski.ba\\\/index.php\\\/2022\\\/08\\\/05\\\/milanovic-u-kninu-bihac-ne-bi-bio-deblokiran-niti-mirovni-sporazum-potpisan-da-nije-bilo-hrvatske-vojske\\\/#breadcrumb\"},\"inLanguage\":\"hr\",\"potentialAction\":[{\"@type\":\"ReadAction\",\"target\":[\"https:\\\/\\\/radioljubuski.ba\\\/index.php\\\/2022\\\/08\\\/05\\\/milanovic-u-kninu-bihac-ne-bi-bio-deblokiran-niti-mirovni-sporazum-potpisan-da-nije-bilo-hrvatske-vojske\\\/\"]}]},{\"@type\":\"ImageObject\",\"inLanguage\":\"hr\",\"@id\":\"https:\\\/\\\/radioljubuski.ba\\\/index.php\\\/2022\\\/08\\\/05\\\/milanovic-u-kninu-bihac-ne-bi-bio-deblokiran-niti-mirovni-sporazum-potpisan-da-nije-bilo-hrvatske-vojske\\\/#primaryimage\",\"url\":\"https:\\\/\\\/radioljubuski.ba\\\/wp-content\\\/uploads\\\/2022\\\/08\\\/HN20220804642405-696x464-1.jpg\",\"contentUrl\":\"https:\\\/\\\/radioljubuski.ba\\\/wp-content\\\/uploads\\\/2022\\\/08\\\/HN20220804642405-696x464-1.jpg\",\"width\":696,\"height\":464},{\"@type\":\"BreadcrumbList\",\"@id\":\"https:\\\/\\\/radioljubuski.ba\\\/index.php\\\/2022\\\/08\\\/05\\\/milanovic-u-kninu-bihac-ne-bi-bio-deblokiran-niti-mirovni-sporazum-potpisan-da-nije-bilo-hrvatske-vojske\\\/#breadcrumb\",\"itemListElement\":[{\"@type\":\"ListItem\",\"position\":1,\"name\":\"Po\u010detna stranica\",\"item\":\"https:\\\/\\\/radioljubuski.ba\\\/\"},{\"@type\":\"ListItem\",\"position\":2,\"name\":\"Milanovi\u0107 u Kninu: Biha\u0107 ne bi bio deblokiran, niti mirovni sporazum potpisan da nije bilo Hrvatske vojske\"}]},{\"@type\":\"WebSite\",\"@id\":\"https:\\\/\\\/radioljubuski.ba\\\/#website\",\"url\":\"https:\\\/\\\/radioljubuski.ba\\\/\",\"name\":\"Radio Ljubu\u0161ki\",\"description\":\"Sun\u010dana frekvencija Hercegovine\",\"publisher\":{\"@id\":\"https:\\\/\\\/radioljubuski.ba\\\/#organization\"},\"potentialAction\":[{\"@type\":\"SearchAction\",\"target\":{\"@type\":\"EntryPoint\",\"urlTemplate\":\"https:\\\/\\\/radioljubuski.ba\\\/?s={search_term_string}\"},\"query-input\":{\"@type\":\"PropertyValueSpecification\",\"valueRequired\":true,\"valueName\":\"search_term_string\"}}],\"inLanguage\":\"hr\"},{\"@type\":\"Organization\",\"@id\":\"https:\\\/\\\/radioljubuski.ba\\\/#organization\",\"name\":\"Radio Ljubu\u0161ki\",\"url\":\"https:\\\/\\\/radioljubuski.ba\\\/\",\"logo\":{\"@type\":\"ImageObject\",\"inLanguage\":\"hr\",\"@id\":\"https:\\\/\\\/radioljubuski.ba\\\/#\\\/schema\\\/logo\\\/image\\\/\",\"url\":\"https:\\\/\\\/radioljubuski.ba\\\/wp-content\\\/uploads\\\/2021\\\/02\\\/cropped-Radio_Ljubuski_logo1.jpg\",\"contentUrl\":\"https:\\\/\\\/radioljubuski.ba\\\/wp-content\\\/uploads\\\/2021\\\/02\\\/cropped-Radio_Ljubuski_logo1.jpg\",\"width\":512,\"height\":512,\"caption\":\"Radio Ljubu\u0161ki\"},\"image\":{\"@id\":\"https:\\\/\\\/radioljubuski.ba\\\/#\\\/schema\\\/logo\\\/image\\\/\"},\"sameAs\":[\"https:\\\/\\\/www.facebook.com\\\/Radiio-Ljubuski-1490835324566332\",\"https:\\\/\\\/x.com\\\/radioljubuski\",\"https:\\\/\\\/hr.linkedin.com\\\/company\\\/radio-ljubuski\",\"https:\\\/\\\/www.youtube.com\\\/channel\\\/UCHYaeO_n0Db3tjNGudGpXyw\"]},{\"@type\":\"Person\",\"@id\":\"https:\\\/\\\/radioljubuski.ba\\\/#\\\/schema\\\/person\\\/19fc700381a780f69665d7956c469e3b\",\"name\":\"Radio Ljubu\u0161ki\"}]}<\/script>\n<!-- \/ Yoast SEO plugin. -->","yoast_head_json":{"title":"Milanovi\u0107 u Kninu: Biha\u0107 ne bi bio deblokiran, niti mirovni sporazum potpisan da nije bilo Hrvatske vojske - RADIO LJUBU\u0160KI","robots":{"index":"index","follow":"follow","max-snippet":"max-snippet:-1","max-image-preview":"max-image-preview:large","max-video-preview":"max-video-preview:-1"},"canonical":"https:\/\/radioljubuski.ba\/index.php\/2022\/08\/05\/milanovic-u-kninu-bihac-ne-bi-bio-deblokiran-niti-mirovni-sporazum-potpisan-da-nije-bilo-hrvatske-vojske\/","og_locale":"hr_HR","og_type":"article","og_title":"Milanovi\u0107 u Kninu: Biha\u0107 ne bi bio deblokiran, niti mirovni sporazum potpisan da nije bilo Hrvatske vojske - RADIO LJUBU\u0160KI","og_description":"Predsjednik Republike Hrvatske i vrhovni zapovjednik Oru\u017eanih snaga RH Zoran Milanovi\u0107 priredio je sve\u010dano primanje za ratne zapovjednike povodom obilje\u017eavanja Dana pobjede i domovinske zahvalnosti i Dana hrvatskih branitelja te 27. obljetnice Vojnoredarstvene operacije Oluja na Kninskoj tvr\u0111avi. Predsjednik Milanovi\u0107 uru\u010dio je na primanju odlikovanja, medalje, promaknu\u0107a i pohvale pripadnicima Oru\u017eanih snaga Republike Hrvatske. Red [&hellip;]","og_url":"https:\/\/radioljubuski.ba\/index.php\/2022\/08\/05\/milanovic-u-kninu-bihac-ne-bi-bio-deblokiran-niti-mirovni-sporazum-potpisan-da-nije-bilo-hrvatske-vojske\/","og_site_name":"RADIO LJUBU\u0160KI","article_publisher":"https:\/\/www.facebook.com\/Radiio-Ljubuski-1490835324566332","article_published_time":"2022-08-05T09:15:39+00:00","article_modified_time":"2022-08-05T09:15:40+00:00","og_image":[{"width":696,"height":464,"url":"https:\/\/radioljubuski.ba\/wp-content\/uploads\/2022\/08\/HN20220804642405-696x464-1.jpg","type":"image\/jpeg"}],"author":"Radio Ljubu\u0161ki","twitter_card":"summary_large_image","twitter_creator":"@radioljubuski","twitter_site":"@radioljubuski","twitter_misc":{"Napisao\/la":"Radio Ljubu\u0161ki","Procijenjeno vrijeme \u010ditanja":"4 minute"},"schema":{"@context":"https:\/\/schema.org","@graph":[{"@type":"Article","@id":"https:\/\/radioljubuski.ba\/index.php\/2022\/08\/05\/milanovic-u-kninu-bihac-ne-bi-bio-deblokiran-niti-mirovni-sporazum-potpisan-da-nije-bilo-hrvatske-vojske\/#article","isPartOf":{"@id":"https:\/\/radioljubuski.ba\/index.php\/2022\/08\/05\/milanovic-u-kninu-bihac-ne-bi-bio-deblokiran-niti-mirovni-sporazum-potpisan-da-nije-bilo-hrvatske-vojske\/"},"author":{"name":"Radio Ljubu\u0161ki","@id":"https:\/\/radioljubuski.ba\/#\/schema\/person\/19fc700381a780f69665d7956c469e3b"},"headline":"Milanovi\u0107 u Kninu: Biha\u0107 ne bi bio deblokiran, niti mirovni sporazum potpisan da nije bilo Hrvatske vojske","datePublished":"2022-08-05T09:15:39+00:00","dateModified":"2022-08-05T09:15:40+00:00","mainEntityOfPage":{"@id":"https:\/\/radioljubuski.ba\/index.php\/2022\/08\/05\/milanovic-u-kninu-bihac-ne-bi-bio-deblokiran-niti-mirovni-sporazum-potpisan-da-nije-bilo-hrvatske-vojske\/"},"wordCount":770,"publisher":{"@id":"https:\/\/radioljubuski.ba\/#organization"},"image":{"@id":"https:\/\/radioljubuski.ba\/index.php\/2022\/08\/05\/milanovic-u-kninu-bihac-ne-bi-bio-deblokiran-niti-mirovni-sporazum-potpisan-da-nije-bilo-hrvatske-vojske\/#primaryimage"},"thumbnailUrl":"https:\/\/radioljubuski.ba\/wp-content\/uploads\/2022\/08\/HN20220804642405-696x464-1.jpg","articleSection":["BIH i regija"],"inLanguage":"hr"},{"@type":"WebPage","@id":"https:\/\/radioljubuski.ba\/index.php\/2022\/08\/05\/milanovic-u-kninu-bihac-ne-bi-bio-deblokiran-niti-mirovni-sporazum-potpisan-da-nije-bilo-hrvatske-vojske\/","url":"https:\/\/radioljubuski.ba\/index.php\/2022\/08\/05\/milanovic-u-kninu-bihac-ne-bi-bio-deblokiran-niti-mirovni-sporazum-potpisan-da-nije-bilo-hrvatske-vojske\/","name":"Milanovi\u0107 u Kninu: Biha\u0107 ne bi bio deblokiran, niti mirovni sporazum potpisan da nije bilo Hrvatske vojske - RADIO LJUBU\u0160KI","isPartOf":{"@id":"https:\/\/radioljubuski.ba\/#website"},"primaryImageOfPage":{"@id":"https:\/\/radioljubuski.ba\/index.php\/2022\/08\/05\/milanovic-u-kninu-bihac-ne-bi-bio-deblokiran-niti-mirovni-sporazum-potpisan-da-nije-bilo-hrvatske-vojske\/#primaryimage"},"image":{"@id":"https:\/\/radioljubuski.ba\/index.php\/2022\/08\/05\/milanovic-u-kninu-bihac-ne-bi-bio-deblokiran-niti-mirovni-sporazum-potpisan-da-nije-bilo-hrvatske-vojske\/#primaryimage"},"thumbnailUrl":"https:\/\/radioljubuski.ba\/wp-content\/uploads\/2022\/08\/HN20220804642405-696x464-1.jpg","datePublished":"2022-08-05T09:15:39+00:00","dateModified":"2022-08-05T09:15:40+00:00","breadcrumb":{"@id":"https:\/\/radioljubuski.ba\/index.php\/2022\/08\/05\/milanovic-u-kninu-bihac-ne-bi-bio-deblokiran-niti-mirovni-sporazum-potpisan-da-nije-bilo-hrvatske-vojske\/#breadcrumb"},"inLanguage":"hr","potentialAction":[{"@type":"ReadAction","target":["https:\/\/radioljubuski.ba\/index.php\/2022\/08\/05\/milanovic-u-kninu-bihac-ne-bi-bio-deblokiran-niti-mirovni-sporazum-potpisan-da-nije-bilo-hrvatske-vojske\/"]}]},{"@type":"ImageObject","inLanguage":"hr","@id":"https:\/\/radioljubuski.ba\/index.php\/2022\/08\/05\/milanovic-u-kninu-bihac-ne-bi-bio-deblokiran-niti-mirovni-sporazum-potpisan-da-nije-bilo-hrvatske-vojske\/#primaryimage","url":"https:\/\/radioljubuski.ba\/wp-content\/uploads\/2022\/08\/HN20220804642405-696x464-1.jpg","contentUrl":"https:\/\/radioljubuski.ba\/wp-content\/uploads\/2022\/08\/HN20220804642405-696x464-1.jpg","width":696,"height":464},{"@type":"BreadcrumbList","@id":"https:\/\/radioljubuski.ba\/index.php\/2022\/08\/05\/milanovic-u-kninu-bihac-ne-bi-bio-deblokiran-niti-mirovni-sporazum-potpisan-da-nije-bilo-hrvatske-vojske\/#breadcrumb","itemListElement":[{"@type":"ListItem","position":1,"name":"Po\u010detna stranica","item":"https:\/\/radioljubuski.ba\/"},{"@type":"ListItem","position":2,"name":"Milanovi\u0107 u Kninu: Biha\u0107 ne bi bio deblokiran, niti mirovni sporazum potpisan da nije bilo Hrvatske vojske"}]},{"@type":"WebSite","@id":"https:\/\/radioljubuski.ba\/#website","url":"https:\/\/radioljubuski.ba\/","name":"Radio Ljubu\u0161ki","description":"Sun\u010dana frekvencija Hercegovine","publisher":{"@id":"https:\/\/radioljubuski.ba\/#organization"},"potentialAction":[{"@type":"SearchAction","target":{"@type":"EntryPoint","urlTemplate":"https:\/\/radioljubuski.ba\/?s={search_term_string}"},"query-input":{"@type":"PropertyValueSpecification","valueRequired":true,"valueName":"search_term_string"}}],"inLanguage":"hr"},{"@type":"Organization","@id":"https:\/\/radioljubuski.ba\/#organization","name":"Radio Ljubu\u0161ki","url":"https:\/\/radioljubuski.ba\/","logo":{"@type":"ImageObject","inLanguage":"hr","@id":"https:\/\/radioljubuski.ba\/#\/schema\/logo\/image\/","url":"https:\/\/radioljubuski.ba\/wp-content\/uploads\/2021\/02\/cropped-Radio_Ljubuski_logo1.jpg","contentUrl":"https:\/\/radioljubuski.ba\/wp-content\/uploads\/2021\/02\/cropped-Radio_Ljubuski_logo1.jpg","width":512,"height":512,"caption":"Radio Ljubu\u0161ki"},"image":{"@id":"https:\/\/radioljubuski.ba\/#\/schema\/logo\/image\/"},"sameAs":["https:\/\/www.facebook.com\/Radiio-Ljubuski-1490835324566332","https:\/\/x.com\/radioljubuski","https:\/\/hr.linkedin.com\/company\/radio-ljubuski","https:\/\/www.youtube.com\/channel\/UCHYaeO_n0Db3tjNGudGpXyw"]},{"@type":"Person","@id":"https:\/\/radioljubuski.ba\/#\/schema\/person\/19fc700381a780f69665d7956c469e3b","name":"Radio Ljubu\u0161ki"}]}},"_links":{"self":[{"href":"https:\/\/radioljubuski.ba\/index.php\/wp-json\/wp\/v2\/posts\/166714","targetHints":{"allow":["GET"]}}],"collection":[{"href":"https:\/\/radioljubuski.ba\/index.php\/wp-json\/wp\/v2\/posts"}],"about":[{"href":"https:\/\/radioljubuski.ba\/index.php\/wp-json\/wp\/v2\/types\/post"}],"author":[{"embeddable":true,"href":"https:\/\/radioljubuski.ba\/index.php\/wp-json\/wp\/v2\/users\/2"}],"replies":[{"embeddable":true,"href":"https:\/\/radioljubuski.ba\/index.php\/wp-json\/wp\/v2\/comments?post=166714"}],"version-history":[{"count":1,"href":"https:\/\/radioljubuski.ba\/index.php\/wp-json\/wp\/v2\/posts\/166714\/revisions"}],"predecessor-version":[{"id":166716,"href":"https:\/\/radioljubuski.ba\/index.php\/wp-json\/wp\/v2\/posts\/166714\/revisions\/166716"}],"wp:featuredmedia":[{"embeddable":true,"href":"https:\/\/radioljubuski.ba\/index.php\/wp-json\/wp\/v2\/media\/166715"}],"wp:attachment":[{"href":"https:\/\/radioljubuski.ba\/index.php\/wp-json\/wp\/v2\/media?parent=166714"}],"wp:term":[{"taxonomy":"category","embeddable":true,"href":"https:\/\/radioljubuski.ba\/index.php\/wp-json\/wp\/v2\/categories?post=166714"},{"taxonomy":"post_tag","embeddable":true,"href":"https:\/\/radioljubuski.ba\/index.php\/wp-json\/wp\/v2\/tags?post=166714"}],"curies":[{"name":"wp","href":"https:\/\/api.w.org\/{rel}","templated":true}]}}