{"id":166718,"date":"2022-08-05T10:17:58","date_gmt":"2022-08-05T09:17:58","guid":{"rendered":"https:\/\/radioljubuski.ba\/?p=166718"},"modified":"2022-08-05T10:17:59","modified_gmt":"2022-08-05T09:17:59","slug":"u-medugorju-se-prikupljaju-krunice-za-narod-ukrajine","status":"publish","type":"post","link":"https:\/\/radioljubuski.ba\/index.php\/2022\/08\/05\/u-medugorju-se-prikupljaju-krunice-za-narod-ukrajine\/","title":{"rendered":"U Me\u0111ugorju se prikupljaju krunice za narod Ukrajine"},"content":{"rendered":"\n<p><strong>U sklopu inicijative \u201cTvoja krunica za Ukrajinu\u201d u Me\u0111ugorju se na 33. Mladifestu prikupljaju krunice za Ukrajinu koje \u0107e se odnijeti u ovu, ratom zahva\u0107enu, zemlju. Govorio je o tome u svome svjedo\u010danstvu sudionicima 33. Mladifesta pomo\u0107ni biskup Zaporo\u0161ko-kharkivske biskupije iz Ukrajine mons. Jan Sobilo koji se prisjetio svoga prvog dolaska u Me\u0111ugorje, prenosi Ve\u010dernji list.<\/strong><\/p>\n\n\n\n<p><strong>Krunica najja\u010de oru\u017eje<\/strong><\/p>\n\n\n\n<p>\u2013 To\u010dno se sje\u0107am trenutka kada sam prvi put stupio na ovu svetu zemlju na koju svaki dan s neba dolazi Majka Bo\u017eja. Cijelo sam vrijeme osje\u0107ao stvarnu prisutnost Gospe koja me je dr\u017eala za ruku i pokazivala mi sve tajne Me\u0111ugorja. Tada sam bio mladi sve\u0107enik od 35 godina. Osje\u0107ao sam se kao maleno dijete koje mama vodi za ruku i pokazuje mu \u0161to je najva\u017enije u \u017eivotu. Na povratku, dio moga srca ostao je u Me\u0111ugorju \u2013 negdje izme\u0111u kamenja na Podbrdu, Kri\u017eevca i crkve svetoga Jakova te u svakoj ku\u0107i koja je za mene postala kao roditeljska \u2013 kazao je mons. Sobilo nagla\u0161avaju\u0107i kako i njegova biskupija ubire plodove \u201cvelikog stabla zvanog Me\u0111ugorje\u201d.<\/p>\n\n\n\n<p>Biskup Sobilo kazao je kako je u Me\u0111ugorje prvi put do\u0161ao u drugoj polovici 90-ih godina nakon zavr\u0161etka rata na ovim na\u0161im prostorima, krvavog rata zaustavljenog krunicom. Sada je u ratu njegova zemlja. Nakon \u0161to su iscrpljene sve diplomatske metode za zaustavljanje rata, ostala im je krunica kao najja\u010de \u201coru\u017eje\u201d. Odlu\u010dili su stoga Ukrajinci u Me\u0111ugorju prikupljati krunice za Ukrajinu. Sudionici Mladifesta iz cijeloga svijeta na njegov poziv, koji im je uputio nakon svjedo\u010danstva, ostavljaju svoje krunice koje \u0107e se zavr\u0161etkom Mladifesta ponijeti u Ukrajinu. \u2013 Vojnici s kojima u zadnje vrijeme \u010desto komuniciram govore da u najstra\u0161nijim trenucima, kada ljudi gube nadu, pomo\u0107 dolazi s neba. Spoznaju da ih ne\u010dija molitva, post i pla\u0161t Pre\u010diste Djevice Marije, koji je prostrt nad njima, \u0161titi od ranjavanja i smrti.<\/p>\n\n\n\n<p>\u2013 Na\u0161i vojnici oslanjaju se na vrlo sna\u017eno oru\u017eje \u2013 krunicu. Uobi\u010dajeno ih je vidjeti s krunicama oko vrata koje nose blizu svojih srdaca. Krunica je, naime, vrlo sli\u010dna Davidovoj pra\u0107ki i pet kamen\u010di\u0107a koje je imao u torbi i njima pobijedio Golijata \u2013 kazao je biskup Sobilo, a te njegove rije\u010di mnoge su podsjetile na vrijeme Domovinskog rata i ovda\u0161nje vojnike koji se nisu odvajali od krunice, kao ni civili koji su neprestano molili za njih. I, naravno, za mir. \u2013 Oni, koji su u Me\u0111ugorju nau\u010dili moliti krunicu, tako u\u010de i druge. Molim sve vas, dragi mladi, da i vi darujete krunice za sve one u Ukrajini koji ih \u017eele, a nemaju ih. Krunica je najja\u010de oru\u017eje protiv zla. Va\u0161a \u0107e krunica biti poslana u Ukrajinu, u ruke onih koji je \u010dekaju, koji pro\u017eivljavaju strah i gube nadu. Krunica \u0107e im dati sigurnost da ih Majka \u0161titi \u2013 kazao je pomo\u0107ni biskup Zaporo\u0161ko-kharkivske biskupije mons. Jan Sobilo i podsjetio kako se krunica jo\u0161 uvijek mo\u017ee poslati u Ukrajinu. Podsje\u0107amo vas i mi da to u\u010dinite, a darovati je mo\u017eete pored vanjskog oltara, na livadi, na \u0161tandu s natpisom \u201cTvoja krunica za Ukrajinu\u201d. \u2013 Nakon Mladifesta krunice \u0107emo odnijeti u Ukrajinu na mjesta gdje su najpotrebnije \u2013 poru\u010dio je biskup Sobilo, a mladi iz cijeloga svijeta odrekli su se svoje krunice i tisu\u0107e ih darovali Ukrajincima.<\/p>\n\n\n\n<p><strong>Svjedo\u010danstva i molitve<\/strong><\/p>\n\n\n\n<p>Drugoga dana Mladifesta, na blagdan Gospe od An\u0111ela, sredi\u0161nje ve\u010dernje misno slavlje predvodio je generalni ministar Reda manje bra\u0107e fra Massimo Fusarelli uz koncelebraciju 550 nadbiskupa, biskupa i sve\u0107enika. Prije mise, kao i svaku ve\u010der, molila se krunica, a fra Massimo Fusarelli kazao je kako je s rado\u0161\u0107u i iznena\u0111enjem prihvatio poziv mons. Alde Cavallija da bude s okupljenima u Me\u0111ugorju. \u2013 Nisam mogao zamisliti dok ne vidim vlastitim o\u010dima jedan ovakav spektakl, prizor mno\u0161tva, vjere i molitve. Znak je to da Gospodin Isus jo\u0161 uvijek zna fascinirati mlade i pozvati ih na susret s njim, na vjeru, da ga slijede cijelim svojim \u017eivotom, koji je pun i\u0161\u010dekivanja za budu\u0107nost, \u010dak i u ovom vremenu za koje se \u010dini kako nam krade budu\u0107nost. \u2013 Dragi mladi, kada rije\u010d Gospodina Isusa dopre do nas i rani na\u0161e srce, u po\u010detku smo izgubljeni, to je iskustvo mnogih od nas jer je to rije\u010d ve\u0107a od na\u0161ih, nova je u odnosu na ono \u0161to mi mo\u017eemo izre\u0107i. Ovo iznena\u0111enje, izgubljenost i strah od rije\u010di, koja nas tjera izi\u0107i iz sebe i usmjerava nas prema licu Gospodina Isusa \u2013 dobri su za nas. Marija ostaje usmjerena prema rije\u010di koju \u010duje, ne umara se primati je. U drevnim prikazima Marija je predstavljena s knjigom Rije\u010di Bo\u017eje u utrobi dok \u010deka Isusa. Marija je prihvatila ovu Rije\u010d u svome srcu prije nego \u0161to ju je rodila u tijelu. Marija nam pokazuje put svakodnevnog slu\u0161anja evan\u0111elja, zastajanja u \u0161utnji uz njega i, jednostavno, prihva\u0107anja ove Rije\u010di u svom \u017eivotu kao put vjere. Obra\u0107enje je mogu\u0107e? Da, ali ako svaki dan \u017eivimo evan\u0111elje \u2013 kazao je fra Massimo Fusarelli koji je mladima u Me\u0111ugorju zahvalio za njihovo svjedo\u010denje. \u2013 Dolazite iz svih krajeva svijeta. Hvala vam za va\u0161e svjedo\u010denje, svjedo\u010denje vjere i molitve. Gospodin je sigurno zadovoljan. Djevica Marija kli\u010de, a vjerujem i da je sveti Franjo sretan i prisutan ovdje te poma\u017ee svima da se vrata prema nebu lak\u0161e otvore \u2013 rije\u010di su kojima je svoju propovijed zaklju\u010dio fra Massimo Fusarelli.<\/p>\n\n\n\n<p>Nakon mise odr\u017eana je procesija s Gospinim kipom i klanjanje Isusu u Presvetom Oltarskom Sakramentu. Svoje svjedo\u010danstvo mladima je ispri\u010dao Talijan Davide Colono koji je govorio o svojim obiteljskim problemima, razvodu te ponovnoj pomirbi sa suprugom, zahvaljuju\u0107i dolascima i molitvi u Me\u0111ugorju, a svjedo\u010danstvo je imala i djevojka iz Svete zemlje Maisa Araf. U Me\u0111ugorju su se ovoga tjedna na Mladifestu okupili mladi iz sedamdeset zemalja svijeta, njih gotovo 50 tisu\u0107a. Zastave se vijore u mimohodima, na misama.<\/p>\n\n\n\n<p>\/HMS\/<\/p>\n","protected":false},"excerpt":{"rendered":"<p>U sklopu inicijative \u201cTvoja krunica za Ukrajinu\u201d u Me\u0111ugorju se na 33. Mladifestu prikupljaju krunice za Ukrajinu koje \u0107e se odnijeti u ovu, ratom zahva\u0107enu, zemlju. Govorio je o tome u svome svjedo\u010danstvu sudionicima 33. Mladifesta pomo\u0107ni biskup Zaporo\u0161ko-kharkivske biskupije iz Ukrajine mons. Jan Sobilo koji se prisjetio svoga prvog dolaska u Me\u0111ugorje, prenosi Ve\u010dernji [&hellip;]<\/p>\n","protected":false},"author":2,"featured_media":166719,"comment_status":"closed","ping_status":"closed","sticky":false,"template":"","format":"standard","meta":{"h5ap_radio_sources":[],"footnotes":""},"categories":[1],"tags":[],"class_list":["post-166718","post","type-post","status-publish","format-standard","has-post-thumbnail","hentry","category-bihiregija"],"yoast_head":"<!-- This site is optimized with the Yoast SEO plugin v27.4 - https:\/\/yoast.com\/product\/yoast-seo-wordpress\/ -->\n<title>U Me\u0111ugorju se prikupljaju krunice za narod Ukrajine - RADIO LJUBU\u0160KI<\/title>\n<meta name=\"robots\" content=\"index, follow, max-snippet:-1, max-image-preview:large, max-video-preview:-1\" \/>\n<link rel=\"canonical\" href=\"https:\/\/radioljubuski.ba\/index.php\/2022\/08\/05\/u-medugorju-se-prikupljaju-krunice-za-narod-ukrajine\/\" \/>\n<meta property=\"og:locale\" content=\"hr_HR\" \/>\n<meta property=\"og:type\" content=\"article\" \/>\n<meta property=\"og:title\" content=\"U Me\u0111ugorju se prikupljaju krunice za narod Ukrajine - RADIO LJUBU\u0160KI\" \/>\n<meta property=\"og:description\" content=\"U sklopu inicijative \u201cTvoja krunica za Ukrajinu\u201d u Me\u0111ugorju se na 33. Mladifestu prikupljaju krunice za Ukrajinu koje \u0107e se odnijeti u ovu, ratom zahva\u0107enu, zemlju. Govorio je o tome u svome svjedo\u010danstvu sudionicima 33. Mladifesta pomo\u0107ni biskup Zaporo\u0161ko-kharkivske biskupije iz Ukrajine mons. Jan Sobilo koji se prisjetio svoga prvog dolaska u Me\u0111ugorje, prenosi Ve\u010dernji [&hellip;]\" \/>\n<meta property=\"og:url\" content=\"https:\/\/radioljubuski.ba\/index.php\/2022\/08\/05\/u-medugorju-se-prikupljaju-krunice-za-narod-ukrajine\/\" \/>\n<meta property=\"og:site_name\" content=\"RADIO LJUBU\u0160KI\" \/>\n<meta property=\"article:publisher\" content=\"https:\/\/www.facebook.com\/Radiio-Ljubuski-1490835324566332\" \/>\n<meta property=\"article:published_time\" content=\"2022-08-05T09:17:58+00:00\" \/>\n<meta property=\"article:modified_time\" content=\"2022-08-05T09:17:59+00:00\" \/>\n<meta property=\"og:image\" content=\"https:\/\/radioljubuski.ba\/wp-content\/uploads\/2022\/08\/1267e5fc9f40e60b4a6a.jpeg\" \/>\n\t<meta property=\"og:image:width\" content=\"1279\" \/>\n\t<meta property=\"og:image:height\" content=\"857\" \/>\n\t<meta property=\"og:image:type\" content=\"image\/jpeg\" \/>\n<meta name=\"author\" content=\"Radio Ljubu\u0161ki\" \/>\n<meta name=\"twitter:card\" content=\"summary_large_image\" \/>\n<meta name=\"twitter:creator\" content=\"@radioljubuski\" \/>\n<meta name=\"twitter:site\" content=\"@radioljubuski\" \/>\n<meta name=\"twitter:label1\" content=\"Napisao\/la\" \/>\n\t<meta name=\"twitter:data1\" content=\"Radio Ljubu\u0161ki\" \/>\n\t<meta name=\"twitter:label2\" content=\"Procijenjeno vrijeme \u010ditanja\" \/>\n\t<meta name=\"twitter:data2\" content=\"5 minuta\" \/>\n<script type=\"application\/ld+json\" class=\"yoast-schema-graph\">{\"@context\":\"https:\\\/\\\/schema.org\",\"@graph\":[{\"@type\":\"Article\",\"@id\":\"https:\\\/\\\/radioljubuski.ba\\\/index.php\\\/2022\\\/08\\\/05\\\/u-medugorju-se-prikupljaju-krunice-za-narod-ukrajine\\\/#article\",\"isPartOf\":{\"@id\":\"https:\\\/\\\/radioljubuski.ba\\\/index.php\\\/2022\\\/08\\\/05\\\/u-medugorju-se-prikupljaju-krunice-za-narod-ukrajine\\\/\"},\"author\":{\"name\":\"Radio Ljubu\u0161ki\",\"@id\":\"https:\\\/\\\/radioljubuski.ba\\\/#\\\/schema\\\/person\\\/19fc700381a780f69665d7956c469e3b\"},\"headline\":\"U Me\u0111ugorju se prikupljaju krunice za narod Ukrajine\",\"datePublished\":\"2022-08-05T09:17:58+00:00\",\"dateModified\":\"2022-08-05T09:17:59+00:00\",\"mainEntityOfPage\":{\"@id\":\"https:\\\/\\\/radioljubuski.ba\\\/index.php\\\/2022\\\/08\\\/05\\\/u-medugorju-se-prikupljaju-krunice-za-narod-ukrajine\\\/\"},\"wordCount\":1049,\"publisher\":{\"@id\":\"https:\\\/\\\/radioljubuski.ba\\\/#organization\"},\"image\":{\"@id\":\"https:\\\/\\\/radioljubuski.ba\\\/index.php\\\/2022\\\/08\\\/05\\\/u-medugorju-se-prikupljaju-krunice-za-narod-ukrajine\\\/#primaryimage\"},\"thumbnailUrl\":\"https:\\\/\\\/radioljubuski.ba\\\/wp-content\\\/uploads\\\/2022\\\/08\\\/1267e5fc9f40e60b4a6a.jpeg\",\"articleSection\":[\"BIH i regija\"],\"inLanguage\":\"hr\"},{\"@type\":\"WebPage\",\"@id\":\"https:\\\/\\\/radioljubuski.ba\\\/index.php\\\/2022\\\/08\\\/05\\\/u-medugorju-se-prikupljaju-krunice-za-narod-ukrajine\\\/\",\"url\":\"https:\\\/\\\/radioljubuski.ba\\\/index.php\\\/2022\\\/08\\\/05\\\/u-medugorju-se-prikupljaju-krunice-za-narod-ukrajine\\\/\",\"name\":\"U Me\u0111ugorju se prikupljaju krunice za narod Ukrajine - RADIO LJUBU\u0160KI\",\"isPartOf\":{\"@id\":\"https:\\\/\\\/radioljubuski.ba\\\/#website\"},\"primaryImageOfPage\":{\"@id\":\"https:\\\/\\\/radioljubuski.ba\\\/index.php\\\/2022\\\/08\\\/05\\\/u-medugorju-se-prikupljaju-krunice-za-narod-ukrajine\\\/#primaryimage\"},\"image\":{\"@id\":\"https:\\\/\\\/radioljubuski.ba\\\/index.php\\\/2022\\\/08\\\/05\\\/u-medugorju-se-prikupljaju-krunice-za-narod-ukrajine\\\/#primaryimage\"},\"thumbnailUrl\":\"https:\\\/\\\/radioljubuski.ba\\\/wp-content\\\/uploads\\\/2022\\\/08\\\/1267e5fc9f40e60b4a6a.jpeg\",\"datePublished\":\"2022-08-05T09:17:58+00:00\",\"dateModified\":\"2022-08-05T09:17:59+00:00\",\"breadcrumb\":{\"@id\":\"https:\\\/\\\/radioljubuski.ba\\\/index.php\\\/2022\\\/08\\\/05\\\/u-medugorju-se-prikupljaju-krunice-za-narod-ukrajine\\\/#breadcrumb\"},\"inLanguage\":\"hr\",\"potentialAction\":[{\"@type\":\"ReadAction\",\"target\":[\"https:\\\/\\\/radioljubuski.ba\\\/index.php\\\/2022\\\/08\\\/05\\\/u-medugorju-se-prikupljaju-krunice-za-narod-ukrajine\\\/\"]}]},{\"@type\":\"ImageObject\",\"inLanguage\":\"hr\",\"@id\":\"https:\\\/\\\/radioljubuski.ba\\\/index.php\\\/2022\\\/08\\\/05\\\/u-medugorju-se-prikupljaju-krunice-za-narod-ukrajine\\\/#primaryimage\",\"url\":\"https:\\\/\\\/radioljubuski.ba\\\/wp-content\\\/uploads\\\/2022\\\/08\\\/1267e5fc9f40e60b4a6a.jpeg\",\"contentUrl\":\"https:\\\/\\\/radioljubuski.ba\\\/wp-content\\\/uploads\\\/2022\\\/08\\\/1267e5fc9f40e60b4a6a.jpeg\",\"width\":1279,\"height\":857},{\"@type\":\"BreadcrumbList\",\"@id\":\"https:\\\/\\\/radioljubuski.ba\\\/index.php\\\/2022\\\/08\\\/05\\\/u-medugorju-se-prikupljaju-krunice-za-narod-ukrajine\\\/#breadcrumb\",\"itemListElement\":[{\"@type\":\"ListItem\",\"position\":1,\"name\":\"Po\u010detna stranica\",\"item\":\"https:\\\/\\\/radioljubuski.ba\\\/\"},{\"@type\":\"ListItem\",\"position\":2,\"name\":\"U Me\u0111ugorju se prikupljaju krunice za narod Ukrajine\"}]},{\"@type\":\"WebSite\",\"@id\":\"https:\\\/\\\/radioljubuski.ba\\\/#website\",\"url\":\"https:\\\/\\\/radioljubuski.ba\\\/\",\"name\":\"Radio Ljubu\u0161ki\",\"description\":\"Sun\u010dana frekvencija Hercegovine\",\"publisher\":{\"@id\":\"https:\\\/\\\/radioljubuski.ba\\\/#organization\"},\"potentialAction\":[{\"@type\":\"SearchAction\",\"target\":{\"@type\":\"EntryPoint\",\"urlTemplate\":\"https:\\\/\\\/radioljubuski.ba\\\/?s={search_term_string}\"},\"query-input\":{\"@type\":\"PropertyValueSpecification\",\"valueRequired\":true,\"valueName\":\"search_term_string\"}}],\"inLanguage\":\"hr\"},{\"@type\":\"Organization\",\"@id\":\"https:\\\/\\\/radioljubuski.ba\\\/#organization\",\"name\":\"Radio Ljubu\u0161ki\",\"url\":\"https:\\\/\\\/radioljubuski.ba\\\/\",\"logo\":{\"@type\":\"ImageObject\",\"inLanguage\":\"hr\",\"@id\":\"https:\\\/\\\/radioljubuski.ba\\\/#\\\/schema\\\/logo\\\/image\\\/\",\"url\":\"https:\\\/\\\/radioljubuski.ba\\\/wp-content\\\/uploads\\\/2021\\\/02\\\/cropped-Radio_Ljubuski_logo1.jpg\",\"contentUrl\":\"https:\\\/\\\/radioljubuski.ba\\\/wp-content\\\/uploads\\\/2021\\\/02\\\/cropped-Radio_Ljubuski_logo1.jpg\",\"width\":512,\"height\":512,\"caption\":\"Radio Ljubu\u0161ki\"},\"image\":{\"@id\":\"https:\\\/\\\/radioljubuski.ba\\\/#\\\/schema\\\/logo\\\/image\\\/\"},\"sameAs\":[\"https:\\\/\\\/www.facebook.com\\\/Radiio-Ljubuski-1490835324566332\",\"https:\\\/\\\/x.com\\\/radioljubuski\",\"https:\\\/\\\/hr.linkedin.com\\\/company\\\/radio-ljubuski\",\"https:\\\/\\\/www.youtube.com\\\/channel\\\/UCHYaeO_n0Db3tjNGudGpXyw\"]},{\"@type\":\"Person\",\"@id\":\"https:\\\/\\\/radioljubuski.ba\\\/#\\\/schema\\\/person\\\/19fc700381a780f69665d7956c469e3b\",\"name\":\"Radio Ljubu\u0161ki\"}]}<\/script>\n<!-- \/ Yoast SEO plugin. -->","yoast_head_json":{"title":"U Me\u0111ugorju se prikupljaju krunice za narod Ukrajine - RADIO LJUBU\u0160KI","robots":{"index":"index","follow":"follow","max-snippet":"max-snippet:-1","max-image-preview":"max-image-preview:large","max-video-preview":"max-video-preview:-1"},"canonical":"https:\/\/radioljubuski.ba\/index.php\/2022\/08\/05\/u-medugorju-se-prikupljaju-krunice-za-narod-ukrajine\/","og_locale":"hr_HR","og_type":"article","og_title":"U Me\u0111ugorju se prikupljaju krunice za narod Ukrajine - RADIO LJUBU\u0160KI","og_description":"U sklopu inicijative \u201cTvoja krunica za Ukrajinu\u201d u Me\u0111ugorju se na 33. Mladifestu prikupljaju krunice za Ukrajinu koje \u0107e se odnijeti u ovu, ratom zahva\u0107enu, zemlju. Govorio je o tome u svome svjedo\u010danstvu sudionicima 33. Mladifesta pomo\u0107ni biskup Zaporo\u0161ko-kharkivske biskupije iz Ukrajine mons. Jan Sobilo koji se prisjetio svoga prvog dolaska u Me\u0111ugorje, prenosi Ve\u010dernji [&hellip;]","og_url":"https:\/\/radioljubuski.ba\/index.php\/2022\/08\/05\/u-medugorju-se-prikupljaju-krunice-za-narod-ukrajine\/","og_site_name":"RADIO LJUBU\u0160KI","article_publisher":"https:\/\/www.facebook.com\/Radiio-Ljubuski-1490835324566332","article_published_time":"2022-08-05T09:17:58+00:00","article_modified_time":"2022-08-05T09:17:59+00:00","og_image":[{"width":1279,"height":857,"url":"https:\/\/radioljubuski.ba\/wp-content\/uploads\/2022\/08\/1267e5fc9f40e60b4a6a.jpeg","type":"image\/jpeg"}],"author":"Radio Ljubu\u0161ki","twitter_card":"summary_large_image","twitter_creator":"@radioljubuski","twitter_site":"@radioljubuski","twitter_misc":{"Napisao\/la":"Radio Ljubu\u0161ki","Procijenjeno vrijeme \u010ditanja":"5 minuta"},"schema":{"@context":"https:\/\/schema.org","@graph":[{"@type":"Article","@id":"https:\/\/radioljubuski.ba\/index.php\/2022\/08\/05\/u-medugorju-se-prikupljaju-krunice-za-narod-ukrajine\/#article","isPartOf":{"@id":"https:\/\/radioljubuski.ba\/index.php\/2022\/08\/05\/u-medugorju-se-prikupljaju-krunice-za-narod-ukrajine\/"},"author":{"name":"Radio Ljubu\u0161ki","@id":"https:\/\/radioljubuski.ba\/#\/schema\/person\/19fc700381a780f69665d7956c469e3b"},"headline":"U Me\u0111ugorju se prikupljaju krunice za narod Ukrajine","datePublished":"2022-08-05T09:17:58+00:00","dateModified":"2022-08-05T09:17:59+00:00","mainEntityOfPage":{"@id":"https:\/\/radioljubuski.ba\/index.php\/2022\/08\/05\/u-medugorju-se-prikupljaju-krunice-za-narod-ukrajine\/"},"wordCount":1049,"publisher":{"@id":"https:\/\/radioljubuski.ba\/#organization"},"image":{"@id":"https:\/\/radioljubuski.ba\/index.php\/2022\/08\/05\/u-medugorju-se-prikupljaju-krunice-za-narod-ukrajine\/#primaryimage"},"thumbnailUrl":"https:\/\/radioljubuski.ba\/wp-content\/uploads\/2022\/08\/1267e5fc9f40e60b4a6a.jpeg","articleSection":["BIH i regija"],"inLanguage":"hr"},{"@type":"WebPage","@id":"https:\/\/radioljubuski.ba\/index.php\/2022\/08\/05\/u-medugorju-se-prikupljaju-krunice-za-narod-ukrajine\/","url":"https:\/\/radioljubuski.ba\/index.php\/2022\/08\/05\/u-medugorju-se-prikupljaju-krunice-za-narod-ukrajine\/","name":"U Me\u0111ugorju se prikupljaju krunice za narod Ukrajine - RADIO LJUBU\u0160KI","isPartOf":{"@id":"https:\/\/radioljubuski.ba\/#website"},"primaryImageOfPage":{"@id":"https:\/\/radioljubuski.ba\/index.php\/2022\/08\/05\/u-medugorju-se-prikupljaju-krunice-za-narod-ukrajine\/#primaryimage"},"image":{"@id":"https:\/\/radioljubuski.ba\/index.php\/2022\/08\/05\/u-medugorju-se-prikupljaju-krunice-za-narod-ukrajine\/#primaryimage"},"thumbnailUrl":"https:\/\/radioljubuski.ba\/wp-content\/uploads\/2022\/08\/1267e5fc9f40e60b4a6a.jpeg","datePublished":"2022-08-05T09:17:58+00:00","dateModified":"2022-08-05T09:17:59+00:00","breadcrumb":{"@id":"https:\/\/radioljubuski.ba\/index.php\/2022\/08\/05\/u-medugorju-se-prikupljaju-krunice-za-narod-ukrajine\/#breadcrumb"},"inLanguage":"hr","potentialAction":[{"@type":"ReadAction","target":["https:\/\/radioljubuski.ba\/index.php\/2022\/08\/05\/u-medugorju-se-prikupljaju-krunice-za-narod-ukrajine\/"]}]},{"@type":"ImageObject","inLanguage":"hr","@id":"https:\/\/radioljubuski.ba\/index.php\/2022\/08\/05\/u-medugorju-se-prikupljaju-krunice-za-narod-ukrajine\/#primaryimage","url":"https:\/\/radioljubuski.ba\/wp-content\/uploads\/2022\/08\/1267e5fc9f40e60b4a6a.jpeg","contentUrl":"https:\/\/radioljubuski.ba\/wp-content\/uploads\/2022\/08\/1267e5fc9f40e60b4a6a.jpeg","width":1279,"height":857},{"@type":"BreadcrumbList","@id":"https:\/\/radioljubuski.ba\/index.php\/2022\/08\/05\/u-medugorju-se-prikupljaju-krunice-za-narod-ukrajine\/#breadcrumb","itemListElement":[{"@type":"ListItem","position":1,"name":"Po\u010detna stranica","item":"https:\/\/radioljubuski.ba\/"},{"@type":"ListItem","position":2,"name":"U Me\u0111ugorju se prikupljaju krunice za narod Ukrajine"}]},{"@type":"WebSite","@id":"https:\/\/radioljubuski.ba\/#website","url":"https:\/\/radioljubuski.ba\/","name":"Radio Ljubu\u0161ki","description":"Sun\u010dana frekvencija Hercegovine","publisher":{"@id":"https:\/\/radioljubuski.ba\/#organization"},"potentialAction":[{"@type":"SearchAction","target":{"@type":"EntryPoint","urlTemplate":"https:\/\/radioljubuski.ba\/?s={search_term_string}"},"query-input":{"@type":"PropertyValueSpecification","valueRequired":true,"valueName":"search_term_string"}}],"inLanguage":"hr"},{"@type":"Organization","@id":"https:\/\/radioljubuski.ba\/#organization","name":"Radio Ljubu\u0161ki","url":"https:\/\/radioljubuski.ba\/","logo":{"@type":"ImageObject","inLanguage":"hr","@id":"https:\/\/radioljubuski.ba\/#\/schema\/logo\/image\/","url":"https:\/\/radioljubuski.ba\/wp-content\/uploads\/2021\/02\/cropped-Radio_Ljubuski_logo1.jpg","contentUrl":"https:\/\/radioljubuski.ba\/wp-content\/uploads\/2021\/02\/cropped-Radio_Ljubuski_logo1.jpg","width":512,"height":512,"caption":"Radio Ljubu\u0161ki"},"image":{"@id":"https:\/\/radioljubuski.ba\/#\/schema\/logo\/image\/"},"sameAs":["https:\/\/www.facebook.com\/Radiio-Ljubuski-1490835324566332","https:\/\/x.com\/radioljubuski","https:\/\/hr.linkedin.com\/company\/radio-ljubuski","https:\/\/www.youtube.com\/channel\/UCHYaeO_n0Db3tjNGudGpXyw"]},{"@type":"Person","@id":"https:\/\/radioljubuski.ba\/#\/schema\/person\/19fc700381a780f69665d7956c469e3b","name":"Radio Ljubu\u0161ki"}]}},"_links":{"self":[{"href":"https:\/\/radioljubuski.ba\/index.php\/wp-json\/wp\/v2\/posts\/166718","targetHints":{"allow":["GET"]}}],"collection":[{"href":"https:\/\/radioljubuski.ba\/index.php\/wp-json\/wp\/v2\/posts"}],"about":[{"href":"https:\/\/radioljubuski.ba\/index.php\/wp-json\/wp\/v2\/types\/post"}],"author":[{"embeddable":true,"href":"https:\/\/radioljubuski.ba\/index.php\/wp-json\/wp\/v2\/users\/2"}],"replies":[{"embeddable":true,"href":"https:\/\/radioljubuski.ba\/index.php\/wp-json\/wp\/v2\/comments?post=166718"}],"version-history":[{"count":1,"href":"https:\/\/radioljubuski.ba\/index.php\/wp-json\/wp\/v2\/posts\/166718\/revisions"}],"predecessor-version":[{"id":166720,"href":"https:\/\/radioljubuski.ba\/index.php\/wp-json\/wp\/v2\/posts\/166718\/revisions\/166720"}],"wp:featuredmedia":[{"embeddable":true,"href":"https:\/\/radioljubuski.ba\/index.php\/wp-json\/wp\/v2\/media\/166719"}],"wp:attachment":[{"href":"https:\/\/radioljubuski.ba\/index.php\/wp-json\/wp\/v2\/media?parent=166718"}],"wp:term":[{"taxonomy":"category","embeddable":true,"href":"https:\/\/radioljubuski.ba\/index.php\/wp-json\/wp\/v2\/categories?post=166718"},{"taxonomy":"post_tag","embeddable":true,"href":"https:\/\/radioljubuski.ba\/index.php\/wp-json\/wp\/v2\/tags?post=166718"}],"curies":[{"name":"wp","href":"https:\/\/api.w.org\/{rel}","templated":true}]}}