{"id":166743,"date":"2022-08-05T10:28:22","date_gmt":"2022-08-05T09:28:22","guid":{"rendered":"https:\/\/radioljubuski.ba\/?p=166743"},"modified":"2022-08-05T10:28:23","modified_gmt":"2022-08-05T09:28:23","slug":"iz-ukrajinskih-luka-isplovila-jos-tri-broda-s-58-000-tona-kukuruza","status":"publish","type":"post","link":"https:\/\/radioljubuski.ba\/index.php\/2022\/08\/05\/iz-ukrajinskih-luka-isplovila-jos-tri-broda-s-58-000-tona-kukuruza\/","title":{"rendered":"Iz ukrajinskih luka isplovila jo\u0161 tri broda s 58.000 tona kukuruza"},"content":{"rendered":"\n<p><strong>Ministarstvo obrane Turske priop\u0107ilo je da su tri broda s ukupno 58.000 tona kukuruza iz ukrajinskih luka isplovila prema Turskoj, Velikoj Britaniji i Irskoj, prenosi Anadolu Agency (AA).<\/strong><\/p>\n\n\n\n<p>Prvi brod \u201cNavist\u201d pod zastavom Paname, isplovio je iz luke Odesa za Irsku s 33.000 tona \u017eitarica, navodi se u priop\u0107enju ministarstva. Brod \u0107e pro\u0107i inspekciju u Zajedni\u010dkom koordinacijskom centru (JCC) u Istanbulu prije nego \u0161to nastavi plovidbu do svog kona\u010dnog odredi\u0161ta.<\/p>\n\n\n\n<p>Drugi brod \u201cRojen\u201d, pod zastavom Malte, napustio je luku \u010cernomorsk s 13.000 tona \u017eitarica, a kona\u010dno odredi\u0161te mu je Velika Britanija, priop\u0107ilo je ministarstvo i dodalo da ga prati i Zajedni\u010dki koordinacijski centar.<\/p>\n\n\n\n<p>Tre\u0107i brod \u201cPolarnet\u201d, brod pod zastavom Turske, koji je \u010dekao u luci \u010cernomorsk, uplovio je u luku Karasu u sjeverozapadnoj Turske. Brod, koji prevozi 12.000 tona \u017eitarica \u0107e tako biti podvrgnut inspekciji zajedni\u010dkog tima u Istanbulu.<\/p>\n\n\n\n<p>U ponedjeljak je iz ukrajinske luke Odesa isplovio prvi brod sa \u017eitom koji je potom iz Istanbula nastavio put prema Libanu nakon odre\u0111enih provjera u turskoj metropoli. Brod, pod zastavom Siera Leona, bio je natovaren kukuruzom.<\/p>\n\n\n\n<p>Uz posredovanje Turske i UN-a, Ukrajina i Rusija u Istanbulu potpisale su 22. srpnja sporazum o obnovi ukrajinskih isporuka \u017eitarica iz crnomorskih luka. Prema dogovoru, uspostavljen je koordinacijski centar za provo\u0111enje zajedni\u010dkih inspekcija na ulazima i izlazima iz luka, osiguravaju\u0107i sigurnost ruta.<\/p>\n\n\n\n<p>Turska, koju je me\u0111unarodna zajednica pohvalila zbog posredni\u010dke uloge, koordinirala je s Moskvom i Kijevom otvaranje koridora iz ukrajinskog lu\u010dkog grada Odesa da bi globalne isporuke \u017eitarica koje su bile zaustavljene zbog rusko-ukrajinskog rata od 24. velja\u010de bile nastavljene.\u200b\u200b\u200b\u200b\u200b\u200b\u200b<\/p>\n\n\n\n<p>\/Anadolija\/HMS\/<\/p>\n","protected":false},"excerpt":{"rendered":"<p>Ministarstvo obrane Turske priop\u0107ilo je da su tri broda s ukupno 58.000 tona kukuruza iz ukrajinskih luka isplovila prema Turskoj, Velikoj Britaniji i Irskoj, prenosi Anadolu Agency (AA). Prvi brod \u201cNavist\u201d pod zastavom Paname, isplovio je iz luke Odesa za Irsku s 33.000 tona \u017eitarica, navodi se u priop\u0107enju ministarstva. Brod \u0107e pro\u0107i inspekciju u [&hellip;]<\/p>\n","protected":false},"author":2,"featured_media":166744,"comment_status":"closed","ping_status":"closed","sticky":false,"template":"","format":"standard","meta":{"h5ap_radio_sources":[],"footnotes":""},"categories":[1],"tags":[],"class_list":["post-166743","post","type-post","status-publish","format-standard","has-post-thumbnail","hentry","category-bihiregija"],"yoast_head":"<!-- This site is optimized with the Yoast SEO plugin v27.4 - https:\/\/yoast.com\/product\/yoast-seo-wordpress\/ -->\n<title>Iz ukrajinskih luka isplovila jo\u0161 tri broda s 58.000 tona kukuruza - RADIO LJUBU\u0160KI<\/title>\n<meta name=\"robots\" content=\"index, follow, max-snippet:-1, max-image-preview:large, max-video-preview:-1\" \/>\n<link rel=\"canonical\" href=\"https:\/\/radioljubuski.ba\/index.php\/2022\/08\/05\/iz-ukrajinskih-luka-isplovila-jos-tri-broda-s-58-000-tona-kukuruza\/\" \/>\n<meta property=\"og:locale\" content=\"hr_HR\" \/>\n<meta property=\"og:type\" content=\"article\" \/>\n<meta property=\"og:title\" content=\"Iz ukrajinskih luka isplovila jo\u0161 tri broda s 58.000 tona kukuruza - RADIO LJUBU\u0160KI\" \/>\n<meta property=\"og:description\" content=\"Ministarstvo obrane Turske priop\u0107ilo je da su tri broda s ukupno 58.000 tona kukuruza iz ukrajinskih luka isplovila prema Turskoj, Velikoj Britaniji i Irskoj, prenosi Anadolu Agency (AA). Prvi brod \u201cNavist\u201d pod zastavom Paname, isplovio je iz luke Odesa za Irsku s 33.000 tona \u017eitarica, navodi se u priop\u0107enju ministarstva. Brod \u0107e pro\u0107i inspekciju u [&hellip;]\" \/>\n<meta property=\"og:url\" content=\"https:\/\/radioljubuski.ba\/index.php\/2022\/08\/05\/iz-ukrajinskih-luka-isplovila-jos-tri-broda-s-58-000-tona-kukuruza\/\" \/>\n<meta property=\"og:site_name\" content=\"RADIO LJUBU\u0160KI\" \/>\n<meta property=\"article:publisher\" content=\"https:\/\/www.facebook.com\/Radiio-Ljubuski-1490835324566332\" \/>\n<meta property=\"article:published_time\" content=\"2022-08-05T09:28:22+00:00\" \/>\n<meta property=\"article:modified_time\" content=\"2022-08-05T09:28:23+00:00\" \/>\n<meta property=\"og:image\" content=\"https:\/\/radioljubuski.ba\/wp-content\/uploads\/2022\/08\/brod-sa-zitom.jpg\" \/>\n\t<meta property=\"og:image:width\" content=\"1024\" \/>\n\t<meta property=\"og:image:height\" content=\"683\" \/>\n\t<meta property=\"og:image:type\" content=\"image\/jpeg\" \/>\n<meta name=\"author\" content=\"Radio Ljubu\u0161ki\" \/>\n<meta name=\"twitter:card\" content=\"summary_large_image\" \/>\n<meta name=\"twitter:creator\" content=\"@radioljubuski\" \/>\n<meta name=\"twitter:site\" content=\"@radioljubuski\" \/>\n<meta name=\"twitter:label1\" content=\"Napisao\/la\" \/>\n\t<meta name=\"twitter:data1\" content=\"Radio Ljubu\u0161ki\" \/>\n\t<meta name=\"twitter:label2\" content=\"Procijenjeno vrijeme \u010ditanja\" \/>\n\t<meta name=\"twitter:data2\" content=\"2 minute\" \/>\n<script type=\"application\/ld+json\" class=\"yoast-schema-graph\">{\"@context\":\"https:\\\/\\\/schema.org\",\"@graph\":[{\"@type\":\"Article\",\"@id\":\"https:\\\/\\\/radioljubuski.ba\\\/index.php\\\/2022\\\/08\\\/05\\\/iz-ukrajinskih-luka-isplovila-jos-tri-broda-s-58-000-tona-kukuruza\\\/#article\",\"isPartOf\":{\"@id\":\"https:\\\/\\\/radioljubuski.ba\\\/index.php\\\/2022\\\/08\\\/05\\\/iz-ukrajinskih-luka-isplovila-jos-tri-broda-s-58-000-tona-kukuruza\\\/\"},\"author\":{\"name\":\"Radio Ljubu\u0161ki\",\"@id\":\"https:\\\/\\\/radioljubuski.ba\\\/#\\\/schema\\\/person\\\/19fc700381a780f69665d7956c469e3b\"},\"headline\":\"Iz ukrajinskih luka isplovila jo\u0161 tri broda s 58.000 tona kukuruza\",\"datePublished\":\"2022-08-05T09:28:22+00:00\",\"dateModified\":\"2022-08-05T09:28:23+00:00\",\"mainEntityOfPage\":{\"@id\":\"https:\\\/\\\/radioljubuski.ba\\\/index.php\\\/2022\\\/08\\\/05\\\/iz-ukrajinskih-luka-isplovila-jos-tri-broda-s-58-000-tona-kukuruza\\\/\"},\"wordCount\":282,\"publisher\":{\"@id\":\"https:\\\/\\\/radioljubuski.ba\\\/#organization\"},\"image\":{\"@id\":\"https:\\\/\\\/radioljubuski.ba\\\/index.php\\\/2022\\\/08\\\/05\\\/iz-ukrajinskih-luka-isplovila-jos-tri-broda-s-58-000-tona-kukuruza\\\/#primaryimage\"},\"thumbnailUrl\":\"https:\\\/\\\/radioljubuski.ba\\\/wp-content\\\/uploads\\\/2022\\\/08\\\/brod-sa-zitom.jpg\",\"articleSection\":[\"BIH i regija\"],\"inLanguage\":\"hr\"},{\"@type\":\"WebPage\",\"@id\":\"https:\\\/\\\/radioljubuski.ba\\\/index.php\\\/2022\\\/08\\\/05\\\/iz-ukrajinskih-luka-isplovila-jos-tri-broda-s-58-000-tona-kukuruza\\\/\",\"url\":\"https:\\\/\\\/radioljubuski.ba\\\/index.php\\\/2022\\\/08\\\/05\\\/iz-ukrajinskih-luka-isplovila-jos-tri-broda-s-58-000-tona-kukuruza\\\/\",\"name\":\"Iz ukrajinskih luka isplovila jo\u0161 tri broda s 58.000 tona kukuruza - RADIO LJUBU\u0160KI\",\"isPartOf\":{\"@id\":\"https:\\\/\\\/radioljubuski.ba\\\/#website\"},\"primaryImageOfPage\":{\"@id\":\"https:\\\/\\\/radioljubuski.ba\\\/index.php\\\/2022\\\/08\\\/05\\\/iz-ukrajinskih-luka-isplovila-jos-tri-broda-s-58-000-tona-kukuruza\\\/#primaryimage\"},\"image\":{\"@id\":\"https:\\\/\\\/radioljubuski.ba\\\/index.php\\\/2022\\\/08\\\/05\\\/iz-ukrajinskih-luka-isplovila-jos-tri-broda-s-58-000-tona-kukuruza\\\/#primaryimage\"},\"thumbnailUrl\":\"https:\\\/\\\/radioljubuski.ba\\\/wp-content\\\/uploads\\\/2022\\\/08\\\/brod-sa-zitom.jpg\",\"datePublished\":\"2022-08-05T09:28:22+00:00\",\"dateModified\":\"2022-08-05T09:28:23+00:00\",\"breadcrumb\":{\"@id\":\"https:\\\/\\\/radioljubuski.ba\\\/index.php\\\/2022\\\/08\\\/05\\\/iz-ukrajinskih-luka-isplovila-jos-tri-broda-s-58-000-tona-kukuruza\\\/#breadcrumb\"},\"inLanguage\":\"hr\",\"potentialAction\":[{\"@type\":\"ReadAction\",\"target\":[\"https:\\\/\\\/radioljubuski.ba\\\/index.php\\\/2022\\\/08\\\/05\\\/iz-ukrajinskih-luka-isplovila-jos-tri-broda-s-58-000-tona-kukuruza\\\/\"]}]},{\"@type\":\"ImageObject\",\"inLanguage\":\"hr\",\"@id\":\"https:\\\/\\\/radioljubuski.ba\\\/index.php\\\/2022\\\/08\\\/05\\\/iz-ukrajinskih-luka-isplovila-jos-tri-broda-s-58-000-tona-kukuruza\\\/#primaryimage\",\"url\":\"https:\\\/\\\/radioljubuski.ba\\\/wp-content\\\/uploads\\\/2022\\\/08\\\/brod-sa-zitom.jpg\",\"contentUrl\":\"https:\\\/\\\/radioljubuski.ba\\\/wp-content\\\/uploads\\\/2022\\\/08\\\/brod-sa-zitom.jpg\",\"width\":1024,\"height\":683},{\"@type\":\"BreadcrumbList\",\"@id\":\"https:\\\/\\\/radioljubuski.ba\\\/index.php\\\/2022\\\/08\\\/05\\\/iz-ukrajinskih-luka-isplovila-jos-tri-broda-s-58-000-tona-kukuruza\\\/#breadcrumb\",\"itemListElement\":[{\"@type\":\"ListItem\",\"position\":1,\"name\":\"Po\u010detna stranica\",\"item\":\"https:\\\/\\\/radioljubuski.ba\\\/\"},{\"@type\":\"ListItem\",\"position\":2,\"name\":\"Iz ukrajinskih luka isplovila jo\u0161 tri broda s 58.000 tona kukuruza\"}]},{\"@type\":\"WebSite\",\"@id\":\"https:\\\/\\\/radioljubuski.ba\\\/#website\",\"url\":\"https:\\\/\\\/radioljubuski.ba\\\/\",\"name\":\"Radio Ljubu\u0161ki\",\"description\":\"Sun\u010dana frekvencija Hercegovine\",\"publisher\":{\"@id\":\"https:\\\/\\\/radioljubuski.ba\\\/#organization\"},\"potentialAction\":[{\"@type\":\"SearchAction\",\"target\":{\"@type\":\"EntryPoint\",\"urlTemplate\":\"https:\\\/\\\/radioljubuski.ba\\\/?s={search_term_string}\"},\"query-input\":{\"@type\":\"PropertyValueSpecification\",\"valueRequired\":true,\"valueName\":\"search_term_string\"}}],\"inLanguage\":\"hr\"},{\"@type\":\"Organization\",\"@id\":\"https:\\\/\\\/radioljubuski.ba\\\/#organization\",\"name\":\"Radio Ljubu\u0161ki\",\"url\":\"https:\\\/\\\/radioljubuski.ba\\\/\",\"logo\":{\"@type\":\"ImageObject\",\"inLanguage\":\"hr\",\"@id\":\"https:\\\/\\\/radioljubuski.ba\\\/#\\\/schema\\\/logo\\\/image\\\/\",\"url\":\"https:\\\/\\\/radioljubuski.ba\\\/wp-content\\\/uploads\\\/2021\\\/02\\\/cropped-Radio_Ljubuski_logo1.jpg\",\"contentUrl\":\"https:\\\/\\\/radioljubuski.ba\\\/wp-content\\\/uploads\\\/2021\\\/02\\\/cropped-Radio_Ljubuski_logo1.jpg\",\"width\":512,\"height\":512,\"caption\":\"Radio Ljubu\u0161ki\"},\"image\":{\"@id\":\"https:\\\/\\\/radioljubuski.ba\\\/#\\\/schema\\\/logo\\\/image\\\/\"},\"sameAs\":[\"https:\\\/\\\/www.facebook.com\\\/Radiio-Ljubuski-1490835324566332\",\"https:\\\/\\\/x.com\\\/radioljubuski\",\"https:\\\/\\\/hr.linkedin.com\\\/company\\\/radio-ljubuski\",\"https:\\\/\\\/www.youtube.com\\\/channel\\\/UCHYaeO_n0Db3tjNGudGpXyw\"]},{\"@type\":\"Person\",\"@id\":\"https:\\\/\\\/radioljubuski.ba\\\/#\\\/schema\\\/person\\\/19fc700381a780f69665d7956c469e3b\",\"name\":\"Radio Ljubu\u0161ki\"}]}<\/script>\n<!-- \/ Yoast SEO plugin. -->","yoast_head_json":{"title":"Iz ukrajinskih luka isplovila jo\u0161 tri broda s 58.000 tona kukuruza - RADIO LJUBU\u0160KI","robots":{"index":"index","follow":"follow","max-snippet":"max-snippet:-1","max-image-preview":"max-image-preview:large","max-video-preview":"max-video-preview:-1"},"canonical":"https:\/\/radioljubuski.ba\/index.php\/2022\/08\/05\/iz-ukrajinskih-luka-isplovila-jos-tri-broda-s-58-000-tona-kukuruza\/","og_locale":"hr_HR","og_type":"article","og_title":"Iz ukrajinskih luka isplovila jo\u0161 tri broda s 58.000 tona kukuruza - RADIO LJUBU\u0160KI","og_description":"Ministarstvo obrane Turske priop\u0107ilo je da su tri broda s ukupno 58.000 tona kukuruza iz ukrajinskih luka isplovila prema Turskoj, Velikoj Britaniji i Irskoj, prenosi Anadolu Agency (AA). Prvi brod \u201cNavist\u201d pod zastavom Paname, isplovio je iz luke Odesa za Irsku s 33.000 tona \u017eitarica, navodi se u priop\u0107enju ministarstva. Brod \u0107e pro\u0107i inspekciju u [&hellip;]","og_url":"https:\/\/radioljubuski.ba\/index.php\/2022\/08\/05\/iz-ukrajinskih-luka-isplovila-jos-tri-broda-s-58-000-tona-kukuruza\/","og_site_name":"RADIO LJUBU\u0160KI","article_publisher":"https:\/\/www.facebook.com\/Radiio-Ljubuski-1490835324566332","article_published_time":"2022-08-05T09:28:22+00:00","article_modified_time":"2022-08-05T09:28:23+00:00","og_image":[{"width":1024,"height":683,"url":"https:\/\/radioljubuski.ba\/wp-content\/uploads\/2022\/08\/brod-sa-zitom.jpg","type":"image\/jpeg"}],"author":"Radio Ljubu\u0161ki","twitter_card":"summary_large_image","twitter_creator":"@radioljubuski","twitter_site":"@radioljubuski","twitter_misc":{"Napisao\/la":"Radio Ljubu\u0161ki","Procijenjeno vrijeme \u010ditanja":"2 minute"},"schema":{"@context":"https:\/\/schema.org","@graph":[{"@type":"Article","@id":"https:\/\/radioljubuski.ba\/index.php\/2022\/08\/05\/iz-ukrajinskih-luka-isplovila-jos-tri-broda-s-58-000-tona-kukuruza\/#article","isPartOf":{"@id":"https:\/\/radioljubuski.ba\/index.php\/2022\/08\/05\/iz-ukrajinskih-luka-isplovila-jos-tri-broda-s-58-000-tona-kukuruza\/"},"author":{"name":"Radio Ljubu\u0161ki","@id":"https:\/\/radioljubuski.ba\/#\/schema\/person\/19fc700381a780f69665d7956c469e3b"},"headline":"Iz ukrajinskih luka isplovila jo\u0161 tri broda s 58.000 tona kukuruza","datePublished":"2022-08-05T09:28:22+00:00","dateModified":"2022-08-05T09:28:23+00:00","mainEntityOfPage":{"@id":"https:\/\/radioljubuski.ba\/index.php\/2022\/08\/05\/iz-ukrajinskih-luka-isplovila-jos-tri-broda-s-58-000-tona-kukuruza\/"},"wordCount":282,"publisher":{"@id":"https:\/\/radioljubuski.ba\/#organization"},"image":{"@id":"https:\/\/radioljubuski.ba\/index.php\/2022\/08\/05\/iz-ukrajinskih-luka-isplovila-jos-tri-broda-s-58-000-tona-kukuruza\/#primaryimage"},"thumbnailUrl":"https:\/\/radioljubuski.ba\/wp-content\/uploads\/2022\/08\/brod-sa-zitom.jpg","articleSection":["BIH i regija"],"inLanguage":"hr"},{"@type":"WebPage","@id":"https:\/\/radioljubuski.ba\/index.php\/2022\/08\/05\/iz-ukrajinskih-luka-isplovila-jos-tri-broda-s-58-000-tona-kukuruza\/","url":"https:\/\/radioljubuski.ba\/index.php\/2022\/08\/05\/iz-ukrajinskih-luka-isplovila-jos-tri-broda-s-58-000-tona-kukuruza\/","name":"Iz ukrajinskih luka isplovila jo\u0161 tri broda s 58.000 tona kukuruza - RADIO LJUBU\u0160KI","isPartOf":{"@id":"https:\/\/radioljubuski.ba\/#website"},"primaryImageOfPage":{"@id":"https:\/\/radioljubuski.ba\/index.php\/2022\/08\/05\/iz-ukrajinskih-luka-isplovila-jos-tri-broda-s-58-000-tona-kukuruza\/#primaryimage"},"image":{"@id":"https:\/\/radioljubuski.ba\/index.php\/2022\/08\/05\/iz-ukrajinskih-luka-isplovila-jos-tri-broda-s-58-000-tona-kukuruza\/#primaryimage"},"thumbnailUrl":"https:\/\/radioljubuski.ba\/wp-content\/uploads\/2022\/08\/brod-sa-zitom.jpg","datePublished":"2022-08-05T09:28:22+00:00","dateModified":"2022-08-05T09:28:23+00:00","breadcrumb":{"@id":"https:\/\/radioljubuski.ba\/index.php\/2022\/08\/05\/iz-ukrajinskih-luka-isplovila-jos-tri-broda-s-58-000-tona-kukuruza\/#breadcrumb"},"inLanguage":"hr","potentialAction":[{"@type":"ReadAction","target":["https:\/\/radioljubuski.ba\/index.php\/2022\/08\/05\/iz-ukrajinskih-luka-isplovila-jos-tri-broda-s-58-000-tona-kukuruza\/"]}]},{"@type":"ImageObject","inLanguage":"hr","@id":"https:\/\/radioljubuski.ba\/index.php\/2022\/08\/05\/iz-ukrajinskih-luka-isplovila-jos-tri-broda-s-58-000-tona-kukuruza\/#primaryimage","url":"https:\/\/radioljubuski.ba\/wp-content\/uploads\/2022\/08\/brod-sa-zitom.jpg","contentUrl":"https:\/\/radioljubuski.ba\/wp-content\/uploads\/2022\/08\/brod-sa-zitom.jpg","width":1024,"height":683},{"@type":"BreadcrumbList","@id":"https:\/\/radioljubuski.ba\/index.php\/2022\/08\/05\/iz-ukrajinskih-luka-isplovila-jos-tri-broda-s-58-000-tona-kukuruza\/#breadcrumb","itemListElement":[{"@type":"ListItem","position":1,"name":"Po\u010detna stranica","item":"https:\/\/radioljubuski.ba\/"},{"@type":"ListItem","position":2,"name":"Iz ukrajinskih luka isplovila jo\u0161 tri broda s 58.000 tona kukuruza"}]},{"@type":"WebSite","@id":"https:\/\/radioljubuski.ba\/#website","url":"https:\/\/radioljubuski.ba\/","name":"Radio Ljubu\u0161ki","description":"Sun\u010dana frekvencija Hercegovine","publisher":{"@id":"https:\/\/radioljubuski.ba\/#organization"},"potentialAction":[{"@type":"SearchAction","target":{"@type":"EntryPoint","urlTemplate":"https:\/\/radioljubuski.ba\/?s={search_term_string}"},"query-input":{"@type":"PropertyValueSpecification","valueRequired":true,"valueName":"search_term_string"}}],"inLanguage":"hr"},{"@type":"Organization","@id":"https:\/\/radioljubuski.ba\/#organization","name":"Radio Ljubu\u0161ki","url":"https:\/\/radioljubuski.ba\/","logo":{"@type":"ImageObject","inLanguage":"hr","@id":"https:\/\/radioljubuski.ba\/#\/schema\/logo\/image\/","url":"https:\/\/radioljubuski.ba\/wp-content\/uploads\/2021\/02\/cropped-Radio_Ljubuski_logo1.jpg","contentUrl":"https:\/\/radioljubuski.ba\/wp-content\/uploads\/2021\/02\/cropped-Radio_Ljubuski_logo1.jpg","width":512,"height":512,"caption":"Radio Ljubu\u0161ki"},"image":{"@id":"https:\/\/radioljubuski.ba\/#\/schema\/logo\/image\/"},"sameAs":["https:\/\/www.facebook.com\/Radiio-Ljubuski-1490835324566332","https:\/\/x.com\/radioljubuski","https:\/\/hr.linkedin.com\/company\/radio-ljubuski","https:\/\/www.youtube.com\/channel\/UCHYaeO_n0Db3tjNGudGpXyw"]},{"@type":"Person","@id":"https:\/\/radioljubuski.ba\/#\/schema\/person\/19fc700381a780f69665d7956c469e3b","name":"Radio Ljubu\u0161ki"}]}},"_links":{"self":[{"href":"https:\/\/radioljubuski.ba\/index.php\/wp-json\/wp\/v2\/posts\/166743","targetHints":{"allow":["GET"]}}],"collection":[{"href":"https:\/\/radioljubuski.ba\/index.php\/wp-json\/wp\/v2\/posts"}],"about":[{"href":"https:\/\/radioljubuski.ba\/index.php\/wp-json\/wp\/v2\/types\/post"}],"author":[{"embeddable":true,"href":"https:\/\/radioljubuski.ba\/index.php\/wp-json\/wp\/v2\/users\/2"}],"replies":[{"embeddable":true,"href":"https:\/\/radioljubuski.ba\/index.php\/wp-json\/wp\/v2\/comments?post=166743"}],"version-history":[{"count":1,"href":"https:\/\/radioljubuski.ba\/index.php\/wp-json\/wp\/v2\/posts\/166743\/revisions"}],"predecessor-version":[{"id":166745,"href":"https:\/\/radioljubuski.ba\/index.php\/wp-json\/wp\/v2\/posts\/166743\/revisions\/166745"}],"wp:featuredmedia":[{"embeddable":true,"href":"https:\/\/radioljubuski.ba\/index.php\/wp-json\/wp\/v2\/media\/166744"}],"wp:attachment":[{"href":"https:\/\/radioljubuski.ba\/index.php\/wp-json\/wp\/v2\/media?parent=166743"}],"wp:term":[{"taxonomy":"category","embeddable":true,"href":"https:\/\/radioljubuski.ba\/index.php\/wp-json\/wp\/v2\/categories?post=166743"},{"taxonomy":"post_tag","embeddable":true,"href":"https:\/\/radioljubuski.ba\/index.php\/wp-json\/wp\/v2\/tags?post=166743"}],"curies":[{"name":"wp","href":"https:\/\/api.w.org\/{rel}","templated":true}]}}