{"id":166761,"date":"2022-08-05T10:42:17","date_gmt":"2022-08-05T09:42:17","guid":{"rendered":"https:\/\/radioljubuski.ba\/?p=166761"},"modified":"2022-08-05T10:42:18","modified_gmt":"2022-08-05T09:42:18","slug":"vlada-zsb-dala-pozitivno-misljenje-na-prijedlog-strategije-prema-mladima-zupanije-sredisnja-bosna","status":"publish","type":"post","link":"https:\/\/radioljubuski.ba\/index.php\/2022\/08\/05\/vlada-zsb-dala-pozitivno-misljenje-na-prijedlog-strategije-prema-mladima-zupanije-sredisnja-bosna\/","title":{"rendered":"Vlada \u017dSB dala pozitivno mi\u0161ljenje na Prijedlog strategije prema mladima \u017dupanije Sredi\u0161nja Bosna"},"content":{"rendered":"\n<p>Vlada \u017dupanije Sredi\u0161nja Bosna na danas odr\u017eanoj 134. sjednici dala je pozitivno mi\u0161ljenje na Prijedlog strategije prema mladima \u017dupanije Sredi\u0161nja Bosna, strategije \u010diji je predlaga\u010d zastupnica u Saboru \u017dSB Suzana Kri\u0161to (HDZ BiH), koja je ujedno i predsjednica Radnog tima za izradu spomenute strategije.<\/p>\n\n\n\n<p>Podsjetimo, na sjednici Sabora \u017dSB odr\u017eanoj u studenom 2019. godine usvojen je Nacrt strategije prema mladima \u017dSB. Od tog dana pa do srpnja ove godine ra\u0111en je kona\u010dni prijedlog strategije kojem su prethodile javne rasprave, istra\u017eivanja, brojni sastanci, okrugli stolovi, kao i analiza pristiglih primjedbi, prijedloga i mi\u0161ljenja\u2026<\/p>\n\n\n\n<p>U \u017dSB do sada nije kreiran, a ni usvojen niti jedan strate\u0161ki dokument za mlade te bi ovaj dokument nakon usvajanja u Saboru \u017dSB predstavljao prvu Strategiju za mlade \u017dSB.<\/p>\n\n\n\n<p>Strategija za mlade \u017dSB uskla\u0111ena je sa Strategijom razvoja \u017dSB, kao i s aktivnostima vi\u0161ih razina vlasti i institucija nadle\u017enih za klju\u010dne oblasti \u017eivota mladih na podru\u010dju \u017dSB. Strategija sadr\u017ei konkretne mjere iz nekoliko oblasti &#8211; obrazovanje, znanost, zapo\u0161ljavanje, poduzetni\u0161tvo, socijalna skrb, zdravstvena za\u0161tita, kultura, sport, aktivizam i sigurnost.<\/p>\n\n\n\n<p>Izvor:pogled.ba<\/p>\n","protected":false},"excerpt":{"rendered":"<p>Vlada \u017dupanije Sredi\u0161nja Bosna na danas odr\u017eanoj 134. sjednici dala je pozitivno mi\u0161ljenje na Prijedlog strategije prema mladima \u017dupanije Sredi\u0161nja Bosna, strategije \u010diji je predlaga\u010d zastupnica u Saboru \u017dSB Suzana Kri\u0161to (HDZ BiH), koja je ujedno i predsjednica Radnog tima za izradu spomenute strategije. Podsjetimo, na sjednici Sabora \u017dSB odr\u017eanoj u studenom 2019. godine usvojen [&hellip;]<\/p>\n","protected":false},"author":2,"featured_media":166762,"comment_status":"closed","ping_status":"closed","sticky":false,"template":"","format":"standard","meta":{"h5ap_radio_sources":[],"footnotes":""},"categories":[1],"tags":[],"class_list":["post-166761","post","type-post","status-publish","format-standard","has-post-thumbnail","hentry","category-bihiregija"],"yoast_head":"<!-- This site is optimized with the Yoast SEO plugin v27.4 - https:\/\/yoast.com\/product\/yoast-seo-wordpress\/ -->\n<title>Vlada \u017dSB dala pozitivno mi\u0161ljenje na Prijedlog strategije prema mladima \u017dupanije Sredi\u0161nja Bosna - RADIO LJUBU\u0160KI<\/title>\n<meta name=\"robots\" content=\"index, follow, max-snippet:-1, max-image-preview:large, max-video-preview:-1\" \/>\n<link rel=\"canonical\" href=\"https:\/\/radioljubuski.ba\/index.php\/2022\/08\/05\/vlada-zsb-dala-pozitivno-misljenje-na-prijedlog-strategije-prema-mladima-zupanije-sredisnja-bosna\/\" \/>\n<meta property=\"og:locale\" content=\"hr_HR\" \/>\n<meta property=\"og:type\" content=\"article\" \/>\n<meta property=\"og:title\" content=\"Vlada \u017dSB dala pozitivno mi\u0161ljenje na Prijedlog strategije prema mladima \u017dupanije Sredi\u0161nja Bosna - RADIO LJUBU\u0160KI\" \/>\n<meta property=\"og:description\" content=\"Vlada \u017dupanije Sredi\u0161nja Bosna na danas odr\u017eanoj 134. sjednici dala je pozitivno mi\u0161ljenje na Prijedlog strategije prema mladima \u017dupanije Sredi\u0161nja Bosna, strategije \u010diji je predlaga\u010d zastupnica u Saboru \u017dSB Suzana Kri\u0161to (HDZ BiH), koja je ujedno i predsjednica Radnog tima za izradu spomenute strategije. Podsjetimo, na sjednici Sabora \u017dSB odr\u017eanoj u studenom 2019. godine usvojen [&hellip;]\" \/>\n<meta property=\"og:url\" content=\"https:\/\/radioljubuski.ba\/index.php\/2022\/08\/05\/vlada-zsb-dala-pozitivno-misljenje-na-prijedlog-strategije-prema-mladima-zupanije-sredisnja-bosna\/\" \/>\n<meta property=\"og:site_name\" content=\"RADIO LJUBU\u0160KI\" \/>\n<meta property=\"article:publisher\" content=\"https:\/\/www.facebook.com\/Radiio-Ljubuski-1490835324566332\" \/>\n<meta property=\"article:published_time\" content=\"2022-08-05T09:42:17+00:00\" \/>\n<meta property=\"article:modified_time\" content=\"2022-08-05T09:42:18+00:00\" \/>\n<meta property=\"og:image\" content=\"https:\/\/radioljubuski.ba\/wp-content\/uploads\/2022\/08\/8-2022-08-04-15-47-41-HDZ-BIH.jpg\" \/>\n\t<meta property=\"og:image:width\" content=\"1000\" \/>\n\t<meta property=\"og:image:height\" content=\"625\" \/>\n\t<meta property=\"og:image:type\" content=\"image\/jpeg\" \/>\n<meta name=\"author\" content=\"Radio Ljubu\u0161ki\" \/>\n<meta name=\"twitter:card\" content=\"summary_large_image\" \/>\n<meta name=\"twitter:creator\" content=\"@radioljubuski\" \/>\n<meta name=\"twitter:site\" content=\"@radioljubuski\" \/>\n<meta name=\"twitter:label1\" content=\"Napisao\/la\" \/>\n\t<meta name=\"twitter:data1\" content=\"Radio Ljubu\u0161ki\" \/>\n\t<meta name=\"twitter:label2\" content=\"Procijenjeno vrijeme \u010ditanja\" \/>\n\t<meta name=\"twitter:data2\" content=\"1 minuta\" \/>\n<script type=\"application\/ld+json\" class=\"yoast-schema-graph\">{\"@context\":\"https:\\\/\\\/schema.org\",\"@graph\":[{\"@type\":\"Article\",\"@id\":\"https:\\\/\\\/radioljubuski.ba\\\/index.php\\\/2022\\\/08\\\/05\\\/vlada-zsb-dala-pozitivno-misljenje-na-prijedlog-strategije-prema-mladima-zupanije-sredisnja-bosna\\\/#article\",\"isPartOf\":{\"@id\":\"https:\\\/\\\/radioljubuski.ba\\\/index.php\\\/2022\\\/08\\\/05\\\/vlada-zsb-dala-pozitivno-misljenje-na-prijedlog-strategije-prema-mladima-zupanije-sredisnja-bosna\\\/\"},\"author\":{\"name\":\"Radio Ljubu\u0161ki\",\"@id\":\"https:\\\/\\\/radioljubuski.ba\\\/#\\\/schema\\\/person\\\/19fc700381a780f69665d7956c469e3b\"},\"headline\":\"Vlada \u017dSB dala pozitivno mi\u0161ljenje na Prijedlog strategije prema mladima \u017dupanije Sredi\u0161nja Bosna\",\"datePublished\":\"2022-08-05T09:42:17+00:00\",\"dateModified\":\"2022-08-05T09:42:18+00:00\",\"mainEntityOfPage\":{\"@id\":\"https:\\\/\\\/radioljubuski.ba\\\/index.php\\\/2022\\\/08\\\/05\\\/vlada-zsb-dala-pozitivno-misljenje-na-prijedlog-strategije-prema-mladima-zupanije-sredisnja-bosna\\\/\"},\"wordCount\":207,\"publisher\":{\"@id\":\"https:\\\/\\\/radioljubuski.ba\\\/#organization\"},\"image\":{\"@id\":\"https:\\\/\\\/radioljubuski.ba\\\/index.php\\\/2022\\\/08\\\/05\\\/vlada-zsb-dala-pozitivno-misljenje-na-prijedlog-strategije-prema-mladima-zupanije-sredisnja-bosna\\\/#primaryimage\"},\"thumbnailUrl\":\"https:\\\/\\\/radioljubuski.ba\\\/wp-content\\\/uploads\\\/2022\\\/08\\\/8-2022-08-04-15-47-41-HDZ-BIH.jpg\",\"articleSection\":[\"BIH i regija\"],\"inLanguage\":\"hr\"},{\"@type\":\"WebPage\",\"@id\":\"https:\\\/\\\/radioljubuski.ba\\\/index.php\\\/2022\\\/08\\\/05\\\/vlada-zsb-dala-pozitivno-misljenje-na-prijedlog-strategije-prema-mladima-zupanije-sredisnja-bosna\\\/\",\"url\":\"https:\\\/\\\/radioljubuski.ba\\\/index.php\\\/2022\\\/08\\\/05\\\/vlada-zsb-dala-pozitivno-misljenje-na-prijedlog-strategije-prema-mladima-zupanije-sredisnja-bosna\\\/\",\"name\":\"Vlada \u017dSB dala pozitivno mi\u0161ljenje na Prijedlog strategije prema mladima \u017dupanije Sredi\u0161nja Bosna - RADIO LJUBU\u0160KI\",\"isPartOf\":{\"@id\":\"https:\\\/\\\/radioljubuski.ba\\\/#website\"},\"primaryImageOfPage\":{\"@id\":\"https:\\\/\\\/radioljubuski.ba\\\/index.php\\\/2022\\\/08\\\/05\\\/vlada-zsb-dala-pozitivno-misljenje-na-prijedlog-strategije-prema-mladima-zupanije-sredisnja-bosna\\\/#primaryimage\"},\"image\":{\"@id\":\"https:\\\/\\\/radioljubuski.ba\\\/index.php\\\/2022\\\/08\\\/05\\\/vlada-zsb-dala-pozitivno-misljenje-na-prijedlog-strategije-prema-mladima-zupanije-sredisnja-bosna\\\/#primaryimage\"},\"thumbnailUrl\":\"https:\\\/\\\/radioljubuski.ba\\\/wp-content\\\/uploads\\\/2022\\\/08\\\/8-2022-08-04-15-47-41-HDZ-BIH.jpg\",\"datePublished\":\"2022-08-05T09:42:17+00:00\",\"dateModified\":\"2022-08-05T09:42:18+00:00\",\"breadcrumb\":{\"@id\":\"https:\\\/\\\/radioljubuski.ba\\\/index.php\\\/2022\\\/08\\\/05\\\/vlada-zsb-dala-pozitivno-misljenje-na-prijedlog-strategije-prema-mladima-zupanije-sredisnja-bosna\\\/#breadcrumb\"},\"inLanguage\":\"hr\",\"potentialAction\":[{\"@type\":\"ReadAction\",\"target\":[\"https:\\\/\\\/radioljubuski.ba\\\/index.php\\\/2022\\\/08\\\/05\\\/vlada-zsb-dala-pozitivno-misljenje-na-prijedlog-strategije-prema-mladima-zupanije-sredisnja-bosna\\\/\"]}]},{\"@type\":\"ImageObject\",\"inLanguage\":\"hr\",\"@id\":\"https:\\\/\\\/radioljubuski.ba\\\/index.php\\\/2022\\\/08\\\/05\\\/vlada-zsb-dala-pozitivno-misljenje-na-prijedlog-strategije-prema-mladima-zupanije-sredisnja-bosna\\\/#primaryimage\",\"url\":\"https:\\\/\\\/radioljubuski.ba\\\/wp-content\\\/uploads\\\/2022\\\/08\\\/8-2022-08-04-15-47-41-HDZ-BIH.jpg\",\"contentUrl\":\"https:\\\/\\\/radioljubuski.ba\\\/wp-content\\\/uploads\\\/2022\\\/08\\\/8-2022-08-04-15-47-41-HDZ-BIH.jpg\",\"width\":1000,\"height\":625},{\"@type\":\"BreadcrumbList\",\"@id\":\"https:\\\/\\\/radioljubuski.ba\\\/index.php\\\/2022\\\/08\\\/05\\\/vlada-zsb-dala-pozitivno-misljenje-na-prijedlog-strategije-prema-mladima-zupanije-sredisnja-bosna\\\/#breadcrumb\",\"itemListElement\":[{\"@type\":\"ListItem\",\"position\":1,\"name\":\"Po\u010detna stranica\",\"item\":\"https:\\\/\\\/radioljubuski.ba\\\/\"},{\"@type\":\"ListItem\",\"position\":2,\"name\":\"Vlada \u017dSB dala pozitivno mi\u0161ljenje na Prijedlog strategije prema mladima \u017dupanije Sredi\u0161nja Bosna\"}]},{\"@type\":\"WebSite\",\"@id\":\"https:\\\/\\\/radioljubuski.ba\\\/#website\",\"url\":\"https:\\\/\\\/radioljubuski.ba\\\/\",\"name\":\"Radio Ljubu\u0161ki\",\"description\":\"Sun\u010dana frekvencija Hercegovine\",\"publisher\":{\"@id\":\"https:\\\/\\\/radioljubuski.ba\\\/#organization\"},\"potentialAction\":[{\"@type\":\"SearchAction\",\"target\":{\"@type\":\"EntryPoint\",\"urlTemplate\":\"https:\\\/\\\/radioljubuski.ba\\\/?s={search_term_string}\"},\"query-input\":{\"@type\":\"PropertyValueSpecification\",\"valueRequired\":true,\"valueName\":\"search_term_string\"}}],\"inLanguage\":\"hr\"},{\"@type\":\"Organization\",\"@id\":\"https:\\\/\\\/radioljubuski.ba\\\/#organization\",\"name\":\"Radio Ljubu\u0161ki\",\"url\":\"https:\\\/\\\/radioljubuski.ba\\\/\",\"logo\":{\"@type\":\"ImageObject\",\"inLanguage\":\"hr\",\"@id\":\"https:\\\/\\\/radioljubuski.ba\\\/#\\\/schema\\\/logo\\\/image\\\/\",\"url\":\"https:\\\/\\\/radioljubuski.ba\\\/wp-content\\\/uploads\\\/2021\\\/02\\\/cropped-Radio_Ljubuski_logo1.jpg\",\"contentUrl\":\"https:\\\/\\\/radioljubuski.ba\\\/wp-content\\\/uploads\\\/2021\\\/02\\\/cropped-Radio_Ljubuski_logo1.jpg\",\"width\":512,\"height\":512,\"caption\":\"Radio Ljubu\u0161ki\"},\"image\":{\"@id\":\"https:\\\/\\\/radioljubuski.ba\\\/#\\\/schema\\\/logo\\\/image\\\/\"},\"sameAs\":[\"https:\\\/\\\/www.facebook.com\\\/Radiio-Ljubuski-1490835324566332\",\"https:\\\/\\\/x.com\\\/radioljubuski\",\"https:\\\/\\\/hr.linkedin.com\\\/company\\\/radio-ljubuski\",\"https:\\\/\\\/www.youtube.com\\\/channel\\\/UCHYaeO_n0Db3tjNGudGpXyw\"]},{\"@type\":\"Person\",\"@id\":\"https:\\\/\\\/radioljubuski.ba\\\/#\\\/schema\\\/person\\\/19fc700381a780f69665d7956c469e3b\",\"name\":\"Radio Ljubu\u0161ki\"}]}<\/script>\n<!-- \/ Yoast SEO plugin. -->","yoast_head_json":{"title":"Vlada \u017dSB dala pozitivno mi\u0161ljenje na Prijedlog strategije prema mladima \u017dupanije Sredi\u0161nja Bosna - RADIO LJUBU\u0160KI","robots":{"index":"index","follow":"follow","max-snippet":"max-snippet:-1","max-image-preview":"max-image-preview:large","max-video-preview":"max-video-preview:-1"},"canonical":"https:\/\/radioljubuski.ba\/index.php\/2022\/08\/05\/vlada-zsb-dala-pozitivno-misljenje-na-prijedlog-strategije-prema-mladima-zupanije-sredisnja-bosna\/","og_locale":"hr_HR","og_type":"article","og_title":"Vlada \u017dSB dala pozitivno mi\u0161ljenje na Prijedlog strategije prema mladima \u017dupanije Sredi\u0161nja Bosna - RADIO LJUBU\u0160KI","og_description":"Vlada \u017dupanije Sredi\u0161nja Bosna na danas odr\u017eanoj 134. sjednici dala je pozitivno mi\u0161ljenje na Prijedlog strategije prema mladima \u017dupanije Sredi\u0161nja Bosna, strategije \u010diji je predlaga\u010d zastupnica u Saboru \u017dSB Suzana Kri\u0161to (HDZ BiH), koja je ujedno i predsjednica Radnog tima za izradu spomenute strategije. Podsjetimo, na sjednici Sabora \u017dSB odr\u017eanoj u studenom 2019. godine usvojen [&hellip;]","og_url":"https:\/\/radioljubuski.ba\/index.php\/2022\/08\/05\/vlada-zsb-dala-pozitivno-misljenje-na-prijedlog-strategije-prema-mladima-zupanije-sredisnja-bosna\/","og_site_name":"RADIO LJUBU\u0160KI","article_publisher":"https:\/\/www.facebook.com\/Radiio-Ljubuski-1490835324566332","article_published_time":"2022-08-05T09:42:17+00:00","article_modified_time":"2022-08-05T09:42:18+00:00","og_image":[{"width":1000,"height":625,"url":"https:\/\/radioljubuski.ba\/wp-content\/uploads\/2022\/08\/8-2022-08-04-15-47-41-HDZ-BIH.jpg","type":"image\/jpeg"}],"author":"Radio Ljubu\u0161ki","twitter_card":"summary_large_image","twitter_creator":"@radioljubuski","twitter_site":"@radioljubuski","twitter_misc":{"Napisao\/la":"Radio Ljubu\u0161ki","Procijenjeno vrijeme \u010ditanja":"1 minuta"},"schema":{"@context":"https:\/\/schema.org","@graph":[{"@type":"Article","@id":"https:\/\/radioljubuski.ba\/index.php\/2022\/08\/05\/vlada-zsb-dala-pozitivno-misljenje-na-prijedlog-strategije-prema-mladima-zupanije-sredisnja-bosna\/#article","isPartOf":{"@id":"https:\/\/radioljubuski.ba\/index.php\/2022\/08\/05\/vlada-zsb-dala-pozitivno-misljenje-na-prijedlog-strategije-prema-mladima-zupanije-sredisnja-bosna\/"},"author":{"name":"Radio Ljubu\u0161ki","@id":"https:\/\/radioljubuski.ba\/#\/schema\/person\/19fc700381a780f69665d7956c469e3b"},"headline":"Vlada \u017dSB dala pozitivno mi\u0161ljenje na Prijedlog strategije prema mladima \u017dupanije Sredi\u0161nja Bosna","datePublished":"2022-08-05T09:42:17+00:00","dateModified":"2022-08-05T09:42:18+00:00","mainEntityOfPage":{"@id":"https:\/\/radioljubuski.ba\/index.php\/2022\/08\/05\/vlada-zsb-dala-pozitivno-misljenje-na-prijedlog-strategije-prema-mladima-zupanije-sredisnja-bosna\/"},"wordCount":207,"publisher":{"@id":"https:\/\/radioljubuski.ba\/#organization"},"image":{"@id":"https:\/\/radioljubuski.ba\/index.php\/2022\/08\/05\/vlada-zsb-dala-pozitivno-misljenje-na-prijedlog-strategije-prema-mladima-zupanije-sredisnja-bosna\/#primaryimage"},"thumbnailUrl":"https:\/\/radioljubuski.ba\/wp-content\/uploads\/2022\/08\/8-2022-08-04-15-47-41-HDZ-BIH.jpg","articleSection":["BIH i regija"],"inLanguage":"hr"},{"@type":"WebPage","@id":"https:\/\/radioljubuski.ba\/index.php\/2022\/08\/05\/vlada-zsb-dala-pozitivno-misljenje-na-prijedlog-strategije-prema-mladima-zupanije-sredisnja-bosna\/","url":"https:\/\/radioljubuski.ba\/index.php\/2022\/08\/05\/vlada-zsb-dala-pozitivno-misljenje-na-prijedlog-strategije-prema-mladima-zupanije-sredisnja-bosna\/","name":"Vlada \u017dSB dala pozitivno mi\u0161ljenje na Prijedlog strategije prema mladima \u017dupanije Sredi\u0161nja Bosna - RADIO LJUBU\u0160KI","isPartOf":{"@id":"https:\/\/radioljubuski.ba\/#website"},"primaryImageOfPage":{"@id":"https:\/\/radioljubuski.ba\/index.php\/2022\/08\/05\/vlada-zsb-dala-pozitivno-misljenje-na-prijedlog-strategije-prema-mladima-zupanije-sredisnja-bosna\/#primaryimage"},"image":{"@id":"https:\/\/radioljubuski.ba\/index.php\/2022\/08\/05\/vlada-zsb-dala-pozitivno-misljenje-na-prijedlog-strategije-prema-mladima-zupanije-sredisnja-bosna\/#primaryimage"},"thumbnailUrl":"https:\/\/radioljubuski.ba\/wp-content\/uploads\/2022\/08\/8-2022-08-04-15-47-41-HDZ-BIH.jpg","datePublished":"2022-08-05T09:42:17+00:00","dateModified":"2022-08-05T09:42:18+00:00","breadcrumb":{"@id":"https:\/\/radioljubuski.ba\/index.php\/2022\/08\/05\/vlada-zsb-dala-pozitivno-misljenje-na-prijedlog-strategije-prema-mladima-zupanije-sredisnja-bosna\/#breadcrumb"},"inLanguage":"hr","potentialAction":[{"@type":"ReadAction","target":["https:\/\/radioljubuski.ba\/index.php\/2022\/08\/05\/vlada-zsb-dala-pozitivno-misljenje-na-prijedlog-strategije-prema-mladima-zupanije-sredisnja-bosna\/"]}]},{"@type":"ImageObject","inLanguage":"hr","@id":"https:\/\/radioljubuski.ba\/index.php\/2022\/08\/05\/vlada-zsb-dala-pozitivno-misljenje-na-prijedlog-strategije-prema-mladima-zupanije-sredisnja-bosna\/#primaryimage","url":"https:\/\/radioljubuski.ba\/wp-content\/uploads\/2022\/08\/8-2022-08-04-15-47-41-HDZ-BIH.jpg","contentUrl":"https:\/\/radioljubuski.ba\/wp-content\/uploads\/2022\/08\/8-2022-08-04-15-47-41-HDZ-BIH.jpg","width":1000,"height":625},{"@type":"BreadcrumbList","@id":"https:\/\/radioljubuski.ba\/index.php\/2022\/08\/05\/vlada-zsb-dala-pozitivno-misljenje-na-prijedlog-strategije-prema-mladima-zupanije-sredisnja-bosna\/#breadcrumb","itemListElement":[{"@type":"ListItem","position":1,"name":"Po\u010detna stranica","item":"https:\/\/radioljubuski.ba\/"},{"@type":"ListItem","position":2,"name":"Vlada \u017dSB dala pozitivno mi\u0161ljenje na Prijedlog strategije prema mladima \u017dupanije Sredi\u0161nja Bosna"}]},{"@type":"WebSite","@id":"https:\/\/radioljubuski.ba\/#website","url":"https:\/\/radioljubuski.ba\/","name":"Radio Ljubu\u0161ki","description":"Sun\u010dana frekvencija Hercegovine","publisher":{"@id":"https:\/\/radioljubuski.ba\/#organization"},"potentialAction":[{"@type":"SearchAction","target":{"@type":"EntryPoint","urlTemplate":"https:\/\/radioljubuski.ba\/?s={search_term_string}"},"query-input":{"@type":"PropertyValueSpecification","valueRequired":true,"valueName":"search_term_string"}}],"inLanguage":"hr"},{"@type":"Organization","@id":"https:\/\/radioljubuski.ba\/#organization","name":"Radio Ljubu\u0161ki","url":"https:\/\/radioljubuski.ba\/","logo":{"@type":"ImageObject","inLanguage":"hr","@id":"https:\/\/radioljubuski.ba\/#\/schema\/logo\/image\/","url":"https:\/\/radioljubuski.ba\/wp-content\/uploads\/2021\/02\/cropped-Radio_Ljubuski_logo1.jpg","contentUrl":"https:\/\/radioljubuski.ba\/wp-content\/uploads\/2021\/02\/cropped-Radio_Ljubuski_logo1.jpg","width":512,"height":512,"caption":"Radio Ljubu\u0161ki"},"image":{"@id":"https:\/\/radioljubuski.ba\/#\/schema\/logo\/image\/"},"sameAs":["https:\/\/www.facebook.com\/Radiio-Ljubuski-1490835324566332","https:\/\/x.com\/radioljubuski","https:\/\/hr.linkedin.com\/company\/radio-ljubuski","https:\/\/www.youtube.com\/channel\/UCHYaeO_n0Db3tjNGudGpXyw"]},{"@type":"Person","@id":"https:\/\/radioljubuski.ba\/#\/schema\/person\/19fc700381a780f69665d7956c469e3b","name":"Radio Ljubu\u0161ki"}]}},"_links":{"self":[{"href":"https:\/\/radioljubuski.ba\/index.php\/wp-json\/wp\/v2\/posts\/166761","targetHints":{"allow":["GET"]}}],"collection":[{"href":"https:\/\/radioljubuski.ba\/index.php\/wp-json\/wp\/v2\/posts"}],"about":[{"href":"https:\/\/radioljubuski.ba\/index.php\/wp-json\/wp\/v2\/types\/post"}],"author":[{"embeddable":true,"href":"https:\/\/radioljubuski.ba\/index.php\/wp-json\/wp\/v2\/users\/2"}],"replies":[{"embeddable":true,"href":"https:\/\/radioljubuski.ba\/index.php\/wp-json\/wp\/v2\/comments?post=166761"}],"version-history":[{"count":1,"href":"https:\/\/radioljubuski.ba\/index.php\/wp-json\/wp\/v2\/posts\/166761\/revisions"}],"predecessor-version":[{"id":166763,"href":"https:\/\/radioljubuski.ba\/index.php\/wp-json\/wp\/v2\/posts\/166761\/revisions\/166763"}],"wp:featuredmedia":[{"embeddable":true,"href":"https:\/\/radioljubuski.ba\/index.php\/wp-json\/wp\/v2\/media\/166762"}],"wp:attachment":[{"href":"https:\/\/radioljubuski.ba\/index.php\/wp-json\/wp\/v2\/media?parent=166761"}],"wp:term":[{"taxonomy":"category","embeddable":true,"href":"https:\/\/radioljubuski.ba\/index.php\/wp-json\/wp\/v2\/categories?post=166761"},{"taxonomy":"post_tag","embeddable":true,"href":"https:\/\/radioljubuski.ba\/index.php\/wp-json\/wp\/v2\/tags?post=166761"}],"curies":[{"name":"wp","href":"https:\/\/api.w.org\/{rel}","templated":true}]}}