{"id":166764,"date":"2022-08-05T10:43:22","date_gmt":"2022-08-05T09:43:22","guid":{"rendered":"https:\/\/radioljubuski.ba\/?p=166764"},"modified":"2022-08-05T10:43:23","modified_gmt":"2022-08-05T09:43:23","slug":"bracni-par-drzavljani-hrvatske-i-austrije-uzgajali-marihuanu-u-bih","status":"publish","type":"post","link":"https:\/\/radioljubuski.ba\/index.php\/2022\/08\/05\/bracni-par-drzavljani-hrvatske-i-austrije-uzgajali-marihuanu-u-bih\/","title":{"rendered":"Bra\u010dni par, dr\u017eavljani Hrvatske i Austrije, uzgajali marihuanu u BiH"},"content":{"rendered":"\n<p>Postupiv\u0161i po prijedlogu Tu\u017eiteljstva Br\u010dko distrikta BiH, nadle\u017eni sud u Br\u010dkom odredio je pritvor supru\u017enicima P. K. (50) i K. K. (41), uhi\u0107enim prije dva dana u policijskoj akciji kodnog naziva &#8216;Korov&#8217;.<\/p>\n\n\n\n<p>&#8220;Budu\u0107i da posjeduju dr\u017eavljanstva drugih dr\u017eava, osumnji\u010denima za neovla\u0161tenu proizvodnju i stavljanje u promet opojnih droga, jednomjese\u010dni pritvor odre\u0111en je usljed opasnosti od bijega.<\/p>\n\n\n\n<p>U okviru istrage, koja se vodi pod nadzorom Tu\u017eiteljstva, Policija Br\u010dko distrikta BiH prije dva dana uhitila&nbsp; je P. i K. K, oboje dr\u017eavljani Hrvatske i Austrije, zbog sumnje da su u mjestu Gornja Skakava, jugozapadno od Br\u010dkog, uzgajali Indijsku konoplju.<\/p>\n\n\n\n<p>Oni se sumnji\u010de da su na te\u0161ko pristupa\u010dnom dijelu zemlji\u0161ta obraslom rastinjem podigli tri zasada Indijske konoplje s ukupno 302 stabljike.<\/p>\n\n\n\n<p>Usto, oni su u ku\u0107i u tom naselju dr\u017eali predmete koji se mogu dovesti u vezu sa uzgojem ove biljke, ali i vi\u0161e komada pu\u0161\u010danih metaka, \u010dija nabavka gra\u0111anima uop\u0107e nije dozvoljena &#8211; navodi se u naredbi o provo\u0111enju istrage.<\/p>\n\n\n\n<p>Po\u0161to ih je Policija li\u0161ila slobode, nastavljena je kriminalisti\u010dka obrada slu\u010daja, a u daljem postupku postupaju\u0107i tu\u017eilac Tu\u017eila\u0161tva ispitao je osumnji\u010dene i podnio prijedlog da im se, usljed opasnosti od bjekstva, odredi pritvor.<\/p>\n\n\n\n<p>Radi osiguranja njihovog daljnjeg prisustva i uspje\u0161nog vo\u0111enja krivi\u010dnog postupka, Osnovni sud Distrikta odredio je pritvor za P. K. i K. K. u trajanju od jednog mjeseca.<\/p>\n\n\n\n<p>Nezavisno od odluke po \u017ealbi, koju osumnji\u010deni mogu izjaviti Apelacijskom sudu, Tu\u017eiteljstvo i Policija intenzivno nastavljaju istragu u pravcu dokazivanja krivi\u010dnih djela neovla\u0161tene proizvodnje i stavljanja u promet opojnih droga (iz \u010dlana 232 stav 1 Krivi\u010dnog zakona Br\u010dko distrikta BiH) i nedozvoljenog dr\u017eanja oru\u017eja ili eksplozivnih materija (iz \u010dlana 365 stav 1 istog zakona BiH)&#8221;, navodi se u saop\u0107enju Tu\u017eilteljstva.<\/p>\n\n\n\n<p>Izvor:pogled.ba<\/p>\n","protected":false},"excerpt":{"rendered":"<p>Postupiv\u0161i po prijedlogu Tu\u017eiteljstva Br\u010dko distrikta BiH, nadle\u017eni sud u Br\u010dkom odredio je pritvor supru\u017enicima P. K. (50) i K. K. (41), uhi\u0107enim prije dva dana u policijskoj akciji kodnog naziva &#8216;Korov&#8217;. &#8220;Budu\u0107i da posjeduju dr\u017eavljanstva drugih dr\u017eava, osumnji\u010denima za neovla\u0161tenu proizvodnju i stavljanje u promet opojnih droga, jednomjese\u010dni pritvor odre\u0111en je usljed opasnosti od [&hellip;]<\/p>\n","protected":false},"author":2,"featured_media":166765,"comment_status":"closed","ping_status":"closed","sticky":false,"template":"","format":"standard","meta":{"h5ap_radio_sources":[],"footnotes":""},"categories":[1],"tags":[],"class_list":["post-166764","post","type-post","status-publish","format-standard","has-post-thumbnail","hentry","category-bihiregija"],"yoast_head":"<!-- This site is optimized with the Yoast SEO plugin v27.4 - https:\/\/yoast.com\/product\/yoast-seo-wordpress\/ -->\n<title>Bra\u010dni par, dr\u017eavljani Hrvatske i Austrije, uzgajali marihuanu u BiH - RADIO LJUBU\u0160KI<\/title>\n<meta name=\"robots\" content=\"index, follow, max-snippet:-1, max-image-preview:large, max-video-preview:-1\" \/>\n<link rel=\"canonical\" href=\"https:\/\/radioljubuski.ba\/index.php\/2022\/08\/05\/bracni-par-drzavljani-hrvatske-i-austrije-uzgajali-marihuanu-u-bih\/\" \/>\n<meta property=\"og:locale\" content=\"hr_HR\" \/>\n<meta property=\"og:type\" content=\"article\" \/>\n<meta property=\"og:title\" content=\"Bra\u010dni par, dr\u017eavljani Hrvatske i Austrije, uzgajali marihuanu u BiH - RADIO LJUBU\u0160KI\" \/>\n<meta property=\"og:description\" content=\"Postupiv\u0161i po prijedlogu Tu\u017eiteljstva Br\u010dko distrikta BiH, nadle\u017eni sud u Br\u010dkom odredio je pritvor supru\u017enicima P. K. (50) i K. K. (41), uhi\u0107enim prije dva dana u policijskoj akciji kodnog naziva &#8216;Korov&#8217;. &#8220;Budu\u0107i da posjeduju dr\u017eavljanstva drugih dr\u017eava, osumnji\u010denima za neovla\u0161tenu proizvodnju i stavljanje u promet opojnih droga, jednomjese\u010dni pritvor odre\u0111en je usljed opasnosti od [&hellip;]\" \/>\n<meta property=\"og:url\" content=\"https:\/\/radioljubuski.ba\/index.php\/2022\/08\/05\/bracni-par-drzavljani-hrvatske-i-austrije-uzgajali-marihuanu-u-bih\/\" \/>\n<meta property=\"og:site_name\" content=\"RADIO LJUBU\u0160KI\" \/>\n<meta property=\"article:publisher\" content=\"https:\/\/www.facebook.com\/Radiio-Ljubuski-1490835324566332\" \/>\n<meta property=\"article:published_time\" content=\"2022-08-05T09:43:22+00:00\" \/>\n<meta property=\"article:modified_time\" content=\"2022-08-05T09:43:23+00:00\" \/>\n<meta property=\"og:image\" content=\"https:\/\/radioljubuski.ba\/wp-content\/uploads\/2022\/08\/8-2022-08-04-16-16-50-KOROV.jpg\" \/>\n\t<meta property=\"og:image:width\" content=\"1000\" \/>\n\t<meta property=\"og:image:height\" content=\"625\" \/>\n\t<meta property=\"og:image:type\" content=\"image\/jpeg\" \/>\n<meta name=\"author\" content=\"Radio Ljubu\u0161ki\" \/>\n<meta name=\"twitter:card\" content=\"summary_large_image\" \/>\n<meta name=\"twitter:creator\" content=\"@radioljubuski\" \/>\n<meta name=\"twitter:site\" content=\"@radioljubuski\" \/>\n<meta name=\"twitter:label1\" content=\"Napisao\/la\" \/>\n\t<meta name=\"twitter:data1\" content=\"Radio Ljubu\u0161ki\" \/>\n\t<meta name=\"twitter:label2\" content=\"Procijenjeno vrijeme \u010ditanja\" \/>\n\t<meta name=\"twitter:data2\" content=\"2 minute\" \/>\n<script type=\"application\/ld+json\" class=\"yoast-schema-graph\">{\"@context\":\"https:\\\/\\\/schema.org\",\"@graph\":[{\"@type\":\"Article\",\"@id\":\"https:\\\/\\\/radioljubuski.ba\\\/index.php\\\/2022\\\/08\\\/05\\\/bracni-par-drzavljani-hrvatske-i-austrije-uzgajali-marihuanu-u-bih\\\/#article\",\"isPartOf\":{\"@id\":\"https:\\\/\\\/radioljubuski.ba\\\/index.php\\\/2022\\\/08\\\/05\\\/bracni-par-drzavljani-hrvatske-i-austrije-uzgajali-marihuanu-u-bih\\\/\"},\"author\":{\"name\":\"Radio Ljubu\u0161ki\",\"@id\":\"https:\\\/\\\/radioljubuski.ba\\\/#\\\/schema\\\/person\\\/19fc700381a780f69665d7956c469e3b\"},\"headline\":\"Bra\u010dni par, dr\u017eavljani Hrvatske i Austrije, uzgajali marihuanu u BiH\",\"datePublished\":\"2022-08-05T09:43:22+00:00\",\"dateModified\":\"2022-08-05T09:43:23+00:00\",\"mainEntityOfPage\":{\"@id\":\"https:\\\/\\\/radioljubuski.ba\\\/index.php\\\/2022\\\/08\\\/05\\\/bracni-par-drzavljani-hrvatske-i-austrije-uzgajali-marihuanu-u-bih\\\/\"},\"wordCount\":338,\"publisher\":{\"@id\":\"https:\\\/\\\/radioljubuski.ba\\\/#organization\"},\"image\":{\"@id\":\"https:\\\/\\\/radioljubuski.ba\\\/index.php\\\/2022\\\/08\\\/05\\\/bracni-par-drzavljani-hrvatske-i-austrije-uzgajali-marihuanu-u-bih\\\/#primaryimage\"},\"thumbnailUrl\":\"https:\\\/\\\/radioljubuski.ba\\\/wp-content\\\/uploads\\\/2022\\\/08\\\/8-2022-08-04-16-16-50-KOROV.jpg\",\"articleSection\":[\"BIH i regija\"],\"inLanguage\":\"hr\"},{\"@type\":\"WebPage\",\"@id\":\"https:\\\/\\\/radioljubuski.ba\\\/index.php\\\/2022\\\/08\\\/05\\\/bracni-par-drzavljani-hrvatske-i-austrije-uzgajali-marihuanu-u-bih\\\/\",\"url\":\"https:\\\/\\\/radioljubuski.ba\\\/index.php\\\/2022\\\/08\\\/05\\\/bracni-par-drzavljani-hrvatske-i-austrije-uzgajali-marihuanu-u-bih\\\/\",\"name\":\"Bra\u010dni par, dr\u017eavljani Hrvatske i Austrije, uzgajali marihuanu u BiH - RADIO LJUBU\u0160KI\",\"isPartOf\":{\"@id\":\"https:\\\/\\\/radioljubuski.ba\\\/#website\"},\"primaryImageOfPage\":{\"@id\":\"https:\\\/\\\/radioljubuski.ba\\\/index.php\\\/2022\\\/08\\\/05\\\/bracni-par-drzavljani-hrvatske-i-austrije-uzgajali-marihuanu-u-bih\\\/#primaryimage\"},\"image\":{\"@id\":\"https:\\\/\\\/radioljubuski.ba\\\/index.php\\\/2022\\\/08\\\/05\\\/bracni-par-drzavljani-hrvatske-i-austrije-uzgajali-marihuanu-u-bih\\\/#primaryimage\"},\"thumbnailUrl\":\"https:\\\/\\\/radioljubuski.ba\\\/wp-content\\\/uploads\\\/2022\\\/08\\\/8-2022-08-04-16-16-50-KOROV.jpg\",\"datePublished\":\"2022-08-05T09:43:22+00:00\",\"dateModified\":\"2022-08-05T09:43:23+00:00\",\"breadcrumb\":{\"@id\":\"https:\\\/\\\/radioljubuski.ba\\\/index.php\\\/2022\\\/08\\\/05\\\/bracni-par-drzavljani-hrvatske-i-austrije-uzgajali-marihuanu-u-bih\\\/#breadcrumb\"},\"inLanguage\":\"hr\",\"potentialAction\":[{\"@type\":\"ReadAction\",\"target\":[\"https:\\\/\\\/radioljubuski.ba\\\/index.php\\\/2022\\\/08\\\/05\\\/bracni-par-drzavljani-hrvatske-i-austrije-uzgajali-marihuanu-u-bih\\\/\"]}]},{\"@type\":\"ImageObject\",\"inLanguage\":\"hr\",\"@id\":\"https:\\\/\\\/radioljubuski.ba\\\/index.php\\\/2022\\\/08\\\/05\\\/bracni-par-drzavljani-hrvatske-i-austrije-uzgajali-marihuanu-u-bih\\\/#primaryimage\",\"url\":\"https:\\\/\\\/radioljubuski.ba\\\/wp-content\\\/uploads\\\/2022\\\/08\\\/8-2022-08-04-16-16-50-KOROV.jpg\",\"contentUrl\":\"https:\\\/\\\/radioljubuski.ba\\\/wp-content\\\/uploads\\\/2022\\\/08\\\/8-2022-08-04-16-16-50-KOROV.jpg\",\"width\":1000,\"height\":625},{\"@type\":\"BreadcrumbList\",\"@id\":\"https:\\\/\\\/radioljubuski.ba\\\/index.php\\\/2022\\\/08\\\/05\\\/bracni-par-drzavljani-hrvatske-i-austrije-uzgajali-marihuanu-u-bih\\\/#breadcrumb\",\"itemListElement\":[{\"@type\":\"ListItem\",\"position\":1,\"name\":\"Po\u010detna stranica\",\"item\":\"https:\\\/\\\/radioljubuski.ba\\\/\"},{\"@type\":\"ListItem\",\"position\":2,\"name\":\"Bra\u010dni par, dr\u017eavljani Hrvatske i Austrije, uzgajali marihuanu u BiH\"}]},{\"@type\":\"WebSite\",\"@id\":\"https:\\\/\\\/radioljubuski.ba\\\/#website\",\"url\":\"https:\\\/\\\/radioljubuski.ba\\\/\",\"name\":\"Radio Ljubu\u0161ki\",\"description\":\"Sun\u010dana frekvencija Hercegovine\",\"publisher\":{\"@id\":\"https:\\\/\\\/radioljubuski.ba\\\/#organization\"},\"potentialAction\":[{\"@type\":\"SearchAction\",\"target\":{\"@type\":\"EntryPoint\",\"urlTemplate\":\"https:\\\/\\\/radioljubuski.ba\\\/?s={search_term_string}\"},\"query-input\":{\"@type\":\"PropertyValueSpecification\",\"valueRequired\":true,\"valueName\":\"search_term_string\"}}],\"inLanguage\":\"hr\"},{\"@type\":\"Organization\",\"@id\":\"https:\\\/\\\/radioljubuski.ba\\\/#organization\",\"name\":\"Radio Ljubu\u0161ki\",\"url\":\"https:\\\/\\\/radioljubuski.ba\\\/\",\"logo\":{\"@type\":\"ImageObject\",\"inLanguage\":\"hr\",\"@id\":\"https:\\\/\\\/radioljubuski.ba\\\/#\\\/schema\\\/logo\\\/image\\\/\",\"url\":\"https:\\\/\\\/radioljubuski.ba\\\/wp-content\\\/uploads\\\/2021\\\/02\\\/cropped-Radio_Ljubuski_logo1.jpg\",\"contentUrl\":\"https:\\\/\\\/radioljubuski.ba\\\/wp-content\\\/uploads\\\/2021\\\/02\\\/cropped-Radio_Ljubuski_logo1.jpg\",\"width\":512,\"height\":512,\"caption\":\"Radio Ljubu\u0161ki\"},\"image\":{\"@id\":\"https:\\\/\\\/radioljubuski.ba\\\/#\\\/schema\\\/logo\\\/image\\\/\"},\"sameAs\":[\"https:\\\/\\\/www.facebook.com\\\/Radiio-Ljubuski-1490835324566332\",\"https:\\\/\\\/x.com\\\/radioljubuski\",\"https:\\\/\\\/hr.linkedin.com\\\/company\\\/radio-ljubuski\",\"https:\\\/\\\/www.youtube.com\\\/channel\\\/UCHYaeO_n0Db3tjNGudGpXyw\"]},{\"@type\":\"Person\",\"@id\":\"https:\\\/\\\/radioljubuski.ba\\\/#\\\/schema\\\/person\\\/19fc700381a780f69665d7956c469e3b\",\"name\":\"Radio Ljubu\u0161ki\"}]}<\/script>\n<!-- \/ Yoast SEO plugin. -->","yoast_head_json":{"title":"Bra\u010dni par, dr\u017eavljani Hrvatske i Austrije, uzgajali marihuanu u BiH - RADIO LJUBU\u0160KI","robots":{"index":"index","follow":"follow","max-snippet":"max-snippet:-1","max-image-preview":"max-image-preview:large","max-video-preview":"max-video-preview:-1"},"canonical":"https:\/\/radioljubuski.ba\/index.php\/2022\/08\/05\/bracni-par-drzavljani-hrvatske-i-austrije-uzgajali-marihuanu-u-bih\/","og_locale":"hr_HR","og_type":"article","og_title":"Bra\u010dni par, dr\u017eavljani Hrvatske i Austrije, uzgajali marihuanu u BiH - RADIO LJUBU\u0160KI","og_description":"Postupiv\u0161i po prijedlogu Tu\u017eiteljstva Br\u010dko distrikta BiH, nadle\u017eni sud u Br\u010dkom odredio je pritvor supru\u017enicima P. K. (50) i K. K. (41), uhi\u0107enim prije dva dana u policijskoj akciji kodnog naziva &#8216;Korov&#8217;. &#8220;Budu\u0107i da posjeduju dr\u017eavljanstva drugih dr\u017eava, osumnji\u010denima za neovla\u0161tenu proizvodnju i stavljanje u promet opojnih droga, jednomjese\u010dni pritvor odre\u0111en je usljed opasnosti od [&hellip;]","og_url":"https:\/\/radioljubuski.ba\/index.php\/2022\/08\/05\/bracni-par-drzavljani-hrvatske-i-austrije-uzgajali-marihuanu-u-bih\/","og_site_name":"RADIO LJUBU\u0160KI","article_publisher":"https:\/\/www.facebook.com\/Radiio-Ljubuski-1490835324566332","article_published_time":"2022-08-05T09:43:22+00:00","article_modified_time":"2022-08-05T09:43:23+00:00","og_image":[{"width":1000,"height":625,"url":"https:\/\/radioljubuski.ba\/wp-content\/uploads\/2022\/08\/8-2022-08-04-16-16-50-KOROV.jpg","type":"image\/jpeg"}],"author":"Radio Ljubu\u0161ki","twitter_card":"summary_large_image","twitter_creator":"@radioljubuski","twitter_site":"@radioljubuski","twitter_misc":{"Napisao\/la":"Radio Ljubu\u0161ki","Procijenjeno vrijeme \u010ditanja":"2 minute"},"schema":{"@context":"https:\/\/schema.org","@graph":[{"@type":"Article","@id":"https:\/\/radioljubuski.ba\/index.php\/2022\/08\/05\/bracni-par-drzavljani-hrvatske-i-austrije-uzgajali-marihuanu-u-bih\/#article","isPartOf":{"@id":"https:\/\/radioljubuski.ba\/index.php\/2022\/08\/05\/bracni-par-drzavljani-hrvatske-i-austrije-uzgajali-marihuanu-u-bih\/"},"author":{"name":"Radio Ljubu\u0161ki","@id":"https:\/\/radioljubuski.ba\/#\/schema\/person\/19fc700381a780f69665d7956c469e3b"},"headline":"Bra\u010dni par, dr\u017eavljani Hrvatske i Austrije, uzgajali marihuanu u BiH","datePublished":"2022-08-05T09:43:22+00:00","dateModified":"2022-08-05T09:43:23+00:00","mainEntityOfPage":{"@id":"https:\/\/radioljubuski.ba\/index.php\/2022\/08\/05\/bracni-par-drzavljani-hrvatske-i-austrije-uzgajali-marihuanu-u-bih\/"},"wordCount":338,"publisher":{"@id":"https:\/\/radioljubuski.ba\/#organization"},"image":{"@id":"https:\/\/radioljubuski.ba\/index.php\/2022\/08\/05\/bracni-par-drzavljani-hrvatske-i-austrije-uzgajali-marihuanu-u-bih\/#primaryimage"},"thumbnailUrl":"https:\/\/radioljubuski.ba\/wp-content\/uploads\/2022\/08\/8-2022-08-04-16-16-50-KOROV.jpg","articleSection":["BIH i regija"],"inLanguage":"hr"},{"@type":"WebPage","@id":"https:\/\/radioljubuski.ba\/index.php\/2022\/08\/05\/bracni-par-drzavljani-hrvatske-i-austrije-uzgajali-marihuanu-u-bih\/","url":"https:\/\/radioljubuski.ba\/index.php\/2022\/08\/05\/bracni-par-drzavljani-hrvatske-i-austrije-uzgajali-marihuanu-u-bih\/","name":"Bra\u010dni par, dr\u017eavljani Hrvatske i Austrije, uzgajali marihuanu u BiH - RADIO LJUBU\u0160KI","isPartOf":{"@id":"https:\/\/radioljubuski.ba\/#website"},"primaryImageOfPage":{"@id":"https:\/\/radioljubuski.ba\/index.php\/2022\/08\/05\/bracni-par-drzavljani-hrvatske-i-austrije-uzgajali-marihuanu-u-bih\/#primaryimage"},"image":{"@id":"https:\/\/radioljubuski.ba\/index.php\/2022\/08\/05\/bracni-par-drzavljani-hrvatske-i-austrije-uzgajali-marihuanu-u-bih\/#primaryimage"},"thumbnailUrl":"https:\/\/radioljubuski.ba\/wp-content\/uploads\/2022\/08\/8-2022-08-04-16-16-50-KOROV.jpg","datePublished":"2022-08-05T09:43:22+00:00","dateModified":"2022-08-05T09:43:23+00:00","breadcrumb":{"@id":"https:\/\/radioljubuski.ba\/index.php\/2022\/08\/05\/bracni-par-drzavljani-hrvatske-i-austrije-uzgajali-marihuanu-u-bih\/#breadcrumb"},"inLanguage":"hr","potentialAction":[{"@type":"ReadAction","target":["https:\/\/radioljubuski.ba\/index.php\/2022\/08\/05\/bracni-par-drzavljani-hrvatske-i-austrije-uzgajali-marihuanu-u-bih\/"]}]},{"@type":"ImageObject","inLanguage":"hr","@id":"https:\/\/radioljubuski.ba\/index.php\/2022\/08\/05\/bracni-par-drzavljani-hrvatske-i-austrije-uzgajali-marihuanu-u-bih\/#primaryimage","url":"https:\/\/radioljubuski.ba\/wp-content\/uploads\/2022\/08\/8-2022-08-04-16-16-50-KOROV.jpg","contentUrl":"https:\/\/radioljubuski.ba\/wp-content\/uploads\/2022\/08\/8-2022-08-04-16-16-50-KOROV.jpg","width":1000,"height":625},{"@type":"BreadcrumbList","@id":"https:\/\/radioljubuski.ba\/index.php\/2022\/08\/05\/bracni-par-drzavljani-hrvatske-i-austrije-uzgajali-marihuanu-u-bih\/#breadcrumb","itemListElement":[{"@type":"ListItem","position":1,"name":"Po\u010detna stranica","item":"https:\/\/radioljubuski.ba\/"},{"@type":"ListItem","position":2,"name":"Bra\u010dni par, dr\u017eavljani Hrvatske i Austrije, uzgajali marihuanu u BiH"}]},{"@type":"WebSite","@id":"https:\/\/radioljubuski.ba\/#website","url":"https:\/\/radioljubuski.ba\/","name":"Radio Ljubu\u0161ki","description":"Sun\u010dana frekvencija Hercegovine","publisher":{"@id":"https:\/\/radioljubuski.ba\/#organization"},"potentialAction":[{"@type":"SearchAction","target":{"@type":"EntryPoint","urlTemplate":"https:\/\/radioljubuski.ba\/?s={search_term_string}"},"query-input":{"@type":"PropertyValueSpecification","valueRequired":true,"valueName":"search_term_string"}}],"inLanguage":"hr"},{"@type":"Organization","@id":"https:\/\/radioljubuski.ba\/#organization","name":"Radio Ljubu\u0161ki","url":"https:\/\/radioljubuski.ba\/","logo":{"@type":"ImageObject","inLanguage":"hr","@id":"https:\/\/radioljubuski.ba\/#\/schema\/logo\/image\/","url":"https:\/\/radioljubuski.ba\/wp-content\/uploads\/2021\/02\/cropped-Radio_Ljubuski_logo1.jpg","contentUrl":"https:\/\/radioljubuski.ba\/wp-content\/uploads\/2021\/02\/cropped-Radio_Ljubuski_logo1.jpg","width":512,"height":512,"caption":"Radio Ljubu\u0161ki"},"image":{"@id":"https:\/\/radioljubuski.ba\/#\/schema\/logo\/image\/"},"sameAs":["https:\/\/www.facebook.com\/Radiio-Ljubuski-1490835324566332","https:\/\/x.com\/radioljubuski","https:\/\/hr.linkedin.com\/company\/radio-ljubuski","https:\/\/www.youtube.com\/channel\/UCHYaeO_n0Db3tjNGudGpXyw"]},{"@type":"Person","@id":"https:\/\/radioljubuski.ba\/#\/schema\/person\/19fc700381a780f69665d7956c469e3b","name":"Radio Ljubu\u0161ki"}]}},"_links":{"self":[{"href":"https:\/\/radioljubuski.ba\/index.php\/wp-json\/wp\/v2\/posts\/166764","targetHints":{"allow":["GET"]}}],"collection":[{"href":"https:\/\/radioljubuski.ba\/index.php\/wp-json\/wp\/v2\/posts"}],"about":[{"href":"https:\/\/radioljubuski.ba\/index.php\/wp-json\/wp\/v2\/types\/post"}],"author":[{"embeddable":true,"href":"https:\/\/radioljubuski.ba\/index.php\/wp-json\/wp\/v2\/users\/2"}],"replies":[{"embeddable":true,"href":"https:\/\/radioljubuski.ba\/index.php\/wp-json\/wp\/v2\/comments?post=166764"}],"version-history":[{"count":1,"href":"https:\/\/radioljubuski.ba\/index.php\/wp-json\/wp\/v2\/posts\/166764\/revisions"}],"predecessor-version":[{"id":166766,"href":"https:\/\/radioljubuski.ba\/index.php\/wp-json\/wp\/v2\/posts\/166764\/revisions\/166766"}],"wp:featuredmedia":[{"embeddable":true,"href":"https:\/\/radioljubuski.ba\/index.php\/wp-json\/wp\/v2\/media\/166765"}],"wp:attachment":[{"href":"https:\/\/radioljubuski.ba\/index.php\/wp-json\/wp\/v2\/media?parent=166764"}],"wp:term":[{"taxonomy":"category","embeddable":true,"href":"https:\/\/radioljubuski.ba\/index.php\/wp-json\/wp\/v2\/categories?post=166764"},{"taxonomy":"post_tag","embeddable":true,"href":"https:\/\/radioljubuski.ba\/index.php\/wp-json\/wp\/v2\/tags?post=166764"}],"curies":[{"name":"wp","href":"https:\/\/api.w.org\/{rel}","templated":true}]}}