{"id":166773,"date":"2022-08-05T10:46:55","date_gmt":"2022-08-05T09:46:55","guid":{"rendered":"https:\/\/radioljubuski.ba\/?p=166773"},"modified":"2022-08-05T10:46:56","modified_gmt":"2022-08-05T09:46:56","slug":"izvoz-drvne-industrije-u-bih-veci-za-23-posto-u-odnosu-na-proslu-godinu","status":"publish","type":"post","link":"https:\/\/radioljubuski.ba\/index.php\/2022\/08\/05\/izvoz-drvne-industrije-u-bih-veci-za-23-posto-u-odnosu-na-proslu-godinu\/","title":{"rendered":"Izvoz drvne industrije u BiH ve\u0107i za 23 posto u odnosu na pro\u0161lu godinu"},"content":{"rendered":"\n<p>Vrijednost izvoza drvne industrije Bosne i Hercegovine za prvih \u0161est mjeseci ove godine iznosila je 926,3 milijuna KM \u0161to je za 171,7 milijuna&nbsp; KM ili 23 posto vi\u0161e od izvoza u istom periodu lani<\/p>\n\n\n\n<p>Najve\u0107i porast izvoza, prema podacima Vanjskotrgovinske komore BiH, zabilje\u017een je kod proizvoda \u0161umarstva, gra\u0111evinske stolarije, rezane gra\u0111e i elementi, plo\u010da i furnira.<\/p>\n\n\n\n<p>Namje\u0161taj je u ukupnom izvozu sudjelovao sa 37 posto i iznosio je 344,7 milijuna KM, odnosno 4,2 milijuna ili jedan posto manje u pore\u0111enju sa prvim polugodi\u0161tem lani.<\/p>\n\n\n\n<p>Od namje\u0161taja, najvi\u0161e su se izvozila drvena i tapacirana sjedala, namje\u0161taj za dnevne sobe i trpezarije, zatim drveni namje\u0161taj za spava\u0107e sobe i ostali drveni namje\u0161taj.<\/p>\n\n\n\n<p>Od ukupnog izvoza, 90 posto drvne industrije u prvih \u0161est mjeseci ove godine realizovano je na top 20 izvoznih tr\u017ei\u0161ta, me\u0111u kojima su Njema\u010dka, Hrvatska, Italija, Srbija, Slovenija, Austrija, Holandija i Francuska, najzna\u010dajniji izvozni partneri.<\/p>\n\n\n\n<p>Top izvozno tr\u017ei\u0161te je Njema\u010dka, gdje je izvezeno proizvoda drvne industrije u vrijednosti od 207, 5 milijuna KM, \u0161to je vi\u0161e za 66,5 milijuna KM ili 47 posto nego lani.<\/p>\n\n\n\n<p>Znatno je pove\u0107an i izvoz u Srbiju, za 62,7 milijuna KM ili 200 posto .<\/p>\n\n\n\n<p>Ukupan uvoz drvnog sektora je iznosio 286,5 milijuna KM ili 81,9 milijuna KM, odnosno 40 posto vi\u0161e nego u istom periodu u 2021. godini.<\/p>\n\n\n\n<p>Sve grupe proizvoda imale su uzlazni trend, a najve\u0107i porast uvoza imali su monta\u017ene drvene ku\u0107e, proizvodi \u0161umarstva, rezana gra\u0111a i gra\u0111evinska stolarija, plo\u010de i furnir.<\/p>\n\n\n\n<p>Top uvozna tr\u017ei\u0161ta su Hrvatska, Srbija, Austrija, Poljska, \u010ce\u0161ka i Slovenija. Drvni sektor u ukupnom izvozu Bosne i Hercegovine u\u010destvuje sa deset posto, a ukupnom uvozu sa 2,1 posto.<\/p>\n\n\n\n<p>U prvih \u0161est mjeseci ove godine ostvaren je suficit od 640 milijuna KM i ve\u0107i je za 16,4 posto ili oko 90 milijuna KM u odnosu na isti period lani.<\/p>\n\n\n\n<p>Izvor:vecernji.ba<\/p>\n","protected":false},"excerpt":{"rendered":"<p>Vrijednost izvoza drvne industrije Bosne i Hercegovine za prvih \u0161est mjeseci ove godine iznosila je 926,3 milijuna KM \u0161to je za 171,7 milijuna&nbsp; KM ili 23 posto vi\u0161e od izvoza u istom periodu lani Najve\u0107i porast izvoza, prema podacima Vanjskotrgovinske komore BiH, zabilje\u017een je kod proizvoda \u0161umarstva, gra\u0111evinske stolarije, rezane gra\u0111e i elementi, plo\u010da i [&hellip;]<\/p>\n","protected":false},"author":2,"featured_media":166776,"comment_status":"closed","ping_status":"closed","sticky":false,"template":"","format":"standard","meta":{"h5ap_radio_sources":[],"footnotes":""},"categories":[1],"tags":[],"class_list":["post-166773","post","type-post","status-publish","format-standard","has-post-thumbnail","hentry","category-bihiregija"],"yoast_head":"<!-- This site is optimized with the Yoast SEO plugin v27.4 - https:\/\/yoast.com\/product\/yoast-seo-wordpress\/ -->\n<title>Izvoz drvne industrije u BiH ve\u0107i za 23 posto u odnosu na pro\u0161lu godinu - RADIO LJUBU\u0160KI<\/title>\n<meta name=\"robots\" content=\"index, follow, max-snippet:-1, max-image-preview:large, max-video-preview:-1\" \/>\n<link rel=\"canonical\" href=\"https:\/\/radioljubuski.ba\/index.php\/2022\/08\/05\/izvoz-drvne-industrije-u-bih-veci-za-23-posto-u-odnosu-na-proslu-godinu\/\" \/>\n<meta property=\"og:locale\" content=\"hr_HR\" \/>\n<meta property=\"og:type\" content=\"article\" \/>\n<meta property=\"og:title\" content=\"Izvoz drvne industrije u BiH ve\u0107i za 23 posto u odnosu na pro\u0161lu godinu - RADIO LJUBU\u0160KI\" \/>\n<meta property=\"og:description\" content=\"Vrijednost izvoza drvne industrije Bosne i Hercegovine za prvih \u0161est mjeseci ove godine iznosila je 926,3 milijuna KM \u0161to je za 171,7 milijuna&nbsp; KM ili 23 posto vi\u0161e od izvoza u istom periodu lani Najve\u0107i porast izvoza, prema podacima Vanjskotrgovinske komore BiH, zabilje\u017een je kod proizvoda \u0161umarstva, gra\u0111evinske stolarije, rezane gra\u0111e i elementi, plo\u010da i [&hellip;]\" \/>\n<meta property=\"og:url\" content=\"https:\/\/radioljubuski.ba\/index.php\/2022\/08\/05\/izvoz-drvne-industrije-u-bih-veci-za-23-posto-u-odnosu-na-proslu-godinu\/\" \/>\n<meta property=\"og:site_name\" content=\"RADIO LJUBU\u0160KI\" \/>\n<meta property=\"article:publisher\" content=\"https:\/\/www.facebook.com\/Radiio-Ljubuski-1490835324566332\" \/>\n<meta property=\"article:published_time\" content=\"2022-08-05T09:46:55+00:00\" \/>\n<meta property=\"article:modified_time\" content=\"2022-08-05T09:46:56+00:00\" \/>\n<meta property=\"og:image\" content=\"https:\/\/radioljubuski.ba\/wp-content\/uploads\/2022\/08\/10-2022-08-04-17-15-51-Snimka-zaslona-2022-08-04-171502.jpg\" \/>\n\t<meta property=\"og:image:width\" content=\"1000\" \/>\n\t<meta property=\"og:image:height\" content=\"625\" \/>\n\t<meta property=\"og:image:type\" content=\"image\/jpeg\" \/>\n<meta name=\"author\" content=\"Radio Ljubu\u0161ki\" \/>\n<meta name=\"twitter:card\" content=\"summary_large_image\" \/>\n<meta name=\"twitter:creator\" content=\"@radioljubuski\" \/>\n<meta name=\"twitter:site\" content=\"@radioljubuski\" \/>\n<meta name=\"twitter:label1\" content=\"Napisao\/la\" \/>\n\t<meta name=\"twitter:data1\" content=\"Radio Ljubu\u0161ki\" \/>\n\t<meta name=\"twitter:label2\" content=\"Procijenjeno vrijeme \u010ditanja\" \/>\n\t<meta name=\"twitter:data2\" content=\"2 minute\" \/>\n<script type=\"application\/ld+json\" class=\"yoast-schema-graph\">{\"@context\":\"https:\\\/\\\/schema.org\",\"@graph\":[{\"@type\":\"Article\",\"@id\":\"https:\\\/\\\/radioljubuski.ba\\\/index.php\\\/2022\\\/08\\\/05\\\/izvoz-drvne-industrije-u-bih-veci-za-23-posto-u-odnosu-na-proslu-godinu\\\/#article\",\"isPartOf\":{\"@id\":\"https:\\\/\\\/radioljubuski.ba\\\/index.php\\\/2022\\\/08\\\/05\\\/izvoz-drvne-industrije-u-bih-veci-za-23-posto-u-odnosu-na-proslu-godinu\\\/\"},\"author\":{\"name\":\"Radio Ljubu\u0161ki\",\"@id\":\"https:\\\/\\\/radioljubuski.ba\\\/#\\\/schema\\\/person\\\/19fc700381a780f69665d7956c469e3b\"},\"headline\":\"Izvoz drvne industrije u BiH ve\u0107i za 23 posto u odnosu na pro\u0161lu godinu\",\"datePublished\":\"2022-08-05T09:46:55+00:00\",\"dateModified\":\"2022-08-05T09:46:56+00:00\",\"mainEntityOfPage\":{\"@id\":\"https:\\\/\\\/radioljubuski.ba\\\/index.php\\\/2022\\\/08\\\/05\\\/izvoz-drvne-industrije-u-bih-veci-za-23-posto-u-odnosu-na-proslu-godinu\\\/\"},\"wordCount\":332,\"publisher\":{\"@id\":\"https:\\\/\\\/radioljubuski.ba\\\/#organization\"},\"image\":{\"@id\":\"https:\\\/\\\/radioljubuski.ba\\\/index.php\\\/2022\\\/08\\\/05\\\/izvoz-drvne-industrije-u-bih-veci-za-23-posto-u-odnosu-na-proslu-godinu\\\/#primaryimage\"},\"thumbnailUrl\":\"https:\\\/\\\/radioljubuski.ba\\\/wp-content\\\/uploads\\\/2022\\\/08\\\/10-2022-08-04-17-15-51-Snimka-zaslona-2022-08-04-171502.jpg\",\"articleSection\":[\"BIH i regija\"],\"inLanguage\":\"hr\"},{\"@type\":\"WebPage\",\"@id\":\"https:\\\/\\\/radioljubuski.ba\\\/index.php\\\/2022\\\/08\\\/05\\\/izvoz-drvne-industrije-u-bih-veci-za-23-posto-u-odnosu-na-proslu-godinu\\\/\",\"url\":\"https:\\\/\\\/radioljubuski.ba\\\/index.php\\\/2022\\\/08\\\/05\\\/izvoz-drvne-industrije-u-bih-veci-za-23-posto-u-odnosu-na-proslu-godinu\\\/\",\"name\":\"Izvoz drvne industrije u BiH ve\u0107i za 23 posto u odnosu na pro\u0161lu godinu - RADIO LJUBU\u0160KI\",\"isPartOf\":{\"@id\":\"https:\\\/\\\/radioljubuski.ba\\\/#website\"},\"primaryImageOfPage\":{\"@id\":\"https:\\\/\\\/radioljubuski.ba\\\/index.php\\\/2022\\\/08\\\/05\\\/izvoz-drvne-industrije-u-bih-veci-za-23-posto-u-odnosu-na-proslu-godinu\\\/#primaryimage\"},\"image\":{\"@id\":\"https:\\\/\\\/radioljubuski.ba\\\/index.php\\\/2022\\\/08\\\/05\\\/izvoz-drvne-industrije-u-bih-veci-za-23-posto-u-odnosu-na-proslu-godinu\\\/#primaryimage\"},\"thumbnailUrl\":\"https:\\\/\\\/radioljubuski.ba\\\/wp-content\\\/uploads\\\/2022\\\/08\\\/10-2022-08-04-17-15-51-Snimka-zaslona-2022-08-04-171502.jpg\",\"datePublished\":\"2022-08-05T09:46:55+00:00\",\"dateModified\":\"2022-08-05T09:46:56+00:00\",\"breadcrumb\":{\"@id\":\"https:\\\/\\\/radioljubuski.ba\\\/index.php\\\/2022\\\/08\\\/05\\\/izvoz-drvne-industrije-u-bih-veci-za-23-posto-u-odnosu-na-proslu-godinu\\\/#breadcrumb\"},\"inLanguage\":\"hr\",\"potentialAction\":[{\"@type\":\"ReadAction\",\"target\":[\"https:\\\/\\\/radioljubuski.ba\\\/index.php\\\/2022\\\/08\\\/05\\\/izvoz-drvne-industrije-u-bih-veci-za-23-posto-u-odnosu-na-proslu-godinu\\\/\"]}]},{\"@type\":\"ImageObject\",\"inLanguage\":\"hr\",\"@id\":\"https:\\\/\\\/radioljubuski.ba\\\/index.php\\\/2022\\\/08\\\/05\\\/izvoz-drvne-industrije-u-bih-veci-za-23-posto-u-odnosu-na-proslu-godinu\\\/#primaryimage\",\"url\":\"https:\\\/\\\/radioljubuski.ba\\\/wp-content\\\/uploads\\\/2022\\\/08\\\/10-2022-08-04-17-15-51-Snimka-zaslona-2022-08-04-171502.jpg\",\"contentUrl\":\"https:\\\/\\\/radioljubuski.ba\\\/wp-content\\\/uploads\\\/2022\\\/08\\\/10-2022-08-04-17-15-51-Snimka-zaslona-2022-08-04-171502.jpg\",\"width\":1000,\"height\":625},{\"@type\":\"BreadcrumbList\",\"@id\":\"https:\\\/\\\/radioljubuski.ba\\\/index.php\\\/2022\\\/08\\\/05\\\/izvoz-drvne-industrije-u-bih-veci-za-23-posto-u-odnosu-na-proslu-godinu\\\/#breadcrumb\",\"itemListElement\":[{\"@type\":\"ListItem\",\"position\":1,\"name\":\"Po\u010detna stranica\",\"item\":\"https:\\\/\\\/radioljubuski.ba\\\/\"},{\"@type\":\"ListItem\",\"position\":2,\"name\":\"Izvoz drvne industrije u BiH ve\u0107i za 23 posto u odnosu na pro\u0161lu godinu\"}]},{\"@type\":\"WebSite\",\"@id\":\"https:\\\/\\\/radioljubuski.ba\\\/#website\",\"url\":\"https:\\\/\\\/radioljubuski.ba\\\/\",\"name\":\"Radio Ljubu\u0161ki\",\"description\":\"Sun\u010dana frekvencija Hercegovine\",\"publisher\":{\"@id\":\"https:\\\/\\\/radioljubuski.ba\\\/#organization\"},\"potentialAction\":[{\"@type\":\"SearchAction\",\"target\":{\"@type\":\"EntryPoint\",\"urlTemplate\":\"https:\\\/\\\/radioljubuski.ba\\\/?s={search_term_string}\"},\"query-input\":{\"@type\":\"PropertyValueSpecification\",\"valueRequired\":true,\"valueName\":\"search_term_string\"}}],\"inLanguage\":\"hr\"},{\"@type\":\"Organization\",\"@id\":\"https:\\\/\\\/radioljubuski.ba\\\/#organization\",\"name\":\"Radio Ljubu\u0161ki\",\"url\":\"https:\\\/\\\/radioljubuski.ba\\\/\",\"logo\":{\"@type\":\"ImageObject\",\"inLanguage\":\"hr\",\"@id\":\"https:\\\/\\\/radioljubuski.ba\\\/#\\\/schema\\\/logo\\\/image\\\/\",\"url\":\"https:\\\/\\\/radioljubuski.ba\\\/wp-content\\\/uploads\\\/2021\\\/02\\\/cropped-Radio_Ljubuski_logo1.jpg\",\"contentUrl\":\"https:\\\/\\\/radioljubuski.ba\\\/wp-content\\\/uploads\\\/2021\\\/02\\\/cropped-Radio_Ljubuski_logo1.jpg\",\"width\":512,\"height\":512,\"caption\":\"Radio Ljubu\u0161ki\"},\"image\":{\"@id\":\"https:\\\/\\\/radioljubuski.ba\\\/#\\\/schema\\\/logo\\\/image\\\/\"},\"sameAs\":[\"https:\\\/\\\/www.facebook.com\\\/Radiio-Ljubuski-1490835324566332\",\"https:\\\/\\\/x.com\\\/radioljubuski\",\"https:\\\/\\\/hr.linkedin.com\\\/company\\\/radio-ljubuski\",\"https:\\\/\\\/www.youtube.com\\\/channel\\\/UCHYaeO_n0Db3tjNGudGpXyw\"]},{\"@type\":\"Person\",\"@id\":\"https:\\\/\\\/radioljubuski.ba\\\/#\\\/schema\\\/person\\\/19fc700381a780f69665d7956c469e3b\",\"name\":\"Radio Ljubu\u0161ki\"}]}<\/script>\n<!-- \/ Yoast SEO plugin. -->","yoast_head_json":{"title":"Izvoz drvne industrije u BiH ve\u0107i za 23 posto u odnosu na pro\u0161lu godinu - RADIO LJUBU\u0160KI","robots":{"index":"index","follow":"follow","max-snippet":"max-snippet:-1","max-image-preview":"max-image-preview:large","max-video-preview":"max-video-preview:-1"},"canonical":"https:\/\/radioljubuski.ba\/index.php\/2022\/08\/05\/izvoz-drvne-industrije-u-bih-veci-za-23-posto-u-odnosu-na-proslu-godinu\/","og_locale":"hr_HR","og_type":"article","og_title":"Izvoz drvne industrije u BiH ve\u0107i za 23 posto u odnosu na pro\u0161lu godinu - RADIO LJUBU\u0160KI","og_description":"Vrijednost izvoza drvne industrije Bosne i Hercegovine za prvih \u0161est mjeseci ove godine iznosila je 926,3 milijuna KM \u0161to je za 171,7 milijuna&nbsp; KM ili 23 posto vi\u0161e od izvoza u istom periodu lani Najve\u0107i porast izvoza, prema podacima Vanjskotrgovinske komore BiH, zabilje\u017een je kod proizvoda \u0161umarstva, gra\u0111evinske stolarije, rezane gra\u0111e i elementi, plo\u010da i [&hellip;]","og_url":"https:\/\/radioljubuski.ba\/index.php\/2022\/08\/05\/izvoz-drvne-industrije-u-bih-veci-za-23-posto-u-odnosu-na-proslu-godinu\/","og_site_name":"RADIO LJUBU\u0160KI","article_publisher":"https:\/\/www.facebook.com\/Radiio-Ljubuski-1490835324566332","article_published_time":"2022-08-05T09:46:55+00:00","article_modified_time":"2022-08-05T09:46:56+00:00","og_image":[{"width":1000,"height":625,"url":"https:\/\/radioljubuski.ba\/wp-content\/uploads\/2022\/08\/10-2022-08-04-17-15-51-Snimka-zaslona-2022-08-04-171502.jpg","type":"image\/jpeg"}],"author":"Radio Ljubu\u0161ki","twitter_card":"summary_large_image","twitter_creator":"@radioljubuski","twitter_site":"@radioljubuski","twitter_misc":{"Napisao\/la":"Radio Ljubu\u0161ki","Procijenjeno vrijeme \u010ditanja":"2 minute"},"schema":{"@context":"https:\/\/schema.org","@graph":[{"@type":"Article","@id":"https:\/\/radioljubuski.ba\/index.php\/2022\/08\/05\/izvoz-drvne-industrije-u-bih-veci-za-23-posto-u-odnosu-na-proslu-godinu\/#article","isPartOf":{"@id":"https:\/\/radioljubuski.ba\/index.php\/2022\/08\/05\/izvoz-drvne-industrije-u-bih-veci-za-23-posto-u-odnosu-na-proslu-godinu\/"},"author":{"name":"Radio Ljubu\u0161ki","@id":"https:\/\/radioljubuski.ba\/#\/schema\/person\/19fc700381a780f69665d7956c469e3b"},"headline":"Izvoz drvne industrije u BiH ve\u0107i za 23 posto u odnosu na pro\u0161lu godinu","datePublished":"2022-08-05T09:46:55+00:00","dateModified":"2022-08-05T09:46:56+00:00","mainEntityOfPage":{"@id":"https:\/\/radioljubuski.ba\/index.php\/2022\/08\/05\/izvoz-drvne-industrije-u-bih-veci-za-23-posto-u-odnosu-na-proslu-godinu\/"},"wordCount":332,"publisher":{"@id":"https:\/\/radioljubuski.ba\/#organization"},"image":{"@id":"https:\/\/radioljubuski.ba\/index.php\/2022\/08\/05\/izvoz-drvne-industrije-u-bih-veci-za-23-posto-u-odnosu-na-proslu-godinu\/#primaryimage"},"thumbnailUrl":"https:\/\/radioljubuski.ba\/wp-content\/uploads\/2022\/08\/10-2022-08-04-17-15-51-Snimka-zaslona-2022-08-04-171502.jpg","articleSection":["BIH i regija"],"inLanguage":"hr"},{"@type":"WebPage","@id":"https:\/\/radioljubuski.ba\/index.php\/2022\/08\/05\/izvoz-drvne-industrije-u-bih-veci-za-23-posto-u-odnosu-na-proslu-godinu\/","url":"https:\/\/radioljubuski.ba\/index.php\/2022\/08\/05\/izvoz-drvne-industrije-u-bih-veci-za-23-posto-u-odnosu-na-proslu-godinu\/","name":"Izvoz drvne industrije u BiH ve\u0107i za 23 posto u odnosu na pro\u0161lu godinu - RADIO LJUBU\u0160KI","isPartOf":{"@id":"https:\/\/radioljubuski.ba\/#website"},"primaryImageOfPage":{"@id":"https:\/\/radioljubuski.ba\/index.php\/2022\/08\/05\/izvoz-drvne-industrije-u-bih-veci-za-23-posto-u-odnosu-na-proslu-godinu\/#primaryimage"},"image":{"@id":"https:\/\/radioljubuski.ba\/index.php\/2022\/08\/05\/izvoz-drvne-industrije-u-bih-veci-za-23-posto-u-odnosu-na-proslu-godinu\/#primaryimage"},"thumbnailUrl":"https:\/\/radioljubuski.ba\/wp-content\/uploads\/2022\/08\/10-2022-08-04-17-15-51-Snimka-zaslona-2022-08-04-171502.jpg","datePublished":"2022-08-05T09:46:55+00:00","dateModified":"2022-08-05T09:46:56+00:00","breadcrumb":{"@id":"https:\/\/radioljubuski.ba\/index.php\/2022\/08\/05\/izvoz-drvne-industrije-u-bih-veci-za-23-posto-u-odnosu-na-proslu-godinu\/#breadcrumb"},"inLanguage":"hr","potentialAction":[{"@type":"ReadAction","target":["https:\/\/radioljubuski.ba\/index.php\/2022\/08\/05\/izvoz-drvne-industrije-u-bih-veci-za-23-posto-u-odnosu-na-proslu-godinu\/"]}]},{"@type":"ImageObject","inLanguage":"hr","@id":"https:\/\/radioljubuski.ba\/index.php\/2022\/08\/05\/izvoz-drvne-industrije-u-bih-veci-za-23-posto-u-odnosu-na-proslu-godinu\/#primaryimage","url":"https:\/\/radioljubuski.ba\/wp-content\/uploads\/2022\/08\/10-2022-08-04-17-15-51-Snimka-zaslona-2022-08-04-171502.jpg","contentUrl":"https:\/\/radioljubuski.ba\/wp-content\/uploads\/2022\/08\/10-2022-08-04-17-15-51-Snimka-zaslona-2022-08-04-171502.jpg","width":1000,"height":625},{"@type":"BreadcrumbList","@id":"https:\/\/radioljubuski.ba\/index.php\/2022\/08\/05\/izvoz-drvne-industrije-u-bih-veci-za-23-posto-u-odnosu-na-proslu-godinu\/#breadcrumb","itemListElement":[{"@type":"ListItem","position":1,"name":"Po\u010detna stranica","item":"https:\/\/radioljubuski.ba\/"},{"@type":"ListItem","position":2,"name":"Izvoz drvne industrije u BiH ve\u0107i za 23 posto u odnosu na pro\u0161lu godinu"}]},{"@type":"WebSite","@id":"https:\/\/radioljubuski.ba\/#website","url":"https:\/\/radioljubuski.ba\/","name":"Radio Ljubu\u0161ki","description":"Sun\u010dana frekvencija Hercegovine","publisher":{"@id":"https:\/\/radioljubuski.ba\/#organization"},"potentialAction":[{"@type":"SearchAction","target":{"@type":"EntryPoint","urlTemplate":"https:\/\/radioljubuski.ba\/?s={search_term_string}"},"query-input":{"@type":"PropertyValueSpecification","valueRequired":true,"valueName":"search_term_string"}}],"inLanguage":"hr"},{"@type":"Organization","@id":"https:\/\/radioljubuski.ba\/#organization","name":"Radio Ljubu\u0161ki","url":"https:\/\/radioljubuski.ba\/","logo":{"@type":"ImageObject","inLanguage":"hr","@id":"https:\/\/radioljubuski.ba\/#\/schema\/logo\/image\/","url":"https:\/\/radioljubuski.ba\/wp-content\/uploads\/2021\/02\/cropped-Radio_Ljubuski_logo1.jpg","contentUrl":"https:\/\/radioljubuski.ba\/wp-content\/uploads\/2021\/02\/cropped-Radio_Ljubuski_logo1.jpg","width":512,"height":512,"caption":"Radio Ljubu\u0161ki"},"image":{"@id":"https:\/\/radioljubuski.ba\/#\/schema\/logo\/image\/"},"sameAs":["https:\/\/www.facebook.com\/Radiio-Ljubuski-1490835324566332","https:\/\/x.com\/radioljubuski","https:\/\/hr.linkedin.com\/company\/radio-ljubuski","https:\/\/www.youtube.com\/channel\/UCHYaeO_n0Db3tjNGudGpXyw"]},{"@type":"Person","@id":"https:\/\/radioljubuski.ba\/#\/schema\/person\/19fc700381a780f69665d7956c469e3b","name":"Radio Ljubu\u0161ki"}]}},"_links":{"self":[{"href":"https:\/\/radioljubuski.ba\/index.php\/wp-json\/wp\/v2\/posts\/166773","targetHints":{"allow":["GET"]}}],"collection":[{"href":"https:\/\/radioljubuski.ba\/index.php\/wp-json\/wp\/v2\/posts"}],"about":[{"href":"https:\/\/radioljubuski.ba\/index.php\/wp-json\/wp\/v2\/types\/post"}],"author":[{"embeddable":true,"href":"https:\/\/radioljubuski.ba\/index.php\/wp-json\/wp\/v2\/users\/2"}],"replies":[{"embeddable":true,"href":"https:\/\/radioljubuski.ba\/index.php\/wp-json\/wp\/v2\/comments?post=166773"}],"version-history":[{"count":1,"href":"https:\/\/radioljubuski.ba\/index.php\/wp-json\/wp\/v2\/posts\/166773\/revisions"}],"predecessor-version":[{"id":166777,"href":"https:\/\/radioljubuski.ba\/index.php\/wp-json\/wp\/v2\/posts\/166773\/revisions\/166777"}],"wp:featuredmedia":[{"embeddable":true,"href":"https:\/\/radioljubuski.ba\/index.php\/wp-json\/wp\/v2\/media\/166776"}],"wp:attachment":[{"href":"https:\/\/radioljubuski.ba\/index.php\/wp-json\/wp\/v2\/media?parent=166773"}],"wp:term":[{"taxonomy":"category","embeddable":true,"href":"https:\/\/radioljubuski.ba\/index.php\/wp-json\/wp\/v2\/categories?post=166773"},{"taxonomy":"post_tag","embeddable":true,"href":"https:\/\/radioljubuski.ba\/index.php\/wp-json\/wp\/v2\/tags?post=166773"}],"curies":[{"name":"wp","href":"https:\/\/api.w.org\/{rel}","templated":true}]}}