{"id":166795,"date":"2022-08-05T10:59:27","date_gmt":"2022-08-05T09:59:27","guid":{"rendered":"https:\/\/radioljubuski.ba\/?p=166795"},"modified":"2022-08-05T10:59:28","modified_gmt":"2022-08-05T09:59:28","slug":"plenkovic-uspjesna-sezona-siri-fiskalni-prostor-za-jesenske-intervencije","status":"publish","type":"post","link":"https:\/\/radioljubuski.ba\/index.php\/2022\/08\/05\/plenkovic-uspjesna-sezona-siri-fiskalni-prostor-za-jesenske-intervencije\/","title":{"rendered":"Plenkovi\u0107: Uspje\u0161na sezona \u0161iri fiskalni prostor za jesenske intervencije"},"content":{"rendered":"\n<p>Uspje\u0161na turisti\u010dka sezona ja\u010da fiskalni kapacitet za mogu\u0107e intervencije tijekom jeseni, rekao je u \u010detvrtak premijer RH Andrej Plenkovi\u0107 koji se sa suradnicima u Petr\u010danima u hotelskom kompleksu Falkensteiner sastao s predstavnicima turisti\u010dkog sektora, \u017eupanima i gospodarstvenicima.<\/p>\n\n\n\n<p>Tema razgovora bili su dosada\u0161nji turisti\u010dki rezultati koji su ocijenjeni vrlo dobrima, a premijer je poru\u010dio kako \u0107e zahvaljuju\u0107i njima &#8220;oja\u010dati fiskalni kapacitet za razli\u010dite vrste intervencija tijekom jeseni i krize koja nas o\u010dekuje&#8221;.<\/p>\n\n\n\n<p>&#8220;Dosad je u Hrvatskoj ostvareno 10,7 milijuna dolazaka i 56,6 milijuna no\u0107enja. To je 90 posto dolazaka i 96 posto no\u0107enja iz rekordne 2019. godine, no posebno veseli podatak o fiskaliziranim ra\u010dunima za dosada\u0161nji dio godine koji iznosi 20 milijardi i 581 milijun kuna, \u0161to je 33 posto vi\u0161e nego 2019. godine&#8221;, dodao je.<\/p>\n\n\n\n<p>Vladine mjere tijekom pandemije su po njegovim rije\u010dima o\u010duvale velik broj radnih mjesta u turisti\u010dkom sektoru. Osobito va\u017enim za turizam ocijenio je \u010dlanstvo Hrvatske u europodru\u010dju i Schengenu, otvaranje Pelje\u0161kog mosta i kreditni rejting najbolji koji je Hrvatska do sada imala.<\/p>\n\n\n\n<p>Istaknuo je kako smo u ovoj godini&nbsp;prema izvje\u0161\u0107u Hrvatske narodne banke, imali najuspje\u0161nije prvo tromjese\u010dje u povijesti po prihodima od stranih turista. Hrvatska bi po njegovim rije\u010dima trebala te\u017eiti tome da postane zemlja za cjelogodi\u0161nji turizam.<\/p>\n\n\n\n<p>Ministrica turizma i sporta Nikolina Brnjac kazala je da ima&nbsp;razloga za zadovoljstvo, ali uz jo\u0161 mnoge izazove. &#8220;\u017delimo ostvariti strate\u0161ki cilj,&nbsp;a to je cjelogodi\u0161nji, odr\u017eiv i konkurentan turizam. Sada smo na 96 posto no\u0107enja iz 2019. godine.<\/p>\n\n\n\n<p>O\u010dekujemo da \u0107emo potkraj kolovoza prema\u0161iti broj no\u0107enja turista, a \u0161to se ti\u010de fiskaliziranih ra\u010duna potkraj rujna dosti\u0107i razinu iz 2019. godine&#8221;, rekla je Brnjac.<\/p>\n\n\n\n<p>Podatke za Zadarsku \u017eupaniju iznio je \u017eupan Bo\u017eidar Longin&nbsp;koji je kazao da trenuta\u010dno na podru\u010dju te \u017eupanije boravi 180 tisu\u0107a gostiju. &#8220;Zadarska zra\u010dna luka koja je povezna sa 75 svjetskih odredi\u0161ta ve\u0107 bilje\u017ei oko 600 tisu\u0107a putnika.<\/p>\n\n\n\n<p>Realno je da \u0107e ove godine&nbsp;prvi put u svojoj povijesti&nbsp;dosegnuti brojku od milijun putnika&#8221;, rekao je Longin. U luku Ga\u017eenica do sad je uplovilo 75 kruzera, a do kraja godine o\u010dekuje se ukupno 150 kruzera s otprilike 100 tisu\u0107a gostiju.<\/p>\n\n\n\n<p>Izvor:vecernji.ba<\/p>\n","protected":false},"excerpt":{"rendered":"<p>Uspje\u0161na turisti\u010dka sezona ja\u010da fiskalni kapacitet za mogu\u0107e intervencije tijekom jeseni, rekao je u \u010detvrtak premijer RH Andrej Plenkovi\u0107 koji se sa suradnicima u Petr\u010danima u hotelskom kompleksu Falkensteiner sastao s predstavnicima turisti\u010dkog sektora, \u017eupanima i gospodarstvenicima. Tema razgovora bili su dosada\u0161nji turisti\u010dki rezultati koji su ocijenjeni vrlo dobrima, a premijer je poru\u010dio kako \u0107e [&hellip;]<\/p>\n","protected":false},"author":2,"featured_media":82312,"comment_status":"closed","ping_status":"closed","sticky":false,"template":"","format":"standard","meta":{"h5ap_radio_sources":[],"footnotes":""},"categories":[1],"tags":[],"class_list":["post-166795","post","type-post","status-publish","format-standard","has-post-thumbnail","hentry","category-bihiregija"],"yoast_head":"<!-- This site is optimized with the Yoast SEO plugin v27.4 - https:\/\/yoast.com\/product\/yoast-seo-wordpress\/ -->\n<title>Plenkovi\u0107: Uspje\u0161na sezona \u0161iri fiskalni prostor za jesenske intervencije - RADIO LJUBU\u0160KI<\/title>\n<meta name=\"robots\" content=\"index, follow, max-snippet:-1, max-image-preview:large, max-video-preview:-1\" \/>\n<link rel=\"canonical\" href=\"https:\/\/radioljubuski.ba\/index.php\/2022\/08\/05\/plenkovic-uspjesna-sezona-siri-fiskalni-prostor-za-jesenske-intervencije\/\" \/>\n<meta property=\"og:locale\" content=\"hr_HR\" \/>\n<meta property=\"og:type\" content=\"article\" \/>\n<meta property=\"og:title\" content=\"Plenkovi\u0107: Uspje\u0161na sezona \u0161iri fiskalni prostor za jesenske intervencije - RADIO LJUBU\u0160KI\" \/>\n<meta property=\"og:description\" content=\"Uspje\u0161na turisti\u010dka sezona ja\u010da fiskalni kapacitet za mogu\u0107e intervencije tijekom jeseni, rekao je u \u010detvrtak premijer RH Andrej Plenkovi\u0107 koji se sa suradnicima u Petr\u010danima u hotelskom kompleksu Falkensteiner sastao s predstavnicima turisti\u010dkog sektora, \u017eupanima i gospodarstvenicima. Tema razgovora bili su dosada\u0161nji turisti\u010dki rezultati koji su ocijenjeni vrlo dobrima, a premijer je poru\u010dio kako \u0107e [&hellip;]\" \/>\n<meta property=\"og:url\" content=\"https:\/\/radioljubuski.ba\/index.php\/2022\/08\/05\/plenkovic-uspjesna-sezona-siri-fiskalni-prostor-za-jesenske-intervencije\/\" \/>\n<meta property=\"og:site_name\" content=\"RADIO LJUBU\u0160KI\" \/>\n<meta property=\"article:publisher\" content=\"https:\/\/www.facebook.com\/Radiio-Ljubuski-1490835324566332\" \/>\n<meta property=\"article:published_time\" content=\"2022-08-05T09:59:27+00:00\" \/>\n<meta property=\"article:modified_time\" content=\"2022-08-05T09:59:28+00:00\" \/>\n<meta property=\"og:image\" content=\"https:\/\/radioljubuski.ba\/wp-content\/uploads\/2021\/10\/plenki-1.jpg\" \/>\n\t<meta property=\"og:image:width\" content=\"1000\" \/>\n\t<meta property=\"og:image:height\" content=\"625\" \/>\n\t<meta property=\"og:image:type\" content=\"image\/jpeg\" \/>\n<meta name=\"author\" content=\"Radio Ljubu\u0161ki\" \/>\n<meta name=\"twitter:card\" content=\"summary_large_image\" \/>\n<meta name=\"twitter:creator\" content=\"@radioljubuski\" \/>\n<meta name=\"twitter:site\" content=\"@radioljubuski\" \/>\n<meta name=\"twitter:label1\" content=\"Napisao\/la\" \/>\n\t<meta name=\"twitter:data1\" content=\"Radio Ljubu\u0161ki\" \/>\n\t<meta name=\"twitter:label2\" content=\"Procijenjeno vrijeme \u010ditanja\" \/>\n\t<meta name=\"twitter:data2\" content=\"2 minute\" \/>\n<script type=\"application\/ld+json\" class=\"yoast-schema-graph\">{\"@context\":\"https:\\\/\\\/schema.org\",\"@graph\":[{\"@type\":\"Article\",\"@id\":\"https:\\\/\\\/radioljubuski.ba\\\/index.php\\\/2022\\\/08\\\/05\\\/plenkovic-uspjesna-sezona-siri-fiskalni-prostor-za-jesenske-intervencije\\\/#article\",\"isPartOf\":{\"@id\":\"https:\\\/\\\/radioljubuski.ba\\\/index.php\\\/2022\\\/08\\\/05\\\/plenkovic-uspjesna-sezona-siri-fiskalni-prostor-za-jesenske-intervencije\\\/\"},\"author\":{\"name\":\"Radio Ljubu\u0161ki\",\"@id\":\"https:\\\/\\\/radioljubuski.ba\\\/#\\\/schema\\\/person\\\/19fc700381a780f69665d7956c469e3b\"},\"headline\":\"Plenkovi\u0107: Uspje\u0161na sezona \u0161iri fiskalni prostor za jesenske intervencije\",\"datePublished\":\"2022-08-05T09:59:27+00:00\",\"dateModified\":\"2022-08-05T09:59:28+00:00\",\"mainEntityOfPage\":{\"@id\":\"https:\\\/\\\/radioljubuski.ba\\\/index.php\\\/2022\\\/08\\\/05\\\/plenkovic-uspjesna-sezona-siri-fiskalni-prostor-za-jesenske-intervencije\\\/\"},\"wordCount\":399,\"publisher\":{\"@id\":\"https:\\\/\\\/radioljubuski.ba\\\/#organization\"},\"image\":{\"@id\":\"https:\\\/\\\/radioljubuski.ba\\\/index.php\\\/2022\\\/08\\\/05\\\/plenkovic-uspjesna-sezona-siri-fiskalni-prostor-za-jesenske-intervencije\\\/#primaryimage\"},\"thumbnailUrl\":\"https:\\\/\\\/radioljubuski.ba\\\/wp-content\\\/uploads\\\/2021\\\/10\\\/plenki-1.jpg\",\"articleSection\":[\"BIH i regija\"],\"inLanguage\":\"hr\"},{\"@type\":\"WebPage\",\"@id\":\"https:\\\/\\\/radioljubuski.ba\\\/index.php\\\/2022\\\/08\\\/05\\\/plenkovic-uspjesna-sezona-siri-fiskalni-prostor-za-jesenske-intervencije\\\/\",\"url\":\"https:\\\/\\\/radioljubuski.ba\\\/index.php\\\/2022\\\/08\\\/05\\\/plenkovic-uspjesna-sezona-siri-fiskalni-prostor-za-jesenske-intervencije\\\/\",\"name\":\"Plenkovi\u0107: Uspje\u0161na sezona \u0161iri fiskalni prostor za jesenske intervencije - RADIO LJUBU\u0160KI\",\"isPartOf\":{\"@id\":\"https:\\\/\\\/radioljubuski.ba\\\/#website\"},\"primaryImageOfPage\":{\"@id\":\"https:\\\/\\\/radioljubuski.ba\\\/index.php\\\/2022\\\/08\\\/05\\\/plenkovic-uspjesna-sezona-siri-fiskalni-prostor-za-jesenske-intervencije\\\/#primaryimage\"},\"image\":{\"@id\":\"https:\\\/\\\/radioljubuski.ba\\\/index.php\\\/2022\\\/08\\\/05\\\/plenkovic-uspjesna-sezona-siri-fiskalni-prostor-za-jesenske-intervencije\\\/#primaryimage\"},\"thumbnailUrl\":\"https:\\\/\\\/radioljubuski.ba\\\/wp-content\\\/uploads\\\/2021\\\/10\\\/plenki-1.jpg\",\"datePublished\":\"2022-08-05T09:59:27+00:00\",\"dateModified\":\"2022-08-05T09:59:28+00:00\",\"breadcrumb\":{\"@id\":\"https:\\\/\\\/radioljubuski.ba\\\/index.php\\\/2022\\\/08\\\/05\\\/plenkovic-uspjesna-sezona-siri-fiskalni-prostor-za-jesenske-intervencije\\\/#breadcrumb\"},\"inLanguage\":\"hr\",\"potentialAction\":[{\"@type\":\"ReadAction\",\"target\":[\"https:\\\/\\\/radioljubuski.ba\\\/index.php\\\/2022\\\/08\\\/05\\\/plenkovic-uspjesna-sezona-siri-fiskalni-prostor-za-jesenske-intervencije\\\/\"]}]},{\"@type\":\"ImageObject\",\"inLanguage\":\"hr\",\"@id\":\"https:\\\/\\\/radioljubuski.ba\\\/index.php\\\/2022\\\/08\\\/05\\\/plenkovic-uspjesna-sezona-siri-fiskalni-prostor-za-jesenske-intervencije\\\/#primaryimage\",\"url\":\"https:\\\/\\\/radioljubuski.ba\\\/wp-content\\\/uploads\\\/2021\\\/10\\\/plenki-1.jpg\",\"contentUrl\":\"https:\\\/\\\/radioljubuski.ba\\\/wp-content\\\/uploads\\\/2021\\\/10\\\/plenki-1.jpg\",\"width\":1000,\"height\":625},{\"@type\":\"BreadcrumbList\",\"@id\":\"https:\\\/\\\/radioljubuski.ba\\\/index.php\\\/2022\\\/08\\\/05\\\/plenkovic-uspjesna-sezona-siri-fiskalni-prostor-za-jesenske-intervencije\\\/#breadcrumb\",\"itemListElement\":[{\"@type\":\"ListItem\",\"position\":1,\"name\":\"Po\u010detna stranica\",\"item\":\"https:\\\/\\\/radioljubuski.ba\\\/\"},{\"@type\":\"ListItem\",\"position\":2,\"name\":\"Plenkovi\u0107: Uspje\u0161na sezona \u0161iri fiskalni prostor za jesenske intervencije\"}]},{\"@type\":\"WebSite\",\"@id\":\"https:\\\/\\\/radioljubuski.ba\\\/#website\",\"url\":\"https:\\\/\\\/radioljubuski.ba\\\/\",\"name\":\"Radio Ljubu\u0161ki\",\"description\":\"Sun\u010dana frekvencija Hercegovine\",\"publisher\":{\"@id\":\"https:\\\/\\\/radioljubuski.ba\\\/#organization\"},\"potentialAction\":[{\"@type\":\"SearchAction\",\"target\":{\"@type\":\"EntryPoint\",\"urlTemplate\":\"https:\\\/\\\/radioljubuski.ba\\\/?s={search_term_string}\"},\"query-input\":{\"@type\":\"PropertyValueSpecification\",\"valueRequired\":true,\"valueName\":\"search_term_string\"}}],\"inLanguage\":\"hr\"},{\"@type\":\"Organization\",\"@id\":\"https:\\\/\\\/radioljubuski.ba\\\/#organization\",\"name\":\"Radio Ljubu\u0161ki\",\"url\":\"https:\\\/\\\/radioljubuski.ba\\\/\",\"logo\":{\"@type\":\"ImageObject\",\"inLanguage\":\"hr\",\"@id\":\"https:\\\/\\\/radioljubuski.ba\\\/#\\\/schema\\\/logo\\\/image\\\/\",\"url\":\"https:\\\/\\\/radioljubuski.ba\\\/wp-content\\\/uploads\\\/2021\\\/02\\\/cropped-Radio_Ljubuski_logo1.jpg\",\"contentUrl\":\"https:\\\/\\\/radioljubuski.ba\\\/wp-content\\\/uploads\\\/2021\\\/02\\\/cropped-Radio_Ljubuski_logo1.jpg\",\"width\":512,\"height\":512,\"caption\":\"Radio Ljubu\u0161ki\"},\"image\":{\"@id\":\"https:\\\/\\\/radioljubuski.ba\\\/#\\\/schema\\\/logo\\\/image\\\/\"},\"sameAs\":[\"https:\\\/\\\/www.facebook.com\\\/Radiio-Ljubuski-1490835324566332\",\"https:\\\/\\\/x.com\\\/radioljubuski\",\"https:\\\/\\\/hr.linkedin.com\\\/company\\\/radio-ljubuski\",\"https:\\\/\\\/www.youtube.com\\\/channel\\\/UCHYaeO_n0Db3tjNGudGpXyw\"]},{\"@type\":\"Person\",\"@id\":\"https:\\\/\\\/radioljubuski.ba\\\/#\\\/schema\\\/person\\\/19fc700381a780f69665d7956c469e3b\",\"name\":\"Radio Ljubu\u0161ki\"}]}<\/script>\n<!-- \/ Yoast SEO plugin. -->","yoast_head_json":{"title":"Plenkovi\u0107: Uspje\u0161na sezona \u0161iri fiskalni prostor za jesenske intervencije - RADIO LJUBU\u0160KI","robots":{"index":"index","follow":"follow","max-snippet":"max-snippet:-1","max-image-preview":"max-image-preview:large","max-video-preview":"max-video-preview:-1"},"canonical":"https:\/\/radioljubuski.ba\/index.php\/2022\/08\/05\/plenkovic-uspjesna-sezona-siri-fiskalni-prostor-za-jesenske-intervencije\/","og_locale":"hr_HR","og_type":"article","og_title":"Plenkovi\u0107: Uspje\u0161na sezona \u0161iri fiskalni prostor za jesenske intervencije - RADIO LJUBU\u0160KI","og_description":"Uspje\u0161na turisti\u010dka sezona ja\u010da fiskalni kapacitet za mogu\u0107e intervencije tijekom jeseni, rekao je u \u010detvrtak premijer RH Andrej Plenkovi\u0107 koji se sa suradnicima u Petr\u010danima u hotelskom kompleksu Falkensteiner sastao s predstavnicima turisti\u010dkog sektora, \u017eupanima i gospodarstvenicima. Tema razgovora bili su dosada\u0161nji turisti\u010dki rezultati koji su ocijenjeni vrlo dobrima, a premijer je poru\u010dio kako \u0107e [&hellip;]","og_url":"https:\/\/radioljubuski.ba\/index.php\/2022\/08\/05\/plenkovic-uspjesna-sezona-siri-fiskalni-prostor-za-jesenske-intervencije\/","og_site_name":"RADIO LJUBU\u0160KI","article_publisher":"https:\/\/www.facebook.com\/Radiio-Ljubuski-1490835324566332","article_published_time":"2022-08-05T09:59:27+00:00","article_modified_time":"2022-08-05T09:59:28+00:00","og_image":[{"width":1000,"height":625,"url":"https:\/\/radioljubuski.ba\/wp-content\/uploads\/2021\/10\/plenki-1.jpg","type":"image\/jpeg"}],"author":"Radio Ljubu\u0161ki","twitter_card":"summary_large_image","twitter_creator":"@radioljubuski","twitter_site":"@radioljubuski","twitter_misc":{"Napisao\/la":"Radio Ljubu\u0161ki","Procijenjeno vrijeme \u010ditanja":"2 minute"},"schema":{"@context":"https:\/\/schema.org","@graph":[{"@type":"Article","@id":"https:\/\/radioljubuski.ba\/index.php\/2022\/08\/05\/plenkovic-uspjesna-sezona-siri-fiskalni-prostor-za-jesenske-intervencije\/#article","isPartOf":{"@id":"https:\/\/radioljubuski.ba\/index.php\/2022\/08\/05\/plenkovic-uspjesna-sezona-siri-fiskalni-prostor-za-jesenske-intervencije\/"},"author":{"name":"Radio Ljubu\u0161ki","@id":"https:\/\/radioljubuski.ba\/#\/schema\/person\/19fc700381a780f69665d7956c469e3b"},"headline":"Plenkovi\u0107: Uspje\u0161na sezona \u0161iri fiskalni prostor za jesenske intervencije","datePublished":"2022-08-05T09:59:27+00:00","dateModified":"2022-08-05T09:59:28+00:00","mainEntityOfPage":{"@id":"https:\/\/radioljubuski.ba\/index.php\/2022\/08\/05\/plenkovic-uspjesna-sezona-siri-fiskalni-prostor-za-jesenske-intervencije\/"},"wordCount":399,"publisher":{"@id":"https:\/\/radioljubuski.ba\/#organization"},"image":{"@id":"https:\/\/radioljubuski.ba\/index.php\/2022\/08\/05\/plenkovic-uspjesna-sezona-siri-fiskalni-prostor-za-jesenske-intervencije\/#primaryimage"},"thumbnailUrl":"https:\/\/radioljubuski.ba\/wp-content\/uploads\/2021\/10\/plenki-1.jpg","articleSection":["BIH i regija"],"inLanguage":"hr"},{"@type":"WebPage","@id":"https:\/\/radioljubuski.ba\/index.php\/2022\/08\/05\/plenkovic-uspjesna-sezona-siri-fiskalni-prostor-za-jesenske-intervencije\/","url":"https:\/\/radioljubuski.ba\/index.php\/2022\/08\/05\/plenkovic-uspjesna-sezona-siri-fiskalni-prostor-za-jesenske-intervencije\/","name":"Plenkovi\u0107: Uspje\u0161na sezona \u0161iri fiskalni prostor za jesenske intervencije - RADIO LJUBU\u0160KI","isPartOf":{"@id":"https:\/\/radioljubuski.ba\/#website"},"primaryImageOfPage":{"@id":"https:\/\/radioljubuski.ba\/index.php\/2022\/08\/05\/plenkovic-uspjesna-sezona-siri-fiskalni-prostor-za-jesenske-intervencije\/#primaryimage"},"image":{"@id":"https:\/\/radioljubuski.ba\/index.php\/2022\/08\/05\/plenkovic-uspjesna-sezona-siri-fiskalni-prostor-za-jesenske-intervencije\/#primaryimage"},"thumbnailUrl":"https:\/\/radioljubuski.ba\/wp-content\/uploads\/2021\/10\/plenki-1.jpg","datePublished":"2022-08-05T09:59:27+00:00","dateModified":"2022-08-05T09:59:28+00:00","breadcrumb":{"@id":"https:\/\/radioljubuski.ba\/index.php\/2022\/08\/05\/plenkovic-uspjesna-sezona-siri-fiskalni-prostor-za-jesenske-intervencije\/#breadcrumb"},"inLanguage":"hr","potentialAction":[{"@type":"ReadAction","target":["https:\/\/radioljubuski.ba\/index.php\/2022\/08\/05\/plenkovic-uspjesna-sezona-siri-fiskalni-prostor-za-jesenske-intervencije\/"]}]},{"@type":"ImageObject","inLanguage":"hr","@id":"https:\/\/radioljubuski.ba\/index.php\/2022\/08\/05\/plenkovic-uspjesna-sezona-siri-fiskalni-prostor-za-jesenske-intervencije\/#primaryimage","url":"https:\/\/radioljubuski.ba\/wp-content\/uploads\/2021\/10\/plenki-1.jpg","contentUrl":"https:\/\/radioljubuski.ba\/wp-content\/uploads\/2021\/10\/plenki-1.jpg","width":1000,"height":625},{"@type":"BreadcrumbList","@id":"https:\/\/radioljubuski.ba\/index.php\/2022\/08\/05\/plenkovic-uspjesna-sezona-siri-fiskalni-prostor-za-jesenske-intervencije\/#breadcrumb","itemListElement":[{"@type":"ListItem","position":1,"name":"Po\u010detna stranica","item":"https:\/\/radioljubuski.ba\/"},{"@type":"ListItem","position":2,"name":"Plenkovi\u0107: Uspje\u0161na sezona \u0161iri fiskalni prostor za jesenske intervencije"}]},{"@type":"WebSite","@id":"https:\/\/radioljubuski.ba\/#website","url":"https:\/\/radioljubuski.ba\/","name":"Radio Ljubu\u0161ki","description":"Sun\u010dana frekvencija Hercegovine","publisher":{"@id":"https:\/\/radioljubuski.ba\/#organization"},"potentialAction":[{"@type":"SearchAction","target":{"@type":"EntryPoint","urlTemplate":"https:\/\/radioljubuski.ba\/?s={search_term_string}"},"query-input":{"@type":"PropertyValueSpecification","valueRequired":true,"valueName":"search_term_string"}}],"inLanguage":"hr"},{"@type":"Organization","@id":"https:\/\/radioljubuski.ba\/#organization","name":"Radio Ljubu\u0161ki","url":"https:\/\/radioljubuski.ba\/","logo":{"@type":"ImageObject","inLanguage":"hr","@id":"https:\/\/radioljubuski.ba\/#\/schema\/logo\/image\/","url":"https:\/\/radioljubuski.ba\/wp-content\/uploads\/2021\/02\/cropped-Radio_Ljubuski_logo1.jpg","contentUrl":"https:\/\/radioljubuski.ba\/wp-content\/uploads\/2021\/02\/cropped-Radio_Ljubuski_logo1.jpg","width":512,"height":512,"caption":"Radio Ljubu\u0161ki"},"image":{"@id":"https:\/\/radioljubuski.ba\/#\/schema\/logo\/image\/"},"sameAs":["https:\/\/www.facebook.com\/Radiio-Ljubuski-1490835324566332","https:\/\/x.com\/radioljubuski","https:\/\/hr.linkedin.com\/company\/radio-ljubuski","https:\/\/www.youtube.com\/channel\/UCHYaeO_n0Db3tjNGudGpXyw"]},{"@type":"Person","@id":"https:\/\/radioljubuski.ba\/#\/schema\/person\/19fc700381a780f69665d7956c469e3b","name":"Radio Ljubu\u0161ki"}]}},"_links":{"self":[{"href":"https:\/\/radioljubuski.ba\/index.php\/wp-json\/wp\/v2\/posts\/166795","targetHints":{"allow":["GET"]}}],"collection":[{"href":"https:\/\/radioljubuski.ba\/index.php\/wp-json\/wp\/v2\/posts"}],"about":[{"href":"https:\/\/radioljubuski.ba\/index.php\/wp-json\/wp\/v2\/types\/post"}],"author":[{"embeddable":true,"href":"https:\/\/radioljubuski.ba\/index.php\/wp-json\/wp\/v2\/users\/2"}],"replies":[{"embeddable":true,"href":"https:\/\/radioljubuski.ba\/index.php\/wp-json\/wp\/v2\/comments?post=166795"}],"version-history":[{"count":1,"href":"https:\/\/radioljubuski.ba\/index.php\/wp-json\/wp\/v2\/posts\/166795\/revisions"}],"predecessor-version":[{"id":166796,"href":"https:\/\/radioljubuski.ba\/index.php\/wp-json\/wp\/v2\/posts\/166795\/revisions\/166796"}],"wp:featuredmedia":[{"embeddable":true,"href":"https:\/\/radioljubuski.ba\/index.php\/wp-json\/wp\/v2\/media\/82312"}],"wp:attachment":[{"href":"https:\/\/radioljubuski.ba\/index.php\/wp-json\/wp\/v2\/media?parent=166795"}],"wp:term":[{"taxonomy":"category","embeddable":true,"href":"https:\/\/radioljubuski.ba\/index.php\/wp-json\/wp\/v2\/categories?post=166795"},{"taxonomy":"post_tag","embeddable":true,"href":"https:\/\/radioljubuski.ba\/index.php\/wp-json\/wp\/v2\/tags?post=166795"}],"curies":[{"name":"wp","href":"https:\/\/api.w.org\/{rel}","templated":true}]}}