{"id":166806,"date":"2022-08-05T11:14:02","date_gmt":"2022-08-05T10:14:02","guid":{"rendered":"https:\/\/radioljubuski.ba\/?p=166806"},"modified":"2022-08-05T11:14:03","modified_gmt":"2022-08-05T10:14:03","slug":"novi-predsjednik-zidovske-opcine-mostar-je-amir-gross-kabiri","status":"publish","type":"post","link":"https:\/\/radioljubuski.ba\/index.php\/2022\/08\/05\/novi-predsjednik-zidovske-opcine-mostar-je-amir-gross-kabiri\/","title":{"rendered":"Novi predsjednik \u017didovske op\u0107ine Mostar je Amir Gross Kabiri"},"content":{"rendered":"\n<p>Amir Gross Kabiri dobro je poznato ime u biznisu, ne samo u BiH, ve\u0107 i diljem svijeta. <\/p>\n\n\n\n<p>Prije dvije godine preuzeo je Aluminij, koji je ponovno postao hercegova\u010dki div \u2013 tvrtka, poznata na tr\u017ei\u0161tu aluminija, koja ru\u0161i sve prija\u0161nje rekorde. <\/p>\n\n\n\n<p>Amir Gross Kabiri uvijek je isticao da njegov rad ne podrazumijeva samo biznis, ve\u0107 da \u017eeli biti \u0161to vi\u0161e uklju\u010den u zajednicu, a do sada je za Mostar i regiju u\u010dinio vi\u0161e nego bilo koji strani investitor ikada, posebno uzimaju\u0107i u obzir kratak vremenski period. <\/p>\n\n\n\n<p>\u017didovska op\u0107ina Mostar je prije rata brojala oko 300 \u010dlanova. Danas je taj broj znatno manji i ona sada broji oko 30 \u010dlanova posve\u0107enih o\u010duvanju \u017eidovske kulture i ba\u0161tine. \u010clanovi se okupljaju tijekom blagdana, te nastoje \u010duvati i po\u0161tivati svoje naslije\u0111e. <\/p>\n\n\n\n<p>Organiziraju izlo\u017ebe \u017eidovske tematike te sudjeluju na predavanjima i doga\u0111anjima s drugim vjerskim zajednicama, prenosi Ve\u010dernji.ba. Amir Gross Kabiri, od svog dolaska u Mostar, aktivan je \u010dlan \u017didovske op\u0107ine i uvijek je uklju\u010den u organiziranje doga\u0111anja povodom va\u017enih \u017eidovskih blagdana. <\/p>\n\n\n\n<p>Organizirao je sve\u010danost paljenja svije\u0107a za Hanuku, koja je zbli\u017eila sve mostarske narode i vjere te nas upoznala s obi\u010dajima ovog Mostaru malo poznatog blagdana. Uz sve navedeno, ne iznena\u0111uje da je \u017didovska op\u0107ina Mostar za svog predsjednika i predstavnika izabrala upravo Amir Gross Kabirija, koji \u0107e kroz razne doga\u0111aje i prilike nastaviti podr\u017eavati zajednicu. <\/p>\n\n\n\n<p>Izvor: <strong>Bljesak.info<\/strong><\/p>\n","protected":false},"excerpt":{"rendered":"<p>Amir Gross Kabiri dobro je poznato ime u biznisu, ne samo u BiH, ve\u0107 i diljem svijeta. Prije dvije godine preuzeo je Aluminij, koji je ponovno postao hercegova\u010dki div \u2013 tvrtka, poznata na tr\u017ei\u0161tu aluminija, koja ru\u0161i sve prija\u0161nje rekorde. Amir Gross Kabiri uvijek je isticao da njegov rad ne podrazumijeva samo biznis, ve\u0107 da [&hellip;]<\/p>\n","protected":false},"author":2,"featured_media":140282,"comment_status":"closed","ping_status":"closed","sticky":false,"template":"","format":"standard","meta":{"h5ap_radio_sources":[],"footnotes":""},"categories":[1],"tags":[],"class_list":["post-166806","post","type-post","status-publish","format-standard","has-post-thumbnail","hentry","category-bihiregija"],"yoast_head":"<!-- This site is optimized with the Yoast SEO plugin v27.4 - https:\/\/yoast.com\/product\/yoast-seo-wordpress\/ -->\n<title>Novi predsjednik \u017didovske op\u0107ine Mostar je Amir Gross Kabiri - RADIO LJUBU\u0160KI<\/title>\n<meta name=\"robots\" content=\"index, follow, max-snippet:-1, max-image-preview:large, max-video-preview:-1\" \/>\n<link rel=\"canonical\" href=\"https:\/\/radioljubuski.ba\/index.php\/2022\/08\/05\/novi-predsjednik-zidovske-opcine-mostar-je-amir-gross-kabiri\/\" \/>\n<meta property=\"og:locale\" content=\"hr_HR\" \/>\n<meta property=\"og:type\" content=\"article\" \/>\n<meta property=\"og:title\" content=\"Novi predsjednik \u017didovske op\u0107ine Mostar je Amir Gross Kabiri - RADIO LJUBU\u0160KI\" \/>\n<meta property=\"og:description\" content=\"Amir Gross Kabiri dobro je poznato ime u biznisu, ne samo u BiH, ve\u0107 i diljem svijeta. Prije dvije godine preuzeo je Aluminij, koji je ponovno postao hercegova\u010dki div \u2013 tvrtka, poznata na tr\u017ei\u0161tu aluminija, koja ru\u0161i sve prija\u0161nje rekorde. Amir Gross Kabiri uvijek je isticao da njegov rad ne podrazumijeva samo biznis, ve\u0107 da [&hellip;]\" \/>\n<meta property=\"og:url\" content=\"https:\/\/radioljubuski.ba\/index.php\/2022\/08\/05\/novi-predsjednik-zidovske-opcine-mostar-je-amir-gross-kabiri\/\" \/>\n<meta property=\"og:site_name\" content=\"RADIO LJUBU\u0160KI\" \/>\n<meta property=\"article:publisher\" content=\"https:\/\/www.facebook.com\/Radiio-Ljubuski-1490835324566332\" \/>\n<meta property=\"article:published_time\" content=\"2022-08-05T10:14:02+00:00\" \/>\n<meta property=\"article:modified_time\" content=\"2022-08-05T10:14:03+00:00\" \/>\n<meta property=\"og:image\" content=\"https:\/\/radioljubuski.ba\/wp-content\/uploads\/2022\/05\/MKkEH0m8_kabiri_440_328_s_c1.png\" \/>\n\t<meta property=\"og:image:width\" content=\"440\" \/>\n\t<meta property=\"og:image:height\" content=\"328\" \/>\n\t<meta property=\"og:image:type\" content=\"image\/png\" \/>\n<meta name=\"author\" content=\"Radio Ljubu\u0161ki\" \/>\n<meta name=\"twitter:card\" content=\"summary_large_image\" \/>\n<meta name=\"twitter:creator\" content=\"@radioljubuski\" \/>\n<meta name=\"twitter:site\" content=\"@radioljubuski\" \/>\n<meta name=\"twitter:label1\" content=\"Napisao\/la\" \/>\n\t<meta name=\"twitter:data1\" content=\"Radio Ljubu\u0161ki\" \/>\n\t<meta name=\"twitter:label2\" content=\"Procijenjeno vrijeme \u010ditanja\" \/>\n\t<meta name=\"twitter:data2\" content=\"1 minuta\" \/>\n<script type=\"application\/ld+json\" class=\"yoast-schema-graph\">{\"@context\":\"https:\\\/\\\/schema.org\",\"@graph\":[{\"@type\":\"Article\",\"@id\":\"https:\\\/\\\/radioljubuski.ba\\\/index.php\\\/2022\\\/08\\\/05\\\/novi-predsjednik-zidovske-opcine-mostar-je-amir-gross-kabiri\\\/#article\",\"isPartOf\":{\"@id\":\"https:\\\/\\\/radioljubuski.ba\\\/index.php\\\/2022\\\/08\\\/05\\\/novi-predsjednik-zidovske-opcine-mostar-je-amir-gross-kabiri\\\/\"},\"author\":{\"name\":\"Radio Ljubu\u0161ki\",\"@id\":\"https:\\\/\\\/radioljubuski.ba\\\/#\\\/schema\\\/person\\\/19fc700381a780f69665d7956c469e3b\"},\"headline\":\"Novi predsjednik \u017didovske op\u0107ine Mostar je Amir Gross Kabiri\",\"datePublished\":\"2022-08-05T10:14:02+00:00\",\"dateModified\":\"2022-08-05T10:14:03+00:00\",\"mainEntityOfPage\":{\"@id\":\"https:\\\/\\\/radioljubuski.ba\\\/index.php\\\/2022\\\/08\\\/05\\\/novi-predsjednik-zidovske-opcine-mostar-je-amir-gross-kabiri\\\/\"},\"wordCount\":263,\"publisher\":{\"@id\":\"https:\\\/\\\/radioljubuski.ba\\\/#organization\"},\"image\":{\"@id\":\"https:\\\/\\\/radioljubuski.ba\\\/index.php\\\/2022\\\/08\\\/05\\\/novi-predsjednik-zidovske-opcine-mostar-je-amir-gross-kabiri\\\/#primaryimage\"},\"thumbnailUrl\":\"https:\\\/\\\/radioljubuski.ba\\\/wp-content\\\/uploads\\\/2022\\\/05\\\/MKkEH0m8_kabiri_440_328_s_c1.png\",\"articleSection\":[\"BIH i regija\"],\"inLanguage\":\"hr\"},{\"@type\":\"WebPage\",\"@id\":\"https:\\\/\\\/radioljubuski.ba\\\/index.php\\\/2022\\\/08\\\/05\\\/novi-predsjednik-zidovske-opcine-mostar-je-amir-gross-kabiri\\\/\",\"url\":\"https:\\\/\\\/radioljubuski.ba\\\/index.php\\\/2022\\\/08\\\/05\\\/novi-predsjednik-zidovske-opcine-mostar-je-amir-gross-kabiri\\\/\",\"name\":\"Novi predsjednik \u017didovske op\u0107ine Mostar je Amir Gross Kabiri - RADIO LJUBU\u0160KI\",\"isPartOf\":{\"@id\":\"https:\\\/\\\/radioljubuski.ba\\\/#website\"},\"primaryImageOfPage\":{\"@id\":\"https:\\\/\\\/radioljubuski.ba\\\/index.php\\\/2022\\\/08\\\/05\\\/novi-predsjednik-zidovske-opcine-mostar-je-amir-gross-kabiri\\\/#primaryimage\"},\"image\":{\"@id\":\"https:\\\/\\\/radioljubuski.ba\\\/index.php\\\/2022\\\/08\\\/05\\\/novi-predsjednik-zidovske-opcine-mostar-je-amir-gross-kabiri\\\/#primaryimage\"},\"thumbnailUrl\":\"https:\\\/\\\/radioljubuski.ba\\\/wp-content\\\/uploads\\\/2022\\\/05\\\/MKkEH0m8_kabiri_440_328_s_c1.png\",\"datePublished\":\"2022-08-05T10:14:02+00:00\",\"dateModified\":\"2022-08-05T10:14:03+00:00\",\"breadcrumb\":{\"@id\":\"https:\\\/\\\/radioljubuski.ba\\\/index.php\\\/2022\\\/08\\\/05\\\/novi-predsjednik-zidovske-opcine-mostar-je-amir-gross-kabiri\\\/#breadcrumb\"},\"inLanguage\":\"hr\",\"potentialAction\":[{\"@type\":\"ReadAction\",\"target\":[\"https:\\\/\\\/radioljubuski.ba\\\/index.php\\\/2022\\\/08\\\/05\\\/novi-predsjednik-zidovske-opcine-mostar-je-amir-gross-kabiri\\\/\"]}]},{\"@type\":\"ImageObject\",\"inLanguage\":\"hr\",\"@id\":\"https:\\\/\\\/radioljubuski.ba\\\/index.php\\\/2022\\\/08\\\/05\\\/novi-predsjednik-zidovske-opcine-mostar-je-amir-gross-kabiri\\\/#primaryimage\",\"url\":\"https:\\\/\\\/radioljubuski.ba\\\/wp-content\\\/uploads\\\/2022\\\/05\\\/MKkEH0m8_kabiri_440_328_s_c1.png\",\"contentUrl\":\"https:\\\/\\\/radioljubuski.ba\\\/wp-content\\\/uploads\\\/2022\\\/05\\\/MKkEH0m8_kabiri_440_328_s_c1.png\",\"width\":440,\"height\":328},{\"@type\":\"BreadcrumbList\",\"@id\":\"https:\\\/\\\/radioljubuski.ba\\\/index.php\\\/2022\\\/08\\\/05\\\/novi-predsjednik-zidovske-opcine-mostar-je-amir-gross-kabiri\\\/#breadcrumb\",\"itemListElement\":[{\"@type\":\"ListItem\",\"position\":1,\"name\":\"Po\u010detna stranica\",\"item\":\"https:\\\/\\\/radioljubuski.ba\\\/\"},{\"@type\":\"ListItem\",\"position\":2,\"name\":\"Novi predsjednik \u017didovske op\u0107ine Mostar je Amir Gross Kabiri\"}]},{\"@type\":\"WebSite\",\"@id\":\"https:\\\/\\\/radioljubuski.ba\\\/#website\",\"url\":\"https:\\\/\\\/radioljubuski.ba\\\/\",\"name\":\"Radio Ljubu\u0161ki\",\"description\":\"Sun\u010dana frekvencija Hercegovine\",\"publisher\":{\"@id\":\"https:\\\/\\\/radioljubuski.ba\\\/#organization\"},\"potentialAction\":[{\"@type\":\"SearchAction\",\"target\":{\"@type\":\"EntryPoint\",\"urlTemplate\":\"https:\\\/\\\/radioljubuski.ba\\\/?s={search_term_string}\"},\"query-input\":{\"@type\":\"PropertyValueSpecification\",\"valueRequired\":true,\"valueName\":\"search_term_string\"}}],\"inLanguage\":\"hr\"},{\"@type\":\"Organization\",\"@id\":\"https:\\\/\\\/radioljubuski.ba\\\/#organization\",\"name\":\"Radio Ljubu\u0161ki\",\"url\":\"https:\\\/\\\/radioljubuski.ba\\\/\",\"logo\":{\"@type\":\"ImageObject\",\"inLanguage\":\"hr\",\"@id\":\"https:\\\/\\\/radioljubuski.ba\\\/#\\\/schema\\\/logo\\\/image\\\/\",\"url\":\"https:\\\/\\\/radioljubuski.ba\\\/wp-content\\\/uploads\\\/2021\\\/02\\\/cropped-Radio_Ljubuski_logo1.jpg\",\"contentUrl\":\"https:\\\/\\\/radioljubuski.ba\\\/wp-content\\\/uploads\\\/2021\\\/02\\\/cropped-Radio_Ljubuski_logo1.jpg\",\"width\":512,\"height\":512,\"caption\":\"Radio Ljubu\u0161ki\"},\"image\":{\"@id\":\"https:\\\/\\\/radioljubuski.ba\\\/#\\\/schema\\\/logo\\\/image\\\/\"},\"sameAs\":[\"https:\\\/\\\/www.facebook.com\\\/Radiio-Ljubuski-1490835324566332\",\"https:\\\/\\\/x.com\\\/radioljubuski\",\"https:\\\/\\\/hr.linkedin.com\\\/company\\\/radio-ljubuski\",\"https:\\\/\\\/www.youtube.com\\\/channel\\\/UCHYaeO_n0Db3tjNGudGpXyw\"]},{\"@type\":\"Person\",\"@id\":\"https:\\\/\\\/radioljubuski.ba\\\/#\\\/schema\\\/person\\\/19fc700381a780f69665d7956c469e3b\",\"name\":\"Radio Ljubu\u0161ki\"}]}<\/script>\n<!-- \/ Yoast SEO plugin. -->","yoast_head_json":{"title":"Novi predsjednik \u017didovske op\u0107ine Mostar je Amir Gross Kabiri - RADIO LJUBU\u0160KI","robots":{"index":"index","follow":"follow","max-snippet":"max-snippet:-1","max-image-preview":"max-image-preview:large","max-video-preview":"max-video-preview:-1"},"canonical":"https:\/\/radioljubuski.ba\/index.php\/2022\/08\/05\/novi-predsjednik-zidovske-opcine-mostar-je-amir-gross-kabiri\/","og_locale":"hr_HR","og_type":"article","og_title":"Novi predsjednik \u017didovske op\u0107ine Mostar je Amir Gross Kabiri - RADIO LJUBU\u0160KI","og_description":"Amir Gross Kabiri dobro je poznato ime u biznisu, ne samo u BiH, ve\u0107 i diljem svijeta. Prije dvije godine preuzeo je Aluminij, koji je ponovno postao hercegova\u010dki div \u2013 tvrtka, poznata na tr\u017ei\u0161tu aluminija, koja ru\u0161i sve prija\u0161nje rekorde. Amir Gross Kabiri uvijek je isticao da njegov rad ne podrazumijeva samo biznis, ve\u0107 da [&hellip;]","og_url":"https:\/\/radioljubuski.ba\/index.php\/2022\/08\/05\/novi-predsjednik-zidovske-opcine-mostar-je-amir-gross-kabiri\/","og_site_name":"RADIO LJUBU\u0160KI","article_publisher":"https:\/\/www.facebook.com\/Radiio-Ljubuski-1490835324566332","article_published_time":"2022-08-05T10:14:02+00:00","article_modified_time":"2022-08-05T10:14:03+00:00","og_image":[{"width":440,"height":328,"url":"https:\/\/radioljubuski.ba\/wp-content\/uploads\/2022\/05\/MKkEH0m8_kabiri_440_328_s_c1.png","type":"image\/png"}],"author":"Radio Ljubu\u0161ki","twitter_card":"summary_large_image","twitter_creator":"@radioljubuski","twitter_site":"@radioljubuski","twitter_misc":{"Napisao\/la":"Radio Ljubu\u0161ki","Procijenjeno vrijeme \u010ditanja":"1 minuta"},"schema":{"@context":"https:\/\/schema.org","@graph":[{"@type":"Article","@id":"https:\/\/radioljubuski.ba\/index.php\/2022\/08\/05\/novi-predsjednik-zidovske-opcine-mostar-je-amir-gross-kabiri\/#article","isPartOf":{"@id":"https:\/\/radioljubuski.ba\/index.php\/2022\/08\/05\/novi-predsjednik-zidovske-opcine-mostar-je-amir-gross-kabiri\/"},"author":{"name":"Radio Ljubu\u0161ki","@id":"https:\/\/radioljubuski.ba\/#\/schema\/person\/19fc700381a780f69665d7956c469e3b"},"headline":"Novi predsjednik \u017didovske op\u0107ine Mostar je Amir Gross Kabiri","datePublished":"2022-08-05T10:14:02+00:00","dateModified":"2022-08-05T10:14:03+00:00","mainEntityOfPage":{"@id":"https:\/\/radioljubuski.ba\/index.php\/2022\/08\/05\/novi-predsjednik-zidovske-opcine-mostar-je-amir-gross-kabiri\/"},"wordCount":263,"publisher":{"@id":"https:\/\/radioljubuski.ba\/#organization"},"image":{"@id":"https:\/\/radioljubuski.ba\/index.php\/2022\/08\/05\/novi-predsjednik-zidovske-opcine-mostar-je-amir-gross-kabiri\/#primaryimage"},"thumbnailUrl":"https:\/\/radioljubuski.ba\/wp-content\/uploads\/2022\/05\/MKkEH0m8_kabiri_440_328_s_c1.png","articleSection":["BIH i regija"],"inLanguage":"hr"},{"@type":"WebPage","@id":"https:\/\/radioljubuski.ba\/index.php\/2022\/08\/05\/novi-predsjednik-zidovske-opcine-mostar-je-amir-gross-kabiri\/","url":"https:\/\/radioljubuski.ba\/index.php\/2022\/08\/05\/novi-predsjednik-zidovske-opcine-mostar-je-amir-gross-kabiri\/","name":"Novi predsjednik \u017didovske op\u0107ine Mostar je Amir Gross Kabiri - RADIO LJUBU\u0160KI","isPartOf":{"@id":"https:\/\/radioljubuski.ba\/#website"},"primaryImageOfPage":{"@id":"https:\/\/radioljubuski.ba\/index.php\/2022\/08\/05\/novi-predsjednik-zidovske-opcine-mostar-je-amir-gross-kabiri\/#primaryimage"},"image":{"@id":"https:\/\/radioljubuski.ba\/index.php\/2022\/08\/05\/novi-predsjednik-zidovske-opcine-mostar-je-amir-gross-kabiri\/#primaryimage"},"thumbnailUrl":"https:\/\/radioljubuski.ba\/wp-content\/uploads\/2022\/05\/MKkEH0m8_kabiri_440_328_s_c1.png","datePublished":"2022-08-05T10:14:02+00:00","dateModified":"2022-08-05T10:14:03+00:00","breadcrumb":{"@id":"https:\/\/radioljubuski.ba\/index.php\/2022\/08\/05\/novi-predsjednik-zidovske-opcine-mostar-je-amir-gross-kabiri\/#breadcrumb"},"inLanguage":"hr","potentialAction":[{"@type":"ReadAction","target":["https:\/\/radioljubuski.ba\/index.php\/2022\/08\/05\/novi-predsjednik-zidovske-opcine-mostar-je-amir-gross-kabiri\/"]}]},{"@type":"ImageObject","inLanguage":"hr","@id":"https:\/\/radioljubuski.ba\/index.php\/2022\/08\/05\/novi-predsjednik-zidovske-opcine-mostar-je-amir-gross-kabiri\/#primaryimage","url":"https:\/\/radioljubuski.ba\/wp-content\/uploads\/2022\/05\/MKkEH0m8_kabiri_440_328_s_c1.png","contentUrl":"https:\/\/radioljubuski.ba\/wp-content\/uploads\/2022\/05\/MKkEH0m8_kabiri_440_328_s_c1.png","width":440,"height":328},{"@type":"BreadcrumbList","@id":"https:\/\/radioljubuski.ba\/index.php\/2022\/08\/05\/novi-predsjednik-zidovske-opcine-mostar-je-amir-gross-kabiri\/#breadcrumb","itemListElement":[{"@type":"ListItem","position":1,"name":"Po\u010detna stranica","item":"https:\/\/radioljubuski.ba\/"},{"@type":"ListItem","position":2,"name":"Novi predsjednik \u017didovske op\u0107ine Mostar je Amir Gross Kabiri"}]},{"@type":"WebSite","@id":"https:\/\/radioljubuski.ba\/#website","url":"https:\/\/radioljubuski.ba\/","name":"Radio Ljubu\u0161ki","description":"Sun\u010dana frekvencija Hercegovine","publisher":{"@id":"https:\/\/radioljubuski.ba\/#organization"},"potentialAction":[{"@type":"SearchAction","target":{"@type":"EntryPoint","urlTemplate":"https:\/\/radioljubuski.ba\/?s={search_term_string}"},"query-input":{"@type":"PropertyValueSpecification","valueRequired":true,"valueName":"search_term_string"}}],"inLanguage":"hr"},{"@type":"Organization","@id":"https:\/\/radioljubuski.ba\/#organization","name":"Radio Ljubu\u0161ki","url":"https:\/\/radioljubuski.ba\/","logo":{"@type":"ImageObject","inLanguage":"hr","@id":"https:\/\/radioljubuski.ba\/#\/schema\/logo\/image\/","url":"https:\/\/radioljubuski.ba\/wp-content\/uploads\/2021\/02\/cropped-Radio_Ljubuski_logo1.jpg","contentUrl":"https:\/\/radioljubuski.ba\/wp-content\/uploads\/2021\/02\/cropped-Radio_Ljubuski_logo1.jpg","width":512,"height":512,"caption":"Radio Ljubu\u0161ki"},"image":{"@id":"https:\/\/radioljubuski.ba\/#\/schema\/logo\/image\/"},"sameAs":["https:\/\/www.facebook.com\/Radiio-Ljubuski-1490835324566332","https:\/\/x.com\/radioljubuski","https:\/\/hr.linkedin.com\/company\/radio-ljubuski","https:\/\/www.youtube.com\/channel\/UCHYaeO_n0Db3tjNGudGpXyw"]},{"@type":"Person","@id":"https:\/\/radioljubuski.ba\/#\/schema\/person\/19fc700381a780f69665d7956c469e3b","name":"Radio Ljubu\u0161ki"}]}},"_links":{"self":[{"href":"https:\/\/radioljubuski.ba\/index.php\/wp-json\/wp\/v2\/posts\/166806","targetHints":{"allow":["GET"]}}],"collection":[{"href":"https:\/\/radioljubuski.ba\/index.php\/wp-json\/wp\/v2\/posts"}],"about":[{"href":"https:\/\/radioljubuski.ba\/index.php\/wp-json\/wp\/v2\/types\/post"}],"author":[{"embeddable":true,"href":"https:\/\/radioljubuski.ba\/index.php\/wp-json\/wp\/v2\/users\/2"}],"replies":[{"embeddable":true,"href":"https:\/\/radioljubuski.ba\/index.php\/wp-json\/wp\/v2\/comments?post=166806"}],"version-history":[{"count":1,"href":"https:\/\/radioljubuski.ba\/index.php\/wp-json\/wp\/v2\/posts\/166806\/revisions"}],"predecessor-version":[{"id":166807,"href":"https:\/\/radioljubuski.ba\/index.php\/wp-json\/wp\/v2\/posts\/166806\/revisions\/166807"}],"wp:featuredmedia":[{"embeddable":true,"href":"https:\/\/radioljubuski.ba\/index.php\/wp-json\/wp\/v2\/media\/140282"}],"wp:attachment":[{"href":"https:\/\/radioljubuski.ba\/index.php\/wp-json\/wp\/v2\/media?parent=166806"}],"wp:term":[{"taxonomy":"category","embeddable":true,"href":"https:\/\/radioljubuski.ba\/index.php\/wp-json\/wp\/v2\/categories?post=166806"},{"taxonomy":"post_tag","embeddable":true,"href":"https:\/\/radioljubuski.ba\/index.php\/wp-json\/wp\/v2\/tags?post=166806"}],"curies":[{"name":"wp","href":"https:\/\/api.w.org\/{rel}","templated":true}]}}