{"id":166814,"date":"2022-08-05T11:40:46","date_gmt":"2022-08-05T10:40:46","guid":{"rendered":"https:\/\/radioljubuski.ba\/?p=166814"},"modified":"2022-08-05T11:40:47","modified_gmt":"2022-08-05T10:40:47","slug":"odzak-cestitao-mu-rodenje-kcerke-pa-prijetio-da-ce-mu-pobiti-obitelj","status":"publish","type":"post","link":"https:\/\/radioljubuski.ba\/index.php\/2022\/08\/05\/odzak-cestitao-mu-rodenje-kcerke-pa-prijetio-da-ce-mu-pobiti-obitelj\/","title":{"rendered":"Od\u017eak: &#8220;\u010cestitao mu ro\u0111enje k\u0107erke pa prijetio da \u0107e mu pobiti obitelj&#8221;"},"content":{"rendered":"\n<p>Mehmed M. (44) optu\u017een je za prijetnje T.S. iz Od\u017eaka, kojem je prijetio da \u0107e ubiti njega i \u010dlanove njegove obitelji, a izme\u0111u ostalog mu je \u010destitao na dobitku k\u0107erke te mu rekao kako \u0107e mu ubiti novoro\u0111eno dijete.<\/p>\n\n\n\n<p>Protiv njega je \u017dupanijsko tu\u017eiteljstvo Posavske \u017eupanije podiglo optu\u017enicu zbog ugro\u017eavanja sigurnosti vi\u0161e osoba.<\/p>\n\n\n\n<p>Prema navodima optu\u017enice, prijetnje su trajale dvije godine, odnosno od kraja 2019. pa do kraja 2021.<\/p>\n\n\n\n<p>U tom periodu, kako se navodi u optu\u017enici, putem mobilnog telefona pozivao je T.S. te mu u vi\u0161e navrata upu\u0107ivao ozbiljne prijetnje.<\/p>\n\n\n\n<p>Kako se navodi u optu\u017enici, jedna od poruka je glasila: &#8220;Ja \u0107u ti do\u0107i s N.O., gdje \u0107u ti zapaliti plac, j\u2026 \u0107erku tu, koja je k&#8230;. kao mater&#8221;.<\/p>\n\n\n\n<p>Tako\u0111e se navodi da je o\u0161te\u0107enom po\u010detkom 2021. godine ponovo telefonom prijetio, prenosi portal &#8220;nezavisne.com&#8221;.<\/p>\n\n\n\n<p>Rekao mu je: &#8220;Doveo si \u010detniku\u0161u u ku\u0107u i rodit \u0107e ti malu \u010detniku\u0161u te \u0107u je ja do\u0107i ubiti&#8221;.<\/p>\n\n\n\n<p>Kako se navodi u optu\u017enici, nakon nekoliko dana ponovo je pozvao T.S. te mu rekao da \u0107e do\u0107i s N.O., da \u0107e mu napraviti K. od Od\u017eaka, te kada vidi njegov kamion na putu da \u0107e ga zapaliti.<\/p>\n\n\n\n<p>Ovakve prijetnje, kako se navodi, nastavio je i u listopadu 2021. godine tako \u0161to je ponovo telefonom nazvao o\u0161te\u0107enog i rekao mu:&nbsp;<\/p>\n\n\n\n<p>&#8220;\u017delim da vam \u010destitam na dobitku k\u0107erke&#8221;, nakon \u010dega mu je dodao da \u0107e mu j&#8230;.i mater, zapaliti ku\u0107u i firmu, te da \u0107e mu ubiti novoro\u0111eno dijete.<\/p>\n\n\n\n<p>Osim toga, navodi se da je 29. prosincu iste godine sinu o\u0161te\u0107enog rekao u telefonskom razgovoru da \u0107e im sve gorjeti.<\/p>\n\n\n\n<p>&#8220;Optu\u017eeni je svjestan da prijetnje koje upu\u0107uje ugro\u017eavaju \u017eivot T.S. i \u010dlanova njegove obitelji, supruge M. i sina K., kojima je T.S. odmah prenosio sadr\u017eaj ovih poruka, \u0161to je i htio. Dakle ozbiljnom prijetnjom da \u0107e napasti na \u017eivot ili tijelo ugrozio je sigurnost vi\u0161e osoba, \u010dime je po\u010dinio kazneno djelo ugro\u017eavanje sigurnosti&#8221;, navodi se u optu\u017enici.<\/p>\n\n\n\n<p>Izvor: <strong>Dnevnik.ba<\/strong><\/p>\n","protected":false},"excerpt":{"rendered":"<p>Mehmed M. (44) optu\u017een je za prijetnje T.S. iz Od\u017eaka, kojem je prijetio da \u0107e ubiti njega i \u010dlanove njegove obitelji, a izme\u0111u ostalog mu je \u010destitao na dobitku k\u0107erke te mu rekao kako \u0107e mu ubiti novoro\u0111eno dijete. Protiv njega je \u017dupanijsko tu\u017eiteljstvo Posavske \u017eupanije podiglo optu\u017enicu zbog ugro\u017eavanja sigurnosti vi\u0161e osoba. Prema navodima [&hellip;]<\/p>\n","protected":false},"author":2,"featured_media":163383,"comment_status":"closed","ping_status":"closed","sticky":false,"template":"","format":"standard","meta":{"h5ap_radio_sources":[],"footnotes":""},"categories":[1],"tags":[],"class_list":["post-166814","post","type-post","status-publish","format-standard","has-post-thumbnail","hentry","category-bihiregija"],"yoast_head":"<!-- This site is optimized with the Yoast SEO plugin v27.4 - https:\/\/yoast.com\/product\/yoast-seo-wordpress\/ -->\n<title>Od\u017eak: &quot;\u010cestitao mu ro\u0111enje k\u0107erke pa prijetio da \u0107e mu pobiti obitelj&quot; - RADIO LJUBU\u0160KI<\/title>\n<meta name=\"robots\" content=\"index, follow, max-snippet:-1, max-image-preview:large, max-video-preview:-1\" \/>\n<link rel=\"canonical\" href=\"https:\/\/radioljubuski.ba\/index.php\/2022\/08\/05\/odzak-cestitao-mu-rodenje-kcerke-pa-prijetio-da-ce-mu-pobiti-obitelj\/\" \/>\n<meta property=\"og:locale\" content=\"hr_HR\" \/>\n<meta property=\"og:type\" content=\"article\" \/>\n<meta property=\"og:title\" content=\"Od\u017eak: &quot;\u010cestitao mu ro\u0111enje k\u0107erke pa prijetio da \u0107e mu pobiti obitelj&quot; - RADIO LJUBU\u0160KI\" \/>\n<meta property=\"og:description\" content=\"Mehmed M. (44) optu\u017een je za prijetnje T.S. iz Od\u017eaka, kojem je prijetio da \u0107e ubiti njega i \u010dlanove njegove obitelji, a izme\u0111u ostalog mu je \u010destitao na dobitku k\u0107erke te mu rekao kako \u0107e mu ubiti novoro\u0111eno dijete. Protiv njega je \u017dupanijsko tu\u017eiteljstvo Posavske \u017eupanije podiglo optu\u017enicu zbog ugro\u017eavanja sigurnosti vi\u0161e osoba. Prema navodima [&hellip;]\" \/>\n<meta property=\"og:url\" content=\"https:\/\/radioljubuski.ba\/index.php\/2022\/08\/05\/odzak-cestitao-mu-rodenje-kcerke-pa-prijetio-da-ce-mu-pobiti-obitelj\/\" \/>\n<meta property=\"og:site_name\" content=\"RADIO LJUBU\u0160KI\" \/>\n<meta property=\"article:publisher\" content=\"https:\/\/www.facebook.com\/Radiio-Ljubuski-1490835324566332\" \/>\n<meta property=\"article:published_time\" content=\"2022-08-05T10:40:46+00:00\" \/>\n<meta property=\"article:modified_time\" content=\"2022-08-05T10:40:47+00:00\" \/>\n<meta property=\"og:image\" content=\"https:\/\/radioljubuski.ba\/wp-content\/uploads\/2022\/07\/8-2022-07-20-12-48-49-tuzla-policija-1.jpg\" \/>\n\t<meta property=\"og:image:width\" content=\"1000\" \/>\n\t<meta property=\"og:image:height\" content=\"625\" \/>\n\t<meta property=\"og:image:type\" content=\"image\/jpeg\" \/>\n<meta name=\"author\" content=\"Radio Ljubu\u0161ki\" \/>\n<meta name=\"twitter:card\" content=\"summary_large_image\" \/>\n<meta name=\"twitter:creator\" content=\"@radioljubuski\" \/>\n<meta name=\"twitter:site\" content=\"@radioljubuski\" \/>\n<meta name=\"twitter:label1\" content=\"Napisao\/la\" \/>\n\t<meta name=\"twitter:data1\" content=\"Radio Ljubu\u0161ki\" \/>\n\t<meta name=\"twitter:label2\" content=\"Procijenjeno vrijeme \u010ditanja\" \/>\n\t<meta name=\"twitter:data2\" content=\"2 minute\" \/>\n<script type=\"application\/ld+json\" class=\"yoast-schema-graph\">{\"@context\":\"https:\\\/\\\/schema.org\",\"@graph\":[{\"@type\":\"Article\",\"@id\":\"https:\\\/\\\/radioljubuski.ba\\\/index.php\\\/2022\\\/08\\\/05\\\/odzak-cestitao-mu-rodenje-kcerke-pa-prijetio-da-ce-mu-pobiti-obitelj\\\/#article\",\"isPartOf\":{\"@id\":\"https:\\\/\\\/radioljubuski.ba\\\/index.php\\\/2022\\\/08\\\/05\\\/odzak-cestitao-mu-rodenje-kcerke-pa-prijetio-da-ce-mu-pobiti-obitelj\\\/\"},\"author\":{\"name\":\"Radio Ljubu\u0161ki\",\"@id\":\"https:\\\/\\\/radioljubuski.ba\\\/#\\\/schema\\\/person\\\/19fc700381a780f69665d7956c469e3b\"},\"headline\":\"Od\u017eak: &#8220;\u010cestitao mu ro\u0111enje k\u0107erke pa prijetio da \u0107e mu pobiti obitelj&#8221;\",\"datePublished\":\"2022-08-05T10:40:46+00:00\",\"dateModified\":\"2022-08-05T10:40:47+00:00\",\"mainEntityOfPage\":{\"@id\":\"https:\\\/\\\/radioljubuski.ba\\\/index.php\\\/2022\\\/08\\\/05\\\/odzak-cestitao-mu-rodenje-kcerke-pa-prijetio-da-ce-mu-pobiti-obitelj\\\/\"},\"wordCount\":384,\"publisher\":{\"@id\":\"https:\\\/\\\/radioljubuski.ba\\\/#organization\"},\"image\":{\"@id\":\"https:\\\/\\\/radioljubuski.ba\\\/index.php\\\/2022\\\/08\\\/05\\\/odzak-cestitao-mu-rodenje-kcerke-pa-prijetio-da-ce-mu-pobiti-obitelj\\\/#primaryimage\"},\"thumbnailUrl\":\"https:\\\/\\\/radioljubuski.ba\\\/wp-content\\\/uploads\\\/2022\\\/07\\\/8-2022-07-20-12-48-49-tuzla-policija-1.jpg\",\"articleSection\":[\"BIH i regija\"],\"inLanguage\":\"hr\"},{\"@type\":\"WebPage\",\"@id\":\"https:\\\/\\\/radioljubuski.ba\\\/index.php\\\/2022\\\/08\\\/05\\\/odzak-cestitao-mu-rodenje-kcerke-pa-prijetio-da-ce-mu-pobiti-obitelj\\\/\",\"url\":\"https:\\\/\\\/radioljubuski.ba\\\/index.php\\\/2022\\\/08\\\/05\\\/odzak-cestitao-mu-rodenje-kcerke-pa-prijetio-da-ce-mu-pobiti-obitelj\\\/\",\"name\":\"Od\u017eak: \\\"\u010cestitao mu ro\u0111enje k\u0107erke pa prijetio da \u0107e mu pobiti obitelj\\\" - RADIO LJUBU\u0160KI\",\"isPartOf\":{\"@id\":\"https:\\\/\\\/radioljubuski.ba\\\/#website\"},\"primaryImageOfPage\":{\"@id\":\"https:\\\/\\\/radioljubuski.ba\\\/index.php\\\/2022\\\/08\\\/05\\\/odzak-cestitao-mu-rodenje-kcerke-pa-prijetio-da-ce-mu-pobiti-obitelj\\\/#primaryimage\"},\"image\":{\"@id\":\"https:\\\/\\\/radioljubuski.ba\\\/index.php\\\/2022\\\/08\\\/05\\\/odzak-cestitao-mu-rodenje-kcerke-pa-prijetio-da-ce-mu-pobiti-obitelj\\\/#primaryimage\"},\"thumbnailUrl\":\"https:\\\/\\\/radioljubuski.ba\\\/wp-content\\\/uploads\\\/2022\\\/07\\\/8-2022-07-20-12-48-49-tuzla-policija-1.jpg\",\"datePublished\":\"2022-08-05T10:40:46+00:00\",\"dateModified\":\"2022-08-05T10:40:47+00:00\",\"breadcrumb\":{\"@id\":\"https:\\\/\\\/radioljubuski.ba\\\/index.php\\\/2022\\\/08\\\/05\\\/odzak-cestitao-mu-rodenje-kcerke-pa-prijetio-da-ce-mu-pobiti-obitelj\\\/#breadcrumb\"},\"inLanguage\":\"hr\",\"potentialAction\":[{\"@type\":\"ReadAction\",\"target\":[\"https:\\\/\\\/radioljubuski.ba\\\/index.php\\\/2022\\\/08\\\/05\\\/odzak-cestitao-mu-rodenje-kcerke-pa-prijetio-da-ce-mu-pobiti-obitelj\\\/\"]}]},{\"@type\":\"ImageObject\",\"inLanguage\":\"hr\",\"@id\":\"https:\\\/\\\/radioljubuski.ba\\\/index.php\\\/2022\\\/08\\\/05\\\/odzak-cestitao-mu-rodenje-kcerke-pa-prijetio-da-ce-mu-pobiti-obitelj\\\/#primaryimage\",\"url\":\"https:\\\/\\\/radioljubuski.ba\\\/wp-content\\\/uploads\\\/2022\\\/07\\\/8-2022-07-20-12-48-49-tuzla-policija-1.jpg\",\"contentUrl\":\"https:\\\/\\\/radioljubuski.ba\\\/wp-content\\\/uploads\\\/2022\\\/07\\\/8-2022-07-20-12-48-49-tuzla-policija-1.jpg\",\"width\":1000,\"height\":625},{\"@type\":\"BreadcrumbList\",\"@id\":\"https:\\\/\\\/radioljubuski.ba\\\/index.php\\\/2022\\\/08\\\/05\\\/odzak-cestitao-mu-rodenje-kcerke-pa-prijetio-da-ce-mu-pobiti-obitelj\\\/#breadcrumb\",\"itemListElement\":[{\"@type\":\"ListItem\",\"position\":1,\"name\":\"Po\u010detna stranica\",\"item\":\"https:\\\/\\\/radioljubuski.ba\\\/\"},{\"@type\":\"ListItem\",\"position\":2,\"name\":\"Od\u017eak: &#8220;\u010cestitao mu ro\u0111enje k\u0107erke pa prijetio da \u0107e mu pobiti obitelj&#8221;\"}]},{\"@type\":\"WebSite\",\"@id\":\"https:\\\/\\\/radioljubuski.ba\\\/#website\",\"url\":\"https:\\\/\\\/radioljubuski.ba\\\/\",\"name\":\"Radio Ljubu\u0161ki\",\"description\":\"Sun\u010dana frekvencija Hercegovine\",\"publisher\":{\"@id\":\"https:\\\/\\\/radioljubuski.ba\\\/#organization\"},\"potentialAction\":[{\"@type\":\"SearchAction\",\"target\":{\"@type\":\"EntryPoint\",\"urlTemplate\":\"https:\\\/\\\/radioljubuski.ba\\\/?s={search_term_string}\"},\"query-input\":{\"@type\":\"PropertyValueSpecification\",\"valueRequired\":true,\"valueName\":\"search_term_string\"}}],\"inLanguage\":\"hr\"},{\"@type\":\"Organization\",\"@id\":\"https:\\\/\\\/radioljubuski.ba\\\/#organization\",\"name\":\"Radio Ljubu\u0161ki\",\"url\":\"https:\\\/\\\/radioljubuski.ba\\\/\",\"logo\":{\"@type\":\"ImageObject\",\"inLanguage\":\"hr\",\"@id\":\"https:\\\/\\\/radioljubuski.ba\\\/#\\\/schema\\\/logo\\\/image\\\/\",\"url\":\"https:\\\/\\\/radioljubuski.ba\\\/wp-content\\\/uploads\\\/2021\\\/02\\\/cropped-Radio_Ljubuski_logo1.jpg\",\"contentUrl\":\"https:\\\/\\\/radioljubuski.ba\\\/wp-content\\\/uploads\\\/2021\\\/02\\\/cropped-Radio_Ljubuski_logo1.jpg\",\"width\":512,\"height\":512,\"caption\":\"Radio Ljubu\u0161ki\"},\"image\":{\"@id\":\"https:\\\/\\\/radioljubuski.ba\\\/#\\\/schema\\\/logo\\\/image\\\/\"},\"sameAs\":[\"https:\\\/\\\/www.facebook.com\\\/Radiio-Ljubuski-1490835324566332\",\"https:\\\/\\\/x.com\\\/radioljubuski\",\"https:\\\/\\\/hr.linkedin.com\\\/company\\\/radio-ljubuski\",\"https:\\\/\\\/www.youtube.com\\\/channel\\\/UCHYaeO_n0Db3tjNGudGpXyw\"]},{\"@type\":\"Person\",\"@id\":\"https:\\\/\\\/radioljubuski.ba\\\/#\\\/schema\\\/person\\\/19fc700381a780f69665d7956c469e3b\",\"name\":\"Radio Ljubu\u0161ki\"}]}<\/script>\n<!-- \/ Yoast SEO plugin. -->","yoast_head_json":{"title":"Od\u017eak: \"\u010cestitao mu ro\u0111enje k\u0107erke pa prijetio da \u0107e mu pobiti obitelj\" - RADIO LJUBU\u0160KI","robots":{"index":"index","follow":"follow","max-snippet":"max-snippet:-1","max-image-preview":"max-image-preview:large","max-video-preview":"max-video-preview:-1"},"canonical":"https:\/\/radioljubuski.ba\/index.php\/2022\/08\/05\/odzak-cestitao-mu-rodenje-kcerke-pa-prijetio-da-ce-mu-pobiti-obitelj\/","og_locale":"hr_HR","og_type":"article","og_title":"Od\u017eak: \"\u010cestitao mu ro\u0111enje k\u0107erke pa prijetio da \u0107e mu pobiti obitelj\" - RADIO LJUBU\u0160KI","og_description":"Mehmed M. (44) optu\u017een je za prijetnje T.S. iz Od\u017eaka, kojem je prijetio da \u0107e ubiti njega i \u010dlanove njegove obitelji, a izme\u0111u ostalog mu je \u010destitao na dobitku k\u0107erke te mu rekao kako \u0107e mu ubiti novoro\u0111eno dijete. Protiv njega je \u017dupanijsko tu\u017eiteljstvo Posavske \u017eupanije podiglo optu\u017enicu zbog ugro\u017eavanja sigurnosti vi\u0161e osoba. Prema navodima [&hellip;]","og_url":"https:\/\/radioljubuski.ba\/index.php\/2022\/08\/05\/odzak-cestitao-mu-rodenje-kcerke-pa-prijetio-da-ce-mu-pobiti-obitelj\/","og_site_name":"RADIO LJUBU\u0160KI","article_publisher":"https:\/\/www.facebook.com\/Radiio-Ljubuski-1490835324566332","article_published_time":"2022-08-05T10:40:46+00:00","article_modified_time":"2022-08-05T10:40:47+00:00","og_image":[{"width":1000,"height":625,"url":"https:\/\/radioljubuski.ba\/wp-content\/uploads\/2022\/07\/8-2022-07-20-12-48-49-tuzla-policija-1.jpg","type":"image\/jpeg"}],"author":"Radio Ljubu\u0161ki","twitter_card":"summary_large_image","twitter_creator":"@radioljubuski","twitter_site":"@radioljubuski","twitter_misc":{"Napisao\/la":"Radio Ljubu\u0161ki","Procijenjeno vrijeme \u010ditanja":"2 minute"},"schema":{"@context":"https:\/\/schema.org","@graph":[{"@type":"Article","@id":"https:\/\/radioljubuski.ba\/index.php\/2022\/08\/05\/odzak-cestitao-mu-rodenje-kcerke-pa-prijetio-da-ce-mu-pobiti-obitelj\/#article","isPartOf":{"@id":"https:\/\/radioljubuski.ba\/index.php\/2022\/08\/05\/odzak-cestitao-mu-rodenje-kcerke-pa-prijetio-da-ce-mu-pobiti-obitelj\/"},"author":{"name":"Radio Ljubu\u0161ki","@id":"https:\/\/radioljubuski.ba\/#\/schema\/person\/19fc700381a780f69665d7956c469e3b"},"headline":"Od\u017eak: &#8220;\u010cestitao mu ro\u0111enje k\u0107erke pa prijetio da \u0107e mu pobiti obitelj&#8221;","datePublished":"2022-08-05T10:40:46+00:00","dateModified":"2022-08-05T10:40:47+00:00","mainEntityOfPage":{"@id":"https:\/\/radioljubuski.ba\/index.php\/2022\/08\/05\/odzak-cestitao-mu-rodenje-kcerke-pa-prijetio-da-ce-mu-pobiti-obitelj\/"},"wordCount":384,"publisher":{"@id":"https:\/\/radioljubuski.ba\/#organization"},"image":{"@id":"https:\/\/radioljubuski.ba\/index.php\/2022\/08\/05\/odzak-cestitao-mu-rodenje-kcerke-pa-prijetio-da-ce-mu-pobiti-obitelj\/#primaryimage"},"thumbnailUrl":"https:\/\/radioljubuski.ba\/wp-content\/uploads\/2022\/07\/8-2022-07-20-12-48-49-tuzla-policija-1.jpg","articleSection":["BIH i regija"],"inLanguage":"hr"},{"@type":"WebPage","@id":"https:\/\/radioljubuski.ba\/index.php\/2022\/08\/05\/odzak-cestitao-mu-rodenje-kcerke-pa-prijetio-da-ce-mu-pobiti-obitelj\/","url":"https:\/\/radioljubuski.ba\/index.php\/2022\/08\/05\/odzak-cestitao-mu-rodenje-kcerke-pa-prijetio-da-ce-mu-pobiti-obitelj\/","name":"Od\u017eak: \"\u010cestitao mu ro\u0111enje k\u0107erke pa prijetio da \u0107e mu pobiti obitelj\" - RADIO LJUBU\u0160KI","isPartOf":{"@id":"https:\/\/radioljubuski.ba\/#website"},"primaryImageOfPage":{"@id":"https:\/\/radioljubuski.ba\/index.php\/2022\/08\/05\/odzak-cestitao-mu-rodenje-kcerke-pa-prijetio-da-ce-mu-pobiti-obitelj\/#primaryimage"},"image":{"@id":"https:\/\/radioljubuski.ba\/index.php\/2022\/08\/05\/odzak-cestitao-mu-rodenje-kcerke-pa-prijetio-da-ce-mu-pobiti-obitelj\/#primaryimage"},"thumbnailUrl":"https:\/\/radioljubuski.ba\/wp-content\/uploads\/2022\/07\/8-2022-07-20-12-48-49-tuzla-policija-1.jpg","datePublished":"2022-08-05T10:40:46+00:00","dateModified":"2022-08-05T10:40:47+00:00","breadcrumb":{"@id":"https:\/\/radioljubuski.ba\/index.php\/2022\/08\/05\/odzak-cestitao-mu-rodenje-kcerke-pa-prijetio-da-ce-mu-pobiti-obitelj\/#breadcrumb"},"inLanguage":"hr","potentialAction":[{"@type":"ReadAction","target":["https:\/\/radioljubuski.ba\/index.php\/2022\/08\/05\/odzak-cestitao-mu-rodenje-kcerke-pa-prijetio-da-ce-mu-pobiti-obitelj\/"]}]},{"@type":"ImageObject","inLanguage":"hr","@id":"https:\/\/radioljubuski.ba\/index.php\/2022\/08\/05\/odzak-cestitao-mu-rodenje-kcerke-pa-prijetio-da-ce-mu-pobiti-obitelj\/#primaryimage","url":"https:\/\/radioljubuski.ba\/wp-content\/uploads\/2022\/07\/8-2022-07-20-12-48-49-tuzla-policija-1.jpg","contentUrl":"https:\/\/radioljubuski.ba\/wp-content\/uploads\/2022\/07\/8-2022-07-20-12-48-49-tuzla-policija-1.jpg","width":1000,"height":625},{"@type":"BreadcrumbList","@id":"https:\/\/radioljubuski.ba\/index.php\/2022\/08\/05\/odzak-cestitao-mu-rodenje-kcerke-pa-prijetio-da-ce-mu-pobiti-obitelj\/#breadcrumb","itemListElement":[{"@type":"ListItem","position":1,"name":"Po\u010detna stranica","item":"https:\/\/radioljubuski.ba\/"},{"@type":"ListItem","position":2,"name":"Od\u017eak: &#8220;\u010cestitao mu ro\u0111enje k\u0107erke pa prijetio da \u0107e mu pobiti obitelj&#8221;"}]},{"@type":"WebSite","@id":"https:\/\/radioljubuski.ba\/#website","url":"https:\/\/radioljubuski.ba\/","name":"Radio Ljubu\u0161ki","description":"Sun\u010dana frekvencija Hercegovine","publisher":{"@id":"https:\/\/radioljubuski.ba\/#organization"},"potentialAction":[{"@type":"SearchAction","target":{"@type":"EntryPoint","urlTemplate":"https:\/\/radioljubuski.ba\/?s={search_term_string}"},"query-input":{"@type":"PropertyValueSpecification","valueRequired":true,"valueName":"search_term_string"}}],"inLanguage":"hr"},{"@type":"Organization","@id":"https:\/\/radioljubuski.ba\/#organization","name":"Radio Ljubu\u0161ki","url":"https:\/\/radioljubuski.ba\/","logo":{"@type":"ImageObject","inLanguage":"hr","@id":"https:\/\/radioljubuski.ba\/#\/schema\/logo\/image\/","url":"https:\/\/radioljubuski.ba\/wp-content\/uploads\/2021\/02\/cropped-Radio_Ljubuski_logo1.jpg","contentUrl":"https:\/\/radioljubuski.ba\/wp-content\/uploads\/2021\/02\/cropped-Radio_Ljubuski_logo1.jpg","width":512,"height":512,"caption":"Radio Ljubu\u0161ki"},"image":{"@id":"https:\/\/radioljubuski.ba\/#\/schema\/logo\/image\/"},"sameAs":["https:\/\/www.facebook.com\/Radiio-Ljubuski-1490835324566332","https:\/\/x.com\/radioljubuski","https:\/\/hr.linkedin.com\/company\/radio-ljubuski","https:\/\/www.youtube.com\/channel\/UCHYaeO_n0Db3tjNGudGpXyw"]},{"@type":"Person","@id":"https:\/\/radioljubuski.ba\/#\/schema\/person\/19fc700381a780f69665d7956c469e3b","name":"Radio Ljubu\u0161ki"}]}},"_links":{"self":[{"href":"https:\/\/radioljubuski.ba\/index.php\/wp-json\/wp\/v2\/posts\/166814","targetHints":{"allow":["GET"]}}],"collection":[{"href":"https:\/\/radioljubuski.ba\/index.php\/wp-json\/wp\/v2\/posts"}],"about":[{"href":"https:\/\/radioljubuski.ba\/index.php\/wp-json\/wp\/v2\/types\/post"}],"author":[{"embeddable":true,"href":"https:\/\/radioljubuski.ba\/index.php\/wp-json\/wp\/v2\/users\/2"}],"replies":[{"embeddable":true,"href":"https:\/\/radioljubuski.ba\/index.php\/wp-json\/wp\/v2\/comments?post=166814"}],"version-history":[{"count":1,"href":"https:\/\/radioljubuski.ba\/index.php\/wp-json\/wp\/v2\/posts\/166814\/revisions"}],"predecessor-version":[{"id":166815,"href":"https:\/\/radioljubuski.ba\/index.php\/wp-json\/wp\/v2\/posts\/166814\/revisions\/166815"}],"wp:featuredmedia":[{"embeddable":true,"href":"https:\/\/radioljubuski.ba\/index.php\/wp-json\/wp\/v2\/media\/163383"}],"wp:attachment":[{"href":"https:\/\/radioljubuski.ba\/index.php\/wp-json\/wp\/v2\/media?parent=166814"}],"wp:term":[{"taxonomy":"category","embeddable":true,"href":"https:\/\/radioljubuski.ba\/index.php\/wp-json\/wp\/v2\/categories?post=166814"},{"taxonomy":"post_tag","embeddable":true,"href":"https:\/\/radioljubuski.ba\/index.php\/wp-json\/wp\/v2\/tags?post=166814"}],"curies":[{"name":"wp","href":"https:\/\/api.w.org\/{rel}","templated":true}]}}