{"id":166816,"date":"2022-08-05T12:11:41","date_gmt":"2022-08-05T11:11:41","guid":{"rendered":"https:\/\/radioljubuski.ba\/?p=166816"},"modified":"2022-08-05T12:11:42","modified_gmt":"2022-08-05T11:11:42","slug":"neformalna-grupa-gradana-stop-izgradnji-mhe-na-buni-trazi-trajnu-zastitu-spomenika-prirode","status":"publish","type":"post","link":"https:\/\/radioljubuski.ba\/index.php\/2022\/08\/05\/neformalna-grupa-gradana-stop-izgradnji-mhe-na-buni-trazi-trajnu-zastitu-spomenika-prirode\/","title":{"rendered":"Neformalna grupa gra\u0111ana &#8216;Stop izgradnji mHE na Buni&#8217; tra\u017ei trajnu za\u0161titu spomenika prirode"},"content":{"rendered":"\n<p>Neformalna grupa gra\u0111ana &#8220;Stop izgradnji mHE na Buni&#8221; okupljena oko mje\u0161tana naselja Buna na dana\u0161njoj uli\u010dnoj akciji u Mostaru informirala je gra\u0111ane o posljednjim doga\u0111anjima oko izgradnje mHE Buna 1 i 2.<\/p>\n\n\n\n<p>Pozvali su Vladu HN\u017d-a da raskine koncesijski ugovor za ove dvije mHE i time trajno za\u0161titi Bunske kanale, spomenik prirode.<\/p>\n\n\n\n<p>-Jo\u0161 jednom \u017eelimo podsjetiti javnost da borba za za\u0161titu Bunskih kanala nije gotova. Ostvarili smo zna\u010dajne pobjede u svojoj borbi, ali to nije kraj. &nbsp;Pred nama su dva mjeseca tijekom kojih \u0107e se raditi na izmjeni Prostornog plana Grada Mostara, jer sve dok se ne usvoji izmijenjeni Prostorni plan Grada Mostara, na snazi je trenutni u kojem su ucrtane dvije mHE na Bunskim kanalima, na osnovu kojeg bi investitor imao zakonsku mogu\u0107nost ishodovati potrebne dozvole. U tom razdoblju o\u010dekujemo i da \u0107e Vlada HN\u017d-a raskinuti koncesijski ugovor za ove dvije mHE kako bi za\u0161titila spomenik prirode kao i interese gra\u0111ana Mostara &#8211; kazao je Miroslav Bari\u0161i\u0107, predstavnik neformalne grupe gra\u0111ana &#8220;Stop izgradnji mHE na Buni&#8221;.<\/p>\n\n\n\n<p>Iz ove neformalne grupe gra\u0111ana podsje\u0107aju da je, nakon gra\u0111anske inicijative kojom su tra\u017eili Izmjenu Prostornog plana Grada Mostara ili izmjenu Regulacijskog plana tog podru\u010dja, a koji je trenutno na snazi, Gradsko vije\u0107e Grada Mostara usvojilo odluku o pristupanju izradi izmjena i dopuna Prostornog plana Op\u0107ine Mostar.<\/p>\n\n\n\n<p>Isti\u010du kako izmjene predvi\u0111aju i brisanje malih hidroelektrana Buna 1 i 2 iz postoje\u0107eg Prostornog plana Grada Mostara.<\/p>\n\n\n\n<p>&#8220;Ovim putem jo\u0161 jednom pozivamo sve odgovorne osobe koje odlu\u010duju u cijelom ovom procesu da za\u0161tite interese gra\u0111ana i da u okviru svojih nadle\u017enosti trajno za\u0161tite lokalitet Bunskih kanala od izgradnje mHE. Mi nastavljamo na\u0161u pravnu borbu i ne\u0107emo stati dok se trajno ne zabrani izgradnja mHE na Bunskim kanalima, spomeniku prirode&#8221;, zaklju\u010deno je u priop\u0107enju.<\/p>\n\n\n\n<p>Izvor: <strong>Pogled.ba<\/strong><\/p>\n","protected":false},"excerpt":{"rendered":"<p>Neformalna grupa gra\u0111ana &#8220;Stop izgradnji mHE na Buni&#8221; okupljena oko mje\u0161tana naselja Buna na dana\u0161njoj uli\u010dnoj akciji u Mostaru informirala je gra\u0111ane o posljednjim doga\u0111anjima oko izgradnje mHE Buna 1 i 2. Pozvali su Vladu HN\u017d-a da raskine koncesijski ugovor za ove dvije mHE i time trajno za\u0161titi Bunske kanale, spomenik prirode. -Jo\u0161 jednom \u017eelimo [&hellip;]<\/p>\n","protected":false},"author":2,"featured_media":166817,"comment_status":"closed","ping_status":"closed","sticky":false,"template":"","format":"standard","meta":{"h5ap_radio_sources":[],"footnotes":""},"categories":[1],"tags":[],"class_list":["post-166816","post","type-post","status-publish","format-standard","has-post-thumbnail","hentry","category-bihiregija"],"yoast_head":"<!-- This site is optimized with the Yoast SEO plugin v27.4 - https:\/\/yoast.com\/product\/yoast-seo-wordpress\/ -->\n<title>Neformalna grupa gra\u0111ana &#039;Stop izgradnji mHE na Buni&#039; tra\u017ei trajnu za\u0161titu spomenika prirode - RADIO LJUBU\u0160KI<\/title>\n<meta name=\"robots\" content=\"index, follow, max-snippet:-1, max-image-preview:large, max-video-preview:-1\" \/>\n<link rel=\"canonical\" href=\"https:\/\/radioljubuski.ba\/index.php\/2022\/08\/05\/neformalna-grupa-gradana-stop-izgradnji-mhe-na-buni-trazi-trajnu-zastitu-spomenika-prirode\/\" \/>\n<meta property=\"og:locale\" content=\"hr_HR\" \/>\n<meta property=\"og:type\" content=\"article\" \/>\n<meta property=\"og:title\" content=\"Neformalna grupa gra\u0111ana &#039;Stop izgradnji mHE na Buni&#039; tra\u017ei trajnu za\u0161titu spomenika prirode - RADIO LJUBU\u0160KI\" \/>\n<meta property=\"og:description\" content=\"Neformalna grupa gra\u0111ana &#8220;Stop izgradnji mHE na Buni&#8221; okupljena oko mje\u0161tana naselja Buna na dana\u0161njoj uli\u010dnoj akciji u Mostaru informirala je gra\u0111ane o posljednjim doga\u0111anjima oko izgradnje mHE Buna 1 i 2. Pozvali su Vladu HN\u017d-a da raskine koncesijski ugovor za ove dvije mHE i time trajno za\u0161titi Bunske kanale, spomenik prirode. -Jo\u0161 jednom \u017eelimo [&hellip;]\" \/>\n<meta property=\"og:url\" content=\"https:\/\/radioljubuski.ba\/index.php\/2022\/08\/05\/neformalna-grupa-gradana-stop-izgradnji-mhe-na-buni-trazi-trajnu-zastitu-spomenika-prirode\/\" \/>\n<meta property=\"og:site_name\" content=\"RADIO LJUBU\u0160KI\" \/>\n<meta property=\"article:publisher\" content=\"https:\/\/www.facebook.com\/Radiio-Ljubuski-1490835324566332\" \/>\n<meta property=\"article:published_time\" content=\"2022-08-05T11:11:41+00:00\" \/>\n<meta property=\"article:modified_time\" content=\"2022-08-05T11:11:42+00:00\" \/>\n<meta property=\"og:image\" content=\"https:\/\/radioljubuski.ba\/wp-content\/uploads\/2022\/08\/plakati.jpg\" \/>\n\t<meta property=\"og:image:width\" content=\"1000\" \/>\n\t<meta property=\"og:image:height\" content=\"625\" \/>\n\t<meta property=\"og:image:type\" content=\"image\/jpeg\" \/>\n<meta name=\"author\" content=\"Radio Ljubu\u0161ki\" \/>\n<meta name=\"twitter:card\" content=\"summary_large_image\" \/>\n<meta name=\"twitter:creator\" content=\"@radioljubuski\" \/>\n<meta name=\"twitter:site\" content=\"@radioljubuski\" \/>\n<meta name=\"twitter:label1\" content=\"Napisao\/la\" \/>\n\t<meta name=\"twitter:data1\" content=\"Radio Ljubu\u0161ki\" \/>\n\t<meta name=\"twitter:label2\" content=\"Procijenjeno vrijeme \u010ditanja\" \/>\n\t<meta name=\"twitter:data2\" content=\"2 minute\" \/>\n<script type=\"application\/ld+json\" class=\"yoast-schema-graph\">{\"@context\":\"https:\\\/\\\/schema.org\",\"@graph\":[{\"@type\":\"Article\",\"@id\":\"https:\\\/\\\/radioljubuski.ba\\\/index.php\\\/2022\\\/08\\\/05\\\/neformalna-grupa-gradana-stop-izgradnji-mhe-na-buni-trazi-trajnu-zastitu-spomenika-prirode\\\/#article\",\"isPartOf\":{\"@id\":\"https:\\\/\\\/radioljubuski.ba\\\/index.php\\\/2022\\\/08\\\/05\\\/neformalna-grupa-gradana-stop-izgradnji-mhe-na-buni-trazi-trajnu-zastitu-spomenika-prirode\\\/\"},\"author\":{\"name\":\"Radio Ljubu\u0161ki\",\"@id\":\"https:\\\/\\\/radioljubuski.ba\\\/#\\\/schema\\\/person\\\/19fc700381a780f69665d7956c469e3b\"},\"headline\":\"Neformalna grupa gra\u0111ana &#8216;Stop izgradnji mHE na Buni&#8217; tra\u017ei trajnu za\u0161titu spomenika prirode\",\"datePublished\":\"2022-08-05T11:11:41+00:00\",\"dateModified\":\"2022-08-05T11:11:42+00:00\",\"mainEntityOfPage\":{\"@id\":\"https:\\\/\\\/radioljubuski.ba\\\/index.php\\\/2022\\\/08\\\/05\\\/neformalna-grupa-gradana-stop-izgradnji-mhe-na-buni-trazi-trajnu-zastitu-spomenika-prirode\\\/\"},\"wordCount\":340,\"publisher\":{\"@id\":\"https:\\\/\\\/radioljubuski.ba\\\/#organization\"},\"image\":{\"@id\":\"https:\\\/\\\/radioljubuski.ba\\\/index.php\\\/2022\\\/08\\\/05\\\/neformalna-grupa-gradana-stop-izgradnji-mhe-na-buni-trazi-trajnu-zastitu-spomenika-prirode\\\/#primaryimage\"},\"thumbnailUrl\":\"https:\\\/\\\/radioljubuski.ba\\\/wp-content\\\/uploads\\\/2022\\\/08\\\/plakati.jpg\",\"articleSection\":[\"BIH i regija\"],\"inLanguage\":\"hr\"},{\"@type\":\"WebPage\",\"@id\":\"https:\\\/\\\/radioljubuski.ba\\\/index.php\\\/2022\\\/08\\\/05\\\/neformalna-grupa-gradana-stop-izgradnji-mhe-na-buni-trazi-trajnu-zastitu-spomenika-prirode\\\/\",\"url\":\"https:\\\/\\\/radioljubuski.ba\\\/index.php\\\/2022\\\/08\\\/05\\\/neformalna-grupa-gradana-stop-izgradnji-mhe-na-buni-trazi-trajnu-zastitu-spomenika-prirode\\\/\",\"name\":\"Neformalna grupa gra\u0111ana 'Stop izgradnji mHE na Buni' tra\u017ei trajnu za\u0161titu spomenika prirode - RADIO LJUBU\u0160KI\",\"isPartOf\":{\"@id\":\"https:\\\/\\\/radioljubuski.ba\\\/#website\"},\"primaryImageOfPage\":{\"@id\":\"https:\\\/\\\/radioljubuski.ba\\\/index.php\\\/2022\\\/08\\\/05\\\/neformalna-grupa-gradana-stop-izgradnji-mhe-na-buni-trazi-trajnu-zastitu-spomenika-prirode\\\/#primaryimage\"},\"image\":{\"@id\":\"https:\\\/\\\/radioljubuski.ba\\\/index.php\\\/2022\\\/08\\\/05\\\/neformalna-grupa-gradana-stop-izgradnji-mhe-na-buni-trazi-trajnu-zastitu-spomenika-prirode\\\/#primaryimage\"},\"thumbnailUrl\":\"https:\\\/\\\/radioljubuski.ba\\\/wp-content\\\/uploads\\\/2022\\\/08\\\/plakati.jpg\",\"datePublished\":\"2022-08-05T11:11:41+00:00\",\"dateModified\":\"2022-08-05T11:11:42+00:00\",\"breadcrumb\":{\"@id\":\"https:\\\/\\\/radioljubuski.ba\\\/index.php\\\/2022\\\/08\\\/05\\\/neformalna-grupa-gradana-stop-izgradnji-mhe-na-buni-trazi-trajnu-zastitu-spomenika-prirode\\\/#breadcrumb\"},\"inLanguage\":\"hr\",\"potentialAction\":[{\"@type\":\"ReadAction\",\"target\":[\"https:\\\/\\\/radioljubuski.ba\\\/index.php\\\/2022\\\/08\\\/05\\\/neformalna-grupa-gradana-stop-izgradnji-mhe-na-buni-trazi-trajnu-zastitu-spomenika-prirode\\\/\"]}]},{\"@type\":\"ImageObject\",\"inLanguage\":\"hr\",\"@id\":\"https:\\\/\\\/radioljubuski.ba\\\/index.php\\\/2022\\\/08\\\/05\\\/neformalna-grupa-gradana-stop-izgradnji-mhe-na-buni-trazi-trajnu-zastitu-spomenika-prirode\\\/#primaryimage\",\"url\":\"https:\\\/\\\/radioljubuski.ba\\\/wp-content\\\/uploads\\\/2022\\\/08\\\/plakati.jpg\",\"contentUrl\":\"https:\\\/\\\/radioljubuski.ba\\\/wp-content\\\/uploads\\\/2022\\\/08\\\/plakati.jpg\",\"width\":1000,\"height\":625},{\"@type\":\"BreadcrumbList\",\"@id\":\"https:\\\/\\\/radioljubuski.ba\\\/index.php\\\/2022\\\/08\\\/05\\\/neformalna-grupa-gradana-stop-izgradnji-mhe-na-buni-trazi-trajnu-zastitu-spomenika-prirode\\\/#breadcrumb\",\"itemListElement\":[{\"@type\":\"ListItem\",\"position\":1,\"name\":\"Po\u010detna stranica\",\"item\":\"https:\\\/\\\/radioljubuski.ba\\\/\"},{\"@type\":\"ListItem\",\"position\":2,\"name\":\"Neformalna grupa gra\u0111ana &#8216;Stop izgradnji mHE na Buni&#8217; tra\u017ei trajnu za\u0161titu spomenika prirode\"}]},{\"@type\":\"WebSite\",\"@id\":\"https:\\\/\\\/radioljubuski.ba\\\/#website\",\"url\":\"https:\\\/\\\/radioljubuski.ba\\\/\",\"name\":\"Radio Ljubu\u0161ki\",\"description\":\"Sun\u010dana frekvencija Hercegovine\",\"publisher\":{\"@id\":\"https:\\\/\\\/radioljubuski.ba\\\/#organization\"},\"potentialAction\":[{\"@type\":\"SearchAction\",\"target\":{\"@type\":\"EntryPoint\",\"urlTemplate\":\"https:\\\/\\\/radioljubuski.ba\\\/?s={search_term_string}\"},\"query-input\":{\"@type\":\"PropertyValueSpecification\",\"valueRequired\":true,\"valueName\":\"search_term_string\"}}],\"inLanguage\":\"hr\"},{\"@type\":\"Organization\",\"@id\":\"https:\\\/\\\/radioljubuski.ba\\\/#organization\",\"name\":\"Radio Ljubu\u0161ki\",\"url\":\"https:\\\/\\\/radioljubuski.ba\\\/\",\"logo\":{\"@type\":\"ImageObject\",\"inLanguage\":\"hr\",\"@id\":\"https:\\\/\\\/radioljubuski.ba\\\/#\\\/schema\\\/logo\\\/image\\\/\",\"url\":\"https:\\\/\\\/radioljubuski.ba\\\/wp-content\\\/uploads\\\/2021\\\/02\\\/cropped-Radio_Ljubuski_logo1.jpg\",\"contentUrl\":\"https:\\\/\\\/radioljubuski.ba\\\/wp-content\\\/uploads\\\/2021\\\/02\\\/cropped-Radio_Ljubuski_logo1.jpg\",\"width\":512,\"height\":512,\"caption\":\"Radio Ljubu\u0161ki\"},\"image\":{\"@id\":\"https:\\\/\\\/radioljubuski.ba\\\/#\\\/schema\\\/logo\\\/image\\\/\"},\"sameAs\":[\"https:\\\/\\\/www.facebook.com\\\/Radiio-Ljubuski-1490835324566332\",\"https:\\\/\\\/x.com\\\/radioljubuski\",\"https:\\\/\\\/hr.linkedin.com\\\/company\\\/radio-ljubuski\",\"https:\\\/\\\/www.youtube.com\\\/channel\\\/UCHYaeO_n0Db3tjNGudGpXyw\"]},{\"@type\":\"Person\",\"@id\":\"https:\\\/\\\/radioljubuski.ba\\\/#\\\/schema\\\/person\\\/19fc700381a780f69665d7956c469e3b\",\"name\":\"Radio Ljubu\u0161ki\"}]}<\/script>\n<!-- \/ Yoast SEO plugin. -->","yoast_head_json":{"title":"Neformalna grupa gra\u0111ana 'Stop izgradnji mHE na Buni' tra\u017ei trajnu za\u0161titu spomenika prirode - RADIO LJUBU\u0160KI","robots":{"index":"index","follow":"follow","max-snippet":"max-snippet:-1","max-image-preview":"max-image-preview:large","max-video-preview":"max-video-preview:-1"},"canonical":"https:\/\/radioljubuski.ba\/index.php\/2022\/08\/05\/neformalna-grupa-gradana-stop-izgradnji-mhe-na-buni-trazi-trajnu-zastitu-spomenika-prirode\/","og_locale":"hr_HR","og_type":"article","og_title":"Neformalna grupa gra\u0111ana 'Stop izgradnji mHE na Buni' tra\u017ei trajnu za\u0161titu spomenika prirode - RADIO LJUBU\u0160KI","og_description":"Neformalna grupa gra\u0111ana &#8220;Stop izgradnji mHE na Buni&#8221; okupljena oko mje\u0161tana naselja Buna na dana\u0161njoj uli\u010dnoj akciji u Mostaru informirala je gra\u0111ane o posljednjim doga\u0111anjima oko izgradnje mHE Buna 1 i 2. Pozvali su Vladu HN\u017d-a da raskine koncesijski ugovor za ove dvije mHE i time trajno za\u0161titi Bunske kanale, spomenik prirode. -Jo\u0161 jednom \u017eelimo [&hellip;]","og_url":"https:\/\/radioljubuski.ba\/index.php\/2022\/08\/05\/neformalna-grupa-gradana-stop-izgradnji-mhe-na-buni-trazi-trajnu-zastitu-spomenika-prirode\/","og_site_name":"RADIO LJUBU\u0160KI","article_publisher":"https:\/\/www.facebook.com\/Radiio-Ljubuski-1490835324566332","article_published_time":"2022-08-05T11:11:41+00:00","article_modified_time":"2022-08-05T11:11:42+00:00","og_image":[{"width":1000,"height":625,"url":"https:\/\/radioljubuski.ba\/wp-content\/uploads\/2022\/08\/plakati.jpg","type":"image\/jpeg"}],"author":"Radio Ljubu\u0161ki","twitter_card":"summary_large_image","twitter_creator":"@radioljubuski","twitter_site":"@radioljubuski","twitter_misc":{"Napisao\/la":"Radio Ljubu\u0161ki","Procijenjeno vrijeme \u010ditanja":"2 minute"},"schema":{"@context":"https:\/\/schema.org","@graph":[{"@type":"Article","@id":"https:\/\/radioljubuski.ba\/index.php\/2022\/08\/05\/neformalna-grupa-gradana-stop-izgradnji-mhe-na-buni-trazi-trajnu-zastitu-spomenika-prirode\/#article","isPartOf":{"@id":"https:\/\/radioljubuski.ba\/index.php\/2022\/08\/05\/neformalna-grupa-gradana-stop-izgradnji-mhe-na-buni-trazi-trajnu-zastitu-spomenika-prirode\/"},"author":{"name":"Radio Ljubu\u0161ki","@id":"https:\/\/radioljubuski.ba\/#\/schema\/person\/19fc700381a780f69665d7956c469e3b"},"headline":"Neformalna grupa gra\u0111ana &#8216;Stop izgradnji mHE na Buni&#8217; tra\u017ei trajnu za\u0161titu spomenika prirode","datePublished":"2022-08-05T11:11:41+00:00","dateModified":"2022-08-05T11:11:42+00:00","mainEntityOfPage":{"@id":"https:\/\/radioljubuski.ba\/index.php\/2022\/08\/05\/neformalna-grupa-gradana-stop-izgradnji-mhe-na-buni-trazi-trajnu-zastitu-spomenika-prirode\/"},"wordCount":340,"publisher":{"@id":"https:\/\/radioljubuski.ba\/#organization"},"image":{"@id":"https:\/\/radioljubuski.ba\/index.php\/2022\/08\/05\/neformalna-grupa-gradana-stop-izgradnji-mhe-na-buni-trazi-trajnu-zastitu-spomenika-prirode\/#primaryimage"},"thumbnailUrl":"https:\/\/radioljubuski.ba\/wp-content\/uploads\/2022\/08\/plakati.jpg","articleSection":["BIH i regija"],"inLanguage":"hr"},{"@type":"WebPage","@id":"https:\/\/radioljubuski.ba\/index.php\/2022\/08\/05\/neformalna-grupa-gradana-stop-izgradnji-mhe-na-buni-trazi-trajnu-zastitu-spomenika-prirode\/","url":"https:\/\/radioljubuski.ba\/index.php\/2022\/08\/05\/neformalna-grupa-gradana-stop-izgradnji-mhe-na-buni-trazi-trajnu-zastitu-spomenika-prirode\/","name":"Neformalna grupa gra\u0111ana 'Stop izgradnji mHE na Buni' tra\u017ei trajnu za\u0161titu spomenika prirode - RADIO LJUBU\u0160KI","isPartOf":{"@id":"https:\/\/radioljubuski.ba\/#website"},"primaryImageOfPage":{"@id":"https:\/\/radioljubuski.ba\/index.php\/2022\/08\/05\/neformalna-grupa-gradana-stop-izgradnji-mhe-na-buni-trazi-trajnu-zastitu-spomenika-prirode\/#primaryimage"},"image":{"@id":"https:\/\/radioljubuski.ba\/index.php\/2022\/08\/05\/neformalna-grupa-gradana-stop-izgradnji-mhe-na-buni-trazi-trajnu-zastitu-spomenika-prirode\/#primaryimage"},"thumbnailUrl":"https:\/\/radioljubuski.ba\/wp-content\/uploads\/2022\/08\/plakati.jpg","datePublished":"2022-08-05T11:11:41+00:00","dateModified":"2022-08-05T11:11:42+00:00","breadcrumb":{"@id":"https:\/\/radioljubuski.ba\/index.php\/2022\/08\/05\/neformalna-grupa-gradana-stop-izgradnji-mhe-na-buni-trazi-trajnu-zastitu-spomenika-prirode\/#breadcrumb"},"inLanguage":"hr","potentialAction":[{"@type":"ReadAction","target":["https:\/\/radioljubuski.ba\/index.php\/2022\/08\/05\/neformalna-grupa-gradana-stop-izgradnji-mhe-na-buni-trazi-trajnu-zastitu-spomenika-prirode\/"]}]},{"@type":"ImageObject","inLanguage":"hr","@id":"https:\/\/radioljubuski.ba\/index.php\/2022\/08\/05\/neformalna-grupa-gradana-stop-izgradnji-mhe-na-buni-trazi-trajnu-zastitu-spomenika-prirode\/#primaryimage","url":"https:\/\/radioljubuski.ba\/wp-content\/uploads\/2022\/08\/plakati.jpg","contentUrl":"https:\/\/radioljubuski.ba\/wp-content\/uploads\/2022\/08\/plakati.jpg","width":1000,"height":625},{"@type":"BreadcrumbList","@id":"https:\/\/radioljubuski.ba\/index.php\/2022\/08\/05\/neformalna-grupa-gradana-stop-izgradnji-mhe-na-buni-trazi-trajnu-zastitu-spomenika-prirode\/#breadcrumb","itemListElement":[{"@type":"ListItem","position":1,"name":"Po\u010detna stranica","item":"https:\/\/radioljubuski.ba\/"},{"@type":"ListItem","position":2,"name":"Neformalna grupa gra\u0111ana &#8216;Stop izgradnji mHE na Buni&#8217; tra\u017ei trajnu za\u0161titu spomenika prirode"}]},{"@type":"WebSite","@id":"https:\/\/radioljubuski.ba\/#website","url":"https:\/\/radioljubuski.ba\/","name":"Radio Ljubu\u0161ki","description":"Sun\u010dana frekvencija Hercegovine","publisher":{"@id":"https:\/\/radioljubuski.ba\/#organization"},"potentialAction":[{"@type":"SearchAction","target":{"@type":"EntryPoint","urlTemplate":"https:\/\/radioljubuski.ba\/?s={search_term_string}"},"query-input":{"@type":"PropertyValueSpecification","valueRequired":true,"valueName":"search_term_string"}}],"inLanguage":"hr"},{"@type":"Organization","@id":"https:\/\/radioljubuski.ba\/#organization","name":"Radio Ljubu\u0161ki","url":"https:\/\/radioljubuski.ba\/","logo":{"@type":"ImageObject","inLanguage":"hr","@id":"https:\/\/radioljubuski.ba\/#\/schema\/logo\/image\/","url":"https:\/\/radioljubuski.ba\/wp-content\/uploads\/2021\/02\/cropped-Radio_Ljubuski_logo1.jpg","contentUrl":"https:\/\/radioljubuski.ba\/wp-content\/uploads\/2021\/02\/cropped-Radio_Ljubuski_logo1.jpg","width":512,"height":512,"caption":"Radio Ljubu\u0161ki"},"image":{"@id":"https:\/\/radioljubuski.ba\/#\/schema\/logo\/image\/"},"sameAs":["https:\/\/www.facebook.com\/Radiio-Ljubuski-1490835324566332","https:\/\/x.com\/radioljubuski","https:\/\/hr.linkedin.com\/company\/radio-ljubuski","https:\/\/www.youtube.com\/channel\/UCHYaeO_n0Db3tjNGudGpXyw"]},{"@type":"Person","@id":"https:\/\/radioljubuski.ba\/#\/schema\/person\/19fc700381a780f69665d7956c469e3b","name":"Radio Ljubu\u0161ki"}]}},"_links":{"self":[{"href":"https:\/\/radioljubuski.ba\/index.php\/wp-json\/wp\/v2\/posts\/166816","targetHints":{"allow":["GET"]}}],"collection":[{"href":"https:\/\/radioljubuski.ba\/index.php\/wp-json\/wp\/v2\/posts"}],"about":[{"href":"https:\/\/radioljubuski.ba\/index.php\/wp-json\/wp\/v2\/types\/post"}],"author":[{"embeddable":true,"href":"https:\/\/radioljubuski.ba\/index.php\/wp-json\/wp\/v2\/users\/2"}],"replies":[{"embeddable":true,"href":"https:\/\/radioljubuski.ba\/index.php\/wp-json\/wp\/v2\/comments?post=166816"}],"version-history":[{"count":1,"href":"https:\/\/radioljubuski.ba\/index.php\/wp-json\/wp\/v2\/posts\/166816\/revisions"}],"predecessor-version":[{"id":166818,"href":"https:\/\/radioljubuski.ba\/index.php\/wp-json\/wp\/v2\/posts\/166816\/revisions\/166818"}],"wp:featuredmedia":[{"embeddable":true,"href":"https:\/\/radioljubuski.ba\/index.php\/wp-json\/wp\/v2\/media\/166817"}],"wp:attachment":[{"href":"https:\/\/radioljubuski.ba\/index.php\/wp-json\/wp\/v2\/media?parent=166816"}],"wp:term":[{"taxonomy":"category","embeddable":true,"href":"https:\/\/radioljubuski.ba\/index.php\/wp-json\/wp\/v2\/categories?post=166816"},{"taxonomy":"post_tag","embeddable":true,"href":"https:\/\/radioljubuski.ba\/index.php\/wp-json\/wp\/v2\/tags?post=166816"}],"curies":[{"name":"wp","href":"https:\/\/api.w.org\/{rel}","templated":true}]}}