{"id":166819,"date":"2022-08-05T12:18:18","date_gmt":"2022-08-05T11:18:18","guid":{"rendered":"https:\/\/radioljubuski.ba\/?p=166819"},"modified":"2022-08-05T12:18:20","modified_gmt":"2022-08-05T11:18:20","slug":"veterani-4-gardijske-brigade-organizirali-bakljadu-na-luckome-mostu-u-metkovicu","status":"publish","type":"post","link":"https:\/\/radioljubuski.ba\/index.php\/2022\/08\/05\/veterani-4-gardijske-brigade-organizirali-bakljadu-na-luckome-mostu-u-metkovicu\/","title":{"rendered":"Veterani 4. gardijske brigade organizirali bakljadu na Lu\u010dkome mostu u Metkovi\u0107u"},"content":{"rendered":"\n<p>Na ju\u010dera\u0161nji dan,\u00a0<strong>4. kolovoza 1995. godine<\/strong>\u00a0zapo\u010dela je\u00a0<strong>vojno-redarstvena operacija Oluja<\/strong>\u00a0kojom su oslobo\u0111eni okupirani krajevi RH.<\/p>\n\n\n\n<p>Danas,\u00a0<strong>5. kolovoza oslobo\u0111en je Knin<\/strong>\u00a0kao sredi\u0161te velikosrpske pobune te taj dan slavimo kao\u00a0<strong>Dan pobjede i domovinske zahvalnosti<\/strong>\u00a0te\u00a0<strong>Dan hrvatskih branitelja<\/strong>. <\/p>\n\n\n\n<p>Tim povodom,\u00a0<strong>Udruga veterana 4. gardijske brigade DN\u017d<\/strong>\u00a0organizirala je sino\u0107 veliku bakljadu na\u00a0<strong>Lu\u010dkome mostu<\/strong>, kojoj je nazo\u010dio i gradona\u010delnik Metkovi\u0107a\u00a0<strong>Dalibor Milan<\/strong>.<\/p>\n\n\n\n<p>Bakljada ne\u0107e izostati i ve\u010deras na mostu u\u00a0<strong>Vidu<\/strong>\u00a0(21h), gdje se danas slavi\u00a0<strong>Blagdan Gospe od Snijega \u2013 za\u0161titnice mjesta<\/strong>.<\/p>\n\n\n\n<iframe loading=\"lazy\" src=\"https:\/\/www.facebook.com\/plugins\/video.php?href=https%3A%2F%2Fwww.facebook.com%2Fmetkovic.news%2Fvideos%2F5461494787227814%2F&#038;show_text=0&#038;width=560\" width=\"560\" height=\"315\" style=\"border:none;overflow:hidden\" scrolling=\"no\" frameborder=\"0\" allowfullscreen=\"true\" allow=\"autoplay; clipboard-write; encrypted-media; picture-in-picture; web-share\" allowFullScreen=\"true\"><\/iframe>\n\n\n\n<p>Izvor: <strong>Metkovic news<\/strong><\/p>\n","protected":false},"excerpt":{"rendered":"<p>Na ju\u010dera\u0161nji dan,\u00a04. kolovoza 1995. godine\u00a0zapo\u010dela je\u00a0vojno-redarstvena operacija Oluja\u00a0kojom su oslobo\u0111eni okupirani krajevi RH. Danas,\u00a05. kolovoza oslobo\u0111en je Knin\u00a0kao sredi\u0161te velikosrpske pobune te taj dan slavimo kao\u00a0Dan pobjede i domovinske zahvalnosti\u00a0te\u00a0Dan hrvatskih branitelja. Tim povodom,\u00a0Udruga veterana 4. gardijske brigade DN\u017d\u00a0organizirala je sino\u0107 veliku bakljadu na\u00a0Lu\u010dkome mostu, kojoj je nazo\u010dio i gradona\u010delnik Metkovi\u0107a\u00a0Dalibor Milan. Bakljada ne\u0107e [&hellip;]<\/p>\n","protected":false},"author":2,"featured_media":166820,"comment_status":"closed","ping_status":"closed","sticky":false,"template":"","format":"standard","meta":{"h5ap_radio_sources":[],"footnotes":""},"categories":[1],"tags":[],"class_list":["post-166819","post","type-post","status-publish","format-standard","has-post-thumbnail","hentry","category-bihiregija"],"yoast_head":"<!-- This site is optimized with the Yoast SEO plugin v27.4 - https:\/\/yoast.com\/product\/yoast-seo-wordpress\/ -->\n<title>Veterani 4. gardijske brigade organizirali bakljadu na Lu\u010dkome mostu u Metkovi\u0107u - RADIO LJUBU\u0160KI<\/title>\n<meta name=\"robots\" content=\"index, follow, max-snippet:-1, max-image-preview:large, max-video-preview:-1\" \/>\n<link rel=\"canonical\" href=\"https:\/\/radioljubuski.ba\/index.php\/2022\/08\/05\/veterani-4-gardijske-brigade-organizirali-bakljadu-na-luckome-mostu-u-metkovicu\/\" \/>\n<meta property=\"og:locale\" content=\"hr_HR\" \/>\n<meta property=\"og:type\" content=\"article\" \/>\n<meta property=\"og:title\" content=\"Veterani 4. gardijske brigade organizirali bakljadu na Lu\u010dkome mostu u Metkovi\u0107u - RADIO LJUBU\u0160KI\" \/>\n<meta property=\"og:description\" content=\"Na ju\u010dera\u0161nji dan,\u00a04. kolovoza 1995. godine\u00a0zapo\u010dela je\u00a0vojno-redarstvena operacija Oluja\u00a0kojom su oslobo\u0111eni okupirani krajevi RH. Danas,\u00a05. kolovoza oslobo\u0111en je Knin\u00a0kao sredi\u0161te velikosrpske pobune te taj dan slavimo kao\u00a0Dan pobjede i domovinske zahvalnosti\u00a0te\u00a0Dan hrvatskih branitelja. Tim povodom,\u00a0Udruga veterana 4. gardijske brigade DN\u017d\u00a0organizirala je sino\u0107 veliku bakljadu na\u00a0Lu\u010dkome mostu, kojoj je nazo\u010dio i gradona\u010delnik Metkovi\u0107a\u00a0Dalibor Milan. Bakljada ne\u0107e [&hellip;]\" \/>\n<meta property=\"og:url\" content=\"https:\/\/radioljubuski.ba\/index.php\/2022\/08\/05\/veterani-4-gardijske-brigade-organizirali-bakljadu-na-luckome-mostu-u-metkovicu\/\" \/>\n<meta property=\"og:site_name\" content=\"RADIO LJUBU\u0160KI\" \/>\n<meta property=\"article:publisher\" content=\"https:\/\/www.facebook.com\/Radiio-Ljubuski-1490835324566332\" \/>\n<meta property=\"article:published_time\" content=\"2022-08-05T11:18:18+00:00\" \/>\n<meta property=\"article:modified_time\" content=\"2022-08-05T11:18:20+00:00\" \/>\n<meta property=\"og:image\" content=\"https:\/\/radioljubuski.ba\/wp-content\/uploads\/2022\/08\/bakljada.jpg\" \/>\n\t<meta property=\"og:image:width\" content=\"938\" \/>\n\t<meta property=\"og:image:height\" content=\"398\" \/>\n\t<meta property=\"og:image:type\" content=\"image\/jpeg\" \/>\n<meta name=\"author\" content=\"Radio Ljubu\u0161ki\" \/>\n<meta name=\"twitter:card\" content=\"summary_large_image\" \/>\n<meta name=\"twitter:creator\" content=\"@radioljubuski\" \/>\n<meta name=\"twitter:site\" content=\"@radioljubuski\" \/>\n<meta name=\"twitter:label1\" content=\"Napisao\/la\" \/>\n\t<meta name=\"twitter:data1\" content=\"Radio Ljubu\u0161ki\" \/>\n\t<meta name=\"twitter:label2\" content=\"Procijenjeno vrijeme \u010ditanja\" \/>\n\t<meta name=\"twitter:data2\" content=\"1 minuta\" \/>\n<script type=\"application\/ld+json\" class=\"yoast-schema-graph\">{\"@context\":\"https:\\\/\\\/schema.org\",\"@graph\":[{\"@type\":\"Article\",\"@id\":\"https:\\\/\\\/radioljubuski.ba\\\/index.php\\\/2022\\\/08\\\/05\\\/veterani-4-gardijske-brigade-organizirali-bakljadu-na-luckome-mostu-u-metkovicu\\\/#article\",\"isPartOf\":{\"@id\":\"https:\\\/\\\/radioljubuski.ba\\\/index.php\\\/2022\\\/08\\\/05\\\/veterani-4-gardijske-brigade-organizirali-bakljadu-na-luckome-mostu-u-metkovicu\\\/\"},\"author\":{\"name\":\"Radio Ljubu\u0161ki\",\"@id\":\"https:\\\/\\\/radioljubuski.ba\\\/#\\\/schema\\\/person\\\/19fc700381a780f69665d7956c469e3b\"},\"headline\":\"Veterani 4. gardijske brigade organizirali bakljadu na Lu\u010dkome mostu u Metkovi\u0107u\",\"datePublished\":\"2022-08-05T11:18:18+00:00\",\"dateModified\":\"2022-08-05T11:18:20+00:00\",\"mainEntityOfPage\":{\"@id\":\"https:\\\/\\\/radioljubuski.ba\\\/index.php\\\/2022\\\/08\\\/05\\\/veterani-4-gardijske-brigade-organizirali-bakljadu-na-luckome-mostu-u-metkovicu\\\/\"},\"wordCount\":110,\"publisher\":{\"@id\":\"https:\\\/\\\/radioljubuski.ba\\\/#organization\"},\"image\":{\"@id\":\"https:\\\/\\\/radioljubuski.ba\\\/index.php\\\/2022\\\/08\\\/05\\\/veterani-4-gardijske-brigade-organizirali-bakljadu-na-luckome-mostu-u-metkovicu\\\/#primaryimage\"},\"thumbnailUrl\":\"https:\\\/\\\/radioljubuski.ba\\\/wp-content\\\/uploads\\\/2022\\\/08\\\/bakljada.jpg\",\"articleSection\":[\"BIH i regija\"],\"inLanguage\":\"hr\"},{\"@type\":\"WebPage\",\"@id\":\"https:\\\/\\\/radioljubuski.ba\\\/index.php\\\/2022\\\/08\\\/05\\\/veterani-4-gardijske-brigade-organizirali-bakljadu-na-luckome-mostu-u-metkovicu\\\/\",\"url\":\"https:\\\/\\\/radioljubuski.ba\\\/index.php\\\/2022\\\/08\\\/05\\\/veterani-4-gardijske-brigade-organizirali-bakljadu-na-luckome-mostu-u-metkovicu\\\/\",\"name\":\"Veterani 4. gardijske brigade organizirali bakljadu na Lu\u010dkome mostu u Metkovi\u0107u - RADIO LJUBU\u0160KI\",\"isPartOf\":{\"@id\":\"https:\\\/\\\/radioljubuski.ba\\\/#website\"},\"primaryImageOfPage\":{\"@id\":\"https:\\\/\\\/radioljubuski.ba\\\/index.php\\\/2022\\\/08\\\/05\\\/veterani-4-gardijske-brigade-organizirali-bakljadu-na-luckome-mostu-u-metkovicu\\\/#primaryimage\"},\"image\":{\"@id\":\"https:\\\/\\\/radioljubuski.ba\\\/index.php\\\/2022\\\/08\\\/05\\\/veterani-4-gardijske-brigade-organizirali-bakljadu-na-luckome-mostu-u-metkovicu\\\/#primaryimage\"},\"thumbnailUrl\":\"https:\\\/\\\/radioljubuski.ba\\\/wp-content\\\/uploads\\\/2022\\\/08\\\/bakljada.jpg\",\"datePublished\":\"2022-08-05T11:18:18+00:00\",\"dateModified\":\"2022-08-05T11:18:20+00:00\",\"breadcrumb\":{\"@id\":\"https:\\\/\\\/radioljubuski.ba\\\/index.php\\\/2022\\\/08\\\/05\\\/veterani-4-gardijske-brigade-organizirali-bakljadu-na-luckome-mostu-u-metkovicu\\\/#breadcrumb\"},\"inLanguage\":\"hr\",\"potentialAction\":[{\"@type\":\"ReadAction\",\"target\":[\"https:\\\/\\\/radioljubuski.ba\\\/index.php\\\/2022\\\/08\\\/05\\\/veterani-4-gardijske-brigade-organizirali-bakljadu-na-luckome-mostu-u-metkovicu\\\/\"]}]},{\"@type\":\"ImageObject\",\"inLanguage\":\"hr\",\"@id\":\"https:\\\/\\\/radioljubuski.ba\\\/index.php\\\/2022\\\/08\\\/05\\\/veterani-4-gardijske-brigade-organizirali-bakljadu-na-luckome-mostu-u-metkovicu\\\/#primaryimage\",\"url\":\"https:\\\/\\\/radioljubuski.ba\\\/wp-content\\\/uploads\\\/2022\\\/08\\\/bakljada.jpg\",\"contentUrl\":\"https:\\\/\\\/radioljubuski.ba\\\/wp-content\\\/uploads\\\/2022\\\/08\\\/bakljada.jpg\",\"width\":938,\"height\":398},{\"@type\":\"BreadcrumbList\",\"@id\":\"https:\\\/\\\/radioljubuski.ba\\\/index.php\\\/2022\\\/08\\\/05\\\/veterani-4-gardijske-brigade-organizirali-bakljadu-na-luckome-mostu-u-metkovicu\\\/#breadcrumb\",\"itemListElement\":[{\"@type\":\"ListItem\",\"position\":1,\"name\":\"Po\u010detna stranica\",\"item\":\"https:\\\/\\\/radioljubuski.ba\\\/\"},{\"@type\":\"ListItem\",\"position\":2,\"name\":\"Veterani 4. gardijske brigade organizirali bakljadu na Lu\u010dkome mostu u Metkovi\u0107u\"}]},{\"@type\":\"WebSite\",\"@id\":\"https:\\\/\\\/radioljubuski.ba\\\/#website\",\"url\":\"https:\\\/\\\/radioljubuski.ba\\\/\",\"name\":\"Radio Ljubu\u0161ki\",\"description\":\"Sun\u010dana frekvencija Hercegovine\",\"publisher\":{\"@id\":\"https:\\\/\\\/radioljubuski.ba\\\/#organization\"},\"potentialAction\":[{\"@type\":\"SearchAction\",\"target\":{\"@type\":\"EntryPoint\",\"urlTemplate\":\"https:\\\/\\\/radioljubuski.ba\\\/?s={search_term_string}\"},\"query-input\":{\"@type\":\"PropertyValueSpecification\",\"valueRequired\":true,\"valueName\":\"search_term_string\"}}],\"inLanguage\":\"hr\"},{\"@type\":\"Organization\",\"@id\":\"https:\\\/\\\/radioljubuski.ba\\\/#organization\",\"name\":\"Radio Ljubu\u0161ki\",\"url\":\"https:\\\/\\\/radioljubuski.ba\\\/\",\"logo\":{\"@type\":\"ImageObject\",\"inLanguage\":\"hr\",\"@id\":\"https:\\\/\\\/radioljubuski.ba\\\/#\\\/schema\\\/logo\\\/image\\\/\",\"url\":\"https:\\\/\\\/radioljubuski.ba\\\/wp-content\\\/uploads\\\/2021\\\/02\\\/cropped-Radio_Ljubuski_logo1.jpg\",\"contentUrl\":\"https:\\\/\\\/radioljubuski.ba\\\/wp-content\\\/uploads\\\/2021\\\/02\\\/cropped-Radio_Ljubuski_logo1.jpg\",\"width\":512,\"height\":512,\"caption\":\"Radio Ljubu\u0161ki\"},\"image\":{\"@id\":\"https:\\\/\\\/radioljubuski.ba\\\/#\\\/schema\\\/logo\\\/image\\\/\"},\"sameAs\":[\"https:\\\/\\\/www.facebook.com\\\/Radiio-Ljubuski-1490835324566332\",\"https:\\\/\\\/x.com\\\/radioljubuski\",\"https:\\\/\\\/hr.linkedin.com\\\/company\\\/radio-ljubuski\",\"https:\\\/\\\/www.youtube.com\\\/channel\\\/UCHYaeO_n0Db3tjNGudGpXyw\"]},{\"@type\":\"Person\",\"@id\":\"https:\\\/\\\/radioljubuski.ba\\\/#\\\/schema\\\/person\\\/19fc700381a780f69665d7956c469e3b\",\"name\":\"Radio Ljubu\u0161ki\"}]}<\/script>\n<!-- \/ Yoast SEO plugin. -->","yoast_head_json":{"title":"Veterani 4. gardijske brigade organizirali bakljadu na Lu\u010dkome mostu u Metkovi\u0107u - RADIO LJUBU\u0160KI","robots":{"index":"index","follow":"follow","max-snippet":"max-snippet:-1","max-image-preview":"max-image-preview:large","max-video-preview":"max-video-preview:-1"},"canonical":"https:\/\/radioljubuski.ba\/index.php\/2022\/08\/05\/veterani-4-gardijske-brigade-organizirali-bakljadu-na-luckome-mostu-u-metkovicu\/","og_locale":"hr_HR","og_type":"article","og_title":"Veterani 4. gardijske brigade organizirali bakljadu na Lu\u010dkome mostu u Metkovi\u0107u - RADIO LJUBU\u0160KI","og_description":"Na ju\u010dera\u0161nji dan,\u00a04. kolovoza 1995. godine\u00a0zapo\u010dela je\u00a0vojno-redarstvena operacija Oluja\u00a0kojom su oslobo\u0111eni okupirani krajevi RH. Danas,\u00a05. kolovoza oslobo\u0111en je Knin\u00a0kao sredi\u0161te velikosrpske pobune te taj dan slavimo kao\u00a0Dan pobjede i domovinske zahvalnosti\u00a0te\u00a0Dan hrvatskih branitelja. Tim povodom,\u00a0Udruga veterana 4. gardijske brigade DN\u017d\u00a0organizirala je sino\u0107 veliku bakljadu na\u00a0Lu\u010dkome mostu, kojoj je nazo\u010dio i gradona\u010delnik Metkovi\u0107a\u00a0Dalibor Milan. Bakljada ne\u0107e [&hellip;]","og_url":"https:\/\/radioljubuski.ba\/index.php\/2022\/08\/05\/veterani-4-gardijske-brigade-organizirali-bakljadu-na-luckome-mostu-u-metkovicu\/","og_site_name":"RADIO LJUBU\u0160KI","article_publisher":"https:\/\/www.facebook.com\/Radiio-Ljubuski-1490835324566332","article_published_time":"2022-08-05T11:18:18+00:00","article_modified_time":"2022-08-05T11:18:20+00:00","og_image":[{"width":938,"height":398,"url":"https:\/\/radioljubuski.ba\/wp-content\/uploads\/2022\/08\/bakljada.jpg","type":"image\/jpeg"}],"author":"Radio Ljubu\u0161ki","twitter_card":"summary_large_image","twitter_creator":"@radioljubuski","twitter_site":"@radioljubuski","twitter_misc":{"Napisao\/la":"Radio Ljubu\u0161ki","Procijenjeno vrijeme \u010ditanja":"1 minuta"},"schema":{"@context":"https:\/\/schema.org","@graph":[{"@type":"Article","@id":"https:\/\/radioljubuski.ba\/index.php\/2022\/08\/05\/veterani-4-gardijske-brigade-organizirali-bakljadu-na-luckome-mostu-u-metkovicu\/#article","isPartOf":{"@id":"https:\/\/radioljubuski.ba\/index.php\/2022\/08\/05\/veterani-4-gardijske-brigade-organizirali-bakljadu-na-luckome-mostu-u-metkovicu\/"},"author":{"name":"Radio Ljubu\u0161ki","@id":"https:\/\/radioljubuski.ba\/#\/schema\/person\/19fc700381a780f69665d7956c469e3b"},"headline":"Veterani 4. gardijske brigade organizirali bakljadu na Lu\u010dkome mostu u Metkovi\u0107u","datePublished":"2022-08-05T11:18:18+00:00","dateModified":"2022-08-05T11:18:20+00:00","mainEntityOfPage":{"@id":"https:\/\/radioljubuski.ba\/index.php\/2022\/08\/05\/veterani-4-gardijske-brigade-organizirali-bakljadu-na-luckome-mostu-u-metkovicu\/"},"wordCount":110,"publisher":{"@id":"https:\/\/radioljubuski.ba\/#organization"},"image":{"@id":"https:\/\/radioljubuski.ba\/index.php\/2022\/08\/05\/veterani-4-gardijske-brigade-organizirali-bakljadu-na-luckome-mostu-u-metkovicu\/#primaryimage"},"thumbnailUrl":"https:\/\/radioljubuski.ba\/wp-content\/uploads\/2022\/08\/bakljada.jpg","articleSection":["BIH i regija"],"inLanguage":"hr"},{"@type":"WebPage","@id":"https:\/\/radioljubuski.ba\/index.php\/2022\/08\/05\/veterani-4-gardijske-brigade-organizirali-bakljadu-na-luckome-mostu-u-metkovicu\/","url":"https:\/\/radioljubuski.ba\/index.php\/2022\/08\/05\/veterani-4-gardijske-brigade-organizirali-bakljadu-na-luckome-mostu-u-metkovicu\/","name":"Veterani 4. gardijske brigade organizirali bakljadu na Lu\u010dkome mostu u Metkovi\u0107u - RADIO LJUBU\u0160KI","isPartOf":{"@id":"https:\/\/radioljubuski.ba\/#website"},"primaryImageOfPage":{"@id":"https:\/\/radioljubuski.ba\/index.php\/2022\/08\/05\/veterani-4-gardijske-brigade-organizirali-bakljadu-na-luckome-mostu-u-metkovicu\/#primaryimage"},"image":{"@id":"https:\/\/radioljubuski.ba\/index.php\/2022\/08\/05\/veterani-4-gardijske-brigade-organizirali-bakljadu-na-luckome-mostu-u-metkovicu\/#primaryimage"},"thumbnailUrl":"https:\/\/radioljubuski.ba\/wp-content\/uploads\/2022\/08\/bakljada.jpg","datePublished":"2022-08-05T11:18:18+00:00","dateModified":"2022-08-05T11:18:20+00:00","breadcrumb":{"@id":"https:\/\/radioljubuski.ba\/index.php\/2022\/08\/05\/veterani-4-gardijske-brigade-organizirali-bakljadu-na-luckome-mostu-u-metkovicu\/#breadcrumb"},"inLanguage":"hr","potentialAction":[{"@type":"ReadAction","target":["https:\/\/radioljubuski.ba\/index.php\/2022\/08\/05\/veterani-4-gardijske-brigade-organizirali-bakljadu-na-luckome-mostu-u-metkovicu\/"]}]},{"@type":"ImageObject","inLanguage":"hr","@id":"https:\/\/radioljubuski.ba\/index.php\/2022\/08\/05\/veterani-4-gardijske-brigade-organizirali-bakljadu-na-luckome-mostu-u-metkovicu\/#primaryimage","url":"https:\/\/radioljubuski.ba\/wp-content\/uploads\/2022\/08\/bakljada.jpg","contentUrl":"https:\/\/radioljubuski.ba\/wp-content\/uploads\/2022\/08\/bakljada.jpg","width":938,"height":398},{"@type":"BreadcrumbList","@id":"https:\/\/radioljubuski.ba\/index.php\/2022\/08\/05\/veterani-4-gardijske-brigade-organizirali-bakljadu-na-luckome-mostu-u-metkovicu\/#breadcrumb","itemListElement":[{"@type":"ListItem","position":1,"name":"Po\u010detna stranica","item":"https:\/\/radioljubuski.ba\/"},{"@type":"ListItem","position":2,"name":"Veterani 4. gardijske brigade organizirali bakljadu na Lu\u010dkome mostu u Metkovi\u0107u"}]},{"@type":"WebSite","@id":"https:\/\/radioljubuski.ba\/#website","url":"https:\/\/radioljubuski.ba\/","name":"Radio Ljubu\u0161ki","description":"Sun\u010dana frekvencija Hercegovine","publisher":{"@id":"https:\/\/radioljubuski.ba\/#organization"},"potentialAction":[{"@type":"SearchAction","target":{"@type":"EntryPoint","urlTemplate":"https:\/\/radioljubuski.ba\/?s={search_term_string}"},"query-input":{"@type":"PropertyValueSpecification","valueRequired":true,"valueName":"search_term_string"}}],"inLanguage":"hr"},{"@type":"Organization","@id":"https:\/\/radioljubuski.ba\/#organization","name":"Radio Ljubu\u0161ki","url":"https:\/\/radioljubuski.ba\/","logo":{"@type":"ImageObject","inLanguage":"hr","@id":"https:\/\/radioljubuski.ba\/#\/schema\/logo\/image\/","url":"https:\/\/radioljubuski.ba\/wp-content\/uploads\/2021\/02\/cropped-Radio_Ljubuski_logo1.jpg","contentUrl":"https:\/\/radioljubuski.ba\/wp-content\/uploads\/2021\/02\/cropped-Radio_Ljubuski_logo1.jpg","width":512,"height":512,"caption":"Radio Ljubu\u0161ki"},"image":{"@id":"https:\/\/radioljubuski.ba\/#\/schema\/logo\/image\/"},"sameAs":["https:\/\/www.facebook.com\/Radiio-Ljubuski-1490835324566332","https:\/\/x.com\/radioljubuski","https:\/\/hr.linkedin.com\/company\/radio-ljubuski","https:\/\/www.youtube.com\/channel\/UCHYaeO_n0Db3tjNGudGpXyw"]},{"@type":"Person","@id":"https:\/\/radioljubuski.ba\/#\/schema\/person\/19fc700381a780f69665d7956c469e3b","name":"Radio Ljubu\u0161ki"}]}},"_links":{"self":[{"href":"https:\/\/radioljubuski.ba\/index.php\/wp-json\/wp\/v2\/posts\/166819","targetHints":{"allow":["GET"]}}],"collection":[{"href":"https:\/\/radioljubuski.ba\/index.php\/wp-json\/wp\/v2\/posts"}],"about":[{"href":"https:\/\/radioljubuski.ba\/index.php\/wp-json\/wp\/v2\/types\/post"}],"author":[{"embeddable":true,"href":"https:\/\/radioljubuski.ba\/index.php\/wp-json\/wp\/v2\/users\/2"}],"replies":[{"embeddable":true,"href":"https:\/\/radioljubuski.ba\/index.php\/wp-json\/wp\/v2\/comments?post=166819"}],"version-history":[{"count":1,"href":"https:\/\/radioljubuski.ba\/index.php\/wp-json\/wp\/v2\/posts\/166819\/revisions"}],"predecessor-version":[{"id":166821,"href":"https:\/\/radioljubuski.ba\/index.php\/wp-json\/wp\/v2\/posts\/166819\/revisions\/166821"}],"wp:featuredmedia":[{"embeddable":true,"href":"https:\/\/radioljubuski.ba\/index.php\/wp-json\/wp\/v2\/media\/166820"}],"wp:attachment":[{"href":"https:\/\/radioljubuski.ba\/index.php\/wp-json\/wp\/v2\/media?parent=166819"}],"wp:term":[{"taxonomy":"category","embeddable":true,"href":"https:\/\/radioljubuski.ba\/index.php\/wp-json\/wp\/v2\/categories?post=166819"},{"taxonomy":"post_tag","embeddable":true,"href":"https:\/\/radioljubuski.ba\/index.php\/wp-json\/wp\/v2\/tags?post=166819"}],"curies":[{"name":"wp","href":"https:\/\/api.w.org\/{rel}","templated":true}]}}