{"id":166828,"date":"2022-08-05T13:48:43","date_gmt":"2022-08-05T12:48:43","guid":{"rendered":"https:\/\/radioljubuski.ba\/?p=166828"},"modified":"2022-08-05T13:48:44","modified_gmt":"2022-08-05T12:48:44","slug":"zavrsila-sredisnja-svecanost-u-kninu","status":"publish","type":"post","link":"https:\/\/radioljubuski.ba\/index.php\/2022\/08\/05\/zavrsila-sredisnja-svecanost-u-kninu\/","title":{"rendered":"Zavr\u0161ila sredi\u0161nja sve\u010danost u Kninu"},"content":{"rendered":"\n<p><strong>Zavr\u0161ila je sredi\u0161nja sve\u010danost obilje\u017eavanja Dana pobjede i 27. godi\u0161njice VRO&nbsp;\u201cOluja\u201d, koja je u petak odr\u017eana na stadionu NK Dinara, a trenutno&nbsp;traje misa&nbsp;\u200bu crkvi Gospe Velikoga Hrvatskog Krsnog Zavjeta, koju predvodi&nbsp;\u0161ibenski biskup Tomislav Rogi\u0107.&nbsp;<\/strong><\/p>\n\n\n\n<p>Jutros je proslava po\u010dela&nbsp;prijavkom predsjedniku Republike i vrhovnom zapovjedniku\u200b, a za to&nbsp;vrijeme je \u200bna tvr\u0111avi podignuta&nbsp;dr\u017eavna zastava uz pjevanje himne. \u200bObilje\u017eavanje se nastavilo&nbsp;zvonjavom crkvenih zvona, najavom plotuna, \u010ditanjem povjesnice i imena svih poginulih branitelja u Oluji, kao i minutom \u0161utnje.<\/p>\n\n\n\n<p>Potom su na NK Dinara uslijedila obra\u0107anja \u010detvorice govornika \u2013&nbsp;umirovljenog&nbsp;general pukovnika Mladena Marka\u010da, predsjednika Vlade Andreja Plenkovi\u0107a, predsjednika Hrvatskog sabora Gordana Jandrokovi\u0107a i predsjednika Republike i vrhovnog zapovjednika Oru\u017eanih snaga RH Zorana Milanovi\u0107a.<\/p>\n\n\n\n<p>Od 11 do 11.14 sati je \u200bizveden \u200bprogram akrobatske grupe Krila oluje i prelet helikoptera MORH- a i MUP-a, a sve\u010danost&nbsp;na nogometnom stadionu zavr\u0161ila je \u200buz malo ka\u0161njenje zbog dugih govora u 11.30 sati.&nbsp;Prethodno su izaslanstva polo\u017eila cvije\u0107e i upalili svije\u0107e kod spomenika hrvatske pobjede \u201cOluja 95\u201d na Trgu dr. Ante Star\u010devi\u0107a.<\/p>\n\n\n\n<p>\u200bNe\u0161to prije podneva na Trgu Ante Star\u010devi\u0107a ispred spomenika \u201cOluja 95\u201d je nekada\u0161nji\u00a0zapovjednik 9. bojne HOS-a Marko Skejo\u200b nakon polaganja vijenca postrojio svoje suborce, kao \u0161to to ve\u0107 godinama \u010dini, nakon \u010dega je uslijedio pozdrav \u201cZa dom\u00a0spremni\u201d kojega su uzviknuli tri puta.<\/p>\n\n\n\n<p>Slu\u017ebeni zavr\u0161etak programa je u 14 sati, nakon \u010dega slijedi drugi dio programa koji organizira&nbsp;Grad Knin, u kojem \u0107e u 21 sat po\u010deti koncert Doris Dragovi\u0107, potom vatromet i koncert grupe Op\u0107a opasnost.<\/p>\n\n\n\n<p>I ove, kao i prethodnih godina, u Kninu je primjetan manji broj ljudi, no nije jasno jesu li uzrok tome visoke temperature, jer je na stadionu NK Dinara na suncu izmjereno nevjerojatnih 43 stupnjeva Celzija, ili ne\u0161to drugo.<\/p>\n\n\n\n<p>No, brojni gra\u0111ani s kojima su novinari pri\u010dali u Kninu izrazili su negodovanje jer im nije dozvoljeno da u\u0111u na stadion bez akreditacija, pa je dio njih preskakao zid kako bi mogao&nbsp;vidjeti barem dio sve\u010danosti.<\/p>\n\n\n\n<p>I nekoliko branitelja je izrazilo razo\u010darenje \u0161to ne mogu do\u0107i do trga za vrijeme trajanja ceremonije. Ka\u017eu, borili su se za Hrvatsku i oslobodili Knin, a danas im ne daju pri\u0107i trgu, stoga su uvjereni da se to radi \u201ckako bi se branitelje i gra\u0111ane maknulo\u00a0\u0161to dalje\u201d.<\/p>\n\n\n\n<p>Organizacija je ove godine bila gora nego lani pa su se tako brojne novinarske ekipe \u201cpr\u017eile\u201d satima na suncu,&nbsp;nisu imale gdje pisati svoja izvje\u0161\u0107a da bi na kraju, iako su prethodno bile najavljene, ostali bez izjava glavnih govornika na stadionu.<\/p>\n\n\n\n<p><strong>Fenix-magazin\/MD\/Hina<\/strong><\/p>\n","protected":false},"excerpt":{"rendered":"<p>Zavr\u0161ila je sredi\u0161nja sve\u010danost obilje\u017eavanja Dana pobjede i 27. godi\u0161njice VRO&nbsp;\u201cOluja\u201d, koja je u petak odr\u017eana na stadionu NK Dinara, a trenutno&nbsp;traje misa&nbsp;\u200bu crkvi Gospe Velikoga Hrvatskog Krsnog Zavjeta, koju predvodi&nbsp;\u0161ibenski biskup Tomislav Rogi\u0107.&nbsp; Jutros je proslava po\u010dela&nbsp;prijavkom predsjedniku Republike i vrhovnom zapovjedniku\u200b, a za to&nbsp;vrijeme je \u200bna tvr\u0111avi podignuta&nbsp;dr\u017eavna zastava uz pjevanje himne. \u200bObilje\u017eavanje [&hellip;]<\/p>\n","protected":false},"author":2,"featured_media":166829,"comment_status":"closed","ping_status":"closed","sticky":false,"template":"","format":"standard","meta":{"h5ap_radio_sources":[],"footnotes":""},"categories":[1],"tags":[],"class_list":["post-166828","post","type-post","status-publish","format-standard","has-post-thumbnail","hentry","category-bihiregija"],"yoast_head":"<!-- This site is optimized with the Yoast SEO plugin v27.4 - https:\/\/yoast.com\/product\/yoast-seo-wordpress\/ -->\n<title>Zavr\u0161ila sredi\u0161nja sve\u010danost u Kninu - RADIO LJUBU\u0160KI<\/title>\n<meta name=\"robots\" content=\"index, follow, max-snippet:-1, max-image-preview:large, max-video-preview:-1\" \/>\n<link rel=\"canonical\" href=\"https:\/\/radioljubuski.ba\/index.php\/2022\/08\/05\/zavrsila-sredisnja-svecanost-u-kninu\/\" \/>\n<meta property=\"og:locale\" content=\"hr_HR\" \/>\n<meta property=\"og:type\" content=\"article\" \/>\n<meta property=\"og:title\" content=\"Zavr\u0161ila sredi\u0161nja sve\u010danost u Kninu - RADIO LJUBU\u0160KI\" \/>\n<meta property=\"og:description\" content=\"Zavr\u0161ila je sredi\u0161nja sve\u010danost obilje\u017eavanja Dana pobjede i 27. godi\u0161njice VRO&nbsp;\u201cOluja\u201d, koja je u petak odr\u017eana na stadionu NK Dinara, a trenutno&nbsp;traje misa&nbsp;\u200bu crkvi Gospe Velikoga Hrvatskog Krsnog Zavjeta, koju predvodi&nbsp;\u0161ibenski biskup Tomislav Rogi\u0107.&nbsp; Jutros je proslava po\u010dela&nbsp;prijavkom predsjedniku Republike i vrhovnom zapovjedniku\u200b, a za to&nbsp;vrijeme je \u200bna tvr\u0111avi podignuta&nbsp;dr\u017eavna zastava uz pjevanje himne. \u200bObilje\u017eavanje [&hellip;]\" \/>\n<meta property=\"og:url\" content=\"https:\/\/radioljubuski.ba\/index.php\/2022\/08\/05\/zavrsila-sredisnja-svecanost-u-kninu\/\" \/>\n<meta property=\"og:site_name\" content=\"RADIO LJUBU\u0160KI\" \/>\n<meta property=\"article:publisher\" content=\"https:\/\/www.facebook.com\/Radiio-Ljubuski-1490835324566332\" \/>\n<meta property=\"article:published_time\" content=\"2022-08-05T12:48:43+00:00\" \/>\n<meta property=\"article:modified_time\" content=\"2022-08-05T12:48:44+00:00\" \/>\n<meta property=\"og:image\" content=\"https:\/\/radioljubuski.ba\/wp-content\/uploads\/2022\/08\/knin.jpg\" \/>\n\t<meta property=\"og:image:width\" content=\"660\" \/>\n\t<meta property=\"og:image:height\" content=\"330\" \/>\n\t<meta property=\"og:image:type\" content=\"image\/jpeg\" \/>\n<meta name=\"author\" content=\"Radio Ljubu\u0161ki\" \/>\n<meta name=\"twitter:card\" content=\"summary_large_image\" \/>\n<meta name=\"twitter:creator\" content=\"@radioljubuski\" \/>\n<meta name=\"twitter:site\" content=\"@radioljubuski\" \/>\n<meta name=\"twitter:label1\" content=\"Napisao\/la\" \/>\n\t<meta name=\"twitter:data1\" content=\"Radio Ljubu\u0161ki\" \/>\n\t<meta name=\"twitter:label2\" content=\"Procijenjeno vrijeme \u010ditanja\" \/>\n\t<meta name=\"twitter:data2\" content=\"2 minute\" \/>\n<script type=\"application\/ld+json\" class=\"yoast-schema-graph\">{\"@context\":\"https:\\\/\\\/schema.org\",\"@graph\":[{\"@type\":\"Article\",\"@id\":\"https:\\\/\\\/radioljubuski.ba\\\/index.php\\\/2022\\\/08\\\/05\\\/zavrsila-sredisnja-svecanost-u-kninu\\\/#article\",\"isPartOf\":{\"@id\":\"https:\\\/\\\/radioljubuski.ba\\\/index.php\\\/2022\\\/08\\\/05\\\/zavrsila-sredisnja-svecanost-u-kninu\\\/\"},\"author\":{\"name\":\"Radio Ljubu\u0161ki\",\"@id\":\"https:\\\/\\\/radioljubuski.ba\\\/#\\\/schema\\\/person\\\/19fc700381a780f69665d7956c469e3b\"},\"headline\":\"Zavr\u0161ila sredi\u0161nja sve\u010danost u Kninu\",\"datePublished\":\"2022-08-05T12:48:43+00:00\",\"dateModified\":\"2022-08-05T12:48:44+00:00\",\"mainEntityOfPage\":{\"@id\":\"https:\\\/\\\/radioljubuski.ba\\\/index.php\\\/2022\\\/08\\\/05\\\/zavrsila-sredisnja-svecanost-u-kninu\\\/\"},\"wordCount\":472,\"publisher\":{\"@id\":\"https:\\\/\\\/radioljubuski.ba\\\/#organization\"},\"image\":{\"@id\":\"https:\\\/\\\/radioljubuski.ba\\\/index.php\\\/2022\\\/08\\\/05\\\/zavrsila-sredisnja-svecanost-u-kninu\\\/#primaryimage\"},\"thumbnailUrl\":\"https:\\\/\\\/radioljubuski.ba\\\/wp-content\\\/uploads\\\/2022\\\/08\\\/knin.jpg\",\"articleSection\":[\"BIH i regija\"],\"inLanguage\":\"hr\"},{\"@type\":\"WebPage\",\"@id\":\"https:\\\/\\\/radioljubuski.ba\\\/index.php\\\/2022\\\/08\\\/05\\\/zavrsila-sredisnja-svecanost-u-kninu\\\/\",\"url\":\"https:\\\/\\\/radioljubuski.ba\\\/index.php\\\/2022\\\/08\\\/05\\\/zavrsila-sredisnja-svecanost-u-kninu\\\/\",\"name\":\"Zavr\u0161ila sredi\u0161nja sve\u010danost u Kninu - RADIO LJUBU\u0160KI\",\"isPartOf\":{\"@id\":\"https:\\\/\\\/radioljubuski.ba\\\/#website\"},\"primaryImageOfPage\":{\"@id\":\"https:\\\/\\\/radioljubuski.ba\\\/index.php\\\/2022\\\/08\\\/05\\\/zavrsila-sredisnja-svecanost-u-kninu\\\/#primaryimage\"},\"image\":{\"@id\":\"https:\\\/\\\/radioljubuski.ba\\\/index.php\\\/2022\\\/08\\\/05\\\/zavrsila-sredisnja-svecanost-u-kninu\\\/#primaryimage\"},\"thumbnailUrl\":\"https:\\\/\\\/radioljubuski.ba\\\/wp-content\\\/uploads\\\/2022\\\/08\\\/knin.jpg\",\"datePublished\":\"2022-08-05T12:48:43+00:00\",\"dateModified\":\"2022-08-05T12:48:44+00:00\",\"breadcrumb\":{\"@id\":\"https:\\\/\\\/radioljubuski.ba\\\/index.php\\\/2022\\\/08\\\/05\\\/zavrsila-sredisnja-svecanost-u-kninu\\\/#breadcrumb\"},\"inLanguage\":\"hr\",\"potentialAction\":[{\"@type\":\"ReadAction\",\"target\":[\"https:\\\/\\\/radioljubuski.ba\\\/index.php\\\/2022\\\/08\\\/05\\\/zavrsila-sredisnja-svecanost-u-kninu\\\/\"]}]},{\"@type\":\"ImageObject\",\"inLanguage\":\"hr\",\"@id\":\"https:\\\/\\\/radioljubuski.ba\\\/index.php\\\/2022\\\/08\\\/05\\\/zavrsila-sredisnja-svecanost-u-kninu\\\/#primaryimage\",\"url\":\"https:\\\/\\\/radioljubuski.ba\\\/wp-content\\\/uploads\\\/2022\\\/08\\\/knin.jpg\",\"contentUrl\":\"https:\\\/\\\/radioljubuski.ba\\\/wp-content\\\/uploads\\\/2022\\\/08\\\/knin.jpg\",\"width\":660,\"height\":330},{\"@type\":\"BreadcrumbList\",\"@id\":\"https:\\\/\\\/radioljubuski.ba\\\/index.php\\\/2022\\\/08\\\/05\\\/zavrsila-sredisnja-svecanost-u-kninu\\\/#breadcrumb\",\"itemListElement\":[{\"@type\":\"ListItem\",\"position\":1,\"name\":\"Po\u010detna stranica\",\"item\":\"https:\\\/\\\/radioljubuski.ba\\\/\"},{\"@type\":\"ListItem\",\"position\":2,\"name\":\"Zavr\u0161ila sredi\u0161nja sve\u010danost u Kninu\"}]},{\"@type\":\"WebSite\",\"@id\":\"https:\\\/\\\/radioljubuski.ba\\\/#website\",\"url\":\"https:\\\/\\\/radioljubuski.ba\\\/\",\"name\":\"Radio Ljubu\u0161ki\",\"description\":\"Sun\u010dana frekvencija Hercegovine\",\"publisher\":{\"@id\":\"https:\\\/\\\/radioljubuski.ba\\\/#organization\"},\"potentialAction\":[{\"@type\":\"SearchAction\",\"target\":{\"@type\":\"EntryPoint\",\"urlTemplate\":\"https:\\\/\\\/radioljubuski.ba\\\/?s={search_term_string}\"},\"query-input\":{\"@type\":\"PropertyValueSpecification\",\"valueRequired\":true,\"valueName\":\"search_term_string\"}}],\"inLanguage\":\"hr\"},{\"@type\":\"Organization\",\"@id\":\"https:\\\/\\\/radioljubuski.ba\\\/#organization\",\"name\":\"Radio Ljubu\u0161ki\",\"url\":\"https:\\\/\\\/radioljubuski.ba\\\/\",\"logo\":{\"@type\":\"ImageObject\",\"inLanguage\":\"hr\",\"@id\":\"https:\\\/\\\/radioljubuski.ba\\\/#\\\/schema\\\/logo\\\/image\\\/\",\"url\":\"https:\\\/\\\/radioljubuski.ba\\\/wp-content\\\/uploads\\\/2021\\\/02\\\/cropped-Radio_Ljubuski_logo1.jpg\",\"contentUrl\":\"https:\\\/\\\/radioljubuski.ba\\\/wp-content\\\/uploads\\\/2021\\\/02\\\/cropped-Radio_Ljubuski_logo1.jpg\",\"width\":512,\"height\":512,\"caption\":\"Radio Ljubu\u0161ki\"},\"image\":{\"@id\":\"https:\\\/\\\/radioljubuski.ba\\\/#\\\/schema\\\/logo\\\/image\\\/\"},\"sameAs\":[\"https:\\\/\\\/www.facebook.com\\\/Radiio-Ljubuski-1490835324566332\",\"https:\\\/\\\/x.com\\\/radioljubuski\",\"https:\\\/\\\/hr.linkedin.com\\\/company\\\/radio-ljubuski\",\"https:\\\/\\\/www.youtube.com\\\/channel\\\/UCHYaeO_n0Db3tjNGudGpXyw\"]},{\"@type\":\"Person\",\"@id\":\"https:\\\/\\\/radioljubuski.ba\\\/#\\\/schema\\\/person\\\/19fc700381a780f69665d7956c469e3b\",\"name\":\"Radio Ljubu\u0161ki\"}]}<\/script>\n<!-- \/ Yoast SEO plugin. -->","yoast_head_json":{"title":"Zavr\u0161ila sredi\u0161nja sve\u010danost u Kninu - RADIO LJUBU\u0160KI","robots":{"index":"index","follow":"follow","max-snippet":"max-snippet:-1","max-image-preview":"max-image-preview:large","max-video-preview":"max-video-preview:-1"},"canonical":"https:\/\/radioljubuski.ba\/index.php\/2022\/08\/05\/zavrsila-sredisnja-svecanost-u-kninu\/","og_locale":"hr_HR","og_type":"article","og_title":"Zavr\u0161ila sredi\u0161nja sve\u010danost u Kninu - RADIO LJUBU\u0160KI","og_description":"Zavr\u0161ila je sredi\u0161nja sve\u010danost obilje\u017eavanja Dana pobjede i 27. godi\u0161njice VRO&nbsp;\u201cOluja\u201d, koja je u petak odr\u017eana na stadionu NK Dinara, a trenutno&nbsp;traje misa&nbsp;\u200bu crkvi Gospe Velikoga Hrvatskog Krsnog Zavjeta, koju predvodi&nbsp;\u0161ibenski biskup Tomislav Rogi\u0107.&nbsp; Jutros je proslava po\u010dela&nbsp;prijavkom predsjedniku Republike i vrhovnom zapovjedniku\u200b, a za to&nbsp;vrijeme je \u200bna tvr\u0111avi podignuta&nbsp;dr\u017eavna zastava uz pjevanje himne. \u200bObilje\u017eavanje [&hellip;]","og_url":"https:\/\/radioljubuski.ba\/index.php\/2022\/08\/05\/zavrsila-sredisnja-svecanost-u-kninu\/","og_site_name":"RADIO LJUBU\u0160KI","article_publisher":"https:\/\/www.facebook.com\/Radiio-Ljubuski-1490835324566332","article_published_time":"2022-08-05T12:48:43+00:00","article_modified_time":"2022-08-05T12:48:44+00:00","og_image":[{"width":660,"height":330,"url":"https:\/\/radioljubuski.ba\/wp-content\/uploads\/2022\/08\/knin.jpg","type":"image\/jpeg"}],"author":"Radio Ljubu\u0161ki","twitter_card":"summary_large_image","twitter_creator":"@radioljubuski","twitter_site":"@radioljubuski","twitter_misc":{"Napisao\/la":"Radio Ljubu\u0161ki","Procijenjeno vrijeme \u010ditanja":"2 minute"},"schema":{"@context":"https:\/\/schema.org","@graph":[{"@type":"Article","@id":"https:\/\/radioljubuski.ba\/index.php\/2022\/08\/05\/zavrsila-sredisnja-svecanost-u-kninu\/#article","isPartOf":{"@id":"https:\/\/radioljubuski.ba\/index.php\/2022\/08\/05\/zavrsila-sredisnja-svecanost-u-kninu\/"},"author":{"name":"Radio Ljubu\u0161ki","@id":"https:\/\/radioljubuski.ba\/#\/schema\/person\/19fc700381a780f69665d7956c469e3b"},"headline":"Zavr\u0161ila sredi\u0161nja sve\u010danost u Kninu","datePublished":"2022-08-05T12:48:43+00:00","dateModified":"2022-08-05T12:48:44+00:00","mainEntityOfPage":{"@id":"https:\/\/radioljubuski.ba\/index.php\/2022\/08\/05\/zavrsila-sredisnja-svecanost-u-kninu\/"},"wordCount":472,"publisher":{"@id":"https:\/\/radioljubuski.ba\/#organization"},"image":{"@id":"https:\/\/radioljubuski.ba\/index.php\/2022\/08\/05\/zavrsila-sredisnja-svecanost-u-kninu\/#primaryimage"},"thumbnailUrl":"https:\/\/radioljubuski.ba\/wp-content\/uploads\/2022\/08\/knin.jpg","articleSection":["BIH i regija"],"inLanguage":"hr"},{"@type":"WebPage","@id":"https:\/\/radioljubuski.ba\/index.php\/2022\/08\/05\/zavrsila-sredisnja-svecanost-u-kninu\/","url":"https:\/\/radioljubuski.ba\/index.php\/2022\/08\/05\/zavrsila-sredisnja-svecanost-u-kninu\/","name":"Zavr\u0161ila sredi\u0161nja sve\u010danost u Kninu - RADIO LJUBU\u0160KI","isPartOf":{"@id":"https:\/\/radioljubuski.ba\/#website"},"primaryImageOfPage":{"@id":"https:\/\/radioljubuski.ba\/index.php\/2022\/08\/05\/zavrsila-sredisnja-svecanost-u-kninu\/#primaryimage"},"image":{"@id":"https:\/\/radioljubuski.ba\/index.php\/2022\/08\/05\/zavrsila-sredisnja-svecanost-u-kninu\/#primaryimage"},"thumbnailUrl":"https:\/\/radioljubuski.ba\/wp-content\/uploads\/2022\/08\/knin.jpg","datePublished":"2022-08-05T12:48:43+00:00","dateModified":"2022-08-05T12:48:44+00:00","breadcrumb":{"@id":"https:\/\/radioljubuski.ba\/index.php\/2022\/08\/05\/zavrsila-sredisnja-svecanost-u-kninu\/#breadcrumb"},"inLanguage":"hr","potentialAction":[{"@type":"ReadAction","target":["https:\/\/radioljubuski.ba\/index.php\/2022\/08\/05\/zavrsila-sredisnja-svecanost-u-kninu\/"]}]},{"@type":"ImageObject","inLanguage":"hr","@id":"https:\/\/radioljubuski.ba\/index.php\/2022\/08\/05\/zavrsila-sredisnja-svecanost-u-kninu\/#primaryimage","url":"https:\/\/radioljubuski.ba\/wp-content\/uploads\/2022\/08\/knin.jpg","contentUrl":"https:\/\/radioljubuski.ba\/wp-content\/uploads\/2022\/08\/knin.jpg","width":660,"height":330},{"@type":"BreadcrumbList","@id":"https:\/\/radioljubuski.ba\/index.php\/2022\/08\/05\/zavrsila-sredisnja-svecanost-u-kninu\/#breadcrumb","itemListElement":[{"@type":"ListItem","position":1,"name":"Po\u010detna stranica","item":"https:\/\/radioljubuski.ba\/"},{"@type":"ListItem","position":2,"name":"Zavr\u0161ila sredi\u0161nja sve\u010danost u Kninu"}]},{"@type":"WebSite","@id":"https:\/\/radioljubuski.ba\/#website","url":"https:\/\/radioljubuski.ba\/","name":"Radio Ljubu\u0161ki","description":"Sun\u010dana frekvencija Hercegovine","publisher":{"@id":"https:\/\/radioljubuski.ba\/#organization"},"potentialAction":[{"@type":"SearchAction","target":{"@type":"EntryPoint","urlTemplate":"https:\/\/radioljubuski.ba\/?s={search_term_string}"},"query-input":{"@type":"PropertyValueSpecification","valueRequired":true,"valueName":"search_term_string"}}],"inLanguage":"hr"},{"@type":"Organization","@id":"https:\/\/radioljubuski.ba\/#organization","name":"Radio Ljubu\u0161ki","url":"https:\/\/radioljubuski.ba\/","logo":{"@type":"ImageObject","inLanguage":"hr","@id":"https:\/\/radioljubuski.ba\/#\/schema\/logo\/image\/","url":"https:\/\/radioljubuski.ba\/wp-content\/uploads\/2021\/02\/cropped-Radio_Ljubuski_logo1.jpg","contentUrl":"https:\/\/radioljubuski.ba\/wp-content\/uploads\/2021\/02\/cropped-Radio_Ljubuski_logo1.jpg","width":512,"height":512,"caption":"Radio Ljubu\u0161ki"},"image":{"@id":"https:\/\/radioljubuski.ba\/#\/schema\/logo\/image\/"},"sameAs":["https:\/\/www.facebook.com\/Radiio-Ljubuski-1490835324566332","https:\/\/x.com\/radioljubuski","https:\/\/hr.linkedin.com\/company\/radio-ljubuski","https:\/\/www.youtube.com\/channel\/UCHYaeO_n0Db3tjNGudGpXyw"]},{"@type":"Person","@id":"https:\/\/radioljubuski.ba\/#\/schema\/person\/19fc700381a780f69665d7956c469e3b","name":"Radio Ljubu\u0161ki"}]}},"_links":{"self":[{"href":"https:\/\/radioljubuski.ba\/index.php\/wp-json\/wp\/v2\/posts\/166828","targetHints":{"allow":["GET"]}}],"collection":[{"href":"https:\/\/radioljubuski.ba\/index.php\/wp-json\/wp\/v2\/posts"}],"about":[{"href":"https:\/\/radioljubuski.ba\/index.php\/wp-json\/wp\/v2\/types\/post"}],"author":[{"embeddable":true,"href":"https:\/\/radioljubuski.ba\/index.php\/wp-json\/wp\/v2\/users\/2"}],"replies":[{"embeddable":true,"href":"https:\/\/radioljubuski.ba\/index.php\/wp-json\/wp\/v2\/comments?post=166828"}],"version-history":[{"count":1,"href":"https:\/\/radioljubuski.ba\/index.php\/wp-json\/wp\/v2\/posts\/166828\/revisions"}],"predecessor-version":[{"id":166830,"href":"https:\/\/radioljubuski.ba\/index.php\/wp-json\/wp\/v2\/posts\/166828\/revisions\/166830"}],"wp:featuredmedia":[{"embeddable":true,"href":"https:\/\/radioljubuski.ba\/index.php\/wp-json\/wp\/v2\/media\/166829"}],"wp:attachment":[{"href":"https:\/\/radioljubuski.ba\/index.php\/wp-json\/wp\/v2\/media?parent=166828"}],"wp:term":[{"taxonomy":"category","embeddable":true,"href":"https:\/\/radioljubuski.ba\/index.php\/wp-json\/wp\/v2\/categories?post=166828"},{"taxonomy":"post_tag","embeddable":true,"href":"https:\/\/radioljubuski.ba\/index.php\/wp-json\/wp\/v2\/tags?post=166828"}],"curies":[{"name":"wp","href":"https:\/\/api.w.org\/{rel}","templated":true}]}}