{"id":166854,"date":"2022-08-05T14:29:00","date_gmt":"2022-08-05T13:29:00","guid":{"rendered":"https:\/\/radioljubuski.ba\/?p=166854"},"modified":"2022-08-05T14:29:01","modified_gmt":"2022-08-05T13:29:01","slug":"pad-cijena-nafte-na-svjetskom-trzistu","status":"publish","type":"post","link":"https:\/\/radioljubuski.ba\/index.php\/2022\/08\/05\/pad-cijena-nafte-na-svjetskom-trzistu\/","title":{"rendered":"Pad cijena nafte na svjetskom tr\u017ei\u0161tu"},"content":{"rendered":"\n<p>Cijene nafte na svjetskom tr\u017ei\u0161tu rastu zbog zabrinutosti da \u0107e slabi ekonomski podaci objavljeni u Sjedinjenim Dr\u017eavama i Europi negativno utjecati na izglede potra\u017enje.<\/p>\n\n\n\n<p>Me\u0111unarodna referentna cijena nafte Brent danas poslijepodne iznosila je 93,72 dolara po barelu nakon pada cijene od 3,16 posto.<\/p>\n\n\n\n<p>Negativni ekonomski podaci<br>Ameri\u010dka referentna vrijednost West Texas Intermediate (WTI) trgovala se za 88,20 dolara po barelu nakon \u0161to su cijene nafte pale.<\/p>\n\n\n\n<p>Na pad cijena nafte najvi\u0161e su utjecali negativni gospodarski podaci objavljeni u mnogim zemljama svijeta te o\u010dekivanja recesije.<\/p>\n\n\n\n<p>Komercijalne zalihe sirove nafte porasle su u SAD-u<br>Ameri\u010dka Uprava za energetske informacije objavila je ju\u010der da su nacionalne komercijalne zalihe sirove nafte pro\u0161log tjedna porasle za oko 4,5 milijuna barela na 426,6 milijuna barela.<\/p>\n\n\n\n<p>Odluka Banke Engleske (BoE) da podigne referentnu stopu za 50 baznih bodova na 1,75 posto, \u0161to je najve\u0107e pove\u0107anje stope u 27 godina, bio je jo\u0161 jedan \u010dimbenik koji je pove\u0107ao zabrinutost oko potra\u017enje za naftom.<\/p>\n\n\n\n<p>Izvor:avaz.ba<\/p>\n","protected":false},"excerpt":{"rendered":"<p>Cijene nafte na svjetskom tr\u017ei\u0161tu rastu zbog zabrinutosti da \u0107e slabi ekonomski podaci objavljeni u Sjedinjenim Dr\u017eavama i Europi negativno utjecati na izglede potra\u017enje. Me\u0111unarodna referentna cijena nafte Brent danas poslijepodne iznosila je 93,72 dolara po barelu nakon pada cijene od 3,16 posto. Negativni ekonomski podaciAmeri\u010dka referentna vrijednost West Texas Intermediate (WTI) trgovala se za [&hellip;]<\/p>\n","protected":false},"author":2,"featured_media":0,"comment_status":"closed","ping_status":"closed","sticky":false,"template":"","format":"standard","meta":{"h5ap_radio_sources":[],"footnotes":""},"categories":[1],"tags":[],"class_list":["post-166854","post","type-post","status-publish","format-standard","hentry","category-bihiregija"],"yoast_head":"<!-- This site is optimized with the Yoast SEO plugin v27.4 - https:\/\/yoast.com\/product\/yoast-seo-wordpress\/ -->\n<title>Pad cijena nafte na svjetskom tr\u017ei\u0161tu - RADIO LJUBU\u0160KI<\/title>\n<meta name=\"robots\" content=\"index, follow, max-snippet:-1, max-image-preview:large, max-video-preview:-1\" \/>\n<link rel=\"canonical\" href=\"https:\/\/radioljubuski.ba\/index.php\/2022\/08\/05\/pad-cijena-nafte-na-svjetskom-trzistu\/\" \/>\n<meta property=\"og:locale\" content=\"hr_HR\" \/>\n<meta property=\"og:type\" content=\"article\" \/>\n<meta property=\"og:title\" content=\"Pad cijena nafte na svjetskom tr\u017ei\u0161tu - RADIO LJUBU\u0160KI\" \/>\n<meta property=\"og:description\" content=\"Cijene nafte na svjetskom tr\u017ei\u0161tu rastu zbog zabrinutosti da \u0107e slabi ekonomski podaci objavljeni u Sjedinjenim Dr\u017eavama i Europi negativno utjecati na izglede potra\u017enje. Me\u0111unarodna referentna cijena nafte Brent danas poslijepodne iznosila je 93,72 dolara po barelu nakon pada cijene od 3,16 posto. Negativni ekonomski podaciAmeri\u010dka referentna vrijednost West Texas Intermediate (WTI) trgovala se za [&hellip;]\" \/>\n<meta property=\"og:url\" content=\"https:\/\/radioljubuski.ba\/index.php\/2022\/08\/05\/pad-cijena-nafte-na-svjetskom-trzistu\/\" \/>\n<meta property=\"og:site_name\" content=\"RADIO LJUBU\u0160KI\" \/>\n<meta property=\"article:publisher\" content=\"https:\/\/www.facebook.com\/Radiio-Ljubuski-1490835324566332\" \/>\n<meta property=\"article:published_time\" content=\"2022-08-05T13:29:00+00:00\" \/>\n<meta property=\"article:modified_time\" content=\"2022-08-05T13:29:01+00:00\" \/>\n<meta property=\"og:image\" content=\"https:\/\/radioljubuski.ba\/wp-content\/uploads\/2021\/08\/Ebv3BT74_nafta_rusija.jpg\" \/>\n\t<meta property=\"og:image:width\" content=\"1000\" \/>\n\t<meta property=\"og:image:height\" content=\"625\" \/>\n\t<meta property=\"og:image:type\" content=\"image\/jpeg\" \/>\n<meta name=\"author\" content=\"Radio Ljubu\u0161ki\" \/>\n<meta name=\"twitter:card\" content=\"summary_large_image\" \/>\n<meta name=\"twitter:creator\" content=\"@radioljubuski\" \/>\n<meta name=\"twitter:site\" content=\"@radioljubuski\" \/>\n<meta name=\"twitter:label1\" content=\"Napisao\/la\" \/>\n\t<meta name=\"twitter:data1\" content=\"Radio Ljubu\u0161ki\" \/>\n\t<meta name=\"twitter:label2\" content=\"Procijenjeno vrijeme \u010ditanja\" \/>\n\t<meta name=\"twitter:data2\" content=\"1 minuta\" \/>\n<script type=\"application\/ld+json\" class=\"yoast-schema-graph\">{\"@context\":\"https:\\\/\\\/schema.org\",\"@graph\":[{\"@type\":\"Article\",\"@id\":\"https:\\\/\\\/radioljubuski.ba\\\/index.php\\\/2022\\\/08\\\/05\\\/pad-cijena-nafte-na-svjetskom-trzistu\\\/#article\",\"isPartOf\":{\"@id\":\"https:\\\/\\\/radioljubuski.ba\\\/index.php\\\/2022\\\/08\\\/05\\\/pad-cijena-nafte-na-svjetskom-trzistu\\\/\"},\"author\":{\"name\":\"Radio Ljubu\u0161ki\",\"@id\":\"https:\\\/\\\/radioljubuski.ba\\\/#\\\/schema\\\/person\\\/19fc700381a780f69665d7956c469e3b\"},\"headline\":\"Pad cijena nafte na svjetskom tr\u017ei\u0161tu\",\"datePublished\":\"2022-08-05T13:29:00+00:00\",\"dateModified\":\"2022-08-05T13:29:01+00:00\",\"mainEntityOfPage\":{\"@id\":\"https:\\\/\\\/radioljubuski.ba\\\/index.php\\\/2022\\\/08\\\/05\\\/pad-cijena-nafte-na-svjetskom-trzistu\\\/\"},\"wordCount\":171,\"publisher\":{\"@id\":\"https:\\\/\\\/radioljubuski.ba\\\/#organization\"},\"articleSection\":[\"BIH i regija\"],\"inLanguage\":\"hr\"},{\"@type\":\"WebPage\",\"@id\":\"https:\\\/\\\/radioljubuski.ba\\\/index.php\\\/2022\\\/08\\\/05\\\/pad-cijena-nafte-na-svjetskom-trzistu\\\/\",\"url\":\"https:\\\/\\\/radioljubuski.ba\\\/index.php\\\/2022\\\/08\\\/05\\\/pad-cijena-nafte-na-svjetskom-trzistu\\\/\",\"name\":\"Pad cijena nafte na svjetskom tr\u017ei\u0161tu - RADIO LJUBU\u0160KI\",\"isPartOf\":{\"@id\":\"https:\\\/\\\/radioljubuski.ba\\\/#website\"},\"datePublished\":\"2022-08-05T13:29:00+00:00\",\"dateModified\":\"2022-08-05T13:29:01+00:00\",\"breadcrumb\":{\"@id\":\"https:\\\/\\\/radioljubuski.ba\\\/index.php\\\/2022\\\/08\\\/05\\\/pad-cijena-nafte-na-svjetskom-trzistu\\\/#breadcrumb\"},\"inLanguage\":\"hr\",\"potentialAction\":[{\"@type\":\"ReadAction\",\"target\":[\"https:\\\/\\\/radioljubuski.ba\\\/index.php\\\/2022\\\/08\\\/05\\\/pad-cijena-nafte-na-svjetskom-trzistu\\\/\"]}]},{\"@type\":\"BreadcrumbList\",\"@id\":\"https:\\\/\\\/radioljubuski.ba\\\/index.php\\\/2022\\\/08\\\/05\\\/pad-cijena-nafte-na-svjetskom-trzistu\\\/#breadcrumb\",\"itemListElement\":[{\"@type\":\"ListItem\",\"position\":1,\"name\":\"Po\u010detna stranica\",\"item\":\"https:\\\/\\\/radioljubuski.ba\\\/\"},{\"@type\":\"ListItem\",\"position\":2,\"name\":\"Pad cijena nafte na svjetskom tr\u017ei\u0161tu\"}]},{\"@type\":\"WebSite\",\"@id\":\"https:\\\/\\\/radioljubuski.ba\\\/#website\",\"url\":\"https:\\\/\\\/radioljubuski.ba\\\/\",\"name\":\"Radio Ljubu\u0161ki\",\"description\":\"Sun\u010dana frekvencija Hercegovine\",\"publisher\":{\"@id\":\"https:\\\/\\\/radioljubuski.ba\\\/#organization\"},\"potentialAction\":[{\"@type\":\"SearchAction\",\"target\":{\"@type\":\"EntryPoint\",\"urlTemplate\":\"https:\\\/\\\/radioljubuski.ba\\\/?s={search_term_string}\"},\"query-input\":{\"@type\":\"PropertyValueSpecification\",\"valueRequired\":true,\"valueName\":\"search_term_string\"}}],\"inLanguage\":\"hr\"},{\"@type\":\"Organization\",\"@id\":\"https:\\\/\\\/radioljubuski.ba\\\/#organization\",\"name\":\"Radio Ljubu\u0161ki\",\"url\":\"https:\\\/\\\/radioljubuski.ba\\\/\",\"logo\":{\"@type\":\"ImageObject\",\"inLanguage\":\"hr\",\"@id\":\"https:\\\/\\\/radioljubuski.ba\\\/#\\\/schema\\\/logo\\\/image\\\/\",\"url\":\"https:\\\/\\\/radioljubuski.ba\\\/wp-content\\\/uploads\\\/2021\\\/02\\\/cropped-Radio_Ljubuski_logo1.jpg\",\"contentUrl\":\"https:\\\/\\\/radioljubuski.ba\\\/wp-content\\\/uploads\\\/2021\\\/02\\\/cropped-Radio_Ljubuski_logo1.jpg\",\"width\":512,\"height\":512,\"caption\":\"Radio Ljubu\u0161ki\"},\"image\":{\"@id\":\"https:\\\/\\\/radioljubuski.ba\\\/#\\\/schema\\\/logo\\\/image\\\/\"},\"sameAs\":[\"https:\\\/\\\/www.facebook.com\\\/Radiio-Ljubuski-1490835324566332\",\"https:\\\/\\\/x.com\\\/radioljubuski\",\"https:\\\/\\\/hr.linkedin.com\\\/company\\\/radio-ljubuski\",\"https:\\\/\\\/www.youtube.com\\\/channel\\\/UCHYaeO_n0Db3tjNGudGpXyw\"]},{\"@type\":\"Person\",\"@id\":\"https:\\\/\\\/radioljubuski.ba\\\/#\\\/schema\\\/person\\\/19fc700381a780f69665d7956c469e3b\",\"name\":\"Radio Ljubu\u0161ki\"}]}<\/script>\n<!-- \/ Yoast SEO plugin. -->","yoast_head_json":{"title":"Pad cijena nafte na svjetskom tr\u017ei\u0161tu - RADIO LJUBU\u0160KI","robots":{"index":"index","follow":"follow","max-snippet":"max-snippet:-1","max-image-preview":"max-image-preview:large","max-video-preview":"max-video-preview:-1"},"canonical":"https:\/\/radioljubuski.ba\/index.php\/2022\/08\/05\/pad-cijena-nafte-na-svjetskom-trzistu\/","og_locale":"hr_HR","og_type":"article","og_title":"Pad cijena nafte na svjetskom tr\u017ei\u0161tu - RADIO LJUBU\u0160KI","og_description":"Cijene nafte na svjetskom tr\u017ei\u0161tu rastu zbog zabrinutosti da \u0107e slabi ekonomski podaci objavljeni u Sjedinjenim Dr\u017eavama i Europi negativno utjecati na izglede potra\u017enje. Me\u0111unarodna referentna cijena nafte Brent danas poslijepodne iznosila je 93,72 dolara po barelu nakon pada cijene od 3,16 posto. Negativni ekonomski podaciAmeri\u010dka referentna vrijednost West Texas Intermediate (WTI) trgovala se za [&hellip;]","og_url":"https:\/\/radioljubuski.ba\/index.php\/2022\/08\/05\/pad-cijena-nafte-na-svjetskom-trzistu\/","og_site_name":"RADIO LJUBU\u0160KI","article_publisher":"https:\/\/www.facebook.com\/Radiio-Ljubuski-1490835324566332","article_published_time":"2022-08-05T13:29:00+00:00","article_modified_time":"2022-08-05T13:29:01+00:00","og_image":[{"width":1000,"height":625,"url":"https:\/\/radioljubuski.ba\/wp-content\/uploads\/2021\/08\/Ebv3BT74_nafta_rusija.jpg","type":"image\/jpeg"}],"author":"Radio Ljubu\u0161ki","twitter_card":"summary_large_image","twitter_creator":"@radioljubuski","twitter_site":"@radioljubuski","twitter_misc":{"Napisao\/la":"Radio Ljubu\u0161ki","Procijenjeno vrijeme \u010ditanja":"1 minuta"},"schema":{"@context":"https:\/\/schema.org","@graph":[{"@type":"Article","@id":"https:\/\/radioljubuski.ba\/index.php\/2022\/08\/05\/pad-cijena-nafte-na-svjetskom-trzistu\/#article","isPartOf":{"@id":"https:\/\/radioljubuski.ba\/index.php\/2022\/08\/05\/pad-cijena-nafte-na-svjetskom-trzistu\/"},"author":{"name":"Radio Ljubu\u0161ki","@id":"https:\/\/radioljubuski.ba\/#\/schema\/person\/19fc700381a780f69665d7956c469e3b"},"headline":"Pad cijena nafte na svjetskom tr\u017ei\u0161tu","datePublished":"2022-08-05T13:29:00+00:00","dateModified":"2022-08-05T13:29:01+00:00","mainEntityOfPage":{"@id":"https:\/\/radioljubuski.ba\/index.php\/2022\/08\/05\/pad-cijena-nafte-na-svjetskom-trzistu\/"},"wordCount":171,"publisher":{"@id":"https:\/\/radioljubuski.ba\/#organization"},"articleSection":["BIH i regija"],"inLanguage":"hr"},{"@type":"WebPage","@id":"https:\/\/radioljubuski.ba\/index.php\/2022\/08\/05\/pad-cijena-nafte-na-svjetskom-trzistu\/","url":"https:\/\/radioljubuski.ba\/index.php\/2022\/08\/05\/pad-cijena-nafte-na-svjetskom-trzistu\/","name":"Pad cijena nafte na svjetskom tr\u017ei\u0161tu - RADIO LJUBU\u0160KI","isPartOf":{"@id":"https:\/\/radioljubuski.ba\/#website"},"datePublished":"2022-08-05T13:29:00+00:00","dateModified":"2022-08-05T13:29:01+00:00","breadcrumb":{"@id":"https:\/\/radioljubuski.ba\/index.php\/2022\/08\/05\/pad-cijena-nafte-na-svjetskom-trzistu\/#breadcrumb"},"inLanguage":"hr","potentialAction":[{"@type":"ReadAction","target":["https:\/\/radioljubuski.ba\/index.php\/2022\/08\/05\/pad-cijena-nafte-na-svjetskom-trzistu\/"]}]},{"@type":"BreadcrumbList","@id":"https:\/\/radioljubuski.ba\/index.php\/2022\/08\/05\/pad-cijena-nafte-na-svjetskom-trzistu\/#breadcrumb","itemListElement":[{"@type":"ListItem","position":1,"name":"Po\u010detna stranica","item":"https:\/\/radioljubuski.ba\/"},{"@type":"ListItem","position":2,"name":"Pad cijena nafte na svjetskom tr\u017ei\u0161tu"}]},{"@type":"WebSite","@id":"https:\/\/radioljubuski.ba\/#website","url":"https:\/\/radioljubuski.ba\/","name":"Radio Ljubu\u0161ki","description":"Sun\u010dana frekvencija Hercegovine","publisher":{"@id":"https:\/\/radioljubuski.ba\/#organization"},"potentialAction":[{"@type":"SearchAction","target":{"@type":"EntryPoint","urlTemplate":"https:\/\/radioljubuski.ba\/?s={search_term_string}"},"query-input":{"@type":"PropertyValueSpecification","valueRequired":true,"valueName":"search_term_string"}}],"inLanguage":"hr"},{"@type":"Organization","@id":"https:\/\/radioljubuski.ba\/#organization","name":"Radio Ljubu\u0161ki","url":"https:\/\/radioljubuski.ba\/","logo":{"@type":"ImageObject","inLanguage":"hr","@id":"https:\/\/radioljubuski.ba\/#\/schema\/logo\/image\/","url":"https:\/\/radioljubuski.ba\/wp-content\/uploads\/2021\/02\/cropped-Radio_Ljubuski_logo1.jpg","contentUrl":"https:\/\/radioljubuski.ba\/wp-content\/uploads\/2021\/02\/cropped-Radio_Ljubuski_logo1.jpg","width":512,"height":512,"caption":"Radio Ljubu\u0161ki"},"image":{"@id":"https:\/\/radioljubuski.ba\/#\/schema\/logo\/image\/"},"sameAs":["https:\/\/www.facebook.com\/Radiio-Ljubuski-1490835324566332","https:\/\/x.com\/radioljubuski","https:\/\/hr.linkedin.com\/company\/radio-ljubuski","https:\/\/www.youtube.com\/channel\/UCHYaeO_n0Db3tjNGudGpXyw"]},{"@type":"Person","@id":"https:\/\/radioljubuski.ba\/#\/schema\/person\/19fc700381a780f69665d7956c469e3b","name":"Radio Ljubu\u0161ki"}]}},"_links":{"self":[{"href":"https:\/\/radioljubuski.ba\/index.php\/wp-json\/wp\/v2\/posts\/166854","targetHints":{"allow":["GET"]}}],"collection":[{"href":"https:\/\/radioljubuski.ba\/index.php\/wp-json\/wp\/v2\/posts"}],"about":[{"href":"https:\/\/radioljubuski.ba\/index.php\/wp-json\/wp\/v2\/types\/post"}],"author":[{"embeddable":true,"href":"https:\/\/radioljubuski.ba\/index.php\/wp-json\/wp\/v2\/users\/2"}],"replies":[{"embeddable":true,"href":"https:\/\/radioljubuski.ba\/index.php\/wp-json\/wp\/v2\/comments?post=166854"}],"version-history":[{"count":1,"href":"https:\/\/radioljubuski.ba\/index.php\/wp-json\/wp\/v2\/posts\/166854\/revisions"}],"predecessor-version":[{"id":166855,"href":"https:\/\/radioljubuski.ba\/index.php\/wp-json\/wp\/v2\/posts\/166854\/revisions\/166855"}],"wp:attachment":[{"href":"https:\/\/radioljubuski.ba\/index.php\/wp-json\/wp\/v2\/media?parent=166854"}],"wp:term":[{"taxonomy":"category","embeddable":true,"href":"https:\/\/radioljubuski.ba\/index.php\/wp-json\/wp\/v2\/categories?post=166854"},{"taxonomy":"post_tag","embeddable":true,"href":"https:\/\/radioljubuski.ba\/index.php\/wp-json\/wp\/v2\/tags?post=166854"}],"curies":[{"name":"wp","href":"https:\/\/api.w.org\/{rel}","templated":true}]}}