{"id":166920,"date":"2022-08-06T08:34:54","date_gmt":"2022-08-06T07:34:54","guid":{"rendered":"https:\/\/radioljubuski.ba\/?p=166920"},"modified":"2022-08-06T08:34:54","modified_gmt":"2022-08-06T07:34:54","slug":"11-osoba-poginulo-u-prevrtanju-autobusa-deseci-ozlijedenih-prevezeni-u-bolnice","status":"publish","type":"post","link":"https:\/\/radioljubuski.ba\/index.php\/2022\/08\/06\/11-osoba-poginulo-u-prevrtanju-autobusa-deseci-ozlijedenih-prevezeni-u-bolnice\/","title":{"rendered":"11 osoba poginulo u prevrtanju autobusa, deseci ozlije\u0111enih prevezeni u bolnice"},"content":{"rendered":"\n<p><strong>Te\u0161ka nesre\u0107a dogodila oko 5,40 sati na autocesti u smjeru Zagreba izme\u0111u mjesta Jarek Bisa\u0161ki i Podvorec u Vara\u017edinskoj \u017eupaniji. S kolnika je sletio autobus poljskih registarskih oznaka. Policija je potvrdila kako je 11 osoba preminulo. Neslu\u017ebeno se doznaje kako je ozlije\u0111eno 34 ljudi. U Vara\u017edin su do\u0161li i ministri Davor Bo\u017einovi\u0107 i Tomo Medved. U Op\u0107oj bolnici Vara\u017edin u 8. 30 o\u010dekuje se konferencija za novinare.&nbsp;<\/strong><\/p>\n\n\n\n<p>Doga\u0111aje pratite iz minute u minutu:<\/p>\n\n\n\n<h4 class=\"wp-block-heading\">umnja se da je voza\u010d zaspao za volanom<\/h4>\n\n\n\n<p>09:04<\/p>\n\n\n\n<p>Policija je potvrdila kako je u prometnoj nesre\u0107i smrtno stradalo 11 osoba, a neslu\u017ebeno se doznaje kako su 34 osobe ozlije\u0111ene. Sumnja se da je voza\u010d zaspao za volanom, javila je za vijesti u 9 Danijela<strong>\u00a0Brati\u0107 Herceg<\/strong>.<\/p>\n\n\n\n<div style=\"width: 640px;\" class=\"wp-video\"><video class=\"wp-video-shortcode\" id=\"video-166920-1\" width=\"640\" height=\"360\" preload=\"metadata\" controls=\"controls\"><source type=\"video\/mp4\" src=\"https:\/\/api.hrt.hr\/media\/e4\/9e\/duplex-nesreca9-20220806065820.mp4?_=1\" \/><a href=\"https:\/\/api.hrt.hr\/media\/e4\/9e\/duplex-nesreca9-20220806065820.mp4\">https:\/\/api.hrt.hr\/media\/e4\/9e\/duplex-nesreca9-20220806065820.mp4<\/a><\/video><\/div>\n\n\n\n<h4 class=\"wp-block-heading\">Ministri Bo\u017einovi\u0107 i Medved na mjestu nesre\u0107e<\/h4>\n\n\n\n<p>08:41<\/p>\n\n\n\n<p>Na mjesto nesre\u0107e su su do\u0161li i ministri Davor Bo\u017einovi\u0107 i Tomo Medved. Promet je dosta gust prema moru i zbog o\u010devida i zbrinjavanja unesre\u0107enih u Brezni\u010dkome Humu preusmjerava se na staru cestu.<\/p>\n\n\n\n<p>Vi\u0161e vozila Hitne pomo\u0107i ozlije\u0111ene je prevezlo u Vara\u017edinsku bolnicu gdje se o\u010dekuje konferencija za novinare.<\/p>\n\n\n\n<div style=\"width: 640px;\" class=\"wp-video\"><video class=\"wp-video-shortcode\" id=\"video-166920-2\" width=\"640\" height=\"360\" preload=\"metadata\" controls=\"controls\"><source type=\"video\/mp4\" src=\"https:\/\/api.hrt.hr\/media\/a0\/f6\/nesrecaneton-20220806065348.mp4?_=2\" \/><a href=\"https:\/\/api.hrt.hr\/media\/a0\/f6\/nesrecaneton-20220806065348.mp4\">https:\/\/api.hrt.hr\/media\/a0\/f6\/nesrecaneton-20220806065348.mp4<\/a><\/video><\/div>\n\n\n\n<h4 class=\"wp-block-heading\">Policija: Te\u0161ka nesre\u0107a na A4<\/h4>\n\n\n\n<p>08:02<\/p>\n\n\n\n<p>Vi\u0161e osoba poginulo je, a ve\u0107i je broj te\u0161ko ozlije\u0111en u prometnoj nesre\u0107i koja se oko 5,40 sati dogodila na autocesti A4 u smjeru Zagreba, izme\u0111u mjesta Jarek Bisa\u0161ki i Podvorec, kada je s kolnika sletio autobusa poljskih nacionalnih registarskih oznaka, izvijestila je policija.&nbsp;<\/p>\n\n\n\n<p>IZVOR:HRT.HR<\/p>\n","protected":false},"excerpt":{"rendered":"<p>Te\u0161ka nesre\u0107a dogodila oko 5,40 sati na autocesti u smjeru Zagreba izme\u0111u mjesta Jarek Bisa\u0161ki i Podvorec u Vara\u017edinskoj \u017eupaniji. S kolnika je sletio autobus poljskih registarskih oznaka. Policija je potvrdila kako je 11 osoba preminulo. Neslu\u017ebeno se doznaje kako je ozlije\u0111eno 34 ljudi. U Vara\u017edin su do\u0161li i ministri Davor Bo\u017einovi\u0107 i Tomo Medved. [&hellip;]<\/p>\n","protected":false},"author":2,"featured_media":166921,"comment_status":"closed","ping_status":"closed","sticky":false,"template":"","format":"standard","meta":{"h5ap_radio_sources":[],"footnotes":""},"categories":[1],"tags":[],"class_list":["post-166920","post","type-post","status-publish","format-standard","has-post-thumbnail","hentry","category-bihiregija"],"yoast_head":"<!-- This site is optimized with the Yoast SEO plugin v27.4 - https:\/\/yoast.com\/product\/yoast-seo-wordpress\/ -->\n<title>11 osoba poginulo u prevrtanju autobusa, deseci ozlije\u0111enih prevezeni u bolnice - RADIO LJUBU\u0160KI<\/title>\n<meta name=\"robots\" content=\"index, follow, max-snippet:-1, max-image-preview:large, max-video-preview:-1\" \/>\n<link rel=\"canonical\" href=\"https:\/\/radioljubuski.ba\/index.php\/2022\/08\/06\/11-osoba-poginulo-u-prevrtanju-autobusa-deseci-ozlijedenih-prevezeni-u-bolnice\/\" \/>\n<meta property=\"og:locale\" content=\"hr_HR\" \/>\n<meta property=\"og:type\" content=\"article\" \/>\n<meta property=\"og:title\" content=\"11 osoba poginulo u prevrtanju autobusa, deseci ozlije\u0111enih prevezeni u bolnice - RADIO LJUBU\u0160KI\" \/>\n<meta property=\"og:description\" content=\"Te\u0161ka nesre\u0107a dogodila oko 5,40 sati na autocesti u smjeru Zagreba izme\u0111u mjesta Jarek Bisa\u0161ki i Podvorec u Vara\u017edinskoj \u017eupaniji. S kolnika je sletio autobus poljskih registarskih oznaka. Policija je potvrdila kako je 11 osoba preminulo. Neslu\u017ebeno se doznaje kako je ozlije\u0111eno 34 ljudi. U Vara\u017edin su do\u0161li i ministri Davor Bo\u017einovi\u0107 i Tomo Medved. [&hellip;]\" \/>\n<meta property=\"og:url\" content=\"https:\/\/radioljubuski.ba\/index.php\/2022\/08\/06\/11-osoba-poginulo-u-prevrtanju-autobusa-deseci-ozlijedenih-prevezeni-u-bolnice\/\" \/>\n<meta property=\"og:site_name\" content=\"RADIO LJUBU\u0160KI\" \/>\n<meta property=\"article:publisher\" content=\"https:\/\/www.facebook.com\/Radiio-Ljubuski-1490835324566332\" \/>\n<meta property=\"article:published_time\" content=\"2022-08-06T07:34:54+00:00\" \/>\n<meta property=\"og:image\" content=\"https:\/\/radioljubuski.ba\/wp-content\/uploads\/2022\/08\/740x438-pxl-060822-94992394-20220806072051.jpg\" \/>\n\t<meta property=\"og:image:width\" content=\"740\" \/>\n\t<meta property=\"og:image:height\" content=\"438\" \/>\n\t<meta property=\"og:image:type\" content=\"image\/jpeg\" \/>\n<meta name=\"author\" content=\"Radio Ljubu\u0161ki\" \/>\n<meta name=\"twitter:card\" content=\"summary_large_image\" \/>\n<meta name=\"twitter:creator\" content=\"@radioljubuski\" \/>\n<meta name=\"twitter:site\" content=\"@radioljubuski\" \/>\n<meta name=\"twitter:label1\" content=\"Napisao\/la\" \/>\n\t<meta name=\"twitter:data1\" content=\"Radio Ljubu\u0161ki\" \/>\n\t<meta name=\"twitter:label2\" content=\"Procijenjeno vrijeme \u010ditanja\" \/>\n\t<meta name=\"twitter:data2\" content=\"2 minute\" \/>\n<script type=\"application\/ld+json\" class=\"yoast-schema-graph\">{\"@context\":\"https:\\\/\\\/schema.org\",\"@graph\":[{\"@type\":\"Article\",\"@id\":\"https:\\\/\\\/radioljubuski.ba\\\/index.php\\\/2022\\\/08\\\/06\\\/11-osoba-poginulo-u-prevrtanju-autobusa-deseci-ozlijedenih-prevezeni-u-bolnice\\\/#article\",\"isPartOf\":{\"@id\":\"https:\\\/\\\/radioljubuski.ba\\\/index.php\\\/2022\\\/08\\\/06\\\/11-osoba-poginulo-u-prevrtanju-autobusa-deseci-ozlijedenih-prevezeni-u-bolnice\\\/\"},\"author\":{\"name\":\"Radio Ljubu\u0161ki\",\"@id\":\"https:\\\/\\\/radioljubuski.ba\\\/#\\\/schema\\\/person\\\/19fc700381a780f69665d7956c469e3b\"},\"headline\":\"11 osoba poginulo u prevrtanju autobusa, deseci ozlije\u0111enih prevezeni u bolnice\",\"datePublished\":\"2022-08-06T07:34:54+00:00\",\"mainEntityOfPage\":{\"@id\":\"https:\\\/\\\/radioljubuski.ba\\\/index.php\\\/2022\\\/08\\\/06\\\/11-osoba-poginulo-u-prevrtanju-autobusa-deseci-ozlijedenih-prevezeni-u-bolnice\\\/\"},\"wordCount\":289,\"publisher\":{\"@id\":\"https:\\\/\\\/radioljubuski.ba\\\/#organization\"},\"image\":{\"@id\":\"https:\\\/\\\/radioljubuski.ba\\\/index.php\\\/2022\\\/08\\\/06\\\/11-osoba-poginulo-u-prevrtanju-autobusa-deseci-ozlijedenih-prevezeni-u-bolnice\\\/#primaryimage\"},\"thumbnailUrl\":\"https:\\\/\\\/radioljubuski.ba\\\/wp-content\\\/uploads\\\/2022\\\/08\\\/740x438-pxl-060822-94992394-20220806072051.jpg\",\"articleSection\":[\"BIH i regija\"],\"inLanguage\":\"hr\"},{\"@type\":\"WebPage\",\"@id\":\"https:\\\/\\\/radioljubuski.ba\\\/index.php\\\/2022\\\/08\\\/06\\\/11-osoba-poginulo-u-prevrtanju-autobusa-deseci-ozlijedenih-prevezeni-u-bolnice\\\/\",\"url\":\"https:\\\/\\\/radioljubuski.ba\\\/index.php\\\/2022\\\/08\\\/06\\\/11-osoba-poginulo-u-prevrtanju-autobusa-deseci-ozlijedenih-prevezeni-u-bolnice\\\/\",\"name\":\"11 osoba poginulo u prevrtanju autobusa, deseci ozlije\u0111enih prevezeni u bolnice - RADIO LJUBU\u0160KI\",\"isPartOf\":{\"@id\":\"https:\\\/\\\/radioljubuski.ba\\\/#website\"},\"primaryImageOfPage\":{\"@id\":\"https:\\\/\\\/radioljubuski.ba\\\/index.php\\\/2022\\\/08\\\/06\\\/11-osoba-poginulo-u-prevrtanju-autobusa-deseci-ozlijedenih-prevezeni-u-bolnice\\\/#primaryimage\"},\"image\":{\"@id\":\"https:\\\/\\\/radioljubuski.ba\\\/index.php\\\/2022\\\/08\\\/06\\\/11-osoba-poginulo-u-prevrtanju-autobusa-deseci-ozlijedenih-prevezeni-u-bolnice\\\/#primaryimage\"},\"thumbnailUrl\":\"https:\\\/\\\/radioljubuski.ba\\\/wp-content\\\/uploads\\\/2022\\\/08\\\/740x438-pxl-060822-94992394-20220806072051.jpg\",\"datePublished\":\"2022-08-06T07:34:54+00:00\",\"breadcrumb\":{\"@id\":\"https:\\\/\\\/radioljubuski.ba\\\/index.php\\\/2022\\\/08\\\/06\\\/11-osoba-poginulo-u-prevrtanju-autobusa-deseci-ozlijedenih-prevezeni-u-bolnice\\\/#breadcrumb\"},\"inLanguage\":\"hr\",\"potentialAction\":[{\"@type\":\"ReadAction\",\"target\":[\"https:\\\/\\\/radioljubuski.ba\\\/index.php\\\/2022\\\/08\\\/06\\\/11-osoba-poginulo-u-prevrtanju-autobusa-deseci-ozlijedenih-prevezeni-u-bolnice\\\/\"]}]},{\"@type\":\"ImageObject\",\"inLanguage\":\"hr\",\"@id\":\"https:\\\/\\\/radioljubuski.ba\\\/index.php\\\/2022\\\/08\\\/06\\\/11-osoba-poginulo-u-prevrtanju-autobusa-deseci-ozlijedenih-prevezeni-u-bolnice\\\/#primaryimage\",\"url\":\"https:\\\/\\\/radioljubuski.ba\\\/wp-content\\\/uploads\\\/2022\\\/08\\\/740x438-pxl-060822-94992394-20220806072051.jpg\",\"contentUrl\":\"https:\\\/\\\/radioljubuski.ba\\\/wp-content\\\/uploads\\\/2022\\\/08\\\/740x438-pxl-060822-94992394-20220806072051.jpg\",\"width\":740,\"height\":438,\"caption\":\"06.08.2022., Varazdin - Vise osoba poginulo je, a veci je broj tesko ozlijedjen u prometnoj nesreci koja se oko 5,40 sati dogodila na autocesti A4 u smjeru Zagreba, izmedju mjesta Jarek Bisaski i Podvorec, kada je s kolnika sletio autobusa poljskih na\"},{\"@type\":\"BreadcrumbList\",\"@id\":\"https:\\\/\\\/radioljubuski.ba\\\/index.php\\\/2022\\\/08\\\/06\\\/11-osoba-poginulo-u-prevrtanju-autobusa-deseci-ozlijedenih-prevezeni-u-bolnice\\\/#breadcrumb\",\"itemListElement\":[{\"@type\":\"ListItem\",\"position\":1,\"name\":\"Po\u010detna stranica\",\"item\":\"https:\\\/\\\/radioljubuski.ba\\\/\"},{\"@type\":\"ListItem\",\"position\":2,\"name\":\"11 osoba poginulo u prevrtanju autobusa, deseci ozlije\u0111enih prevezeni u bolnice\"}]},{\"@type\":\"WebSite\",\"@id\":\"https:\\\/\\\/radioljubuski.ba\\\/#website\",\"url\":\"https:\\\/\\\/radioljubuski.ba\\\/\",\"name\":\"Radio Ljubu\u0161ki\",\"description\":\"Sun\u010dana frekvencija Hercegovine\",\"publisher\":{\"@id\":\"https:\\\/\\\/radioljubuski.ba\\\/#organization\"},\"potentialAction\":[{\"@type\":\"SearchAction\",\"target\":{\"@type\":\"EntryPoint\",\"urlTemplate\":\"https:\\\/\\\/radioljubuski.ba\\\/?s={search_term_string}\"},\"query-input\":{\"@type\":\"PropertyValueSpecification\",\"valueRequired\":true,\"valueName\":\"search_term_string\"}}],\"inLanguage\":\"hr\"},{\"@type\":\"Organization\",\"@id\":\"https:\\\/\\\/radioljubuski.ba\\\/#organization\",\"name\":\"Radio Ljubu\u0161ki\",\"url\":\"https:\\\/\\\/radioljubuski.ba\\\/\",\"logo\":{\"@type\":\"ImageObject\",\"inLanguage\":\"hr\",\"@id\":\"https:\\\/\\\/radioljubuski.ba\\\/#\\\/schema\\\/logo\\\/image\\\/\",\"url\":\"https:\\\/\\\/radioljubuski.ba\\\/wp-content\\\/uploads\\\/2021\\\/02\\\/cropped-Radio_Ljubuski_logo1.jpg\",\"contentUrl\":\"https:\\\/\\\/radioljubuski.ba\\\/wp-content\\\/uploads\\\/2021\\\/02\\\/cropped-Radio_Ljubuski_logo1.jpg\",\"width\":512,\"height\":512,\"caption\":\"Radio Ljubu\u0161ki\"},\"image\":{\"@id\":\"https:\\\/\\\/radioljubuski.ba\\\/#\\\/schema\\\/logo\\\/image\\\/\"},\"sameAs\":[\"https:\\\/\\\/www.facebook.com\\\/Radiio-Ljubuski-1490835324566332\",\"https:\\\/\\\/x.com\\\/radioljubuski\",\"https:\\\/\\\/hr.linkedin.com\\\/company\\\/radio-ljubuski\",\"https:\\\/\\\/www.youtube.com\\\/channel\\\/UCHYaeO_n0Db3tjNGudGpXyw\"]},{\"@type\":\"Person\",\"@id\":\"https:\\\/\\\/radioljubuski.ba\\\/#\\\/schema\\\/person\\\/19fc700381a780f69665d7956c469e3b\",\"name\":\"Radio Ljubu\u0161ki\"}]}<\/script>\n<!-- \/ Yoast SEO plugin. -->","yoast_head_json":{"title":"11 osoba poginulo u prevrtanju autobusa, deseci ozlije\u0111enih prevezeni u bolnice - RADIO LJUBU\u0160KI","robots":{"index":"index","follow":"follow","max-snippet":"max-snippet:-1","max-image-preview":"max-image-preview:large","max-video-preview":"max-video-preview:-1"},"canonical":"https:\/\/radioljubuski.ba\/index.php\/2022\/08\/06\/11-osoba-poginulo-u-prevrtanju-autobusa-deseci-ozlijedenih-prevezeni-u-bolnice\/","og_locale":"hr_HR","og_type":"article","og_title":"11 osoba poginulo u prevrtanju autobusa, deseci ozlije\u0111enih prevezeni u bolnice - RADIO LJUBU\u0160KI","og_description":"Te\u0161ka nesre\u0107a dogodila oko 5,40 sati na autocesti u smjeru Zagreba izme\u0111u mjesta Jarek Bisa\u0161ki i Podvorec u Vara\u017edinskoj \u017eupaniji. S kolnika je sletio autobus poljskih registarskih oznaka. Policija je potvrdila kako je 11 osoba preminulo. Neslu\u017ebeno se doznaje kako je ozlije\u0111eno 34 ljudi. U Vara\u017edin su do\u0161li i ministri Davor Bo\u017einovi\u0107 i Tomo Medved. [&hellip;]","og_url":"https:\/\/radioljubuski.ba\/index.php\/2022\/08\/06\/11-osoba-poginulo-u-prevrtanju-autobusa-deseci-ozlijedenih-prevezeni-u-bolnice\/","og_site_name":"RADIO LJUBU\u0160KI","article_publisher":"https:\/\/www.facebook.com\/Radiio-Ljubuski-1490835324566332","article_published_time":"2022-08-06T07:34:54+00:00","og_image":[{"width":740,"height":438,"url":"https:\/\/radioljubuski.ba\/wp-content\/uploads\/2022\/08\/740x438-pxl-060822-94992394-20220806072051.jpg","type":"image\/jpeg"}],"author":"Radio Ljubu\u0161ki","twitter_card":"summary_large_image","twitter_creator":"@radioljubuski","twitter_site":"@radioljubuski","twitter_misc":{"Napisao\/la":"Radio Ljubu\u0161ki","Procijenjeno vrijeme \u010ditanja":"2 minute"},"schema":{"@context":"https:\/\/schema.org","@graph":[{"@type":"Article","@id":"https:\/\/radioljubuski.ba\/index.php\/2022\/08\/06\/11-osoba-poginulo-u-prevrtanju-autobusa-deseci-ozlijedenih-prevezeni-u-bolnice\/#article","isPartOf":{"@id":"https:\/\/radioljubuski.ba\/index.php\/2022\/08\/06\/11-osoba-poginulo-u-prevrtanju-autobusa-deseci-ozlijedenih-prevezeni-u-bolnice\/"},"author":{"name":"Radio Ljubu\u0161ki","@id":"https:\/\/radioljubuski.ba\/#\/schema\/person\/19fc700381a780f69665d7956c469e3b"},"headline":"11 osoba poginulo u prevrtanju autobusa, deseci ozlije\u0111enih prevezeni u bolnice","datePublished":"2022-08-06T07:34:54+00:00","mainEntityOfPage":{"@id":"https:\/\/radioljubuski.ba\/index.php\/2022\/08\/06\/11-osoba-poginulo-u-prevrtanju-autobusa-deseci-ozlijedenih-prevezeni-u-bolnice\/"},"wordCount":289,"publisher":{"@id":"https:\/\/radioljubuski.ba\/#organization"},"image":{"@id":"https:\/\/radioljubuski.ba\/index.php\/2022\/08\/06\/11-osoba-poginulo-u-prevrtanju-autobusa-deseci-ozlijedenih-prevezeni-u-bolnice\/#primaryimage"},"thumbnailUrl":"https:\/\/radioljubuski.ba\/wp-content\/uploads\/2022\/08\/740x438-pxl-060822-94992394-20220806072051.jpg","articleSection":["BIH i regija"],"inLanguage":"hr"},{"@type":"WebPage","@id":"https:\/\/radioljubuski.ba\/index.php\/2022\/08\/06\/11-osoba-poginulo-u-prevrtanju-autobusa-deseci-ozlijedenih-prevezeni-u-bolnice\/","url":"https:\/\/radioljubuski.ba\/index.php\/2022\/08\/06\/11-osoba-poginulo-u-prevrtanju-autobusa-deseci-ozlijedenih-prevezeni-u-bolnice\/","name":"11 osoba poginulo u prevrtanju autobusa, deseci ozlije\u0111enih prevezeni u bolnice - RADIO LJUBU\u0160KI","isPartOf":{"@id":"https:\/\/radioljubuski.ba\/#website"},"primaryImageOfPage":{"@id":"https:\/\/radioljubuski.ba\/index.php\/2022\/08\/06\/11-osoba-poginulo-u-prevrtanju-autobusa-deseci-ozlijedenih-prevezeni-u-bolnice\/#primaryimage"},"image":{"@id":"https:\/\/radioljubuski.ba\/index.php\/2022\/08\/06\/11-osoba-poginulo-u-prevrtanju-autobusa-deseci-ozlijedenih-prevezeni-u-bolnice\/#primaryimage"},"thumbnailUrl":"https:\/\/radioljubuski.ba\/wp-content\/uploads\/2022\/08\/740x438-pxl-060822-94992394-20220806072051.jpg","datePublished":"2022-08-06T07:34:54+00:00","breadcrumb":{"@id":"https:\/\/radioljubuski.ba\/index.php\/2022\/08\/06\/11-osoba-poginulo-u-prevrtanju-autobusa-deseci-ozlijedenih-prevezeni-u-bolnice\/#breadcrumb"},"inLanguage":"hr","potentialAction":[{"@type":"ReadAction","target":["https:\/\/radioljubuski.ba\/index.php\/2022\/08\/06\/11-osoba-poginulo-u-prevrtanju-autobusa-deseci-ozlijedenih-prevezeni-u-bolnice\/"]}]},{"@type":"ImageObject","inLanguage":"hr","@id":"https:\/\/radioljubuski.ba\/index.php\/2022\/08\/06\/11-osoba-poginulo-u-prevrtanju-autobusa-deseci-ozlijedenih-prevezeni-u-bolnice\/#primaryimage","url":"https:\/\/radioljubuski.ba\/wp-content\/uploads\/2022\/08\/740x438-pxl-060822-94992394-20220806072051.jpg","contentUrl":"https:\/\/radioljubuski.ba\/wp-content\/uploads\/2022\/08\/740x438-pxl-060822-94992394-20220806072051.jpg","width":740,"height":438,"caption":"06.08.2022., Varazdin - Vise osoba poginulo je, a veci je broj tesko ozlijedjen u prometnoj nesreci koja se oko 5,40 sati dogodila na autocesti A4 u smjeru Zagreba, izmedju mjesta Jarek Bisaski i Podvorec, kada je s kolnika sletio autobusa poljskih na"},{"@type":"BreadcrumbList","@id":"https:\/\/radioljubuski.ba\/index.php\/2022\/08\/06\/11-osoba-poginulo-u-prevrtanju-autobusa-deseci-ozlijedenih-prevezeni-u-bolnice\/#breadcrumb","itemListElement":[{"@type":"ListItem","position":1,"name":"Po\u010detna stranica","item":"https:\/\/radioljubuski.ba\/"},{"@type":"ListItem","position":2,"name":"11 osoba poginulo u prevrtanju autobusa, deseci ozlije\u0111enih prevezeni u bolnice"}]},{"@type":"WebSite","@id":"https:\/\/radioljubuski.ba\/#website","url":"https:\/\/radioljubuski.ba\/","name":"Radio Ljubu\u0161ki","description":"Sun\u010dana frekvencija Hercegovine","publisher":{"@id":"https:\/\/radioljubuski.ba\/#organization"},"potentialAction":[{"@type":"SearchAction","target":{"@type":"EntryPoint","urlTemplate":"https:\/\/radioljubuski.ba\/?s={search_term_string}"},"query-input":{"@type":"PropertyValueSpecification","valueRequired":true,"valueName":"search_term_string"}}],"inLanguage":"hr"},{"@type":"Organization","@id":"https:\/\/radioljubuski.ba\/#organization","name":"Radio Ljubu\u0161ki","url":"https:\/\/radioljubuski.ba\/","logo":{"@type":"ImageObject","inLanguage":"hr","@id":"https:\/\/radioljubuski.ba\/#\/schema\/logo\/image\/","url":"https:\/\/radioljubuski.ba\/wp-content\/uploads\/2021\/02\/cropped-Radio_Ljubuski_logo1.jpg","contentUrl":"https:\/\/radioljubuski.ba\/wp-content\/uploads\/2021\/02\/cropped-Radio_Ljubuski_logo1.jpg","width":512,"height":512,"caption":"Radio Ljubu\u0161ki"},"image":{"@id":"https:\/\/radioljubuski.ba\/#\/schema\/logo\/image\/"},"sameAs":["https:\/\/www.facebook.com\/Radiio-Ljubuski-1490835324566332","https:\/\/x.com\/radioljubuski","https:\/\/hr.linkedin.com\/company\/radio-ljubuski","https:\/\/www.youtube.com\/channel\/UCHYaeO_n0Db3tjNGudGpXyw"]},{"@type":"Person","@id":"https:\/\/radioljubuski.ba\/#\/schema\/person\/19fc700381a780f69665d7956c469e3b","name":"Radio Ljubu\u0161ki"}]}},"_links":{"self":[{"href":"https:\/\/radioljubuski.ba\/index.php\/wp-json\/wp\/v2\/posts\/166920","targetHints":{"allow":["GET"]}}],"collection":[{"href":"https:\/\/radioljubuski.ba\/index.php\/wp-json\/wp\/v2\/posts"}],"about":[{"href":"https:\/\/radioljubuski.ba\/index.php\/wp-json\/wp\/v2\/types\/post"}],"author":[{"embeddable":true,"href":"https:\/\/radioljubuski.ba\/index.php\/wp-json\/wp\/v2\/users\/2"}],"replies":[{"embeddable":true,"href":"https:\/\/radioljubuski.ba\/index.php\/wp-json\/wp\/v2\/comments?post=166920"}],"version-history":[{"count":1,"href":"https:\/\/radioljubuski.ba\/index.php\/wp-json\/wp\/v2\/posts\/166920\/revisions"}],"predecessor-version":[{"id":166922,"href":"https:\/\/radioljubuski.ba\/index.php\/wp-json\/wp\/v2\/posts\/166920\/revisions\/166922"}],"wp:featuredmedia":[{"embeddable":true,"href":"https:\/\/radioljubuski.ba\/index.php\/wp-json\/wp\/v2\/media\/166921"}],"wp:attachment":[{"href":"https:\/\/radioljubuski.ba\/index.php\/wp-json\/wp\/v2\/media?parent=166920"}],"wp:term":[{"taxonomy":"category","embeddable":true,"href":"https:\/\/radioljubuski.ba\/index.php\/wp-json\/wp\/v2\/categories?post=166920"},{"taxonomy":"post_tag","embeddable":true,"href":"https:\/\/radioljubuski.ba\/index.php\/wp-json\/wp\/v2\/tags?post=166920"}],"curies":[{"name":"wp","href":"https:\/\/api.w.org\/{rel}","templated":true}]}}