{"id":166926,"date":"2022-08-06T08:42:30","date_gmt":"2022-08-06T07:42:30","guid":{"rendered":"https:\/\/radioljubuski.ba\/?p=166926"},"modified":"2022-08-06T08:42:31","modified_gmt":"2022-08-06T07:42:31","slug":"plenkovic-nema-europske-bih-dok-hrvati-ne-budu-legitimno-predstavljeni","status":"publish","type":"post","link":"https:\/\/radioljubuski.ba\/index.php\/2022\/08\/06\/plenkovic-nema-europske-bih-dok-hrvati-ne-budu-legitimno-predstavljeni\/","title":{"rendered":"Plenkovi\u0107: Nema europske BiH dok Hrvati ne budu legitimno predstavljeni"},"content":{"rendered":"\n<p><strong>Premijer Hrvatske Andrej Plenkovi\u0107 sudjeluje na obilje\u017eavanju Dana pobjede i domovinske zahvalnosti, Dana hrvatskih branitelja i 27. obljetnici vojno-redarstvene operacije Oluja u Kninu.On je kazao da je Domovinski rat Hrvatskoj donio dugo i\u0161\u010dekivanu slobodu.<\/strong><\/p>\n\n\n\n<p>\u201cMnogi branitelji su svoju budu\u0107nost \u017ertvovali za slobodu domovine. Gotovo 900 godina Hrvati nisu slobodno upravljali vlastitom sudbinom, ve\u0107 su na svojoj zemlji bili pod\u010dinjeni raznim stranim vladarima, sve dok uz viziju predsjednika Franje Tu\u0111mana i hrabrost branitelja nismo ostvarili pravo na slobodu\u201d, kazao je predsjednik Vlade Hrvatske.<\/p>\n\n\n\n<p>Naglasio je kako je veli\u010danstvena pobjeda u Oluji bila odlu\u010duju\u0107a.<\/p>\n\n\n\n<p>\u201cU Biha\u010du je sprije\u010den genocid, kakav je bio u Srebrenici\u201d, kazao je Plenkovi\u0107, me\u0111u ostalima, isti\u010du\u0107i \u0161to je sve Oluja donijela Hrvatskoj, ali i BiH.<\/p>\n\n\n\n<p><strong>O Ukrajini i Hrvatima u BiH<\/strong><\/p>\n\n\n\n<p>Osvrnuo se potom na rat u Ukrajini, rekav\u0161i da je taj rat pokazao \u201ckoliko je visoka cijena slobode\u201d.<\/p>\n\n\n\n<p>\u201cUpravo zato \u0161to znamo kako je biti \u017ertvom agresije dali smo potporu Ukrajini\u201d, rekao je Plenkovi\u0107 i izazvao pljesak okupljenih.<\/p>\n\n\n\n<p>Govorio je zatim o Hrvatima u BiH, rekav\u0161i da nema europske BiH \u201csve dok su gra\u0111ani, a osobito Hrvati, ne budu legitimno predstavljeni u izvr\u0161nim tijelima zemlje\u201d. Kazao je da treba donijeti novi izborni zakon u BiH i sprije\u010diti diskriminaciju Hrvata.<\/p>\n\n\n\n<p>\u201cMi ve\u0107 \u0161estu godinu vodimo politiku po\u0161tovanja i digniteta hrvatskih branitelja, sna\u017eimo Hrvatsku vojsku. To nije samo retorika, to nije samo topla rije\u010d, to je konkretna politika koju vodi Tomo Medved\u201d, kazao je Plenkovi\u0107, nakon \u010dega je nastavio hvaliti hrvatskog ministra branitelja i njegov odnos i odnos Hrvatske vlade prema hrvatskim braniteljima.<\/p>\n\n\n\n<p>Istaknuo je hrvatski premijer da \u017eivimo u nesigurnim vremenima i da treba ulagati u obranu.<\/p>\n\n\n\n<p>\u201cU ovim nesigurnim vremenima vi\u0161e nego ikada smo sigurno da je potrebno ulagati na sigurnost. Rat na europskom kontinentu naru\u0161io je sigurnost i njegove su posljedice jasne u cijeloj svijetu. To donosi do slabljenja i destabilizacije, siroma\u0161tva i gladi, novih migracija\u201d, kazao je Plenkovi\u0107, koji je zatim iznova naglasio da je Hrvatska vlada \u201cstavila hrvatskog vojnika u sredi\u0161te obrambene politike\u201d.<\/p>\n\n\n\n<p><strong>O optu\u017ebama iz Srbije<\/strong><\/p>\n\n\n\n<p>Osvrnuo se i na optu\u017ebe iz Srbije pred obljetnicu \u201cOluje\u201d.<\/p>\n\n\n\n<p>\u201cPonovno svjedo\u010dimo jadnim i jalovim optu\u017ebama o protjerivanju Srba, iako je poznato da ih je vodstvo pobunjenih Srba uz dogovor s Beogradom prisililo na odlazak, \u0161to su i sami srpski pokajnici potvrdili u svojim iskazima u Haagu\u201d, rekao je.<\/p>\n\n\n\n<p>\u201cTim vi\u0161e to ne\u0107emo dopustiti jer dolazi iz Srbije koja i dalje ne priznaje svoj zlo\u010dina\u010dki pothvat pod vodstvo Milo\u0161evi\u0107evog re\u017eima\u201d, naglasio je Plenkovi\u0107 dodav\u0161i da \u0107e Hrvatska vlada \u0161tititi hrvatske branitelje i ratne pilote.<\/p>\n\n\n\n<p>\u201cNe\u0107emo dozvoliti da se dovede u pitanje oslobodila\u010dki i pravedan karakter Domovinskog karaktera niti \u0107emo dopustiti da se optu\u017euju na\u0161i heroji\u201d, dodao je Plenkovi\u0107.<\/p>\n\n\n\n<p>\u201cPonosni smo \u0161to \u010duvamo prava nacionalnih manjina. Srbija na\u017ealost ne sura\u0111uje ni po pitanju nestalih, ni po pitanju logora na teritoriju Srbije\u201d; kazao je.<\/p>\n\n\n\n<p>\/HMS\/<\/p>\n","protected":false},"excerpt":{"rendered":"<p>Premijer Hrvatske Andrej Plenkovi\u0107 sudjeluje na obilje\u017eavanju Dana pobjede i domovinske zahvalnosti, Dana hrvatskih branitelja i 27. obljetnici vojno-redarstvene operacije Oluja u Kninu.On je kazao da je Domovinski rat Hrvatskoj donio dugo i\u0161\u010dekivanu slobodu. \u201cMnogi branitelji su svoju budu\u0107nost \u017ertvovali za slobodu domovine. Gotovo 900 godina Hrvati nisu slobodno upravljali vlastitom sudbinom, ve\u0107 su na [&hellip;]<\/p>\n","protected":false},"author":2,"featured_media":166927,"comment_status":"closed","ping_status":"closed","sticky":false,"template":"","format":"standard","meta":{"h5ap_radio_sources":[],"footnotes":""},"categories":[1],"tags":[],"class_list":["post-166926","post","type-post","status-publish","format-standard","has-post-thumbnail","hentry","category-bihiregija"],"yoast_head":"<!-- This site is optimized with the Yoast SEO plugin v27.4 - https:\/\/yoast.com\/product\/yoast-seo-wordpress\/ -->\n<title>Plenkovi\u0107: Nema europske BiH dok Hrvati ne budu legitimno predstavljeni - RADIO LJUBU\u0160KI<\/title>\n<meta name=\"robots\" content=\"index, follow, max-snippet:-1, max-image-preview:large, max-video-preview:-1\" \/>\n<link rel=\"canonical\" href=\"https:\/\/radioljubuski.ba\/index.php\/2022\/08\/06\/plenkovic-nema-europske-bih-dok-hrvati-ne-budu-legitimno-predstavljeni\/\" \/>\n<meta property=\"og:locale\" content=\"hr_HR\" \/>\n<meta property=\"og:type\" content=\"article\" \/>\n<meta property=\"og:title\" content=\"Plenkovi\u0107: Nema europske BiH dok Hrvati ne budu legitimno predstavljeni - RADIO LJUBU\u0160KI\" \/>\n<meta property=\"og:description\" content=\"Premijer Hrvatske Andrej Plenkovi\u0107 sudjeluje na obilje\u017eavanju Dana pobjede i domovinske zahvalnosti, Dana hrvatskih branitelja i 27. obljetnici vojno-redarstvene operacije Oluja u Kninu.On je kazao da je Domovinski rat Hrvatskoj donio dugo i\u0161\u010dekivanu slobodu. \u201cMnogi branitelji su svoju budu\u0107nost \u017ertvovali za slobodu domovine. Gotovo 900 godina Hrvati nisu slobodno upravljali vlastitom sudbinom, ve\u0107 su na [&hellip;]\" \/>\n<meta property=\"og:url\" content=\"https:\/\/radioljubuski.ba\/index.php\/2022\/08\/06\/plenkovic-nema-europske-bih-dok-hrvati-ne-budu-legitimno-predstavljeni\/\" \/>\n<meta property=\"og:site_name\" content=\"RADIO LJUBU\u0160KI\" \/>\n<meta property=\"article:publisher\" content=\"https:\/\/www.facebook.com\/Radiio-Ljubuski-1490835324566332\" \/>\n<meta property=\"article:published_time\" content=\"2022-08-06T07:42:30+00:00\" \/>\n<meta property=\"article:modified_time\" content=\"2022-08-06T07:42:31+00:00\" \/>\n<meta property=\"og:image\" content=\"https:\/\/radioljubuski.ba\/wp-content\/uploads\/2022\/08\/11-1.png\" \/>\n\t<meta property=\"og:image:width\" content=\"1059\" \/>\n\t<meta property=\"og:image:height\" content=\"743\" \/>\n\t<meta property=\"og:image:type\" content=\"image\/png\" \/>\n<meta name=\"author\" content=\"Radio Ljubu\u0161ki\" \/>\n<meta name=\"twitter:card\" content=\"summary_large_image\" \/>\n<meta name=\"twitter:creator\" content=\"@radioljubuski\" \/>\n<meta name=\"twitter:site\" content=\"@radioljubuski\" \/>\n<meta name=\"twitter:label1\" content=\"Napisao\/la\" \/>\n\t<meta name=\"twitter:data1\" content=\"Radio Ljubu\u0161ki\" \/>\n\t<meta name=\"twitter:label2\" content=\"Procijenjeno vrijeme \u010ditanja\" \/>\n\t<meta name=\"twitter:data2\" content=\"3 minute\" \/>\n<script type=\"application\/ld+json\" class=\"yoast-schema-graph\">{\"@context\":\"https:\\\/\\\/schema.org\",\"@graph\":[{\"@type\":\"Article\",\"@id\":\"https:\\\/\\\/radioljubuski.ba\\\/index.php\\\/2022\\\/08\\\/06\\\/plenkovic-nema-europske-bih-dok-hrvati-ne-budu-legitimno-predstavljeni\\\/#article\",\"isPartOf\":{\"@id\":\"https:\\\/\\\/radioljubuski.ba\\\/index.php\\\/2022\\\/08\\\/06\\\/plenkovic-nema-europske-bih-dok-hrvati-ne-budu-legitimno-predstavljeni\\\/\"},\"author\":{\"name\":\"Radio Ljubu\u0161ki\",\"@id\":\"https:\\\/\\\/radioljubuski.ba\\\/#\\\/schema\\\/person\\\/19fc700381a780f69665d7956c469e3b\"},\"headline\":\"Plenkovi\u0107: Nema europske BiH dok Hrvati ne budu legitimno predstavljeni\",\"datePublished\":\"2022-08-06T07:42:30+00:00\",\"dateModified\":\"2022-08-06T07:42:31+00:00\",\"mainEntityOfPage\":{\"@id\":\"https:\\\/\\\/radioljubuski.ba\\\/index.php\\\/2022\\\/08\\\/06\\\/plenkovic-nema-europske-bih-dok-hrvati-ne-budu-legitimno-predstavljeni\\\/\"},\"wordCount\":517,\"publisher\":{\"@id\":\"https:\\\/\\\/radioljubuski.ba\\\/#organization\"},\"image\":{\"@id\":\"https:\\\/\\\/radioljubuski.ba\\\/index.php\\\/2022\\\/08\\\/06\\\/plenkovic-nema-europske-bih-dok-hrvati-ne-budu-legitimno-predstavljeni\\\/#primaryimage\"},\"thumbnailUrl\":\"https:\\\/\\\/radioljubuski.ba\\\/wp-content\\\/uploads\\\/2022\\\/08\\\/11-1.png\",\"articleSection\":[\"BIH i regija\"],\"inLanguage\":\"hr\"},{\"@type\":\"WebPage\",\"@id\":\"https:\\\/\\\/radioljubuski.ba\\\/index.php\\\/2022\\\/08\\\/06\\\/plenkovic-nema-europske-bih-dok-hrvati-ne-budu-legitimno-predstavljeni\\\/\",\"url\":\"https:\\\/\\\/radioljubuski.ba\\\/index.php\\\/2022\\\/08\\\/06\\\/plenkovic-nema-europske-bih-dok-hrvati-ne-budu-legitimno-predstavljeni\\\/\",\"name\":\"Plenkovi\u0107: Nema europske BiH dok Hrvati ne budu legitimno predstavljeni - RADIO LJUBU\u0160KI\",\"isPartOf\":{\"@id\":\"https:\\\/\\\/radioljubuski.ba\\\/#website\"},\"primaryImageOfPage\":{\"@id\":\"https:\\\/\\\/radioljubuski.ba\\\/index.php\\\/2022\\\/08\\\/06\\\/plenkovic-nema-europske-bih-dok-hrvati-ne-budu-legitimno-predstavljeni\\\/#primaryimage\"},\"image\":{\"@id\":\"https:\\\/\\\/radioljubuski.ba\\\/index.php\\\/2022\\\/08\\\/06\\\/plenkovic-nema-europske-bih-dok-hrvati-ne-budu-legitimno-predstavljeni\\\/#primaryimage\"},\"thumbnailUrl\":\"https:\\\/\\\/radioljubuski.ba\\\/wp-content\\\/uploads\\\/2022\\\/08\\\/11-1.png\",\"datePublished\":\"2022-08-06T07:42:30+00:00\",\"dateModified\":\"2022-08-06T07:42:31+00:00\",\"breadcrumb\":{\"@id\":\"https:\\\/\\\/radioljubuski.ba\\\/index.php\\\/2022\\\/08\\\/06\\\/plenkovic-nema-europske-bih-dok-hrvati-ne-budu-legitimno-predstavljeni\\\/#breadcrumb\"},\"inLanguage\":\"hr\",\"potentialAction\":[{\"@type\":\"ReadAction\",\"target\":[\"https:\\\/\\\/radioljubuski.ba\\\/index.php\\\/2022\\\/08\\\/06\\\/plenkovic-nema-europske-bih-dok-hrvati-ne-budu-legitimno-predstavljeni\\\/\"]}]},{\"@type\":\"ImageObject\",\"inLanguage\":\"hr\",\"@id\":\"https:\\\/\\\/radioljubuski.ba\\\/index.php\\\/2022\\\/08\\\/06\\\/plenkovic-nema-europske-bih-dok-hrvati-ne-budu-legitimno-predstavljeni\\\/#primaryimage\",\"url\":\"https:\\\/\\\/radioljubuski.ba\\\/wp-content\\\/uploads\\\/2022\\\/08\\\/11-1.png\",\"contentUrl\":\"https:\\\/\\\/radioljubuski.ba\\\/wp-content\\\/uploads\\\/2022\\\/08\\\/11-1.png\",\"width\":1059,\"height\":743},{\"@type\":\"BreadcrumbList\",\"@id\":\"https:\\\/\\\/radioljubuski.ba\\\/index.php\\\/2022\\\/08\\\/06\\\/plenkovic-nema-europske-bih-dok-hrvati-ne-budu-legitimno-predstavljeni\\\/#breadcrumb\",\"itemListElement\":[{\"@type\":\"ListItem\",\"position\":1,\"name\":\"Po\u010detna stranica\",\"item\":\"https:\\\/\\\/radioljubuski.ba\\\/\"},{\"@type\":\"ListItem\",\"position\":2,\"name\":\"Plenkovi\u0107: Nema europske BiH dok Hrvati ne budu legitimno predstavljeni\"}]},{\"@type\":\"WebSite\",\"@id\":\"https:\\\/\\\/radioljubuski.ba\\\/#website\",\"url\":\"https:\\\/\\\/radioljubuski.ba\\\/\",\"name\":\"Radio Ljubu\u0161ki\",\"description\":\"Sun\u010dana frekvencija Hercegovine\",\"publisher\":{\"@id\":\"https:\\\/\\\/radioljubuski.ba\\\/#organization\"},\"potentialAction\":[{\"@type\":\"SearchAction\",\"target\":{\"@type\":\"EntryPoint\",\"urlTemplate\":\"https:\\\/\\\/radioljubuski.ba\\\/?s={search_term_string}\"},\"query-input\":{\"@type\":\"PropertyValueSpecification\",\"valueRequired\":true,\"valueName\":\"search_term_string\"}}],\"inLanguage\":\"hr\"},{\"@type\":\"Organization\",\"@id\":\"https:\\\/\\\/radioljubuski.ba\\\/#organization\",\"name\":\"Radio Ljubu\u0161ki\",\"url\":\"https:\\\/\\\/radioljubuski.ba\\\/\",\"logo\":{\"@type\":\"ImageObject\",\"inLanguage\":\"hr\",\"@id\":\"https:\\\/\\\/radioljubuski.ba\\\/#\\\/schema\\\/logo\\\/image\\\/\",\"url\":\"https:\\\/\\\/radioljubuski.ba\\\/wp-content\\\/uploads\\\/2021\\\/02\\\/cropped-Radio_Ljubuski_logo1.jpg\",\"contentUrl\":\"https:\\\/\\\/radioljubuski.ba\\\/wp-content\\\/uploads\\\/2021\\\/02\\\/cropped-Radio_Ljubuski_logo1.jpg\",\"width\":512,\"height\":512,\"caption\":\"Radio Ljubu\u0161ki\"},\"image\":{\"@id\":\"https:\\\/\\\/radioljubuski.ba\\\/#\\\/schema\\\/logo\\\/image\\\/\"},\"sameAs\":[\"https:\\\/\\\/www.facebook.com\\\/Radiio-Ljubuski-1490835324566332\",\"https:\\\/\\\/x.com\\\/radioljubuski\",\"https:\\\/\\\/hr.linkedin.com\\\/company\\\/radio-ljubuski\",\"https:\\\/\\\/www.youtube.com\\\/channel\\\/UCHYaeO_n0Db3tjNGudGpXyw\"]},{\"@type\":\"Person\",\"@id\":\"https:\\\/\\\/radioljubuski.ba\\\/#\\\/schema\\\/person\\\/19fc700381a780f69665d7956c469e3b\",\"name\":\"Radio Ljubu\u0161ki\"}]}<\/script>\n<!-- \/ Yoast SEO plugin. -->","yoast_head_json":{"title":"Plenkovi\u0107: Nema europske BiH dok Hrvati ne budu legitimno predstavljeni - RADIO LJUBU\u0160KI","robots":{"index":"index","follow":"follow","max-snippet":"max-snippet:-1","max-image-preview":"max-image-preview:large","max-video-preview":"max-video-preview:-1"},"canonical":"https:\/\/radioljubuski.ba\/index.php\/2022\/08\/06\/plenkovic-nema-europske-bih-dok-hrvati-ne-budu-legitimno-predstavljeni\/","og_locale":"hr_HR","og_type":"article","og_title":"Plenkovi\u0107: Nema europske BiH dok Hrvati ne budu legitimno predstavljeni - RADIO LJUBU\u0160KI","og_description":"Premijer Hrvatske Andrej Plenkovi\u0107 sudjeluje na obilje\u017eavanju Dana pobjede i domovinske zahvalnosti, Dana hrvatskih branitelja i 27. obljetnici vojno-redarstvene operacije Oluja u Kninu.On je kazao da je Domovinski rat Hrvatskoj donio dugo i\u0161\u010dekivanu slobodu. \u201cMnogi branitelji su svoju budu\u0107nost \u017ertvovali za slobodu domovine. Gotovo 900 godina Hrvati nisu slobodno upravljali vlastitom sudbinom, ve\u0107 su na [&hellip;]","og_url":"https:\/\/radioljubuski.ba\/index.php\/2022\/08\/06\/plenkovic-nema-europske-bih-dok-hrvati-ne-budu-legitimno-predstavljeni\/","og_site_name":"RADIO LJUBU\u0160KI","article_publisher":"https:\/\/www.facebook.com\/Radiio-Ljubuski-1490835324566332","article_published_time":"2022-08-06T07:42:30+00:00","article_modified_time":"2022-08-06T07:42:31+00:00","og_image":[{"width":1059,"height":743,"url":"https:\/\/radioljubuski.ba\/wp-content\/uploads\/2022\/08\/11-1.png","type":"image\/png"}],"author":"Radio Ljubu\u0161ki","twitter_card":"summary_large_image","twitter_creator":"@radioljubuski","twitter_site":"@radioljubuski","twitter_misc":{"Napisao\/la":"Radio Ljubu\u0161ki","Procijenjeno vrijeme \u010ditanja":"3 minute"},"schema":{"@context":"https:\/\/schema.org","@graph":[{"@type":"Article","@id":"https:\/\/radioljubuski.ba\/index.php\/2022\/08\/06\/plenkovic-nema-europske-bih-dok-hrvati-ne-budu-legitimno-predstavljeni\/#article","isPartOf":{"@id":"https:\/\/radioljubuski.ba\/index.php\/2022\/08\/06\/plenkovic-nema-europske-bih-dok-hrvati-ne-budu-legitimno-predstavljeni\/"},"author":{"name":"Radio Ljubu\u0161ki","@id":"https:\/\/radioljubuski.ba\/#\/schema\/person\/19fc700381a780f69665d7956c469e3b"},"headline":"Plenkovi\u0107: Nema europske BiH dok Hrvati ne budu legitimno predstavljeni","datePublished":"2022-08-06T07:42:30+00:00","dateModified":"2022-08-06T07:42:31+00:00","mainEntityOfPage":{"@id":"https:\/\/radioljubuski.ba\/index.php\/2022\/08\/06\/plenkovic-nema-europske-bih-dok-hrvati-ne-budu-legitimno-predstavljeni\/"},"wordCount":517,"publisher":{"@id":"https:\/\/radioljubuski.ba\/#organization"},"image":{"@id":"https:\/\/radioljubuski.ba\/index.php\/2022\/08\/06\/plenkovic-nema-europske-bih-dok-hrvati-ne-budu-legitimno-predstavljeni\/#primaryimage"},"thumbnailUrl":"https:\/\/radioljubuski.ba\/wp-content\/uploads\/2022\/08\/11-1.png","articleSection":["BIH i regija"],"inLanguage":"hr"},{"@type":"WebPage","@id":"https:\/\/radioljubuski.ba\/index.php\/2022\/08\/06\/plenkovic-nema-europske-bih-dok-hrvati-ne-budu-legitimno-predstavljeni\/","url":"https:\/\/radioljubuski.ba\/index.php\/2022\/08\/06\/plenkovic-nema-europske-bih-dok-hrvati-ne-budu-legitimno-predstavljeni\/","name":"Plenkovi\u0107: Nema europske BiH dok Hrvati ne budu legitimno predstavljeni - RADIO LJUBU\u0160KI","isPartOf":{"@id":"https:\/\/radioljubuski.ba\/#website"},"primaryImageOfPage":{"@id":"https:\/\/radioljubuski.ba\/index.php\/2022\/08\/06\/plenkovic-nema-europske-bih-dok-hrvati-ne-budu-legitimno-predstavljeni\/#primaryimage"},"image":{"@id":"https:\/\/radioljubuski.ba\/index.php\/2022\/08\/06\/plenkovic-nema-europske-bih-dok-hrvati-ne-budu-legitimno-predstavljeni\/#primaryimage"},"thumbnailUrl":"https:\/\/radioljubuski.ba\/wp-content\/uploads\/2022\/08\/11-1.png","datePublished":"2022-08-06T07:42:30+00:00","dateModified":"2022-08-06T07:42:31+00:00","breadcrumb":{"@id":"https:\/\/radioljubuski.ba\/index.php\/2022\/08\/06\/plenkovic-nema-europske-bih-dok-hrvati-ne-budu-legitimno-predstavljeni\/#breadcrumb"},"inLanguage":"hr","potentialAction":[{"@type":"ReadAction","target":["https:\/\/radioljubuski.ba\/index.php\/2022\/08\/06\/plenkovic-nema-europske-bih-dok-hrvati-ne-budu-legitimno-predstavljeni\/"]}]},{"@type":"ImageObject","inLanguage":"hr","@id":"https:\/\/radioljubuski.ba\/index.php\/2022\/08\/06\/plenkovic-nema-europske-bih-dok-hrvati-ne-budu-legitimno-predstavljeni\/#primaryimage","url":"https:\/\/radioljubuski.ba\/wp-content\/uploads\/2022\/08\/11-1.png","contentUrl":"https:\/\/radioljubuski.ba\/wp-content\/uploads\/2022\/08\/11-1.png","width":1059,"height":743},{"@type":"BreadcrumbList","@id":"https:\/\/radioljubuski.ba\/index.php\/2022\/08\/06\/plenkovic-nema-europske-bih-dok-hrvati-ne-budu-legitimno-predstavljeni\/#breadcrumb","itemListElement":[{"@type":"ListItem","position":1,"name":"Po\u010detna stranica","item":"https:\/\/radioljubuski.ba\/"},{"@type":"ListItem","position":2,"name":"Plenkovi\u0107: Nema europske BiH dok Hrvati ne budu legitimno predstavljeni"}]},{"@type":"WebSite","@id":"https:\/\/radioljubuski.ba\/#website","url":"https:\/\/radioljubuski.ba\/","name":"Radio Ljubu\u0161ki","description":"Sun\u010dana frekvencija Hercegovine","publisher":{"@id":"https:\/\/radioljubuski.ba\/#organization"},"potentialAction":[{"@type":"SearchAction","target":{"@type":"EntryPoint","urlTemplate":"https:\/\/radioljubuski.ba\/?s={search_term_string}"},"query-input":{"@type":"PropertyValueSpecification","valueRequired":true,"valueName":"search_term_string"}}],"inLanguage":"hr"},{"@type":"Organization","@id":"https:\/\/radioljubuski.ba\/#organization","name":"Radio Ljubu\u0161ki","url":"https:\/\/radioljubuski.ba\/","logo":{"@type":"ImageObject","inLanguage":"hr","@id":"https:\/\/radioljubuski.ba\/#\/schema\/logo\/image\/","url":"https:\/\/radioljubuski.ba\/wp-content\/uploads\/2021\/02\/cropped-Radio_Ljubuski_logo1.jpg","contentUrl":"https:\/\/radioljubuski.ba\/wp-content\/uploads\/2021\/02\/cropped-Radio_Ljubuski_logo1.jpg","width":512,"height":512,"caption":"Radio Ljubu\u0161ki"},"image":{"@id":"https:\/\/radioljubuski.ba\/#\/schema\/logo\/image\/"},"sameAs":["https:\/\/www.facebook.com\/Radiio-Ljubuski-1490835324566332","https:\/\/x.com\/radioljubuski","https:\/\/hr.linkedin.com\/company\/radio-ljubuski","https:\/\/www.youtube.com\/channel\/UCHYaeO_n0Db3tjNGudGpXyw"]},{"@type":"Person","@id":"https:\/\/radioljubuski.ba\/#\/schema\/person\/19fc700381a780f69665d7956c469e3b","name":"Radio Ljubu\u0161ki"}]}},"_links":{"self":[{"href":"https:\/\/radioljubuski.ba\/index.php\/wp-json\/wp\/v2\/posts\/166926","targetHints":{"allow":["GET"]}}],"collection":[{"href":"https:\/\/radioljubuski.ba\/index.php\/wp-json\/wp\/v2\/posts"}],"about":[{"href":"https:\/\/radioljubuski.ba\/index.php\/wp-json\/wp\/v2\/types\/post"}],"author":[{"embeddable":true,"href":"https:\/\/radioljubuski.ba\/index.php\/wp-json\/wp\/v2\/users\/2"}],"replies":[{"embeddable":true,"href":"https:\/\/radioljubuski.ba\/index.php\/wp-json\/wp\/v2\/comments?post=166926"}],"version-history":[{"count":1,"href":"https:\/\/radioljubuski.ba\/index.php\/wp-json\/wp\/v2\/posts\/166926\/revisions"}],"predecessor-version":[{"id":166928,"href":"https:\/\/radioljubuski.ba\/index.php\/wp-json\/wp\/v2\/posts\/166926\/revisions\/166928"}],"wp:featuredmedia":[{"embeddable":true,"href":"https:\/\/radioljubuski.ba\/index.php\/wp-json\/wp\/v2\/media\/166927"}],"wp:attachment":[{"href":"https:\/\/radioljubuski.ba\/index.php\/wp-json\/wp\/v2\/media?parent=166926"}],"wp:term":[{"taxonomy":"category","embeddable":true,"href":"https:\/\/radioljubuski.ba\/index.php\/wp-json\/wp\/v2\/categories?post=166926"},{"taxonomy":"post_tag","embeddable":true,"href":"https:\/\/radioljubuski.ba\/index.php\/wp-json\/wp\/v2\/tags?post=166926"}],"curies":[{"name":"wp","href":"https:\/\/api.w.org\/{rel}","templated":true}]}}