{"id":166929,"date":"2022-08-06T08:45:00","date_gmt":"2022-08-06T07:45:00","guid":{"rendered":"https:\/\/radioljubuski.ba\/?p=166929"},"modified":"2022-08-06T08:45:00","modified_gmt":"2022-08-06T07:45:00","slug":"milanovic-nisu-bih-obranili-nato-vi-razaraci-vec-hvo","status":"publish","type":"post","link":"https:\/\/radioljubuski.ba\/index.php\/2022\/08\/06\/milanovic-nisu-bih-obranili-nato-vi-razaraci-vec-hvo\/","title":{"rendered":"Milanovi\u0107: Nisu BiH obranili NATO-vi razara\u010di ve\u0107 HVO!"},"content":{"rendered":"\n<p><strong>Hrvatska slavi Dan pobjede i domovinske zahvalnosti, Dan hrvatskih branitelja i 27. obljetnicu vojno-redarstvene operacije \u201cOluja\u201d, kojom je u 84 sata oslobo\u0111eno 11.000 \u010detvornih kilometara okupiranog podru\u010dja u sjevernoj Dalmaciji, Lici, Banovini i Kordunu. Sredi\u0161nja sve\u010danost odr\u017eava se u Kninu na stadionu NK Dinara. Prigodni govor u Kninu odr\u017eao je i predsjednik RH Zoran Milanovi\u0107.<\/strong><\/p>\n\n\n\n<p>\u2013 Vi\u0161e puta sam se pitao za\u0161to svake godine dolazimo na ovo isto mjesto, je li to strah od zaborava. Jesu li to poruke koje od ovog mjesta treba oda\u0161iljati. U mno\u0161tvu poslovica koje je smislio narod svojom prazno\u0107om odjekuju one pravni\u010dke, onaj koji previ\u0161e dokazuje, taj ne dokazuje ni\u0161ta. Onaj koji ne dokazuje ni\u0161ta taj \u0161uti, a onaj tko se brani \u0161utnjoj taj na kraju nastrada. Hrvatska je svoj put pro\u0161la te\u0161ko i nije ni\u0161ta dobila besplatno. U nizu tema koje bih ovdje mogao i mo\u017eda i trebao otvoriti, usredoti\u010diti \u0107u se na dvije.<\/p>\n\n\n\n<p>\u2013 Kada govorimo o polo\u017eaju Hrvata u BiH, iza nas je skoro 30 godina gledanja, poku\u0161aja, vjerovanja, razo\u010daranja, ljutnje, o\u010daja u nekim trenucima. Re\u0107i da je Hrvatska jamac Daytona je potrebno, ali nije dovoljno. Ljudi koji su dali svoje \u017eivote o\u010dekivali su vi\u0161e. Hrvatski narod u BiH ne samo da je obespravljen, nego ga se i vrije\u0111a. To rade isti ljudi koji su od hrvatskih ljudi i njezinih predsjednika dobivali najvi\u0161a odlikovanja. Treba im re\u0107i da BiH nisu obranili NATO-vi razara\u010di koji su iz sigurne zone ga\u0111ali srpske polo\u017eaje ve\u0107 hrvatski vojnici, vojnici HVO-a, najhrabriji sinovi, nikakvi ameri\u010dki, britanski, francuski lete\u0107i strojevi, i to u 10. mjesecu 1995. godine. Na\u0161a dr\u017eava nije puki pasivni promatra\u010d, nego aktivni pripadnik me\u0111unarodne zajednice. Nismo u\u0161li u EU i NATO da bismo bili sretni korisnici EU fondova, nego da bismo na\u0161u dr\u017eavu koristili u svom interesu pa i u prkos onima koji nas \u017eele obezvrijediti \u2013 rekao je Zoran Milanovi\u0107.<\/p>\n\n\n\n<p>\u2013 Druga tema je mogla biti Oluja i odlazak velikog broja gra\u0111ana srpske nacionalnosti iz ovih krajeva. To je ljudska tragedija, ali tome je prethodila ljudska pohlepa i ljudska glupost. Danima prije Oluje nisu htjeli pristati na Plan Z4. A taj plan za Hrvatsku nije bio povoljan, ali ga je Hrvatska bila spremna prihvatiti. Me\u0111utim, migom sudbine, oholo\u0161\u0107u onih koji su mogli dobiti vi\u0161e, to nisu prihvatili, i na djelo su stupili oni najhrabriji me\u0111u nama. Hrvatska je mogla biti podijeljena na UN zone. Oluja je bila veliki rizik, treba biti svjestan da Hrvatska vojska tada nije imala streljiva za vi\u0161e od 2 tjedna borbe. Hrvatska vojska razbila je neprijatelja i tek tada se stupa za zeleni stol i pregovara. Napravljen je \u201cpower sharing agreement\u201d, precizno je definirano tko na \u0161to ima pravo, a to se danas obezvrje\u0111uje. Argumenti su na na\u0161oj strani \u2013 poru\u010dio je Milanovi\u0107.<\/p>\n\n\n\n<p>\u2013 Mi imamo svoj posao i svoje obveze, svoju vojsku u koju moramo ulagati. Lijepo je imati skupe cipele, ali ako je ostala roba nedostatna, treba se zapitati je li to rje\u0161enje. Zadatak na\u0161e vojske, koja je nastala od boljih an\u0111ela na\u0161ih du\u0161a je obnova na\u0161e dr\u017eave i \u010duvanje teritorija, drugi je stanovni\u0161tvo, gra\u0111ani ove zemlje. I demokratski izabrana vlast od ve\u0107ina na odre\u0111eni mandat. Zadatak je hrvatske vojske prije svega obrana domovine. \u0160to sam stariji i iskusniji, tuma\u010din to \u010dim konzervativnije, \u010dim bli\u017ee domu, tim bolje. Ovaj dan ogroman je dan za hrvatsku dr\u017eavu. Prvih 5 godina nakon Oluje, utihnuli smo. Hrvatska je bila ucjenjivana, pritiskana, najbolje ljude smo morali slati u Haag, Gotovinu, Marka\u010da, \u010cermaka\u2026<\/p>\n\n\n\n<p>Hrvatska danas nije vi\u0161e taoc ni\u010dega, Hrvatska mo\u017ee drskije jer je svjesna da su prave vrijednosti na na\u0161oj strani. Dr\u017eimo se prave strane povijesti, ne branimo se \u0161utnjom, na\u0161a postignu\u0107a su velika. Nemamo se \u010dega stidjeti. Sretan dan hrvatskih branitelja, Dan pobjede i Dan domovinske zahvalnosti \u2013 zaklju\u010dio je Milanovi\u0107, uz pljeska okupljenih, zaklju\u010dio je svoj govor u Kinunu predsjednik Hrvatske Zoran Milanovi\u0107.<\/p>\n\n\n\n<p>\/HMS\/<\/p>\n","protected":false},"excerpt":{"rendered":"<p>Hrvatska slavi Dan pobjede i domovinske zahvalnosti, Dan hrvatskih branitelja i 27. obljetnicu vojno-redarstvene operacije \u201cOluja\u201d, kojom je u 84 sata oslobo\u0111eno 11.000 \u010detvornih kilometara okupiranog podru\u010dja u sjevernoj Dalmaciji, Lici, Banovini i Kordunu. Sredi\u0161nja sve\u010danost odr\u017eava se u Kninu na stadionu NK Dinara. Prigodni govor u Kninu odr\u017eao je i predsjednik RH Zoran Milanovi\u0107. [&hellip;]<\/p>\n","protected":false},"author":2,"featured_media":166930,"comment_status":"closed","ping_status":"closed","sticky":false,"template":"","format":"standard","meta":{"h5ap_radio_sources":[],"footnotes":""},"categories":[1],"tags":[],"class_list":["post-166929","post","type-post","status-publish","format-standard","has-post-thumbnail","hentry","category-bihiregija"],"yoast_head":"<!-- This site is optimized with the Yoast SEO plugin v27.4 - https:\/\/yoast.com\/product\/yoast-seo-wordpress\/ -->\n<title>Milanovi\u0107: Nisu BiH obranili NATO-vi razara\u010di ve\u0107 HVO! - RADIO LJUBU\u0160KI<\/title>\n<meta name=\"robots\" content=\"index, follow, max-snippet:-1, max-image-preview:large, max-video-preview:-1\" \/>\n<link rel=\"canonical\" href=\"https:\/\/radioljubuski.ba\/index.php\/2022\/08\/06\/milanovic-nisu-bih-obranili-nato-vi-razaraci-vec-hvo\/\" \/>\n<meta property=\"og:locale\" content=\"hr_HR\" \/>\n<meta property=\"og:type\" content=\"article\" \/>\n<meta property=\"og:title\" content=\"Milanovi\u0107: Nisu BiH obranili NATO-vi razara\u010di ve\u0107 HVO! - RADIO LJUBU\u0160KI\" \/>\n<meta property=\"og:description\" content=\"Hrvatska slavi Dan pobjede i domovinske zahvalnosti, Dan hrvatskih branitelja i 27. obljetnicu vojno-redarstvene operacije \u201cOluja\u201d, kojom je u 84 sata oslobo\u0111eno 11.000 \u010detvornih kilometara okupiranog podru\u010dja u sjevernoj Dalmaciji, Lici, Banovini i Kordunu. Sredi\u0161nja sve\u010danost odr\u017eava se u Kninu na stadionu NK Dinara. Prigodni govor u Kninu odr\u017eao je i predsjednik RH Zoran Milanovi\u0107. [&hellip;]\" \/>\n<meta property=\"og:url\" content=\"https:\/\/radioljubuski.ba\/index.php\/2022\/08\/06\/milanovic-nisu-bih-obranili-nato-vi-razaraci-vec-hvo\/\" \/>\n<meta property=\"og:site_name\" content=\"RADIO LJUBU\u0160KI\" \/>\n<meta property=\"article:publisher\" content=\"https:\/\/www.facebook.com\/Radiio-Ljubuski-1490835324566332\" \/>\n<meta property=\"article:published_time\" content=\"2022-08-06T07:45:00+00:00\" \/>\n<meta property=\"og:image\" content=\"https:\/\/radioljubuski.ba\/wp-content\/uploads\/2022\/08\/milanovic.png\" \/>\n\t<meta property=\"og:image:width\" content=\"1060\" \/>\n\t<meta property=\"og:image:height\" content=\"767\" \/>\n\t<meta property=\"og:image:type\" content=\"image\/png\" \/>\n<meta name=\"author\" content=\"Radio Ljubu\u0161ki\" \/>\n<meta name=\"twitter:card\" content=\"summary_large_image\" \/>\n<meta name=\"twitter:creator\" content=\"@radioljubuski\" \/>\n<meta name=\"twitter:site\" content=\"@radioljubuski\" \/>\n<meta name=\"twitter:label1\" content=\"Napisao\/la\" \/>\n\t<meta name=\"twitter:data1\" content=\"Radio Ljubu\u0161ki\" \/>\n\t<meta name=\"twitter:label2\" content=\"Procijenjeno vrijeme \u010ditanja\" \/>\n\t<meta name=\"twitter:data2\" content=\"3 minute\" \/>\n<script type=\"application\/ld+json\" class=\"yoast-schema-graph\">{\"@context\":\"https:\\\/\\\/schema.org\",\"@graph\":[{\"@type\":\"Article\",\"@id\":\"https:\\\/\\\/radioljubuski.ba\\\/index.php\\\/2022\\\/08\\\/06\\\/milanovic-nisu-bih-obranili-nato-vi-razaraci-vec-hvo\\\/#article\",\"isPartOf\":{\"@id\":\"https:\\\/\\\/radioljubuski.ba\\\/index.php\\\/2022\\\/08\\\/06\\\/milanovic-nisu-bih-obranili-nato-vi-razaraci-vec-hvo\\\/\"},\"author\":{\"name\":\"Radio Ljubu\u0161ki\",\"@id\":\"https:\\\/\\\/radioljubuski.ba\\\/#\\\/schema\\\/person\\\/19fc700381a780f69665d7956c469e3b\"},\"headline\":\"Milanovi\u0107: Nisu BiH obranili NATO-vi razara\u010di ve\u0107 HVO!\",\"datePublished\":\"2022-08-06T07:45:00+00:00\",\"mainEntityOfPage\":{\"@id\":\"https:\\\/\\\/radioljubuski.ba\\\/index.php\\\/2022\\\/08\\\/06\\\/milanovic-nisu-bih-obranili-nato-vi-razaraci-vec-hvo\\\/\"},\"wordCount\":702,\"publisher\":{\"@id\":\"https:\\\/\\\/radioljubuski.ba\\\/#organization\"},\"image\":{\"@id\":\"https:\\\/\\\/radioljubuski.ba\\\/index.php\\\/2022\\\/08\\\/06\\\/milanovic-nisu-bih-obranili-nato-vi-razaraci-vec-hvo\\\/#primaryimage\"},\"thumbnailUrl\":\"https:\\\/\\\/radioljubuski.ba\\\/wp-content\\\/uploads\\\/2022\\\/08\\\/milanovic.png\",\"articleSection\":[\"BIH i regija\"],\"inLanguage\":\"hr\"},{\"@type\":\"WebPage\",\"@id\":\"https:\\\/\\\/radioljubuski.ba\\\/index.php\\\/2022\\\/08\\\/06\\\/milanovic-nisu-bih-obranili-nato-vi-razaraci-vec-hvo\\\/\",\"url\":\"https:\\\/\\\/radioljubuski.ba\\\/index.php\\\/2022\\\/08\\\/06\\\/milanovic-nisu-bih-obranili-nato-vi-razaraci-vec-hvo\\\/\",\"name\":\"Milanovi\u0107: Nisu BiH obranili NATO-vi razara\u010di ve\u0107 HVO! - RADIO LJUBU\u0160KI\",\"isPartOf\":{\"@id\":\"https:\\\/\\\/radioljubuski.ba\\\/#website\"},\"primaryImageOfPage\":{\"@id\":\"https:\\\/\\\/radioljubuski.ba\\\/index.php\\\/2022\\\/08\\\/06\\\/milanovic-nisu-bih-obranili-nato-vi-razaraci-vec-hvo\\\/#primaryimage\"},\"image\":{\"@id\":\"https:\\\/\\\/radioljubuski.ba\\\/index.php\\\/2022\\\/08\\\/06\\\/milanovic-nisu-bih-obranili-nato-vi-razaraci-vec-hvo\\\/#primaryimage\"},\"thumbnailUrl\":\"https:\\\/\\\/radioljubuski.ba\\\/wp-content\\\/uploads\\\/2022\\\/08\\\/milanovic.png\",\"datePublished\":\"2022-08-06T07:45:00+00:00\",\"breadcrumb\":{\"@id\":\"https:\\\/\\\/radioljubuski.ba\\\/index.php\\\/2022\\\/08\\\/06\\\/milanovic-nisu-bih-obranili-nato-vi-razaraci-vec-hvo\\\/#breadcrumb\"},\"inLanguage\":\"hr\",\"potentialAction\":[{\"@type\":\"ReadAction\",\"target\":[\"https:\\\/\\\/radioljubuski.ba\\\/index.php\\\/2022\\\/08\\\/06\\\/milanovic-nisu-bih-obranili-nato-vi-razaraci-vec-hvo\\\/\"]}]},{\"@type\":\"ImageObject\",\"inLanguage\":\"hr\",\"@id\":\"https:\\\/\\\/radioljubuski.ba\\\/index.php\\\/2022\\\/08\\\/06\\\/milanovic-nisu-bih-obranili-nato-vi-razaraci-vec-hvo\\\/#primaryimage\",\"url\":\"https:\\\/\\\/radioljubuski.ba\\\/wp-content\\\/uploads\\\/2022\\\/08\\\/milanovic.png\",\"contentUrl\":\"https:\\\/\\\/radioljubuski.ba\\\/wp-content\\\/uploads\\\/2022\\\/08\\\/milanovic.png\",\"width\":1060,\"height\":767},{\"@type\":\"BreadcrumbList\",\"@id\":\"https:\\\/\\\/radioljubuski.ba\\\/index.php\\\/2022\\\/08\\\/06\\\/milanovic-nisu-bih-obranili-nato-vi-razaraci-vec-hvo\\\/#breadcrumb\",\"itemListElement\":[{\"@type\":\"ListItem\",\"position\":1,\"name\":\"Po\u010detna stranica\",\"item\":\"https:\\\/\\\/radioljubuski.ba\\\/\"},{\"@type\":\"ListItem\",\"position\":2,\"name\":\"Milanovi\u0107: Nisu BiH obranili NATO-vi razara\u010di ve\u0107 HVO!\"}]},{\"@type\":\"WebSite\",\"@id\":\"https:\\\/\\\/radioljubuski.ba\\\/#website\",\"url\":\"https:\\\/\\\/radioljubuski.ba\\\/\",\"name\":\"Radio Ljubu\u0161ki\",\"description\":\"Sun\u010dana frekvencija Hercegovine\",\"publisher\":{\"@id\":\"https:\\\/\\\/radioljubuski.ba\\\/#organization\"},\"potentialAction\":[{\"@type\":\"SearchAction\",\"target\":{\"@type\":\"EntryPoint\",\"urlTemplate\":\"https:\\\/\\\/radioljubuski.ba\\\/?s={search_term_string}\"},\"query-input\":{\"@type\":\"PropertyValueSpecification\",\"valueRequired\":true,\"valueName\":\"search_term_string\"}}],\"inLanguage\":\"hr\"},{\"@type\":\"Organization\",\"@id\":\"https:\\\/\\\/radioljubuski.ba\\\/#organization\",\"name\":\"Radio Ljubu\u0161ki\",\"url\":\"https:\\\/\\\/radioljubuski.ba\\\/\",\"logo\":{\"@type\":\"ImageObject\",\"inLanguage\":\"hr\",\"@id\":\"https:\\\/\\\/radioljubuski.ba\\\/#\\\/schema\\\/logo\\\/image\\\/\",\"url\":\"https:\\\/\\\/radioljubuski.ba\\\/wp-content\\\/uploads\\\/2021\\\/02\\\/cropped-Radio_Ljubuski_logo1.jpg\",\"contentUrl\":\"https:\\\/\\\/radioljubuski.ba\\\/wp-content\\\/uploads\\\/2021\\\/02\\\/cropped-Radio_Ljubuski_logo1.jpg\",\"width\":512,\"height\":512,\"caption\":\"Radio Ljubu\u0161ki\"},\"image\":{\"@id\":\"https:\\\/\\\/radioljubuski.ba\\\/#\\\/schema\\\/logo\\\/image\\\/\"},\"sameAs\":[\"https:\\\/\\\/www.facebook.com\\\/Radiio-Ljubuski-1490835324566332\",\"https:\\\/\\\/x.com\\\/radioljubuski\",\"https:\\\/\\\/hr.linkedin.com\\\/company\\\/radio-ljubuski\",\"https:\\\/\\\/www.youtube.com\\\/channel\\\/UCHYaeO_n0Db3tjNGudGpXyw\"]},{\"@type\":\"Person\",\"@id\":\"https:\\\/\\\/radioljubuski.ba\\\/#\\\/schema\\\/person\\\/19fc700381a780f69665d7956c469e3b\",\"name\":\"Radio Ljubu\u0161ki\"}]}<\/script>\n<!-- \/ Yoast SEO plugin. -->","yoast_head_json":{"title":"Milanovi\u0107: Nisu BiH obranili NATO-vi razara\u010di ve\u0107 HVO! - RADIO LJUBU\u0160KI","robots":{"index":"index","follow":"follow","max-snippet":"max-snippet:-1","max-image-preview":"max-image-preview:large","max-video-preview":"max-video-preview:-1"},"canonical":"https:\/\/radioljubuski.ba\/index.php\/2022\/08\/06\/milanovic-nisu-bih-obranili-nato-vi-razaraci-vec-hvo\/","og_locale":"hr_HR","og_type":"article","og_title":"Milanovi\u0107: Nisu BiH obranili NATO-vi razara\u010di ve\u0107 HVO! - RADIO LJUBU\u0160KI","og_description":"Hrvatska slavi Dan pobjede i domovinske zahvalnosti, Dan hrvatskih branitelja i 27. obljetnicu vojno-redarstvene operacije \u201cOluja\u201d, kojom je u 84 sata oslobo\u0111eno 11.000 \u010detvornih kilometara okupiranog podru\u010dja u sjevernoj Dalmaciji, Lici, Banovini i Kordunu. Sredi\u0161nja sve\u010danost odr\u017eava se u Kninu na stadionu NK Dinara. Prigodni govor u Kninu odr\u017eao je i predsjednik RH Zoran Milanovi\u0107. [&hellip;]","og_url":"https:\/\/radioljubuski.ba\/index.php\/2022\/08\/06\/milanovic-nisu-bih-obranili-nato-vi-razaraci-vec-hvo\/","og_site_name":"RADIO LJUBU\u0160KI","article_publisher":"https:\/\/www.facebook.com\/Radiio-Ljubuski-1490835324566332","article_published_time":"2022-08-06T07:45:00+00:00","og_image":[{"width":1060,"height":767,"url":"https:\/\/radioljubuski.ba\/wp-content\/uploads\/2022\/08\/milanovic.png","type":"image\/png"}],"author":"Radio Ljubu\u0161ki","twitter_card":"summary_large_image","twitter_creator":"@radioljubuski","twitter_site":"@radioljubuski","twitter_misc":{"Napisao\/la":"Radio Ljubu\u0161ki","Procijenjeno vrijeme \u010ditanja":"3 minute"},"schema":{"@context":"https:\/\/schema.org","@graph":[{"@type":"Article","@id":"https:\/\/radioljubuski.ba\/index.php\/2022\/08\/06\/milanovic-nisu-bih-obranili-nato-vi-razaraci-vec-hvo\/#article","isPartOf":{"@id":"https:\/\/radioljubuski.ba\/index.php\/2022\/08\/06\/milanovic-nisu-bih-obranili-nato-vi-razaraci-vec-hvo\/"},"author":{"name":"Radio Ljubu\u0161ki","@id":"https:\/\/radioljubuski.ba\/#\/schema\/person\/19fc700381a780f69665d7956c469e3b"},"headline":"Milanovi\u0107: Nisu BiH obranili NATO-vi razara\u010di ve\u0107 HVO!","datePublished":"2022-08-06T07:45:00+00:00","mainEntityOfPage":{"@id":"https:\/\/radioljubuski.ba\/index.php\/2022\/08\/06\/milanovic-nisu-bih-obranili-nato-vi-razaraci-vec-hvo\/"},"wordCount":702,"publisher":{"@id":"https:\/\/radioljubuski.ba\/#organization"},"image":{"@id":"https:\/\/radioljubuski.ba\/index.php\/2022\/08\/06\/milanovic-nisu-bih-obranili-nato-vi-razaraci-vec-hvo\/#primaryimage"},"thumbnailUrl":"https:\/\/radioljubuski.ba\/wp-content\/uploads\/2022\/08\/milanovic.png","articleSection":["BIH i regija"],"inLanguage":"hr"},{"@type":"WebPage","@id":"https:\/\/radioljubuski.ba\/index.php\/2022\/08\/06\/milanovic-nisu-bih-obranili-nato-vi-razaraci-vec-hvo\/","url":"https:\/\/radioljubuski.ba\/index.php\/2022\/08\/06\/milanovic-nisu-bih-obranili-nato-vi-razaraci-vec-hvo\/","name":"Milanovi\u0107: Nisu BiH obranili NATO-vi razara\u010di ve\u0107 HVO! - RADIO LJUBU\u0160KI","isPartOf":{"@id":"https:\/\/radioljubuski.ba\/#website"},"primaryImageOfPage":{"@id":"https:\/\/radioljubuski.ba\/index.php\/2022\/08\/06\/milanovic-nisu-bih-obranili-nato-vi-razaraci-vec-hvo\/#primaryimage"},"image":{"@id":"https:\/\/radioljubuski.ba\/index.php\/2022\/08\/06\/milanovic-nisu-bih-obranili-nato-vi-razaraci-vec-hvo\/#primaryimage"},"thumbnailUrl":"https:\/\/radioljubuski.ba\/wp-content\/uploads\/2022\/08\/milanovic.png","datePublished":"2022-08-06T07:45:00+00:00","breadcrumb":{"@id":"https:\/\/radioljubuski.ba\/index.php\/2022\/08\/06\/milanovic-nisu-bih-obranili-nato-vi-razaraci-vec-hvo\/#breadcrumb"},"inLanguage":"hr","potentialAction":[{"@type":"ReadAction","target":["https:\/\/radioljubuski.ba\/index.php\/2022\/08\/06\/milanovic-nisu-bih-obranili-nato-vi-razaraci-vec-hvo\/"]}]},{"@type":"ImageObject","inLanguage":"hr","@id":"https:\/\/radioljubuski.ba\/index.php\/2022\/08\/06\/milanovic-nisu-bih-obranili-nato-vi-razaraci-vec-hvo\/#primaryimage","url":"https:\/\/radioljubuski.ba\/wp-content\/uploads\/2022\/08\/milanovic.png","contentUrl":"https:\/\/radioljubuski.ba\/wp-content\/uploads\/2022\/08\/milanovic.png","width":1060,"height":767},{"@type":"BreadcrumbList","@id":"https:\/\/radioljubuski.ba\/index.php\/2022\/08\/06\/milanovic-nisu-bih-obranili-nato-vi-razaraci-vec-hvo\/#breadcrumb","itemListElement":[{"@type":"ListItem","position":1,"name":"Po\u010detna stranica","item":"https:\/\/radioljubuski.ba\/"},{"@type":"ListItem","position":2,"name":"Milanovi\u0107: Nisu BiH obranili NATO-vi razara\u010di ve\u0107 HVO!"}]},{"@type":"WebSite","@id":"https:\/\/radioljubuski.ba\/#website","url":"https:\/\/radioljubuski.ba\/","name":"Radio Ljubu\u0161ki","description":"Sun\u010dana frekvencija Hercegovine","publisher":{"@id":"https:\/\/radioljubuski.ba\/#organization"},"potentialAction":[{"@type":"SearchAction","target":{"@type":"EntryPoint","urlTemplate":"https:\/\/radioljubuski.ba\/?s={search_term_string}"},"query-input":{"@type":"PropertyValueSpecification","valueRequired":true,"valueName":"search_term_string"}}],"inLanguage":"hr"},{"@type":"Organization","@id":"https:\/\/radioljubuski.ba\/#organization","name":"Radio Ljubu\u0161ki","url":"https:\/\/radioljubuski.ba\/","logo":{"@type":"ImageObject","inLanguage":"hr","@id":"https:\/\/radioljubuski.ba\/#\/schema\/logo\/image\/","url":"https:\/\/radioljubuski.ba\/wp-content\/uploads\/2021\/02\/cropped-Radio_Ljubuski_logo1.jpg","contentUrl":"https:\/\/radioljubuski.ba\/wp-content\/uploads\/2021\/02\/cropped-Radio_Ljubuski_logo1.jpg","width":512,"height":512,"caption":"Radio Ljubu\u0161ki"},"image":{"@id":"https:\/\/radioljubuski.ba\/#\/schema\/logo\/image\/"},"sameAs":["https:\/\/www.facebook.com\/Radiio-Ljubuski-1490835324566332","https:\/\/x.com\/radioljubuski","https:\/\/hr.linkedin.com\/company\/radio-ljubuski","https:\/\/www.youtube.com\/channel\/UCHYaeO_n0Db3tjNGudGpXyw"]},{"@type":"Person","@id":"https:\/\/radioljubuski.ba\/#\/schema\/person\/19fc700381a780f69665d7956c469e3b","name":"Radio Ljubu\u0161ki"}]}},"_links":{"self":[{"href":"https:\/\/radioljubuski.ba\/index.php\/wp-json\/wp\/v2\/posts\/166929","targetHints":{"allow":["GET"]}}],"collection":[{"href":"https:\/\/radioljubuski.ba\/index.php\/wp-json\/wp\/v2\/posts"}],"about":[{"href":"https:\/\/radioljubuski.ba\/index.php\/wp-json\/wp\/v2\/types\/post"}],"author":[{"embeddable":true,"href":"https:\/\/radioljubuski.ba\/index.php\/wp-json\/wp\/v2\/users\/2"}],"replies":[{"embeddable":true,"href":"https:\/\/radioljubuski.ba\/index.php\/wp-json\/wp\/v2\/comments?post=166929"}],"version-history":[{"count":1,"href":"https:\/\/radioljubuski.ba\/index.php\/wp-json\/wp\/v2\/posts\/166929\/revisions"}],"predecessor-version":[{"id":166931,"href":"https:\/\/radioljubuski.ba\/index.php\/wp-json\/wp\/v2\/posts\/166929\/revisions\/166931"}],"wp:featuredmedia":[{"embeddable":true,"href":"https:\/\/radioljubuski.ba\/index.php\/wp-json\/wp\/v2\/media\/166930"}],"wp:attachment":[{"href":"https:\/\/radioljubuski.ba\/index.php\/wp-json\/wp\/v2\/media?parent=166929"}],"wp:term":[{"taxonomy":"category","embeddable":true,"href":"https:\/\/radioljubuski.ba\/index.php\/wp-json\/wp\/v2\/categories?post=166929"},{"taxonomy":"post_tag","embeddable":true,"href":"https:\/\/radioljubuski.ba\/index.php\/wp-json\/wp\/v2\/tags?post=166929"}],"curies":[{"name":"wp","href":"https:\/\/api.w.org\/{rel}","templated":true}]}}