{"id":166988,"date":"2022-08-06T13:36:11","date_gmt":"2022-08-06T12:36:11","guid":{"rendered":"https:\/\/radioljubuski.ba\/?p=166988"},"modified":"2022-08-06T13:36:12","modified_gmt":"2022-08-06T12:36:12","slug":"mostarci-ce-kroz-ankete-odabrati-intervencije-za-poboljsanje-funkcionalnosti-javih-prostora","status":"publish","type":"post","link":"https:\/\/radioljubuski.ba\/index.php\/2022\/08\/06\/mostarci-ce-kroz-ankete-odabrati-intervencije-za-poboljsanje-funkcionalnosti-javih-prostora\/","title":{"rendered":"Mostarci \u0107e kroz ankete odabrati intervencije za pobolj\u0161anje funkcionalnosti javih prostora"},"content":{"rendered":"\n<p>U okviru projekta &#8220;Mostar \u2013 Prostori koji pokre\u0107u&#8221; bit \u0107e provedeno anketiranje putem \u010dega \u0107e gra\u0111ani Mostara odabrati intervencije kojima \u0107e se pobolj\u0161ati funkcionalnost javnih prostora na otvorenom na podru\u010dju Grada Mostara.<\/p>\n\n\n\n<p>Tim povodom bit \u0107e organizirana konferencija za medije koja \u0107e se odr\u017eati u ponedjeljak, 8. kolovoza u 10 sati u Gradskoj Vije\u0107nici u Mostaru.<\/p>\n\n\n\n<p>&#8220;Prijedloge intervencija kojima bi se unaprijedili javni prostori na otvorenom u Mostaru dali su &nbsp;sami gra\u0111ani Mostara u prethodnim javnim konzultacijama u sklopu ovog projekta. Prijedlozi su prezentirani Odjelu za urbanizam Grada Mostara, a sada je red da gra\u0111ani odaberu one koji su njima najva\u017eniji&#8221;, stoji u najavi.<\/p>\n\n\n\n<p>Anketa za glasovanje bit \u0107e postavljena na web stranici projekta i trajat \u0107e \u010detiri tjedna, od 8. kolovoza do 4. rujna.<\/p>\n\n\n\n<p>O projektu &#8220;Mostar \u2013 Prostori koji pokre\u0107u&#8221; na konferenciji za medije govorit \u0107e Ken Palmer, projektni direktor, a u ime Grada Mostara novinarima \u0107e se obratiti Marin \u010culjak, savjetnik gradona\u010delnika.<\/p>\n\n\n\n<p>O spomenutom procesu kreiranja liste mogu\u0107ih intervencija govorit \u0107e Hidajeta Boj\u010di\u0107, koordinatorica grantova ispred organizacije &#8220;People in Need&#8221;.<\/p>\n\n\n\n<p>Press konferenciju \u0107e voditi Amra Pand\u017eo, slu\u017ebenica za komunikacije u organizaciji &#8220;People in Need&#8221;.&nbsp;<\/p>\n\n\n\n<p>Glasovanje \u0107e na press konferenciji otvoriti Igor Ledi\u0107, predsjednik Udruge za Down sindrom HN\u017d-a i Jasna Rebac, predsjednica Udru\u017eenja mladih s invaliditetom Ru\u017ei\u010dnjak \u2013 Los Rosales.<\/p>\n\n\n\n<p>Projekt &#8220;Mostar &#8211; Prostori koji pokre\u0107u&#8221; trogodi\u0161nji je projekt koji ima za cilj unaprijediti sadr\u017eaje i kori\u0161tenje javnih prostora u Mostaru kroz aktivno uklju\u010divanje gra\u0111ana i potporu njihovim inicijativama koje doprinose kvaliteti gra\u0111anskog, kulturnog i gospodarskog \u017eivota u Gradu Mostaru.<\/p>\n\n\n\n<p>Projekt financira Vlada Ujedinjenog Kraljevstva, a implementira People in Need (PIN) kao nositelj projekta, te partneri Everyday Peace Indicators (EPI); Omladinski kulturni centar Abra\u0161evi\u0107 (OKC Abra\u0161evi\u0107); Agencija lokalne demokratije Mostar (LDA Mostar) i Udru\u017eenje gra\u0111ana Ne\u0161to Vi\u0161e (NV).<\/p>\n\n\n\n<p>Izvor:pogled.ba<\/p>\n","protected":false},"excerpt":{"rendered":"<p>U okviru projekta &#8220;Mostar \u2013 Prostori koji pokre\u0107u&#8221; bit \u0107e provedeno anketiranje putem \u010dega \u0107e gra\u0111ani Mostara odabrati intervencije kojima \u0107e se pobolj\u0161ati funkcionalnost javnih prostora na otvorenom na podru\u010dju Grada Mostara. Tim povodom bit \u0107e organizirana konferencija za medije koja \u0107e se odr\u017eati u ponedjeljak, 8. kolovoza u 10 sati u Gradskoj Vije\u0107nici u [&hellip;]<\/p>\n","protected":false},"author":2,"featured_media":166989,"comment_status":"closed","ping_status":"closed","sticky":false,"template":"","format":"standard","meta":{"h5ap_radio_sources":[],"footnotes":""},"categories":[1],"tags":[],"class_list":["post-166988","post","type-post","status-publish","format-standard","has-post-thumbnail","hentry","category-bihiregija"],"yoast_head":"<!-- This site is optimized with the Yoast SEO plugin v27.4 - https:\/\/yoast.com\/product\/yoast-seo-wordpress\/ -->\n<title>Mostarci \u0107e kroz ankete odabrati intervencije za pobolj\u0161anje funkcionalnosti javih prostora - RADIO LJUBU\u0160KI<\/title>\n<meta name=\"robots\" content=\"index, follow, max-snippet:-1, max-image-preview:large, max-video-preview:-1\" \/>\n<link rel=\"canonical\" href=\"https:\/\/radioljubuski.ba\/index.php\/2022\/08\/06\/mostarci-ce-kroz-ankete-odabrati-intervencije-za-poboljsanje-funkcionalnosti-javih-prostora\/\" \/>\n<meta property=\"og:locale\" content=\"hr_HR\" \/>\n<meta property=\"og:type\" content=\"article\" \/>\n<meta property=\"og:title\" content=\"Mostarci \u0107e kroz ankete odabrati intervencije za pobolj\u0161anje funkcionalnosti javih prostora - RADIO LJUBU\u0160KI\" \/>\n<meta property=\"og:description\" content=\"U okviru projekta &#8220;Mostar \u2013 Prostori koji pokre\u0107u&#8221; bit \u0107e provedeno anketiranje putem \u010dega \u0107e gra\u0111ani Mostara odabrati intervencije kojima \u0107e se pobolj\u0161ati funkcionalnost javnih prostora na otvorenom na podru\u010dju Grada Mostara. Tim povodom bit \u0107e organizirana konferencija za medije koja \u0107e se odr\u017eati u ponedjeljak, 8. kolovoza u 10 sati u Gradskoj Vije\u0107nici u [&hellip;]\" \/>\n<meta property=\"og:url\" content=\"https:\/\/radioljubuski.ba\/index.php\/2022\/08\/06\/mostarci-ce-kroz-ankete-odabrati-intervencije-za-poboljsanje-funkcionalnosti-javih-prostora\/\" \/>\n<meta property=\"og:site_name\" content=\"RADIO LJUBU\u0160KI\" \/>\n<meta property=\"article:publisher\" content=\"https:\/\/www.facebook.com\/Radiio-Ljubuski-1490835324566332\" \/>\n<meta property=\"article:published_time\" content=\"2022-08-06T12:36:11+00:00\" \/>\n<meta property=\"article:modified_time\" content=\"2022-08-06T12:36:12+00:00\" \/>\n<meta property=\"og:image\" content=\"https:\/\/radioljubuski.ba\/wp-content\/uploads\/2022\/08\/2-2022-08-05-12-46-37-mostar.jpg\" \/>\n\t<meta property=\"og:image:width\" content=\"1000\" \/>\n\t<meta property=\"og:image:height\" content=\"625\" \/>\n\t<meta property=\"og:image:type\" content=\"image\/jpeg\" \/>\n<meta name=\"author\" content=\"Radio Ljubu\u0161ki\" \/>\n<meta name=\"twitter:card\" content=\"summary_large_image\" \/>\n<meta name=\"twitter:creator\" content=\"@radioljubuski\" \/>\n<meta name=\"twitter:site\" content=\"@radioljubuski\" \/>\n<meta name=\"twitter:label1\" content=\"Napisao\/la\" \/>\n\t<meta name=\"twitter:data1\" content=\"Radio Ljubu\u0161ki\" \/>\n\t<meta name=\"twitter:label2\" content=\"Procijenjeno vrijeme \u010ditanja\" \/>\n\t<meta name=\"twitter:data2\" content=\"2 minute\" \/>\n<script type=\"application\/ld+json\" class=\"yoast-schema-graph\">{\"@context\":\"https:\\\/\\\/schema.org\",\"@graph\":[{\"@type\":\"Article\",\"@id\":\"https:\\\/\\\/radioljubuski.ba\\\/index.php\\\/2022\\\/08\\\/06\\\/mostarci-ce-kroz-ankete-odabrati-intervencije-za-poboljsanje-funkcionalnosti-javih-prostora\\\/#article\",\"isPartOf\":{\"@id\":\"https:\\\/\\\/radioljubuski.ba\\\/index.php\\\/2022\\\/08\\\/06\\\/mostarci-ce-kroz-ankete-odabrati-intervencije-za-poboljsanje-funkcionalnosti-javih-prostora\\\/\"},\"author\":{\"name\":\"Radio Ljubu\u0161ki\",\"@id\":\"https:\\\/\\\/radioljubuski.ba\\\/#\\\/schema\\\/person\\\/19fc700381a780f69665d7956c469e3b\"},\"headline\":\"Mostarci \u0107e kroz ankete odabrati intervencije za pobolj\u0161anje funkcionalnosti javih prostora\",\"datePublished\":\"2022-08-06T12:36:11+00:00\",\"dateModified\":\"2022-08-06T12:36:12+00:00\",\"mainEntityOfPage\":{\"@id\":\"https:\\\/\\\/radioljubuski.ba\\\/index.php\\\/2022\\\/08\\\/06\\\/mostarci-ce-kroz-ankete-odabrati-intervencije-za-poboljsanje-funkcionalnosti-javih-prostora\\\/\"},\"wordCount\":333,\"publisher\":{\"@id\":\"https:\\\/\\\/radioljubuski.ba\\\/#organization\"},\"image\":{\"@id\":\"https:\\\/\\\/radioljubuski.ba\\\/index.php\\\/2022\\\/08\\\/06\\\/mostarci-ce-kroz-ankete-odabrati-intervencije-za-poboljsanje-funkcionalnosti-javih-prostora\\\/#primaryimage\"},\"thumbnailUrl\":\"https:\\\/\\\/radioljubuski.ba\\\/wp-content\\\/uploads\\\/2022\\\/08\\\/2-2022-08-05-12-46-37-mostar.jpg\",\"articleSection\":[\"BIH i regija\"],\"inLanguage\":\"hr\"},{\"@type\":\"WebPage\",\"@id\":\"https:\\\/\\\/radioljubuski.ba\\\/index.php\\\/2022\\\/08\\\/06\\\/mostarci-ce-kroz-ankete-odabrati-intervencije-za-poboljsanje-funkcionalnosti-javih-prostora\\\/\",\"url\":\"https:\\\/\\\/radioljubuski.ba\\\/index.php\\\/2022\\\/08\\\/06\\\/mostarci-ce-kroz-ankete-odabrati-intervencije-za-poboljsanje-funkcionalnosti-javih-prostora\\\/\",\"name\":\"Mostarci \u0107e kroz ankete odabrati intervencije za pobolj\u0161anje funkcionalnosti javih prostora - RADIO LJUBU\u0160KI\",\"isPartOf\":{\"@id\":\"https:\\\/\\\/radioljubuski.ba\\\/#website\"},\"primaryImageOfPage\":{\"@id\":\"https:\\\/\\\/radioljubuski.ba\\\/index.php\\\/2022\\\/08\\\/06\\\/mostarci-ce-kroz-ankete-odabrati-intervencije-za-poboljsanje-funkcionalnosti-javih-prostora\\\/#primaryimage\"},\"image\":{\"@id\":\"https:\\\/\\\/radioljubuski.ba\\\/index.php\\\/2022\\\/08\\\/06\\\/mostarci-ce-kroz-ankete-odabrati-intervencije-za-poboljsanje-funkcionalnosti-javih-prostora\\\/#primaryimage\"},\"thumbnailUrl\":\"https:\\\/\\\/radioljubuski.ba\\\/wp-content\\\/uploads\\\/2022\\\/08\\\/2-2022-08-05-12-46-37-mostar.jpg\",\"datePublished\":\"2022-08-06T12:36:11+00:00\",\"dateModified\":\"2022-08-06T12:36:12+00:00\",\"breadcrumb\":{\"@id\":\"https:\\\/\\\/radioljubuski.ba\\\/index.php\\\/2022\\\/08\\\/06\\\/mostarci-ce-kroz-ankete-odabrati-intervencije-za-poboljsanje-funkcionalnosti-javih-prostora\\\/#breadcrumb\"},\"inLanguage\":\"hr\",\"potentialAction\":[{\"@type\":\"ReadAction\",\"target\":[\"https:\\\/\\\/radioljubuski.ba\\\/index.php\\\/2022\\\/08\\\/06\\\/mostarci-ce-kroz-ankete-odabrati-intervencije-za-poboljsanje-funkcionalnosti-javih-prostora\\\/\"]}]},{\"@type\":\"ImageObject\",\"inLanguage\":\"hr\",\"@id\":\"https:\\\/\\\/radioljubuski.ba\\\/index.php\\\/2022\\\/08\\\/06\\\/mostarci-ce-kroz-ankete-odabrati-intervencije-za-poboljsanje-funkcionalnosti-javih-prostora\\\/#primaryimage\",\"url\":\"https:\\\/\\\/radioljubuski.ba\\\/wp-content\\\/uploads\\\/2022\\\/08\\\/2-2022-08-05-12-46-37-mostar.jpg\",\"contentUrl\":\"https:\\\/\\\/radioljubuski.ba\\\/wp-content\\\/uploads\\\/2022\\\/08\\\/2-2022-08-05-12-46-37-mostar.jpg\",\"width\":1000,\"height\":625},{\"@type\":\"BreadcrumbList\",\"@id\":\"https:\\\/\\\/radioljubuski.ba\\\/index.php\\\/2022\\\/08\\\/06\\\/mostarci-ce-kroz-ankete-odabrati-intervencije-za-poboljsanje-funkcionalnosti-javih-prostora\\\/#breadcrumb\",\"itemListElement\":[{\"@type\":\"ListItem\",\"position\":1,\"name\":\"Po\u010detna stranica\",\"item\":\"https:\\\/\\\/radioljubuski.ba\\\/\"},{\"@type\":\"ListItem\",\"position\":2,\"name\":\"Mostarci \u0107e kroz ankete odabrati intervencije za pobolj\u0161anje funkcionalnosti javih prostora\"}]},{\"@type\":\"WebSite\",\"@id\":\"https:\\\/\\\/radioljubuski.ba\\\/#website\",\"url\":\"https:\\\/\\\/radioljubuski.ba\\\/\",\"name\":\"Radio Ljubu\u0161ki\",\"description\":\"Sun\u010dana frekvencija Hercegovine\",\"publisher\":{\"@id\":\"https:\\\/\\\/radioljubuski.ba\\\/#organization\"},\"potentialAction\":[{\"@type\":\"SearchAction\",\"target\":{\"@type\":\"EntryPoint\",\"urlTemplate\":\"https:\\\/\\\/radioljubuski.ba\\\/?s={search_term_string}\"},\"query-input\":{\"@type\":\"PropertyValueSpecification\",\"valueRequired\":true,\"valueName\":\"search_term_string\"}}],\"inLanguage\":\"hr\"},{\"@type\":\"Organization\",\"@id\":\"https:\\\/\\\/radioljubuski.ba\\\/#organization\",\"name\":\"Radio Ljubu\u0161ki\",\"url\":\"https:\\\/\\\/radioljubuski.ba\\\/\",\"logo\":{\"@type\":\"ImageObject\",\"inLanguage\":\"hr\",\"@id\":\"https:\\\/\\\/radioljubuski.ba\\\/#\\\/schema\\\/logo\\\/image\\\/\",\"url\":\"https:\\\/\\\/radioljubuski.ba\\\/wp-content\\\/uploads\\\/2021\\\/02\\\/cropped-Radio_Ljubuski_logo1.jpg\",\"contentUrl\":\"https:\\\/\\\/radioljubuski.ba\\\/wp-content\\\/uploads\\\/2021\\\/02\\\/cropped-Radio_Ljubuski_logo1.jpg\",\"width\":512,\"height\":512,\"caption\":\"Radio Ljubu\u0161ki\"},\"image\":{\"@id\":\"https:\\\/\\\/radioljubuski.ba\\\/#\\\/schema\\\/logo\\\/image\\\/\"},\"sameAs\":[\"https:\\\/\\\/www.facebook.com\\\/Radiio-Ljubuski-1490835324566332\",\"https:\\\/\\\/x.com\\\/radioljubuski\",\"https:\\\/\\\/hr.linkedin.com\\\/company\\\/radio-ljubuski\",\"https:\\\/\\\/www.youtube.com\\\/channel\\\/UCHYaeO_n0Db3tjNGudGpXyw\"]},{\"@type\":\"Person\",\"@id\":\"https:\\\/\\\/radioljubuski.ba\\\/#\\\/schema\\\/person\\\/19fc700381a780f69665d7956c469e3b\",\"name\":\"Radio Ljubu\u0161ki\"}]}<\/script>\n<!-- \/ Yoast SEO plugin. -->","yoast_head_json":{"title":"Mostarci \u0107e kroz ankete odabrati intervencije za pobolj\u0161anje funkcionalnosti javih prostora - RADIO LJUBU\u0160KI","robots":{"index":"index","follow":"follow","max-snippet":"max-snippet:-1","max-image-preview":"max-image-preview:large","max-video-preview":"max-video-preview:-1"},"canonical":"https:\/\/radioljubuski.ba\/index.php\/2022\/08\/06\/mostarci-ce-kroz-ankete-odabrati-intervencije-za-poboljsanje-funkcionalnosti-javih-prostora\/","og_locale":"hr_HR","og_type":"article","og_title":"Mostarci \u0107e kroz ankete odabrati intervencije za pobolj\u0161anje funkcionalnosti javih prostora - RADIO LJUBU\u0160KI","og_description":"U okviru projekta &#8220;Mostar \u2013 Prostori koji pokre\u0107u&#8221; bit \u0107e provedeno anketiranje putem \u010dega \u0107e gra\u0111ani Mostara odabrati intervencije kojima \u0107e se pobolj\u0161ati funkcionalnost javnih prostora na otvorenom na podru\u010dju Grada Mostara. Tim povodom bit \u0107e organizirana konferencija za medije koja \u0107e se odr\u017eati u ponedjeljak, 8. kolovoza u 10 sati u Gradskoj Vije\u0107nici u [&hellip;]","og_url":"https:\/\/radioljubuski.ba\/index.php\/2022\/08\/06\/mostarci-ce-kroz-ankete-odabrati-intervencije-za-poboljsanje-funkcionalnosti-javih-prostora\/","og_site_name":"RADIO LJUBU\u0160KI","article_publisher":"https:\/\/www.facebook.com\/Radiio-Ljubuski-1490835324566332","article_published_time":"2022-08-06T12:36:11+00:00","article_modified_time":"2022-08-06T12:36:12+00:00","og_image":[{"width":1000,"height":625,"url":"https:\/\/radioljubuski.ba\/wp-content\/uploads\/2022\/08\/2-2022-08-05-12-46-37-mostar.jpg","type":"image\/jpeg"}],"author":"Radio Ljubu\u0161ki","twitter_card":"summary_large_image","twitter_creator":"@radioljubuski","twitter_site":"@radioljubuski","twitter_misc":{"Napisao\/la":"Radio Ljubu\u0161ki","Procijenjeno vrijeme \u010ditanja":"2 minute"},"schema":{"@context":"https:\/\/schema.org","@graph":[{"@type":"Article","@id":"https:\/\/radioljubuski.ba\/index.php\/2022\/08\/06\/mostarci-ce-kroz-ankete-odabrati-intervencije-za-poboljsanje-funkcionalnosti-javih-prostora\/#article","isPartOf":{"@id":"https:\/\/radioljubuski.ba\/index.php\/2022\/08\/06\/mostarci-ce-kroz-ankete-odabrati-intervencije-za-poboljsanje-funkcionalnosti-javih-prostora\/"},"author":{"name":"Radio Ljubu\u0161ki","@id":"https:\/\/radioljubuski.ba\/#\/schema\/person\/19fc700381a780f69665d7956c469e3b"},"headline":"Mostarci \u0107e kroz ankete odabrati intervencije za pobolj\u0161anje funkcionalnosti javih prostora","datePublished":"2022-08-06T12:36:11+00:00","dateModified":"2022-08-06T12:36:12+00:00","mainEntityOfPage":{"@id":"https:\/\/radioljubuski.ba\/index.php\/2022\/08\/06\/mostarci-ce-kroz-ankete-odabrati-intervencije-za-poboljsanje-funkcionalnosti-javih-prostora\/"},"wordCount":333,"publisher":{"@id":"https:\/\/radioljubuski.ba\/#organization"},"image":{"@id":"https:\/\/radioljubuski.ba\/index.php\/2022\/08\/06\/mostarci-ce-kroz-ankete-odabrati-intervencije-za-poboljsanje-funkcionalnosti-javih-prostora\/#primaryimage"},"thumbnailUrl":"https:\/\/radioljubuski.ba\/wp-content\/uploads\/2022\/08\/2-2022-08-05-12-46-37-mostar.jpg","articleSection":["BIH i regija"],"inLanguage":"hr"},{"@type":"WebPage","@id":"https:\/\/radioljubuski.ba\/index.php\/2022\/08\/06\/mostarci-ce-kroz-ankete-odabrati-intervencije-za-poboljsanje-funkcionalnosti-javih-prostora\/","url":"https:\/\/radioljubuski.ba\/index.php\/2022\/08\/06\/mostarci-ce-kroz-ankete-odabrati-intervencije-za-poboljsanje-funkcionalnosti-javih-prostora\/","name":"Mostarci \u0107e kroz ankete odabrati intervencije za pobolj\u0161anje funkcionalnosti javih prostora - RADIO LJUBU\u0160KI","isPartOf":{"@id":"https:\/\/radioljubuski.ba\/#website"},"primaryImageOfPage":{"@id":"https:\/\/radioljubuski.ba\/index.php\/2022\/08\/06\/mostarci-ce-kroz-ankete-odabrati-intervencije-za-poboljsanje-funkcionalnosti-javih-prostora\/#primaryimage"},"image":{"@id":"https:\/\/radioljubuski.ba\/index.php\/2022\/08\/06\/mostarci-ce-kroz-ankete-odabrati-intervencije-za-poboljsanje-funkcionalnosti-javih-prostora\/#primaryimage"},"thumbnailUrl":"https:\/\/radioljubuski.ba\/wp-content\/uploads\/2022\/08\/2-2022-08-05-12-46-37-mostar.jpg","datePublished":"2022-08-06T12:36:11+00:00","dateModified":"2022-08-06T12:36:12+00:00","breadcrumb":{"@id":"https:\/\/radioljubuski.ba\/index.php\/2022\/08\/06\/mostarci-ce-kroz-ankete-odabrati-intervencije-za-poboljsanje-funkcionalnosti-javih-prostora\/#breadcrumb"},"inLanguage":"hr","potentialAction":[{"@type":"ReadAction","target":["https:\/\/radioljubuski.ba\/index.php\/2022\/08\/06\/mostarci-ce-kroz-ankete-odabrati-intervencije-za-poboljsanje-funkcionalnosti-javih-prostora\/"]}]},{"@type":"ImageObject","inLanguage":"hr","@id":"https:\/\/radioljubuski.ba\/index.php\/2022\/08\/06\/mostarci-ce-kroz-ankete-odabrati-intervencije-za-poboljsanje-funkcionalnosti-javih-prostora\/#primaryimage","url":"https:\/\/radioljubuski.ba\/wp-content\/uploads\/2022\/08\/2-2022-08-05-12-46-37-mostar.jpg","contentUrl":"https:\/\/radioljubuski.ba\/wp-content\/uploads\/2022\/08\/2-2022-08-05-12-46-37-mostar.jpg","width":1000,"height":625},{"@type":"BreadcrumbList","@id":"https:\/\/radioljubuski.ba\/index.php\/2022\/08\/06\/mostarci-ce-kroz-ankete-odabrati-intervencije-za-poboljsanje-funkcionalnosti-javih-prostora\/#breadcrumb","itemListElement":[{"@type":"ListItem","position":1,"name":"Po\u010detna stranica","item":"https:\/\/radioljubuski.ba\/"},{"@type":"ListItem","position":2,"name":"Mostarci \u0107e kroz ankete odabrati intervencije za pobolj\u0161anje funkcionalnosti javih prostora"}]},{"@type":"WebSite","@id":"https:\/\/radioljubuski.ba\/#website","url":"https:\/\/radioljubuski.ba\/","name":"Radio Ljubu\u0161ki","description":"Sun\u010dana frekvencija Hercegovine","publisher":{"@id":"https:\/\/radioljubuski.ba\/#organization"},"potentialAction":[{"@type":"SearchAction","target":{"@type":"EntryPoint","urlTemplate":"https:\/\/radioljubuski.ba\/?s={search_term_string}"},"query-input":{"@type":"PropertyValueSpecification","valueRequired":true,"valueName":"search_term_string"}}],"inLanguage":"hr"},{"@type":"Organization","@id":"https:\/\/radioljubuski.ba\/#organization","name":"Radio Ljubu\u0161ki","url":"https:\/\/radioljubuski.ba\/","logo":{"@type":"ImageObject","inLanguage":"hr","@id":"https:\/\/radioljubuski.ba\/#\/schema\/logo\/image\/","url":"https:\/\/radioljubuski.ba\/wp-content\/uploads\/2021\/02\/cropped-Radio_Ljubuski_logo1.jpg","contentUrl":"https:\/\/radioljubuski.ba\/wp-content\/uploads\/2021\/02\/cropped-Radio_Ljubuski_logo1.jpg","width":512,"height":512,"caption":"Radio Ljubu\u0161ki"},"image":{"@id":"https:\/\/radioljubuski.ba\/#\/schema\/logo\/image\/"},"sameAs":["https:\/\/www.facebook.com\/Radiio-Ljubuski-1490835324566332","https:\/\/x.com\/radioljubuski","https:\/\/hr.linkedin.com\/company\/radio-ljubuski","https:\/\/www.youtube.com\/channel\/UCHYaeO_n0Db3tjNGudGpXyw"]},{"@type":"Person","@id":"https:\/\/radioljubuski.ba\/#\/schema\/person\/19fc700381a780f69665d7956c469e3b","name":"Radio Ljubu\u0161ki"}]}},"_links":{"self":[{"href":"https:\/\/radioljubuski.ba\/index.php\/wp-json\/wp\/v2\/posts\/166988","targetHints":{"allow":["GET"]}}],"collection":[{"href":"https:\/\/radioljubuski.ba\/index.php\/wp-json\/wp\/v2\/posts"}],"about":[{"href":"https:\/\/radioljubuski.ba\/index.php\/wp-json\/wp\/v2\/types\/post"}],"author":[{"embeddable":true,"href":"https:\/\/radioljubuski.ba\/index.php\/wp-json\/wp\/v2\/users\/2"}],"replies":[{"embeddable":true,"href":"https:\/\/radioljubuski.ba\/index.php\/wp-json\/wp\/v2\/comments?post=166988"}],"version-history":[{"count":1,"href":"https:\/\/radioljubuski.ba\/index.php\/wp-json\/wp\/v2\/posts\/166988\/revisions"}],"predecessor-version":[{"id":166990,"href":"https:\/\/radioljubuski.ba\/index.php\/wp-json\/wp\/v2\/posts\/166988\/revisions\/166990"}],"wp:featuredmedia":[{"embeddable":true,"href":"https:\/\/radioljubuski.ba\/index.php\/wp-json\/wp\/v2\/media\/166989"}],"wp:attachment":[{"href":"https:\/\/radioljubuski.ba\/index.php\/wp-json\/wp\/v2\/media?parent=166988"}],"wp:term":[{"taxonomy":"category","embeddable":true,"href":"https:\/\/radioljubuski.ba\/index.php\/wp-json\/wp\/v2\/categories?post=166988"},{"taxonomy":"post_tag","embeddable":true,"href":"https:\/\/radioljubuski.ba\/index.php\/wp-json\/wp\/v2\/tags?post=166988"}],"curies":[{"name":"wp","href":"https:\/\/api.w.org\/{rel}","templated":true}]}}