{"id":166993,"date":"2022-08-06T13:40:31","date_gmt":"2022-08-06T12:40:31","guid":{"rendered":"https:\/\/radioljubuski.ba\/?p=166993"},"modified":"2022-08-06T13:40:32","modified_gmt":"2022-08-06T12:40:32","slug":"vracena-je-cijena-peleta-na-640-km-po-toni","status":"publish","type":"post","link":"https:\/\/radioljubuski.ba\/index.php\/2022\/08\/06\/vracena-je-cijena-peleta-na-640-km-po-toni\/","title":{"rendered":"Vra\u0107ena je cijena peleta na 640 KM po toni"},"content":{"rendered":"\n<p>Nakon \u0161to je Vije\u0107e ministara usvojilo inicijativu Vlade FBiH, to\u010dnije resornog ministra trgovine Zlatana Vujanovi\u0107a (SBB), o privremenoj zabrani izvoza ogrjevnog drveta i proizvoda od drveta, polovicom srpnja je do\u0161lo do sni\u017eavanja cijene peleta.<\/p>\n\n\n\n<p>Ipak, zbog poskupljenja goriva, cijene su se vratile na prija\u0161nju razinu. Muhamed Hela\u0107 iz tvrtke \u201eDrvosje\u010da\u201c Sarajevo potvrdio je ovo za portal <a href=\"https:\/\/avaz.ba\/vijesti\/bih\/763199\/muhamed-helac-za-avaz-vracena-je-cijena-peleta-na-640-km-po-toni\">Avaza<\/a> te je kazao kako novih poskupljenja ne\u0107e biti sve dok traje odluka o zabrani izvoza.<\/p>\n\n\n\n<p>Cijena peleta po toni prije nekoliko tjedana u tvrtci Drvosje\u010da je ko\u0161tala 590 KM, dok je trenutna cijena 640 KM.<\/p>\n\n\n\n<p>-Cijenu peleta smo spustili za 50 KM po toni. Me\u0111utim, nakon toga smo uvidjeli da nismo nai\u0161li na kooperaciju i da se situacija na tr\u017ei\u0161tu nije razvijala onako kako bi i\u0161lo u korist smanjenja cijena. Najvi\u0161e je doprinjelo apsolutno divljanje cijena goriva koji je umnogome uticao na cijenu svakog proizvoda u drvoprera\u0111iva\u010dkoj industriji, pa tako i enrgenata za grijanje i iscjepanog drveta. Naime, uloga goriva je zna\u010dajna u cijelom lancu od same sje\u010de drveta pa do transporta robe krajnjem kupcu &#8211; kazao je Hela\u0107.<\/p>\n\n\n\n<p>Nagla\u0161ava kako je u\u010dinak odluke o zabrani izvoza vidljiv, te da stanovnici ne trebaju strahovati da \u0107e im domovi biti hladni, jer robe ima u dovoljnim koli\u010dinama.<\/p>\n\n\n\n<p>-Samim tim rije\u0161ili smo najve\u0107i problem u koji smo ulazili u vremenu zabrane izvoza, a to je bio da smo ulazili u situaciju u kojem je bio izvjestan scenario da \u0107emo ostati bez dovoljnih koli\u010dina goriva i da \u0107emo zimu do\u010dekati u hladnim domovima. Taj scenario je zasigurno izbjegnut sve onda dok traje zabrana. \u0160to se ti\u010de cijene, ono \u0161to mo\u017eemo jam\u010dici je da do dodatnih pove\u0107anja do kraja zabrane izvoza ne\u0107e do\u0107i &#8211; zaklju\u010dio je Hela\u0107.<\/p>\n\n\n\n<p>Izvor:avaz.ba<\/p>\n","protected":false},"excerpt":{"rendered":"<p>Nakon \u0161to je Vije\u0107e ministara usvojilo inicijativu Vlade FBiH, to\u010dnije resornog ministra trgovine Zlatana Vujanovi\u0107a (SBB), o privremenoj zabrani izvoza ogrjevnog drveta i proizvoda od drveta, polovicom srpnja je do\u0161lo do sni\u017eavanja cijene peleta. Ipak, zbog poskupljenja goriva, cijene su se vratile na prija\u0161nju razinu. Muhamed Hela\u0107 iz tvrtke \u201eDrvosje\u010da\u201c Sarajevo potvrdio je ovo za [&hellip;]<\/p>\n","protected":false},"author":2,"featured_media":143170,"comment_status":"closed","ping_status":"closed","sticky":false,"template":"","format":"standard","meta":{"h5ap_radio_sources":[],"footnotes":""},"categories":[1],"tags":[],"class_list":["post-166993","post","type-post","status-publish","format-standard","has-post-thumbnail","hentry","category-bihiregija"],"yoast_head":"<!-- This site is optimized with the Yoast SEO plugin v27.4 - https:\/\/yoast.com\/product\/yoast-seo-wordpress\/ -->\n<title>Vra\u0107ena je cijena peleta na 640 KM po toni - RADIO LJUBU\u0160KI<\/title>\n<meta name=\"robots\" content=\"index, follow, max-snippet:-1, max-image-preview:large, max-video-preview:-1\" \/>\n<link rel=\"canonical\" href=\"https:\/\/radioljubuski.ba\/index.php\/2022\/08\/06\/vracena-je-cijena-peleta-na-640-km-po-toni\/\" \/>\n<meta property=\"og:locale\" content=\"hr_HR\" \/>\n<meta property=\"og:type\" content=\"article\" \/>\n<meta property=\"og:title\" content=\"Vra\u0107ena je cijena peleta na 640 KM po toni - RADIO LJUBU\u0160KI\" \/>\n<meta property=\"og:description\" content=\"Nakon \u0161to je Vije\u0107e ministara usvojilo inicijativu Vlade FBiH, to\u010dnije resornog ministra trgovine Zlatana Vujanovi\u0107a (SBB), o privremenoj zabrani izvoza ogrjevnog drveta i proizvoda od drveta, polovicom srpnja je do\u0161lo do sni\u017eavanja cijene peleta. Ipak, zbog poskupljenja goriva, cijene su se vratile na prija\u0161nju razinu. Muhamed Hela\u0107 iz tvrtke \u201eDrvosje\u010da\u201c Sarajevo potvrdio je ovo za [&hellip;]\" \/>\n<meta property=\"og:url\" content=\"https:\/\/radioljubuski.ba\/index.php\/2022\/08\/06\/vracena-je-cijena-peleta-na-640-km-po-toni\/\" \/>\n<meta property=\"og:site_name\" content=\"RADIO LJUBU\u0160KI\" \/>\n<meta property=\"article:publisher\" content=\"https:\/\/www.facebook.com\/Radiio-Ljubuski-1490835324566332\" \/>\n<meta property=\"article:published_time\" content=\"2022-08-06T12:40:31+00:00\" \/>\n<meta property=\"article:modified_time\" content=\"2022-08-06T12:40:32+00:00\" \/>\n<meta property=\"og:image\" content=\"https:\/\/radioljubuski.ba\/wp-content\/uploads\/2022\/05\/x8VulKpr_pelet.jpg\" \/>\n\t<meta property=\"og:image:width\" content=\"1000\" \/>\n\t<meta property=\"og:image:height\" content=\"625\" \/>\n\t<meta property=\"og:image:type\" content=\"image\/jpeg\" \/>\n<meta name=\"author\" content=\"Radio Ljubu\u0161ki\" \/>\n<meta name=\"twitter:card\" content=\"summary_large_image\" \/>\n<meta name=\"twitter:creator\" content=\"@radioljubuski\" \/>\n<meta name=\"twitter:site\" content=\"@radioljubuski\" \/>\n<meta name=\"twitter:label1\" content=\"Napisao\/la\" \/>\n\t<meta name=\"twitter:data1\" content=\"Radio Ljubu\u0161ki\" \/>\n\t<meta name=\"twitter:label2\" content=\"Procijenjeno vrijeme \u010ditanja\" \/>\n\t<meta name=\"twitter:data2\" content=\"2 minute\" \/>\n<script type=\"application\/ld+json\" class=\"yoast-schema-graph\">{\"@context\":\"https:\\\/\\\/schema.org\",\"@graph\":[{\"@type\":\"Article\",\"@id\":\"https:\\\/\\\/radioljubuski.ba\\\/index.php\\\/2022\\\/08\\\/06\\\/vracena-je-cijena-peleta-na-640-km-po-toni\\\/#article\",\"isPartOf\":{\"@id\":\"https:\\\/\\\/radioljubuski.ba\\\/index.php\\\/2022\\\/08\\\/06\\\/vracena-je-cijena-peleta-na-640-km-po-toni\\\/\"},\"author\":{\"name\":\"Radio Ljubu\u0161ki\",\"@id\":\"https:\\\/\\\/radioljubuski.ba\\\/#\\\/schema\\\/person\\\/19fc700381a780f69665d7956c469e3b\"},\"headline\":\"Vra\u0107ena je cijena peleta na 640 KM po toni\",\"datePublished\":\"2022-08-06T12:40:31+00:00\",\"dateModified\":\"2022-08-06T12:40:32+00:00\",\"mainEntityOfPage\":{\"@id\":\"https:\\\/\\\/radioljubuski.ba\\\/index.php\\\/2022\\\/08\\\/06\\\/vracena-je-cijena-peleta-na-640-km-po-toni\\\/\"},\"wordCount\":323,\"publisher\":{\"@id\":\"https:\\\/\\\/radioljubuski.ba\\\/#organization\"},\"image\":{\"@id\":\"https:\\\/\\\/radioljubuski.ba\\\/index.php\\\/2022\\\/08\\\/06\\\/vracena-je-cijena-peleta-na-640-km-po-toni\\\/#primaryimage\"},\"thumbnailUrl\":\"https:\\\/\\\/radioljubuski.ba\\\/wp-content\\\/uploads\\\/2022\\\/05\\\/x8VulKpr_pelet.jpg\",\"articleSection\":[\"BIH i regija\"],\"inLanguage\":\"hr\"},{\"@type\":\"WebPage\",\"@id\":\"https:\\\/\\\/radioljubuski.ba\\\/index.php\\\/2022\\\/08\\\/06\\\/vracena-je-cijena-peleta-na-640-km-po-toni\\\/\",\"url\":\"https:\\\/\\\/radioljubuski.ba\\\/index.php\\\/2022\\\/08\\\/06\\\/vracena-je-cijena-peleta-na-640-km-po-toni\\\/\",\"name\":\"Vra\u0107ena je cijena peleta na 640 KM po toni - RADIO LJUBU\u0160KI\",\"isPartOf\":{\"@id\":\"https:\\\/\\\/radioljubuski.ba\\\/#website\"},\"primaryImageOfPage\":{\"@id\":\"https:\\\/\\\/radioljubuski.ba\\\/index.php\\\/2022\\\/08\\\/06\\\/vracena-je-cijena-peleta-na-640-km-po-toni\\\/#primaryimage\"},\"image\":{\"@id\":\"https:\\\/\\\/radioljubuski.ba\\\/index.php\\\/2022\\\/08\\\/06\\\/vracena-je-cijena-peleta-na-640-km-po-toni\\\/#primaryimage\"},\"thumbnailUrl\":\"https:\\\/\\\/radioljubuski.ba\\\/wp-content\\\/uploads\\\/2022\\\/05\\\/x8VulKpr_pelet.jpg\",\"datePublished\":\"2022-08-06T12:40:31+00:00\",\"dateModified\":\"2022-08-06T12:40:32+00:00\",\"breadcrumb\":{\"@id\":\"https:\\\/\\\/radioljubuski.ba\\\/index.php\\\/2022\\\/08\\\/06\\\/vracena-je-cijena-peleta-na-640-km-po-toni\\\/#breadcrumb\"},\"inLanguage\":\"hr\",\"potentialAction\":[{\"@type\":\"ReadAction\",\"target\":[\"https:\\\/\\\/radioljubuski.ba\\\/index.php\\\/2022\\\/08\\\/06\\\/vracena-je-cijena-peleta-na-640-km-po-toni\\\/\"]}]},{\"@type\":\"ImageObject\",\"inLanguage\":\"hr\",\"@id\":\"https:\\\/\\\/radioljubuski.ba\\\/index.php\\\/2022\\\/08\\\/06\\\/vracena-je-cijena-peleta-na-640-km-po-toni\\\/#primaryimage\",\"url\":\"https:\\\/\\\/radioljubuski.ba\\\/wp-content\\\/uploads\\\/2022\\\/05\\\/x8VulKpr_pelet.jpg\",\"contentUrl\":\"https:\\\/\\\/radioljubuski.ba\\\/wp-content\\\/uploads\\\/2022\\\/05\\\/x8VulKpr_pelet.jpg\",\"width\":1000,\"height\":625},{\"@type\":\"BreadcrumbList\",\"@id\":\"https:\\\/\\\/radioljubuski.ba\\\/index.php\\\/2022\\\/08\\\/06\\\/vracena-je-cijena-peleta-na-640-km-po-toni\\\/#breadcrumb\",\"itemListElement\":[{\"@type\":\"ListItem\",\"position\":1,\"name\":\"Po\u010detna stranica\",\"item\":\"https:\\\/\\\/radioljubuski.ba\\\/\"},{\"@type\":\"ListItem\",\"position\":2,\"name\":\"Vra\u0107ena je cijena peleta na 640 KM po toni\"}]},{\"@type\":\"WebSite\",\"@id\":\"https:\\\/\\\/radioljubuski.ba\\\/#website\",\"url\":\"https:\\\/\\\/radioljubuski.ba\\\/\",\"name\":\"Radio Ljubu\u0161ki\",\"description\":\"Sun\u010dana frekvencija Hercegovine\",\"publisher\":{\"@id\":\"https:\\\/\\\/radioljubuski.ba\\\/#organization\"},\"potentialAction\":[{\"@type\":\"SearchAction\",\"target\":{\"@type\":\"EntryPoint\",\"urlTemplate\":\"https:\\\/\\\/radioljubuski.ba\\\/?s={search_term_string}\"},\"query-input\":{\"@type\":\"PropertyValueSpecification\",\"valueRequired\":true,\"valueName\":\"search_term_string\"}}],\"inLanguage\":\"hr\"},{\"@type\":\"Organization\",\"@id\":\"https:\\\/\\\/radioljubuski.ba\\\/#organization\",\"name\":\"Radio Ljubu\u0161ki\",\"url\":\"https:\\\/\\\/radioljubuski.ba\\\/\",\"logo\":{\"@type\":\"ImageObject\",\"inLanguage\":\"hr\",\"@id\":\"https:\\\/\\\/radioljubuski.ba\\\/#\\\/schema\\\/logo\\\/image\\\/\",\"url\":\"https:\\\/\\\/radioljubuski.ba\\\/wp-content\\\/uploads\\\/2021\\\/02\\\/cropped-Radio_Ljubuski_logo1.jpg\",\"contentUrl\":\"https:\\\/\\\/radioljubuski.ba\\\/wp-content\\\/uploads\\\/2021\\\/02\\\/cropped-Radio_Ljubuski_logo1.jpg\",\"width\":512,\"height\":512,\"caption\":\"Radio Ljubu\u0161ki\"},\"image\":{\"@id\":\"https:\\\/\\\/radioljubuski.ba\\\/#\\\/schema\\\/logo\\\/image\\\/\"},\"sameAs\":[\"https:\\\/\\\/www.facebook.com\\\/Radiio-Ljubuski-1490835324566332\",\"https:\\\/\\\/x.com\\\/radioljubuski\",\"https:\\\/\\\/hr.linkedin.com\\\/company\\\/radio-ljubuski\",\"https:\\\/\\\/www.youtube.com\\\/channel\\\/UCHYaeO_n0Db3tjNGudGpXyw\"]},{\"@type\":\"Person\",\"@id\":\"https:\\\/\\\/radioljubuski.ba\\\/#\\\/schema\\\/person\\\/19fc700381a780f69665d7956c469e3b\",\"name\":\"Radio Ljubu\u0161ki\"}]}<\/script>\n<!-- \/ Yoast SEO plugin. -->","yoast_head_json":{"title":"Vra\u0107ena je cijena peleta na 640 KM po toni - RADIO LJUBU\u0160KI","robots":{"index":"index","follow":"follow","max-snippet":"max-snippet:-1","max-image-preview":"max-image-preview:large","max-video-preview":"max-video-preview:-1"},"canonical":"https:\/\/radioljubuski.ba\/index.php\/2022\/08\/06\/vracena-je-cijena-peleta-na-640-km-po-toni\/","og_locale":"hr_HR","og_type":"article","og_title":"Vra\u0107ena je cijena peleta na 640 KM po toni - RADIO LJUBU\u0160KI","og_description":"Nakon \u0161to je Vije\u0107e ministara usvojilo inicijativu Vlade FBiH, to\u010dnije resornog ministra trgovine Zlatana Vujanovi\u0107a (SBB), o privremenoj zabrani izvoza ogrjevnog drveta i proizvoda od drveta, polovicom srpnja je do\u0161lo do sni\u017eavanja cijene peleta. Ipak, zbog poskupljenja goriva, cijene su se vratile na prija\u0161nju razinu. Muhamed Hela\u0107 iz tvrtke \u201eDrvosje\u010da\u201c Sarajevo potvrdio je ovo za [&hellip;]","og_url":"https:\/\/radioljubuski.ba\/index.php\/2022\/08\/06\/vracena-je-cijena-peleta-na-640-km-po-toni\/","og_site_name":"RADIO LJUBU\u0160KI","article_publisher":"https:\/\/www.facebook.com\/Radiio-Ljubuski-1490835324566332","article_published_time":"2022-08-06T12:40:31+00:00","article_modified_time":"2022-08-06T12:40:32+00:00","og_image":[{"width":1000,"height":625,"url":"https:\/\/radioljubuski.ba\/wp-content\/uploads\/2022\/05\/x8VulKpr_pelet.jpg","type":"image\/jpeg"}],"author":"Radio Ljubu\u0161ki","twitter_card":"summary_large_image","twitter_creator":"@radioljubuski","twitter_site":"@radioljubuski","twitter_misc":{"Napisao\/la":"Radio Ljubu\u0161ki","Procijenjeno vrijeme \u010ditanja":"2 minute"},"schema":{"@context":"https:\/\/schema.org","@graph":[{"@type":"Article","@id":"https:\/\/radioljubuski.ba\/index.php\/2022\/08\/06\/vracena-je-cijena-peleta-na-640-km-po-toni\/#article","isPartOf":{"@id":"https:\/\/radioljubuski.ba\/index.php\/2022\/08\/06\/vracena-je-cijena-peleta-na-640-km-po-toni\/"},"author":{"name":"Radio Ljubu\u0161ki","@id":"https:\/\/radioljubuski.ba\/#\/schema\/person\/19fc700381a780f69665d7956c469e3b"},"headline":"Vra\u0107ena je cijena peleta na 640 KM po toni","datePublished":"2022-08-06T12:40:31+00:00","dateModified":"2022-08-06T12:40:32+00:00","mainEntityOfPage":{"@id":"https:\/\/radioljubuski.ba\/index.php\/2022\/08\/06\/vracena-je-cijena-peleta-na-640-km-po-toni\/"},"wordCount":323,"publisher":{"@id":"https:\/\/radioljubuski.ba\/#organization"},"image":{"@id":"https:\/\/radioljubuski.ba\/index.php\/2022\/08\/06\/vracena-je-cijena-peleta-na-640-km-po-toni\/#primaryimage"},"thumbnailUrl":"https:\/\/radioljubuski.ba\/wp-content\/uploads\/2022\/05\/x8VulKpr_pelet.jpg","articleSection":["BIH i regija"],"inLanguage":"hr"},{"@type":"WebPage","@id":"https:\/\/radioljubuski.ba\/index.php\/2022\/08\/06\/vracena-je-cijena-peleta-na-640-km-po-toni\/","url":"https:\/\/radioljubuski.ba\/index.php\/2022\/08\/06\/vracena-je-cijena-peleta-na-640-km-po-toni\/","name":"Vra\u0107ena je cijena peleta na 640 KM po toni - RADIO LJUBU\u0160KI","isPartOf":{"@id":"https:\/\/radioljubuski.ba\/#website"},"primaryImageOfPage":{"@id":"https:\/\/radioljubuski.ba\/index.php\/2022\/08\/06\/vracena-je-cijena-peleta-na-640-km-po-toni\/#primaryimage"},"image":{"@id":"https:\/\/radioljubuski.ba\/index.php\/2022\/08\/06\/vracena-je-cijena-peleta-na-640-km-po-toni\/#primaryimage"},"thumbnailUrl":"https:\/\/radioljubuski.ba\/wp-content\/uploads\/2022\/05\/x8VulKpr_pelet.jpg","datePublished":"2022-08-06T12:40:31+00:00","dateModified":"2022-08-06T12:40:32+00:00","breadcrumb":{"@id":"https:\/\/radioljubuski.ba\/index.php\/2022\/08\/06\/vracena-je-cijena-peleta-na-640-km-po-toni\/#breadcrumb"},"inLanguage":"hr","potentialAction":[{"@type":"ReadAction","target":["https:\/\/radioljubuski.ba\/index.php\/2022\/08\/06\/vracena-je-cijena-peleta-na-640-km-po-toni\/"]}]},{"@type":"ImageObject","inLanguage":"hr","@id":"https:\/\/radioljubuski.ba\/index.php\/2022\/08\/06\/vracena-je-cijena-peleta-na-640-km-po-toni\/#primaryimage","url":"https:\/\/radioljubuski.ba\/wp-content\/uploads\/2022\/05\/x8VulKpr_pelet.jpg","contentUrl":"https:\/\/radioljubuski.ba\/wp-content\/uploads\/2022\/05\/x8VulKpr_pelet.jpg","width":1000,"height":625},{"@type":"BreadcrumbList","@id":"https:\/\/radioljubuski.ba\/index.php\/2022\/08\/06\/vracena-je-cijena-peleta-na-640-km-po-toni\/#breadcrumb","itemListElement":[{"@type":"ListItem","position":1,"name":"Po\u010detna stranica","item":"https:\/\/radioljubuski.ba\/"},{"@type":"ListItem","position":2,"name":"Vra\u0107ena je cijena peleta na 640 KM po toni"}]},{"@type":"WebSite","@id":"https:\/\/radioljubuski.ba\/#website","url":"https:\/\/radioljubuski.ba\/","name":"Radio Ljubu\u0161ki","description":"Sun\u010dana frekvencija Hercegovine","publisher":{"@id":"https:\/\/radioljubuski.ba\/#organization"},"potentialAction":[{"@type":"SearchAction","target":{"@type":"EntryPoint","urlTemplate":"https:\/\/radioljubuski.ba\/?s={search_term_string}"},"query-input":{"@type":"PropertyValueSpecification","valueRequired":true,"valueName":"search_term_string"}}],"inLanguage":"hr"},{"@type":"Organization","@id":"https:\/\/radioljubuski.ba\/#organization","name":"Radio Ljubu\u0161ki","url":"https:\/\/radioljubuski.ba\/","logo":{"@type":"ImageObject","inLanguage":"hr","@id":"https:\/\/radioljubuski.ba\/#\/schema\/logo\/image\/","url":"https:\/\/radioljubuski.ba\/wp-content\/uploads\/2021\/02\/cropped-Radio_Ljubuski_logo1.jpg","contentUrl":"https:\/\/radioljubuski.ba\/wp-content\/uploads\/2021\/02\/cropped-Radio_Ljubuski_logo1.jpg","width":512,"height":512,"caption":"Radio Ljubu\u0161ki"},"image":{"@id":"https:\/\/radioljubuski.ba\/#\/schema\/logo\/image\/"},"sameAs":["https:\/\/www.facebook.com\/Radiio-Ljubuski-1490835324566332","https:\/\/x.com\/radioljubuski","https:\/\/hr.linkedin.com\/company\/radio-ljubuski","https:\/\/www.youtube.com\/channel\/UCHYaeO_n0Db3tjNGudGpXyw"]},{"@type":"Person","@id":"https:\/\/radioljubuski.ba\/#\/schema\/person\/19fc700381a780f69665d7956c469e3b","name":"Radio Ljubu\u0161ki"}]}},"_links":{"self":[{"href":"https:\/\/radioljubuski.ba\/index.php\/wp-json\/wp\/v2\/posts\/166993","targetHints":{"allow":["GET"]}}],"collection":[{"href":"https:\/\/radioljubuski.ba\/index.php\/wp-json\/wp\/v2\/posts"}],"about":[{"href":"https:\/\/radioljubuski.ba\/index.php\/wp-json\/wp\/v2\/types\/post"}],"author":[{"embeddable":true,"href":"https:\/\/radioljubuski.ba\/index.php\/wp-json\/wp\/v2\/users\/2"}],"replies":[{"embeddable":true,"href":"https:\/\/radioljubuski.ba\/index.php\/wp-json\/wp\/v2\/comments?post=166993"}],"version-history":[{"count":1,"href":"https:\/\/radioljubuski.ba\/index.php\/wp-json\/wp\/v2\/posts\/166993\/revisions"}],"predecessor-version":[{"id":166994,"href":"https:\/\/radioljubuski.ba\/index.php\/wp-json\/wp\/v2\/posts\/166993\/revisions\/166994"}],"wp:featuredmedia":[{"embeddable":true,"href":"https:\/\/radioljubuski.ba\/index.php\/wp-json\/wp\/v2\/media\/143170"}],"wp:attachment":[{"href":"https:\/\/radioljubuski.ba\/index.php\/wp-json\/wp\/v2\/media?parent=166993"}],"wp:term":[{"taxonomy":"category","embeddable":true,"href":"https:\/\/radioljubuski.ba\/index.php\/wp-json\/wp\/v2\/categories?post=166993"},{"taxonomy":"post_tag","embeddable":true,"href":"https:\/\/radioljubuski.ba\/index.php\/wp-json\/wp\/v2\/tags?post=166993"}],"curies":[{"name":"wp","href":"https:\/\/api.w.org\/{rel}","templated":true}]}}