{"id":167000,"date":"2022-08-06T13:45:28","date_gmt":"2022-08-06T12:45:28","guid":{"rendered":"https:\/\/radioljubuski.ba\/?p=167000"},"modified":"2022-08-06T13:45:28","modified_gmt":"2022-08-06T12:45:28","slug":"27-obljetnica-vojno-redarstvene-operacije-oluja-borjana-kristo-na-danu-pobjedu-i-domovinske-zahvalnosti-i-danu-hrvatskih-branitelja","status":"publish","type":"post","link":"https:\/\/radioljubuski.ba\/index.php\/2022\/08\/06\/27-obljetnica-vojno-redarstvene-operacije-oluja-borjana-kristo-na-danu-pobjedu-i-domovinske-zahvalnosti-i-danu-hrvatskih-branitelja\/","title":{"rendered":"27. obljetnica vojno redarstvene operacije \u201eOluja\u201c: Borjana Kri\u0161to  na Danu pobjedu i domovinske zahvalnosti i Danu hrvatskih branitelja"},"content":{"rendered":"\n<p>U Kninu je ju\u010der obilje\u017een jedan od najzna\u010dajnijih datuma moderne hrvatske povijesti \u2013 5. kolovoza \u2013 Dan pobjede i domovinske zahvalnosti te Dan hrvatskih branitelja.<\/p>\n\n\n\n<p>Prije 27 godina zapo\u010dela je veli\u010danstvena akcija \u201eOluja\u201c kojom su oslobo\u0111ene hrvatske teritorije od okupacije agresorskih snaga. Oluja je hrvatski nacionalni simbol slobode koja je zna\u010dila kona\u010dnu pobjedu u Domovinskom ratu.<\/p>\n\n\n\n<p>Ovogodi\u0161njoj sve\u010danosti nazo\u010dila je kandidatkinja HNS-a za hrvatskog \u010dlana Predsjedni\u0161tva BiH Borjana Kri\u0161to koja je ispred krovne organizacije hrvatskog naroda u BiH odala pijetet hrvatskim sinovima koji su utkali svoje \u017eivote za stvaranje slobodne hrvatske domovine.<\/p>\n\n\n\n<p>Dana\u0161nji dan pobjede i domovinske zahvalnosti je zapravo i dan svehrvatskog nacionalnog zajedni\u0161tva kada su uz snage HV-a sudjelovale i snage HVO-a u osloba\u0111anju i stvaranju suverene i samostalne Republike Hrvatske, dana\u0161nje \u010dlanice EU i NATO-a.<\/p>\n\n\n\n<p>Nakon polaganja vijenaca na Trgu Ante Star\u010devi\u0107a, uslijedila je sve\u010danost na Kninskoj tvr\u0111avi na kojoj je podignuta zastava Republike Hrvatske, simbolika koju je uradio i prvi predsjednik suverene Republike Hrvatske dr. Franjo Tu\u0111man nakon oslobo\u0111enja Knina.<\/p>\n\n\n\n<p>Poslije sve\u010danosti, uslijedila je sveta misa u Crkvi Gospe Velikog Hrvatskog Krsnog Zavjeta.<\/p>\n\n\n\n<p>Izvor:pogled.ba<\/p>\n","protected":false},"excerpt":{"rendered":"<p>U Kninu je ju\u010der obilje\u017een jedan od najzna\u010dajnijih datuma moderne hrvatske povijesti \u2013 5. kolovoza \u2013 Dan pobjede i domovinske zahvalnosti te Dan hrvatskih branitelja. Prije 27 godina zapo\u010dela je veli\u010danstvena akcija \u201eOluja\u201c kojom su oslobo\u0111ene hrvatske teritorije od okupacije agresorskih snaga. Oluja je hrvatski nacionalni simbol slobode koja je zna\u010dila kona\u010dnu pobjedu u Domovinskom [&hellip;]<\/p>\n","protected":false},"author":2,"featured_media":167001,"comment_status":"closed","ping_status":"closed","sticky":false,"template":"","format":"standard","meta":{"h5ap_radio_sources":[],"footnotes":""},"categories":[1],"tags":[],"class_list":["post-167000","post","type-post","status-publish","format-standard","has-post-thumbnail","hentry","category-bihiregija"],"yoast_head":"<!-- This site is optimized with the Yoast SEO plugin v27.4 - https:\/\/yoast.com\/product\/yoast-seo-wordpress\/ -->\n<title>27. obljetnica vojno redarstvene operacije \u201eOluja\u201c: Borjana Kri\u0161to na Danu pobjedu i domovinske zahvalnosti i Danu hrvatskih branitelja - RADIO LJUBU\u0160KI<\/title>\n<meta name=\"robots\" content=\"index, follow, max-snippet:-1, max-image-preview:large, max-video-preview:-1\" \/>\n<link rel=\"canonical\" href=\"https:\/\/radioljubuski.ba\/index.php\/2022\/08\/06\/27-obljetnica-vojno-redarstvene-operacije-oluja-borjana-kristo-na-danu-pobjedu-i-domovinske-zahvalnosti-i-danu-hrvatskih-branitelja\/\" \/>\n<meta property=\"og:locale\" content=\"hr_HR\" \/>\n<meta property=\"og:type\" content=\"article\" \/>\n<meta property=\"og:title\" content=\"27. obljetnica vojno redarstvene operacije \u201eOluja\u201c: Borjana Kri\u0161to na Danu pobjedu i domovinske zahvalnosti i Danu hrvatskih branitelja - RADIO LJUBU\u0160KI\" \/>\n<meta property=\"og:description\" content=\"U Kninu je ju\u010der obilje\u017een jedan od najzna\u010dajnijih datuma moderne hrvatske povijesti \u2013 5. kolovoza \u2013 Dan pobjede i domovinske zahvalnosti te Dan hrvatskih branitelja. Prije 27 godina zapo\u010dela je veli\u010danstvena akcija \u201eOluja\u201c kojom su oslobo\u0111ene hrvatske teritorije od okupacije agresorskih snaga. Oluja je hrvatski nacionalni simbol slobode koja je zna\u010dila kona\u010dnu pobjedu u Domovinskom [&hellip;]\" \/>\n<meta property=\"og:url\" content=\"https:\/\/radioljubuski.ba\/index.php\/2022\/08\/06\/27-obljetnica-vojno-redarstvene-operacije-oluja-borjana-kristo-na-danu-pobjedu-i-domovinske-zahvalnosti-i-danu-hrvatskih-branitelja\/\" \/>\n<meta property=\"og:site_name\" content=\"RADIO LJUBU\u0160KI\" \/>\n<meta property=\"article:publisher\" content=\"https:\/\/www.facebook.com\/Radiio-Ljubuski-1490835324566332\" \/>\n<meta property=\"article:published_time\" content=\"2022-08-06T12:45:28+00:00\" \/>\n<meta property=\"og:image\" content=\"https:\/\/radioljubuski.ba\/wp-content\/uploads\/2022\/08\/3-2022-08-05-14-09-42-b2.jpeg\" \/>\n\t<meta property=\"og:image:width\" content=\"1000\" \/>\n\t<meta property=\"og:image:height\" content=\"625\" \/>\n\t<meta property=\"og:image:type\" content=\"image\/jpeg\" \/>\n<meta name=\"author\" content=\"Radio Ljubu\u0161ki\" \/>\n<meta name=\"twitter:card\" content=\"summary_large_image\" \/>\n<meta name=\"twitter:creator\" content=\"@radioljubuski\" \/>\n<meta name=\"twitter:site\" content=\"@radioljubuski\" \/>\n<meta name=\"twitter:label1\" content=\"Napisao\/la\" \/>\n\t<meta name=\"twitter:data1\" content=\"Radio Ljubu\u0161ki\" \/>\n\t<meta name=\"twitter:label2\" content=\"Procijenjeno vrijeme \u010ditanja\" \/>\n\t<meta name=\"twitter:data2\" content=\"1 minuta\" \/>\n<script type=\"application\/ld+json\" class=\"yoast-schema-graph\">{\"@context\":\"https:\\\/\\\/schema.org\",\"@graph\":[{\"@type\":\"Article\",\"@id\":\"https:\\\/\\\/radioljubuski.ba\\\/index.php\\\/2022\\\/08\\\/06\\\/27-obljetnica-vojno-redarstvene-operacije-oluja-borjana-kristo-na-danu-pobjedu-i-domovinske-zahvalnosti-i-danu-hrvatskih-branitelja\\\/#article\",\"isPartOf\":{\"@id\":\"https:\\\/\\\/radioljubuski.ba\\\/index.php\\\/2022\\\/08\\\/06\\\/27-obljetnica-vojno-redarstvene-operacije-oluja-borjana-kristo-na-danu-pobjedu-i-domovinske-zahvalnosti-i-danu-hrvatskih-branitelja\\\/\"},\"author\":{\"name\":\"Radio Ljubu\u0161ki\",\"@id\":\"https:\\\/\\\/radioljubuski.ba\\\/#\\\/schema\\\/person\\\/19fc700381a780f69665d7956c469e3b\"},\"headline\":\"27. obljetnica vojno redarstvene operacije \u201eOluja\u201c: Borjana Kri\u0161to na Danu pobjedu i domovinske zahvalnosti i Danu hrvatskih branitelja\",\"datePublished\":\"2022-08-06T12:45:28+00:00\",\"mainEntityOfPage\":{\"@id\":\"https:\\\/\\\/radioljubuski.ba\\\/index.php\\\/2022\\\/08\\\/06\\\/27-obljetnica-vojno-redarstvene-operacije-oluja-borjana-kristo-na-danu-pobjedu-i-domovinske-zahvalnosti-i-danu-hrvatskih-branitelja\\\/\"},\"wordCount\":218,\"publisher\":{\"@id\":\"https:\\\/\\\/radioljubuski.ba\\\/#organization\"},\"image\":{\"@id\":\"https:\\\/\\\/radioljubuski.ba\\\/index.php\\\/2022\\\/08\\\/06\\\/27-obljetnica-vojno-redarstvene-operacije-oluja-borjana-kristo-na-danu-pobjedu-i-domovinske-zahvalnosti-i-danu-hrvatskih-branitelja\\\/#primaryimage\"},\"thumbnailUrl\":\"https:\\\/\\\/radioljubuski.ba\\\/wp-content\\\/uploads\\\/2022\\\/08\\\/3-2022-08-05-14-09-42-b2.jpeg\",\"articleSection\":[\"BIH i regija\"],\"inLanguage\":\"hr\"},{\"@type\":\"WebPage\",\"@id\":\"https:\\\/\\\/radioljubuski.ba\\\/index.php\\\/2022\\\/08\\\/06\\\/27-obljetnica-vojno-redarstvene-operacije-oluja-borjana-kristo-na-danu-pobjedu-i-domovinske-zahvalnosti-i-danu-hrvatskih-branitelja\\\/\",\"url\":\"https:\\\/\\\/radioljubuski.ba\\\/index.php\\\/2022\\\/08\\\/06\\\/27-obljetnica-vojno-redarstvene-operacije-oluja-borjana-kristo-na-danu-pobjedu-i-domovinske-zahvalnosti-i-danu-hrvatskih-branitelja\\\/\",\"name\":\"27. obljetnica vojno redarstvene operacije \u201eOluja\u201c: Borjana Kri\u0161to na Danu pobjedu i domovinske zahvalnosti i Danu hrvatskih branitelja - RADIO LJUBU\u0160KI\",\"isPartOf\":{\"@id\":\"https:\\\/\\\/radioljubuski.ba\\\/#website\"},\"primaryImageOfPage\":{\"@id\":\"https:\\\/\\\/radioljubuski.ba\\\/index.php\\\/2022\\\/08\\\/06\\\/27-obljetnica-vojno-redarstvene-operacije-oluja-borjana-kristo-na-danu-pobjedu-i-domovinske-zahvalnosti-i-danu-hrvatskih-branitelja\\\/#primaryimage\"},\"image\":{\"@id\":\"https:\\\/\\\/radioljubuski.ba\\\/index.php\\\/2022\\\/08\\\/06\\\/27-obljetnica-vojno-redarstvene-operacije-oluja-borjana-kristo-na-danu-pobjedu-i-domovinske-zahvalnosti-i-danu-hrvatskih-branitelja\\\/#primaryimage\"},\"thumbnailUrl\":\"https:\\\/\\\/radioljubuski.ba\\\/wp-content\\\/uploads\\\/2022\\\/08\\\/3-2022-08-05-14-09-42-b2.jpeg\",\"datePublished\":\"2022-08-06T12:45:28+00:00\",\"breadcrumb\":{\"@id\":\"https:\\\/\\\/radioljubuski.ba\\\/index.php\\\/2022\\\/08\\\/06\\\/27-obljetnica-vojno-redarstvene-operacije-oluja-borjana-kristo-na-danu-pobjedu-i-domovinske-zahvalnosti-i-danu-hrvatskih-branitelja\\\/#breadcrumb\"},\"inLanguage\":\"hr\",\"potentialAction\":[{\"@type\":\"ReadAction\",\"target\":[\"https:\\\/\\\/radioljubuski.ba\\\/index.php\\\/2022\\\/08\\\/06\\\/27-obljetnica-vojno-redarstvene-operacije-oluja-borjana-kristo-na-danu-pobjedu-i-domovinske-zahvalnosti-i-danu-hrvatskih-branitelja\\\/\"]}]},{\"@type\":\"ImageObject\",\"inLanguage\":\"hr\",\"@id\":\"https:\\\/\\\/radioljubuski.ba\\\/index.php\\\/2022\\\/08\\\/06\\\/27-obljetnica-vojno-redarstvene-operacije-oluja-borjana-kristo-na-danu-pobjedu-i-domovinske-zahvalnosti-i-danu-hrvatskih-branitelja\\\/#primaryimage\",\"url\":\"https:\\\/\\\/radioljubuski.ba\\\/wp-content\\\/uploads\\\/2022\\\/08\\\/3-2022-08-05-14-09-42-b2.jpeg\",\"contentUrl\":\"https:\\\/\\\/radioljubuski.ba\\\/wp-content\\\/uploads\\\/2022\\\/08\\\/3-2022-08-05-14-09-42-b2.jpeg\",\"width\":1000,\"height\":625},{\"@type\":\"BreadcrumbList\",\"@id\":\"https:\\\/\\\/radioljubuski.ba\\\/index.php\\\/2022\\\/08\\\/06\\\/27-obljetnica-vojno-redarstvene-operacije-oluja-borjana-kristo-na-danu-pobjedu-i-domovinske-zahvalnosti-i-danu-hrvatskih-branitelja\\\/#breadcrumb\",\"itemListElement\":[{\"@type\":\"ListItem\",\"position\":1,\"name\":\"Po\u010detna stranica\",\"item\":\"https:\\\/\\\/radioljubuski.ba\\\/\"},{\"@type\":\"ListItem\",\"position\":2,\"name\":\"27. obljetnica vojno redarstvene operacije \u201eOluja\u201c: Borjana Kri\u0161to na Danu pobjedu i domovinske zahvalnosti i Danu hrvatskih branitelja\"}]},{\"@type\":\"WebSite\",\"@id\":\"https:\\\/\\\/radioljubuski.ba\\\/#website\",\"url\":\"https:\\\/\\\/radioljubuski.ba\\\/\",\"name\":\"Radio Ljubu\u0161ki\",\"description\":\"Sun\u010dana frekvencija Hercegovine\",\"publisher\":{\"@id\":\"https:\\\/\\\/radioljubuski.ba\\\/#organization\"},\"potentialAction\":[{\"@type\":\"SearchAction\",\"target\":{\"@type\":\"EntryPoint\",\"urlTemplate\":\"https:\\\/\\\/radioljubuski.ba\\\/?s={search_term_string}\"},\"query-input\":{\"@type\":\"PropertyValueSpecification\",\"valueRequired\":true,\"valueName\":\"search_term_string\"}}],\"inLanguage\":\"hr\"},{\"@type\":\"Organization\",\"@id\":\"https:\\\/\\\/radioljubuski.ba\\\/#organization\",\"name\":\"Radio Ljubu\u0161ki\",\"url\":\"https:\\\/\\\/radioljubuski.ba\\\/\",\"logo\":{\"@type\":\"ImageObject\",\"inLanguage\":\"hr\",\"@id\":\"https:\\\/\\\/radioljubuski.ba\\\/#\\\/schema\\\/logo\\\/image\\\/\",\"url\":\"https:\\\/\\\/radioljubuski.ba\\\/wp-content\\\/uploads\\\/2021\\\/02\\\/cropped-Radio_Ljubuski_logo1.jpg\",\"contentUrl\":\"https:\\\/\\\/radioljubuski.ba\\\/wp-content\\\/uploads\\\/2021\\\/02\\\/cropped-Radio_Ljubuski_logo1.jpg\",\"width\":512,\"height\":512,\"caption\":\"Radio Ljubu\u0161ki\"},\"image\":{\"@id\":\"https:\\\/\\\/radioljubuski.ba\\\/#\\\/schema\\\/logo\\\/image\\\/\"},\"sameAs\":[\"https:\\\/\\\/www.facebook.com\\\/Radiio-Ljubuski-1490835324566332\",\"https:\\\/\\\/x.com\\\/radioljubuski\",\"https:\\\/\\\/hr.linkedin.com\\\/company\\\/radio-ljubuski\",\"https:\\\/\\\/www.youtube.com\\\/channel\\\/UCHYaeO_n0Db3tjNGudGpXyw\"]},{\"@type\":\"Person\",\"@id\":\"https:\\\/\\\/radioljubuski.ba\\\/#\\\/schema\\\/person\\\/19fc700381a780f69665d7956c469e3b\",\"name\":\"Radio Ljubu\u0161ki\"}]}<\/script>\n<!-- \/ Yoast SEO plugin. -->","yoast_head_json":{"title":"27. obljetnica vojno redarstvene operacije \u201eOluja\u201c: Borjana Kri\u0161to na Danu pobjedu i domovinske zahvalnosti i Danu hrvatskih branitelja - RADIO LJUBU\u0160KI","robots":{"index":"index","follow":"follow","max-snippet":"max-snippet:-1","max-image-preview":"max-image-preview:large","max-video-preview":"max-video-preview:-1"},"canonical":"https:\/\/radioljubuski.ba\/index.php\/2022\/08\/06\/27-obljetnica-vojno-redarstvene-operacije-oluja-borjana-kristo-na-danu-pobjedu-i-domovinske-zahvalnosti-i-danu-hrvatskih-branitelja\/","og_locale":"hr_HR","og_type":"article","og_title":"27. obljetnica vojno redarstvene operacije \u201eOluja\u201c: Borjana Kri\u0161to na Danu pobjedu i domovinske zahvalnosti i Danu hrvatskih branitelja - RADIO LJUBU\u0160KI","og_description":"U Kninu je ju\u010der obilje\u017een jedan od najzna\u010dajnijih datuma moderne hrvatske povijesti \u2013 5. kolovoza \u2013 Dan pobjede i domovinske zahvalnosti te Dan hrvatskih branitelja. Prije 27 godina zapo\u010dela je veli\u010danstvena akcija \u201eOluja\u201c kojom su oslobo\u0111ene hrvatske teritorije od okupacije agresorskih snaga. Oluja je hrvatski nacionalni simbol slobode koja je zna\u010dila kona\u010dnu pobjedu u Domovinskom [&hellip;]","og_url":"https:\/\/radioljubuski.ba\/index.php\/2022\/08\/06\/27-obljetnica-vojno-redarstvene-operacije-oluja-borjana-kristo-na-danu-pobjedu-i-domovinske-zahvalnosti-i-danu-hrvatskih-branitelja\/","og_site_name":"RADIO LJUBU\u0160KI","article_publisher":"https:\/\/www.facebook.com\/Radiio-Ljubuski-1490835324566332","article_published_time":"2022-08-06T12:45:28+00:00","og_image":[{"width":1000,"height":625,"url":"https:\/\/radioljubuski.ba\/wp-content\/uploads\/2022\/08\/3-2022-08-05-14-09-42-b2.jpeg","type":"image\/jpeg"}],"author":"Radio Ljubu\u0161ki","twitter_card":"summary_large_image","twitter_creator":"@radioljubuski","twitter_site":"@radioljubuski","twitter_misc":{"Napisao\/la":"Radio Ljubu\u0161ki","Procijenjeno vrijeme \u010ditanja":"1 minuta"},"schema":{"@context":"https:\/\/schema.org","@graph":[{"@type":"Article","@id":"https:\/\/radioljubuski.ba\/index.php\/2022\/08\/06\/27-obljetnica-vojno-redarstvene-operacije-oluja-borjana-kristo-na-danu-pobjedu-i-domovinske-zahvalnosti-i-danu-hrvatskih-branitelja\/#article","isPartOf":{"@id":"https:\/\/radioljubuski.ba\/index.php\/2022\/08\/06\/27-obljetnica-vojno-redarstvene-operacije-oluja-borjana-kristo-na-danu-pobjedu-i-domovinske-zahvalnosti-i-danu-hrvatskih-branitelja\/"},"author":{"name":"Radio Ljubu\u0161ki","@id":"https:\/\/radioljubuski.ba\/#\/schema\/person\/19fc700381a780f69665d7956c469e3b"},"headline":"27. obljetnica vojno redarstvene operacije \u201eOluja\u201c: Borjana Kri\u0161to na Danu pobjedu i domovinske zahvalnosti i Danu hrvatskih branitelja","datePublished":"2022-08-06T12:45:28+00:00","mainEntityOfPage":{"@id":"https:\/\/radioljubuski.ba\/index.php\/2022\/08\/06\/27-obljetnica-vojno-redarstvene-operacije-oluja-borjana-kristo-na-danu-pobjedu-i-domovinske-zahvalnosti-i-danu-hrvatskih-branitelja\/"},"wordCount":218,"publisher":{"@id":"https:\/\/radioljubuski.ba\/#organization"},"image":{"@id":"https:\/\/radioljubuski.ba\/index.php\/2022\/08\/06\/27-obljetnica-vojno-redarstvene-operacije-oluja-borjana-kristo-na-danu-pobjedu-i-domovinske-zahvalnosti-i-danu-hrvatskih-branitelja\/#primaryimage"},"thumbnailUrl":"https:\/\/radioljubuski.ba\/wp-content\/uploads\/2022\/08\/3-2022-08-05-14-09-42-b2.jpeg","articleSection":["BIH i regija"],"inLanguage":"hr"},{"@type":"WebPage","@id":"https:\/\/radioljubuski.ba\/index.php\/2022\/08\/06\/27-obljetnica-vojno-redarstvene-operacije-oluja-borjana-kristo-na-danu-pobjedu-i-domovinske-zahvalnosti-i-danu-hrvatskih-branitelja\/","url":"https:\/\/radioljubuski.ba\/index.php\/2022\/08\/06\/27-obljetnica-vojno-redarstvene-operacije-oluja-borjana-kristo-na-danu-pobjedu-i-domovinske-zahvalnosti-i-danu-hrvatskih-branitelja\/","name":"27. obljetnica vojno redarstvene operacije \u201eOluja\u201c: Borjana Kri\u0161to na Danu pobjedu i domovinske zahvalnosti i Danu hrvatskih branitelja - RADIO LJUBU\u0160KI","isPartOf":{"@id":"https:\/\/radioljubuski.ba\/#website"},"primaryImageOfPage":{"@id":"https:\/\/radioljubuski.ba\/index.php\/2022\/08\/06\/27-obljetnica-vojno-redarstvene-operacije-oluja-borjana-kristo-na-danu-pobjedu-i-domovinske-zahvalnosti-i-danu-hrvatskih-branitelja\/#primaryimage"},"image":{"@id":"https:\/\/radioljubuski.ba\/index.php\/2022\/08\/06\/27-obljetnica-vojno-redarstvene-operacije-oluja-borjana-kristo-na-danu-pobjedu-i-domovinske-zahvalnosti-i-danu-hrvatskih-branitelja\/#primaryimage"},"thumbnailUrl":"https:\/\/radioljubuski.ba\/wp-content\/uploads\/2022\/08\/3-2022-08-05-14-09-42-b2.jpeg","datePublished":"2022-08-06T12:45:28+00:00","breadcrumb":{"@id":"https:\/\/radioljubuski.ba\/index.php\/2022\/08\/06\/27-obljetnica-vojno-redarstvene-operacije-oluja-borjana-kristo-na-danu-pobjedu-i-domovinske-zahvalnosti-i-danu-hrvatskih-branitelja\/#breadcrumb"},"inLanguage":"hr","potentialAction":[{"@type":"ReadAction","target":["https:\/\/radioljubuski.ba\/index.php\/2022\/08\/06\/27-obljetnica-vojno-redarstvene-operacije-oluja-borjana-kristo-na-danu-pobjedu-i-domovinske-zahvalnosti-i-danu-hrvatskih-branitelja\/"]}]},{"@type":"ImageObject","inLanguage":"hr","@id":"https:\/\/radioljubuski.ba\/index.php\/2022\/08\/06\/27-obljetnica-vojno-redarstvene-operacije-oluja-borjana-kristo-na-danu-pobjedu-i-domovinske-zahvalnosti-i-danu-hrvatskih-branitelja\/#primaryimage","url":"https:\/\/radioljubuski.ba\/wp-content\/uploads\/2022\/08\/3-2022-08-05-14-09-42-b2.jpeg","contentUrl":"https:\/\/radioljubuski.ba\/wp-content\/uploads\/2022\/08\/3-2022-08-05-14-09-42-b2.jpeg","width":1000,"height":625},{"@type":"BreadcrumbList","@id":"https:\/\/radioljubuski.ba\/index.php\/2022\/08\/06\/27-obljetnica-vojno-redarstvene-operacije-oluja-borjana-kristo-na-danu-pobjedu-i-domovinske-zahvalnosti-i-danu-hrvatskih-branitelja\/#breadcrumb","itemListElement":[{"@type":"ListItem","position":1,"name":"Po\u010detna stranica","item":"https:\/\/radioljubuski.ba\/"},{"@type":"ListItem","position":2,"name":"27. obljetnica vojno redarstvene operacije \u201eOluja\u201c: Borjana Kri\u0161to na Danu pobjedu i domovinske zahvalnosti i Danu hrvatskih branitelja"}]},{"@type":"WebSite","@id":"https:\/\/radioljubuski.ba\/#website","url":"https:\/\/radioljubuski.ba\/","name":"Radio Ljubu\u0161ki","description":"Sun\u010dana frekvencija Hercegovine","publisher":{"@id":"https:\/\/radioljubuski.ba\/#organization"},"potentialAction":[{"@type":"SearchAction","target":{"@type":"EntryPoint","urlTemplate":"https:\/\/radioljubuski.ba\/?s={search_term_string}"},"query-input":{"@type":"PropertyValueSpecification","valueRequired":true,"valueName":"search_term_string"}}],"inLanguage":"hr"},{"@type":"Organization","@id":"https:\/\/radioljubuski.ba\/#organization","name":"Radio Ljubu\u0161ki","url":"https:\/\/radioljubuski.ba\/","logo":{"@type":"ImageObject","inLanguage":"hr","@id":"https:\/\/radioljubuski.ba\/#\/schema\/logo\/image\/","url":"https:\/\/radioljubuski.ba\/wp-content\/uploads\/2021\/02\/cropped-Radio_Ljubuski_logo1.jpg","contentUrl":"https:\/\/radioljubuski.ba\/wp-content\/uploads\/2021\/02\/cropped-Radio_Ljubuski_logo1.jpg","width":512,"height":512,"caption":"Radio Ljubu\u0161ki"},"image":{"@id":"https:\/\/radioljubuski.ba\/#\/schema\/logo\/image\/"},"sameAs":["https:\/\/www.facebook.com\/Radiio-Ljubuski-1490835324566332","https:\/\/x.com\/radioljubuski","https:\/\/hr.linkedin.com\/company\/radio-ljubuski","https:\/\/www.youtube.com\/channel\/UCHYaeO_n0Db3tjNGudGpXyw"]},{"@type":"Person","@id":"https:\/\/radioljubuski.ba\/#\/schema\/person\/19fc700381a780f69665d7956c469e3b","name":"Radio Ljubu\u0161ki"}]}},"_links":{"self":[{"href":"https:\/\/radioljubuski.ba\/index.php\/wp-json\/wp\/v2\/posts\/167000","targetHints":{"allow":["GET"]}}],"collection":[{"href":"https:\/\/radioljubuski.ba\/index.php\/wp-json\/wp\/v2\/posts"}],"about":[{"href":"https:\/\/radioljubuski.ba\/index.php\/wp-json\/wp\/v2\/types\/post"}],"author":[{"embeddable":true,"href":"https:\/\/radioljubuski.ba\/index.php\/wp-json\/wp\/v2\/users\/2"}],"replies":[{"embeddable":true,"href":"https:\/\/radioljubuski.ba\/index.php\/wp-json\/wp\/v2\/comments?post=167000"}],"version-history":[{"count":1,"href":"https:\/\/radioljubuski.ba\/index.php\/wp-json\/wp\/v2\/posts\/167000\/revisions"}],"predecessor-version":[{"id":167002,"href":"https:\/\/radioljubuski.ba\/index.php\/wp-json\/wp\/v2\/posts\/167000\/revisions\/167002"}],"wp:featuredmedia":[{"embeddable":true,"href":"https:\/\/radioljubuski.ba\/index.php\/wp-json\/wp\/v2\/media\/167001"}],"wp:attachment":[{"href":"https:\/\/radioljubuski.ba\/index.php\/wp-json\/wp\/v2\/media?parent=167000"}],"wp:term":[{"taxonomy":"category","embeddable":true,"href":"https:\/\/radioljubuski.ba\/index.php\/wp-json\/wp\/v2\/categories?post=167000"},{"taxonomy":"post_tag","embeddable":true,"href":"https:\/\/radioljubuski.ba\/index.php\/wp-json\/wp\/v2\/tags?post=167000"}],"curies":[{"name":"wp","href":"https:\/\/api.w.org\/{rel}","templated":true}]}}