{"id":167003,"date":"2022-08-06T13:46:47","date_gmt":"2022-08-06T12:46:47","guid":{"rendered":"https:\/\/radioljubuski.ba\/?p=167003"},"modified":"2022-08-06T13:46:49","modified_gmt":"2022-08-06T12:46:49","slug":"sin-devet-godina-tajio-smrt-majke-kako-bi-podizao-njezinu-mirovinu","status":"publish","type":"post","link":"https:\/\/radioljubuski.ba\/index.php\/2022\/08\/06\/sin-devet-godina-tajio-smrt-majke-kako-bi-podizao-njezinu-mirovinu\/","title":{"rendered":"Sin devet godina tajio smrt majke kako bi podizao njezinu mirovinu"},"content":{"rendered":"\n<p>Op\u0107insko dr\u017eavno odvjetni\u0161tvo donijelo je rje\u0161enje o provo\u0111enju istrage protiv mu\u0161karca kojeg se tereti za prijevaru.<\/p>\n\n\n\n<p>Sumnja se da je zatajio smrt majke samo kako bi primao njezinu invalidsku mirovinu, i to \u010dak devet godina, a tereti ga se za protupravnu korist od 275.000 kuna.<\/p>\n\n\n\n<p>\u201cPostoji osnovana sumnja da je okrivljeni 59-godi\u0161njak od lipnja 2012. do velja\u010de 2021. u njema\u010dkom gradu Berlinu pre\u0161utio i nije prijavio nadle\u017enom tijelu Me\u0111imurske \u017eupanije da je u lipnju 2012. preminula njegova majka koja je primala obiteljsku invalidninu.<\/p>\n\n\n\n<p>Tako je i nakon smrti nastavljena isplata obiteljske invalidnine na njezin ra\u010dun. Okrivljenog 59-godi\u0161njaka se tereti da je neovla\u0161teno podizao novac s ra\u010duna i zadr\u017eavao ga za sebe iako pravo na obiteljsku invalidninu prestaje smr\u0107u korisnika.<\/p>\n\n\n\n<p>Na opisani na\u010din, tereti se mu\u0161karca, pribavio je protupravnu imovinsku korist ve\u0107u od 275.000 kuna\u201d, izvijestili su u \u010detvrtak iz dr\u017eavnog odvjetni\u0161tva.&nbsp;<\/p>\n\n\n\n<p>Izvor:danica.hr<\/p>\n","protected":false},"excerpt":{"rendered":"<p>Op\u0107insko dr\u017eavno odvjetni\u0161tvo donijelo je rje\u0161enje o provo\u0111enju istrage protiv mu\u0161karca kojeg se tereti za prijevaru. Sumnja se da je zatajio smrt majke samo kako bi primao njezinu invalidsku mirovinu, i to \u010dak devet godina, a tereti ga se za protupravnu korist od 275.000 kuna. \u201cPostoji osnovana sumnja da je okrivljeni 59-godi\u0161njak od lipnja 2012. [&hellip;]<\/p>\n","protected":false},"author":2,"featured_media":167004,"comment_status":"closed","ping_status":"closed","sticky":false,"template":"","format":"standard","meta":{"h5ap_radio_sources":[],"footnotes":""},"categories":[1],"tags":[],"class_list":["post-167003","post","type-post","status-publish","format-standard","has-post-thumbnail","hentry","category-bihiregija"],"yoast_head":"<!-- This site is optimized with the Yoast SEO plugin v27.4 - https:\/\/yoast.com\/product\/yoast-seo-wordpress\/ -->\n<title>Sin devet godina tajio smrt majke kako bi podizao njezinu mirovinu - RADIO LJUBU\u0160KI<\/title>\n<meta name=\"robots\" content=\"index, follow, max-snippet:-1, max-image-preview:large, max-video-preview:-1\" \/>\n<link rel=\"canonical\" href=\"https:\/\/radioljubuski.ba\/index.php\/2022\/08\/06\/sin-devet-godina-tajio-smrt-majke-kako-bi-podizao-njezinu-mirovinu\/\" \/>\n<meta property=\"og:locale\" content=\"hr_HR\" \/>\n<meta property=\"og:type\" content=\"article\" \/>\n<meta property=\"og:title\" content=\"Sin devet godina tajio smrt majke kako bi podizao njezinu mirovinu - RADIO LJUBU\u0160KI\" \/>\n<meta property=\"og:description\" content=\"Op\u0107insko dr\u017eavno odvjetni\u0161tvo donijelo je rje\u0161enje o provo\u0111enju istrage protiv mu\u0161karca kojeg se tereti za prijevaru. Sumnja se da je zatajio smrt majke samo kako bi primao njezinu invalidsku mirovinu, i to \u010dak devet godina, a tereti ga se za protupravnu korist od 275.000 kuna. \u201cPostoji osnovana sumnja da je okrivljeni 59-godi\u0161njak od lipnja 2012. [&hellip;]\" \/>\n<meta property=\"og:url\" content=\"https:\/\/radioljubuski.ba\/index.php\/2022\/08\/06\/sin-devet-godina-tajio-smrt-majke-kako-bi-podizao-njezinu-mirovinu\/\" \/>\n<meta property=\"og:site_name\" content=\"RADIO LJUBU\u0160KI\" \/>\n<meta property=\"article:publisher\" content=\"https:\/\/www.facebook.com\/Radiio-Ljubuski-1490835324566332\" \/>\n<meta property=\"article:published_time\" content=\"2022-08-06T12:46:47+00:00\" \/>\n<meta property=\"article:modified_time\" content=\"2022-08-06T12:46:49+00:00\" \/>\n<meta property=\"og:image\" content=\"https:\/\/radioljubuski.ba\/wp-content\/uploads\/2022\/08\/3-2022-08-05-14-20-52-policija-potjera-veza-dojava.jpg\" \/>\n\t<meta property=\"og:image:width\" content=\"1000\" \/>\n\t<meta property=\"og:image:height\" content=\"625\" \/>\n\t<meta property=\"og:image:type\" content=\"image\/jpeg\" \/>\n<meta name=\"author\" content=\"Radio Ljubu\u0161ki\" \/>\n<meta name=\"twitter:card\" content=\"summary_large_image\" \/>\n<meta name=\"twitter:creator\" content=\"@radioljubuski\" \/>\n<meta name=\"twitter:site\" content=\"@radioljubuski\" \/>\n<meta name=\"twitter:label1\" content=\"Napisao\/la\" \/>\n\t<meta name=\"twitter:data1\" content=\"Radio Ljubu\u0161ki\" \/>\n\t<meta name=\"twitter:label2\" content=\"Procijenjeno vrijeme \u010ditanja\" \/>\n\t<meta name=\"twitter:data2\" content=\"1 minuta\" \/>\n<script type=\"application\/ld+json\" class=\"yoast-schema-graph\">{\"@context\":\"https:\\\/\\\/schema.org\",\"@graph\":[{\"@type\":\"Article\",\"@id\":\"https:\\\/\\\/radioljubuski.ba\\\/index.php\\\/2022\\\/08\\\/06\\\/sin-devet-godina-tajio-smrt-majke-kako-bi-podizao-njezinu-mirovinu\\\/#article\",\"isPartOf\":{\"@id\":\"https:\\\/\\\/radioljubuski.ba\\\/index.php\\\/2022\\\/08\\\/06\\\/sin-devet-godina-tajio-smrt-majke-kako-bi-podizao-njezinu-mirovinu\\\/\"},\"author\":{\"name\":\"Radio Ljubu\u0161ki\",\"@id\":\"https:\\\/\\\/radioljubuski.ba\\\/#\\\/schema\\\/person\\\/19fc700381a780f69665d7956c469e3b\"},\"headline\":\"Sin devet godina tajio smrt majke kako bi podizao njezinu mirovinu\",\"datePublished\":\"2022-08-06T12:46:47+00:00\",\"dateModified\":\"2022-08-06T12:46:49+00:00\",\"mainEntityOfPage\":{\"@id\":\"https:\\\/\\\/radioljubuski.ba\\\/index.php\\\/2022\\\/08\\\/06\\\/sin-devet-godina-tajio-smrt-majke-kako-bi-podizao-njezinu-mirovinu\\\/\"},\"wordCount\":174,\"publisher\":{\"@id\":\"https:\\\/\\\/radioljubuski.ba\\\/#organization\"},\"image\":{\"@id\":\"https:\\\/\\\/radioljubuski.ba\\\/index.php\\\/2022\\\/08\\\/06\\\/sin-devet-godina-tajio-smrt-majke-kako-bi-podizao-njezinu-mirovinu\\\/#primaryimage\"},\"thumbnailUrl\":\"https:\\\/\\\/radioljubuski.ba\\\/wp-content\\\/uploads\\\/2022\\\/08\\\/3-2022-08-05-14-20-52-policija-potjera-veza-dojava.jpg\",\"articleSection\":[\"BIH i regija\"],\"inLanguage\":\"hr\"},{\"@type\":\"WebPage\",\"@id\":\"https:\\\/\\\/radioljubuski.ba\\\/index.php\\\/2022\\\/08\\\/06\\\/sin-devet-godina-tajio-smrt-majke-kako-bi-podizao-njezinu-mirovinu\\\/\",\"url\":\"https:\\\/\\\/radioljubuski.ba\\\/index.php\\\/2022\\\/08\\\/06\\\/sin-devet-godina-tajio-smrt-majke-kako-bi-podizao-njezinu-mirovinu\\\/\",\"name\":\"Sin devet godina tajio smrt majke kako bi podizao njezinu mirovinu - RADIO LJUBU\u0160KI\",\"isPartOf\":{\"@id\":\"https:\\\/\\\/radioljubuski.ba\\\/#website\"},\"primaryImageOfPage\":{\"@id\":\"https:\\\/\\\/radioljubuski.ba\\\/index.php\\\/2022\\\/08\\\/06\\\/sin-devet-godina-tajio-smrt-majke-kako-bi-podizao-njezinu-mirovinu\\\/#primaryimage\"},\"image\":{\"@id\":\"https:\\\/\\\/radioljubuski.ba\\\/index.php\\\/2022\\\/08\\\/06\\\/sin-devet-godina-tajio-smrt-majke-kako-bi-podizao-njezinu-mirovinu\\\/#primaryimage\"},\"thumbnailUrl\":\"https:\\\/\\\/radioljubuski.ba\\\/wp-content\\\/uploads\\\/2022\\\/08\\\/3-2022-08-05-14-20-52-policija-potjera-veza-dojava.jpg\",\"datePublished\":\"2022-08-06T12:46:47+00:00\",\"dateModified\":\"2022-08-06T12:46:49+00:00\",\"breadcrumb\":{\"@id\":\"https:\\\/\\\/radioljubuski.ba\\\/index.php\\\/2022\\\/08\\\/06\\\/sin-devet-godina-tajio-smrt-majke-kako-bi-podizao-njezinu-mirovinu\\\/#breadcrumb\"},\"inLanguage\":\"hr\",\"potentialAction\":[{\"@type\":\"ReadAction\",\"target\":[\"https:\\\/\\\/radioljubuski.ba\\\/index.php\\\/2022\\\/08\\\/06\\\/sin-devet-godina-tajio-smrt-majke-kako-bi-podizao-njezinu-mirovinu\\\/\"]}]},{\"@type\":\"ImageObject\",\"inLanguage\":\"hr\",\"@id\":\"https:\\\/\\\/radioljubuski.ba\\\/index.php\\\/2022\\\/08\\\/06\\\/sin-devet-godina-tajio-smrt-majke-kako-bi-podizao-njezinu-mirovinu\\\/#primaryimage\",\"url\":\"https:\\\/\\\/radioljubuski.ba\\\/wp-content\\\/uploads\\\/2022\\\/08\\\/3-2022-08-05-14-20-52-policija-potjera-veza-dojava.jpg\",\"contentUrl\":\"https:\\\/\\\/radioljubuski.ba\\\/wp-content\\\/uploads\\\/2022\\\/08\\\/3-2022-08-05-14-20-52-policija-potjera-veza-dojava.jpg\",\"width\":1000,\"height\":625},{\"@type\":\"BreadcrumbList\",\"@id\":\"https:\\\/\\\/radioljubuski.ba\\\/index.php\\\/2022\\\/08\\\/06\\\/sin-devet-godina-tajio-smrt-majke-kako-bi-podizao-njezinu-mirovinu\\\/#breadcrumb\",\"itemListElement\":[{\"@type\":\"ListItem\",\"position\":1,\"name\":\"Po\u010detna stranica\",\"item\":\"https:\\\/\\\/radioljubuski.ba\\\/\"},{\"@type\":\"ListItem\",\"position\":2,\"name\":\"Sin devet godina tajio smrt majke kako bi podizao njezinu mirovinu\"}]},{\"@type\":\"WebSite\",\"@id\":\"https:\\\/\\\/radioljubuski.ba\\\/#website\",\"url\":\"https:\\\/\\\/radioljubuski.ba\\\/\",\"name\":\"Radio Ljubu\u0161ki\",\"description\":\"Sun\u010dana frekvencija Hercegovine\",\"publisher\":{\"@id\":\"https:\\\/\\\/radioljubuski.ba\\\/#organization\"},\"potentialAction\":[{\"@type\":\"SearchAction\",\"target\":{\"@type\":\"EntryPoint\",\"urlTemplate\":\"https:\\\/\\\/radioljubuski.ba\\\/?s={search_term_string}\"},\"query-input\":{\"@type\":\"PropertyValueSpecification\",\"valueRequired\":true,\"valueName\":\"search_term_string\"}}],\"inLanguage\":\"hr\"},{\"@type\":\"Organization\",\"@id\":\"https:\\\/\\\/radioljubuski.ba\\\/#organization\",\"name\":\"Radio Ljubu\u0161ki\",\"url\":\"https:\\\/\\\/radioljubuski.ba\\\/\",\"logo\":{\"@type\":\"ImageObject\",\"inLanguage\":\"hr\",\"@id\":\"https:\\\/\\\/radioljubuski.ba\\\/#\\\/schema\\\/logo\\\/image\\\/\",\"url\":\"https:\\\/\\\/radioljubuski.ba\\\/wp-content\\\/uploads\\\/2021\\\/02\\\/cropped-Radio_Ljubuski_logo1.jpg\",\"contentUrl\":\"https:\\\/\\\/radioljubuski.ba\\\/wp-content\\\/uploads\\\/2021\\\/02\\\/cropped-Radio_Ljubuski_logo1.jpg\",\"width\":512,\"height\":512,\"caption\":\"Radio Ljubu\u0161ki\"},\"image\":{\"@id\":\"https:\\\/\\\/radioljubuski.ba\\\/#\\\/schema\\\/logo\\\/image\\\/\"},\"sameAs\":[\"https:\\\/\\\/www.facebook.com\\\/Radiio-Ljubuski-1490835324566332\",\"https:\\\/\\\/x.com\\\/radioljubuski\",\"https:\\\/\\\/hr.linkedin.com\\\/company\\\/radio-ljubuski\",\"https:\\\/\\\/www.youtube.com\\\/channel\\\/UCHYaeO_n0Db3tjNGudGpXyw\"]},{\"@type\":\"Person\",\"@id\":\"https:\\\/\\\/radioljubuski.ba\\\/#\\\/schema\\\/person\\\/19fc700381a780f69665d7956c469e3b\",\"name\":\"Radio Ljubu\u0161ki\"}]}<\/script>\n<!-- \/ Yoast SEO plugin. -->","yoast_head_json":{"title":"Sin devet godina tajio smrt majke kako bi podizao njezinu mirovinu - RADIO LJUBU\u0160KI","robots":{"index":"index","follow":"follow","max-snippet":"max-snippet:-1","max-image-preview":"max-image-preview:large","max-video-preview":"max-video-preview:-1"},"canonical":"https:\/\/radioljubuski.ba\/index.php\/2022\/08\/06\/sin-devet-godina-tajio-smrt-majke-kako-bi-podizao-njezinu-mirovinu\/","og_locale":"hr_HR","og_type":"article","og_title":"Sin devet godina tajio smrt majke kako bi podizao njezinu mirovinu - RADIO LJUBU\u0160KI","og_description":"Op\u0107insko dr\u017eavno odvjetni\u0161tvo donijelo je rje\u0161enje o provo\u0111enju istrage protiv mu\u0161karca kojeg se tereti za prijevaru. Sumnja se da je zatajio smrt majke samo kako bi primao njezinu invalidsku mirovinu, i to \u010dak devet godina, a tereti ga se za protupravnu korist od 275.000 kuna. \u201cPostoji osnovana sumnja da je okrivljeni 59-godi\u0161njak od lipnja 2012. [&hellip;]","og_url":"https:\/\/radioljubuski.ba\/index.php\/2022\/08\/06\/sin-devet-godina-tajio-smrt-majke-kako-bi-podizao-njezinu-mirovinu\/","og_site_name":"RADIO LJUBU\u0160KI","article_publisher":"https:\/\/www.facebook.com\/Radiio-Ljubuski-1490835324566332","article_published_time":"2022-08-06T12:46:47+00:00","article_modified_time":"2022-08-06T12:46:49+00:00","og_image":[{"width":1000,"height":625,"url":"https:\/\/radioljubuski.ba\/wp-content\/uploads\/2022\/08\/3-2022-08-05-14-20-52-policija-potjera-veza-dojava.jpg","type":"image\/jpeg"}],"author":"Radio Ljubu\u0161ki","twitter_card":"summary_large_image","twitter_creator":"@radioljubuski","twitter_site":"@radioljubuski","twitter_misc":{"Napisao\/la":"Radio Ljubu\u0161ki","Procijenjeno vrijeme \u010ditanja":"1 minuta"},"schema":{"@context":"https:\/\/schema.org","@graph":[{"@type":"Article","@id":"https:\/\/radioljubuski.ba\/index.php\/2022\/08\/06\/sin-devet-godina-tajio-smrt-majke-kako-bi-podizao-njezinu-mirovinu\/#article","isPartOf":{"@id":"https:\/\/radioljubuski.ba\/index.php\/2022\/08\/06\/sin-devet-godina-tajio-smrt-majke-kako-bi-podizao-njezinu-mirovinu\/"},"author":{"name":"Radio Ljubu\u0161ki","@id":"https:\/\/radioljubuski.ba\/#\/schema\/person\/19fc700381a780f69665d7956c469e3b"},"headline":"Sin devet godina tajio smrt majke kako bi podizao njezinu mirovinu","datePublished":"2022-08-06T12:46:47+00:00","dateModified":"2022-08-06T12:46:49+00:00","mainEntityOfPage":{"@id":"https:\/\/radioljubuski.ba\/index.php\/2022\/08\/06\/sin-devet-godina-tajio-smrt-majke-kako-bi-podizao-njezinu-mirovinu\/"},"wordCount":174,"publisher":{"@id":"https:\/\/radioljubuski.ba\/#organization"},"image":{"@id":"https:\/\/radioljubuski.ba\/index.php\/2022\/08\/06\/sin-devet-godina-tajio-smrt-majke-kako-bi-podizao-njezinu-mirovinu\/#primaryimage"},"thumbnailUrl":"https:\/\/radioljubuski.ba\/wp-content\/uploads\/2022\/08\/3-2022-08-05-14-20-52-policija-potjera-veza-dojava.jpg","articleSection":["BIH i regija"],"inLanguage":"hr"},{"@type":"WebPage","@id":"https:\/\/radioljubuski.ba\/index.php\/2022\/08\/06\/sin-devet-godina-tajio-smrt-majke-kako-bi-podizao-njezinu-mirovinu\/","url":"https:\/\/radioljubuski.ba\/index.php\/2022\/08\/06\/sin-devet-godina-tajio-smrt-majke-kako-bi-podizao-njezinu-mirovinu\/","name":"Sin devet godina tajio smrt majke kako bi podizao njezinu mirovinu - RADIO LJUBU\u0160KI","isPartOf":{"@id":"https:\/\/radioljubuski.ba\/#website"},"primaryImageOfPage":{"@id":"https:\/\/radioljubuski.ba\/index.php\/2022\/08\/06\/sin-devet-godina-tajio-smrt-majke-kako-bi-podizao-njezinu-mirovinu\/#primaryimage"},"image":{"@id":"https:\/\/radioljubuski.ba\/index.php\/2022\/08\/06\/sin-devet-godina-tajio-smrt-majke-kako-bi-podizao-njezinu-mirovinu\/#primaryimage"},"thumbnailUrl":"https:\/\/radioljubuski.ba\/wp-content\/uploads\/2022\/08\/3-2022-08-05-14-20-52-policija-potjera-veza-dojava.jpg","datePublished":"2022-08-06T12:46:47+00:00","dateModified":"2022-08-06T12:46:49+00:00","breadcrumb":{"@id":"https:\/\/radioljubuski.ba\/index.php\/2022\/08\/06\/sin-devet-godina-tajio-smrt-majke-kako-bi-podizao-njezinu-mirovinu\/#breadcrumb"},"inLanguage":"hr","potentialAction":[{"@type":"ReadAction","target":["https:\/\/radioljubuski.ba\/index.php\/2022\/08\/06\/sin-devet-godina-tajio-smrt-majke-kako-bi-podizao-njezinu-mirovinu\/"]}]},{"@type":"ImageObject","inLanguage":"hr","@id":"https:\/\/radioljubuski.ba\/index.php\/2022\/08\/06\/sin-devet-godina-tajio-smrt-majke-kako-bi-podizao-njezinu-mirovinu\/#primaryimage","url":"https:\/\/radioljubuski.ba\/wp-content\/uploads\/2022\/08\/3-2022-08-05-14-20-52-policija-potjera-veza-dojava.jpg","contentUrl":"https:\/\/radioljubuski.ba\/wp-content\/uploads\/2022\/08\/3-2022-08-05-14-20-52-policija-potjera-veza-dojava.jpg","width":1000,"height":625},{"@type":"BreadcrumbList","@id":"https:\/\/radioljubuski.ba\/index.php\/2022\/08\/06\/sin-devet-godina-tajio-smrt-majke-kako-bi-podizao-njezinu-mirovinu\/#breadcrumb","itemListElement":[{"@type":"ListItem","position":1,"name":"Po\u010detna stranica","item":"https:\/\/radioljubuski.ba\/"},{"@type":"ListItem","position":2,"name":"Sin devet godina tajio smrt majke kako bi podizao njezinu mirovinu"}]},{"@type":"WebSite","@id":"https:\/\/radioljubuski.ba\/#website","url":"https:\/\/radioljubuski.ba\/","name":"Radio Ljubu\u0161ki","description":"Sun\u010dana frekvencija Hercegovine","publisher":{"@id":"https:\/\/radioljubuski.ba\/#organization"},"potentialAction":[{"@type":"SearchAction","target":{"@type":"EntryPoint","urlTemplate":"https:\/\/radioljubuski.ba\/?s={search_term_string}"},"query-input":{"@type":"PropertyValueSpecification","valueRequired":true,"valueName":"search_term_string"}}],"inLanguage":"hr"},{"@type":"Organization","@id":"https:\/\/radioljubuski.ba\/#organization","name":"Radio Ljubu\u0161ki","url":"https:\/\/radioljubuski.ba\/","logo":{"@type":"ImageObject","inLanguage":"hr","@id":"https:\/\/radioljubuski.ba\/#\/schema\/logo\/image\/","url":"https:\/\/radioljubuski.ba\/wp-content\/uploads\/2021\/02\/cropped-Radio_Ljubuski_logo1.jpg","contentUrl":"https:\/\/radioljubuski.ba\/wp-content\/uploads\/2021\/02\/cropped-Radio_Ljubuski_logo1.jpg","width":512,"height":512,"caption":"Radio Ljubu\u0161ki"},"image":{"@id":"https:\/\/radioljubuski.ba\/#\/schema\/logo\/image\/"},"sameAs":["https:\/\/www.facebook.com\/Radiio-Ljubuski-1490835324566332","https:\/\/x.com\/radioljubuski","https:\/\/hr.linkedin.com\/company\/radio-ljubuski","https:\/\/www.youtube.com\/channel\/UCHYaeO_n0Db3tjNGudGpXyw"]},{"@type":"Person","@id":"https:\/\/radioljubuski.ba\/#\/schema\/person\/19fc700381a780f69665d7956c469e3b","name":"Radio Ljubu\u0161ki"}]}},"_links":{"self":[{"href":"https:\/\/radioljubuski.ba\/index.php\/wp-json\/wp\/v2\/posts\/167003","targetHints":{"allow":["GET"]}}],"collection":[{"href":"https:\/\/radioljubuski.ba\/index.php\/wp-json\/wp\/v2\/posts"}],"about":[{"href":"https:\/\/radioljubuski.ba\/index.php\/wp-json\/wp\/v2\/types\/post"}],"author":[{"embeddable":true,"href":"https:\/\/radioljubuski.ba\/index.php\/wp-json\/wp\/v2\/users\/2"}],"replies":[{"embeddable":true,"href":"https:\/\/radioljubuski.ba\/index.php\/wp-json\/wp\/v2\/comments?post=167003"}],"version-history":[{"count":1,"href":"https:\/\/radioljubuski.ba\/index.php\/wp-json\/wp\/v2\/posts\/167003\/revisions"}],"predecessor-version":[{"id":167005,"href":"https:\/\/radioljubuski.ba\/index.php\/wp-json\/wp\/v2\/posts\/167003\/revisions\/167005"}],"wp:featuredmedia":[{"embeddable":true,"href":"https:\/\/radioljubuski.ba\/index.php\/wp-json\/wp\/v2\/media\/167004"}],"wp:attachment":[{"href":"https:\/\/radioljubuski.ba\/index.php\/wp-json\/wp\/v2\/media?parent=167003"}],"wp:term":[{"taxonomy":"category","embeddable":true,"href":"https:\/\/radioljubuski.ba\/index.php\/wp-json\/wp\/v2\/categories?post=167003"},{"taxonomy":"post_tag","embeddable":true,"href":"https:\/\/radioljubuski.ba\/index.php\/wp-json\/wp\/v2\/tags?post=167003"}],"curies":[{"name":"wp","href":"https:\/\/api.w.org\/{rel}","templated":true}]}}