{"id":167006,"date":"2022-08-06T13:48:26","date_gmt":"2022-08-06T12:48:26","guid":{"rendered":"https:\/\/radioljubuski.ba\/?p=167006"},"modified":"2022-08-06T13:48:27","modified_gmt":"2022-08-06T12:48:27","slug":"nastupi-psihomodo-popa-i-orthodox-celtsa-obiljezili-prvu-vecer-mostar-summer-festa","status":"publish","type":"post","link":"https:\/\/radioljubuski.ba\/index.php\/2022\/08\/06\/nastupi-psihomodo-popa-i-orthodox-celtsa-obiljezili-prvu-vecer-mostar-summer-festa\/","title":{"rendered":"Nastupi Psihomodo Popa i Orthodox Celtsa obilje\u017eili prvu ve\u010der Mostar Summer Festa"},"content":{"rendered":"\n<p>Tisu\u0107e posjetitelja nazo\u010dilo je preksino\u0107 prvoj ve\u010deri 10. jubilarnog Mostar Summer Festa.<\/p>\n\n\n\n<p>&#8220;Prva ve\u010der bila je vru\u0107a, vibrantna, a glazba je opet postala jezik me\u0111usobnog razumijevanja, empatije i ljubavi dok je sre\u0107a isijavala iz svakog kutka Kantarevca&#8221;, priop\u0107ili su organizatori u petak.<\/p>\n\n\n\n<p>Dodaju kako je prvo festivalsko ve\u010der po\u010delo &#8220;gitarski jako&#8221;, kada su svojim modernim alter rockom stage okupirale lokalne snage Sm4llpox.&nbsp;<\/p>\n\n\n\n<p>&#8220;&#8216;Planet Love&#8217;, &#8216;Beginning&#8217;, &#8216;Time to breath&#8217; pjevale su se glasno, a publika je imala priliku \u010duti i neke nove, jo\u0161 neobjavljene pjesme&#8221;, kazali su organizatori.<\/p>\n\n\n\n<p>Potom je stageom &#8216;poletjela&#8217; intrigantna Muha s o\u0161trim rimama i zaraznim beatovima &#8220;Komfortzone&#8221;, &#8220;Svejedno mi je&#8221; i &#8220;Excusez-moi&#8221;, dok je publika uzvra\u0107ala ma\u0161u\u0107i muholovkama.<\/p>\n\n\n\n<p>Uslijedio je nastup EKV tribute project benda Deca iz vode.<\/p>\n\n\n\n<p>&#8220;Nostalgija i duh istinskog EKV-a razlili su se parterom Kantarevca, dok su se u glas pjevali neponovljivi hitovi &#8216;Par godina za nas&#8217;, &#8216;O\u010di boje meda&#8217;, &#8216;Srce&#8217;, &#8216;Zemlja&#8217;. A kako je i sat vremena nastupa publici bilo malo, glasno su molili za bis, dobiv\u0161i ga u emotivnoj zavr\u0161nici uz &#8216;Ti si sav moj bol'&#8221;, navodi se u priop\u0107enju.<\/p>\n\n\n\n<p>Stage je potom bio rezerviran za headlinere prve ve\u010deri, Psihomodo pop. Redali su se hitovi &#8220;Bo\u017ee \u010duvaj Psihomodo pop&#8221;, &#8220;Osje\u0107am se haj&#8221;, &#8220;Natrag u gara\u017eu&#8221;, &#8220;Telegram Sam&#8221;.<\/p>\n\n\n\n<p>&#8220;Band i publika tijekom cijelog nastupa bili su jedno, razmjenjuju\u0107i tone i tone energije. Gobac, koji je bio u top formi i po stageu skakao kao \u0161esnaestogodi\u0161njak, na kraju nastupa se odjavio porukom i pjesmom: ne brinite ni\u0161ta, &#8216;Sve \u0107e biti u redu'&#8221;, isti\u010de se.<\/p>\n\n\n\n<p>Prva ve\u010der 10. Mostar Summer Festa zaokru\u017eena je irskim folk ritmovima.<\/p>\n\n\n\n<p>&#8220;Uvijek dobro raspolo\u017eeni Aca s publikom je podijelio nekoliko anegdota, izme\u0111u ostalog da je nastup na MSF-u njihov premijerni nastup u Mostaru u tridesetogodi\u0161njoj karijeri benda, a za sami kraj nastupa posjetitelji su zaigrali veliko kolektivno kolo du\u017e cijelog partera. Irska veselica za laku no\u0107 prve ve\u010deri. A da bi prva no\u0107 bila magi\u010dna, pobrinula se dru\u017eina Inex Cirkus Teatar, koja je u nekoliko navrata priredila magi\u010dne cirkuske performanse, vrhunac \u010dega je bio vatreni petnaestominutni fire show&#8221;, dodali su organizatori.<\/p>\n\n\n\n<p>&#8211; Ovo je tek zagrijavanje, a tek zagrijavanje \u0107e bit jo\u0161 ja\u010de sutra i prekosutra \u2013 kazali su eufori\u010dno Sanja i Zoran koji su na festival stigli iz Prijedora.<\/p>\n\n\n\n<p>Ulaz na prvu festivalsku ve\u010der bio je slobodan za sve posjetitelje, zahvaljuju\u0107i suradnji s Gradom Mostarom i Europskom Unijom u sklopu projekta Open City Mostar.<\/p>\n\n\n\n<p>Ve\u010dera\u0161nji program \u0107e otvoriti regionalna senzacija Z++ svojim premijernim nastupom na festu, a nakon njega nastupit \u0107e Smoke Mardeljano, najtvr\u0111i reper s vrelog beogradskog asfalta.<\/p>\n\n\n\n<p>Potom \u0107e grad i regiju prodrmati rock institucija nulte kategorije, Prljavo kazali\u0161te, dok publiku za kraj o\u010dekuje mo\u0107na alt-rock ma\u0161ina \u2013 Repetitor.<\/p>\n\n\n\n<p>Izvor:pogled.ba<\/p>\n","protected":false},"excerpt":{"rendered":"<p>Tisu\u0107e posjetitelja nazo\u010dilo je preksino\u0107 prvoj ve\u010deri 10. jubilarnog Mostar Summer Festa. &#8220;Prva ve\u010der bila je vru\u0107a, vibrantna, a glazba je opet postala jezik me\u0111usobnog razumijevanja, empatije i ljubavi dok je sre\u0107a isijavala iz svakog kutka Kantarevca&#8221;, priop\u0107ili su organizatori u petak. Dodaju kako je prvo festivalsko ve\u010der po\u010delo &#8220;gitarski jako&#8221;, kada su svojim modernim [&hellip;]<\/p>\n","protected":false},"author":2,"featured_media":167007,"comment_status":"closed","ping_status":"closed","sticky":false,"template":"","format":"standard","meta":{"h5ap_radio_sources":[],"footnotes":""},"categories":[1],"tags":[],"class_list":["post-167006","post","type-post","status-publish","format-standard","has-post-thumbnail","hentry","category-bihiregija"],"yoast_head":"<!-- This site is optimized with the Yoast SEO plugin v27.4 - https:\/\/yoast.com\/product\/yoast-seo-wordpress\/ -->\n<title>Nastupi Psihomodo Popa i Orthodox Celtsa obilje\u017eili prvu ve\u010der Mostar Summer Festa - RADIO LJUBU\u0160KI<\/title>\n<meta name=\"robots\" content=\"index, follow, max-snippet:-1, max-image-preview:large, max-video-preview:-1\" \/>\n<link rel=\"canonical\" href=\"https:\/\/radioljubuski.ba\/index.php\/2022\/08\/06\/nastupi-psihomodo-popa-i-orthodox-celtsa-obiljezili-prvu-vecer-mostar-summer-festa\/\" \/>\n<meta property=\"og:locale\" content=\"hr_HR\" \/>\n<meta property=\"og:type\" content=\"article\" \/>\n<meta property=\"og:title\" content=\"Nastupi Psihomodo Popa i Orthodox Celtsa obilje\u017eili prvu ve\u010der Mostar Summer Festa - RADIO LJUBU\u0160KI\" \/>\n<meta property=\"og:description\" content=\"Tisu\u0107e posjetitelja nazo\u010dilo je preksino\u0107 prvoj ve\u010deri 10. jubilarnog Mostar Summer Festa. &#8220;Prva ve\u010der bila je vru\u0107a, vibrantna, a glazba je opet postala jezik me\u0111usobnog razumijevanja, empatije i ljubavi dok je sre\u0107a isijavala iz svakog kutka Kantarevca&#8221;, priop\u0107ili su organizatori u petak. Dodaju kako je prvo festivalsko ve\u010der po\u010delo &#8220;gitarski jako&#8221;, kada su svojim modernim [&hellip;]\" \/>\n<meta property=\"og:url\" content=\"https:\/\/radioljubuski.ba\/index.php\/2022\/08\/06\/nastupi-psihomodo-popa-i-orthodox-celtsa-obiljezili-prvu-vecer-mostar-summer-festa\/\" \/>\n<meta property=\"og:site_name\" content=\"RADIO LJUBU\u0160KI\" \/>\n<meta property=\"article:publisher\" content=\"https:\/\/www.facebook.com\/Radiio-Ljubuski-1490835324566332\" \/>\n<meta property=\"article:published_time\" content=\"2022-08-06T12:48:26+00:00\" \/>\n<meta property=\"article:modified_time\" content=\"2022-08-06T12:48:27+00:00\" \/>\n<meta property=\"og:image\" content=\"https:\/\/radioljubuski.ba\/wp-content\/uploads\/2022\/08\/3-2022-08-05-14-24-33-l_9f8ecdcfa6ebb49b530f0379c7407c5f.jpg\" \/>\n\t<meta property=\"og:image:width\" content=\"1000\" \/>\n\t<meta property=\"og:image:height\" content=\"625\" \/>\n\t<meta property=\"og:image:type\" content=\"image\/jpeg\" \/>\n<meta name=\"author\" content=\"Radio Ljubu\u0161ki\" \/>\n<meta name=\"twitter:card\" content=\"summary_large_image\" \/>\n<meta name=\"twitter:creator\" content=\"@radioljubuski\" \/>\n<meta name=\"twitter:site\" content=\"@radioljubuski\" \/>\n<meta name=\"twitter:label1\" content=\"Napisao\/la\" \/>\n\t<meta name=\"twitter:data1\" content=\"Radio Ljubu\u0161ki\" \/>\n\t<meta name=\"twitter:label2\" content=\"Procijenjeno vrijeme \u010ditanja\" \/>\n\t<meta name=\"twitter:data2\" content=\"2 minute\" \/>\n<script type=\"application\/ld+json\" class=\"yoast-schema-graph\">{\"@context\":\"https:\\\/\\\/schema.org\",\"@graph\":[{\"@type\":\"Article\",\"@id\":\"https:\\\/\\\/radioljubuski.ba\\\/index.php\\\/2022\\\/08\\\/06\\\/nastupi-psihomodo-popa-i-orthodox-celtsa-obiljezili-prvu-vecer-mostar-summer-festa\\\/#article\",\"isPartOf\":{\"@id\":\"https:\\\/\\\/radioljubuski.ba\\\/index.php\\\/2022\\\/08\\\/06\\\/nastupi-psihomodo-popa-i-orthodox-celtsa-obiljezili-prvu-vecer-mostar-summer-festa\\\/\"},\"author\":{\"name\":\"Radio Ljubu\u0161ki\",\"@id\":\"https:\\\/\\\/radioljubuski.ba\\\/#\\\/schema\\\/person\\\/19fc700381a780f69665d7956c469e3b\"},\"headline\":\"Nastupi Psihomodo Popa i Orthodox Celtsa obilje\u017eili prvu ve\u010der Mostar Summer Festa\",\"datePublished\":\"2022-08-06T12:48:26+00:00\",\"dateModified\":\"2022-08-06T12:48:27+00:00\",\"mainEntityOfPage\":{\"@id\":\"https:\\\/\\\/radioljubuski.ba\\\/index.php\\\/2022\\\/08\\\/06\\\/nastupi-psihomodo-popa-i-orthodox-celtsa-obiljezili-prvu-vecer-mostar-summer-festa\\\/\"},\"wordCount\":503,\"publisher\":{\"@id\":\"https:\\\/\\\/radioljubuski.ba\\\/#organization\"},\"image\":{\"@id\":\"https:\\\/\\\/radioljubuski.ba\\\/index.php\\\/2022\\\/08\\\/06\\\/nastupi-psihomodo-popa-i-orthodox-celtsa-obiljezili-prvu-vecer-mostar-summer-festa\\\/#primaryimage\"},\"thumbnailUrl\":\"https:\\\/\\\/radioljubuski.ba\\\/wp-content\\\/uploads\\\/2022\\\/08\\\/3-2022-08-05-14-24-33-l_9f8ecdcfa6ebb49b530f0379c7407c5f.jpg\",\"articleSection\":[\"BIH i regija\"],\"inLanguage\":\"hr\"},{\"@type\":\"WebPage\",\"@id\":\"https:\\\/\\\/radioljubuski.ba\\\/index.php\\\/2022\\\/08\\\/06\\\/nastupi-psihomodo-popa-i-orthodox-celtsa-obiljezili-prvu-vecer-mostar-summer-festa\\\/\",\"url\":\"https:\\\/\\\/radioljubuski.ba\\\/index.php\\\/2022\\\/08\\\/06\\\/nastupi-psihomodo-popa-i-orthodox-celtsa-obiljezili-prvu-vecer-mostar-summer-festa\\\/\",\"name\":\"Nastupi Psihomodo Popa i Orthodox Celtsa obilje\u017eili prvu ve\u010der Mostar Summer Festa - RADIO LJUBU\u0160KI\",\"isPartOf\":{\"@id\":\"https:\\\/\\\/radioljubuski.ba\\\/#website\"},\"primaryImageOfPage\":{\"@id\":\"https:\\\/\\\/radioljubuski.ba\\\/index.php\\\/2022\\\/08\\\/06\\\/nastupi-psihomodo-popa-i-orthodox-celtsa-obiljezili-prvu-vecer-mostar-summer-festa\\\/#primaryimage\"},\"image\":{\"@id\":\"https:\\\/\\\/radioljubuski.ba\\\/index.php\\\/2022\\\/08\\\/06\\\/nastupi-psihomodo-popa-i-orthodox-celtsa-obiljezili-prvu-vecer-mostar-summer-festa\\\/#primaryimage\"},\"thumbnailUrl\":\"https:\\\/\\\/radioljubuski.ba\\\/wp-content\\\/uploads\\\/2022\\\/08\\\/3-2022-08-05-14-24-33-l_9f8ecdcfa6ebb49b530f0379c7407c5f.jpg\",\"datePublished\":\"2022-08-06T12:48:26+00:00\",\"dateModified\":\"2022-08-06T12:48:27+00:00\",\"breadcrumb\":{\"@id\":\"https:\\\/\\\/radioljubuski.ba\\\/index.php\\\/2022\\\/08\\\/06\\\/nastupi-psihomodo-popa-i-orthodox-celtsa-obiljezili-prvu-vecer-mostar-summer-festa\\\/#breadcrumb\"},\"inLanguage\":\"hr\",\"potentialAction\":[{\"@type\":\"ReadAction\",\"target\":[\"https:\\\/\\\/radioljubuski.ba\\\/index.php\\\/2022\\\/08\\\/06\\\/nastupi-psihomodo-popa-i-orthodox-celtsa-obiljezili-prvu-vecer-mostar-summer-festa\\\/\"]}]},{\"@type\":\"ImageObject\",\"inLanguage\":\"hr\",\"@id\":\"https:\\\/\\\/radioljubuski.ba\\\/index.php\\\/2022\\\/08\\\/06\\\/nastupi-psihomodo-popa-i-orthodox-celtsa-obiljezili-prvu-vecer-mostar-summer-festa\\\/#primaryimage\",\"url\":\"https:\\\/\\\/radioljubuski.ba\\\/wp-content\\\/uploads\\\/2022\\\/08\\\/3-2022-08-05-14-24-33-l_9f8ecdcfa6ebb49b530f0379c7407c5f.jpg\",\"contentUrl\":\"https:\\\/\\\/radioljubuski.ba\\\/wp-content\\\/uploads\\\/2022\\\/08\\\/3-2022-08-05-14-24-33-l_9f8ecdcfa6ebb49b530f0379c7407c5f.jpg\",\"width\":1000,\"height\":625},{\"@type\":\"BreadcrumbList\",\"@id\":\"https:\\\/\\\/radioljubuski.ba\\\/index.php\\\/2022\\\/08\\\/06\\\/nastupi-psihomodo-popa-i-orthodox-celtsa-obiljezili-prvu-vecer-mostar-summer-festa\\\/#breadcrumb\",\"itemListElement\":[{\"@type\":\"ListItem\",\"position\":1,\"name\":\"Po\u010detna stranica\",\"item\":\"https:\\\/\\\/radioljubuski.ba\\\/\"},{\"@type\":\"ListItem\",\"position\":2,\"name\":\"Nastupi Psihomodo Popa i Orthodox Celtsa obilje\u017eili prvu ve\u010der Mostar Summer Festa\"}]},{\"@type\":\"WebSite\",\"@id\":\"https:\\\/\\\/radioljubuski.ba\\\/#website\",\"url\":\"https:\\\/\\\/radioljubuski.ba\\\/\",\"name\":\"Radio Ljubu\u0161ki\",\"description\":\"Sun\u010dana frekvencija Hercegovine\",\"publisher\":{\"@id\":\"https:\\\/\\\/radioljubuski.ba\\\/#organization\"},\"potentialAction\":[{\"@type\":\"SearchAction\",\"target\":{\"@type\":\"EntryPoint\",\"urlTemplate\":\"https:\\\/\\\/radioljubuski.ba\\\/?s={search_term_string}\"},\"query-input\":{\"@type\":\"PropertyValueSpecification\",\"valueRequired\":true,\"valueName\":\"search_term_string\"}}],\"inLanguage\":\"hr\"},{\"@type\":\"Organization\",\"@id\":\"https:\\\/\\\/radioljubuski.ba\\\/#organization\",\"name\":\"Radio Ljubu\u0161ki\",\"url\":\"https:\\\/\\\/radioljubuski.ba\\\/\",\"logo\":{\"@type\":\"ImageObject\",\"inLanguage\":\"hr\",\"@id\":\"https:\\\/\\\/radioljubuski.ba\\\/#\\\/schema\\\/logo\\\/image\\\/\",\"url\":\"https:\\\/\\\/radioljubuski.ba\\\/wp-content\\\/uploads\\\/2021\\\/02\\\/cropped-Radio_Ljubuski_logo1.jpg\",\"contentUrl\":\"https:\\\/\\\/radioljubuski.ba\\\/wp-content\\\/uploads\\\/2021\\\/02\\\/cropped-Radio_Ljubuski_logo1.jpg\",\"width\":512,\"height\":512,\"caption\":\"Radio Ljubu\u0161ki\"},\"image\":{\"@id\":\"https:\\\/\\\/radioljubuski.ba\\\/#\\\/schema\\\/logo\\\/image\\\/\"},\"sameAs\":[\"https:\\\/\\\/www.facebook.com\\\/Radiio-Ljubuski-1490835324566332\",\"https:\\\/\\\/x.com\\\/radioljubuski\",\"https:\\\/\\\/hr.linkedin.com\\\/company\\\/radio-ljubuski\",\"https:\\\/\\\/www.youtube.com\\\/channel\\\/UCHYaeO_n0Db3tjNGudGpXyw\"]},{\"@type\":\"Person\",\"@id\":\"https:\\\/\\\/radioljubuski.ba\\\/#\\\/schema\\\/person\\\/19fc700381a780f69665d7956c469e3b\",\"name\":\"Radio Ljubu\u0161ki\"}]}<\/script>\n<!-- \/ Yoast SEO plugin. -->","yoast_head_json":{"title":"Nastupi Psihomodo Popa i Orthodox Celtsa obilje\u017eili prvu ve\u010der Mostar Summer Festa - RADIO LJUBU\u0160KI","robots":{"index":"index","follow":"follow","max-snippet":"max-snippet:-1","max-image-preview":"max-image-preview:large","max-video-preview":"max-video-preview:-1"},"canonical":"https:\/\/radioljubuski.ba\/index.php\/2022\/08\/06\/nastupi-psihomodo-popa-i-orthodox-celtsa-obiljezili-prvu-vecer-mostar-summer-festa\/","og_locale":"hr_HR","og_type":"article","og_title":"Nastupi Psihomodo Popa i Orthodox Celtsa obilje\u017eili prvu ve\u010der Mostar Summer Festa - RADIO LJUBU\u0160KI","og_description":"Tisu\u0107e posjetitelja nazo\u010dilo je preksino\u0107 prvoj ve\u010deri 10. jubilarnog Mostar Summer Festa. &#8220;Prva ve\u010der bila je vru\u0107a, vibrantna, a glazba je opet postala jezik me\u0111usobnog razumijevanja, empatije i ljubavi dok je sre\u0107a isijavala iz svakog kutka Kantarevca&#8221;, priop\u0107ili su organizatori u petak. Dodaju kako je prvo festivalsko ve\u010der po\u010delo &#8220;gitarski jako&#8221;, kada su svojim modernim [&hellip;]","og_url":"https:\/\/radioljubuski.ba\/index.php\/2022\/08\/06\/nastupi-psihomodo-popa-i-orthodox-celtsa-obiljezili-prvu-vecer-mostar-summer-festa\/","og_site_name":"RADIO LJUBU\u0160KI","article_publisher":"https:\/\/www.facebook.com\/Radiio-Ljubuski-1490835324566332","article_published_time":"2022-08-06T12:48:26+00:00","article_modified_time":"2022-08-06T12:48:27+00:00","og_image":[{"width":1000,"height":625,"url":"https:\/\/radioljubuski.ba\/wp-content\/uploads\/2022\/08\/3-2022-08-05-14-24-33-l_9f8ecdcfa6ebb49b530f0379c7407c5f.jpg","type":"image\/jpeg"}],"author":"Radio Ljubu\u0161ki","twitter_card":"summary_large_image","twitter_creator":"@radioljubuski","twitter_site":"@radioljubuski","twitter_misc":{"Napisao\/la":"Radio Ljubu\u0161ki","Procijenjeno vrijeme \u010ditanja":"2 minute"},"schema":{"@context":"https:\/\/schema.org","@graph":[{"@type":"Article","@id":"https:\/\/radioljubuski.ba\/index.php\/2022\/08\/06\/nastupi-psihomodo-popa-i-orthodox-celtsa-obiljezili-prvu-vecer-mostar-summer-festa\/#article","isPartOf":{"@id":"https:\/\/radioljubuski.ba\/index.php\/2022\/08\/06\/nastupi-psihomodo-popa-i-orthodox-celtsa-obiljezili-prvu-vecer-mostar-summer-festa\/"},"author":{"name":"Radio Ljubu\u0161ki","@id":"https:\/\/radioljubuski.ba\/#\/schema\/person\/19fc700381a780f69665d7956c469e3b"},"headline":"Nastupi Psihomodo Popa i Orthodox Celtsa obilje\u017eili prvu ve\u010der Mostar Summer Festa","datePublished":"2022-08-06T12:48:26+00:00","dateModified":"2022-08-06T12:48:27+00:00","mainEntityOfPage":{"@id":"https:\/\/radioljubuski.ba\/index.php\/2022\/08\/06\/nastupi-psihomodo-popa-i-orthodox-celtsa-obiljezili-prvu-vecer-mostar-summer-festa\/"},"wordCount":503,"publisher":{"@id":"https:\/\/radioljubuski.ba\/#organization"},"image":{"@id":"https:\/\/radioljubuski.ba\/index.php\/2022\/08\/06\/nastupi-psihomodo-popa-i-orthodox-celtsa-obiljezili-prvu-vecer-mostar-summer-festa\/#primaryimage"},"thumbnailUrl":"https:\/\/radioljubuski.ba\/wp-content\/uploads\/2022\/08\/3-2022-08-05-14-24-33-l_9f8ecdcfa6ebb49b530f0379c7407c5f.jpg","articleSection":["BIH i regija"],"inLanguage":"hr"},{"@type":"WebPage","@id":"https:\/\/radioljubuski.ba\/index.php\/2022\/08\/06\/nastupi-psihomodo-popa-i-orthodox-celtsa-obiljezili-prvu-vecer-mostar-summer-festa\/","url":"https:\/\/radioljubuski.ba\/index.php\/2022\/08\/06\/nastupi-psihomodo-popa-i-orthodox-celtsa-obiljezili-prvu-vecer-mostar-summer-festa\/","name":"Nastupi Psihomodo Popa i Orthodox Celtsa obilje\u017eili prvu ve\u010der Mostar Summer Festa - RADIO LJUBU\u0160KI","isPartOf":{"@id":"https:\/\/radioljubuski.ba\/#website"},"primaryImageOfPage":{"@id":"https:\/\/radioljubuski.ba\/index.php\/2022\/08\/06\/nastupi-psihomodo-popa-i-orthodox-celtsa-obiljezili-prvu-vecer-mostar-summer-festa\/#primaryimage"},"image":{"@id":"https:\/\/radioljubuski.ba\/index.php\/2022\/08\/06\/nastupi-psihomodo-popa-i-orthodox-celtsa-obiljezili-prvu-vecer-mostar-summer-festa\/#primaryimage"},"thumbnailUrl":"https:\/\/radioljubuski.ba\/wp-content\/uploads\/2022\/08\/3-2022-08-05-14-24-33-l_9f8ecdcfa6ebb49b530f0379c7407c5f.jpg","datePublished":"2022-08-06T12:48:26+00:00","dateModified":"2022-08-06T12:48:27+00:00","breadcrumb":{"@id":"https:\/\/radioljubuski.ba\/index.php\/2022\/08\/06\/nastupi-psihomodo-popa-i-orthodox-celtsa-obiljezili-prvu-vecer-mostar-summer-festa\/#breadcrumb"},"inLanguage":"hr","potentialAction":[{"@type":"ReadAction","target":["https:\/\/radioljubuski.ba\/index.php\/2022\/08\/06\/nastupi-psihomodo-popa-i-orthodox-celtsa-obiljezili-prvu-vecer-mostar-summer-festa\/"]}]},{"@type":"ImageObject","inLanguage":"hr","@id":"https:\/\/radioljubuski.ba\/index.php\/2022\/08\/06\/nastupi-psihomodo-popa-i-orthodox-celtsa-obiljezili-prvu-vecer-mostar-summer-festa\/#primaryimage","url":"https:\/\/radioljubuski.ba\/wp-content\/uploads\/2022\/08\/3-2022-08-05-14-24-33-l_9f8ecdcfa6ebb49b530f0379c7407c5f.jpg","contentUrl":"https:\/\/radioljubuski.ba\/wp-content\/uploads\/2022\/08\/3-2022-08-05-14-24-33-l_9f8ecdcfa6ebb49b530f0379c7407c5f.jpg","width":1000,"height":625},{"@type":"BreadcrumbList","@id":"https:\/\/radioljubuski.ba\/index.php\/2022\/08\/06\/nastupi-psihomodo-popa-i-orthodox-celtsa-obiljezili-prvu-vecer-mostar-summer-festa\/#breadcrumb","itemListElement":[{"@type":"ListItem","position":1,"name":"Po\u010detna stranica","item":"https:\/\/radioljubuski.ba\/"},{"@type":"ListItem","position":2,"name":"Nastupi Psihomodo Popa i Orthodox Celtsa obilje\u017eili prvu ve\u010der Mostar Summer Festa"}]},{"@type":"WebSite","@id":"https:\/\/radioljubuski.ba\/#website","url":"https:\/\/radioljubuski.ba\/","name":"Radio Ljubu\u0161ki","description":"Sun\u010dana frekvencija Hercegovine","publisher":{"@id":"https:\/\/radioljubuski.ba\/#organization"},"potentialAction":[{"@type":"SearchAction","target":{"@type":"EntryPoint","urlTemplate":"https:\/\/radioljubuski.ba\/?s={search_term_string}"},"query-input":{"@type":"PropertyValueSpecification","valueRequired":true,"valueName":"search_term_string"}}],"inLanguage":"hr"},{"@type":"Organization","@id":"https:\/\/radioljubuski.ba\/#organization","name":"Radio Ljubu\u0161ki","url":"https:\/\/radioljubuski.ba\/","logo":{"@type":"ImageObject","inLanguage":"hr","@id":"https:\/\/radioljubuski.ba\/#\/schema\/logo\/image\/","url":"https:\/\/radioljubuski.ba\/wp-content\/uploads\/2021\/02\/cropped-Radio_Ljubuski_logo1.jpg","contentUrl":"https:\/\/radioljubuski.ba\/wp-content\/uploads\/2021\/02\/cropped-Radio_Ljubuski_logo1.jpg","width":512,"height":512,"caption":"Radio Ljubu\u0161ki"},"image":{"@id":"https:\/\/radioljubuski.ba\/#\/schema\/logo\/image\/"},"sameAs":["https:\/\/www.facebook.com\/Radiio-Ljubuski-1490835324566332","https:\/\/x.com\/radioljubuski","https:\/\/hr.linkedin.com\/company\/radio-ljubuski","https:\/\/www.youtube.com\/channel\/UCHYaeO_n0Db3tjNGudGpXyw"]},{"@type":"Person","@id":"https:\/\/radioljubuski.ba\/#\/schema\/person\/19fc700381a780f69665d7956c469e3b","name":"Radio Ljubu\u0161ki"}]}},"_links":{"self":[{"href":"https:\/\/radioljubuski.ba\/index.php\/wp-json\/wp\/v2\/posts\/167006","targetHints":{"allow":["GET"]}}],"collection":[{"href":"https:\/\/radioljubuski.ba\/index.php\/wp-json\/wp\/v2\/posts"}],"about":[{"href":"https:\/\/radioljubuski.ba\/index.php\/wp-json\/wp\/v2\/types\/post"}],"author":[{"embeddable":true,"href":"https:\/\/radioljubuski.ba\/index.php\/wp-json\/wp\/v2\/users\/2"}],"replies":[{"embeddable":true,"href":"https:\/\/radioljubuski.ba\/index.php\/wp-json\/wp\/v2\/comments?post=167006"}],"version-history":[{"count":1,"href":"https:\/\/radioljubuski.ba\/index.php\/wp-json\/wp\/v2\/posts\/167006\/revisions"}],"predecessor-version":[{"id":167008,"href":"https:\/\/radioljubuski.ba\/index.php\/wp-json\/wp\/v2\/posts\/167006\/revisions\/167008"}],"wp:featuredmedia":[{"embeddable":true,"href":"https:\/\/radioljubuski.ba\/index.php\/wp-json\/wp\/v2\/media\/167007"}],"wp:attachment":[{"href":"https:\/\/radioljubuski.ba\/index.php\/wp-json\/wp\/v2\/media?parent=167006"}],"wp:term":[{"taxonomy":"category","embeddable":true,"href":"https:\/\/radioljubuski.ba\/index.php\/wp-json\/wp\/v2\/categories?post=167006"},{"taxonomy":"post_tag","embeddable":true,"href":"https:\/\/radioljubuski.ba\/index.php\/wp-json\/wp\/v2\/tags?post=167006"}],"curies":[{"name":"wp","href":"https:\/\/api.w.org\/{rel}","templated":true}]}}