{"id":16703,"date":"2021-04-27T12:27:49","date_gmt":"2021-04-27T11:27:49","guid":{"rendered":"https:\/\/radioljubuski.ba\/?p=16703"},"modified":"2021-04-27T12:27:49","modified_gmt":"2021-04-27T11:27:49","slug":"u-mrezi-prvog-o-smrti-djevojcice-i-najavljenoj-reformi","status":"publish","type":"post","link":"https:\/\/radioljubuski.ba\/index.php\/2021\/04\/27\/u-mrezi-prvog-o-smrti-djevojcice-i-najavljenoj-reformi\/","title":{"rendered":"U mre\u017ei Prvog: O smrti djevoj\u010dice i najavljenoj reformi"},"content":{"rendered":"\n<p>Tragi\u010dna smrt djevoj\u010dice iz Nove Gradi\u0161ke otvorila je niz pitanja o funkcioniranju sustava socijalne skrbi i pokrenula promjene. Ministar Josip Aladrovi\u0107 rekao je da \u0107e o odgovornosti za propust odlu\u010diti DORH. O tome se raspravljalo u emisiji &#8220;U mre\u017ei Prvog&#8221; .<\/p>\n\n\n\n<p>Tragi\u010dna smrt djevoj\u010dice iz Nove Gradi\u0161ke pokrenula je promjene u sustavu socijalne skrbi. Ministar je najavio reformu &#8211; \u0161to \u0107e ona donijeti sustavu? Ho\u0107e li nova zapo\u0161ljavanja i \u010de\u0161\u0107i nadzori sprije\u010diti tragedije? \u0160to \u0107e sustavu socijalne skrbi donijeti osnivanje Zavoda? Kako senzibilizirati obitelji za udomljavanje? Ho\u0107e li s relaksiranjem kriterija opasti i kvaliteta udomitelja?<br><br>U emisiji &#8220;U mre\u017ei Prvog&#8221; gostovali su savjetnica ministra socijalne politike <strong>Zvjezdana Bogdanovi\u0107<\/strong>, predsjednik Komore socijalnih radnika<strong> Antun Ilija\u0161<\/strong> i predsjednica Foruma za kvalitetno udomiteljstvo djece <strong>Dubravka \u010corda\u0161ev<\/strong>.<\/p>\n\n\n\n<iframe loading=\"lazy\" src=\"https:\/\/www.facebook.com\/plugins\/video.php?height=314&#038;href=https%3A%2F%2Fwww.facebook.com%2Fprviprogramradija%2Fvideos%2F1164788110601667%2F&#038;show_text=false&#038;width=560\" width=\"560\" height=\"314\" style=\"border:none;overflow:hidden\" scrolling=\"no\" frameborder=\"0\" allowfullscreen=\"true\" allow=\"autoplay; clipboard-write; encrypted-media; picture-in-picture; web-share\" allowFullScreen=\"true\"><\/iframe>\n\n\n\n<p>&nbsp;Na po\u010detku je Bogdanovi\u0107 pojasnila na koji su na\u010din pripremljene reforme.&nbsp;<br><br>&#8211; U samom ministarstvu postoje stru\u010dnjaci, koji su dugi niz godina radili u sustavu socijalne skrbi, u centrima za socijalnu skrb, ali da ih mogu strukturirati u ne\u0161to \u0161to je potrebno promijeniti:<br><br>Akcijski plan je samo dio onoga \u0161to je pokrenuto nakon ovog velikog tragi\u010dnog doga\u0111aja u Novoj Gradi\u0161ci. &gt;<br><br>&#8211; Ovo nije lako pro\u017eivljavati, ovakav lin\u010d je izuzetno te\u017eak svima. U reformu smo krenuli i puno prije, ona se razra\u0111uje ve\u0107 dosta dugo. Nadamo se da \u0107emo na najmanju mogu\u0107u mjeru smanjiti ovakve doga\u0111aje. Te\u0161ko se mo\u017ee do kraja zaustaviti pona\u0161anje u nekim obiteljima, dodaje.<br><br><strong>Ilija\u0161: Ignorantski stil Ministarstva<\/strong><br><br>\u0160to se ti\u010de tragedije u Novoj Gradi\u0161ci Bogdanovi\u0107 je dodala da je mo\u017eda trebalo i ranije pokrenuti proces oduzimanja djeteta roditeljima, a \u0161to nije u\u010dinjeno.&nbsp;<br><br>&#8211; Roditelji su cijelu situaciju poku\u0161avali cijelo vrijeme prokazati kao puno pozitivniju nego \u0161to je to ona bila, a \u0161to se na kraju pokazalo da je zavr\u0161ilo tragedijom.&nbsp;<br><br>Antun Ilija\u0161, predsjednik Komore socijalnih radnika, rekao je da nije siguran da li reforme idu u dobrom smjeru.<br><br>&#8211; Ministarstvo i dalje istu politiku odnosa prema struci, a to je ne fer ignorantski stil. Ne sudjelujemo u kreiranju dokumenata, kao jesmo za stolom, a zapravo nismo. To nam se doga\u0111a ve\u0107 30 godina, ne uva\u017eava se ono \u0161to mi zapravo tra\u017eimo. Ovo nije iznimka, ovo je o\u010dito pravilo ovo \u0161to imamo zadnjih 30 godina.<\/p>\n\n\n\n<p>Ilija\u0161 dodaje da se ne radi o nikakvom smanjenju ovlasti, ili o smanjenju opsega rada.<br><br>&#8211; Mi \u0107emo pove\u0107ati broj stru\u010dnjaka u sustavu socijalne skrbi, replicira Bogdanovi\u0107 dodaju\u0107i da je u razdoblju od 2016. do 2020. godine zaposleno novih 114 radnika u socijalne skrbi.<br><br>Antun Ilija\u0161 dodaje da nema nikakvog zapo\u0161ljavanja, a da je osnovni problem &#8211; problema prostora.&nbsp;<br><br>&#8211; Tri se godina pregovara da se smanje ovlasti, a ni\u0161ta nije ispregovaramo. \u0160to \u0107emo dobiti s novih 150 ljudi? Ne\u0107emo dobiti smanjenje opsega posla.&nbsp;<br><br><strong>\u010corda\u0161ev: Stanje na terenu jako te\u0161ko<\/strong><br><br>Predsjednica Foruma za kvalitetno udomiteljstvo djece Dubravka \u010corda\u0161ev ka\u017ee da je njima jako bitno da se s reformom krene.&nbsp;<br><br>&#8211; Da se ipak ne\u0161to poduzme, sami kao udomitelji ukazujemo da je na terenu stanje jako te\u0161ko. Te\u0161ko nam se izboriti za djecu, \u010dinjenica jest da su Centri za socijalnu skrb prekapacitirani. Nadamo se da \u0107e u ovom Zakonu, barem u tom smjeru ne\u0161to promijeniit.&nbsp;<br><br>\u010corda\u0161ev poja\u0161anjava da se svake godine odre\u0111uju mjere i analizira se jesu li se stekli uvjeti da se neko dijete vrati u obitelj. Centar vr\u0161i uvide u udomiteljskim obiteljima, ali na kraju sudovi odlu\u010duju vra\u0107aju li se djeca ili ne u svoje biolo\u0161ke obitelji.&nbsp;<br><br>&#8211; Mi u ovom trenutku samo slu\u0161amo tko je kriv, tko je kriv. Nitko se ne osvr\u0107e na to s koliko napora, ljubavi, optimizma i odgovornosti struka obavlja svoj posao. Najve\u0107i broj ljudi svoj posao obavlja s puno odgovornosti, velika srca i vrlo profesionalno, ovom se prilikom njima \u017eelim zahvaliti. Oni zaslu\u017euju da budu cijenjeni u ovom dru\u0161tvu, dodaje Bogdanovi\u0107.&nbsp;<br><br>Ministarstvo je postupilo kako je trebalo postupiti po svojoj nadle\u017enosti u slu\u010daju smrti djevoj\u010dice u Novoj Gradi\u0161ci.<br><br>&#8211; Nalazi Komora te Ministarstva upu\u0107ujemo \u017eupanijskom DORH-u u Slavonskom Brodu, a oni \u0107e odlu\u010divati ho\u0107e li se nekoga kazneno goniti ili ne\u0107e, dodaje Bogdanovi\u0107.&nbsp;<br><br>\u010corda\u0161ev ponovno nagla\u0161ava da su udomitelji prekapacitirani te da se mali broj mladih ljudi odlu\u010duje postati udomiteljom jer je to vrlo zahtjevno.&nbsp;<br><br>&#8211; Radi se o brizi i skrbi za dijete 24 sata dnevno. Biti udomitelj je jako te\u0161ko, to je velika odgovornost. Udomitelj koji se ba\u0161 zbog materijalnih sredstava time bavi, vrlo se brzo odustaje. Radi se o 24 sata dnevno i 365 dana u godini. Udomitelji su posebni ljudi, otvorili su svoje srce i vi\u0161e rade humanitarno.&nbsp;<br><br>Bogdanovi\u0107 je odgovorila i na pitanje o pove\u0107anju naknade i opskrbnina.<br><br>&#8211; Dat \u0107emo sve od sebe da podignemo \u0161to je mogu\u0107e vi\u0161e, da probamo podi\u0107i do razine u statusu roditelja njegovatelja. Te\u0161ko je govoriti o to\u010dnim iznosima, ali tendencija jest da nagradimo rad udomitelja.&nbsp;<\/p>\n\n\n\n<p>Izvor:hrt.hr<\/p>\n","protected":false},"excerpt":{"rendered":"<p>Tragi\u010dna smrt djevoj\u010dice iz Nove Gradi\u0161ke otvorila je niz pitanja o funkcioniranju sustava socijalne skrbi i pokrenula promjene. Ministar Josip Aladrovi\u0107 rekao je da \u0107e o odgovornosti za propust odlu\u010diti DORH. O tome se raspravljalo u emisiji &#8220;U mre\u017ei Prvog&#8221; . Tragi\u010dna smrt djevoj\u010dice iz Nove Gradi\u0161ke pokrenula je promjene u sustavu socijalne skrbi. Ministar [&hellip;]<\/p>\n","protected":false},"author":2,"featured_media":16704,"comment_status":"closed","ping_status":"closed","sticky":false,"template":"","format":"standard","meta":{"h5ap_radio_sources":[],"footnotes":""},"categories":[1],"tags":[],"class_list":["post-16703","post","type-post","status-publish","format-standard","has-post-thumbnail","hentry","category-bihiregija"],"yoast_head":"<!-- This site is optimized with the Yoast SEO plugin v27.4 - https:\/\/yoast.com\/product\/yoast-seo-wordpress\/ -->\n<title>U mre\u017ei Prvog: O smrti djevoj\u010dice i najavljenoj reformi - RADIO LJUBU\u0160KI<\/title>\n<meta name=\"robots\" content=\"index, follow, max-snippet:-1, max-image-preview:large, max-video-preview:-1\" \/>\n<link rel=\"canonical\" href=\"https:\/\/radioljubuski.ba\/index.php\/2021\/04\/27\/u-mrezi-prvog-o-smrti-djevojcice-i-najavljenoj-reformi\/\" \/>\n<meta property=\"og:locale\" content=\"hr_HR\" \/>\n<meta property=\"og:type\" content=\"article\" \/>\n<meta property=\"og:title\" content=\"U mre\u017ei Prvog: O smrti djevoj\u010dice i najavljenoj reformi - RADIO LJUBU\u0160KI\" \/>\n<meta property=\"og:description\" content=\"Tragi\u010dna smrt djevoj\u010dice iz Nove Gradi\u0161ke otvorila je niz pitanja o funkcioniranju sustava socijalne skrbi i pokrenula promjene. Ministar Josip Aladrovi\u0107 rekao je da \u0107e o odgovornosti za propust odlu\u010diti DORH. O tome se raspravljalo u emisiji &#8220;U mre\u017ei Prvog&#8221; . Tragi\u010dna smrt djevoj\u010dice iz Nove Gradi\u0161ke pokrenula je promjene u sustavu socijalne skrbi. Ministar [&hellip;]\" \/>\n<meta property=\"og:url\" content=\"https:\/\/radioljubuski.ba\/index.php\/2021\/04\/27\/u-mrezi-prvog-o-smrti-djevojcice-i-najavljenoj-reformi\/\" \/>\n<meta property=\"og:site_name\" content=\"RADIO LJUBU\u0160KI\" \/>\n<meta property=\"article:publisher\" content=\"https:\/\/www.facebook.com\/Radiio-Ljubuski-1490835324566332\" \/>\n<meta property=\"article:published_time\" content=\"2021-04-27T11:27:49+00:00\" \/>\n<meta property=\"og:image\" content=\"https:\/\/radioljubuski.ba\/wp-content\/uploads\/2021\/04\/740x438-u-mrezi-prvog-frame-8271-20210427060050.png\" \/>\n\t<meta property=\"og:image:width\" content=\"740\" \/>\n\t<meta property=\"og:image:height\" content=\"438\" \/>\n\t<meta property=\"og:image:type\" content=\"image\/png\" \/>\n<meta name=\"author\" content=\"Radio Ljubu\u0161ki\" \/>\n<meta name=\"twitter:card\" content=\"summary_large_image\" \/>\n<meta name=\"twitter:creator\" content=\"@radioljubuski\" \/>\n<meta name=\"twitter:site\" content=\"@radioljubuski\" \/>\n<meta name=\"twitter:label1\" content=\"Napisao\/la\" \/>\n\t<meta name=\"twitter:data1\" content=\"Radio Ljubu\u0161ki\" \/>\n\t<meta name=\"twitter:label2\" content=\"Procijenjeno vrijeme \u010ditanja\" \/>\n\t<meta name=\"twitter:data2\" content=\"4 minute\" \/>\n<script type=\"application\/ld+json\" class=\"yoast-schema-graph\">{\"@context\":\"https:\\\/\\\/schema.org\",\"@graph\":[{\"@type\":\"Article\",\"@id\":\"https:\\\/\\\/radioljubuski.ba\\\/index.php\\\/2021\\\/04\\\/27\\\/u-mrezi-prvog-o-smrti-djevojcice-i-najavljenoj-reformi\\\/#article\",\"isPartOf\":{\"@id\":\"https:\\\/\\\/radioljubuski.ba\\\/index.php\\\/2021\\\/04\\\/27\\\/u-mrezi-prvog-o-smrti-djevojcice-i-najavljenoj-reformi\\\/\"},\"author\":{\"name\":\"Radio Ljubu\u0161ki\",\"@id\":\"https:\\\/\\\/radioljubuski.ba\\\/#\\\/schema\\\/person\\\/19fc700381a780f69665d7956c469e3b\"},\"headline\":\"U mre\u017ei Prvog: O smrti djevoj\u010dice i najavljenoj reformi\",\"datePublished\":\"2021-04-27T11:27:49+00:00\",\"mainEntityOfPage\":{\"@id\":\"https:\\\/\\\/radioljubuski.ba\\\/index.php\\\/2021\\\/04\\\/27\\\/u-mrezi-prvog-o-smrti-djevojcice-i-najavljenoj-reformi\\\/\"},\"wordCount\":888,\"publisher\":{\"@id\":\"https:\\\/\\\/radioljubuski.ba\\\/#organization\"},\"image\":{\"@id\":\"https:\\\/\\\/radioljubuski.ba\\\/index.php\\\/2021\\\/04\\\/27\\\/u-mrezi-prvog-o-smrti-djevojcice-i-najavljenoj-reformi\\\/#primaryimage\"},\"thumbnailUrl\":\"https:\\\/\\\/radioljubuski.ba\\\/wp-content\\\/uploads\\\/2021\\\/04\\\/740x438-u-mrezi-prvog-frame-8271-20210427060050.png\",\"articleSection\":[\"BIH i regija\"],\"inLanguage\":\"hr\"},{\"@type\":\"WebPage\",\"@id\":\"https:\\\/\\\/radioljubuski.ba\\\/index.php\\\/2021\\\/04\\\/27\\\/u-mrezi-prvog-o-smrti-djevojcice-i-najavljenoj-reformi\\\/\",\"url\":\"https:\\\/\\\/radioljubuski.ba\\\/index.php\\\/2021\\\/04\\\/27\\\/u-mrezi-prvog-o-smrti-djevojcice-i-najavljenoj-reformi\\\/\",\"name\":\"U mre\u017ei Prvog: O smrti djevoj\u010dice i najavljenoj reformi - RADIO LJUBU\u0160KI\",\"isPartOf\":{\"@id\":\"https:\\\/\\\/radioljubuski.ba\\\/#website\"},\"primaryImageOfPage\":{\"@id\":\"https:\\\/\\\/radioljubuski.ba\\\/index.php\\\/2021\\\/04\\\/27\\\/u-mrezi-prvog-o-smrti-djevojcice-i-najavljenoj-reformi\\\/#primaryimage\"},\"image\":{\"@id\":\"https:\\\/\\\/radioljubuski.ba\\\/index.php\\\/2021\\\/04\\\/27\\\/u-mrezi-prvog-o-smrti-djevojcice-i-najavljenoj-reformi\\\/#primaryimage\"},\"thumbnailUrl\":\"https:\\\/\\\/radioljubuski.ba\\\/wp-content\\\/uploads\\\/2021\\\/04\\\/740x438-u-mrezi-prvog-frame-8271-20210427060050.png\",\"datePublished\":\"2021-04-27T11:27:49+00:00\",\"breadcrumb\":{\"@id\":\"https:\\\/\\\/radioljubuski.ba\\\/index.php\\\/2021\\\/04\\\/27\\\/u-mrezi-prvog-o-smrti-djevojcice-i-najavljenoj-reformi\\\/#breadcrumb\"},\"inLanguage\":\"hr\",\"potentialAction\":[{\"@type\":\"ReadAction\",\"target\":[\"https:\\\/\\\/radioljubuski.ba\\\/index.php\\\/2021\\\/04\\\/27\\\/u-mrezi-prvog-o-smrti-djevojcice-i-najavljenoj-reformi\\\/\"]}]},{\"@type\":\"ImageObject\",\"inLanguage\":\"hr\",\"@id\":\"https:\\\/\\\/radioljubuski.ba\\\/index.php\\\/2021\\\/04\\\/27\\\/u-mrezi-prvog-o-smrti-djevojcice-i-najavljenoj-reformi\\\/#primaryimage\",\"url\":\"https:\\\/\\\/radioljubuski.ba\\\/wp-content\\\/uploads\\\/2021\\\/04\\\/740x438-u-mrezi-prvog-frame-8271-20210427060050.png\",\"contentUrl\":\"https:\\\/\\\/radioljubuski.ba\\\/wp-content\\\/uploads\\\/2021\\\/04\\\/740x438-u-mrezi-prvog-frame-8271-20210427060050.png\",\"width\":740,\"height\":438},{\"@type\":\"BreadcrumbList\",\"@id\":\"https:\\\/\\\/radioljubuski.ba\\\/index.php\\\/2021\\\/04\\\/27\\\/u-mrezi-prvog-o-smrti-djevojcice-i-najavljenoj-reformi\\\/#breadcrumb\",\"itemListElement\":[{\"@type\":\"ListItem\",\"position\":1,\"name\":\"Po\u010detna stranica\",\"item\":\"https:\\\/\\\/radioljubuski.ba\\\/\"},{\"@type\":\"ListItem\",\"position\":2,\"name\":\"U mre\u017ei Prvog: O smrti djevoj\u010dice i najavljenoj reformi\"}]},{\"@type\":\"WebSite\",\"@id\":\"https:\\\/\\\/radioljubuski.ba\\\/#website\",\"url\":\"https:\\\/\\\/radioljubuski.ba\\\/\",\"name\":\"Radio Ljubu\u0161ki\",\"description\":\"Sun\u010dana frekvencija Hercegovine\",\"publisher\":{\"@id\":\"https:\\\/\\\/radioljubuski.ba\\\/#organization\"},\"potentialAction\":[{\"@type\":\"SearchAction\",\"target\":{\"@type\":\"EntryPoint\",\"urlTemplate\":\"https:\\\/\\\/radioljubuski.ba\\\/?s={search_term_string}\"},\"query-input\":{\"@type\":\"PropertyValueSpecification\",\"valueRequired\":true,\"valueName\":\"search_term_string\"}}],\"inLanguage\":\"hr\"},{\"@type\":\"Organization\",\"@id\":\"https:\\\/\\\/radioljubuski.ba\\\/#organization\",\"name\":\"Radio Ljubu\u0161ki\",\"url\":\"https:\\\/\\\/radioljubuski.ba\\\/\",\"logo\":{\"@type\":\"ImageObject\",\"inLanguage\":\"hr\",\"@id\":\"https:\\\/\\\/radioljubuski.ba\\\/#\\\/schema\\\/logo\\\/image\\\/\",\"url\":\"https:\\\/\\\/radioljubuski.ba\\\/wp-content\\\/uploads\\\/2021\\\/02\\\/cropped-Radio_Ljubuski_logo1.jpg\",\"contentUrl\":\"https:\\\/\\\/radioljubuski.ba\\\/wp-content\\\/uploads\\\/2021\\\/02\\\/cropped-Radio_Ljubuski_logo1.jpg\",\"width\":512,\"height\":512,\"caption\":\"Radio Ljubu\u0161ki\"},\"image\":{\"@id\":\"https:\\\/\\\/radioljubuski.ba\\\/#\\\/schema\\\/logo\\\/image\\\/\"},\"sameAs\":[\"https:\\\/\\\/www.facebook.com\\\/Radiio-Ljubuski-1490835324566332\",\"https:\\\/\\\/x.com\\\/radioljubuski\",\"https:\\\/\\\/hr.linkedin.com\\\/company\\\/radio-ljubuski\",\"https:\\\/\\\/www.youtube.com\\\/channel\\\/UCHYaeO_n0Db3tjNGudGpXyw\"]},{\"@type\":\"Person\",\"@id\":\"https:\\\/\\\/radioljubuski.ba\\\/#\\\/schema\\\/person\\\/19fc700381a780f69665d7956c469e3b\",\"name\":\"Radio Ljubu\u0161ki\"}]}<\/script>\n<!-- \/ Yoast SEO plugin. -->","yoast_head_json":{"title":"U mre\u017ei Prvog: O smrti djevoj\u010dice i najavljenoj reformi - RADIO LJUBU\u0160KI","robots":{"index":"index","follow":"follow","max-snippet":"max-snippet:-1","max-image-preview":"max-image-preview:large","max-video-preview":"max-video-preview:-1"},"canonical":"https:\/\/radioljubuski.ba\/index.php\/2021\/04\/27\/u-mrezi-prvog-o-smrti-djevojcice-i-najavljenoj-reformi\/","og_locale":"hr_HR","og_type":"article","og_title":"U mre\u017ei Prvog: O smrti djevoj\u010dice i najavljenoj reformi - RADIO LJUBU\u0160KI","og_description":"Tragi\u010dna smrt djevoj\u010dice iz Nove Gradi\u0161ke otvorila je niz pitanja o funkcioniranju sustava socijalne skrbi i pokrenula promjene. Ministar Josip Aladrovi\u0107 rekao je da \u0107e o odgovornosti za propust odlu\u010diti DORH. O tome se raspravljalo u emisiji &#8220;U mre\u017ei Prvog&#8221; . Tragi\u010dna smrt djevoj\u010dice iz Nove Gradi\u0161ke pokrenula je promjene u sustavu socijalne skrbi. Ministar [&hellip;]","og_url":"https:\/\/radioljubuski.ba\/index.php\/2021\/04\/27\/u-mrezi-prvog-o-smrti-djevojcice-i-najavljenoj-reformi\/","og_site_name":"RADIO LJUBU\u0160KI","article_publisher":"https:\/\/www.facebook.com\/Radiio-Ljubuski-1490835324566332","article_published_time":"2021-04-27T11:27:49+00:00","og_image":[{"width":740,"height":438,"url":"https:\/\/radioljubuski.ba\/wp-content\/uploads\/2021\/04\/740x438-u-mrezi-prvog-frame-8271-20210427060050.png","type":"image\/png"}],"author":"Radio Ljubu\u0161ki","twitter_card":"summary_large_image","twitter_creator":"@radioljubuski","twitter_site":"@radioljubuski","twitter_misc":{"Napisao\/la":"Radio Ljubu\u0161ki","Procijenjeno vrijeme \u010ditanja":"4 minute"},"schema":{"@context":"https:\/\/schema.org","@graph":[{"@type":"Article","@id":"https:\/\/radioljubuski.ba\/index.php\/2021\/04\/27\/u-mrezi-prvog-o-smrti-djevojcice-i-najavljenoj-reformi\/#article","isPartOf":{"@id":"https:\/\/radioljubuski.ba\/index.php\/2021\/04\/27\/u-mrezi-prvog-o-smrti-djevojcice-i-najavljenoj-reformi\/"},"author":{"name":"Radio Ljubu\u0161ki","@id":"https:\/\/radioljubuski.ba\/#\/schema\/person\/19fc700381a780f69665d7956c469e3b"},"headline":"U mre\u017ei Prvog: O smrti djevoj\u010dice i najavljenoj reformi","datePublished":"2021-04-27T11:27:49+00:00","mainEntityOfPage":{"@id":"https:\/\/radioljubuski.ba\/index.php\/2021\/04\/27\/u-mrezi-prvog-o-smrti-djevojcice-i-najavljenoj-reformi\/"},"wordCount":888,"publisher":{"@id":"https:\/\/radioljubuski.ba\/#organization"},"image":{"@id":"https:\/\/radioljubuski.ba\/index.php\/2021\/04\/27\/u-mrezi-prvog-o-smrti-djevojcice-i-najavljenoj-reformi\/#primaryimage"},"thumbnailUrl":"https:\/\/radioljubuski.ba\/wp-content\/uploads\/2021\/04\/740x438-u-mrezi-prvog-frame-8271-20210427060050.png","articleSection":["BIH i regija"],"inLanguage":"hr"},{"@type":"WebPage","@id":"https:\/\/radioljubuski.ba\/index.php\/2021\/04\/27\/u-mrezi-prvog-o-smrti-djevojcice-i-najavljenoj-reformi\/","url":"https:\/\/radioljubuski.ba\/index.php\/2021\/04\/27\/u-mrezi-prvog-o-smrti-djevojcice-i-najavljenoj-reformi\/","name":"U mre\u017ei Prvog: O smrti djevoj\u010dice i najavljenoj reformi - RADIO LJUBU\u0160KI","isPartOf":{"@id":"https:\/\/radioljubuski.ba\/#website"},"primaryImageOfPage":{"@id":"https:\/\/radioljubuski.ba\/index.php\/2021\/04\/27\/u-mrezi-prvog-o-smrti-djevojcice-i-najavljenoj-reformi\/#primaryimage"},"image":{"@id":"https:\/\/radioljubuski.ba\/index.php\/2021\/04\/27\/u-mrezi-prvog-o-smrti-djevojcice-i-najavljenoj-reformi\/#primaryimage"},"thumbnailUrl":"https:\/\/radioljubuski.ba\/wp-content\/uploads\/2021\/04\/740x438-u-mrezi-prvog-frame-8271-20210427060050.png","datePublished":"2021-04-27T11:27:49+00:00","breadcrumb":{"@id":"https:\/\/radioljubuski.ba\/index.php\/2021\/04\/27\/u-mrezi-prvog-o-smrti-djevojcice-i-najavljenoj-reformi\/#breadcrumb"},"inLanguage":"hr","potentialAction":[{"@type":"ReadAction","target":["https:\/\/radioljubuski.ba\/index.php\/2021\/04\/27\/u-mrezi-prvog-o-smrti-djevojcice-i-najavljenoj-reformi\/"]}]},{"@type":"ImageObject","inLanguage":"hr","@id":"https:\/\/radioljubuski.ba\/index.php\/2021\/04\/27\/u-mrezi-prvog-o-smrti-djevojcice-i-najavljenoj-reformi\/#primaryimage","url":"https:\/\/radioljubuski.ba\/wp-content\/uploads\/2021\/04\/740x438-u-mrezi-prvog-frame-8271-20210427060050.png","contentUrl":"https:\/\/radioljubuski.ba\/wp-content\/uploads\/2021\/04\/740x438-u-mrezi-prvog-frame-8271-20210427060050.png","width":740,"height":438},{"@type":"BreadcrumbList","@id":"https:\/\/radioljubuski.ba\/index.php\/2021\/04\/27\/u-mrezi-prvog-o-smrti-djevojcice-i-najavljenoj-reformi\/#breadcrumb","itemListElement":[{"@type":"ListItem","position":1,"name":"Po\u010detna stranica","item":"https:\/\/radioljubuski.ba\/"},{"@type":"ListItem","position":2,"name":"U mre\u017ei Prvog: O smrti djevoj\u010dice i najavljenoj reformi"}]},{"@type":"WebSite","@id":"https:\/\/radioljubuski.ba\/#website","url":"https:\/\/radioljubuski.ba\/","name":"Radio Ljubu\u0161ki","description":"Sun\u010dana frekvencija Hercegovine","publisher":{"@id":"https:\/\/radioljubuski.ba\/#organization"},"potentialAction":[{"@type":"SearchAction","target":{"@type":"EntryPoint","urlTemplate":"https:\/\/radioljubuski.ba\/?s={search_term_string}"},"query-input":{"@type":"PropertyValueSpecification","valueRequired":true,"valueName":"search_term_string"}}],"inLanguage":"hr"},{"@type":"Organization","@id":"https:\/\/radioljubuski.ba\/#organization","name":"Radio Ljubu\u0161ki","url":"https:\/\/radioljubuski.ba\/","logo":{"@type":"ImageObject","inLanguage":"hr","@id":"https:\/\/radioljubuski.ba\/#\/schema\/logo\/image\/","url":"https:\/\/radioljubuski.ba\/wp-content\/uploads\/2021\/02\/cropped-Radio_Ljubuski_logo1.jpg","contentUrl":"https:\/\/radioljubuski.ba\/wp-content\/uploads\/2021\/02\/cropped-Radio_Ljubuski_logo1.jpg","width":512,"height":512,"caption":"Radio Ljubu\u0161ki"},"image":{"@id":"https:\/\/radioljubuski.ba\/#\/schema\/logo\/image\/"},"sameAs":["https:\/\/www.facebook.com\/Radiio-Ljubuski-1490835324566332","https:\/\/x.com\/radioljubuski","https:\/\/hr.linkedin.com\/company\/radio-ljubuski","https:\/\/www.youtube.com\/channel\/UCHYaeO_n0Db3tjNGudGpXyw"]},{"@type":"Person","@id":"https:\/\/radioljubuski.ba\/#\/schema\/person\/19fc700381a780f69665d7956c469e3b","name":"Radio Ljubu\u0161ki"}]}},"_links":{"self":[{"href":"https:\/\/radioljubuski.ba\/index.php\/wp-json\/wp\/v2\/posts\/16703","targetHints":{"allow":["GET"]}}],"collection":[{"href":"https:\/\/radioljubuski.ba\/index.php\/wp-json\/wp\/v2\/posts"}],"about":[{"href":"https:\/\/radioljubuski.ba\/index.php\/wp-json\/wp\/v2\/types\/post"}],"author":[{"embeddable":true,"href":"https:\/\/radioljubuski.ba\/index.php\/wp-json\/wp\/v2\/users\/2"}],"replies":[{"embeddable":true,"href":"https:\/\/radioljubuski.ba\/index.php\/wp-json\/wp\/v2\/comments?post=16703"}],"version-history":[{"count":1,"href":"https:\/\/radioljubuski.ba\/index.php\/wp-json\/wp\/v2\/posts\/16703\/revisions"}],"predecessor-version":[{"id":16705,"href":"https:\/\/radioljubuski.ba\/index.php\/wp-json\/wp\/v2\/posts\/16703\/revisions\/16705"}],"wp:featuredmedia":[{"embeddable":true,"href":"https:\/\/radioljubuski.ba\/index.php\/wp-json\/wp\/v2\/media\/16704"}],"wp:attachment":[{"href":"https:\/\/radioljubuski.ba\/index.php\/wp-json\/wp\/v2\/media?parent=16703"}],"wp:term":[{"taxonomy":"category","embeddable":true,"href":"https:\/\/radioljubuski.ba\/index.php\/wp-json\/wp\/v2\/categories?post=16703"},{"taxonomy":"post_tag","embeddable":true,"href":"https:\/\/radioljubuski.ba\/index.php\/wp-json\/wp\/v2\/tags?post=16703"}],"curies":[{"name":"wp","href":"https:\/\/api.w.org\/{rel}","templated":true}]}}