{"id":167190,"date":"2022-08-06T15:35:24","date_gmt":"2022-08-06T14:35:24","guid":{"rendered":"https:\/\/radioljubuski.ba\/?p=167190"},"modified":"2022-08-06T15:35:26","modified_gmt":"2022-08-06T14:35:26","slug":"poljski-ministar-zdravstva-u-varazdinu-vatrogasac-koji-je-izvlacio-mrtve-bilo-je-strasno","status":"publish","type":"post","link":"https:\/\/radioljubuski.ba\/index.php\/2022\/08\/06\/poljski-ministar-zdravstva-u-varazdinu-vatrogasac-koji-je-izvlacio-mrtve-bilo-je-strasno\/","title":{"rendered":"Poljski ministar zdravstva u Vara\u017edinu, vatrogasac koji je izvla\u010dio mrtve: \u2018Bilo je stra\u0161no\u2026\u2019"},"content":{"rendered":"\n<p>Hrvatska i poljska javnost pod dojmom je stra\u0161ne nesre\u0107e koja se jutros oko 5.30 sati dogodila na autocesti A4 u Vara\u017edinskoj \u017eupaniji kada je autobus, koji je poljske hodo\u010dasnike prevozio u Me\u0111ugorje, sletio s ceste i prevrnuo se. Poginulo je 12 osoba, a preko 30 ih je ozlije\u0111eno i hospitalizirano.<\/p>\n\n\n\n<figure class=\"wp-block-embed is-type-wp-embed is-provider-radio-ljubuski wp-block-embed-radio-ljubuski\"><div class=\"wp-block-embed__wrapper\">\n<blockquote class=\"wp-embedded-content\" data-secret=\"etvQXrRNrf\"><a href=\"https:\/\/radioljubuski.ba\/index.php\/2022\/08\/06\/poljski-autobus-bio-je-tehnicki-ispravan-medu-putnicima-svecenici-i-casne-sestre\/\">Poljski autobus bio je tehni\u010dki ispravan; me\u0111u putnicima sve\u0107enici i \u010dasne sestre<\/a><\/blockquote><iframe loading=\"lazy\" class=\"wp-embedded-content\" sandbox=\"allow-scripts\" security=\"restricted\" style=\"position: absolute; clip: rect(1px, 1px, 1px, 1px);\" title=\"&#8220;Poljski autobus bio je tehni\u010dki ispravan; me\u0111u putnicima sve\u0107enici i \u010dasne sestre&#8221; &#8212;   RADIO LJUBU\u0160KI\" src=\"https:\/\/radioljubuski.ba\/index.php\/2022\/08\/06\/poljski-autobus-bio-je-tehnicki-ispravan-medu-putnicima-svecenici-i-casne-sestre\/embed\/#?secret=U4e3Tu6zzr#?secret=etvQXrRNrf\" data-secret=\"etvQXrRNrf\" width=\"600\" height=\"338\" frameborder=\"0\" marginwidth=\"0\" marginheight=\"0\" scrolling=\"no\"><\/iframe>\n<\/div><\/figure>\n\n\n\n<p>Premijer Andrej Plenkovi\u0107 izrazio je su\u0107ut poljskom premijeru Morawieckom te izvijestio kako su sve slu\u017ebe anga\u017eirane i da se ozlije\u0111enima pru\u017ea pomo\u0107. Ministar vanjskih poslova Gordan Grli\u0107 Radman tako\u0111er je izrazio su\u0107ut svojem poljskom kolegi, ministru vanjskih poslova Zbigniewu Rauu.<\/p>\n\n\n\n<p>U Hrvatsku je pak stigao poljski ministar zdravstva Adam Niedzielski koji je, u pratnji hrvatskog ministra Vilija Bero\u0161a posjetio bolnicu u Vara\u017edinu, u kojoj je zbrinuto 11 unesre\u0107enih Poljaka. Nakon toga ministri \u0107e posjetiti i bolnicu u \u010cakovcu a potom i zagreba\u010dke bolnice u Dubravi, KBC Rebro i Traumatolo\u0161ku bolnicu u Dra\u0161kovi\u0107evoj.<\/p>\n\n\n\n<p>HRT donosi prilog:<\/p>\n\n\n\n<div style=\"width: 640px;\" class=\"wp-video\"><video class=\"wp-video-shortcode\" id=\"video-167190-1\" width=\"640\" height=\"360\" preload=\"metadata\" controls=\"controls\"><source type=\"video\/mp4\" src=\"https:\/\/api.hrt.hr\/media\/cd\/fd\/tvd1-husak-20220806102309.mp4?_=1\" \/><a href=\"https:\/\/api.hrt.hr\/media\/cd\/fd\/tvd1-husak-20220806102309.mp4\">https:\/\/api.hrt.hr\/media\/cd\/fd\/tvd1-husak-20220806102309.mp4<\/a><\/video><\/div>\n\n\n\n\n\n<h3 class=\"wp-block-heading\"><strong>Svjedo\u010danstvo vatrogasca koji je intervenirao na mjestu nesre\u0107e<\/strong><\/h3>\n\n\n\n<p>Za <a href=\"https:\/\/www.jutarnji.hr\/vijesti\/crna-kronika\/bus-kao-da-se-zabio-u-zid-jedan-vozac-je-izletio-kroz-vjetrobransko-staklo-izvlacili-smo-mrtve-15231954\">Jutarnji list<\/a> govorio je vatrogasac <strong>Ivan Ivan\u010dan<\/strong>, zapovjednik DVD-a Brezni\u010dki Hum, \u010dija ekipa je s \u010detiri vatrogasca i \u010detiri vozila bila me\u0111u prvima na mjestu nesre\u0107e.<\/p>\n\n\n\n<p>\u201cBilo je stra\u0161no. Kao da gledate horor filmove. Mi smo dobili dojavu oko 5.50 sati. Izvla\u010dili smo mrtve, bilo ih je vi\u0161e od 10. Autobus se zabio u kanal i cijeli prednji dio autobusa zabio se do polovice autobusa. Autobus je izgledao kao da je, recimo, udario u zid. Jedan voza\u010d izletio je kroz vjetrobransko staklo, a drugi je bio u autobusu. Ovakvo ne\u0161to nisam do\u017eivio otkad sam vatrogasac, a imam 60 godina.\u201d \u2013 rekao je.<\/p>\n\n\n\n<p>\u201cBilo je puno Hitnih pomo\u0107i, vatrogasaca, policije, do\u0161li su pripadnici JVP Novi Marof, DVD-a Komin. Poslije je na mjesto nesre\u0107e do\u0161lo jo\u0161 pripadnika na\u0161eg DVD-a. Sta\u0161no je bilo. U\u010dinili smo sve \u0161to smo mogli da izvu\u010demo stradale i unesre\u0107ene\u201d \u2013 rekao je Ivan Ivan\u010dan jo\u0161 uvijek pod dojmom te\u0161ke nesre\u0107e.<\/p>\n\n\n\n<h3 class=\"wp-block-heading\"><strong>Lije\u010dnik iz KB Dubrava: \u201cDvije pacijentice su nestabilno\u2026\u201d<\/strong><\/h3>\n\n\n\n<p>U KB Dubrava zaprimljeno je \u0161est osoba s te\u0161kim tjelesnim ozljedama, dva mu\u0161karca i \u010detiri \u017eenske osobe. Radi se o ozljedama kostiju ruku, nogu, zdjelice, kralje\u017enice, frakturama rebara i ozljedama kosti lica, izvijestio je lije\u010dnik&nbsp;<strong>Domagoj Vergles<\/strong>. Dodao je kako se radi o potencijalno po \u017eivot opasnim ozljedama.<\/p>\n\n\n\n<p>\u2013 Stabilna su dva pacijenta, a \u010detiri pacijentice su nestabilno. Svi zahtijevaju kirur\u0161ki tretman. Jedna je operacija ve\u0107 po\u010dela. Idemo po redu hitnosti, naglasio je.<\/p>\n\n\n\n<p><em>Izvor: narod.hr\/hrt\/jutarnji.hr<\/em><\/p>\n","protected":false},"excerpt":{"rendered":"<p>Hrvatska i poljska javnost pod dojmom je stra\u0161ne nesre\u0107e koja se jutros oko 5.30 sati dogodila na autocesti A4 u Vara\u017edinskoj \u017eupaniji kada je autobus, koji je poljske hodo\u010dasnike prevozio u Me\u0111ugorje, sletio s ceste i prevrnuo se. Poginulo je 12 osoba, a preko 30 ih je ozlije\u0111eno i hospitalizirano. Premijer Andrej Plenkovi\u0107 izrazio je [&hellip;]<\/p>\n","protected":false},"author":2,"featured_media":167191,"comment_status":"closed","ping_status":"closed","sticky":false,"template":"","format":"standard","meta":{"h5ap_radio_sources":[],"footnotes":""},"categories":[1],"tags":[],"class_list":["post-167190","post","type-post","status-publish","format-standard","has-post-thumbnail","hentry","category-bihiregija"],"yoast_head":"<!-- This site is optimized with the Yoast SEO plugin v27.4 - https:\/\/yoast.com\/product\/yoast-seo-wordpress\/ -->\n<title>Poljski ministar zdravstva u Vara\u017edinu, vatrogasac koji je izvla\u010dio mrtve: \u2018Bilo je stra\u0161no\u2026\u2019 - RADIO LJUBU\u0160KI<\/title>\n<meta name=\"robots\" content=\"index, follow, max-snippet:-1, max-image-preview:large, max-video-preview:-1\" \/>\n<link rel=\"canonical\" href=\"https:\/\/radioljubuski.ba\/index.php\/2022\/08\/06\/poljski-ministar-zdravstva-u-varazdinu-vatrogasac-koji-je-izvlacio-mrtve-bilo-je-strasno\/\" \/>\n<meta property=\"og:locale\" content=\"hr_HR\" \/>\n<meta property=\"og:type\" content=\"article\" \/>\n<meta property=\"og:title\" content=\"Poljski ministar zdravstva u Vara\u017edinu, vatrogasac koji je izvla\u010dio mrtve: \u2018Bilo je stra\u0161no\u2026\u2019 - RADIO LJUBU\u0160KI\" \/>\n<meta property=\"og:description\" content=\"Hrvatska i poljska javnost pod dojmom je stra\u0161ne nesre\u0107e koja se jutros oko 5.30 sati dogodila na autocesti A4 u Vara\u017edinskoj \u017eupaniji kada je autobus, koji je poljske hodo\u010dasnike prevozio u Me\u0111ugorje, sletio s ceste i prevrnuo se. Poginulo je 12 osoba, a preko 30 ih je ozlije\u0111eno i hospitalizirano. Premijer Andrej Plenkovi\u0107 izrazio je [&hellip;]\" \/>\n<meta property=\"og:url\" content=\"https:\/\/radioljubuski.ba\/index.php\/2022\/08\/06\/poljski-ministar-zdravstva-u-varazdinu-vatrogasac-koji-je-izvlacio-mrtve-bilo-je-strasno\/\" \/>\n<meta property=\"og:site_name\" content=\"RADIO LJUBU\u0160KI\" \/>\n<meta property=\"article:publisher\" content=\"https:\/\/www.facebook.com\/Radiio-Ljubuski-1490835324566332\" \/>\n<meta property=\"article:published_time\" content=\"2022-08-06T14:35:24+00:00\" \/>\n<meta property=\"article:modified_time\" content=\"2022-08-06T14:35:26+00:00\" \/>\n<meta property=\"og:image\" content=\"https:\/\/radioljubuski.ba\/wp-content\/uploads\/2022\/08\/tragedija-na-A4-696x392-1.jpg\" \/>\n\t<meta property=\"og:image:width\" content=\"696\" \/>\n\t<meta property=\"og:image:height\" content=\"392\" \/>\n\t<meta property=\"og:image:type\" content=\"image\/jpeg\" \/>\n<meta name=\"author\" content=\"Radio Ljubu\u0161ki\" \/>\n<meta name=\"twitter:card\" content=\"summary_large_image\" \/>\n<meta name=\"twitter:creator\" content=\"@radioljubuski\" \/>\n<meta name=\"twitter:site\" content=\"@radioljubuski\" \/>\n<meta name=\"twitter:label1\" content=\"Napisao\/la\" \/>\n\t<meta name=\"twitter:data1\" content=\"Radio Ljubu\u0161ki\" \/>\n\t<meta name=\"twitter:label2\" content=\"Procijenjeno vrijeme \u010ditanja\" \/>\n\t<meta name=\"twitter:data2\" content=\"2 minute\" \/>\n<script type=\"application\/ld+json\" class=\"yoast-schema-graph\">{\"@context\":\"https:\\\/\\\/schema.org\",\"@graph\":[{\"@type\":\"Article\",\"@id\":\"https:\\\/\\\/radioljubuski.ba\\\/index.php\\\/2022\\\/08\\\/06\\\/poljski-ministar-zdravstva-u-varazdinu-vatrogasac-koji-je-izvlacio-mrtve-bilo-je-strasno\\\/#article\",\"isPartOf\":{\"@id\":\"https:\\\/\\\/radioljubuski.ba\\\/index.php\\\/2022\\\/08\\\/06\\\/poljski-ministar-zdravstva-u-varazdinu-vatrogasac-koji-je-izvlacio-mrtve-bilo-je-strasno\\\/\"},\"author\":{\"name\":\"Radio Ljubu\u0161ki\",\"@id\":\"https:\\\/\\\/radioljubuski.ba\\\/#\\\/schema\\\/person\\\/19fc700381a780f69665d7956c469e3b\"},\"headline\":\"Poljski ministar zdravstva u Vara\u017edinu, vatrogasac koji je izvla\u010dio mrtve: \u2018Bilo je stra\u0161no\u2026\u2019\",\"datePublished\":\"2022-08-06T14:35:24+00:00\",\"dateModified\":\"2022-08-06T14:35:26+00:00\",\"mainEntityOfPage\":{\"@id\":\"https:\\\/\\\/radioljubuski.ba\\\/index.php\\\/2022\\\/08\\\/06\\\/poljski-ministar-zdravstva-u-varazdinu-vatrogasac-koji-je-izvlacio-mrtve-bilo-je-strasno\\\/\"},\"wordCount\":466,\"publisher\":{\"@id\":\"https:\\\/\\\/radioljubuski.ba\\\/#organization\"},\"image\":{\"@id\":\"https:\\\/\\\/radioljubuski.ba\\\/index.php\\\/2022\\\/08\\\/06\\\/poljski-ministar-zdravstva-u-varazdinu-vatrogasac-koji-je-izvlacio-mrtve-bilo-je-strasno\\\/#primaryimage\"},\"thumbnailUrl\":\"https:\\\/\\\/radioljubuski.ba\\\/wp-content\\\/uploads\\\/2022\\\/08\\\/tragedija-na-A4-696x392-1.jpg\",\"articleSection\":[\"BIH i regija\"],\"inLanguage\":\"hr\"},{\"@type\":\"WebPage\",\"@id\":\"https:\\\/\\\/radioljubuski.ba\\\/index.php\\\/2022\\\/08\\\/06\\\/poljski-ministar-zdravstva-u-varazdinu-vatrogasac-koji-je-izvlacio-mrtve-bilo-je-strasno\\\/\",\"url\":\"https:\\\/\\\/radioljubuski.ba\\\/index.php\\\/2022\\\/08\\\/06\\\/poljski-ministar-zdravstva-u-varazdinu-vatrogasac-koji-je-izvlacio-mrtve-bilo-je-strasno\\\/\",\"name\":\"Poljski ministar zdravstva u Vara\u017edinu, vatrogasac koji je izvla\u010dio mrtve: \u2018Bilo je stra\u0161no\u2026\u2019 - RADIO LJUBU\u0160KI\",\"isPartOf\":{\"@id\":\"https:\\\/\\\/radioljubuski.ba\\\/#website\"},\"primaryImageOfPage\":{\"@id\":\"https:\\\/\\\/radioljubuski.ba\\\/index.php\\\/2022\\\/08\\\/06\\\/poljski-ministar-zdravstva-u-varazdinu-vatrogasac-koji-je-izvlacio-mrtve-bilo-je-strasno\\\/#primaryimage\"},\"image\":{\"@id\":\"https:\\\/\\\/radioljubuski.ba\\\/index.php\\\/2022\\\/08\\\/06\\\/poljski-ministar-zdravstva-u-varazdinu-vatrogasac-koji-je-izvlacio-mrtve-bilo-je-strasno\\\/#primaryimage\"},\"thumbnailUrl\":\"https:\\\/\\\/radioljubuski.ba\\\/wp-content\\\/uploads\\\/2022\\\/08\\\/tragedija-na-A4-696x392-1.jpg\",\"datePublished\":\"2022-08-06T14:35:24+00:00\",\"dateModified\":\"2022-08-06T14:35:26+00:00\",\"breadcrumb\":{\"@id\":\"https:\\\/\\\/radioljubuski.ba\\\/index.php\\\/2022\\\/08\\\/06\\\/poljski-ministar-zdravstva-u-varazdinu-vatrogasac-koji-je-izvlacio-mrtve-bilo-je-strasno\\\/#breadcrumb\"},\"inLanguage\":\"hr\",\"potentialAction\":[{\"@type\":\"ReadAction\",\"target\":[\"https:\\\/\\\/radioljubuski.ba\\\/index.php\\\/2022\\\/08\\\/06\\\/poljski-ministar-zdravstva-u-varazdinu-vatrogasac-koji-je-izvlacio-mrtve-bilo-je-strasno\\\/\"]}]},{\"@type\":\"ImageObject\",\"inLanguage\":\"hr\",\"@id\":\"https:\\\/\\\/radioljubuski.ba\\\/index.php\\\/2022\\\/08\\\/06\\\/poljski-ministar-zdravstva-u-varazdinu-vatrogasac-koji-je-izvlacio-mrtve-bilo-je-strasno\\\/#primaryimage\",\"url\":\"https:\\\/\\\/radioljubuski.ba\\\/wp-content\\\/uploads\\\/2022\\\/08\\\/tragedija-na-A4-696x392-1.jpg\",\"contentUrl\":\"https:\\\/\\\/radioljubuski.ba\\\/wp-content\\\/uploads\\\/2022\\\/08\\\/tragedija-na-A4-696x392-1.jpg\",\"width\":696,\"height\":392},{\"@type\":\"BreadcrumbList\",\"@id\":\"https:\\\/\\\/radioljubuski.ba\\\/index.php\\\/2022\\\/08\\\/06\\\/poljski-ministar-zdravstva-u-varazdinu-vatrogasac-koji-je-izvlacio-mrtve-bilo-je-strasno\\\/#breadcrumb\",\"itemListElement\":[{\"@type\":\"ListItem\",\"position\":1,\"name\":\"Po\u010detna stranica\",\"item\":\"https:\\\/\\\/radioljubuski.ba\\\/\"},{\"@type\":\"ListItem\",\"position\":2,\"name\":\"Poljski ministar zdravstva u Vara\u017edinu, vatrogasac koji je izvla\u010dio mrtve: \u2018Bilo je stra\u0161no\u2026\u2019\"}]},{\"@type\":\"WebSite\",\"@id\":\"https:\\\/\\\/radioljubuski.ba\\\/#website\",\"url\":\"https:\\\/\\\/radioljubuski.ba\\\/\",\"name\":\"Radio Ljubu\u0161ki\",\"description\":\"Sun\u010dana frekvencija Hercegovine\",\"publisher\":{\"@id\":\"https:\\\/\\\/radioljubuski.ba\\\/#organization\"},\"potentialAction\":[{\"@type\":\"SearchAction\",\"target\":{\"@type\":\"EntryPoint\",\"urlTemplate\":\"https:\\\/\\\/radioljubuski.ba\\\/?s={search_term_string}\"},\"query-input\":{\"@type\":\"PropertyValueSpecification\",\"valueRequired\":true,\"valueName\":\"search_term_string\"}}],\"inLanguage\":\"hr\"},{\"@type\":\"Organization\",\"@id\":\"https:\\\/\\\/radioljubuski.ba\\\/#organization\",\"name\":\"Radio Ljubu\u0161ki\",\"url\":\"https:\\\/\\\/radioljubuski.ba\\\/\",\"logo\":{\"@type\":\"ImageObject\",\"inLanguage\":\"hr\",\"@id\":\"https:\\\/\\\/radioljubuski.ba\\\/#\\\/schema\\\/logo\\\/image\\\/\",\"url\":\"https:\\\/\\\/radioljubuski.ba\\\/wp-content\\\/uploads\\\/2021\\\/02\\\/cropped-Radio_Ljubuski_logo1.jpg\",\"contentUrl\":\"https:\\\/\\\/radioljubuski.ba\\\/wp-content\\\/uploads\\\/2021\\\/02\\\/cropped-Radio_Ljubuski_logo1.jpg\",\"width\":512,\"height\":512,\"caption\":\"Radio Ljubu\u0161ki\"},\"image\":{\"@id\":\"https:\\\/\\\/radioljubuski.ba\\\/#\\\/schema\\\/logo\\\/image\\\/\"},\"sameAs\":[\"https:\\\/\\\/www.facebook.com\\\/Radiio-Ljubuski-1490835324566332\",\"https:\\\/\\\/x.com\\\/radioljubuski\",\"https:\\\/\\\/hr.linkedin.com\\\/company\\\/radio-ljubuski\",\"https:\\\/\\\/www.youtube.com\\\/channel\\\/UCHYaeO_n0Db3tjNGudGpXyw\"]},{\"@type\":\"Person\",\"@id\":\"https:\\\/\\\/radioljubuski.ba\\\/#\\\/schema\\\/person\\\/19fc700381a780f69665d7956c469e3b\",\"name\":\"Radio Ljubu\u0161ki\"}]}<\/script>\n<!-- \/ Yoast SEO plugin. -->","yoast_head_json":{"title":"Poljski ministar zdravstva u Vara\u017edinu, vatrogasac koji je izvla\u010dio mrtve: \u2018Bilo je stra\u0161no\u2026\u2019 - RADIO LJUBU\u0160KI","robots":{"index":"index","follow":"follow","max-snippet":"max-snippet:-1","max-image-preview":"max-image-preview:large","max-video-preview":"max-video-preview:-1"},"canonical":"https:\/\/radioljubuski.ba\/index.php\/2022\/08\/06\/poljski-ministar-zdravstva-u-varazdinu-vatrogasac-koji-je-izvlacio-mrtve-bilo-je-strasno\/","og_locale":"hr_HR","og_type":"article","og_title":"Poljski ministar zdravstva u Vara\u017edinu, vatrogasac koji je izvla\u010dio mrtve: \u2018Bilo je stra\u0161no\u2026\u2019 - RADIO LJUBU\u0160KI","og_description":"Hrvatska i poljska javnost pod dojmom je stra\u0161ne nesre\u0107e koja se jutros oko 5.30 sati dogodila na autocesti A4 u Vara\u017edinskoj \u017eupaniji kada je autobus, koji je poljske hodo\u010dasnike prevozio u Me\u0111ugorje, sletio s ceste i prevrnuo se. Poginulo je 12 osoba, a preko 30 ih je ozlije\u0111eno i hospitalizirano. Premijer Andrej Plenkovi\u0107 izrazio je [&hellip;]","og_url":"https:\/\/radioljubuski.ba\/index.php\/2022\/08\/06\/poljski-ministar-zdravstva-u-varazdinu-vatrogasac-koji-je-izvlacio-mrtve-bilo-je-strasno\/","og_site_name":"RADIO LJUBU\u0160KI","article_publisher":"https:\/\/www.facebook.com\/Radiio-Ljubuski-1490835324566332","article_published_time":"2022-08-06T14:35:24+00:00","article_modified_time":"2022-08-06T14:35:26+00:00","og_image":[{"width":696,"height":392,"url":"https:\/\/radioljubuski.ba\/wp-content\/uploads\/2022\/08\/tragedija-na-A4-696x392-1.jpg","type":"image\/jpeg"}],"author":"Radio Ljubu\u0161ki","twitter_card":"summary_large_image","twitter_creator":"@radioljubuski","twitter_site":"@radioljubuski","twitter_misc":{"Napisao\/la":"Radio Ljubu\u0161ki","Procijenjeno vrijeme \u010ditanja":"2 minute"},"schema":{"@context":"https:\/\/schema.org","@graph":[{"@type":"Article","@id":"https:\/\/radioljubuski.ba\/index.php\/2022\/08\/06\/poljski-ministar-zdravstva-u-varazdinu-vatrogasac-koji-je-izvlacio-mrtve-bilo-je-strasno\/#article","isPartOf":{"@id":"https:\/\/radioljubuski.ba\/index.php\/2022\/08\/06\/poljski-ministar-zdravstva-u-varazdinu-vatrogasac-koji-je-izvlacio-mrtve-bilo-je-strasno\/"},"author":{"name":"Radio Ljubu\u0161ki","@id":"https:\/\/radioljubuski.ba\/#\/schema\/person\/19fc700381a780f69665d7956c469e3b"},"headline":"Poljski ministar zdravstva u Vara\u017edinu, vatrogasac koji je izvla\u010dio mrtve: \u2018Bilo je stra\u0161no\u2026\u2019","datePublished":"2022-08-06T14:35:24+00:00","dateModified":"2022-08-06T14:35:26+00:00","mainEntityOfPage":{"@id":"https:\/\/radioljubuski.ba\/index.php\/2022\/08\/06\/poljski-ministar-zdravstva-u-varazdinu-vatrogasac-koji-je-izvlacio-mrtve-bilo-je-strasno\/"},"wordCount":466,"publisher":{"@id":"https:\/\/radioljubuski.ba\/#organization"},"image":{"@id":"https:\/\/radioljubuski.ba\/index.php\/2022\/08\/06\/poljski-ministar-zdravstva-u-varazdinu-vatrogasac-koji-je-izvlacio-mrtve-bilo-je-strasno\/#primaryimage"},"thumbnailUrl":"https:\/\/radioljubuski.ba\/wp-content\/uploads\/2022\/08\/tragedija-na-A4-696x392-1.jpg","articleSection":["BIH i regija"],"inLanguage":"hr"},{"@type":"WebPage","@id":"https:\/\/radioljubuski.ba\/index.php\/2022\/08\/06\/poljski-ministar-zdravstva-u-varazdinu-vatrogasac-koji-je-izvlacio-mrtve-bilo-je-strasno\/","url":"https:\/\/radioljubuski.ba\/index.php\/2022\/08\/06\/poljski-ministar-zdravstva-u-varazdinu-vatrogasac-koji-je-izvlacio-mrtve-bilo-je-strasno\/","name":"Poljski ministar zdravstva u Vara\u017edinu, vatrogasac koji je izvla\u010dio mrtve: \u2018Bilo je stra\u0161no\u2026\u2019 - RADIO LJUBU\u0160KI","isPartOf":{"@id":"https:\/\/radioljubuski.ba\/#website"},"primaryImageOfPage":{"@id":"https:\/\/radioljubuski.ba\/index.php\/2022\/08\/06\/poljski-ministar-zdravstva-u-varazdinu-vatrogasac-koji-je-izvlacio-mrtve-bilo-je-strasno\/#primaryimage"},"image":{"@id":"https:\/\/radioljubuski.ba\/index.php\/2022\/08\/06\/poljski-ministar-zdravstva-u-varazdinu-vatrogasac-koji-je-izvlacio-mrtve-bilo-je-strasno\/#primaryimage"},"thumbnailUrl":"https:\/\/radioljubuski.ba\/wp-content\/uploads\/2022\/08\/tragedija-na-A4-696x392-1.jpg","datePublished":"2022-08-06T14:35:24+00:00","dateModified":"2022-08-06T14:35:26+00:00","breadcrumb":{"@id":"https:\/\/radioljubuski.ba\/index.php\/2022\/08\/06\/poljski-ministar-zdravstva-u-varazdinu-vatrogasac-koji-je-izvlacio-mrtve-bilo-je-strasno\/#breadcrumb"},"inLanguage":"hr","potentialAction":[{"@type":"ReadAction","target":["https:\/\/radioljubuski.ba\/index.php\/2022\/08\/06\/poljski-ministar-zdravstva-u-varazdinu-vatrogasac-koji-je-izvlacio-mrtve-bilo-je-strasno\/"]}]},{"@type":"ImageObject","inLanguage":"hr","@id":"https:\/\/radioljubuski.ba\/index.php\/2022\/08\/06\/poljski-ministar-zdravstva-u-varazdinu-vatrogasac-koji-je-izvlacio-mrtve-bilo-je-strasno\/#primaryimage","url":"https:\/\/radioljubuski.ba\/wp-content\/uploads\/2022\/08\/tragedija-na-A4-696x392-1.jpg","contentUrl":"https:\/\/radioljubuski.ba\/wp-content\/uploads\/2022\/08\/tragedija-na-A4-696x392-1.jpg","width":696,"height":392},{"@type":"BreadcrumbList","@id":"https:\/\/radioljubuski.ba\/index.php\/2022\/08\/06\/poljski-ministar-zdravstva-u-varazdinu-vatrogasac-koji-je-izvlacio-mrtve-bilo-je-strasno\/#breadcrumb","itemListElement":[{"@type":"ListItem","position":1,"name":"Po\u010detna stranica","item":"https:\/\/radioljubuski.ba\/"},{"@type":"ListItem","position":2,"name":"Poljski ministar zdravstva u Vara\u017edinu, vatrogasac koji je izvla\u010dio mrtve: \u2018Bilo je stra\u0161no\u2026\u2019"}]},{"@type":"WebSite","@id":"https:\/\/radioljubuski.ba\/#website","url":"https:\/\/radioljubuski.ba\/","name":"Radio Ljubu\u0161ki","description":"Sun\u010dana frekvencija Hercegovine","publisher":{"@id":"https:\/\/radioljubuski.ba\/#organization"},"potentialAction":[{"@type":"SearchAction","target":{"@type":"EntryPoint","urlTemplate":"https:\/\/radioljubuski.ba\/?s={search_term_string}"},"query-input":{"@type":"PropertyValueSpecification","valueRequired":true,"valueName":"search_term_string"}}],"inLanguage":"hr"},{"@type":"Organization","@id":"https:\/\/radioljubuski.ba\/#organization","name":"Radio Ljubu\u0161ki","url":"https:\/\/radioljubuski.ba\/","logo":{"@type":"ImageObject","inLanguage":"hr","@id":"https:\/\/radioljubuski.ba\/#\/schema\/logo\/image\/","url":"https:\/\/radioljubuski.ba\/wp-content\/uploads\/2021\/02\/cropped-Radio_Ljubuski_logo1.jpg","contentUrl":"https:\/\/radioljubuski.ba\/wp-content\/uploads\/2021\/02\/cropped-Radio_Ljubuski_logo1.jpg","width":512,"height":512,"caption":"Radio Ljubu\u0161ki"},"image":{"@id":"https:\/\/radioljubuski.ba\/#\/schema\/logo\/image\/"},"sameAs":["https:\/\/www.facebook.com\/Radiio-Ljubuski-1490835324566332","https:\/\/x.com\/radioljubuski","https:\/\/hr.linkedin.com\/company\/radio-ljubuski","https:\/\/www.youtube.com\/channel\/UCHYaeO_n0Db3tjNGudGpXyw"]},{"@type":"Person","@id":"https:\/\/radioljubuski.ba\/#\/schema\/person\/19fc700381a780f69665d7956c469e3b","name":"Radio Ljubu\u0161ki"}]}},"_links":{"self":[{"href":"https:\/\/radioljubuski.ba\/index.php\/wp-json\/wp\/v2\/posts\/167190","targetHints":{"allow":["GET"]}}],"collection":[{"href":"https:\/\/radioljubuski.ba\/index.php\/wp-json\/wp\/v2\/posts"}],"about":[{"href":"https:\/\/radioljubuski.ba\/index.php\/wp-json\/wp\/v2\/types\/post"}],"author":[{"embeddable":true,"href":"https:\/\/radioljubuski.ba\/index.php\/wp-json\/wp\/v2\/users\/2"}],"replies":[{"embeddable":true,"href":"https:\/\/radioljubuski.ba\/index.php\/wp-json\/wp\/v2\/comments?post=167190"}],"version-history":[{"count":1,"href":"https:\/\/radioljubuski.ba\/index.php\/wp-json\/wp\/v2\/posts\/167190\/revisions"}],"predecessor-version":[{"id":167192,"href":"https:\/\/radioljubuski.ba\/index.php\/wp-json\/wp\/v2\/posts\/167190\/revisions\/167192"}],"wp:featuredmedia":[{"embeddable":true,"href":"https:\/\/radioljubuski.ba\/index.php\/wp-json\/wp\/v2\/media\/167191"}],"wp:attachment":[{"href":"https:\/\/radioljubuski.ba\/index.php\/wp-json\/wp\/v2\/media?parent=167190"}],"wp:term":[{"taxonomy":"category","embeddable":true,"href":"https:\/\/radioljubuski.ba\/index.php\/wp-json\/wp\/v2\/categories?post=167190"},{"taxonomy":"post_tag","embeddable":true,"href":"https:\/\/radioljubuski.ba\/index.php\/wp-json\/wp\/v2\/tags?post=167190"}],"curies":[{"name":"wp","href":"https:\/\/api.w.org\/{rel}","templated":true}]}}