{"id":16779,"date":"2021-04-27T19:47:17","date_gmt":"2021-04-27T18:47:17","guid":{"rendered":"https:\/\/radioljubuski.ba\/?p=16779"},"modified":"2021-04-27T19:47:19","modified_gmt":"2021-04-27T18:47:19","slug":"detalji-krvavog-obracuna-u-brata-ispalio-oko-20-hitaca-pozvao-policiju-i-mirno-ih-pricekao","status":"publish","type":"post","link":"https:\/\/radioljubuski.ba\/index.php\/2021\/04\/27\/detalji-krvavog-obracuna-u-brata-ispalio-oko-20-hitaca-pozvao-policiju-i-mirno-ih-pricekao\/","title":{"rendered":"Detalji krvavog obra\u010duna: U brata ispalio oko 20 hitaca, pozvao policiju i mirno ih pri\u010dekao"},"content":{"rendered":"\n<p>B.U. (46) osumnji\u010den je da je ubio brata Z. (56), s kojim je \u017eivio u ku\u0107i u Srednjem Bu\u0161evi\u0107u, kod Krupe na Uni, na kojeg je usIijed sva\u0111e ispalio oko 20 hitaca iz automatske pu\u0161ke, od kojih ga je vi\u0161e metaka pogodilo, potvr\u0111eno je &#8220;<a href=\"https:\/\/www.nezavisne.com\/novosti\/hronika\/U-brata-ispalio-oko-20-hitaca\/658893\" target=\"_blank\" rel=\"noreferrer noopener\">Nezavisnim novinama<\/a>&#8221; iz vi\u0161e izvora.<\/p>\n\n\n\n<p>Nakon zlo\u010dina, prema neslu\u017ebenim informacijama, osumnji\u010deni B. je pozvao policiju i prijavio se, te mirno sa\u010dekao policajce i predao im automatsku pu\u0161ku koja je izuzeta, a on je uhi\u0107en..<\/p>\n\n\n\n<p>Navodno su bra\u0107a od ranije imala obiteljske sukobe i nesuglasice, pa se sumnja da je to mogu\u0107i okida\u010d za ubojstvo, ali policijska istraga pokazat \u0107e detalje ovog zlo\u010dina koji je potresao ovo mjesto.<\/p>\n\n\n\n<p>Kako saznaju od mje\u0161tana, njih dvojica su \u017eivjeli sami i nisu zasnovali svoje obitelji. Ispri\u010dali su da imaju brata i sestru koji odavno \u017eive u Srbiji.<\/p>\n\n\n\n<p>Navodno su se i ranije sva\u0111ali kada bi popili alkohol, ali ovako brutalan zlo\u010din nitko nije o\u010dekivao.<\/p>\n\n\n\n<p>Kako navode izvori, bra\u0107a su se izdr\u017eavali rade\u0107i na dnevnice i \u010duvaju\u0107i ovce po planinama.<\/p>\n\n\n\n<p>&#8220;Nije im bilo lako, snalazili su se za \u017eivot. \u010cesto je B. nomadio i znao je tako na dnevnicu zaraditi koji dinar. Ba\u0161 se bio vratio ku\u0107i jer je u posljednje vrijeme valjda \u010duvao ovce nekome u okolini &nbsp;Sanskog Mosta&#8221;, rekao je izvor &#8220;Nezavisnih&#8221;.<\/p>\n\n\n\n<p>Do krvavog obra\u010duna do\u0161lo je u ponedjeljak predve\u010dre, kada su se bra\u0107a prvo posva\u0111ala, a prema nekim pri\u010dama, \u010dula se i galama, te je netko povikao, vjerojatno \u017ertva:<\/p>\n\n\n\n<p>&#8220;Eto, pucaj!&#8221;<\/p>\n\n\n\n<p>A onda se za\u010dula i pucnjava.<\/p>\n\n\n\n<p>Kako su naveli iz Policijske uprave Prijedor, uhitili su osobu B.U. iz Krupe na Uni zbog sumnje da je iz automatske pu\u0161ke ubila Z.U. iz ove op\u0107ine.<\/p>\n\n\n\n<p>Kako je priop\u0107eno iz ove uprave, policiji je oko 17.45 prijavljeno da je u mjestu Srednji Bu\u0161evi\u0107 izvr\u0161eno ubojstvo.<\/p>\n\n\n\n<p>&#8220;O\u010devidom je utvr\u0111eno da je ubojstvo Z.U. po\u010dinio B.U. Osumnji\u010deni B.U. je uhi\u0107en i protiv njega \u0107e Okru\u017enom javnom tu\u017eiteljstvu Prijedor biti dostavljen izvje\u0161taj za po\u010dinjeno krivi\u010dno djelo&#8221;, navode iz policije.<\/p>\n\n\n\n<p>Izvor:nezavisne.com<\/p>\n","protected":false},"excerpt":{"rendered":"<p>B.U. (46) osumnji\u010den je da je ubio brata Z. (56), s kojim je \u017eivio u ku\u0107i u Srednjem Bu\u0161evi\u0107u, kod Krupe na Uni, na kojeg je usIijed sva\u0111e ispalio oko 20 hitaca iz automatske pu\u0161ke, od kojih ga je vi\u0161e metaka pogodilo, potvr\u0111eno je &#8220;Nezavisnim novinama&#8221; iz vi\u0161e izvora. Nakon zlo\u010dina, prema neslu\u017ebenim informacijama, osumnji\u010deni [&hellip;]<\/p>\n","protected":false},"author":2,"featured_media":16780,"comment_status":"closed","ping_status":"closed","sticky":false,"template":"","format":"standard","meta":{"h5ap_radio_sources":[],"footnotes":""},"categories":[1],"tags":[],"class_list":["post-16779","post","type-post","status-publish","format-standard","has-post-thumbnail","hentry","category-bihiregija"],"yoast_head":"<!-- This site is optimized with the Yoast SEO plugin v27.4 - https:\/\/yoast.com\/product\/yoast-seo-wordpress\/ -->\n<title>Detalji krvavog obra\u010duna: U brata ispalio oko 20 hitaca, pozvao policiju i mirno ih pri\u010dekao - RADIO LJUBU\u0160KI<\/title>\n<meta name=\"robots\" content=\"index, follow, max-snippet:-1, max-image-preview:large, max-video-preview:-1\" \/>\n<link rel=\"canonical\" href=\"https:\/\/radioljubuski.ba\/index.php\/2021\/04\/27\/detalji-krvavog-obracuna-u-brata-ispalio-oko-20-hitaca-pozvao-policiju-i-mirno-ih-pricekao\/\" \/>\n<meta property=\"og:locale\" content=\"hr_HR\" \/>\n<meta property=\"og:type\" content=\"article\" \/>\n<meta property=\"og:title\" content=\"Detalji krvavog obra\u010duna: U brata ispalio oko 20 hitaca, pozvao policiju i mirno ih pri\u010dekao - RADIO LJUBU\u0160KI\" \/>\n<meta property=\"og:description\" content=\"B.U. (46) osumnji\u010den je da je ubio brata Z. (56), s kojim je \u017eivio u ku\u0107i u Srednjem Bu\u0161evi\u0107u, kod Krupe na Uni, na kojeg je usIijed sva\u0111e ispalio oko 20 hitaca iz automatske pu\u0161ke, od kojih ga je vi\u0161e metaka pogodilo, potvr\u0111eno je &#8220;Nezavisnim novinama&#8221; iz vi\u0161e izvora. Nakon zlo\u010dina, prema neslu\u017ebenim informacijama, osumnji\u010deni [&hellip;]\" \/>\n<meta property=\"og:url\" content=\"https:\/\/radioljubuski.ba\/index.php\/2021\/04\/27\/detalji-krvavog-obracuna-u-brata-ispalio-oko-20-hitaca-pozvao-policiju-i-mirno-ih-pricekao\/\" \/>\n<meta property=\"og:site_name\" content=\"RADIO LJUBU\u0160KI\" \/>\n<meta property=\"article:publisher\" content=\"https:\/\/www.facebook.com\/Radiio-Ljubuski-1490835324566332\" \/>\n<meta property=\"article:published_time\" content=\"2021-04-27T18:47:17+00:00\" \/>\n<meta property=\"article:modified_time\" content=\"2021-04-27T18:47:19+00:00\" \/>\n<meta property=\"og:image\" content=\"https:\/\/radioljubuski.ba\/wp-content\/uploads\/2021\/04\/2-2021-04-27-19-22-22-PUSKA.jpg\" \/>\n\t<meta property=\"og:image:width\" content=\"1000\" \/>\n\t<meta property=\"og:image:height\" content=\"625\" \/>\n\t<meta property=\"og:image:type\" content=\"image\/jpeg\" \/>\n<meta name=\"author\" content=\"Radio Ljubu\u0161ki\" \/>\n<meta name=\"twitter:card\" content=\"summary_large_image\" \/>\n<meta name=\"twitter:creator\" content=\"@radioljubuski\" \/>\n<meta name=\"twitter:site\" content=\"@radioljubuski\" \/>\n<meta name=\"twitter:label1\" content=\"Napisao\/la\" \/>\n\t<meta name=\"twitter:data1\" content=\"Radio Ljubu\u0161ki\" \/>\n\t<meta name=\"twitter:label2\" content=\"Procijenjeno vrijeme \u010ditanja\" \/>\n\t<meta name=\"twitter:data2\" content=\"2 minute\" \/>\n<script type=\"application\/ld+json\" class=\"yoast-schema-graph\">{\"@context\":\"https:\\\/\\\/schema.org\",\"@graph\":[{\"@type\":\"Article\",\"@id\":\"https:\\\/\\\/radioljubuski.ba\\\/index.php\\\/2021\\\/04\\\/27\\\/detalji-krvavog-obracuna-u-brata-ispalio-oko-20-hitaca-pozvao-policiju-i-mirno-ih-pricekao\\\/#article\",\"isPartOf\":{\"@id\":\"https:\\\/\\\/radioljubuski.ba\\\/index.php\\\/2021\\\/04\\\/27\\\/detalji-krvavog-obracuna-u-brata-ispalio-oko-20-hitaca-pozvao-policiju-i-mirno-ih-pricekao\\\/\"},\"author\":{\"name\":\"Radio Ljubu\u0161ki\",\"@id\":\"https:\\\/\\\/radioljubuski.ba\\\/#\\\/schema\\\/person\\\/19fc700381a780f69665d7956c469e3b\"},\"headline\":\"Detalji krvavog obra\u010duna: U brata ispalio oko 20 hitaca, pozvao policiju i mirno ih pri\u010dekao\",\"datePublished\":\"2021-04-27T18:47:17+00:00\",\"dateModified\":\"2021-04-27T18:47:19+00:00\",\"mainEntityOfPage\":{\"@id\":\"https:\\\/\\\/radioljubuski.ba\\\/index.php\\\/2021\\\/04\\\/27\\\/detalji-krvavog-obracuna-u-brata-ispalio-oko-20-hitaca-pozvao-policiju-i-mirno-ih-pricekao\\\/\"},\"wordCount\":398,\"publisher\":{\"@id\":\"https:\\\/\\\/radioljubuski.ba\\\/#organization\"},\"image\":{\"@id\":\"https:\\\/\\\/radioljubuski.ba\\\/index.php\\\/2021\\\/04\\\/27\\\/detalji-krvavog-obracuna-u-brata-ispalio-oko-20-hitaca-pozvao-policiju-i-mirno-ih-pricekao\\\/#primaryimage\"},\"thumbnailUrl\":\"https:\\\/\\\/radioljubuski.ba\\\/wp-content\\\/uploads\\\/2021\\\/04\\\/2-2021-04-27-19-22-22-PUSKA.jpg\",\"articleSection\":[\"BIH i regija\"],\"inLanguage\":\"hr\"},{\"@type\":\"WebPage\",\"@id\":\"https:\\\/\\\/radioljubuski.ba\\\/index.php\\\/2021\\\/04\\\/27\\\/detalji-krvavog-obracuna-u-brata-ispalio-oko-20-hitaca-pozvao-policiju-i-mirno-ih-pricekao\\\/\",\"url\":\"https:\\\/\\\/radioljubuski.ba\\\/index.php\\\/2021\\\/04\\\/27\\\/detalji-krvavog-obracuna-u-brata-ispalio-oko-20-hitaca-pozvao-policiju-i-mirno-ih-pricekao\\\/\",\"name\":\"Detalji krvavog obra\u010duna: U brata ispalio oko 20 hitaca, pozvao policiju i mirno ih pri\u010dekao - RADIO LJUBU\u0160KI\",\"isPartOf\":{\"@id\":\"https:\\\/\\\/radioljubuski.ba\\\/#website\"},\"primaryImageOfPage\":{\"@id\":\"https:\\\/\\\/radioljubuski.ba\\\/index.php\\\/2021\\\/04\\\/27\\\/detalji-krvavog-obracuna-u-brata-ispalio-oko-20-hitaca-pozvao-policiju-i-mirno-ih-pricekao\\\/#primaryimage\"},\"image\":{\"@id\":\"https:\\\/\\\/radioljubuski.ba\\\/index.php\\\/2021\\\/04\\\/27\\\/detalji-krvavog-obracuna-u-brata-ispalio-oko-20-hitaca-pozvao-policiju-i-mirno-ih-pricekao\\\/#primaryimage\"},\"thumbnailUrl\":\"https:\\\/\\\/radioljubuski.ba\\\/wp-content\\\/uploads\\\/2021\\\/04\\\/2-2021-04-27-19-22-22-PUSKA.jpg\",\"datePublished\":\"2021-04-27T18:47:17+00:00\",\"dateModified\":\"2021-04-27T18:47:19+00:00\",\"breadcrumb\":{\"@id\":\"https:\\\/\\\/radioljubuski.ba\\\/index.php\\\/2021\\\/04\\\/27\\\/detalji-krvavog-obracuna-u-brata-ispalio-oko-20-hitaca-pozvao-policiju-i-mirno-ih-pricekao\\\/#breadcrumb\"},\"inLanguage\":\"hr\",\"potentialAction\":[{\"@type\":\"ReadAction\",\"target\":[\"https:\\\/\\\/radioljubuski.ba\\\/index.php\\\/2021\\\/04\\\/27\\\/detalji-krvavog-obracuna-u-brata-ispalio-oko-20-hitaca-pozvao-policiju-i-mirno-ih-pricekao\\\/\"]}]},{\"@type\":\"ImageObject\",\"inLanguage\":\"hr\",\"@id\":\"https:\\\/\\\/radioljubuski.ba\\\/index.php\\\/2021\\\/04\\\/27\\\/detalji-krvavog-obracuna-u-brata-ispalio-oko-20-hitaca-pozvao-policiju-i-mirno-ih-pricekao\\\/#primaryimage\",\"url\":\"https:\\\/\\\/radioljubuski.ba\\\/wp-content\\\/uploads\\\/2021\\\/04\\\/2-2021-04-27-19-22-22-PUSKA.jpg\",\"contentUrl\":\"https:\\\/\\\/radioljubuski.ba\\\/wp-content\\\/uploads\\\/2021\\\/04\\\/2-2021-04-27-19-22-22-PUSKA.jpg\",\"width\":1000,\"height\":625},{\"@type\":\"BreadcrumbList\",\"@id\":\"https:\\\/\\\/radioljubuski.ba\\\/index.php\\\/2021\\\/04\\\/27\\\/detalji-krvavog-obracuna-u-brata-ispalio-oko-20-hitaca-pozvao-policiju-i-mirno-ih-pricekao\\\/#breadcrumb\",\"itemListElement\":[{\"@type\":\"ListItem\",\"position\":1,\"name\":\"Po\u010detna stranica\",\"item\":\"https:\\\/\\\/radioljubuski.ba\\\/\"},{\"@type\":\"ListItem\",\"position\":2,\"name\":\"Detalji krvavog obra\u010duna: U brata ispalio oko 20 hitaca, pozvao policiju i mirno ih pri\u010dekao\"}]},{\"@type\":\"WebSite\",\"@id\":\"https:\\\/\\\/radioljubuski.ba\\\/#website\",\"url\":\"https:\\\/\\\/radioljubuski.ba\\\/\",\"name\":\"Radio Ljubu\u0161ki\",\"description\":\"Sun\u010dana frekvencija Hercegovine\",\"publisher\":{\"@id\":\"https:\\\/\\\/radioljubuski.ba\\\/#organization\"},\"potentialAction\":[{\"@type\":\"SearchAction\",\"target\":{\"@type\":\"EntryPoint\",\"urlTemplate\":\"https:\\\/\\\/radioljubuski.ba\\\/?s={search_term_string}\"},\"query-input\":{\"@type\":\"PropertyValueSpecification\",\"valueRequired\":true,\"valueName\":\"search_term_string\"}}],\"inLanguage\":\"hr\"},{\"@type\":\"Organization\",\"@id\":\"https:\\\/\\\/radioljubuski.ba\\\/#organization\",\"name\":\"Radio Ljubu\u0161ki\",\"url\":\"https:\\\/\\\/radioljubuski.ba\\\/\",\"logo\":{\"@type\":\"ImageObject\",\"inLanguage\":\"hr\",\"@id\":\"https:\\\/\\\/radioljubuski.ba\\\/#\\\/schema\\\/logo\\\/image\\\/\",\"url\":\"https:\\\/\\\/radioljubuski.ba\\\/wp-content\\\/uploads\\\/2021\\\/02\\\/cropped-Radio_Ljubuski_logo1.jpg\",\"contentUrl\":\"https:\\\/\\\/radioljubuski.ba\\\/wp-content\\\/uploads\\\/2021\\\/02\\\/cropped-Radio_Ljubuski_logo1.jpg\",\"width\":512,\"height\":512,\"caption\":\"Radio Ljubu\u0161ki\"},\"image\":{\"@id\":\"https:\\\/\\\/radioljubuski.ba\\\/#\\\/schema\\\/logo\\\/image\\\/\"},\"sameAs\":[\"https:\\\/\\\/www.facebook.com\\\/Radiio-Ljubuski-1490835324566332\",\"https:\\\/\\\/x.com\\\/radioljubuski\",\"https:\\\/\\\/hr.linkedin.com\\\/company\\\/radio-ljubuski\",\"https:\\\/\\\/www.youtube.com\\\/channel\\\/UCHYaeO_n0Db3tjNGudGpXyw\"]},{\"@type\":\"Person\",\"@id\":\"https:\\\/\\\/radioljubuski.ba\\\/#\\\/schema\\\/person\\\/19fc700381a780f69665d7956c469e3b\",\"name\":\"Radio Ljubu\u0161ki\"}]}<\/script>\n<!-- \/ Yoast SEO plugin. -->","yoast_head_json":{"title":"Detalji krvavog obra\u010duna: U brata ispalio oko 20 hitaca, pozvao policiju i mirno ih pri\u010dekao - RADIO LJUBU\u0160KI","robots":{"index":"index","follow":"follow","max-snippet":"max-snippet:-1","max-image-preview":"max-image-preview:large","max-video-preview":"max-video-preview:-1"},"canonical":"https:\/\/radioljubuski.ba\/index.php\/2021\/04\/27\/detalji-krvavog-obracuna-u-brata-ispalio-oko-20-hitaca-pozvao-policiju-i-mirno-ih-pricekao\/","og_locale":"hr_HR","og_type":"article","og_title":"Detalji krvavog obra\u010duna: U brata ispalio oko 20 hitaca, pozvao policiju i mirno ih pri\u010dekao - RADIO LJUBU\u0160KI","og_description":"B.U. (46) osumnji\u010den je da je ubio brata Z. (56), s kojim je \u017eivio u ku\u0107i u Srednjem Bu\u0161evi\u0107u, kod Krupe na Uni, na kojeg je usIijed sva\u0111e ispalio oko 20 hitaca iz automatske pu\u0161ke, od kojih ga je vi\u0161e metaka pogodilo, potvr\u0111eno je &#8220;Nezavisnim novinama&#8221; iz vi\u0161e izvora. Nakon zlo\u010dina, prema neslu\u017ebenim informacijama, osumnji\u010deni [&hellip;]","og_url":"https:\/\/radioljubuski.ba\/index.php\/2021\/04\/27\/detalji-krvavog-obracuna-u-brata-ispalio-oko-20-hitaca-pozvao-policiju-i-mirno-ih-pricekao\/","og_site_name":"RADIO LJUBU\u0160KI","article_publisher":"https:\/\/www.facebook.com\/Radiio-Ljubuski-1490835324566332","article_published_time":"2021-04-27T18:47:17+00:00","article_modified_time":"2021-04-27T18:47:19+00:00","og_image":[{"width":1000,"height":625,"url":"https:\/\/radioljubuski.ba\/wp-content\/uploads\/2021\/04\/2-2021-04-27-19-22-22-PUSKA.jpg","type":"image\/jpeg"}],"author":"Radio Ljubu\u0161ki","twitter_card":"summary_large_image","twitter_creator":"@radioljubuski","twitter_site":"@radioljubuski","twitter_misc":{"Napisao\/la":"Radio Ljubu\u0161ki","Procijenjeno vrijeme \u010ditanja":"2 minute"},"schema":{"@context":"https:\/\/schema.org","@graph":[{"@type":"Article","@id":"https:\/\/radioljubuski.ba\/index.php\/2021\/04\/27\/detalji-krvavog-obracuna-u-brata-ispalio-oko-20-hitaca-pozvao-policiju-i-mirno-ih-pricekao\/#article","isPartOf":{"@id":"https:\/\/radioljubuski.ba\/index.php\/2021\/04\/27\/detalji-krvavog-obracuna-u-brata-ispalio-oko-20-hitaca-pozvao-policiju-i-mirno-ih-pricekao\/"},"author":{"name":"Radio Ljubu\u0161ki","@id":"https:\/\/radioljubuski.ba\/#\/schema\/person\/19fc700381a780f69665d7956c469e3b"},"headline":"Detalji krvavog obra\u010duna: U brata ispalio oko 20 hitaca, pozvao policiju i mirno ih pri\u010dekao","datePublished":"2021-04-27T18:47:17+00:00","dateModified":"2021-04-27T18:47:19+00:00","mainEntityOfPage":{"@id":"https:\/\/radioljubuski.ba\/index.php\/2021\/04\/27\/detalji-krvavog-obracuna-u-brata-ispalio-oko-20-hitaca-pozvao-policiju-i-mirno-ih-pricekao\/"},"wordCount":398,"publisher":{"@id":"https:\/\/radioljubuski.ba\/#organization"},"image":{"@id":"https:\/\/radioljubuski.ba\/index.php\/2021\/04\/27\/detalji-krvavog-obracuna-u-brata-ispalio-oko-20-hitaca-pozvao-policiju-i-mirno-ih-pricekao\/#primaryimage"},"thumbnailUrl":"https:\/\/radioljubuski.ba\/wp-content\/uploads\/2021\/04\/2-2021-04-27-19-22-22-PUSKA.jpg","articleSection":["BIH i regija"],"inLanguage":"hr"},{"@type":"WebPage","@id":"https:\/\/radioljubuski.ba\/index.php\/2021\/04\/27\/detalji-krvavog-obracuna-u-brata-ispalio-oko-20-hitaca-pozvao-policiju-i-mirno-ih-pricekao\/","url":"https:\/\/radioljubuski.ba\/index.php\/2021\/04\/27\/detalji-krvavog-obracuna-u-brata-ispalio-oko-20-hitaca-pozvao-policiju-i-mirno-ih-pricekao\/","name":"Detalji krvavog obra\u010duna: U brata ispalio oko 20 hitaca, pozvao policiju i mirno ih pri\u010dekao - RADIO LJUBU\u0160KI","isPartOf":{"@id":"https:\/\/radioljubuski.ba\/#website"},"primaryImageOfPage":{"@id":"https:\/\/radioljubuski.ba\/index.php\/2021\/04\/27\/detalji-krvavog-obracuna-u-brata-ispalio-oko-20-hitaca-pozvao-policiju-i-mirno-ih-pricekao\/#primaryimage"},"image":{"@id":"https:\/\/radioljubuski.ba\/index.php\/2021\/04\/27\/detalji-krvavog-obracuna-u-brata-ispalio-oko-20-hitaca-pozvao-policiju-i-mirno-ih-pricekao\/#primaryimage"},"thumbnailUrl":"https:\/\/radioljubuski.ba\/wp-content\/uploads\/2021\/04\/2-2021-04-27-19-22-22-PUSKA.jpg","datePublished":"2021-04-27T18:47:17+00:00","dateModified":"2021-04-27T18:47:19+00:00","breadcrumb":{"@id":"https:\/\/radioljubuski.ba\/index.php\/2021\/04\/27\/detalji-krvavog-obracuna-u-brata-ispalio-oko-20-hitaca-pozvao-policiju-i-mirno-ih-pricekao\/#breadcrumb"},"inLanguage":"hr","potentialAction":[{"@type":"ReadAction","target":["https:\/\/radioljubuski.ba\/index.php\/2021\/04\/27\/detalji-krvavog-obracuna-u-brata-ispalio-oko-20-hitaca-pozvao-policiju-i-mirno-ih-pricekao\/"]}]},{"@type":"ImageObject","inLanguage":"hr","@id":"https:\/\/radioljubuski.ba\/index.php\/2021\/04\/27\/detalji-krvavog-obracuna-u-brata-ispalio-oko-20-hitaca-pozvao-policiju-i-mirno-ih-pricekao\/#primaryimage","url":"https:\/\/radioljubuski.ba\/wp-content\/uploads\/2021\/04\/2-2021-04-27-19-22-22-PUSKA.jpg","contentUrl":"https:\/\/radioljubuski.ba\/wp-content\/uploads\/2021\/04\/2-2021-04-27-19-22-22-PUSKA.jpg","width":1000,"height":625},{"@type":"BreadcrumbList","@id":"https:\/\/radioljubuski.ba\/index.php\/2021\/04\/27\/detalji-krvavog-obracuna-u-brata-ispalio-oko-20-hitaca-pozvao-policiju-i-mirno-ih-pricekao\/#breadcrumb","itemListElement":[{"@type":"ListItem","position":1,"name":"Po\u010detna stranica","item":"https:\/\/radioljubuski.ba\/"},{"@type":"ListItem","position":2,"name":"Detalji krvavog obra\u010duna: U brata ispalio oko 20 hitaca, pozvao policiju i mirno ih pri\u010dekao"}]},{"@type":"WebSite","@id":"https:\/\/radioljubuski.ba\/#website","url":"https:\/\/radioljubuski.ba\/","name":"Radio Ljubu\u0161ki","description":"Sun\u010dana frekvencija Hercegovine","publisher":{"@id":"https:\/\/radioljubuski.ba\/#organization"},"potentialAction":[{"@type":"SearchAction","target":{"@type":"EntryPoint","urlTemplate":"https:\/\/radioljubuski.ba\/?s={search_term_string}"},"query-input":{"@type":"PropertyValueSpecification","valueRequired":true,"valueName":"search_term_string"}}],"inLanguage":"hr"},{"@type":"Organization","@id":"https:\/\/radioljubuski.ba\/#organization","name":"Radio Ljubu\u0161ki","url":"https:\/\/radioljubuski.ba\/","logo":{"@type":"ImageObject","inLanguage":"hr","@id":"https:\/\/radioljubuski.ba\/#\/schema\/logo\/image\/","url":"https:\/\/radioljubuski.ba\/wp-content\/uploads\/2021\/02\/cropped-Radio_Ljubuski_logo1.jpg","contentUrl":"https:\/\/radioljubuski.ba\/wp-content\/uploads\/2021\/02\/cropped-Radio_Ljubuski_logo1.jpg","width":512,"height":512,"caption":"Radio Ljubu\u0161ki"},"image":{"@id":"https:\/\/radioljubuski.ba\/#\/schema\/logo\/image\/"},"sameAs":["https:\/\/www.facebook.com\/Radiio-Ljubuski-1490835324566332","https:\/\/x.com\/radioljubuski","https:\/\/hr.linkedin.com\/company\/radio-ljubuski","https:\/\/www.youtube.com\/channel\/UCHYaeO_n0Db3tjNGudGpXyw"]},{"@type":"Person","@id":"https:\/\/radioljubuski.ba\/#\/schema\/person\/19fc700381a780f69665d7956c469e3b","name":"Radio Ljubu\u0161ki"}]}},"_links":{"self":[{"href":"https:\/\/radioljubuski.ba\/index.php\/wp-json\/wp\/v2\/posts\/16779","targetHints":{"allow":["GET"]}}],"collection":[{"href":"https:\/\/radioljubuski.ba\/index.php\/wp-json\/wp\/v2\/posts"}],"about":[{"href":"https:\/\/radioljubuski.ba\/index.php\/wp-json\/wp\/v2\/types\/post"}],"author":[{"embeddable":true,"href":"https:\/\/radioljubuski.ba\/index.php\/wp-json\/wp\/v2\/users\/2"}],"replies":[{"embeddable":true,"href":"https:\/\/radioljubuski.ba\/index.php\/wp-json\/wp\/v2\/comments?post=16779"}],"version-history":[{"count":1,"href":"https:\/\/radioljubuski.ba\/index.php\/wp-json\/wp\/v2\/posts\/16779\/revisions"}],"predecessor-version":[{"id":16781,"href":"https:\/\/radioljubuski.ba\/index.php\/wp-json\/wp\/v2\/posts\/16779\/revisions\/16781"}],"wp:featuredmedia":[{"embeddable":true,"href":"https:\/\/radioljubuski.ba\/index.php\/wp-json\/wp\/v2\/media\/16780"}],"wp:attachment":[{"href":"https:\/\/radioljubuski.ba\/index.php\/wp-json\/wp\/v2\/media?parent=16779"}],"wp:term":[{"taxonomy":"category","embeddable":true,"href":"https:\/\/radioljubuski.ba\/index.php\/wp-json\/wp\/v2\/categories?post=16779"},{"taxonomy":"post_tag","embeddable":true,"href":"https:\/\/radioljubuski.ba\/index.php\/wp-json\/wp\/v2\/tags?post=16779"}],"curies":[{"name":"wp","href":"https:\/\/api.w.org\/{rel}","templated":true}]}}