{"id":16787,"date":"2021-04-27T19:53:43","date_gmt":"2021-04-27T18:53:43","guid":{"rendered":"https:\/\/radioljubuski.ba\/?p=16787"},"modified":"2021-04-27T19:53:44","modified_gmt":"2021-04-27T18:53:44","slug":"blaskic-za-dnevno-hr-milanovic-me-primio-jer-zna-da-kroz-ahmice-prolazim-podignute-glave","status":"publish","type":"post","link":"https:\/\/radioljubuski.ba\/index.php\/2021\/04\/27\/blaskic-za-dnevno-hr-milanovic-me-primio-jer-zna-da-kroz-ahmice-prolazim-podignute-glave\/","title":{"rendered":"Bla\u0161ki\u0107 za Dnevno.hr: \u2018Milanovi\u0107 me primio jer zna da kroz Ahmi\u0107e prolazim podignute glave\u2019"},"content":{"rendered":"\n<p>Hrvatski predsjednik&nbsp;<strong>Zoran Milanovi\u0107<\/strong>&nbsp;danas je vrlo energi\u010dno branio&nbsp;<strong>Tihomira Bla\u0161ki\u0107a<\/strong>, umirovljenog generala HVO-a koji je svojedobno pred ha\u0161kim sudom odgovarao za ratni zlo\u010din u BiH.<\/p>\n\n\n\n<p>Pritisnut pitanjima o \u201cmoralnosti\u201d razgovora sa \u201cosu\u0111enim ratnim zlo\u010dincem\u201d kojeg je zajedno sa jo\u0161 nekolicinom generala prethodnoga dana ugostio u svom uredu, predsjednik je novinarima odgovorio protupitanjem \u201cznaju li to\u010dno o kojem zlo\u010dinu pri\u010daju\u201d, aludiraju\u0107i na ne\u0161to \u0161to im mo\u017eda i nije poznato.<\/p>\n\n\n\n<p>Na \u0161to je mislio hrvatski predsjednik i je li ne\u0161to pre\u0161u\u0107eno javnosti, pitali smo Tihomira Bla\u0161ki\u0107a osobno:<\/p>\n\n\n\n<h2 class=\"wp-block-heading\">Bla\u0161ki\u0107: \u201cMilanovi\u0107 je \u017eelio znati vi\u0161e\u2026\u201d<\/h2>\n\n\n\n<p>\u201cPrvo, neizmjerno sam sretan i zahvalan na pozivu hrvatskog predsjednika, jer smo posljednji put s \u010delnim \u010dovjekom Hrvatske imali priliku razgovarati kada nas je nakon Kupresa pozvao dr. Franjo Tu\u0111man. Nakon puno godina, pojavio se interes za ono \u0161to je HVO u\u010dinio tijelom rata u BiH, ali ne i samo za tu zemlju. Mnogi ne znaju, ali za Oluju su postojali brojni preduvjeti i operacije koje se bez sudjelovanja HVO-a ne bi dogodile\u201d, pohvalio je Bla\u0161ki\u0107 interes hrvatskog predsjednika za ratnu pro\u0161lost BiH.<\/p>\n\n\n\n<p>Na\u0161 sugovornik tvrdi da su pri\u010dali satima o ratnim operacijama i zada\u0107ama Hrvatskog vije\u0107a obrane, te da je Milanovi\u0107 o tome \u017eelio doznati \u0161to vi\u0161e. No, \u010dini se kako je predsjednik i uo\u010di sastanka o Bla\u0161ki\u0107evoj presudi znao vi\u0161e od mnogih Hrvata:<\/p>\n\n\n\n<p>\u201c\u010cuo sam da me zastupio pred novinarima i jasno da sam zadovoljan zbog toga. Zoran Milanovi\u0107 je, za razliku od novinara, svjestan da sam 2009. godine rehabilitiran, te da su optu\u017ebe za moju odgovornost za zlo\u010din u Ahmi\u0107ima odba\u010dene. To\u010dnije, za Ahmi\u0107e nisam kriv\u2026 Ve\u0107ina to\u010daka optu\u017enice protiv mene je odba\u010dena, a progla\u0161en sam krivim samo za zapovjednu odgovornost\u201d, doznajemo od Bla\u0161ki\u0107a koji danas \u017eivi i radi u Zagrebu.<\/p>\n\n\n\n<h2 class=\"wp-block-heading\">\u201c\u010cesto pro\u0111em kroz Ahmi\u0107e\u2026\u201d<\/h2>\n\n\n\n<p>\u201cPodatak da od 150 svjedoka (od kojih su neki bili instruirani) niti jedan nije upro prstom u mene niti svjedo\u010dio protiv mene, tako\u0111er ne\u0161to govori. \u010cak i za zapovjednu odgovornost za koju sam progla\u0161en krivim nisam imao ovlasti. Sve su to \u010dinjenice koje bi novinari lako mogli provjeriti jer je sve dostupno na internetu\u201d.<\/p>\n\n\n\n<p>Tihomir Bla\u0161ki\u0107 koji se dragovoljno predao ha\u0161kom sudu, ka\u017ee da i danas osje\u0107a \u201cteret\u201d presude, no:<\/p>\n\n\n\n<p>\u201cNajve\u0107a satisfakcija mi je kad pro\u0111em kroz Vitez i Ahmi\u0107e (a pro\u0111em barem jednom godi\u0161nje) odobravanje tamo\u0161njih ljudi koji mi prilaze i pozdravljaju. \u010cinjenica da me oni ne do\u017eivljavaju kao krivca za uistinu stra\u0161an zlo\u010din koji se tamo dogodio, nemjerljiva je sa bilo \u010dime. Oni se sje\u0107aju da sam tada bio prvi koji je u kameru BBC-a osudio taj crni doga\u0111aj \u201c, kazao je Bla\u0161ki\u0107 za kraj.<\/p>\n\n\n\n<p>Autor: Snje\u017eana Vu\u010dkovi\u0107\/dnevno.hr<\/p>\n","protected":false},"excerpt":{"rendered":"<p>Hrvatski predsjednik&nbsp;Zoran Milanovi\u0107&nbsp;danas je vrlo energi\u010dno branio&nbsp;Tihomira Bla\u0161ki\u0107a, umirovljenog generala HVO-a koji je svojedobno pred ha\u0161kim sudom odgovarao za ratni zlo\u010din u BiH. Pritisnut pitanjima o \u201cmoralnosti\u201d razgovora sa \u201cosu\u0111enim ratnim zlo\u010dincem\u201d kojeg je zajedno sa jo\u0161 nekolicinom generala prethodnoga dana ugostio u svom uredu, predsjednik je novinarima odgovorio protupitanjem \u201cznaju li to\u010dno o kojem [&hellip;]<\/p>\n","protected":false},"author":2,"featured_media":16788,"comment_status":"closed","ping_status":"closed","sticky":false,"template":"","format":"standard","meta":{"h5ap_radio_sources":[],"footnotes":""},"categories":[1],"tags":[],"class_list":["post-16787","post","type-post","status-publish","format-standard","has-post-thumbnail","hentry","category-bihiregija"],"yoast_head":"<!-- This site is optimized with the Yoast SEO plugin v27.4 - https:\/\/yoast.com\/product\/yoast-seo-wordpress\/ -->\n<title>Bla\u0161ki\u0107 za Dnevno.hr: \u2018Milanovi\u0107 me primio jer zna da kroz Ahmi\u0107e prolazim podignute glave\u2019 - RADIO LJUBU\u0160KI<\/title>\n<meta name=\"robots\" content=\"index, follow, max-snippet:-1, max-image-preview:large, max-video-preview:-1\" \/>\n<link rel=\"canonical\" href=\"https:\/\/radioljubuski.ba\/index.php\/2021\/04\/27\/blaskic-za-dnevno-hr-milanovic-me-primio-jer-zna-da-kroz-ahmice-prolazim-podignute-glave\/\" \/>\n<meta property=\"og:locale\" content=\"hr_HR\" \/>\n<meta property=\"og:type\" content=\"article\" \/>\n<meta property=\"og:title\" content=\"Bla\u0161ki\u0107 za Dnevno.hr: \u2018Milanovi\u0107 me primio jer zna da kroz Ahmi\u0107e prolazim podignute glave\u2019 - RADIO LJUBU\u0160KI\" \/>\n<meta property=\"og:description\" content=\"Hrvatski predsjednik&nbsp;Zoran Milanovi\u0107&nbsp;danas je vrlo energi\u010dno branio&nbsp;Tihomira Bla\u0161ki\u0107a, umirovljenog generala HVO-a koji je svojedobno pred ha\u0161kim sudom odgovarao za ratni zlo\u010din u BiH. Pritisnut pitanjima o \u201cmoralnosti\u201d razgovora sa \u201cosu\u0111enim ratnim zlo\u010dincem\u201d kojeg je zajedno sa jo\u0161 nekolicinom generala prethodnoga dana ugostio u svom uredu, predsjednik je novinarima odgovorio protupitanjem \u201cznaju li to\u010dno o kojem [&hellip;]\" \/>\n<meta property=\"og:url\" content=\"https:\/\/radioljubuski.ba\/index.php\/2021\/04\/27\/blaskic-za-dnevno-hr-milanovic-me-primio-jer-zna-da-kroz-ahmice-prolazim-podignute-glave\/\" \/>\n<meta property=\"og:site_name\" content=\"RADIO LJUBU\u0160KI\" \/>\n<meta property=\"article:publisher\" content=\"https:\/\/www.facebook.com\/Radiio-Ljubuski-1490835324566332\" \/>\n<meta property=\"article:published_time\" content=\"2021-04-27T18:53:43+00:00\" \/>\n<meta property=\"article:modified_time\" content=\"2021-04-27T18:53:44+00:00\" \/>\n<meta property=\"og:image\" content=\"https:\/\/radioljubuski.ba\/wp-content\/uploads\/2021\/04\/b86523c52c8bf675a8ac-660x450-1.jpeg\" \/>\n\t<meta property=\"og:image:width\" content=\"660\" \/>\n\t<meta property=\"og:image:height\" content=\"450\" \/>\n\t<meta property=\"og:image:type\" content=\"image\/jpeg\" \/>\n<meta name=\"author\" content=\"Radio Ljubu\u0161ki\" \/>\n<meta name=\"twitter:card\" content=\"summary_large_image\" \/>\n<meta name=\"twitter:creator\" content=\"@radioljubuski\" \/>\n<meta name=\"twitter:site\" content=\"@radioljubuski\" \/>\n<meta name=\"twitter:label1\" content=\"Napisao\/la\" \/>\n\t<meta name=\"twitter:data1\" content=\"Radio Ljubu\u0161ki\" \/>\n\t<meta name=\"twitter:label2\" content=\"Procijenjeno vrijeme \u010ditanja\" \/>\n\t<meta name=\"twitter:data2\" content=\"2 minute\" \/>\n<script type=\"application\/ld+json\" class=\"yoast-schema-graph\">{\"@context\":\"https:\\\/\\\/schema.org\",\"@graph\":[{\"@type\":\"Article\",\"@id\":\"https:\\\/\\\/radioljubuski.ba\\\/index.php\\\/2021\\\/04\\\/27\\\/blaskic-za-dnevno-hr-milanovic-me-primio-jer-zna-da-kroz-ahmice-prolazim-podignute-glave\\\/#article\",\"isPartOf\":{\"@id\":\"https:\\\/\\\/radioljubuski.ba\\\/index.php\\\/2021\\\/04\\\/27\\\/blaskic-za-dnevno-hr-milanovic-me-primio-jer-zna-da-kroz-ahmice-prolazim-podignute-glave\\\/\"},\"author\":{\"name\":\"Radio Ljubu\u0161ki\",\"@id\":\"https:\\\/\\\/radioljubuski.ba\\\/#\\\/schema\\\/person\\\/19fc700381a780f69665d7956c469e3b\"},\"headline\":\"Bla\u0161ki\u0107 za Dnevno.hr: \u2018Milanovi\u0107 me primio jer zna da kroz Ahmi\u0107e prolazim podignute glave\u2019\",\"datePublished\":\"2021-04-27T18:53:43+00:00\",\"dateModified\":\"2021-04-27T18:53:44+00:00\",\"mainEntityOfPage\":{\"@id\":\"https:\\\/\\\/radioljubuski.ba\\\/index.php\\\/2021\\\/04\\\/27\\\/blaskic-za-dnevno-hr-milanovic-me-primio-jer-zna-da-kroz-ahmice-prolazim-podignute-glave\\\/\"},\"wordCount\":518,\"publisher\":{\"@id\":\"https:\\\/\\\/radioljubuski.ba\\\/#organization\"},\"image\":{\"@id\":\"https:\\\/\\\/radioljubuski.ba\\\/index.php\\\/2021\\\/04\\\/27\\\/blaskic-za-dnevno-hr-milanovic-me-primio-jer-zna-da-kroz-ahmice-prolazim-podignute-glave\\\/#primaryimage\"},\"thumbnailUrl\":\"https:\\\/\\\/radioljubuski.ba\\\/wp-content\\\/uploads\\\/2021\\\/04\\\/b86523c52c8bf675a8ac-660x450-1.jpeg\",\"articleSection\":[\"BIH i regija\"],\"inLanguage\":\"hr\"},{\"@type\":\"WebPage\",\"@id\":\"https:\\\/\\\/radioljubuski.ba\\\/index.php\\\/2021\\\/04\\\/27\\\/blaskic-za-dnevno-hr-milanovic-me-primio-jer-zna-da-kroz-ahmice-prolazim-podignute-glave\\\/\",\"url\":\"https:\\\/\\\/radioljubuski.ba\\\/index.php\\\/2021\\\/04\\\/27\\\/blaskic-za-dnevno-hr-milanovic-me-primio-jer-zna-da-kroz-ahmice-prolazim-podignute-glave\\\/\",\"name\":\"Bla\u0161ki\u0107 za Dnevno.hr: \u2018Milanovi\u0107 me primio jer zna da kroz Ahmi\u0107e prolazim podignute glave\u2019 - RADIO LJUBU\u0160KI\",\"isPartOf\":{\"@id\":\"https:\\\/\\\/radioljubuski.ba\\\/#website\"},\"primaryImageOfPage\":{\"@id\":\"https:\\\/\\\/radioljubuski.ba\\\/index.php\\\/2021\\\/04\\\/27\\\/blaskic-za-dnevno-hr-milanovic-me-primio-jer-zna-da-kroz-ahmice-prolazim-podignute-glave\\\/#primaryimage\"},\"image\":{\"@id\":\"https:\\\/\\\/radioljubuski.ba\\\/index.php\\\/2021\\\/04\\\/27\\\/blaskic-za-dnevno-hr-milanovic-me-primio-jer-zna-da-kroz-ahmice-prolazim-podignute-glave\\\/#primaryimage\"},\"thumbnailUrl\":\"https:\\\/\\\/radioljubuski.ba\\\/wp-content\\\/uploads\\\/2021\\\/04\\\/b86523c52c8bf675a8ac-660x450-1.jpeg\",\"datePublished\":\"2021-04-27T18:53:43+00:00\",\"dateModified\":\"2021-04-27T18:53:44+00:00\",\"breadcrumb\":{\"@id\":\"https:\\\/\\\/radioljubuski.ba\\\/index.php\\\/2021\\\/04\\\/27\\\/blaskic-za-dnevno-hr-milanovic-me-primio-jer-zna-da-kroz-ahmice-prolazim-podignute-glave\\\/#breadcrumb\"},\"inLanguage\":\"hr\",\"potentialAction\":[{\"@type\":\"ReadAction\",\"target\":[\"https:\\\/\\\/radioljubuski.ba\\\/index.php\\\/2021\\\/04\\\/27\\\/blaskic-za-dnevno-hr-milanovic-me-primio-jer-zna-da-kroz-ahmice-prolazim-podignute-glave\\\/\"]}]},{\"@type\":\"ImageObject\",\"inLanguage\":\"hr\",\"@id\":\"https:\\\/\\\/radioljubuski.ba\\\/index.php\\\/2021\\\/04\\\/27\\\/blaskic-za-dnevno-hr-milanovic-me-primio-jer-zna-da-kroz-ahmice-prolazim-podignute-glave\\\/#primaryimage\",\"url\":\"https:\\\/\\\/radioljubuski.ba\\\/wp-content\\\/uploads\\\/2021\\\/04\\\/b86523c52c8bf675a8ac-660x450-1.jpeg\",\"contentUrl\":\"https:\\\/\\\/radioljubuski.ba\\\/wp-content\\\/uploads\\\/2021\\\/04\\\/b86523c52c8bf675a8ac-660x450-1.jpeg\",\"width\":660,\"height\":450},{\"@type\":\"BreadcrumbList\",\"@id\":\"https:\\\/\\\/radioljubuski.ba\\\/index.php\\\/2021\\\/04\\\/27\\\/blaskic-za-dnevno-hr-milanovic-me-primio-jer-zna-da-kroz-ahmice-prolazim-podignute-glave\\\/#breadcrumb\",\"itemListElement\":[{\"@type\":\"ListItem\",\"position\":1,\"name\":\"Po\u010detna stranica\",\"item\":\"https:\\\/\\\/radioljubuski.ba\\\/\"},{\"@type\":\"ListItem\",\"position\":2,\"name\":\"Bla\u0161ki\u0107 za Dnevno.hr: \u2018Milanovi\u0107 me primio jer zna da kroz Ahmi\u0107e prolazim podignute glave\u2019\"}]},{\"@type\":\"WebSite\",\"@id\":\"https:\\\/\\\/radioljubuski.ba\\\/#website\",\"url\":\"https:\\\/\\\/radioljubuski.ba\\\/\",\"name\":\"Radio Ljubu\u0161ki\",\"description\":\"Sun\u010dana frekvencija Hercegovine\",\"publisher\":{\"@id\":\"https:\\\/\\\/radioljubuski.ba\\\/#organization\"},\"potentialAction\":[{\"@type\":\"SearchAction\",\"target\":{\"@type\":\"EntryPoint\",\"urlTemplate\":\"https:\\\/\\\/radioljubuski.ba\\\/?s={search_term_string}\"},\"query-input\":{\"@type\":\"PropertyValueSpecification\",\"valueRequired\":true,\"valueName\":\"search_term_string\"}}],\"inLanguage\":\"hr\"},{\"@type\":\"Organization\",\"@id\":\"https:\\\/\\\/radioljubuski.ba\\\/#organization\",\"name\":\"Radio Ljubu\u0161ki\",\"url\":\"https:\\\/\\\/radioljubuski.ba\\\/\",\"logo\":{\"@type\":\"ImageObject\",\"inLanguage\":\"hr\",\"@id\":\"https:\\\/\\\/radioljubuski.ba\\\/#\\\/schema\\\/logo\\\/image\\\/\",\"url\":\"https:\\\/\\\/radioljubuski.ba\\\/wp-content\\\/uploads\\\/2021\\\/02\\\/cropped-Radio_Ljubuski_logo1.jpg\",\"contentUrl\":\"https:\\\/\\\/radioljubuski.ba\\\/wp-content\\\/uploads\\\/2021\\\/02\\\/cropped-Radio_Ljubuski_logo1.jpg\",\"width\":512,\"height\":512,\"caption\":\"Radio Ljubu\u0161ki\"},\"image\":{\"@id\":\"https:\\\/\\\/radioljubuski.ba\\\/#\\\/schema\\\/logo\\\/image\\\/\"},\"sameAs\":[\"https:\\\/\\\/www.facebook.com\\\/Radiio-Ljubuski-1490835324566332\",\"https:\\\/\\\/x.com\\\/radioljubuski\",\"https:\\\/\\\/hr.linkedin.com\\\/company\\\/radio-ljubuski\",\"https:\\\/\\\/www.youtube.com\\\/channel\\\/UCHYaeO_n0Db3tjNGudGpXyw\"]},{\"@type\":\"Person\",\"@id\":\"https:\\\/\\\/radioljubuski.ba\\\/#\\\/schema\\\/person\\\/19fc700381a780f69665d7956c469e3b\",\"name\":\"Radio Ljubu\u0161ki\"}]}<\/script>\n<!-- \/ Yoast SEO plugin. -->","yoast_head_json":{"title":"Bla\u0161ki\u0107 za Dnevno.hr: \u2018Milanovi\u0107 me primio jer zna da kroz Ahmi\u0107e prolazim podignute glave\u2019 - RADIO LJUBU\u0160KI","robots":{"index":"index","follow":"follow","max-snippet":"max-snippet:-1","max-image-preview":"max-image-preview:large","max-video-preview":"max-video-preview:-1"},"canonical":"https:\/\/radioljubuski.ba\/index.php\/2021\/04\/27\/blaskic-za-dnevno-hr-milanovic-me-primio-jer-zna-da-kroz-ahmice-prolazim-podignute-glave\/","og_locale":"hr_HR","og_type":"article","og_title":"Bla\u0161ki\u0107 za Dnevno.hr: \u2018Milanovi\u0107 me primio jer zna da kroz Ahmi\u0107e prolazim podignute glave\u2019 - RADIO LJUBU\u0160KI","og_description":"Hrvatski predsjednik&nbsp;Zoran Milanovi\u0107&nbsp;danas je vrlo energi\u010dno branio&nbsp;Tihomira Bla\u0161ki\u0107a, umirovljenog generala HVO-a koji je svojedobno pred ha\u0161kim sudom odgovarao za ratni zlo\u010din u BiH. Pritisnut pitanjima o \u201cmoralnosti\u201d razgovora sa \u201cosu\u0111enim ratnim zlo\u010dincem\u201d kojeg je zajedno sa jo\u0161 nekolicinom generala prethodnoga dana ugostio u svom uredu, predsjednik je novinarima odgovorio protupitanjem \u201cznaju li to\u010dno o kojem [&hellip;]","og_url":"https:\/\/radioljubuski.ba\/index.php\/2021\/04\/27\/blaskic-za-dnevno-hr-milanovic-me-primio-jer-zna-da-kroz-ahmice-prolazim-podignute-glave\/","og_site_name":"RADIO LJUBU\u0160KI","article_publisher":"https:\/\/www.facebook.com\/Radiio-Ljubuski-1490835324566332","article_published_time":"2021-04-27T18:53:43+00:00","article_modified_time":"2021-04-27T18:53:44+00:00","og_image":[{"width":660,"height":450,"url":"https:\/\/radioljubuski.ba\/wp-content\/uploads\/2021\/04\/b86523c52c8bf675a8ac-660x450-1.jpeg","type":"image\/jpeg"}],"author":"Radio Ljubu\u0161ki","twitter_card":"summary_large_image","twitter_creator":"@radioljubuski","twitter_site":"@radioljubuski","twitter_misc":{"Napisao\/la":"Radio Ljubu\u0161ki","Procijenjeno vrijeme \u010ditanja":"2 minute"},"schema":{"@context":"https:\/\/schema.org","@graph":[{"@type":"Article","@id":"https:\/\/radioljubuski.ba\/index.php\/2021\/04\/27\/blaskic-za-dnevno-hr-milanovic-me-primio-jer-zna-da-kroz-ahmice-prolazim-podignute-glave\/#article","isPartOf":{"@id":"https:\/\/radioljubuski.ba\/index.php\/2021\/04\/27\/blaskic-za-dnevno-hr-milanovic-me-primio-jer-zna-da-kroz-ahmice-prolazim-podignute-glave\/"},"author":{"name":"Radio Ljubu\u0161ki","@id":"https:\/\/radioljubuski.ba\/#\/schema\/person\/19fc700381a780f69665d7956c469e3b"},"headline":"Bla\u0161ki\u0107 za Dnevno.hr: \u2018Milanovi\u0107 me primio jer zna da kroz Ahmi\u0107e prolazim podignute glave\u2019","datePublished":"2021-04-27T18:53:43+00:00","dateModified":"2021-04-27T18:53:44+00:00","mainEntityOfPage":{"@id":"https:\/\/radioljubuski.ba\/index.php\/2021\/04\/27\/blaskic-za-dnevno-hr-milanovic-me-primio-jer-zna-da-kroz-ahmice-prolazim-podignute-glave\/"},"wordCount":518,"publisher":{"@id":"https:\/\/radioljubuski.ba\/#organization"},"image":{"@id":"https:\/\/radioljubuski.ba\/index.php\/2021\/04\/27\/blaskic-za-dnevno-hr-milanovic-me-primio-jer-zna-da-kroz-ahmice-prolazim-podignute-glave\/#primaryimage"},"thumbnailUrl":"https:\/\/radioljubuski.ba\/wp-content\/uploads\/2021\/04\/b86523c52c8bf675a8ac-660x450-1.jpeg","articleSection":["BIH i regija"],"inLanguage":"hr"},{"@type":"WebPage","@id":"https:\/\/radioljubuski.ba\/index.php\/2021\/04\/27\/blaskic-za-dnevno-hr-milanovic-me-primio-jer-zna-da-kroz-ahmice-prolazim-podignute-glave\/","url":"https:\/\/radioljubuski.ba\/index.php\/2021\/04\/27\/blaskic-za-dnevno-hr-milanovic-me-primio-jer-zna-da-kroz-ahmice-prolazim-podignute-glave\/","name":"Bla\u0161ki\u0107 za Dnevno.hr: \u2018Milanovi\u0107 me primio jer zna da kroz Ahmi\u0107e prolazim podignute glave\u2019 - RADIO LJUBU\u0160KI","isPartOf":{"@id":"https:\/\/radioljubuski.ba\/#website"},"primaryImageOfPage":{"@id":"https:\/\/radioljubuski.ba\/index.php\/2021\/04\/27\/blaskic-za-dnevno-hr-milanovic-me-primio-jer-zna-da-kroz-ahmice-prolazim-podignute-glave\/#primaryimage"},"image":{"@id":"https:\/\/radioljubuski.ba\/index.php\/2021\/04\/27\/blaskic-za-dnevno-hr-milanovic-me-primio-jer-zna-da-kroz-ahmice-prolazim-podignute-glave\/#primaryimage"},"thumbnailUrl":"https:\/\/radioljubuski.ba\/wp-content\/uploads\/2021\/04\/b86523c52c8bf675a8ac-660x450-1.jpeg","datePublished":"2021-04-27T18:53:43+00:00","dateModified":"2021-04-27T18:53:44+00:00","breadcrumb":{"@id":"https:\/\/radioljubuski.ba\/index.php\/2021\/04\/27\/blaskic-za-dnevno-hr-milanovic-me-primio-jer-zna-da-kroz-ahmice-prolazim-podignute-glave\/#breadcrumb"},"inLanguage":"hr","potentialAction":[{"@type":"ReadAction","target":["https:\/\/radioljubuski.ba\/index.php\/2021\/04\/27\/blaskic-za-dnevno-hr-milanovic-me-primio-jer-zna-da-kroz-ahmice-prolazim-podignute-glave\/"]}]},{"@type":"ImageObject","inLanguage":"hr","@id":"https:\/\/radioljubuski.ba\/index.php\/2021\/04\/27\/blaskic-za-dnevno-hr-milanovic-me-primio-jer-zna-da-kroz-ahmice-prolazim-podignute-glave\/#primaryimage","url":"https:\/\/radioljubuski.ba\/wp-content\/uploads\/2021\/04\/b86523c52c8bf675a8ac-660x450-1.jpeg","contentUrl":"https:\/\/radioljubuski.ba\/wp-content\/uploads\/2021\/04\/b86523c52c8bf675a8ac-660x450-1.jpeg","width":660,"height":450},{"@type":"BreadcrumbList","@id":"https:\/\/radioljubuski.ba\/index.php\/2021\/04\/27\/blaskic-za-dnevno-hr-milanovic-me-primio-jer-zna-da-kroz-ahmice-prolazim-podignute-glave\/#breadcrumb","itemListElement":[{"@type":"ListItem","position":1,"name":"Po\u010detna stranica","item":"https:\/\/radioljubuski.ba\/"},{"@type":"ListItem","position":2,"name":"Bla\u0161ki\u0107 za Dnevno.hr: \u2018Milanovi\u0107 me primio jer zna da kroz Ahmi\u0107e prolazim podignute glave\u2019"}]},{"@type":"WebSite","@id":"https:\/\/radioljubuski.ba\/#website","url":"https:\/\/radioljubuski.ba\/","name":"Radio Ljubu\u0161ki","description":"Sun\u010dana frekvencija Hercegovine","publisher":{"@id":"https:\/\/radioljubuski.ba\/#organization"},"potentialAction":[{"@type":"SearchAction","target":{"@type":"EntryPoint","urlTemplate":"https:\/\/radioljubuski.ba\/?s={search_term_string}"},"query-input":{"@type":"PropertyValueSpecification","valueRequired":true,"valueName":"search_term_string"}}],"inLanguage":"hr"},{"@type":"Organization","@id":"https:\/\/radioljubuski.ba\/#organization","name":"Radio Ljubu\u0161ki","url":"https:\/\/radioljubuski.ba\/","logo":{"@type":"ImageObject","inLanguage":"hr","@id":"https:\/\/radioljubuski.ba\/#\/schema\/logo\/image\/","url":"https:\/\/radioljubuski.ba\/wp-content\/uploads\/2021\/02\/cropped-Radio_Ljubuski_logo1.jpg","contentUrl":"https:\/\/radioljubuski.ba\/wp-content\/uploads\/2021\/02\/cropped-Radio_Ljubuski_logo1.jpg","width":512,"height":512,"caption":"Radio Ljubu\u0161ki"},"image":{"@id":"https:\/\/radioljubuski.ba\/#\/schema\/logo\/image\/"},"sameAs":["https:\/\/www.facebook.com\/Radiio-Ljubuski-1490835324566332","https:\/\/x.com\/radioljubuski","https:\/\/hr.linkedin.com\/company\/radio-ljubuski","https:\/\/www.youtube.com\/channel\/UCHYaeO_n0Db3tjNGudGpXyw"]},{"@type":"Person","@id":"https:\/\/radioljubuski.ba\/#\/schema\/person\/19fc700381a780f69665d7956c469e3b","name":"Radio Ljubu\u0161ki"}]}},"_links":{"self":[{"href":"https:\/\/radioljubuski.ba\/index.php\/wp-json\/wp\/v2\/posts\/16787","targetHints":{"allow":["GET"]}}],"collection":[{"href":"https:\/\/radioljubuski.ba\/index.php\/wp-json\/wp\/v2\/posts"}],"about":[{"href":"https:\/\/radioljubuski.ba\/index.php\/wp-json\/wp\/v2\/types\/post"}],"author":[{"embeddable":true,"href":"https:\/\/radioljubuski.ba\/index.php\/wp-json\/wp\/v2\/users\/2"}],"replies":[{"embeddable":true,"href":"https:\/\/radioljubuski.ba\/index.php\/wp-json\/wp\/v2\/comments?post=16787"}],"version-history":[{"count":1,"href":"https:\/\/radioljubuski.ba\/index.php\/wp-json\/wp\/v2\/posts\/16787\/revisions"}],"predecessor-version":[{"id":16789,"href":"https:\/\/radioljubuski.ba\/index.php\/wp-json\/wp\/v2\/posts\/16787\/revisions\/16789"}],"wp:featuredmedia":[{"embeddable":true,"href":"https:\/\/radioljubuski.ba\/index.php\/wp-json\/wp\/v2\/media\/16788"}],"wp:attachment":[{"href":"https:\/\/radioljubuski.ba\/index.php\/wp-json\/wp\/v2\/media?parent=16787"}],"wp:term":[{"taxonomy":"category","embeddable":true,"href":"https:\/\/radioljubuski.ba\/index.php\/wp-json\/wp\/v2\/categories?post=16787"},{"taxonomy":"post_tag","embeddable":true,"href":"https:\/\/radioljubuski.ba\/index.php\/wp-json\/wp\/v2\/tags?post=16787"}],"curies":[{"name":"wp","href":"https:\/\/api.w.org\/{rel}","templated":true}]}}