{"id":16803,"date":"2021-04-27T21:51:55","date_gmt":"2021-04-27T20:51:55","guid":{"rendered":"https:\/\/radioljubuski.ba\/?p=16803"},"modified":"2021-04-27T21:51:55","modified_gmt":"2021-04-27T20:51:55","slug":"odobrena-vladina-strategija-reforme-upravljanja-javnim-financijama","status":"publish","type":"post","link":"https:\/\/radioljubuski.ba\/index.php\/2021\/04\/27\/odobrena-vladina-strategija-reforme-upravljanja-javnim-financijama\/","title":{"rendered":"Odobrena Vladina strategija reforme upravljanja javnim financijama"},"content":{"rendered":"\n<p>Zastupnici u Zastupni\u010dkom domu Federalnog parlamenta upoznati su na dana\u0161njoj sjednici sa Strategijom reforme upravljanja javnim financijama u Federaciji BiH za razdoblje 2021.-2025. godina, koja \u0107e biti objavljenja na web-stranici Federalnog ministarstva financija. Ovu strategiju izradila je Federalna vlada a obra\u0111uje svaki segment upravljanja javnim financijama, od prikupljanja javnih prihoda, upravljanja rashodima, javnim dugom, javnim investicijama, do unutarnje kontrole i vanjske revizije, s namjerom da budu provedene zna\u010dajne reforme.<\/p>\n\n\n\n<p>Dokument je izra\u0111en imaju\u0107i u vidu poseban zna\u010daj ja\u010danja ove oblasti za daljnji ekonomski napredak unutar FBiH te da pru\u017ei sna\u017ean oslonac za reforme \u010dija je provedba planirana u drugim sektorima, kao i da bude u mogu\u0107nosti odgovoriti zahtjevima koje proces pridru\u017eivanja Europskoj uniji postavlja pred \u010ditavu Bosnu i Hercegovinu. Prije ove to\u010dke dnevnog reda, zastupnici su na dana\u0161njoj sjednici ve\u0107inom glasova podr\u017eali izvje\u0161\u0107e o izdvajanju novca iz teku\u0107e rezerve Vlade FBiH iz federalnog prora\u010duna u pro\u0161loj godini.<\/p>\n\n\n\n<p>Tako\u0111er su upoznati s izvje\u0161\u0107em predsjednika Federacije BiH Marinka \u010cavare o njegovih devet odluka o pomilovanju odnosno skra\u0107ivanju zatvorskih kazni za devet osu\u0111enika, od kojih su tri ka\u017enjena za kazneno djelo iz oblasti \u0161umske kra\u0111e, tri za kr\u0161enje propisa iz oblasti za\u0161tite okoli\u0161a, a tri su osu\u0111eni policijski slu\u017ebenici. Prema ovim \u010cavarinim odlukama, maksimalno skra\u0107enje kazni je osam mjeseci a minimalno tri mjeseca.<\/p>\n\n\n\n<p>Izvor:vecernji.ba<\/p>\n","protected":false},"excerpt":{"rendered":"<p>Zastupnici u Zastupni\u010dkom domu Federalnog parlamenta upoznati su na dana\u0161njoj sjednici sa Strategijom reforme upravljanja javnim financijama u Federaciji BiH za razdoblje 2021.-2025. godina, koja \u0107e biti objavljenja na web-stranici Federalnog ministarstva financija. Ovu strategiju izradila je Federalna vlada a obra\u0111uje svaki segment upravljanja javnim financijama, od prikupljanja javnih prihoda, upravljanja rashodima, javnim dugom, javnim [&hellip;]<\/p>\n","protected":false},"author":2,"featured_media":16804,"comment_status":"closed","ping_status":"closed","sticky":false,"template":"","format":"standard","meta":{"h5ap_radio_sources":[],"footnotes":""},"categories":[1],"tags":[],"class_list":["post-16803","post","type-post","status-publish","format-standard","has-post-thumbnail","hentry","category-bihiregija"],"yoast_head":"<!-- This site is optimized with the Yoast SEO plugin v27.4 - https:\/\/yoast.com\/product\/yoast-seo-wordpress\/ -->\n<title>Odobrena Vladina strategija reforme upravljanja javnim financijama - RADIO LJUBU\u0160KI<\/title>\n<meta name=\"robots\" content=\"index, follow, max-snippet:-1, max-image-preview:large, max-video-preview:-1\" \/>\n<link rel=\"canonical\" href=\"https:\/\/radioljubuski.ba\/index.php\/2021\/04\/27\/odobrena-vladina-strategija-reforme-upravljanja-javnim-financijama\/\" \/>\n<meta property=\"og:locale\" content=\"hr_HR\" \/>\n<meta property=\"og:type\" content=\"article\" \/>\n<meta property=\"og:title\" content=\"Odobrena Vladina strategija reforme upravljanja javnim financijama - RADIO LJUBU\u0160KI\" \/>\n<meta property=\"og:description\" content=\"Zastupnici u Zastupni\u010dkom domu Federalnog parlamenta upoznati su na dana\u0161njoj sjednici sa Strategijom reforme upravljanja javnim financijama u Federaciji BiH za razdoblje 2021.-2025. godina, koja \u0107e biti objavljenja na web-stranici Federalnog ministarstva financija. Ovu strategiju izradila je Federalna vlada a obra\u0111uje svaki segment upravljanja javnim financijama, od prikupljanja javnih prihoda, upravljanja rashodima, javnim dugom, javnim [&hellip;]\" \/>\n<meta property=\"og:url\" content=\"https:\/\/radioljubuski.ba\/index.php\/2021\/04\/27\/odobrena-vladina-strategija-reforme-upravljanja-javnim-financijama\/\" \/>\n<meta property=\"og:site_name\" content=\"RADIO LJUBU\u0160KI\" \/>\n<meta property=\"article:publisher\" content=\"https:\/\/www.facebook.com\/Radiio-Ljubuski-1490835324566332\" \/>\n<meta property=\"article:published_time\" content=\"2021-04-27T20:51:55+00:00\" \/>\n<meta property=\"og:image\" content=\"https:\/\/radioljubuski.ba\/wp-content\/uploads\/2021\/04\/9-2021-04-27-18-11-29-fsfg.png\" \/>\n\t<meta property=\"og:image:width\" content=\"1000\" \/>\n\t<meta property=\"og:image:height\" content=\"625\" \/>\n\t<meta property=\"og:image:type\" content=\"image\/png\" \/>\n<meta name=\"author\" content=\"Radio Ljubu\u0161ki\" \/>\n<meta name=\"twitter:card\" content=\"summary_large_image\" \/>\n<meta name=\"twitter:creator\" content=\"@radioljubuski\" \/>\n<meta name=\"twitter:site\" content=\"@radioljubuski\" \/>\n<meta name=\"twitter:label1\" content=\"Napisao\/la\" \/>\n\t<meta name=\"twitter:data1\" content=\"Radio Ljubu\u0161ki\" \/>\n\t<meta name=\"twitter:label2\" content=\"Procijenjeno vrijeme \u010ditanja\" \/>\n\t<meta name=\"twitter:data2\" content=\"1 minuta\" \/>\n<script type=\"application\/ld+json\" class=\"yoast-schema-graph\">{\"@context\":\"https:\\\/\\\/schema.org\",\"@graph\":[{\"@type\":\"Article\",\"@id\":\"https:\\\/\\\/radioljubuski.ba\\\/index.php\\\/2021\\\/04\\\/27\\\/odobrena-vladina-strategija-reforme-upravljanja-javnim-financijama\\\/#article\",\"isPartOf\":{\"@id\":\"https:\\\/\\\/radioljubuski.ba\\\/index.php\\\/2021\\\/04\\\/27\\\/odobrena-vladina-strategija-reforme-upravljanja-javnim-financijama\\\/\"},\"author\":{\"name\":\"Radio Ljubu\u0161ki\",\"@id\":\"https:\\\/\\\/radioljubuski.ba\\\/#\\\/schema\\\/person\\\/19fc700381a780f69665d7956c469e3b\"},\"headline\":\"Odobrena Vladina strategija reforme upravljanja javnim financijama\",\"datePublished\":\"2021-04-27T20:51:55+00:00\",\"mainEntityOfPage\":{\"@id\":\"https:\\\/\\\/radioljubuski.ba\\\/index.php\\\/2021\\\/04\\\/27\\\/odobrena-vladina-strategija-reforme-upravljanja-javnim-financijama\\\/\"},\"wordCount\":252,\"publisher\":{\"@id\":\"https:\\\/\\\/radioljubuski.ba\\\/#organization\"},\"image\":{\"@id\":\"https:\\\/\\\/radioljubuski.ba\\\/index.php\\\/2021\\\/04\\\/27\\\/odobrena-vladina-strategija-reforme-upravljanja-javnim-financijama\\\/#primaryimage\"},\"thumbnailUrl\":\"https:\\\/\\\/radioljubuski.ba\\\/wp-content\\\/uploads\\\/2021\\\/04\\\/9-2021-04-27-18-11-29-fsfg.png\",\"articleSection\":[\"BIH i regija\"],\"inLanguage\":\"hr\"},{\"@type\":\"WebPage\",\"@id\":\"https:\\\/\\\/radioljubuski.ba\\\/index.php\\\/2021\\\/04\\\/27\\\/odobrena-vladina-strategija-reforme-upravljanja-javnim-financijama\\\/\",\"url\":\"https:\\\/\\\/radioljubuski.ba\\\/index.php\\\/2021\\\/04\\\/27\\\/odobrena-vladina-strategija-reforme-upravljanja-javnim-financijama\\\/\",\"name\":\"Odobrena Vladina strategija reforme upravljanja javnim financijama - RADIO LJUBU\u0160KI\",\"isPartOf\":{\"@id\":\"https:\\\/\\\/radioljubuski.ba\\\/#website\"},\"primaryImageOfPage\":{\"@id\":\"https:\\\/\\\/radioljubuski.ba\\\/index.php\\\/2021\\\/04\\\/27\\\/odobrena-vladina-strategija-reforme-upravljanja-javnim-financijama\\\/#primaryimage\"},\"image\":{\"@id\":\"https:\\\/\\\/radioljubuski.ba\\\/index.php\\\/2021\\\/04\\\/27\\\/odobrena-vladina-strategija-reforme-upravljanja-javnim-financijama\\\/#primaryimage\"},\"thumbnailUrl\":\"https:\\\/\\\/radioljubuski.ba\\\/wp-content\\\/uploads\\\/2021\\\/04\\\/9-2021-04-27-18-11-29-fsfg.png\",\"datePublished\":\"2021-04-27T20:51:55+00:00\",\"breadcrumb\":{\"@id\":\"https:\\\/\\\/radioljubuski.ba\\\/index.php\\\/2021\\\/04\\\/27\\\/odobrena-vladina-strategija-reforme-upravljanja-javnim-financijama\\\/#breadcrumb\"},\"inLanguage\":\"hr\",\"potentialAction\":[{\"@type\":\"ReadAction\",\"target\":[\"https:\\\/\\\/radioljubuski.ba\\\/index.php\\\/2021\\\/04\\\/27\\\/odobrena-vladina-strategija-reforme-upravljanja-javnim-financijama\\\/\"]}]},{\"@type\":\"ImageObject\",\"inLanguage\":\"hr\",\"@id\":\"https:\\\/\\\/radioljubuski.ba\\\/index.php\\\/2021\\\/04\\\/27\\\/odobrena-vladina-strategija-reforme-upravljanja-javnim-financijama\\\/#primaryimage\",\"url\":\"https:\\\/\\\/radioljubuski.ba\\\/wp-content\\\/uploads\\\/2021\\\/04\\\/9-2021-04-27-18-11-29-fsfg.png\",\"contentUrl\":\"https:\\\/\\\/radioljubuski.ba\\\/wp-content\\\/uploads\\\/2021\\\/04\\\/9-2021-04-27-18-11-29-fsfg.png\",\"width\":1000,\"height\":625},{\"@type\":\"BreadcrumbList\",\"@id\":\"https:\\\/\\\/radioljubuski.ba\\\/index.php\\\/2021\\\/04\\\/27\\\/odobrena-vladina-strategija-reforme-upravljanja-javnim-financijama\\\/#breadcrumb\",\"itemListElement\":[{\"@type\":\"ListItem\",\"position\":1,\"name\":\"Po\u010detna stranica\",\"item\":\"https:\\\/\\\/radioljubuski.ba\\\/\"},{\"@type\":\"ListItem\",\"position\":2,\"name\":\"Odobrena Vladina strategija reforme upravljanja javnim financijama\"}]},{\"@type\":\"WebSite\",\"@id\":\"https:\\\/\\\/radioljubuski.ba\\\/#website\",\"url\":\"https:\\\/\\\/radioljubuski.ba\\\/\",\"name\":\"Radio Ljubu\u0161ki\",\"description\":\"Sun\u010dana frekvencija Hercegovine\",\"publisher\":{\"@id\":\"https:\\\/\\\/radioljubuski.ba\\\/#organization\"},\"potentialAction\":[{\"@type\":\"SearchAction\",\"target\":{\"@type\":\"EntryPoint\",\"urlTemplate\":\"https:\\\/\\\/radioljubuski.ba\\\/?s={search_term_string}\"},\"query-input\":{\"@type\":\"PropertyValueSpecification\",\"valueRequired\":true,\"valueName\":\"search_term_string\"}}],\"inLanguage\":\"hr\"},{\"@type\":\"Organization\",\"@id\":\"https:\\\/\\\/radioljubuski.ba\\\/#organization\",\"name\":\"Radio Ljubu\u0161ki\",\"url\":\"https:\\\/\\\/radioljubuski.ba\\\/\",\"logo\":{\"@type\":\"ImageObject\",\"inLanguage\":\"hr\",\"@id\":\"https:\\\/\\\/radioljubuski.ba\\\/#\\\/schema\\\/logo\\\/image\\\/\",\"url\":\"https:\\\/\\\/radioljubuski.ba\\\/wp-content\\\/uploads\\\/2021\\\/02\\\/cropped-Radio_Ljubuski_logo1.jpg\",\"contentUrl\":\"https:\\\/\\\/radioljubuski.ba\\\/wp-content\\\/uploads\\\/2021\\\/02\\\/cropped-Radio_Ljubuski_logo1.jpg\",\"width\":512,\"height\":512,\"caption\":\"Radio Ljubu\u0161ki\"},\"image\":{\"@id\":\"https:\\\/\\\/radioljubuski.ba\\\/#\\\/schema\\\/logo\\\/image\\\/\"},\"sameAs\":[\"https:\\\/\\\/www.facebook.com\\\/Radiio-Ljubuski-1490835324566332\",\"https:\\\/\\\/x.com\\\/radioljubuski\",\"https:\\\/\\\/hr.linkedin.com\\\/company\\\/radio-ljubuski\",\"https:\\\/\\\/www.youtube.com\\\/channel\\\/UCHYaeO_n0Db3tjNGudGpXyw\"]},{\"@type\":\"Person\",\"@id\":\"https:\\\/\\\/radioljubuski.ba\\\/#\\\/schema\\\/person\\\/19fc700381a780f69665d7956c469e3b\",\"name\":\"Radio Ljubu\u0161ki\"}]}<\/script>\n<!-- \/ Yoast SEO plugin. -->","yoast_head_json":{"title":"Odobrena Vladina strategija reforme upravljanja javnim financijama - RADIO LJUBU\u0160KI","robots":{"index":"index","follow":"follow","max-snippet":"max-snippet:-1","max-image-preview":"max-image-preview:large","max-video-preview":"max-video-preview:-1"},"canonical":"https:\/\/radioljubuski.ba\/index.php\/2021\/04\/27\/odobrena-vladina-strategija-reforme-upravljanja-javnim-financijama\/","og_locale":"hr_HR","og_type":"article","og_title":"Odobrena Vladina strategija reforme upravljanja javnim financijama - RADIO LJUBU\u0160KI","og_description":"Zastupnici u Zastupni\u010dkom domu Federalnog parlamenta upoznati su na dana\u0161njoj sjednici sa Strategijom reforme upravljanja javnim financijama u Federaciji BiH za razdoblje 2021.-2025. godina, koja \u0107e biti objavljenja na web-stranici Federalnog ministarstva financija. Ovu strategiju izradila je Federalna vlada a obra\u0111uje svaki segment upravljanja javnim financijama, od prikupljanja javnih prihoda, upravljanja rashodima, javnim dugom, javnim [&hellip;]","og_url":"https:\/\/radioljubuski.ba\/index.php\/2021\/04\/27\/odobrena-vladina-strategija-reforme-upravljanja-javnim-financijama\/","og_site_name":"RADIO LJUBU\u0160KI","article_publisher":"https:\/\/www.facebook.com\/Radiio-Ljubuski-1490835324566332","article_published_time":"2021-04-27T20:51:55+00:00","og_image":[{"width":1000,"height":625,"url":"https:\/\/radioljubuski.ba\/wp-content\/uploads\/2021\/04\/9-2021-04-27-18-11-29-fsfg.png","type":"image\/png"}],"author":"Radio Ljubu\u0161ki","twitter_card":"summary_large_image","twitter_creator":"@radioljubuski","twitter_site":"@radioljubuski","twitter_misc":{"Napisao\/la":"Radio Ljubu\u0161ki","Procijenjeno vrijeme \u010ditanja":"1 minuta"},"schema":{"@context":"https:\/\/schema.org","@graph":[{"@type":"Article","@id":"https:\/\/radioljubuski.ba\/index.php\/2021\/04\/27\/odobrena-vladina-strategija-reforme-upravljanja-javnim-financijama\/#article","isPartOf":{"@id":"https:\/\/radioljubuski.ba\/index.php\/2021\/04\/27\/odobrena-vladina-strategija-reforme-upravljanja-javnim-financijama\/"},"author":{"name":"Radio Ljubu\u0161ki","@id":"https:\/\/radioljubuski.ba\/#\/schema\/person\/19fc700381a780f69665d7956c469e3b"},"headline":"Odobrena Vladina strategija reforme upravljanja javnim financijama","datePublished":"2021-04-27T20:51:55+00:00","mainEntityOfPage":{"@id":"https:\/\/radioljubuski.ba\/index.php\/2021\/04\/27\/odobrena-vladina-strategija-reforme-upravljanja-javnim-financijama\/"},"wordCount":252,"publisher":{"@id":"https:\/\/radioljubuski.ba\/#organization"},"image":{"@id":"https:\/\/radioljubuski.ba\/index.php\/2021\/04\/27\/odobrena-vladina-strategija-reforme-upravljanja-javnim-financijama\/#primaryimage"},"thumbnailUrl":"https:\/\/radioljubuski.ba\/wp-content\/uploads\/2021\/04\/9-2021-04-27-18-11-29-fsfg.png","articleSection":["BIH i regija"],"inLanguage":"hr"},{"@type":"WebPage","@id":"https:\/\/radioljubuski.ba\/index.php\/2021\/04\/27\/odobrena-vladina-strategija-reforme-upravljanja-javnim-financijama\/","url":"https:\/\/radioljubuski.ba\/index.php\/2021\/04\/27\/odobrena-vladina-strategija-reforme-upravljanja-javnim-financijama\/","name":"Odobrena Vladina strategija reforme upravljanja javnim financijama - RADIO LJUBU\u0160KI","isPartOf":{"@id":"https:\/\/radioljubuski.ba\/#website"},"primaryImageOfPage":{"@id":"https:\/\/radioljubuski.ba\/index.php\/2021\/04\/27\/odobrena-vladina-strategija-reforme-upravljanja-javnim-financijama\/#primaryimage"},"image":{"@id":"https:\/\/radioljubuski.ba\/index.php\/2021\/04\/27\/odobrena-vladina-strategija-reforme-upravljanja-javnim-financijama\/#primaryimage"},"thumbnailUrl":"https:\/\/radioljubuski.ba\/wp-content\/uploads\/2021\/04\/9-2021-04-27-18-11-29-fsfg.png","datePublished":"2021-04-27T20:51:55+00:00","breadcrumb":{"@id":"https:\/\/radioljubuski.ba\/index.php\/2021\/04\/27\/odobrena-vladina-strategija-reforme-upravljanja-javnim-financijama\/#breadcrumb"},"inLanguage":"hr","potentialAction":[{"@type":"ReadAction","target":["https:\/\/radioljubuski.ba\/index.php\/2021\/04\/27\/odobrena-vladina-strategija-reforme-upravljanja-javnim-financijama\/"]}]},{"@type":"ImageObject","inLanguage":"hr","@id":"https:\/\/radioljubuski.ba\/index.php\/2021\/04\/27\/odobrena-vladina-strategija-reforme-upravljanja-javnim-financijama\/#primaryimage","url":"https:\/\/radioljubuski.ba\/wp-content\/uploads\/2021\/04\/9-2021-04-27-18-11-29-fsfg.png","contentUrl":"https:\/\/radioljubuski.ba\/wp-content\/uploads\/2021\/04\/9-2021-04-27-18-11-29-fsfg.png","width":1000,"height":625},{"@type":"BreadcrumbList","@id":"https:\/\/radioljubuski.ba\/index.php\/2021\/04\/27\/odobrena-vladina-strategija-reforme-upravljanja-javnim-financijama\/#breadcrumb","itemListElement":[{"@type":"ListItem","position":1,"name":"Po\u010detna stranica","item":"https:\/\/radioljubuski.ba\/"},{"@type":"ListItem","position":2,"name":"Odobrena Vladina strategija reforme upravljanja javnim financijama"}]},{"@type":"WebSite","@id":"https:\/\/radioljubuski.ba\/#website","url":"https:\/\/radioljubuski.ba\/","name":"Radio Ljubu\u0161ki","description":"Sun\u010dana frekvencija Hercegovine","publisher":{"@id":"https:\/\/radioljubuski.ba\/#organization"},"potentialAction":[{"@type":"SearchAction","target":{"@type":"EntryPoint","urlTemplate":"https:\/\/radioljubuski.ba\/?s={search_term_string}"},"query-input":{"@type":"PropertyValueSpecification","valueRequired":true,"valueName":"search_term_string"}}],"inLanguage":"hr"},{"@type":"Organization","@id":"https:\/\/radioljubuski.ba\/#organization","name":"Radio Ljubu\u0161ki","url":"https:\/\/radioljubuski.ba\/","logo":{"@type":"ImageObject","inLanguage":"hr","@id":"https:\/\/radioljubuski.ba\/#\/schema\/logo\/image\/","url":"https:\/\/radioljubuski.ba\/wp-content\/uploads\/2021\/02\/cropped-Radio_Ljubuski_logo1.jpg","contentUrl":"https:\/\/radioljubuski.ba\/wp-content\/uploads\/2021\/02\/cropped-Radio_Ljubuski_logo1.jpg","width":512,"height":512,"caption":"Radio Ljubu\u0161ki"},"image":{"@id":"https:\/\/radioljubuski.ba\/#\/schema\/logo\/image\/"},"sameAs":["https:\/\/www.facebook.com\/Radiio-Ljubuski-1490835324566332","https:\/\/x.com\/radioljubuski","https:\/\/hr.linkedin.com\/company\/radio-ljubuski","https:\/\/www.youtube.com\/channel\/UCHYaeO_n0Db3tjNGudGpXyw"]},{"@type":"Person","@id":"https:\/\/radioljubuski.ba\/#\/schema\/person\/19fc700381a780f69665d7956c469e3b","name":"Radio Ljubu\u0161ki"}]}},"_links":{"self":[{"href":"https:\/\/radioljubuski.ba\/index.php\/wp-json\/wp\/v2\/posts\/16803","targetHints":{"allow":["GET"]}}],"collection":[{"href":"https:\/\/radioljubuski.ba\/index.php\/wp-json\/wp\/v2\/posts"}],"about":[{"href":"https:\/\/radioljubuski.ba\/index.php\/wp-json\/wp\/v2\/types\/post"}],"author":[{"embeddable":true,"href":"https:\/\/radioljubuski.ba\/index.php\/wp-json\/wp\/v2\/users\/2"}],"replies":[{"embeddable":true,"href":"https:\/\/radioljubuski.ba\/index.php\/wp-json\/wp\/v2\/comments?post=16803"}],"version-history":[{"count":1,"href":"https:\/\/radioljubuski.ba\/index.php\/wp-json\/wp\/v2\/posts\/16803\/revisions"}],"predecessor-version":[{"id":16805,"href":"https:\/\/radioljubuski.ba\/index.php\/wp-json\/wp\/v2\/posts\/16803\/revisions\/16805"}],"wp:featuredmedia":[{"embeddable":true,"href":"https:\/\/radioljubuski.ba\/index.php\/wp-json\/wp\/v2\/media\/16804"}],"wp:attachment":[{"href":"https:\/\/radioljubuski.ba\/index.php\/wp-json\/wp\/v2\/media?parent=16803"}],"wp:term":[{"taxonomy":"category","embeddable":true,"href":"https:\/\/radioljubuski.ba\/index.php\/wp-json\/wp\/v2\/categories?post=16803"},{"taxonomy":"post_tag","embeddable":true,"href":"https:\/\/radioljubuski.ba\/index.php\/wp-json\/wp\/v2\/tags?post=16803"}],"curies":[{"name":"wp","href":"https:\/\/api.w.org\/{rel}","templated":true}]}}