{"id":16809,"date":"2021-04-27T21:56:02","date_gmt":"2021-04-27T20:56:02","guid":{"rendered":"https:\/\/radioljubuski.ba\/?p=16809"},"modified":"2021-04-27T21:56:03","modified_gmt":"2021-04-27T20:56:03","slug":"parlament-fbih-trazi-poostravanje-kriterija-za-prelazak-drzavne-granice","status":"publish","type":"post","link":"https:\/\/radioljubuski.ba\/index.php\/2021\/04\/27\/parlament-fbih-trazi-poostravanje-kriterija-za-prelazak-drzavne-granice\/","title":{"rendered":"Parlament FBiH tra\u017ei poo\u0161travanje kriterija za prelazak dr\u017eavne granice"},"content":{"rendered":"\n<p>Na kraju dana\u0161nje sjednice Zastupni\u010dki dom Parlamenta FBIH usvojio je ve\u0107i broj zaklju\u010daka koji se odnose na aktualnu epidemiolo\u0161ku situaciju.&nbsp;<\/p>\n\n\n\n<p>Usvojena su \u010detiri zaklju\u010dka Odbora za zdravstvo:<\/p>\n\n\n\n<p>1. Zastupni\u010dki dom Parlamenta FBiH tra\u017ei od Vlade FBiH da naredi \u017eupanijama sa incidencijom novozara\u017eenih ve\u0107om od federalne uvo\u0111enje restriktivnijih mjera.<\/p>\n\n\n\n<p>2. Zastupni\u010dki dom Parlamenta FBiH tra\u017ei od Vlade FBiH da zadr\u017ei postoje\u0107e epidemiolo\u0161ke mjere najmanje jo\u0161 14 dana.<\/p>\n\n\n\n<p>3. Zastupni\u010dki dom Parlamenta FBiH tra\u017ei da Vlada FBiH redovno, a najmanje jednom tjedno izvje\u0161tava ZD o stanju nabavke cjepiva i procesu cijepljenja.<\/p>\n\n\n\n<p>4. Upu\u0107ujemo inicijativu prema Vije\u0107u ministara BiH za poo\u0161travanjem kriterija za prelazak dr\u017eavne granice uvo\u0111enjem obaveze dokazivanja COVID-19 neutralnosti (negativan PCR ili antigenski test, potvrda o preboljelom COVID-19, potvrda o dvostrukom cijepljenju).<\/p>\n\n\n\n<p>Podr\u0161ku je dobio i zaklju\u010dak zastupnice SBB-a Faike Mujanovi\u0107 \u2013 Glamo\u010danin, a koja je tra\u017eila da se zadu\u017ei Vlada FBiH da Parlamentu FBiH podnese izvje\u0161taj o donacijama za borbu protiv pandemije te odgovori na pitanje u koje medicinske ustanove je isporu\u010dena pristigla medicinska oprema.<\/p>\n\n\n\n<p>\u017dupanijska ministarstva zdravstva<\/p>\n\n\n\n<p>Podr\u0161ku je dobio i zaklju\u010dak zastupnice Sabine \u0106udi\u0107 (Na\u0161a stranka), a koja je pozvala \u017eupanijska ministarstva zdravstva da dostave izvje\u0161taj o borbi protiv pandemije koronavirusa sa posebnim osvrtom na stopu smrtnosti.<\/p>\n\n\n\n<p>Zastupni\u010dki dom podr\u017eao je i zaklju\u010dak da Vlada FBiH i Zavod za javno zdravstvo FBIH dostavi informaciju o broju respiratora u javnim zdravstvenim ustanovama (JZU) u FBiH. kao i da Vlada FBiH dostavi izvje\u0161taj o broju novouposlenih zdravstvenih radnika i opreme kupljene u JZU u FBiH na temelju ranije usvojenih zaklju\u010daka usvojenih u ovom Domu.&nbsp;<\/p>\n\n\n\n<p>Izvor:avaz.ba<\/p>\n","protected":false},"excerpt":{"rendered":"<p>Na kraju dana\u0161nje sjednice Zastupni\u010dki dom Parlamenta FBIH usvojio je ve\u0107i broj zaklju\u010daka koji se odnose na aktualnu epidemiolo\u0161ku situaciju.&nbsp; Usvojena su \u010detiri zaklju\u010dka Odbora za zdravstvo: 1. Zastupni\u010dki dom Parlamenta FBiH tra\u017ei od Vlade FBiH da naredi \u017eupanijama sa incidencijom novozara\u017eenih ve\u0107om od federalne uvo\u0111enje restriktivnijih mjera. 2. Zastupni\u010dki dom Parlamenta FBiH tra\u017ei od [&hellip;]<\/p>\n","protected":false},"author":2,"featured_media":16810,"comment_status":"closed","ping_status":"closed","sticky":false,"template":"","format":"standard","meta":{"h5ap_radio_sources":[],"footnotes":""},"categories":[1],"tags":[],"class_list":["post-16809","post","type-post","status-publish","format-standard","has-post-thumbnail","hentry","category-bihiregija"],"yoast_head":"<!-- This site is optimized with the Yoast SEO plugin v27.4 - https:\/\/yoast.com\/product\/yoast-seo-wordpress\/ -->\n<title>Parlament FBiH tra\u017ei poo\u0161travanje kriterija za prelazak dr\u017eavne granice - RADIO LJUBU\u0160KI<\/title>\n<meta name=\"robots\" content=\"index, follow, max-snippet:-1, max-image-preview:large, max-video-preview:-1\" \/>\n<link rel=\"canonical\" href=\"https:\/\/radioljubuski.ba\/index.php\/2021\/04\/27\/parlament-fbih-trazi-poostravanje-kriterija-za-prelazak-drzavne-granice\/\" \/>\n<meta property=\"og:locale\" content=\"hr_HR\" \/>\n<meta property=\"og:type\" content=\"article\" \/>\n<meta property=\"og:title\" content=\"Parlament FBiH tra\u017ei poo\u0161travanje kriterija za prelazak dr\u017eavne granice - RADIO LJUBU\u0160KI\" \/>\n<meta property=\"og:description\" content=\"Na kraju dana\u0161nje sjednice Zastupni\u010dki dom Parlamenta FBIH usvojio je ve\u0107i broj zaklju\u010daka koji se odnose na aktualnu epidemiolo\u0161ku situaciju.&nbsp; Usvojena su \u010detiri zaklju\u010dka Odbora za zdravstvo: 1. Zastupni\u010dki dom Parlamenta FBiH tra\u017ei od Vlade FBiH da naredi \u017eupanijama sa incidencijom novozara\u017eenih ve\u0107om od federalne uvo\u0111enje restriktivnijih mjera. 2. Zastupni\u010dki dom Parlamenta FBiH tra\u017ei od [&hellip;]\" \/>\n<meta property=\"og:url\" content=\"https:\/\/radioljubuski.ba\/index.php\/2021\/04\/27\/parlament-fbih-trazi-poostravanje-kriterija-za-prelazak-drzavne-granice\/\" \/>\n<meta property=\"og:site_name\" content=\"RADIO LJUBU\u0160KI\" \/>\n<meta property=\"article:publisher\" content=\"https:\/\/www.facebook.com\/Radiio-Ljubuski-1490835324566332\" \/>\n<meta property=\"article:published_time\" content=\"2021-04-27T20:56:02+00:00\" \/>\n<meta property=\"article:modified_time\" content=\"2021-04-27T20:56:03+00:00\" \/>\n<meta property=\"og:image\" content=\"https:\/\/radioljubuski.ba\/wp-content\/uploads\/2021\/04\/3LV7jaeE_granicahrv.jpg\" \/>\n\t<meta property=\"og:image:width\" content=\"1000\" \/>\n\t<meta property=\"og:image:height\" content=\"625\" \/>\n\t<meta property=\"og:image:type\" content=\"image\/jpeg\" \/>\n<meta name=\"author\" content=\"Radio Ljubu\u0161ki\" \/>\n<meta name=\"twitter:card\" content=\"summary_large_image\" \/>\n<meta name=\"twitter:creator\" content=\"@radioljubuski\" \/>\n<meta name=\"twitter:site\" content=\"@radioljubuski\" \/>\n<meta name=\"twitter:label1\" content=\"Napisao\/la\" \/>\n\t<meta name=\"twitter:data1\" content=\"Radio Ljubu\u0161ki\" \/>\n\t<meta name=\"twitter:label2\" content=\"Procijenjeno vrijeme \u010ditanja\" \/>\n\t<meta name=\"twitter:data2\" content=\"2 minute\" \/>\n<script type=\"application\/ld+json\" class=\"yoast-schema-graph\">{\"@context\":\"https:\\\/\\\/schema.org\",\"@graph\":[{\"@type\":\"Article\",\"@id\":\"https:\\\/\\\/radioljubuski.ba\\\/index.php\\\/2021\\\/04\\\/27\\\/parlament-fbih-trazi-poostravanje-kriterija-za-prelazak-drzavne-granice\\\/#article\",\"isPartOf\":{\"@id\":\"https:\\\/\\\/radioljubuski.ba\\\/index.php\\\/2021\\\/04\\\/27\\\/parlament-fbih-trazi-poostravanje-kriterija-za-prelazak-drzavne-granice\\\/\"},\"author\":{\"name\":\"Radio Ljubu\u0161ki\",\"@id\":\"https:\\\/\\\/radioljubuski.ba\\\/#\\\/schema\\\/person\\\/19fc700381a780f69665d7956c469e3b\"},\"headline\":\"Parlament FBiH tra\u017ei poo\u0161travanje kriterija za prelazak dr\u017eavne granice\",\"datePublished\":\"2021-04-27T20:56:02+00:00\",\"dateModified\":\"2021-04-27T20:56:03+00:00\",\"mainEntityOfPage\":{\"@id\":\"https:\\\/\\\/radioljubuski.ba\\\/index.php\\\/2021\\\/04\\\/27\\\/parlament-fbih-trazi-poostravanje-kriterija-za-prelazak-drzavne-granice\\\/\"},\"wordCount\":305,\"publisher\":{\"@id\":\"https:\\\/\\\/radioljubuski.ba\\\/#organization\"},\"image\":{\"@id\":\"https:\\\/\\\/radioljubuski.ba\\\/index.php\\\/2021\\\/04\\\/27\\\/parlament-fbih-trazi-poostravanje-kriterija-za-prelazak-drzavne-granice\\\/#primaryimage\"},\"thumbnailUrl\":\"https:\\\/\\\/radioljubuski.ba\\\/wp-content\\\/uploads\\\/2021\\\/04\\\/3LV7jaeE_granicahrv.jpg\",\"articleSection\":[\"BIH i regija\"],\"inLanguage\":\"hr\"},{\"@type\":\"WebPage\",\"@id\":\"https:\\\/\\\/radioljubuski.ba\\\/index.php\\\/2021\\\/04\\\/27\\\/parlament-fbih-trazi-poostravanje-kriterija-za-prelazak-drzavne-granice\\\/\",\"url\":\"https:\\\/\\\/radioljubuski.ba\\\/index.php\\\/2021\\\/04\\\/27\\\/parlament-fbih-trazi-poostravanje-kriterija-za-prelazak-drzavne-granice\\\/\",\"name\":\"Parlament FBiH tra\u017ei poo\u0161travanje kriterija za prelazak dr\u017eavne granice - RADIO LJUBU\u0160KI\",\"isPartOf\":{\"@id\":\"https:\\\/\\\/radioljubuski.ba\\\/#website\"},\"primaryImageOfPage\":{\"@id\":\"https:\\\/\\\/radioljubuski.ba\\\/index.php\\\/2021\\\/04\\\/27\\\/parlament-fbih-trazi-poostravanje-kriterija-za-prelazak-drzavne-granice\\\/#primaryimage\"},\"image\":{\"@id\":\"https:\\\/\\\/radioljubuski.ba\\\/index.php\\\/2021\\\/04\\\/27\\\/parlament-fbih-trazi-poostravanje-kriterija-za-prelazak-drzavne-granice\\\/#primaryimage\"},\"thumbnailUrl\":\"https:\\\/\\\/radioljubuski.ba\\\/wp-content\\\/uploads\\\/2021\\\/04\\\/3LV7jaeE_granicahrv.jpg\",\"datePublished\":\"2021-04-27T20:56:02+00:00\",\"dateModified\":\"2021-04-27T20:56:03+00:00\",\"breadcrumb\":{\"@id\":\"https:\\\/\\\/radioljubuski.ba\\\/index.php\\\/2021\\\/04\\\/27\\\/parlament-fbih-trazi-poostravanje-kriterija-za-prelazak-drzavne-granice\\\/#breadcrumb\"},\"inLanguage\":\"hr\",\"potentialAction\":[{\"@type\":\"ReadAction\",\"target\":[\"https:\\\/\\\/radioljubuski.ba\\\/index.php\\\/2021\\\/04\\\/27\\\/parlament-fbih-trazi-poostravanje-kriterija-za-prelazak-drzavne-granice\\\/\"]}]},{\"@type\":\"ImageObject\",\"inLanguage\":\"hr\",\"@id\":\"https:\\\/\\\/radioljubuski.ba\\\/index.php\\\/2021\\\/04\\\/27\\\/parlament-fbih-trazi-poostravanje-kriterija-za-prelazak-drzavne-granice\\\/#primaryimage\",\"url\":\"https:\\\/\\\/radioljubuski.ba\\\/wp-content\\\/uploads\\\/2021\\\/04\\\/3LV7jaeE_granicahrv.jpg\",\"contentUrl\":\"https:\\\/\\\/radioljubuski.ba\\\/wp-content\\\/uploads\\\/2021\\\/04\\\/3LV7jaeE_granicahrv.jpg\",\"width\":1000,\"height\":625},{\"@type\":\"BreadcrumbList\",\"@id\":\"https:\\\/\\\/radioljubuski.ba\\\/index.php\\\/2021\\\/04\\\/27\\\/parlament-fbih-trazi-poostravanje-kriterija-za-prelazak-drzavne-granice\\\/#breadcrumb\",\"itemListElement\":[{\"@type\":\"ListItem\",\"position\":1,\"name\":\"Po\u010detna stranica\",\"item\":\"https:\\\/\\\/radioljubuski.ba\\\/\"},{\"@type\":\"ListItem\",\"position\":2,\"name\":\"Parlament FBiH tra\u017ei poo\u0161travanje kriterija za prelazak dr\u017eavne granice\"}]},{\"@type\":\"WebSite\",\"@id\":\"https:\\\/\\\/radioljubuski.ba\\\/#website\",\"url\":\"https:\\\/\\\/radioljubuski.ba\\\/\",\"name\":\"Radio Ljubu\u0161ki\",\"description\":\"Sun\u010dana frekvencija Hercegovine\",\"publisher\":{\"@id\":\"https:\\\/\\\/radioljubuski.ba\\\/#organization\"},\"potentialAction\":[{\"@type\":\"SearchAction\",\"target\":{\"@type\":\"EntryPoint\",\"urlTemplate\":\"https:\\\/\\\/radioljubuski.ba\\\/?s={search_term_string}\"},\"query-input\":{\"@type\":\"PropertyValueSpecification\",\"valueRequired\":true,\"valueName\":\"search_term_string\"}}],\"inLanguage\":\"hr\"},{\"@type\":\"Organization\",\"@id\":\"https:\\\/\\\/radioljubuski.ba\\\/#organization\",\"name\":\"Radio Ljubu\u0161ki\",\"url\":\"https:\\\/\\\/radioljubuski.ba\\\/\",\"logo\":{\"@type\":\"ImageObject\",\"inLanguage\":\"hr\",\"@id\":\"https:\\\/\\\/radioljubuski.ba\\\/#\\\/schema\\\/logo\\\/image\\\/\",\"url\":\"https:\\\/\\\/radioljubuski.ba\\\/wp-content\\\/uploads\\\/2021\\\/02\\\/cropped-Radio_Ljubuski_logo1.jpg\",\"contentUrl\":\"https:\\\/\\\/radioljubuski.ba\\\/wp-content\\\/uploads\\\/2021\\\/02\\\/cropped-Radio_Ljubuski_logo1.jpg\",\"width\":512,\"height\":512,\"caption\":\"Radio Ljubu\u0161ki\"},\"image\":{\"@id\":\"https:\\\/\\\/radioljubuski.ba\\\/#\\\/schema\\\/logo\\\/image\\\/\"},\"sameAs\":[\"https:\\\/\\\/www.facebook.com\\\/Radiio-Ljubuski-1490835324566332\",\"https:\\\/\\\/x.com\\\/radioljubuski\",\"https:\\\/\\\/hr.linkedin.com\\\/company\\\/radio-ljubuski\",\"https:\\\/\\\/www.youtube.com\\\/channel\\\/UCHYaeO_n0Db3tjNGudGpXyw\"]},{\"@type\":\"Person\",\"@id\":\"https:\\\/\\\/radioljubuski.ba\\\/#\\\/schema\\\/person\\\/19fc700381a780f69665d7956c469e3b\",\"name\":\"Radio Ljubu\u0161ki\"}]}<\/script>\n<!-- \/ Yoast SEO plugin. -->","yoast_head_json":{"title":"Parlament FBiH tra\u017ei poo\u0161travanje kriterija za prelazak dr\u017eavne granice - RADIO LJUBU\u0160KI","robots":{"index":"index","follow":"follow","max-snippet":"max-snippet:-1","max-image-preview":"max-image-preview:large","max-video-preview":"max-video-preview:-1"},"canonical":"https:\/\/radioljubuski.ba\/index.php\/2021\/04\/27\/parlament-fbih-trazi-poostravanje-kriterija-za-prelazak-drzavne-granice\/","og_locale":"hr_HR","og_type":"article","og_title":"Parlament FBiH tra\u017ei poo\u0161travanje kriterija za prelazak dr\u017eavne granice - RADIO LJUBU\u0160KI","og_description":"Na kraju dana\u0161nje sjednice Zastupni\u010dki dom Parlamenta FBIH usvojio je ve\u0107i broj zaklju\u010daka koji se odnose na aktualnu epidemiolo\u0161ku situaciju.&nbsp; Usvojena su \u010detiri zaklju\u010dka Odbora za zdravstvo: 1. Zastupni\u010dki dom Parlamenta FBiH tra\u017ei od Vlade FBiH da naredi \u017eupanijama sa incidencijom novozara\u017eenih ve\u0107om od federalne uvo\u0111enje restriktivnijih mjera. 2. Zastupni\u010dki dom Parlamenta FBiH tra\u017ei od [&hellip;]","og_url":"https:\/\/radioljubuski.ba\/index.php\/2021\/04\/27\/parlament-fbih-trazi-poostravanje-kriterija-za-prelazak-drzavne-granice\/","og_site_name":"RADIO LJUBU\u0160KI","article_publisher":"https:\/\/www.facebook.com\/Radiio-Ljubuski-1490835324566332","article_published_time":"2021-04-27T20:56:02+00:00","article_modified_time":"2021-04-27T20:56:03+00:00","og_image":[{"width":1000,"height":625,"url":"https:\/\/radioljubuski.ba\/wp-content\/uploads\/2021\/04\/3LV7jaeE_granicahrv.jpg","type":"image\/jpeg"}],"author":"Radio Ljubu\u0161ki","twitter_card":"summary_large_image","twitter_creator":"@radioljubuski","twitter_site":"@radioljubuski","twitter_misc":{"Napisao\/la":"Radio Ljubu\u0161ki","Procijenjeno vrijeme \u010ditanja":"2 minute"},"schema":{"@context":"https:\/\/schema.org","@graph":[{"@type":"Article","@id":"https:\/\/radioljubuski.ba\/index.php\/2021\/04\/27\/parlament-fbih-trazi-poostravanje-kriterija-za-prelazak-drzavne-granice\/#article","isPartOf":{"@id":"https:\/\/radioljubuski.ba\/index.php\/2021\/04\/27\/parlament-fbih-trazi-poostravanje-kriterija-za-prelazak-drzavne-granice\/"},"author":{"name":"Radio Ljubu\u0161ki","@id":"https:\/\/radioljubuski.ba\/#\/schema\/person\/19fc700381a780f69665d7956c469e3b"},"headline":"Parlament FBiH tra\u017ei poo\u0161travanje kriterija za prelazak dr\u017eavne granice","datePublished":"2021-04-27T20:56:02+00:00","dateModified":"2021-04-27T20:56:03+00:00","mainEntityOfPage":{"@id":"https:\/\/radioljubuski.ba\/index.php\/2021\/04\/27\/parlament-fbih-trazi-poostravanje-kriterija-za-prelazak-drzavne-granice\/"},"wordCount":305,"publisher":{"@id":"https:\/\/radioljubuski.ba\/#organization"},"image":{"@id":"https:\/\/radioljubuski.ba\/index.php\/2021\/04\/27\/parlament-fbih-trazi-poostravanje-kriterija-za-prelazak-drzavne-granice\/#primaryimage"},"thumbnailUrl":"https:\/\/radioljubuski.ba\/wp-content\/uploads\/2021\/04\/3LV7jaeE_granicahrv.jpg","articleSection":["BIH i regija"],"inLanguage":"hr"},{"@type":"WebPage","@id":"https:\/\/radioljubuski.ba\/index.php\/2021\/04\/27\/parlament-fbih-trazi-poostravanje-kriterija-za-prelazak-drzavne-granice\/","url":"https:\/\/radioljubuski.ba\/index.php\/2021\/04\/27\/parlament-fbih-trazi-poostravanje-kriterija-za-prelazak-drzavne-granice\/","name":"Parlament FBiH tra\u017ei poo\u0161travanje kriterija za prelazak dr\u017eavne granice - RADIO LJUBU\u0160KI","isPartOf":{"@id":"https:\/\/radioljubuski.ba\/#website"},"primaryImageOfPage":{"@id":"https:\/\/radioljubuski.ba\/index.php\/2021\/04\/27\/parlament-fbih-trazi-poostravanje-kriterija-za-prelazak-drzavne-granice\/#primaryimage"},"image":{"@id":"https:\/\/radioljubuski.ba\/index.php\/2021\/04\/27\/parlament-fbih-trazi-poostravanje-kriterija-za-prelazak-drzavne-granice\/#primaryimage"},"thumbnailUrl":"https:\/\/radioljubuski.ba\/wp-content\/uploads\/2021\/04\/3LV7jaeE_granicahrv.jpg","datePublished":"2021-04-27T20:56:02+00:00","dateModified":"2021-04-27T20:56:03+00:00","breadcrumb":{"@id":"https:\/\/radioljubuski.ba\/index.php\/2021\/04\/27\/parlament-fbih-trazi-poostravanje-kriterija-za-prelazak-drzavne-granice\/#breadcrumb"},"inLanguage":"hr","potentialAction":[{"@type":"ReadAction","target":["https:\/\/radioljubuski.ba\/index.php\/2021\/04\/27\/parlament-fbih-trazi-poostravanje-kriterija-za-prelazak-drzavne-granice\/"]}]},{"@type":"ImageObject","inLanguage":"hr","@id":"https:\/\/radioljubuski.ba\/index.php\/2021\/04\/27\/parlament-fbih-trazi-poostravanje-kriterija-za-prelazak-drzavne-granice\/#primaryimage","url":"https:\/\/radioljubuski.ba\/wp-content\/uploads\/2021\/04\/3LV7jaeE_granicahrv.jpg","contentUrl":"https:\/\/radioljubuski.ba\/wp-content\/uploads\/2021\/04\/3LV7jaeE_granicahrv.jpg","width":1000,"height":625},{"@type":"BreadcrumbList","@id":"https:\/\/radioljubuski.ba\/index.php\/2021\/04\/27\/parlament-fbih-trazi-poostravanje-kriterija-za-prelazak-drzavne-granice\/#breadcrumb","itemListElement":[{"@type":"ListItem","position":1,"name":"Po\u010detna stranica","item":"https:\/\/radioljubuski.ba\/"},{"@type":"ListItem","position":2,"name":"Parlament FBiH tra\u017ei poo\u0161travanje kriterija za prelazak dr\u017eavne granice"}]},{"@type":"WebSite","@id":"https:\/\/radioljubuski.ba\/#website","url":"https:\/\/radioljubuski.ba\/","name":"Radio Ljubu\u0161ki","description":"Sun\u010dana frekvencija Hercegovine","publisher":{"@id":"https:\/\/radioljubuski.ba\/#organization"},"potentialAction":[{"@type":"SearchAction","target":{"@type":"EntryPoint","urlTemplate":"https:\/\/radioljubuski.ba\/?s={search_term_string}"},"query-input":{"@type":"PropertyValueSpecification","valueRequired":true,"valueName":"search_term_string"}}],"inLanguage":"hr"},{"@type":"Organization","@id":"https:\/\/radioljubuski.ba\/#organization","name":"Radio Ljubu\u0161ki","url":"https:\/\/radioljubuski.ba\/","logo":{"@type":"ImageObject","inLanguage":"hr","@id":"https:\/\/radioljubuski.ba\/#\/schema\/logo\/image\/","url":"https:\/\/radioljubuski.ba\/wp-content\/uploads\/2021\/02\/cropped-Radio_Ljubuski_logo1.jpg","contentUrl":"https:\/\/radioljubuski.ba\/wp-content\/uploads\/2021\/02\/cropped-Radio_Ljubuski_logo1.jpg","width":512,"height":512,"caption":"Radio Ljubu\u0161ki"},"image":{"@id":"https:\/\/radioljubuski.ba\/#\/schema\/logo\/image\/"},"sameAs":["https:\/\/www.facebook.com\/Radiio-Ljubuski-1490835324566332","https:\/\/x.com\/radioljubuski","https:\/\/hr.linkedin.com\/company\/radio-ljubuski","https:\/\/www.youtube.com\/channel\/UCHYaeO_n0Db3tjNGudGpXyw"]},{"@type":"Person","@id":"https:\/\/radioljubuski.ba\/#\/schema\/person\/19fc700381a780f69665d7956c469e3b","name":"Radio Ljubu\u0161ki"}]}},"_links":{"self":[{"href":"https:\/\/radioljubuski.ba\/index.php\/wp-json\/wp\/v2\/posts\/16809","targetHints":{"allow":["GET"]}}],"collection":[{"href":"https:\/\/radioljubuski.ba\/index.php\/wp-json\/wp\/v2\/posts"}],"about":[{"href":"https:\/\/radioljubuski.ba\/index.php\/wp-json\/wp\/v2\/types\/post"}],"author":[{"embeddable":true,"href":"https:\/\/radioljubuski.ba\/index.php\/wp-json\/wp\/v2\/users\/2"}],"replies":[{"embeddable":true,"href":"https:\/\/radioljubuski.ba\/index.php\/wp-json\/wp\/v2\/comments?post=16809"}],"version-history":[{"count":1,"href":"https:\/\/radioljubuski.ba\/index.php\/wp-json\/wp\/v2\/posts\/16809\/revisions"}],"predecessor-version":[{"id":16811,"href":"https:\/\/radioljubuski.ba\/index.php\/wp-json\/wp\/v2\/posts\/16809\/revisions\/16811"}],"wp:featuredmedia":[{"embeddable":true,"href":"https:\/\/radioljubuski.ba\/index.php\/wp-json\/wp\/v2\/media\/16810"}],"wp:attachment":[{"href":"https:\/\/radioljubuski.ba\/index.php\/wp-json\/wp\/v2\/media?parent=16809"}],"wp:term":[{"taxonomy":"category","embeddable":true,"href":"https:\/\/radioljubuski.ba\/index.php\/wp-json\/wp\/v2\/categories?post=16809"},{"taxonomy":"post_tag","embeddable":true,"href":"https:\/\/radioljubuski.ba\/index.php\/wp-json\/wp\/v2\/tags?post=16809"}],"curies":[{"name":"wp","href":"https:\/\/api.w.org\/{rel}","templated":true}]}}