{"id":16852,"date":"2021-04-27T23:41:54","date_gmt":"2021-04-27T22:41:54","guid":{"rendered":"https:\/\/radioljubuski.ba\/?p=16852"},"modified":"2021-04-27T23:41:54","modified_gmt":"2021-04-27T22:41:54","slug":"u-indiji-potresni-prizori-italija-i-austrija-ublazavaju-mjere","status":"publish","type":"post","link":"https:\/\/radioljubuski.ba\/index.php\/2021\/04\/27\/u-indiji-potresni-prizori-italija-i-austrija-ublazavaju-mjere\/","title":{"rendered":"U Indiji potresni prizori, Italija i Austrija ubla\u017eavaju mjere"},"content":{"rendered":"\n<p><strong>\u0160irenje zaraze u Europi stagnira pa neke dr\u017eave oprezno ubla\u017eavaju mjere. U Indiji, pak, sasvim suprotna slika dok traje borba s tre\u0107im valom. Zdravstveni sustav ne funkcionira, a ponovno je prijavljeno vi\u0161e od 300 tisu\u0107a novozara\u017eenih. Stoga u pomo\u0107 priska\u010de me\u0111unarodna zajednica, ali i vojska.&nbsp;<\/strong><\/p>\n\n\n\n<p>Me\u0111unarodna pomo\u0107, prva po\u0161iljka medicinskih potrep\u0161tina iz Ujedinjenog Kraljevstva, uklju\u010duju\u0107i ventilatore i koncentratore kisika, napokon je stigla u glavni grad Indije, New Delhi. Gotovo 17 i pol milijuna zara\u017eenih slomilo je ionako krhki zdravstveni sustav druge najmnogoljudnije zemlje svijeta.&nbsp;<br><br>&#8211; Stanje u Indiji vi\u0161e je nego potresno. Svjetska zdravstvena organizacije prerasporedila je oko 2.600 djelatnika na terenu pru\u017eaju\u0107i potporu u nadzoru, tehni\u010dkim savjetima i provedbi cijepljenja, izjavio je&nbsp;<strong>Tedros Adhanom Ghebreyesus<\/strong>, glavni direktor Svjetske zdravstvene organizacije.<br><br>U pomo\u0107 je pozvana i indijska vojska koja bi trebala pomo\u0107i u borbi s razaraju\u0107om krizom. Nekoliko je dr\u017eava ve\u0107 zaustavilo dolazak putnika iz Indije, a letove iz te zemlje suspendirala je i Australija.<br><br><strong>Ubla\u017eavanje mjera u Italiji<\/strong><br><br>Nakon ubla\u017eavanja restriktivnih mjera Talijani napokon u\u017eivaju u svom predve\u010dernjem ritualu &#8211; ispijanju aperitiva na otvorenome, ispred omiljenih barova.<br><br>&#8211; To je ono \u0161to nam ve\u0107 dulje nedostaje, pa smo sretni, \u017eelimo \u017eivjeti, vratiti se normalnom \u017eivotu, ka\u017ee&nbsp;<strong>Andrea Valentino,<\/strong>&nbsp;stanovnik Milana.<br><br>Otvoreni su i teatri, a po\u010delo je i odr\u017eavanje tradicionalnih kulturnih manifestacija.<br><br><strong>Stanje u Austriji<\/strong><br><br>Be\u010dki osnovno\u0161kolci i studenti vra\u0107aju se u \u0161kole i na fakultete. Postupnim ulaskom u\u010denika te dodatnim ulazima u \u0161kole nastoje se izbje\u0107i opasne gu\u017eve.<br><br>U glavnom gradu Austrije cijepljeno je 74% prosvjetnog osoblja. Dakako, maske i udaljenost i dalje su obvezni. Tri puta tjedno provode se antigenska testiranja svih u\u010denika u osnovnim \u0161kolama.<\/p>\n\n\n\n<p>Izvor:hrt.hr<\/p>\n","protected":false},"excerpt":{"rendered":"<p>\u0160irenje zaraze u Europi stagnira pa neke dr\u017eave oprezno ubla\u017eavaju mjere. U Indiji, pak, sasvim suprotna slika dok traje borba s tre\u0107im valom. Zdravstveni sustav ne funkcionira, a ponovno je prijavljeno vi\u0161e od 300 tisu\u0107a novozara\u017eenih. Stoga u pomo\u0107 priska\u010de me\u0111unarodna zajednica, ali i vojska.&nbsp; Me\u0111unarodna pomo\u0107, prva po\u0161iljka medicinskih potrep\u0161tina iz Ujedinjenog Kraljevstva, uklju\u010duju\u0107i [&hellip;]<\/p>\n","protected":false},"author":2,"featured_media":16853,"comment_status":"closed","ping_status":"closed","sticky":false,"template":"","format":"standard","meta":{"h5ap_radio_sources":[],"footnotes":""},"categories":[1],"tags":[],"class_list":["post-16852","post","type-post","status-publish","format-standard","has-post-thumbnail","hentry","category-bihiregija"],"yoast_head":"<!-- This site is optimized with the Yoast SEO plugin v27.4 - https:\/\/yoast.com\/product\/yoast-seo-wordpress\/ -->\n<title>U Indiji potresni prizori, Italija i Austrija ubla\u017eavaju mjere - RADIO LJUBU\u0160KI<\/title>\n<meta name=\"robots\" content=\"index, follow, max-snippet:-1, max-image-preview:large, max-video-preview:-1\" \/>\n<link rel=\"canonical\" href=\"https:\/\/radioljubuski.ba\/index.php\/2021\/04\/27\/u-indiji-potresni-prizori-italija-i-austrija-ublazavaju-mjere\/\" \/>\n<meta property=\"og:locale\" content=\"hr_HR\" \/>\n<meta property=\"og:type\" content=\"article\" \/>\n<meta property=\"og:title\" content=\"U Indiji potresni prizori, Italija i Austrija ubla\u017eavaju mjere - RADIO LJUBU\u0160KI\" \/>\n<meta property=\"og:description\" content=\"\u0160irenje zaraze u Europi stagnira pa neke dr\u017eave oprezno ubla\u017eavaju mjere. U Indiji, pak, sasvim suprotna slika dok traje borba s tre\u0107im valom. Zdravstveni sustav ne funkcionira, a ponovno je prijavljeno vi\u0161e od 300 tisu\u0107a novozara\u017eenih. Stoga u pomo\u0107 priska\u010de me\u0111unarodna zajednica, ali i vojska.&nbsp; Me\u0111unarodna pomo\u0107, prva po\u0161iljka medicinskih potrep\u0161tina iz Ujedinjenog Kraljevstva, uklju\u010duju\u0107i [&hellip;]\" \/>\n<meta property=\"og:url\" content=\"https:\/\/radioljubuski.ba\/index.php\/2021\/04\/27\/u-indiji-potresni-prizori-italija-i-austrija-ublazavaju-mjere\/\" \/>\n<meta property=\"og:site_name\" content=\"RADIO LJUBU\u0160KI\" \/>\n<meta property=\"article:publisher\" content=\"https:\/\/www.facebook.com\/Radiio-Ljubuski-1490835324566332\" \/>\n<meta property=\"article:published_time\" content=\"2021-04-27T22:41:54+00:00\" \/>\n<meta property=\"og:image\" content=\"https:\/\/radioljubuski.ba\/wp-content\/uploads\/2021\/04\/koronavirus-svijet-20210427111351.jpg\" \/>\n\t<meta property=\"og:image:width\" content=\"800\" \/>\n\t<meta property=\"og:image:height\" content=\"450\" \/>\n\t<meta property=\"og:image:type\" content=\"image\/jpeg\" \/>\n<meta name=\"author\" content=\"Radio Ljubu\u0161ki\" \/>\n<meta name=\"twitter:card\" content=\"summary_large_image\" \/>\n<meta name=\"twitter:creator\" content=\"@radioljubuski\" \/>\n<meta name=\"twitter:site\" content=\"@radioljubuski\" \/>\n<meta name=\"twitter:label1\" content=\"Napisao\/la\" \/>\n\t<meta name=\"twitter:data1\" content=\"Radio Ljubu\u0161ki\" \/>\n\t<meta name=\"twitter:label2\" content=\"Procijenjeno vrijeme \u010ditanja\" \/>\n\t<meta name=\"twitter:data2\" content=\"2 minute\" \/>\n<script type=\"application\/ld+json\" class=\"yoast-schema-graph\">{\"@context\":\"https:\\\/\\\/schema.org\",\"@graph\":[{\"@type\":\"Article\",\"@id\":\"https:\\\/\\\/radioljubuski.ba\\\/index.php\\\/2021\\\/04\\\/27\\\/u-indiji-potresni-prizori-italija-i-austrija-ublazavaju-mjere\\\/#article\",\"isPartOf\":{\"@id\":\"https:\\\/\\\/radioljubuski.ba\\\/index.php\\\/2021\\\/04\\\/27\\\/u-indiji-potresni-prizori-italija-i-austrija-ublazavaju-mjere\\\/\"},\"author\":{\"name\":\"Radio Ljubu\u0161ki\",\"@id\":\"https:\\\/\\\/radioljubuski.ba\\\/#\\\/schema\\\/person\\\/19fc700381a780f69665d7956c469e3b\"},\"headline\":\"U Indiji potresni prizori, Italija i Austrija ubla\u017eavaju mjere\",\"datePublished\":\"2021-04-27T22:41:54+00:00\",\"mainEntityOfPage\":{\"@id\":\"https:\\\/\\\/radioljubuski.ba\\\/index.php\\\/2021\\\/04\\\/27\\\/u-indiji-potresni-prizori-italija-i-austrija-ublazavaju-mjere\\\/\"},\"wordCount\":318,\"publisher\":{\"@id\":\"https:\\\/\\\/radioljubuski.ba\\\/#organization\"},\"image\":{\"@id\":\"https:\\\/\\\/radioljubuski.ba\\\/index.php\\\/2021\\\/04\\\/27\\\/u-indiji-potresni-prizori-italija-i-austrija-ublazavaju-mjere\\\/#primaryimage\"},\"thumbnailUrl\":\"https:\\\/\\\/radioljubuski.ba\\\/wp-content\\\/uploads\\\/2021\\\/04\\\/koronavirus-svijet-20210427111351.jpg\",\"articleSection\":[\"BIH i regija\"],\"inLanguage\":\"hr\"},{\"@type\":\"WebPage\",\"@id\":\"https:\\\/\\\/radioljubuski.ba\\\/index.php\\\/2021\\\/04\\\/27\\\/u-indiji-potresni-prizori-italija-i-austrija-ublazavaju-mjere\\\/\",\"url\":\"https:\\\/\\\/radioljubuski.ba\\\/index.php\\\/2021\\\/04\\\/27\\\/u-indiji-potresni-prizori-italija-i-austrija-ublazavaju-mjere\\\/\",\"name\":\"U Indiji potresni prizori, Italija i Austrija ubla\u017eavaju mjere - RADIO LJUBU\u0160KI\",\"isPartOf\":{\"@id\":\"https:\\\/\\\/radioljubuski.ba\\\/#website\"},\"primaryImageOfPage\":{\"@id\":\"https:\\\/\\\/radioljubuski.ba\\\/index.php\\\/2021\\\/04\\\/27\\\/u-indiji-potresni-prizori-italija-i-austrija-ublazavaju-mjere\\\/#primaryimage\"},\"image\":{\"@id\":\"https:\\\/\\\/radioljubuski.ba\\\/index.php\\\/2021\\\/04\\\/27\\\/u-indiji-potresni-prizori-italija-i-austrija-ublazavaju-mjere\\\/#primaryimage\"},\"thumbnailUrl\":\"https:\\\/\\\/radioljubuski.ba\\\/wp-content\\\/uploads\\\/2021\\\/04\\\/koronavirus-svijet-20210427111351.jpg\",\"datePublished\":\"2021-04-27T22:41:54+00:00\",\"breadcrumb\":{\"@id\":\"https:\\\/\\\/radioljubuski.ba\\\/index.php\\\/2021\\\/04\\\/27\\\/u-indiji-potresni-prizori-italija-i-austrija-ublazavaju-mjere\\\/#breadcrumb\"},\"inLanguage\":\"hr\",\"potentialAction\":[{\"@type\":\"ReadAction\",\"target\":[\"https:\\\/\\\/radioljubuski.ba\\\/index.php\\\/2021\\\/04\\\/27\\\/u-indiji-potresni-prizori-italija-i-austrija-ublazavaju-mjere\\\/\"]}]},{\"@type\":\"ImageObject\",\"inLanguage\":\"hr\",\"@id\":\"https:\\\/\\\/radioljubuski.ba\\\/index.php\\\/2021\\\/04\\\/27\\\/u-indiji-potresni-prizori-italija-i-austrija-ublazavaju-mjere\\\/#primaryimage\",\"url\":\"https:\\\/\\\/radioljubuski.ba\\\/wp-content\\\/uploads\\\/2021\\\/04\\\/koronavirus-svijet-20210427111351.jpg\",\"contentUrl\":\"https:\\\/\\\/radioljubuski.ba\\\/wp-content\\\/uploads\\\/2021\\\/04\\\/koronavirus-svijet-20210427111351.jpg\",\"width\":800,\"height\":450},{\"@type\":\"BreadcrumbList\",\"@id\":\"https:\\\/\\\/radioljubuski.ba\\\/index.php\\\/2021\\\/04\\\/27\\\/u-indiji-potresni-prizori-italija-i-austrija-ublazavaju-mjere\\\/#breadcrumb\",\"itemListElement\":[{\"@type\":\"ListItem\",\"position\":1,\"name\":\"Po\u010detna stranica\",\"item\":\"https:\\\/\\\/radioljubuski.ba\\\/\"},{\"@type\":\"ListItem\",\"position\":2,\"name\":\"U Indiji potresni prizori, Italija i Austrija ubla\u017eavaju mjere\"}]},{\"@type\":\"WebSite\",\"@id\":\"https:\\\/\\\/radioljubuski.ba\\\/#website\",\"url\":\"https:\\\/\\\/radioljubuski.ba\\\/\",\"name\":\"Radio Ljubu\u0161ki\",\"description\":\"Sun\u010dana frekvencija Hercegovine\",\"publisher\":{\"@id\":\"https:\\\/\\\/radioljubuski.ba\\\/#organization\"},\"potentialAction\":[{\"@type\":\"SearchAction\",\"target\":{\"@type\":\"EntryPoint\",\"urlTemplate\":\"https:\\\/\\\/radioljubuski.ba\\\/?s={search_term_string}\"},\"query-input\":{\"@type\":\"PropertyValueSpecification\",\"valueRequired\":true,\"valueName\":\"search_term_string\"}}],\"inLanguage\":\"hr\"},{\"@type\":\"Organization\",\"@id\":\"https:\\\/\\\/radioljubuski.ba\\\/#organization\",\"name\":\"Radio Ljubu\u0161ki\",\"url\":\"https:\\\/\\\/radioljubuski.ba\\\/\",\"logo\":{\"@type\":\"ImageObject\",\"inLanguage\":\"hr\",\"@id\":\"https:\\\/\\\/radioljubuski.ba\\\/#\\\/schema\\\/logo\\\/image\\\/\",\"url\":\"https:\\\/\\\/radioljubuski.ba\\\/wp-content\\\/uploads\\\/2021\\\/02\\\/cropped-Radio_Ljubuski_logo1.jpg\",\"contentUrl\":\"https:\\\/\\\/radioljubuski.ba\\\/wp-content\\\/uploads\\\/2021\\\/02\\\/cropped-Radio_Ljubuski_logo1.jpg\",\"width\":512,\"height\":512,\"caption\":\"Radio Ljubu\u0161ki\"},\"image\":{\"@id\":\"https:\\\/\\\/radioljubuski.ba\\\/#\\\/schema\\\/logo\\\/image\\\/\"},\"sameAs\":[\"https:\\\/\\\/www.facebook.com\\\/Radiio-Ljubuski-1490835324566332\",\"https:\\\/\\\/x.com\\\/radioljubuski\",\"https:\\\/\\\/hr.linkedin.com\\\/company\\\/radio-ljubuski\",\"https:\\\/\\\/www.youtube.com\\\/channel\\\/UCHYaeO_n0Db3tjNGudGpXyw\"]},{\"@type\":\"Person\",\"@id\":\"https:\\\/\\\/radioljubuski.ba\\\/#\\\/schema\\\/person\\\/19fc700381a780f69665d7956c469e3b\",\"name\":\"Radio Ljubu\u0161ki\"}]}<\/script>\n<!-- \/ Yoast SEO plugin. -->","yoast_head_json":{"title":"U Indiji potresni prizori, Italija i Austrija ubla\u017eavaju mjere - RADIO LJUBU\u0160KI","robots":{"index":"index","follow":"follow","max-snippet":"max-snippet:-1","max-image-preview":"max-image-preview:large","max-video-preview":"max-video-preview:-1"},"canonical":"https:\/\/radioljubuski.ba\/index.php\/2021\/04\/27\/u-indiji-potresni-prizori-italija-i-austrija-ublazavaju-mjere\/","og_locale":"hr_HR","og_type":"article","og_title":"U Indiji potresni prizori, Italija i Austrija ubla\u017eavaju mjere - RADIO LJUBU\u0160KI","og_description":"\u0160irenje zaraze u Europi stagnira pa neke dr\u017eave oprezno ubla\u017eavaju mjere. U Indiji, pak, sasvim suprotna slika dok traje borba s tre\u0107im valom. Zdravstveni sustav ne funkcionira, a ponovno je prijavljeno vi\u0161e od 300 tisu\u0107a novozara\u017eenih. Stoga u pomo\u0107 priska\u010de me\u0111unarodna zajednica, ali i vojska.&nbsp; Me\u0111unarodna pomo\u0107, prva po\u0161iljka medicinskih potrep\u0161tina iz Ujedinjenog Kraljevstva, uklju\u010duju\u0107i [&hellip;]","og_url":"https:\/\/radioljubuski.ba\/index.php\/2021\/04\/27\/u-indiji-potresni-prizori-italija-i-austrija-ublazavaju-mjere\/","og_site_name":"RADIO LJUBU\u0160KI","article_publisher":"https:\/\/www.facebook.com\/Radiio-Ljubuski-1490835324566332","article_published_time":"2021-04-27T22:41:54+00:00","og_image":[{"width":800,"height":450,"url":"https:\/\/radioljubuski.ba\/wp-content\/uploads\/2021\/04\/koronavirus-svijet-20210427111351.jpg","type":"image\/jpeg"}],"author":"Radio Ljubu\u0161ki","twitter_card":"summary_large_image","twitter_creator":"@radioljubuski","twitter_site":"@radioljubuski","twitter_misc":{"Napisao\/la":"Radio Ljubu\u0161ki","Procijenjeno vrijeme \u010ditanja":"2 minute"},"schema":{"@context":"https:\/\/schema.org","@graph":[{"@type":"Article","@id":"https:\/\/radioljubuski.ba\/index.php\/2021\/04\/27\/u-indiji-potresni-prizori-italija-i-austrija-ublazavaju-mjere\/#article","isPartOf":{"@id":"https:\/\/radioljubuski.ba\/index.php\/2021\/04\/27\/u-indiji-potresni-prizori-italija-i-austrija-ublazavaju-mjere\/"},"author":{"name":"Radio Ljubu\u0161ki","@id":"https:\/\/radioljubuski.ba\/#\/schema\/person\/19fc700381a780f69665d7956c469e3b"},"headline":"U Indiji potresni prizori, Italija i Austrija ubla\u017eavaju mjere","datePublished":"2021-04-27T22:41:54+00:00","mainEntityOfPage":{"@id":"https:\/\/radioljubuski.ba\/index.php\/2021\/04\/27\/u-indiji-potresni-prizori-italija-i-austrija-ublazavaju-mjere\/"},"wordCount":318,"publisher":{"@id":"https:\/\/radioljubuski.ba\/#organization"},"image":{"@id":"https:\/\/radioljubuski.ba\/index.php\/2021\/04\/27\/u-indiji-potresni-prizori-italija-i-austrija-ublazavaju-mjere\/#primaryimage"},"thumbnailUrl":"https:\/\/radioljubuski.ba\/wp-content\/uploads\/2021\/04\/koronavirus-svijet-20210427111351.jpg","articleSection":["BIH i regija"],"inLanguage":"hr"},{"@type":"WebPage","@id":"https:\/\/radioljubuski.ba\/index.php\/2021\/04\/27\/u-indiji-potresni-prizori-italija-i-austrija-ublazavaju-mjere\/","url":"https:\/\/radioljubuski.ba\/index.php\/2021\/04\/27\/u-indiji-potresni-prizori-italija-i-austrija-ublazavaju-mjere\/","name":"U Indiji potresni prizori, Italija i Austrija ubla\u017eavaju mjere - RADIO LJUBU\u0160KI","isPartOf":{"@id":"https:\/\/radioljubuski.ba\/#website"},"primaryImageOfPage":{"@id":"https:\/\/radioljubuski.ba\/index.php\/2021\/04\/27\/u-indiji-potresni-prizori-italija-i-austrija-ublazavaju-mjere\/#primaryimage"},"image":{"@id":"https:\/\/radioljubuski.ba\/index.php\/2021\/04\/27\/u-indiji-potresni-prizori-italija-i-austrija-ublazavaju-mjere\/#primaryimage"},"thumbnailUrl":"https:\/\/radioljubuski.ba\/wp-content\/uploads\/2021\/04\/koronavirus-svijet-20210427111351.jpg","datePublished":"2021-04-27T22:41:54+00:00","breadcrumb":{"@id":"https:\/\/radioljubuski.ba\/index.php\/2021\/04\/27\/u-indiji-potresni-prizori-italija-i-austrija-ublazavaju-mjere\/#breadcrumb"},"inLanguage":"hr","potentialAction":[{"@type":"ReadAction","target":["https:\/\/radioljubuski.ba\/index.php\/2021\/04\/27\/u-indiji-potresni-prizori-italija-i-austrija-ublazavaju-mjere\/"]}]},{"@type":"ImageObject","inLanguage":"hr","@id":"https:\/\/radioljubuski.ba\/index.php\/2021\/04\/27\/u-indiji-potresni-prizori-italija-i-austrija-ublazavaju-mjere\/#primaryimage","url":"https:\/\/radioljubuski.ba\/wp-content\/uploads\/2021\/04\/koronavirus-svijet-20210427111351.jpg","contentUrl":"https:\/\/radioljubuski.ba\/wp-content\/uploads\/2021\/04\/koronavirus-svijet-20210427111351.jpg","width":800,"height":450},{"@type":"BreadcrumbList","@id":"https:\/\/radioljubuski.ba\/index.php\/2021\/04\/27\/u-indiji-potresni-prizori-italija-i-austrija-ublazavaju-mjere\/#breadcrumb","itemListElement":[{"@type":"ListItem","position":1,"name":"Po\u010detna stranica","item":"https:\/\/radioljubuski.ba\/"},{"@type":"ListItem","position":2,"name":"U Indiji potresni prizori, Italija i Austrija ubla\u017eavaju mjere"}]},{"@type":"WebSite","@id":"https:\/\/radioljubuski.ba\/#website","url":"https:\/\/radioljubuski.ba\/","name":"Radio Ljubu\u0161ki","description":"Sun\u010dana frekvencija Hercegovine","publisher":{"@id":"https:\/\/radioljubuski.ba\/#organization"},"potentialAction":[{"@type":"SearchAction","target":{"@type":"EntryPoint","urlTemplate":"https:\/\/radioljubuski.ba\/?s={search_term_string}"},"query-input":{"@type":"PropertyValueSpecification","valueRequired":true,"valueName":"search_term_string"}}],"inLanguage":"hr"},{"@type":"Organization","@id":"https:\/\/radioljubuski.ba\/#organization","name":"Radio Ljubu\u0161ki","url":"https:\/\/radioljubuski.ba\/","logo":{"@type":"ImageObject","inLanguage":"hr","@id":"https:\/\/radioljubuski.ba\/#\/schema\/logo\/image\/","url":"https:\/\/radioljubuski.ba\/wp-content\/uploads\/2021\/02\/cropped-Radio_Ljubuski_logo1.jpg","contentUrl":"https:\/\/radioljubuski.ba\/wp-content\/uploads\/2021\/02\/cropped-Radio_Ljubuski_logo1.jpg","width":512,"height":512,"caption":"Radio Ljubu\u0161ki"},"image":{"@id":"https:\/\/radioljubuski.ba\/#\/schema\/logo\/image\/"},"sameAs":["https:\/\/www.facebook.com\/Radiio-Ljubuski-1490835324566332","https:\/\/x.com\/radioljubuski","https:\/\/hr.linkedin.com\/company\/radio-ljubuski","https:\/\/www.youtube.com\/channel\/UCHYaeO_n0Db3tjNGudGpXyw"]},{"@type":"Person","@id":"https:\/\/radioljubuski.ba\/#\/schema\/person\/19fc700381a780f69665d7956c469e3b","name":"Radio Ljubu\u0161ki"}]}},"_links":{"self":[{"href":"https:\/\/radioljubuski.ba\/index.php\/wp-json\/wp\/v2\/posts\/16852","targetHints":{"allow":["GET"]}}],"collection":[{"href":"https:\/\/radioljubuski.ba\/index.php\/wp-json\/wp\/v2\/posts"}],"about":[{"href":"https:\/\/radioljubuski.ba\/index.php\/wp-json\/wp\/v2\/types\/post"}],"author":[{"embeddable":true,"href":"https:\/\/radioljubuski.ba\/index.php\/wp-json\/wp\/v2\/users\/2"}],"replies":[{"embeddable":true,"href":"https:\/\/radioljubuski.ba\/index.php\/wp-json\/wp\/v2\/comments?post=16852"}],"version-history":[{"count":1,"href":"https:\/\/radioljubuski.ba\/index.php\/wp-json\/wp\/v2\/posts\/16852\/revisions"}],"predecessor-version":[{"id":16854,"href":"https:\/\/radioljubuski.ba\/index.php\/wp-json\/wp\/v2\/posts\/16852\/revisions\/16854"}],"wp:featuredmedia":[{"embeddable":true,"href":"https:\/\/radioljubuski.ba\/index.php\/wp-json\/wp\/v2\/media\/16853"}],"wp:attachment":[{"href":"https:\/\/radioljubuski.ba\/index.php\/wp-json\/wp\/v2\/media?parent=16852"}],"wp:term":[{"taxonomy":"category","embeddable":true,"href":"https:\/\/radioljubuski.ba\/index.php\/wp-json\/wp\/v2\/categories?post=16852"},{"taxonomy":"post_tag","embeddable":true,"href":"https:\/\/radioljubuski.ba\/index.php\/wp-json\/wp\/v2\/tags?post=16852"}],"curies":[{"name":"wp","href":"https:\/\/api.w.org\/{rel}","templated":true}]}}