{"id":16901,"date":"2021-04-28T09:34:06","date_gmt":"2021-04-28T08:34:06","guid":{"rendered":"https:\/\/radioljubuski.ba\/?p=16901"},"modified":"2021-04-28T09:34:07","modified_gmt":"2021-04-28T08:34:07","slug":"struka-o-indijskom-soju-u-bih-panici-nema-mjesta","status":"publish","type":"post","link":"https:\/\/radioljubuski.ba\/index.php\/2021\/04\/28\/struka-o-indijskom-soju-u-bih-panici-nema-mjesta\/","title":{"rendered":"Struka o indijskom soju u BiH: Panici nema mjesta"},"content":{"rendered":"\n<p>U Bosni i Hercegovini pojavio se novi, indijski soj koronavirusa. Ne treba pani\u010diti. Nije opasniji od ostalih, ali ne treba biti ni opu\u0161ten. Ozbiljno shvatiti, uz obavezno po\u0161tivanje svih propisanih epidemiolo\u0161kih mjera, poruka je struke.&nbsp;<\/p>\n\n\n\n<p>Nakon bitanskog, ju\u017enoafri\u010dkog i brazilskog soja pojavio se i indijski, zasad u Europi. Ono \u0161to je sigurno jeste da virus mutira i da \u0107e mutirati, poru\u010duje doktor Bakir Naka\u0161. Koliko je ovaj soj agresivan jo\u0161 nije poznato.<\/p>\n\n\n\n<p>&#8220;Ukoliko se dva ili tri soja ukrste i u jednom organizmu razvijaju onda dobijamo jedan novi soj koji postaje agresivniji. Da li je ovo najagresivniji, da li \u0107e uslijediti jo\u0161 agresivniji soj o tome ostaje vrijeme da nam poka\u017ee, ali sigurno ovo ne\u0107e biti posljednji soj koji \u0107e donositi neda\u0107e stanovni\u0161tvu cjelokupnog svijeta&#8221;, poja\u0161njava Naka\u0161.<\/p>\n\n\n\n<p>Teufik Goleti\u0107, \u0161ef laboratorije za molekularno-geneti\u010dka i forenzi\u010dka ispitivanja na Veterinarskom fakultetu, poru\u010duje da bi fokus trebalo staviti na trenutno cirkuliraju\u0107e sojeve u Bosni i Hercegovini. Najdominantniji je britanski soj. Trenutno nema nikakvih dokaza da je indijski soj opasniji od prethodnih.<\/p>\n\n\n\n<p>&#8220;Tome u prilog najbolje govori \u010dinjenica da ICDS i sve ve\u0107e epidemiolo\u0161ke ku\u0107e u svijetu ovaj soj smatraju sojem od interesa, a ne u sojeve koji izazivaju zabrinutost&#8221;, isti\u010de Goleti\u0107.<\/p>\n\n\n\n<p>Sasvim je prirodno da gra\u0111ani trenutnu situaciju u Indiji, koja je alarmantna, povezuju sa indijskim sojem i zbog toga je prisutan strah. Me\u0111utim, Goleti\u0107 poru\u010duje da nema razloga za zabrinutost, ukoliko se mjere po\u0161tuju.<\/p>\n\n\n\n<p>&#8220;Igre brojki nikada nisu dobre. Situacija i kontekst u Indiji kada je u pitanju zdravstveni sustav, kada je u pitanju njihovo unutarnje ure\u0111enje je sasvim druga\u010diji nego u Europi, rekao bih \u010dak i u ostatku svijeta i u tom kontekstu onaj sustav koji mi imamo nam daje na neki na\u010din prednost&#8221;, dodaje Goleti\u0107.<\/p>\n\n\n\n<p>Dakle, mjesta za paniku nema. Indijski soj je samo jedna u nizu mutacija koronavirusa sa kojim se mo\u017eemo isklju\u010divo izboriti ukoliko po\u0161tujemo sve epidemiolo\u0161ke mjere. Naravno, neophodna nam je i masovna imunizaciju, poru\u010duje struka, pi\u0161e federalna.ba<\/p>\n\n\n\n<p>Izvor:federalna.ba<\/p>\n","protected":false},"excerpt":{"rendered":"<p>U Bosni i Hercegovini pojavio se novi, indijski soj koronavirusa. Ne treba pani\u010diti. Nije opasniji od ostalih, ali ne treba biti ni opu\u0161ten. Ozbiljno shvatiti, uz obavezno po\u0161tivanje svih propisanih epidemiolo\u0161kih mjera, poruka je struke.&nbsp; Nakon bitanskog, ju\u017enoafri\u010dkog i brazilskog soja pojavio se i indijski, zasad u Europi. Ono \u0161to je sigurno jeste da virus [&hellip;]<\/p>\n","protected":false},"author":2,"featured_media":16902,"comment_status":"closed","ping_status":"closed","sticky":false,"template":"","format":"standard","meta":{"h5ap_radio_sources":[],"footnotes":""},"categories":[1],"tags":[],"class_list":["post-16901","post","type-post","status-publish","format-standard","has-post-thumbnail","hentry","category-bihiregija"],"yoast_head":"<!-- This site is optimized with the Yoast SEO plugin v27.4 - https:\/\/yoast.com\/product\/yoast-seo-wordpress\/ -->\n<title>Struka o indijskom soju u BiH: Panici nema mjesta - RADIO LJUBU\u0160KI<\/title>\n<meta name=\"robots\" content=\"index, follow, max-snippet:-1, max-image-preview:large, max-video-preview:-1\" \/>\n<link rel=\"canonical\" href=\"https:\/\/radioljubuski.ba\/index.php\/2021\/04\/28\/struka-o-indijskom-soju-u-bih-panici-nema-mjesta\/\" \/>\n<meta property=\"og:locale\" content=\"hr_HR\" \/>\n<meta property=\"og:type\" content=\"article\" \/>\n<meta property=\"og:title\" content=\"Struka o indijskom soju u BiH: Panici nema mjesta - RADIO LJUBU\u0160KI\" \/>\n<meta property=\"og:description\" content=\"U Bosni i Hercegovini pojavio se novi, indijski soj koronavirusa. Ne treba pani\u010diti. Nije opasniji od ostalih, ali ne treba biti ni opu\u0161ten. Ozbiljno shvatiti, uz obavezno po\u0161tivanje svih propisanih epidemiolo\u0161kih mjera, poruka je struke.&nbsp; Nakon bitanskog, ju\u017enoafri\u010dkog i brazilskog soja pojavio se i indijski, zasad u Europi. Ono \u0161to je sigurno jeste da virus [&hellip;]\" \/>\n<meta property=\"og:url\" content=\"https:\/\/radioljubuski.ba\/index.php\/2021\/04\/28\/struka-o-indijskom-soju-u-bih-panici-nema-mjesta\/\" \/>\n<meta property=\"og:site_name\" content=\"RADIO LJUBU\u0160KI\" \/>\n<meta property=\"article:publisher\" content=\"https:\/\/www.facebook.com\/Radiio-Ljubuski-1490835324566332\" \/>\n<meta property=\"article:published_time\" content=\"2021-04-28T08:34:06+00:00\" \/>\n<meta property=\"article:modified_time\" content=\"2021-04-28T08:34:07+00:00\" \/>\n<meta property=\"og:image\" content=\"https:\/\/radioljubuski.ba\/wp-content\/uploads\/2021\/04\/2-2021-04-21-13-09-48-koronavirus-maska-1.jpg\" \/>\n\t<meta property=\"og:image:width\" content=\"1000\" \/>\n\t<meta property=\"og:image:height\" content=\"625\" \/>\n\t<meta property=\"og:image:type\" content=\"image\/jpeg\" \/>\n<meta name=\"author\" content=\"Radio Ljubu\u0161ki\" \/>\n<meta name=\"twitter:card\" content=\"summary_large_image\" \/>\n<meta name=\"twitter:creator\" content=\"@radioljubuski\" \/>\n<meta name=\"twitter:site\" content=\"@radioljubuski\" \/>\n<meta name=\"twitter:label1\" content=\"Napisao\/la\" \/>\n\t<meta name=\"twitter:data1\" content=\"Radio Ljubu\u0161ki\" \/>\n\t<meta name=\"twitter:label2\" content=\"Procijenjeno vrijeme \u010ditanja\" \/>\n\t<meta name=\"twitter:data2\" content=\"2 minute\" \/>\n<script type=\"application\/ld+json\" class=\"yoast-schema-graph\">{\"@context\":\"https:\\\/\\\/schema.org\",\"@graph\":[{\"@type\":\"Article\",\"@id\":\"https:\\\/\\\/radioljubuski.ba\\\/index.php\\\/2021\\\/04\\\/28\\\/struka-o-indijskom-soju-u-bih-panici-nema-mjesta\\\/#article\",\"isPartOf\":{\"@id\":\"https:\\\/\\\/radioljubuski.ba\\\/index.php\\\/2021\\\/04\\\/28\\\/struka-o-indijskom-soju-u-bih-panici-nema-mjesta\\\/\"},\"author\":{\"name\":\"Radio Ljubu\u0161ki\",\"@id\":\"https:\\\/\\\/radioljubuski.ba\\\/#\\\/schema\\\/person\\\/19fc700381a780f69665d7956c469e3b\"},\"headline\":\"Struka o indijskom soju u BiH: Panici nema mjesta\",\"datePublished\":\"2021-04-28T08:34:06+00:00\",\"dateModified\":\"2021-04-28T08:34:07+00:00\",\"mainEntityOfPage\":{\"@id\":\"https:\\\/\\\/radioljubuski.ba\\\/index.php\\\/2021\\\/04\\\/28\\\/struka-o-indijskom-soju-u-bih-panici-nema-mjesta\\\/\"},\"wordCount\":368,\"publisher\":{\"@id\":\"https:\\\/\\\/radioljubuski.ba\\\/#organization\"},\"image\":{\"@id\":\"https:\\\/\\\/radioljubuski.ba\\\/index.php\\\/2021\\\/04\\\/28\\\/struka-o-indijskom-soju-u-bih-panici-nema-mjesta\\\/#primaryimage\"},\"thumbnailUrl\":\"https:\\\/\\\/radioljubuski.ba\\\/wp-content\\\/uploads\\\/2021\\\/04\\\/2-2021-04-21-13-09-48-koronavirus-maska-1.jpg\",\"articleSection\":[\"BIH i regija\"],\"inLanguage\":\"hr\"},{\"@type\":\"WebPage\",\"@id\":\"https:\\\/\\\/radioljubuski.ba\\\/index.php\\\/2021\\\/04\\\/28\\\/struka-o-indijskom-soju-u-bih-panici-nema-mjesta\\\/\",\"url\":\"https:\\\/\\\/radioljubuski.ba\\\/index.php\\\/2021\\\/04\\\/28\\\/struka-o-indijskom-soju-u-bih-panici-nema-mjesta\\\/\",\"name\":\"Struka o indijskom soju u BiH: Panici nema mjesta - RADIO LJUBU\u0160KI\",\"isPartOf\":{\"@id\":\"https:\\\/\\\/radioljubuski.ba\\\/#website\"},\"primaryImageOfPage\":{\"@id\":\"https:\\\/\\\/radioljubuski.ba\\\/index.php\\\/2021\\\/04\\\/28\\\/struka-o-indijskom-soju-u-bih-panici-nema-mjesta\\\/#primaryimage\"},\"image\":{\"@id\":\"https:\\\/\\\/radioljubuski.ba\\\/index.php\\\/2021\\\/04\\\/28\\\/struka-o-indijskom-soju-u-bih-panici-nema-mjesta\\\/#primaryimage\"},\"thumbnailUrl\":\"https:\\\/\\\/radioljubuski.ba\\\/wp-content\\\/uploads\\\/2021\\\/04\\\/2-2021-04-21-13-09-48-koronavirus-maska-1.jpg\",\"datePublished\":\"2021-04-28T08:34:06+00:00\",\"dateModified\":\"2021-04-28T08:34:07+00:00\",\"breadcrumb\":{\"@id\":\"https:\\\/\\\/radioljubuski.ba\\\/index.php\\\/2021\\\/04\\\/28\\\/struka-o-indijskom-soju-u-bih-panici-nema-mjesta\\\/#breadcrumb\"},\"inLanguage\":\"hr\",\"potentialAction\":[{\"@type\":\"ReadAction\",\"target\":[\"https:\\\/\\\/radioljubuski.ba\\\/index.php\\\/2021\\\/04\\\/28\\\/struka-o-indijskom-soju-u-bih-panici-nema-mjesta\\\/\"]}]},{\"@type\":\"ImageObject\",\"inLanguage\":\"hr\",\"@id\":\"https:\\\/\\\/radioljubuski.ba\\\/index.php\\\/2021\\\/04\\\/28\\\/struka-o-indijskom-soju-u-bih-panici-nema-mjesta\\\/#primaryimage\",\"url\":\"https:\\\/\\\/radioljubuski.ba\\\/wp-content\\\/uploads\\\/2021\\\/04\\\/2-2021-04-21-13-09-48-koronavirus-maska-1.jpg\",\"contentUrl\":\"https:\\\/\\\/radioljubuski.ba\\\/wp-content\\\/uploads\\\/2021\\\/04\\\/2-2021-04-21-13-09-48-koronavirus-maska-1.jpg\",\"width\":1000,\"height\":625},{\"@type\":\"BreadcrumbList\",\"@id\":\"https:\\\/\\\/radioljubuski.ba\\\/index.php\\\/2021\\\/04\\\/28\\\/struka-o-indijskom-soju-u-bih-panici-nema-mjesta\\\/#breadcrumb\",\"itemListElement\":[{\"@type\":\"ListItem\",\"position\":1,\"name\":\"Po\u010detna stranica\",\"item\":\"https:\\\/\\\/radioljubuski.ba\\\/\"},{\"@type\":\"ListItem\",\"position\":2,\"name\":\"Struka o indijskom soju u BiH: Panici nema mjesta\"}]},{\"@type\":\"WebSite\",\"@id\":\"https:\\\/\\\/radioljubuski.ba\\\/#website\",\"url\":\"https:\\\/\\\/radioljubuski.ba\\\/\",\"name\":\"Radio Ljubu\u0161ki\",\"description\":\"Sun\u010dana frekvencija Hercegovine\",\"publisher\":{\"@id\":\"https:\\\/\\\/radioljubuski.ba\\\/#organization\"},\"potentialAction\":[{\"@type\":\"SearchAction\",\"target\":{\"@type\":\"EntryPoint\",\"urlTemplate\":\"https:\\\/\\\/radioljubuski.ba\\\/?s={search_term_string}\"},\"query-input\":{\"@type\":\"PropertyValueSpecification\",\"valueRequired\":true,\"valueName\":\"search_term_string\"}}],\"inLanguage\":\"hr\"},{\"@type\":\"Organization\",\"@id\":\"https:\\\/\\\/radioljubuski.ba\\\/#organization\",\"name\":\"Radio Ljubu\u0161ki\",\"url\":\"https:\\\/\\\/radioljubuski.ba\\\/\",\"logo\":{\"@type\":\"ImageObject\",\"inLanguage\":\"hr\",\"@id\":\"https:\\\/\\\/radioljubuski.ba\\\/#\\\/schema\\\/logo\\\/image\\\/\",\"url\":\"https:\\\/\\\/radioljubuski.ba\\\/wp-content\\\/uploads\\\/2021\\\/02\\\/cropped-Radio_Ljubuski_logo1.jpg\",\"contentUrl\":\"https:\\\/\\\/radioljubuski.ba\\\/wp-content\\\/uploads\\\/2021\\\/02\\\/cropped-Radio_Ljubuski_logo1.jpg\",\"width\":512,\"height\":512,\"caption\":\"Radio Ljubu\u0161ki\"},\"image\":{\"@id\":\"https:\\\/\\\/radioljubuski.ba\\\/#\\\/schema\\\/logo\\\/image\\\/\"},\"sameAs\":[\"https:\\\/\\\/www.facebook.com\\\/Radiio-Ljubuski-1490835324566332\",\"https:\\\/\\\/x.com\\\/radioljubuski\",\"https:\\\/\\\/hr.linkedin.com\\\/company\\\/radio-ljubuski\",\"https:\\\/\\\/www.youtube.com\\\/channel\\\/UCHYaeO_n0Db3tjNGudGpXyw\"]},{\"@type\":\"Person\",\"@id\":\"https:\\\/\\\/radioljubuski.ba\\\/#\\\/schema\\\/person\\\/19fc700381a780f69665d7956c469e3b\",\"name\":\"Radio Ljubu\u0161ki\"}]}<\/script>\n<!-- \/ Yoast SEO plugin. -->","yoast_head_json":{"title":"Struka o indijskom soju u BiH: Panici nema mjesta - RADIO LJUBU\u0160KI","robots":{"index":"index","follow":"follow","max-snippet":"max-snippet:-1","max-image-preview":"max-image-preview:large","max-video-preview":"max-video-preview:-1"},"canonical":"https:\/\/radioljubuski.ba\/index.php\/2021\/04\/28\/struka-o-indijskom-soju-u-bih-panici-nema-mjesta\/","og_locale":"hr_HR","og_type":"article","og_title":"Struka o indijskom soju u BiH: Panici nema mjesta - RADIO LJUBU\u0160KI","og_description":"U Bosni i Hercegovini pojavio se novi, indijski soj koronavirusa. Ne treba pani\u010diti. Nije opasniji od ostalih, ali ne treba biti ni opu\u0161ten. Ozbiljno shvatiti, uz obavezno po\u0161tivanje svih propisanih epidemiolo\u0161kih mjera, poruka je struke.&nbsp; Nakon bitanskog, ju\u017enoafri\u010dkog i brazilskog soja pojavio se i indijski, zasad u Europi. Ono \u0161to je sigurno jeste da virus [&hellip;]","og_url":"https:\/\/radioljubuski.ba\/index.php\/2021\/04\/28\/struka-o-indijskom-soju-u-bih-panici-nema-mjesta\/","og_site_name":"RADIO LJUBU\u0160KI","article_publisher":"https:\/\/www.facebook.com\/Radiio-Ljubuski-1490835324566332","article_published_time":"2021-04-28T08:34:06+00:00","article_modified_time":"2021-04-28T08:34:07+00:00","og_image":[{"width":1000,"height":625,"url":"https:\/\/radioljubuski.ba\/wp-content\/uploads\/2021\/04\/2-2021-04-21-13-09-48-koronavirus-maska-1.jpg","type":"image\/jpeg"}],"author":"Radio Ljubu\u0161ki","twitter_card":"summary_large_image","twitter_creator":"@radioljubuski","twitter_site":"@radioljubuski","twitter_misc":{"Napisao\/la":"Radio Ljubu\u0161ki","Procijenjeno vrijeme \u010ditanja":"2 minute"},"schema":{"@context":"https:\/\/schema.org","@graph":[{"@type":"Article","@id":"https:\/\/radioljubuski.ba\/index.php\/2021\/04\/28\/struka-o-indijskom-soju-u-bih-panici-nema-mjesta\/#article","isPartOf":{"@id":"https:\/\/radioljubuski.ba\/index.php\/2021\/04\/28\/struka-o-indijskom-soju-u-bih-panici-nema-mjesta\/"},"author":{"name":"Radio Ljubu\u0161ki","@id":"https:\/\/radioljubuski.ba\/#\/schema\/person\/19fc700381a780f69665d7956c469e3b"},"headline":"Struka o indijskom soju u BiH: Panici nema mjesta","datePublished":"2021-04-28T08:34:06+00:00","dateModified":"2021-04-28T08:34:07+00:00","mainEntityOfPage":{"@id":"https:\/\/radioljubuski.ba\/index.php\/2021\/04\/28\/struka-o-indijskom-soju-u-bih-panici-nema-mjesta\/"},"wordCount":368,"publisher":{"@id":"https:\/\/radioljubuski.ba\/#organization"},"image":{"@id":"https:\/\/radioljubuski.ba\/index.php\/2021\/04\/28\/struka-o-indijskom-soju-u-bih-panici-nema-mjesta\/#primaryimage"},"thumbnailUrl":"https:\/\/radioljubuski.ba\/wp-content\/uploads\/2021\/04\/2-2021-04-21-13-09-48-koronavirus-maska-1.jpg","articleSection":["BIH i regija"],"inLanguage":"hr"},{"@type":"WebPage","@id":"https:\/\/radioljubuski.ba\/index.php\/2021\/04\/28\/struka-o-indijskom-soju-u-bih-panici-nema-mjesta\/","url":"https:\/\/radioljubuski.ba\/index.php\/2021\/04\/28\/struka-o-indijskom-soju-u-bih-panici-nema-mjesta\/","name":"Struka o indijskom soju u BiH: Panici nema mjesta - RADIO LJUBU\u0160KI","isPartOf":{"@id":"https:\/\/radioljubuski.ba\/#website"},"primaryImageOfPage":{"@id":"https:\/\/radioljubuski.ba\/index.php\/2021\/04\/28\/struka-o-indijskom-soju-u-bih-panici-nema-mjesta\/#primaryimage"},"image":{"@id":"https:\/\/radioljubuski.ba\/index.php\/2021\/04\/28\/struka-o-indijskom-soju-u-bih-panici-nema-mjesta\/#primaryimage"},"thumbnailUrl":"https:\/\/radioljubuski.ba\/wp-content\/uploads\/2021\/04\/2-2021-04-21-13-09-48-koronavirus-maska-1.jpg","datePublished":"2021-04-28T08:34:06+00:00","dateModified":"2021-04-28T08:34:07+00:00","breadcrumb":{"@id":"https:\/\/radioljubuski.ba\/index.php\/2021\/04\/28\/struka-o-indijskom-soju-u-bih-panici-nema-mjesta\/#breadcrumb"},"inLanguage":"hr","potentialAction":[{"@type":"ReadAction","target":["https:\/\/radioljubuski.ba\/index.php\/2021\/04\/28\/struka-o-indijskom-soju-u-bih-panici-nema-mjesta\/"]}]},{"@type":"ImageObject","inLanguage":"hr","@id":"https:\/\/radioljubuski.ba\/index.php\/2021\/04\/28\/struka-o-indijskom-soju-u-bih-panici-nema-mjesta\/#primaryimage","url":"https:\/\/radioljubuski.ba\/wp-content\/uploads\/2021\/04\/2-2021-04-21-13-09-48-koronavirus-maska-1.jpg","contentUrl":"https:\/\/radioljubuski.ba\/wp-content\/uploads\/2021\/04\/2-2021-04-21-13-09-48-koronavirus-maska-1.jpg","width":1000,"height":625},{"@type":"BreadcrumbList","@id":"https:\/\/radioljubuski.ba\/index.php\/2021\/04\/28\/struka-o-indijskom-soju-u-bih-panici-nema-mjesta\/#breadcrumb","itemListElement":[{"@type":"ListItem","position":1,"name":"Po\u010detna stranica","item":"https:\/\/radioljubuski.ba\/"},{"@type":"ListItem","position":2,"name":"Struka o indijskom soju u BiH: Panici nema mjesta"}]},{"@type":"WebSite","@id":"https:\/\/radioljubuski.ba\/#website","url":"https:\/\/radioljubuski.ba\/","name":"Radio Ljubu\u0161ki","description":"Sun\u010dana frekvencija Hercegovine","publisher":{"@id":"https:\/\/radioljubuski.ba\/#organization"},"potentialAction":[{"@type":"SearchAction","target":{"@type":"EntryPoint","urlTemplate":"https:\/\/radioljubuski.ba\/?s={search_term_string}"},"query-input":{"@type":"PropertyValueSpecification","valueRequired":true,"valueName":"search_term_string"}}],"inLanguage":"hr"},{"@type":"Organization","@id":"https:\/\/radioljubuski.ba\/#organization","name":"Radio Ljubu\u0161ki","url":"https:\/\/radioljubuski.ba\/","logo":{"@type":"ImageObject","inLanguage":"hr","@id":"https:\/\/radioljubuski.ba\/#\/schema\/logo\/image\/","url":"https:\/\/radioljubuski.ba\/wp-content\/uploads\/2021\/02\/cropped-Radio_Ljubuski_logo1.jpg","contentUrl":"https:\/\/radioljubuski.ba\/wp-content\/uploads\/2021\/02\/cropped-Radio_Ljubuski_logo1.jpg","width":512,"height":512,"caption":"Radio Ljubu\u0161ki"},"image":{"@id":"https:\/\/radioljubuski.ba\/#\/schema\/logo\/image\/"},"sameAs":["https:\/\/www.facebook.com\/Radiio-Ljubuski-1490835324566332","https:\/\/x.com\/radioljubuski","https:\/\/hr.linkedin.com\/company\/radio-ljubuski","https:\/\/www.youtube.com\/channel\/UCHYaeO_n0Db3tjNGudGpXyw"]},{"@type":"Person","@id":"https:\/\/radioljubuski.ba\/#\/schema\/person\/19fc700381a780f69665d7956c469e3b","name":"Radio Ljubu\u0161ki"}]}},"_links":{"self":[{"href":"https:\/\/radioljubuski.ba\/index.php\/wp-json\/wp\/v2\/posts\/16901","targetHints":{"allow":["GET"]}}],"collection":[{"href":"https:\/\/radioljubuski.ba\/index.php\/wp-json\/wp\/v2\/posts"}],"about":[{"href":"https:\/\/radioljubuski.ba\/index.php\/wp-json\/wp\/v2\/types\/post"}],"author":[{"embeddable":true,"href":"https:\/\/radioljubuski.ba\/index.php\/wp-json\/wp\/v2\/users\/2"}],"replies":[{"embeddable":true,"href":"https:\/\/radioljubuski.ba\/index.php\/wp-json\/wp\/v2\/comments?post=16901"}],"version-history":[{"count":1,"href":"https:\/\/radioljubuski.ba\/index.php\/wp-json\/wp\/v2\/posts\/16901\/revisions"}],"predecessor-version":[{"id":16903,"href":"https:\/\/radioljubuski.ba\/index.php\/wp-json\/wp\/v2\/posts\/16901\/revisions\/16903"}],"wp:featuredmedia":[{"embeddable":true,"href":"https:\/\/radioljubuski.ba\/index.php\/wp-json\/wp\/v2\/media\/16902"}],"wp:attachment":[{"href":"https:\/\/radioljubuski.ba\/index.php\/wp-json\/wp\/v2\/media?parent=16901"}],"wp:term":[{"taxonomy":"category","embeddable":true,"href":"https:\/\/radioljubuski.ba\/index.php\/wp-json\/wp\/v2\/categories?post=16901"},{"taxonomy":"post_tag","embeddable":true,"href":"https:\/\/radioljubuski.ba\/index.php\/wp-json\/wp\/v2\/tags?post=16901"}],"curies":[{"name":"wp","href":"https:\/\/api.w.org\/{rel}","templated":true}]}}