{"id":16968,"date":"2021-04-28T11:28:49","date_gmt":"2021-04-28T10:28:49","guid":{"rendered":"https:\/\/radioljubuski.ba\/?p=16968"},"modified":"2021-05-15T00:03:40","modified_gmt":"2021-05-14T23:03:40","slug":"u-ljubuskom-odrzan-panel-na-temu-zastite-okolisa","status":"publish","type":"post","link":"https:\/\/radioljubuski.ba\/index.php\/2021\/04\/28\/u-ljubuskom-odrzan-panel-na-temu-zastite-okolisa\/","title":{"rendered":"U Ljubu\u0161kom odr\u017ean panel na temu za\u0161tite okoli\u0161a"},"content":{"rendered":"\n<p>Kroz projekt \u201eY O U t h &nbsp;&nbsp;d r i ve\u201c koji financira Europska unija danas je odr\u017eana posljednja od \u010detiri panel diskusije u Ljubu\u0161kom na temu za\u0161tite okoli\u0161a podru\u010dja \u017dupanije Zapadnohercegova\u010dke. <\/p>\n\n\n\n<p>Predstavnici <a>Ureda Vlade za europske integracije ZH\u017d<\/a>, Ministarstvo za prostorno ure\u0111enje, graditeljstvo i stambeno-komunalnu djelatnost ZH\u017d, JP Parkovi Ljubu\u0161ki i Udruga Dinarica\/WWF Adria, koji su dugogodi\u0161nji stru\u010dnjaci iz sektora okoli\u0161a, bili su panelisti navedenih doga\u0111aja. &nbsp;<\/p>\n\n\n\n<p>Na doga\u0111ajima su isto tako bili prisutni i svi ostali relevantni dionici iz sektora okoli\u0161a.<\/p>\n\n\n\n<p>Trenutno stanje okoli\u0161a, najve\u0107e prepreke u istom, te prijedlozi &nbsp;i smjernice za dugoro\u010dan i odr\u017eiv razvoj i za\u0161titu prirodnih dobara samo su neke od tema o kojima se diskutiralo. <\/p>\n\n\n\n<p>Nakon \u010detiri odr\u017eana panela zaklju\u010deno je da \u0107e aktivna uklju\u010denost nevladinog sektora, kako u sada\u0161njosti tako i u budu\u0107nosti, odigrati vrlo va\u017enu ulogu u kreiranju i razvoju svijesti lokalne zajednice, posebice mladih, glede okoli\u0161nih pitanja i politika. G\u0111a. Soldo je istaknula da ovakvi i sli\u010dni projekti \u010dine veliki iskorak prema ja\u010danu i uvezivanju svih sektora u cilju kvalitetnog i konkretnog djelovanja u akcijama za\u0161tite okoli\u0161a, te da stvaraju jedan novi prostor za zajedni\u010dko djelovanje i doprinost odr\u017eivom razvoju \u017dupanije. &nbsp;<\/p>\n\n\n\n<p>&#8220;U Zapadnohercegova\u010dkoj \u017eupaniji pred nama je mnogo posla vezanog za za\u0161titu okoli\u0161a. NVO sektor, kao katalizator promjena, mora raditi zajedno s&nbsp; lokalnim zajednicama, institucijama i privatnim sektorom na za\u0161titi prirodnih dobara izrazito osjetljivog kr\u0161kog podru\u010dja karakteristi\u010dnog zbog iznimne biolo\u0161ke raznolikosti, u kojem biljne i \u017eivotinjske vrste na\u017ealost sve vi\u0161e nestaju&#8221;, izjavio je jedan od panelista, Vedran Kordi\u0107 iz Udruge Dinarica i WWF Adrie.<\/p>\n\n\n\n<p>\u201eU sklopu ovog projekta ukazano je na stanje voda u \u017dupaniji Zapadnohercegova\u010dkoj i zna\u010daj za\u0161tite osobito podzemnih voda. Podzemne vode u kr\u0161u imaju neprocjenjivu ekolo\u0161ku i ekonomsku vrijednost. Neophodna je provedba odgovaraju\u0107ih tehni\u010dkih mjera kojima se sprje\u010dava one\u010di\u0161\u0107enje podzemnih voda. Za\u0161tita voda bi trebala biti zakonska i moralna obveza svih jer: Voda nije sve, ali sve bez vode je ni\u0161ta!\u201c, navela je biotehnologinja Marijana Bubalo.<\/p>\n\n\n\n<p>Kroz projekt je provedena i analiza stanja vodotokova na podru\u010dju \u017dupanije Zapadnohercegova\u010dke, koja je uvr\u0161tena u set preporuka za zakonodavce u cilju ja\u010danja okoli\u0161nih politika, te dono\u0161enja konkretnih i kvalitetnih mjera.<\/p>\n\n\n\n<p>U okviru odr\u017eanih doga\u0111aja predstavljena je i slu\u017ebena stranica projekta \u201eNa\u0161a priroda\u201c kroz koju je omogu\u0107eno lokalnoj zajednici i pojedincima da se aktivno uklju\u010de u pitanja rje\u0161avanja okoli\u0161nih problema &#8211; <a href=\"https:\/\/nasapriroda.com\/\">https:\/\/nasapriroda.com\/<\/a>.<\/p>\n\n\n\n<p>Projekt financira Europska unija u iznosu od preko 230.000 eura, s ciljem podizanja svijesti kod mladih o pravilnom zbrinjavanju otpada i za\u0161titi okoli\u0161a &nbsp;u prekograni\u010dnom podru\u010dju Crne Gore i Bosne i Hercegovine.<\/p>\n\n\n\n<p>Projekt \u201eY O U t h&nbsp;&nbsp; d r i v e\u201c&nbsp; podizanje svijesti o za\u0161titi okoli\u0161a, i pokretanje konkretnih akcija na podru\u010dju&nbsp; \u017dupanije Zapadnohercegova\u010dke i Bokokotorskog zaljeva se provodi u okviru IPA Programa prekograni\u010dne suradnje Bosna i Hercegovina &#8211; Crna Gora, koji financira Europska unija. Partneri na projektu su nevladine organizacije, Udruga za razvoj, okoli\u0161 i kulturu EKO ZH iz \u0160irokog Brijega kao nositelj projekta, i Na\u0161a akcija, sa sjedi\u0161tem u Kotoru.<\/p>\n\n\n\n<p><\/p>\n","protected":false},"excerpt":{"rendered":"<p>Kroz projekt \u201eY O U t h &nbsp;&nbsp;d r i ve\u201c koji financira Europska unija danas je odr\u017eana posljednja od \u010detiri panel diskusije u Ljubu\u0161kom na temu za\u0161tite okoli\u0161a podru\u010dja \u017dupanije Zapadnohercegova\u010dke. Predstavnici Ureda Vlade za europske integracije ZH\u017d, Ministarstvo za prostorno ure\u0111enje, graditeljstvo i stambeno-komunalnu djelatnost ZH\u017d, JP Parkovi Ljubu\u0161ki i Udruga Dinarica\/WWF Adria, [&hellip;]<\/p>\n","protected":false},"author":2,"featured_media":16970,"comment_status":"closed","ping_status":"closed","sticky":false,"template":"","format":"standard","meta":{"h5ap_radio_sources":[],"footnotes":""},"categories":[3],"tags":[],"class_list":["post-16968","post","type-post","status-publish","format-standard","has-post-thumbnail","hentry","category-ljubuski"],"yoast_head":"<!-- This site is optimized with the Yoast SEO plugin v27.4 - https:\/\/yoast.com\/product\/yoast-seo-wordpress\/ -->\n<title>U Ljubu\u0161kom odr\u017ean panel na temu za\u0161tite okoli\u0161a - RADIO LJUBU\u0160KI<\/title>\n<meta name=\"robots\" content=\"index, follow, max-snippet:-1, max-image-preview:large, max-video-preview:-1\" \/>\n<link rel=\"canonical\" href=\"https:\/\/radioljubuski.ba\/index.php\/2021\/04\/28\/u-ljubuskom-odrzan-panel-na-temu-zastite-okolisa\/\" \/>\n<meta property=\"og:locale\" content=\"hr_HR\" \/>\n<meta property=\"og:type\" content=\"article\" \/>\n<meta property=\"og:title\" content=\"U Ljubu\u0161kom odr\u017ean panel na temu za\u0161tite okoli\u0161a - RADIO LJUBU\u0160KI\" \/>\n<meta property=\"og:description\" content=\"Kroz projekt \u201eY O U t h &nbsp;&nbsp;d r i ve\u201c koji financira Europska unija danas je odr\u017eana posljednja od \u010detiri panel diskusije u Ljubu\u0161kom na temu za\u0161tite okoli\u0161a podru\u010dja \u017dupanije Zapadnohercegova\u010dke. Predstavnici Ureda Vlade za europske integracije ZH\u017d, Ministarstvo za prostorno ure\u0111enje, graditeljstvo i stambeno-komunalnu djelatnost ZH\u017d, JP Parkovi Ljubu\u0161ki i Udruga Dinarica\/WWF Adria, [&hellip;]\" \/>\n<meta property=\"og:url\" content=\"https:\/\/radioljubuski.ba\/index.php\/2021\/04\/28\/u-ljubuskom-odrzan-panel-na-temu-zastite-okolisa\/\" \/>\n<meta property=\"og:site_name\" content=\"RADIO LJUBU\u0160KI\" \/>\n<meta property=\"article:publisher\" content=\"https:\/\/www.facebook.com\/Radiio-Ljubuski-1490835324566332\" \/>\n<meta property=\"article:published_time\" content=\"2021-04-28T10:28:49+00:00\" \/>\n<meta property=\"article:modified_time\" content=\"2021-05-14T23:03:40+00:00\" \/>\n<meta property=\"og:image\" content=\"https:\/\/radioljubuski.ba\/wp-content\/uploads\/2021\/04\/panel1.jpg\" \/>\n\t<meta property=\"og:image:width\" content=\"919\" \/>\n\t<meta property=\"og:image:height\" content=\"480\" \/>\n\t<meta property=\"og:image:type\" content=\"image\/jpeg\" \/>\n<meta name=\"author\" content=\"Radio Ljubu\u0161ki\" \/>\n<meta name=\"twitter:card\" content=\"summary_large_image\" \/>\n<meta name=\"twitter:creator\" content=\"@radioljubuski\" \/>\n<meta name=\"twitter:site\" content=\"@radioljubuski\" \/>\n<meta name=\"twitter:label1\" content=\"Napisao\/la\" \/>\n\t<meta name=\"twitter:data1\" content=\"Radio Ljubu\u0161ki\" \/>\n\t<meta name=\"twitter:label2\" content=\"Procijenjeno vrijeme \u010ditanja\" \/>\n\t<meta name=\"twitter:data2\" content=\"3 minute\" \/>\n<script type=\"application\/ld+json\" class=\"yoast-schema-graph\">{\"@context\":\"https:\\\/\\\/schema.org\",\"@graph\":[{\"@type\":\"Article\",\"@id\":\"https:\\\/\\\/radioljubuski.ba\\\/index.php\\\/2021\\\/04\\\/28\\\/u-ljubuskom-odrzan-panel-na-temu-zastite-okolisa\\\/#article\",\"isPartOf\":{\"@id\":\"https:\\\/\\\/radioljubuski.ba\\\/index.php\\\/2021\\\/04\\\/28\\\/u-ljubuskom-odrzan-panel-na-temu-zastite-okolisa\\\/\"},\"author\":{\"name\":\"Radio Ljubu\u0161ki\",\"@id\":\"https:\\\/\\\/radioljubuski.ba\\\/#\\\/schema\\\/person\\\/19fc700381a780f69665d7956c469e3b\"},\"headline\":\"U Ljubu\u0161kom odr\u017ean panel na temu za\u0161tite okoli\u0161a\",\"datePublished\":\"2021-04-28T10:28:49+00:00\",\"dateModified\":\"2021-05-14T23:03:40+00:00\",\"mainEntityOfPage\":{\"@id\":\"https:\\\/\\\/radioljubuski.ba\\\/index.php\\\/2021\\\/04\\\/28\\\/u-ljubuskom-odrzan-panel-na-temu-zastite-okolisa\\\/\"},\"wordCount\":589,\"publisher\":{\"@id\":\"https:\\\/\\\/radioljubuski.ba\\\/#organization\"},\"image\":{\"@id\":\"https:\\\/\\\/radioljubuski.ba\\\/index.php\\\/2021\\\/04\\\/28\\\/u-ljubuskom-odrzan-panel-na-temu-zastite-okolisa\\\/#primaryimage\"},\"thumbnailUrl\":\"https:\\\/\\\/radioljubuski.ba\\\/wp-content\\\/uploads\\\/2021\\\/04\\\/panel1.jpg\",\"articleSection\":[\"Ljubu\u0161ki\"],\"inLanguage\":\"hr\"},{\"@type\":\"WebPage\",\"@id\":\"https:\\\/\\\/radioljubuski.ba\\\/index.php\\\/2021\\\/04\\\/28\\\/u-ljubuskom-odrzan-panel-na-temu-zastite-okolisa\\\/\",\"url\":\"https:\\\/\\\/radioljubuski.ba\\\/index.php\\\/2021\\\/04\\\/28\\\/u-ljubuskom-odrzan-panel-na-temu-zastite-okolisa\\\/\",\"name\":\"U Ljubu\u0161kom odr\u017ean panel na temu za\u0161tite okoli\u0161a - RADIO LJUBU\u0160KI\",\"isPartOf\":{\"@id\":\"https:\\\/\\\/radioljubuski.ba\\\/#website\"},\"primaryImageOfPage\":{\"@id\":\"https:\\\/\\\/radioljubuski.ba\\\/index.php\\\/2021\\\/04\\\/28\\\/u-ljubuskom-odrzan-panel-na-temu-zastite-okolisa\\\/#primaryimage\"},\"image\":{\"@id\":\"https:\\\/\\\/radioljubuski.ba\\\/index.php\\\/2021\\\/04\\\/28\\\/u-ljubuskom-odrzan-panel-na-temu-zastite-okolisa\\\/#primaryimage\"},\"thumbnailUrl\":\"https:\\\/\\\/radioljubuski.ba\\\/wp-content\\\/uploads\\\/2021\\\/04\\\/panel1.jpg\",\"datePublished\":\"2021-04-28T10:28:49+00:00\",\"dateModified\":\"2021-05-14T23:03:40+00:00\",\"breadcrumb\":{\"@id\":\"https:\\\/\\\/radioljubuski.ba\\\/index.php\\\/2021\\\/04\\\/28\\\/u-ljubuskom-odrzan-panel-na-temu-zastite-okolisa\\\/#breadcrumb\"},\"inLanguage\":\"hr\",\"potentialAction\":[{\"@type\":\"ReadAction\",\"target\":[\"https:\\\/\\\/radioljubuski.ba\\\/index.php\\\/2021\\\/04\\\/28\\\/u-ljubuskom-odrzan-panel-na-temu-zastite-okolisa\\\/\"]}]},{\"@type\":\"ImageObject\",\"inLanguage\":\"hr\",\"@id\":\"https:\\\/\\\/radioljubuski.ba\\\/index.php\\\/2021\\\/04\\\/28\\\/u-ljubuskom-odrzan-panel-na-temu-zastite-okolisa\\\/#primaryimage\",\"url\":\"https:\\\/\\\/radioljubuski.ba\\\/wp-content\\\/uploads\\\/2021\\\/04\\\/panel1.jpg\",\"contentUrl\":\"https:\\\/\\\/radioljubuski.ba\\\/wp-content\\\/uploads\\\/2021\\\/04\\\/panel1.jpg\",\"width\":919,\"height\":480},{\"@type\":\"BreadcrumbList\",\"@id\":\"https:\\\/\\\/radioljubuski.ba\\\/index.php\\\/2021\\\/04\\\/28\\\/u-ljubuskom-odrzan-panel-na-temu-zastite-okolisa\\\/#breadcrumb\",\"itemListElement\":[{\"@type\":\"ListItem\",\"position\":1,\"name\":\"Po\u010detna stranica\",\"item\":\"https:\\\/\\\/radioljubuski.ba\\\/\"},{\"@type\":\"ListItem\",\"position\":2,\"name\":\"U Ljubu\u0161kom odr\u017ean panel na temu za\u0161tite okoli\u0161a\"}]},{\"@type\":\"WebSite\",\"@id\":\"https:\\\/\\\/radioljubuski.ba\\\/#website\",\"url\":\"https:\\\/\\\/radioljubuski.ba\\\/\",\"name\":\"Radio Ljubu\u0161ki\",\"description\":\"Sun\u010dana frekvencija Hercegovine\",\"publisher\":{\"@id\":\"https:\\\/\\\/radioljubuski.ba\\\/#organization\"},\"potentialAction\":[{\"@type\":\"SearchAction\",\"target\":{\"@type\":\"EntryPoint\",\"urlTemplate\":\"https:\\\/\\\/radioljubuski.ba\\\/?s={search_term_string}\"},\"query-input\":{\"@type\":\"PropertyValueSpecification\",\"valueRequired\":true,\"valueName\":\"search_term_string\"}}],\"inLanguage\":\"hr\"},{\"@type\":\"Organization\",\"@id\":\"https:\\\/\\\/radioljubuski.ba\\\/#organization\",\"name\":\"Radio Ljubu\u0161ki\",\"url\":\"https:\\\/\\\/radioljubuski.ba\\\/\",\"logo\":{\"@type\":\"ImageObject\",\"inLanguage\":\"hr\",\"@id\":\"https:\\\/\\\/radioljubuski.ba\\\/#\\\/schema\\\/logo\\\/image\\\/\",\"url\":\"https:\\\/\\\/radioljubuski.ba\\\/wp-content\\\/uploads\\\/2021\\\/02\\\/cropped-Radio_Ljubuski_logo1.jpg\",\"contentUrl\":\"https:\\\/\\\/radioljubuski.ba\\\/wp-content\\\/uploads\\\/2021\\\/02\\\/cropped-Radio_Ljubuski_logo1.jpg\",\"width\":512,\"height\":512,\"caption\":\"Radio Ljubu\u0161ki\"},\"image\":{\"@id\":\"https:\\\/\\\/radioljubuski.ba\\\/#\\\/schema\\\/logo\\\/image\\\/\"},\"sameAs\":[\"https:\\\/\\\/www.facebook.com\\\/Radiio-Ljubuski-1490835324566332\",\"https:\\\/\\\/x.com\\\/radioljubuski\",\"https:\\\/\\\/hr.linkedin.com\\\/company\\\/radio-ljubuski\",\"https:\\\/\\\/www.youtube.com\\\/channel\\\/UCHYaeO_n0Db3tjNGudGpXyw\"]},{\"@type\":\"Person\",\"@id\":\"https:\\\/\\\/radioljubuski.ba\\\/#\\\/schema\\\/person\\\/19fc700381a780f69665d7956c469e3b\",\"name\":\"Radio Ljubu\u0161ki\"}]}<\/script>\n<!-- \/ Yoast SEO plugin. -->","yoast_head_json":{"title":"U Ljubu\u0161kom odr\u017ean panel na temu za\u0161tite okoli\u0161a - RADIO LJUBU\u0160KI","robots":{"index":"index","follow":"follow","max-snippet":"max-snippet:-1","max-image-preview":"max-image-preview:large","max-video-preview":"max-video-preview:-1"},"canonical":"https:\/\/radioljubuski.ba\/index.php\/2021\/04\/28\/u-ljubuskom-odrzan-panel-na-temu-zastite-okolisa\/","og_locale":"hr_HR","og_type":"article","og_title":"U Ljubu\u0161kom odr\u017ean panel na temu za\u0161tite okoli\u0161a - RADIO LJUBU\u0160KI","og_description":"Kroz projekt \u201eY O U t h &nbsp;&nbsp;d r i ve\u201c koji financira Europska unija danas je odr\u017eana posljednja od \u010detiri panel diskusije u Ljubu\u0161kom na temu za\u0161tite okoli\u0161a podru\u010dja \u017dupanije Zapadnohercegova\u010dke. Predstavnici Ureda Vlade za europske integracije ZH\u017d, Ministarstvo za prostorno ure\u0111enje, graditeljstvo i stambeno-komunalnu djelatnost ZH\u017d, JP Parkovi Ljubu\u0161ki i Udruga Dinarica\/WWF Adria, [&hellip;]","og_url":"https:\/\/radioljubuski.ba\/index.php\/2021\/04\/28\/u-ljubuskom-odrzan-panel-na-temu-zastite-okolisa\/","og_site_name":"RADIO LJUBU\u0160KI","article_publisher":"https:\/\/www.facebook.com\/Radiio-Ljubuski-1490835324566332","article_published_time":"2021-04-28T10:28:49+00:00","article_modified_time":"2021-05-14T23:03:40+00:00","og_image":[{"width":919,"height":480,"url":"https:\/\/radioljubuski.ba\/wp-content\/uploads\/2021\/04\/panel1.jpg","type":"image\/jpeg"}],"author":"Radio Ljubu\u0161ki","twitter_card":"summary_large_image","twitter_creator":"@radioljubuski","twitter_site":"@radioljubuski","twitter_misc":{"Napisao\/la":"Radio Ljubu\u0161ki","Procijenjeno vrijeme \u010ditanja":"3 minute"},"schema":{"@context":"https:\/\/schema.org","@graph":[{"@type":"Article","@id":"https:\/\/radioljubuski.ba\/index.php\/2021\/04\/28\/u-ljubuskom-odrzan-panel-na-temu-zastite-okolisa\/#article","isPartOf":{"@id":"https:\/\/radioljubuski.ba\/index.php\/2021\/04\/28\/u-ljubuskom-odrzan-panel-na-temu-zastite-okolisa\/"},"author":{"name":"Radio Ljubu\u0161ki","@id":"https:\/\/radioljubuski.ba\/#\/schema\/person\/19fc700381a780f69665d7956c469e3b"},"headline":"U Ljubu\u0161kom odr\u017ean panel na temu za\u0161tite okoli\u0161a","datePublished":"2021-04-28T10:28:49+00:00","dateModified":"2021-05-14T23:03:40+00:00","mainEntityOfPage":{"@id":"https:\/\/radioljubuski.ba\/index.php\/2021\/04\/28\/u-ljubuskom-odrzan-panel-na-temu-zastite-okolisa\/"},"wordCount":589,"publisher":{"@id":"https:\/\/radioljubuski.ba\/#organization"},"image":{"@id":"https:\/\/radioljubuski.ba\/index.php\/2021\/04\/28\/u-ljubuskom-odrzan-panel-na-temu-zastite-okolisa\/#primaryimage"},"thumbnailUrl":"https:\/\/radioljubuski.ba\/wp-content\/uploads\/2021\/04\/panel1.jpg","articleSection":["Ljubu\u0161ki"],"inLanguage":"hr"},{"@type":"WebPage","@id":"https:\/\/radioljubuski.ba\/index.php\/2021\/04\/28\/u-ljubuskom-odrzan-panel-na-temu-zastite-okolisa\/","url":"https:\/\/radioljubuski.ba\/index.php\/2021\/04\/28\/u-ljubuskom-odrzan-panel-na-temu-zastite-okolisa\/","name":"U Ljubu\u0161kom odr\u017ean panel na temu za\u0161tite okoli\u0161a - RADIO LJUBU\u0160KI","isPartOf":{"@id":"https:\/\/radioljubuski.ba\/#website"},"primaryImageOfPage":{"@id":"https:\/\/radioljubuski.ba\/index.php\/2021\/04\/28\/u-ljubuskom-odrzan-panel-na-temu-zastite-okolisa\/#primaryimage"},"image":{"@id":"https:\/\/radioljubuski.ba\/index.php\/2021\/04\/28\/u-ljubuskom-odrzan-panel-na-temu-zastite-okolisa\/#primaryimage"},"thumbnailUrl":"https:\/\/radioljubuski.ba\/wp-content\/uploads\/2021\/04\/panel1.jpg","datePublished":"2021-04-28T10:28:49+00:00","dateModified":"2021-05-14T23:03:40+00:00","breadcrumb":{"@id":"https:\/\/radioljubuski.ba\/index.php\/2021\/04\/28\/u-ljubuskom-odrzan-panel-na-temu-zastite-okolisa\/#breadcrumb"},"inLanguage":"hr","potentialAction":[{"@type":"ReadAction","target":["https:\/\/radioljubuski.ba\/index.php\/2021\/04\/28\/u-ljubuskom-odrzan-panel-na-temu-zastite-okolisa\/"]}]},{"@type":"ImageObject","inLanguage":"hr","@id":"https:\/\/radioljubuski.ba\/index.php\/2021\/04\/28\/u-ljubuskom-odrzan-panel-na-temu-zastite-okolisa\/#primaryimage","url":"https:\/\/radioljubuski.ba\/wp-content\/uploads\/2021\/04\/panel1.jpg","contentUrl":"https:\/\/radioljubuski.ba\/wp-content\/uploads\/2021\/04\/panel1.jpg","width":919,"height":480},{"@type":"BreadcrumbList","@id":"https:\/\/radioljubuski.ba\/index.php\/2021\/04\/28\/u-ljubuskom-odrzan-panel-na-temu-zastite-okolisa\/#breadcrumb","itemListElement":[{"@type":"ListItem","position":1,"name":"Po\u010detna stranica","item":"https:\/\/radioljubuski.ba\/"},{"@type":"ListItem","position":2,"name":"U Ljubu\u0161kom odr\u017ean panel na temu za\u0161tite okoli\u0161a"}]},{"@type":"WebSite","@id":"https:\/\/radioljubuski.ba\/#website","url":"https:\/\/radioljubuski.ba\/","name":"Radio Ljubu\u0161ki","description":"Sun\u010dana frekvencija Hercegovine","publisher":{"@id":"https:\/\/radioljubuski.ba\/#organization"},"potentialAction":[{"@type":"SearchAction","target":{"@type":"EntryPoint","urlTemplate":"https:\/\/radioljubuski.ba\/?s={search_term_string}"},"query-input":{"@type":"PropertyValueSpecification","valueRequired":true,"valueName":"search_term_string"}}],"inLanguage":"hr"},{"@type":"Organization","@id":"https:\/\/radioljubuski.ba\/#organization","name":"Radio Ljubu\u0161ki","url":"https:\/\/radioljubuski.ba\/","logo":{"@type":"ImageObject","inLanguage":"hr","@id":"https:\/\/radioljubuski.ba\/#\/schema\/logo\/image\/","url":"https:\/\/radioljubuski.ba\/wp-content\/uploads\/2021\/02\/cropped-Radio_Ljubuski_logo1.jpg","contentUrl":"https:\/\/radioljubuski.ba\/wp-content\/uploads\/2021\/02\/cropped-Radio_Ljubuski_logo1.jpg","width":512,"height":512,"caption":"Radio Ljubu\u0161ki"},"image":{"@id":"https:\/\/radioljubuski.ba\/#\/schema\/logo\/image\/"},"sameAs":["https:\/\/www.facebook.com\/Radiio-Ljubuski-1490835324566332","https:\/\/x.com\/radioljubuski","https:\/\/hr.linkedin.com\/company\/radio-ljubuski","https:\/\/www.youtube.com\/channel\/UCHYaeO_n0Db3tjNGudGpXyw"]},{"@type":"Person","@id":"https:\/\/radioljubuski.ba\/#\/schema\/person\/19fc700381a780f69665d7956c469e3b","name":"Radio Ljubu\u0161ki"}]}},"_links":{"self":[{"href":"https:\/\/radioljubuski.ba\/index.php\/wp-json\/wp\/v2\/posts\/16968","targetHints":{"allow":["GET"]}}],"collection":[{"href":"https:\/\/radioljubuski.ba\/index.php\/wp-json\/wp\/v2\/posts"}],"about":[{"href":"https:\/\/radioljubuski.ba\/index.php\/wp-json\/wp\/v2\/types\/post"}],"author":[{"embeddable":true,"href":"https:\/\/radioljubuski.ba\/index.php\/wp-json\/wp\/v2\/users\/2"}],"replies":[{"embeddable":true,"href":"https:\/\/radioljubuski.ba\/index.php\/wp-json\/wp\/v2\/comments?post=16968"}],"version-history":[{"count":2,"href":"https:\/\/radioljubuski.ba\/index.php\/wp-json\/wp\/v2\/posts\/16968\/revisions"}],"predecessor-version":[{"id":21489,"href":"https:\/\/radioljubuski.ba\/index.php\/wp-json\/wp\/v2\/posts\/16968\/revisions\/21489"}],"wp:featuredmedia":[{"embeddable":true,"href":"https:\/\/radioljubuski.ba\/index.php\/wp-json\/wp\/v2\/media\/16970"}],"wp:attachment":[{"href":"https:\/\/radioljubuski.ba\/index.php\/wp-json\/wp\/v2\/media?parent=16968"}],"wp:term":[{"taxonomy":"category","embeddable":true,"href":"https:\/\/radioljubuski.ba\/index.php\/wp-json\/wp\/v2\/categories?post=16968"},{"taxonomy":"post_tag","embeddable":true,"href":"https:\/\/radioljubuski.ba\/index.php\/wp-json\/wp\/v2\/tags?post=16968"}],"curies":[{"name":"wp","href":"https:\/\/api.w.org\/{rel}","templated":true}]}}