{"id":17014,"date":"2021-04-28T13:22:48","date_gmt":"2021-04-28T12:22:48","guid":{"rendered":"https:\/\/radioljubuski.ba\/?p=17014"},"modified":"2021-04-28T13:22:48","modified_gmt":"2021-04-28T12:22:48","slug":"podignuta-optuznica-protiv-aldina-hodzica-zbog-utaje-308-000-km-poreza","status":"publish","type":"post","link":"https:\/\/radioljubuski.ba\/index.php\/2021\/04\/28\/podignuta-optuznica-protiv-aldina-hodzica-zbog-utaje-308-000-km-poreza\/","title":{"rendered":"Podignuta optu\u017enica protiv Aldina Hod\u017ei\u0107a zbog utaje 308.000 KM poreza"},"content":{"rendered":"\n<p><strong>Tu\u017eitelj iz Posebnog odjela za organizirani kriminal, gospodarski kriminal i korupciju Tu\u017eiteljstva Bosne i Hercegovine, podigao je optu\u017enicu protiv Aldina Hod\u017ei\u0107a, ro\u0111enog 1982. godine u Gra\u010danici, dr\u017eavljanina BiH i pravne osobe \u201cOXIS OIL\u201d d.o.o. za proizvodnju, trgovinu i transport Gra\u010danica, \u010diji je direktor bez ograni\u010denja, u razdoblju za koji se odnosi optu\u017enica, bio Hod\u017ei\u0107 Aldin.<\/strong><\/p>\n\n\n\n<p>Optu\u017eeni Hod\u017ei\u0107 se tereti da je, od 2014. do 2018. godine, posluju\u0107i putem navedenog poduze\u0107a u prometu nafte i naftnih derivata, ostvario oporezivi prihod od oko 1,4 milijuna KM, koji nije prijavio za obra\u010dun PDV-a u skladu sa zakonskim odredbama poreznog zakonodavstva BiH.<\/p>\n\n\n\n<p>Na taj na\u010din, izvr\u0161ena je utaja poreznih davanja za PDV u ukupnom iznosu od 239.036 KM, za koji iznos je o\u0161te\u0107en prora\u010dun Bosne i Hercegovine, priop\u0107eno je iz Tu\u017eiteljstva BiH.<\/p>\n\n\n\n<p>Nadalje, optu\u017eeni se tereti da je sredinom 2015. godine, putem navedenog poduze\u0107a, ostvario promet od 409.605 KM, za koji nije obra\u010dunao niti uplatio iznos PDV od 69.605 KM, za koji je o\u0161tetio prora\u010dun BiH.<\/p>\n\n\n\n<p>Hod\u017ei\u0107 se tereti da je, kao direktor bez ograni\u010denja ovla\u0161tenja u pravnoj osobi \u201cOXIS OIL\u201d d.o.o. Gra\u010danica, djeluju\u0107i u ime, za ra\u010dun i u korist navedene pravne osobe nepru\u017eaju\u0107i zahtjevane podatke, odnosno pru\u017eaju\u0107i la\u017ene podatke o ste\u010denim oporezivim prihodima i drugim \u010dinjenicama od utjecaja na utvr\u0111ivanje iznosa poreznih obveza, izbjegao pla\u0107anje poreza na dodanu vrijednost (PDV) u iznosu ve\u0107em od 200.000 KM, dok je pravna osoba OXIS OIL d.o.o. raspolagala na taj na\u010din protupravno ostvarenom imenovinskom koristi.<\/p>\n\n\n\n<p>Hod\u017ei\u0107 i \u201cOXIS OIL\u201d d.o.o. Gra\u010danica se terete i da su po\u010dinili produ\u017eeno kazneno djelo porezne utaje ili prijevare.<\/p>\n\n\n\n<p>Optu\u017enica je proslije\u0111ena na potvr\u0111ivanje Sudu BiH.<\/p>\n\n\n\n<p>\/HMS\/<\/p>\n","protected":false},"excerpt":{"rendered":"<p>Tu\u017eitelj iz Posebnog odjela za organizirani kriminal, gospodarski kriminal i korupciju Tu\u017eiteljstva Bosne i Hercegovine, podigao je optu\u017enicu protiv Aldina Hod\u017ei\u0107a, ro\u0111enog 1982. godine u Gra\u010danici, dr\u017eavljanina BiH i pravne osobe \u201cOXIS OIL\u201d d.o.o. za proizvodnju, trgovinu i transport Gra\u010danica, \u010diji je direktor bez ograni\u010denja, u razdoblju za koji se odnosi optu\u017enica, bio Hod\u017ei\u0107 Aldin. [&hellip;]<\/p>\n","protected":false},"author":2,"featured_media":11493,"comment_status":"closed","ping_status":"closed","sticky":false,"template":"","format":"standard","meta":{"h5ap_radio_sources":[],"footnotes":""},"categories":[1],"tags":[],"class_list":["post-17014","post","type-post","status-publish","format-standard","has-post-thumbnail","hentry","category-bihiregija"],"yoast_head":"<!-- This site is optimized with the Yoast SEO plugin v27.4 - https:\/\/yoast.com\/product\/yoast-seo-wordpress\/ -->\n<title>Podignuta optu\u017enica protiv Aldina Hod\u017ei\u0107a zbog utaje 308.000 KM poreza - RADIO LJUBU\u0160KI<\/title>\n<meta name=\"robots\" content=\"index, follow, max-snippet:-1, max-image-preview:large, max-video-preview:-1\" \/>\n<link rel=\"canonical\" href=\"https:\/\/radioljubuski.ba\/index.php\/2021\/04\/28\/podignuta-optuznica-protiv-aldina-hodzica-zbog-utaje-308-000-km-poreza\/\" \/>\n<meta property=\"og:locale\" content=\"hr_HR\" \/>\n<meta property=\"og:type\" content=\"article\" \/>\n<meta property=\"og:title\" content=\"Podignuta optu\u017enica protiv Aldina Hod\u017ei\u0107a zbog utaje 308.000 KM poreza - RADIO LJUBU\u0160KI\" \/>\n<meta property=\"og:description\" content=\"Tu\u017eitelj iz Posebnog odjela za organizirani kriminal, gospodarski kriminal i korupciju Tu\u017eiteljstva Bosne i Hercegovine, podigao je optu\u017enicu protiv Aldina Hod\u017ei\u0107a, ro\u0111enog 1982. godine u Gra\u010danici, dr\u017eavljanina BiH i pravne osobe \u201cOXIS OIL\u201d d.o.o. za proizvodnju, trgovinu i transport Gra\u010danica, \u010diji je direktor bez ograni\u010denja, u razdoblju za koji se odnosi optu\u017enica, bio Hod\u017ei\u0107 Aldin. [&hellip;]\" \/>\n<meta property=\"og:url\" content=\"https:\/\/radioljubuski.ba\/index.php\/2021\/04\/28\/podignuta-optuznica-protiv-aldina-hodzica-zbog-utaje-308-000-km-poreza\/\" \/>\n<meta property=\"og:site_name\" content=\"RADIO LJUBU\u0160KI\" \/>\n<meta property=\"article:publisher\" content=\"https:\/\/www.facebook.com\/Radiio-Ljubuski-1490835324566332\" \/>\n<meta property=\"article:published_time\" content=\"2021-04-28T12:22:48+00:00\" \/>\n<meta property=\"og:image\" content=\"https:\/\/radioljubuski.ba\/wp-content\/uploads\/2021\/04\/ri42WkXh_tuziteljstvo.jpg\" \/>\n\t<meta property=\"og:image:width\" content=\"1000\" \/>\n\t<meta property=\"og:image:height\" content=\"625\" \/>\n\t<meta property=\"og:image:type\" content=\"image\/jpeg\" \/>\n<meta name=\"author\" content=\"Radio Ljubu\u0161ki\" \/>\n<meta name=\"twitter:card\" content=\"summary_large_image\" \/>\n<meta name=\"twitter:creator\" content=\"@radioljubuski\" \/>\n<meta name=\"twitter:site\" content=\"@radioljubuski\" \/>\n<meta name=\"twitter:label1\" content=\"Napisao\/la\" \/>\n\t<meta name=\"twitter:data1\" content=\"Radio Ljubu\u0161ki\" \/>\n\t<meta name=\"twitter:label2\" content=\"Procijenjeno vrijeme \u010ditanja\" \/>\n\t<meta name=\"twitter:data2\" content=\"2 minute\" \/>\n<script type=\"application\/ld+json\" class=\"yoast-schema-graph\">{\"@context\":\"https:\\\/\\\/schema.org\",\"@graph\":[{\"@type\":\"Article\",\"@id\":\"https:\\\/\\\/radioljubuski.ba\\\/index.php\\\/2021\\\/04\\\/28\\\/podignuta-optuznica-protiv-aldina-hodzica-zbog-utaje-308-000-km-poreza\\\/#article\",\"isPartOf\":{\"@id\":\"https:\\\/\\\/radioljubuski.ba\\\/index.php\\\/2021\\\/04\\\/28\\\/podignuta-optuznica-protiv-aldina-hodzica-zbog-utaje-308-000-km-poreza\\\/\"},\"author\":{\"name\":\"Radio Ljubu\u0161ki\",\"@id\":\"https:\\\/\\\/radioljubuski.ba\\\/#\\\/schema\\\/person\\\/19fc700381a780f69665d7956c469e3b\"},\"headline\":\"Podignuta optu\u017enica protiv Aldina Hod\u017ei\u0107a zbog utaje 308.000 KM poreza\",\"datePublished\":\"2021-04-28T12:22:48+00:00\",\"mainEntityOfPage\":{\"@id\":\"https:\\\/\\\/radioljubuski.ba\\\/index.php\\\/2021\\\/04\\\/28\\\/podignuta-optuznica-protiv-aldina-hodzica-zbog-utaje-308-000-km-poreza\\\/\"},\"wordCount\":329,\"publisher\":{\"@id\":\"https:\\\/\\\/radioljubuski.ba\\\/#organization\"},\"image\":{\"@id\":\"https:\\\/\\\/radioljubuski.ba\\\/index.php\\\/2021\\\/04\\\/28\\\/podignuta-optuznica-protiv-aldina-hodzica-zbog-utaje-308-000-km-poreza\\\/#primaryimage\"},\"thumbnailUrl\":\"https:\\\/\\\/radioljubuski.ba\\\/wp-content\\\/uploads\\\/2021\\\/04\\\/ri42WkXh_tuziteljstvo.jpg\",\"articleSection\":[\"BIH i regija\"],\"inLanguage\":\"hr\"},{\"@type\":\"WebPage\",\"@id\":\"https:\\\/\\\/radioljubuski.ba\\\/index.php\\\/2021\\\/04\\\/28\\\/podignuta-optuznica-protiv-aldina-hodzica-zbog-utaje-308-000-km-poreza\\\/\",\"url\":\"https:\\\/\\\/radioljubuski.ba\\\/index.php\\\/2021\\\/04\\\/28\\\/podignuta-optuznica-protiv-aldina-hodzica-zbog-utaje-308-000-km-poreza\\\/\",\"name\":\"Podignuta optu\u017enica protiv Aldina Hod\u017ei\u0107a zbog utaje 308.000 KM poreza - RADIO LJUBU\u0160KI\",\"isPartOf\":{\"@id\":\"https:\\\/\\\/radioljubuski.ba\\\/#website\"},\"primaryImageOfPage\":{\"@id\":\"https:\\\/\\\/radioljubuski.ba\\\/index.php\\\/2021\\\/04\\\/28\\\/podignuta-optuznica-protiv-aldina-hodzica-zbog-utaje-308-000-km-poreza\\\/#primaryimage\"},\"image\":{\"@id\":\"https:\\\/\\\/radioljubuski.ba\\\/index.php\\\/2021\\\/04\\\/28\\\/podignuta-optuznica-protiv-aldina-hodzica-zbog-utaje-308-000-km-poreza\\\/#primaryimage\"},\"thumbnailUrl\":\"https:\\\/\\\/radioljubuski.ba\\\/wp-content\\\/uploads\\\/2021\\\/04\\\/ri42WkXh_tuziteljstvo.jpg\",\"datePublished\":\"2021-04-28T12:22:48+00:00\",\"breadcrumb\":{\"@id\":\"https:\\\/\\\/radioljubuski.ba\\\/index.php\\\/2021\\\/04\\\/28\\\/podignuta-optuznica-protiv-aldina-hodzica-zbog-utaje-308-000-km-poreza\\\/#breadcrumb\"},\"inLanguage\":\"hr\",\"potentialAction\":[{\"@type\":\"ReadAction\",\"target\":[\"https:\\\/\\\/radioljubuski.ba\\\/index.php\\\/2021\\\/04\\\/28\\\/podignuta-optuznica-protiv-aldina-hodzica-zbog-utaje-308-000-km-poreza\\\/\"]}]},{\"@type\":\"ImageObject\",\"inLanguage\":\"hr\",\"@id\":\"https:\\\/\\\/radioljubuski.ba\\\/index.php\\\/2021\\\/04\\\/28\\\/podignuta-optuznica-protiv-aldina-hodzica-zbog-utaje-308-000-km-poreza\\\/#primaryimage\",\"url\":\"https:\\\/\\\/radioljubuski.ba\\\/wp-content\\\/uploads\\\/2021\\\/04\\\/ri42WkXh_tuziteljstvo.jpg\",\"contentUrl\":\"https:\\\/\\\/radioljubuski.ba\\\/wp-content\\\/uploads\\\/2021\\\/04\\\/ri42WkXh_tuziteljstvo.jpg\",\"width\":1000,\"height\":625},{\"@type\":\"BreadcrumbList\",\"@id\":\"https:\\\/\\\/radioljubuski.ba\\\/index.php\\\/2021\\\/04\\\/28\\\/podignuta-optuznica-protiv-aldina-hodzica-zbog-utaje-308-000-km-poreza\\\/#breadcrumb\",\"itemListElement\":[{\"@type\":\"ListItem\",\"position\":1,\"name\":\"Po\u010detna stranica\",\"item\":\"https:\\\/\\\/radioljubuski.ba\\\/\"},{\"@type\":\"ListItem\",\"position\":2,\"name\":\"Podignuta optu\u017enica protiv Aldina Hod\u017ei\u0107a zbog utaje 308.000 KM poreza\"}]},{\"@type\":\"WebSite\",\"@id\":\"https:\\\/\\\/radioljubuski.ba\\\/#website\",\"url\":\"https:\\\/\\\/radioljubuski.ba\\\/\",\"name\":\"Radio Ljubu\u0161ki\",\"description\":\"Sun\u010dana frekvencija Hercegovine\",\"publisher\":{\"@id\":\"https:\\\/\\\/radioljubuski.ba\\\/#organization\"},\"potentialAction\":[{\"@type\":\"SearchAction\",\"target\":{\"@type\":\"EntryPoint\",\"urlTemplate\":\"https:\\\/\\\/radioljubuski.ba\\\/?s={search_term_string}\"},\"query-input\":{\"@type\":\"PropertyValueSpecification\",\"valueRequired\":true,\"valueName\":\"search_term_string\"}}],\"inLanguage\":\"hr\"},{\"@type\":\"Organization\",\"@id\":\"https:\\\/\\\/radioljubuski.ba\\\/#organization\",\"name\":\"Radio Ljubu\u0161ki\",\"url\":\"https:\\\/\\\/radioljubuski.ba\\\/\",\"logo\":{\"@type\":\"ImageObject\",\"inLanguage\":\"hr\",\"@id\":\"https:\\\/\\\/radioljubuski.ba\\\/#\\\/schema\\\/logo\\\/image\\\/\",\"url\":\"https:\\\/\\\/radioljubuski.ba\\\/wp-content\\\/uploads\\\/2021\\\/02\\\/cropped-Radio_Ljubuski_logo1.jpg\",\"contentUrl\":\"https:\\\/\\\/radioljubuski.ba\\\/wp-content\\\/uploads\\\/2021\\\/02\\\/cropped-Radio_Ljubuski_logo1.jpg\",\"width\":512,\"height\":512,\"caption\":\"Radio Ljubu\u0161ki\"},\"image\":{\"@id\":\"https:\\\/\\\/radioljubuski.ba\\\/#\\\/schema\\\/logo\\\/image\\\/\"},\"sameAs\":[\"https:\\\/\\\/www.facebook.com\\\/Radiio-Ljubuski-1490835324566332\",\"https:\\\/\\\/x.com\\\/radioljubuski\",\"https:\\\/\\\/hr.linkedin.com\\\/company\\\/radio-ljubuski\",\"https:\\\/\\\/www.youtube.com\\\/channel\\\/UCHYaeO_n0Db3tjNGudGpXyw\"]},{\"@type\":\"Person\",\"@id\":\"https:\\\/\\\/radioljubuski.ba\\\/#\\\/schema\\\/person\\\/19fc700381a780f69665d7956c469e3b\",\"name\":\"Radio Ljubu\u0161ki\"}]}<\/script>\n<!-- \/ Yoast SEO plugin. -->","yoast_head_json":{"title":"Podignuta optu\u017enica protiv Aldina Hod\u017ei\u0107a zbog utaje 308.000 KM poreza - RADIO LJUBU\u0160KI","robots":{"index":"index","follow":"follow","max-snippet":"max-snippet:-1","max-image-preview":"max-image-preview:large","max-video-preview":"max-video-preview:-1"},"canonical":"https:\/\/radioljubuski.ba\/index.php\/2021\/04\/28\/podignuta-optuznica-protiv-aldina-hodzica-zbog-utaje-308-000-km-poreza\/","og_locale":"hr_HR","og_type":"article","og_title":"Podignuta optu\u017enica protiv Aldina Hod\u017ei\u0107a zbog utaje 308.000 KM poreza - RADIO LJUBU\u0160KI","og_description":"Tu\u017eitelj iz Posebnog odjela za organizirani kriminal, gospodarski kriminal i korupciju Tu\u017eiteljstva Bosne i Hercegovine, podigao je optu\u017enicu protiv Aldina Hod\u017ei\u0107a, ro\u0111enog 1982. godine u Gra\u010danici, dr\u017eavljanina BiH i pravne osobe \u201cOXIS OIL\u201d d.o.o. za proizvodnju, trgovinu i transport Gra\u010danica, \u010diji je direktor bez ograni\u010denja, u razdoblju za koji se odnosi optu\u017enica, bio Hod\u017ei\u0107 Aldin. [&hellip;]","og_url":"https:\/\/radioljubuski.ba\/index.php\/2021\/04\/28\/podignuta-optuznica-protiv-aldina-hodzica-zbog-utaje-308-000-km-poreza\/","og_site_name":"RADIO LJUBU\u0160KI","article_publisher":"https:\/\/www.facebook.com\/Radiio-Ljubuski-1490835324566332","article_published_time":"2021-04-28T12:22:48+00:00","og_image":[{"width":1000,"height":625,"url":"https:\/\/radioljubuski.ba\/wp-content\/uploads\/2021\/04\/ri42WkXh_tuziteljstvo.jpg","type":"image\/jpeg"}],"author":"Radio Ljubu\u0161ki","twitter_card":"summary_large_image","twitter_creator":"@radioljubuski","twitter_site":"@radioljubuski","twitter_misc":{"Napisao\/la":"Radio Ljubu\u0161ki","Procijenjeno vrijeme \u010ditanja":"2 minute"},"schema":{"@context":"https:\/\/schema.org","@graph":[{"@type":"Article","@id":"https:\/\/radioljubuski.ba\/index.php\/2021\/04\/28\/podignuta-optuznica-protiv-aldina-hodzica-zbog-utaje-308-000-km-poreza\/#article","isPartOf":{"@id":"https:\/\/radioljubuski.ba\/index.php\/2021\/04\/28\/podignuta-optuznica-protiv-aldina-hodzica-zbog-utaje-308-000-km-poreza\/"},"author":{"name":"Radio Ljubu\u0161ki","@id":"https:\/\/radioljubuski.ba\/#\/schema\/person\/19fc700381a780f69665d7956c469e3b"},"headline":"Podignuta optu\u017enica protiv Aldina Hod\u017ei\u0107a zbog utaje 308.000 KM poreza","datePublished":"2021-04-28T12:22:48+00:00","mainEntityOfPage":{"@id":"https:\/\/radioljubuski.ba\/index.php\/2021\/04\/28\/podignuta-optuznica-protiv-aldina-hodzica-zbog-utaje-308-000-km-poreza\/"},"wordCount":329,"publisher":{"@id":"https:\/\/radioljubuski.ba\/#organization"},"image":{"@id":"https:\/\/radioljubuski.ba\/index.php\/2021\/04\/28\/podignuta-optuznica-protiv-aldina-hodzica-zbog-utaje-308-000-km-poreza\/#primaryimage"},"thumbnailUrl":"https:\/\/radioljubuski.ba\/wp-content\/uploads\/2021\/04\/ri42WkXh_tuziteljstvo.jpg","articleSection":["BIH i regija"],"inLanguage":"hr"},{"@type":"WebPage","@id":"https:\/\/radioljubuski.ba\/index.php\/2021\/04\/28\/podignuta-optuznica-protiv-aldina-hodzica-zbog-utaje-308-000-km-poreza\/","url":"https:\/\/radioljubuski.ba\/index.php\/2021\/04\/28\/podignuta-optuznica-protiv-aldina-hodzica-zbog-utaje-308-000-km-poreza\/","name":"Podignuta optu\u017enica protiv Aldina Hod\u017ei\u0107a zbog utaje 308.000 KM poreza - RADIO LJUBU\u0160KI","isPartOf":{"@id":"https:\/\/radioljubuski.ba\/#website"},"primaryImageOfPage":{"@id":"https:\/\/radioljubuski.ba\/index.php\/2021\/04\/28\/podignuta-optuznica-protiv-aldina-hodzica-zbog-utaje-308-000-km-poreza\/#primaryimage"},"image":{"@id":"https:\/\/radioljubuski.ba\/index.php\/2021\/04\/28\/podignuta-optuznica-protiv-aldina-hodzica-zbog-utaje-308-000-km-poreza\/#primaryimage"},"thumbnailUrl":"https:\/\/radioljubuski.ba\/wp-content\/uploads\/2021\/04\/ri42WkXh_tuziteljstvo.jpg","datePublished":"2021-04-28T12:22:48+00:00","breadcrumb":{"@id":"https:\/\/radioljubuski.ba\/index.php\/2021\/04\/28\/podignuta-optuznica-protiv-aldina-hodzica-zbog-utaje-308-000-km-poreza\/#breadcrumb"},"inLanguage":"hr","potentialAction":[{"@type":"ReadAction","target":["https:\/\/radioljubuski.ba\/index.php\/2021\/04\/28\/podignuta-optuznica-protiv-aldina-hodzica-zbog-utaje-308-000-km-poreza\/"]}]},{"@type":"ImageObject","inLanguage":"hr","@id":"https:\/\/radioljubuski.ba\/index.php\/2021\/04\/28\/podignuta-optuznica-protiv-aldina-hodzica-zbog-utaje-308-000-km-poreza\/#primaryimage","url":"https:\/\/radioljubuski.ba\/wp-content\/uploads\/2021\/04\/ri42WkXh_tuziteljstvo.jpg","contentUrl":"https:\/\/radioljubuski.ba\/wp-content\/uploads\/2021\/04\/ri42WkXh_tuziteljstvo.jpg","width":1000,"height":625},{"@type":"BreadcrumbList","@id":"https:\/\/radioljubuski.ba\/index.php\/2021\/04\/28\/podignuta-optuznica-protiv-aldina-hodzica-zbog-utaje-308-000-km-poreza\/#breadcrumb","itemListElement":[{"@type":"ListItem","position":1,"name":"Po\u010detna stranica","item":"https:\/\/radioljubuski.ba\/"},{"@type":"ListItem","position":2,"name":"Podignuta optu\u017enica protiv Aldina Hod\u017ei\u0107a zbog utaje 308.000 KM poreza"}]},{"@type":"WebSite","@id":"https:\/\/radioljubuski.ba\/#website","url":"https:\/\/radioljubuski.ba\/","name":"Radio Ljubu\u0161ki","description":"Sun\u010dana frekvencija Hercegovine","publisher":{"@id":"https:\/\/radioljubuski.ba\/#organization"},"potentialAction":[{"@type":"SearchAction","target":{"@type":"EntryPoint","urlTemplate":"https:\/\/radioljubuski.ba\/?s={search_term_string}"},"query-input":{"@type":"PropertyValueSpecification","valueRequired":true,"valueName":"search_term_string"}}],"inLanguage":"hr"},{"@type":"Organization","@id":"https:\/\/radioljubuski.ba\/#organization","name":"Radio Ljubu\u0161ki","url":"https:\/\/radioljubuski.ba\/","logo":{"@type":"ImageObject","inLanguage":"hr","@id":"https:\/\/radioljubuski.ba\/#\/schema\/logo\/image\/","url":"https:\/\/radioljubuski.ba\/wp-content\/uploads\/2021\/02\/cropped-Radio_Ljubuski_logo1.jpg","contentUrl":"https:\/\/radioljubuski.ba\/wp-content\/uploads\/2021\/02\/cropped-Radio_Ljubuski_logo1.jpg","width":512,"height":512,"caption":"Radio Ljubu\u0161ki"},"image":{"@id":"https:\/\/radioljubuski.ba\/#\/schema\/logo\/image\/"},"sameAs":["https:\/\/www.facebook.com\/Radiio-Ljubuski-1490835324566332","https:\/\/x.com\/radioljubuski","https:\/\/hr.linkedin.com\/company\/radio-ljubuski","https:\/\/www.youtube.com\/channel\/UCHYaeO_n0Db3tjNGudGpXyw"]},{"@type":"Person","@id":"https:\/\/radioljubuski.ba\/#\/schema\/person\/19fc700381a780f69665d7956c469e3b","name":"Radio Ljubu\u0161ki"}]}},"_links":{"self":[{"href":"https:\/\/radioljubuski.ba\/index.php\/wp-json\/wp\/v2\/posts\/17014","targetHints":{"allow":["GET"]}}],"collection":[{"href":"https:\/\/radioljubuski.ba\/index.php\/wp-json\/wp\/v2\/posts"}],"about":[{"href":"https:\/\/radioljubuski.ba\/index.php\/wp-json\/wp\/v2\/types\/post"}],"author":[{"embeddable":true,"href":"https:\/\/radioljubuski.ba\/index.php\/wp-json\/wp\/v2\/users\/2"}],"replies":[{"embeddable":true,"href":"https:\/\/radioljubuski.ba\/index.php\/wp-json\/wp\/v2\/comments?post=17014"}],"version-history":[{"count":1,"href":"https:\/\/radioljubuski.ba\/index.php\/wp-json\/wp\/v2\/posts\/17014\/revisions"}],"predecessor-version":[{"id":17015,"href":"https:\/\/radioljubuski.ba\/index.php\/wp-json\/wp\/v2\/posts\/17014\/revisions\/17015"}],"wp:featuredmedia":[{"embeddable":true,"href":"https:\/\/radioljubuski.ba\/index.php\/wp-json\/wp\/v2\/media\/11493"}],"wp:attachment":[{"href":"https:\/\/radioljubuski.ba\/index.php\/wp-json\/wp\/v2\/media?parent=17014"}],"wp:term":[{"taxonomy":"category","embeddable":true,"href":"https:\/\/radioljubuski.ba\/index.php\/wp-json\/wp\/v2\/categories?post=17014"},{"taxonomy":"post_tag","embeddable":true,"href":"https:\/\/radioljubuski.ba\/index.php\/wp-json\/wp\/v2\/tags?post=17014"}],"curies":[{"name":"wp","href":"https:\/\/api.w.org\/{rel}","templated":true}]}}