{"id":17050,"date":"2021-04-28T19:38:21","date_gmt":"2021-04-28T18:38:21","guid":{"rendered":"https:\/\/radioljubuski.ba\/?p=17050"},"modified":"2021-04-28T19:38:22","modified_gmt":"2021-04-28T18:38:22","slug":"nova-pravila-za-vozace-u-bih-tko-i-kako-ce-moci-zatamnjivati-stakla-na-vozilu","status":"publish","type":"post","link":"https:\/\/radioljubuski.ba\/index.php\/2021\/04\/28\/nova-pravila-za-vozace-u-bih-tko-i-kako-ce-moci-zatamnjivati-stakla-na-vozilu\/","title":{"rendered":"Nova pravila za voza\u010de u BiH: Tko i kako \u0107e mo\u0107i zatamnjivati stakla na vozilu"},"content":{"rendered":"\n<p>Od 1. lipnja sve folije koje se postavljaju na stakla automobila moraju imati naljepnicu s jedinstvenim serijskim brojem, a servis koji je ugradio foliju mora izdati potvrdu za ovu uslugu.<\/p>\n\n\n\n<p>Do sada je bilo velikih nesporazuma u vezi zatamnjivanja stakala na automobilima.<\/p>\n\n\n\n<p>Voza\u010di su se \u017ealili da policija u RS-u i Federaciji BiH razli\u010dito tuma\u010di propise, pa dok na jednoj strani kontrolu pro\u0111u bez problema, na drugoj dobiju kaznu sa obrazlo\u017eenjem da su previ\u0161e zatamnili stakla.<\/p>\n\n\n\n<p>Najnoviji propisi na nivou BiH trebalo bi, me\u0111utim, da otklone svaku neodumicu. Ve\u0107 \u010detiri mjeseca na snazi je novi Pravilnik o izmjenama i dopunama pravilnika o dimenzijama, ukupnoj masi i osovinskom optere\u0107enju vozila, o ure\u0111ajima i opremi koju moraju imati vozila i o osnovnim uslovima koje moraju ispunjavati ure\u0111aji i oprema u prometu na putevima.<\/p>\n\n\n\n<p><strong>Ograni\u010denja<\/strong><\/p>\n\n\n\n<p>Prema tom pravilniku, prednje staklo se ne smije uop\u0107e zatamniti. Stakla u ravni voza\u010da i suvoza\u010da mogu biti naknadno zatamnjena do 30 posto, odnosno njihova ukupna providnost nakon postavljanja folije treba biti najmanje 70 posto. Za zadnja bo\u010dna stakla i zadnje nema ograni\u010denja prilikom naknadnog zatamnjivanja.<\/p>\n\n\n\n<p>\u0110or\u0111e Zubac, direktor specijaliziranog servisa za zatamnjivanje stakala u Banja Luci, obja\u0161njava za&nbsp;<a href=\"https:\/\/srpskainfo.com\/nova-pravila-za-vozace-zatamnjivanje-stakala-na-autu-samo-s-potvrdom\/\" target=\"_blank\" rel=\"noreferrer noopener\">Srpskainfo&nbsp;<\/a>zbog \u010dega njegovi klijenti tra\u017ee ovu uslugu. Prednosti folija na staklima su brojne, nabraja on; za\u0161tita od sunca i UV zra\u010denja, a imaju i sigurnosnu funkciju ukoliko eventualno do\u0111e do nesre\u0107e, jer sprije\u010davaju rasipanje stakla i ozljede putnika.<\/p>\n\n\n\n<p>I on svjedo\u010di da su voza\u010di do sada nepravedno ka\u017enjavani zbog zatamnjenih stakala.<\/p>\n\n\n\n<p>&#8220;To \u0161to je policija ka\u017enjavala, sve je bilo mimo zakona, jer nigdje u zakonu nije pisalo ni\u0161ta direktno za folije, niti je Auto-moto savez, niti ijedan tehni\u010dki pregled imao instrument koji bi mjerio propusnost svjetlosti koja ulazi unutar kabine&#8221;, govori Zubac.<\/p>\n\n\n\n<p><strong>\u017dalbe<\/strong><\/p>\n\n\n\n<p>Tvrdi da su svi gra\u0111ani koji su se \u017ealili na dobijenu kaznu za zatamnjena stakla dobili sudsku presudu u svoju korist.<\/p>\n\n\n\n<p>&#8220;Samo \u0161to mnogi ljudi nisu htjeli da se izla\u017eu tim stresovima, pa su pla\u0107ali 20 maraka kaznu na licu mjesta&#8221;, govori Zubac i isti\u010de da \u0107e od 1. lipnja i kod nas biti obavezan atest za folije za stakla.<\/p>\n\n\n\n<p>Iz Auto-moto saveza RS pojasnili su da se zatamnjena stakla u ravni voza\u010da, koja su tvorni\u010dki tonirana, uklapaju u zakonski okvir do 30 posto zatamnjenja.<\/p>\n\n\n\n<p>In\u017eenjer prometa u AMS Mi\u0107o Miljevi\u0107 precizira da je pravilnikom propisano da nakon 1. lipnja homologizirane folije moraju imati naljepnicu s jedinstvenim serijskim brojem, koja se postavlja u donjem uglu stakla, izme\u0111u folije i stakla, odnosno na staklo, i to prilikom ugradnje folija, pored homologacijske oznake stakla, tako da ne pokriva tu oznaku.<\/p>\n\n\n\n<p>&#8220;Servis koji ugra\u0111uje folije du\u017ean je da vlasniku vozila izda pisanu potvrdu A4 formata o ugra\u0111enoj foliji. Pored naziva servisa koji je izvr\u0161io postavljanje folije, datuma i vremena postavljanja, potvrda mora sadr\u017eavati: naziv proizvo\u0111a\u010da folije, vrstu folije, boju, propustljivost svjetlosti, stupanj refleksije, serijsku oznaku postavljene naljepnice i izjavu servisa da su ispunjeni svi uvjeti prema UN\/ECE R43&#8221;, obja\u0161njava Miljevi\u0107.<\/p>\n\n\n\n<p>Ova odredba se, dodaje, odnosi na putni\u010dke automobile, dok ostala vozila, autobusi i vozila za obavljanje privredne djelatnosti, od 1. lipnja 2023. godine ne\u0107e mo\u0107i koristiti folije koje ne ispunjavaju propisane uvjete.<\/p>\n\n\n\n<p>Zatamnjivanje stakala na putni\u010dkim vozilima ko\u0161ta od 180 KM do 560 KM, zavisno od godina garancije. U servisima za tehni\u010dki pregled neslu\u017ebeno ka\u017eu da ih jo\u0161 nitko nije obavijestio o atestu za folije od ovog lipnja, ali da imaju potreban aparat za mjerenje propusnosti svjetla.<\/p>\n\n\n\n<p>Izvor: srpska.info<\/p>\n","protected":false},"excerpt":{"rendered":"<p>Od 1. lipnja sve folije koje se postavljaju na stakla automobila moraju imati naljepnicu s jedinstvenim serijskim brojem, a servis koji je ugradio foliju mora izdati potvrdu za ovu uslugu. Do sada je bilo velikih nesporazuma u vezi zatamnjivanja stakala na automobilima. Voza\u010di su se \u017ealili da policija u RS-u i Federaciji BiH razli\u010dito tuma\u010di [&hellip;]<\/p>\n","protected":false},"author":2,"featured_media":17051,"comment_status":"closed","ping_status":"closed","sticky":false,"template":"","format":"standard","meta":{"h5ap_radio_sources":[],"footnotes":""},"categories":[1],"tags":[],"class_list":["post-17050","post","type-post","status-publish","format-standard","has-post-thumbnail","hentry","category-bihiregija"],"yoast_head":"<!-- This site is optimized with the Yoast SEO plugin v27.4 - https:\/\/yoast.com\/product\/yoast-seo-wordpress\/ -->\n<title>Nova pravila za voza\u010de u BiH: Tko i kako \u0107e mo\u0107i zatamnjivati stakla na vozilu - RADIO LJUBU\u0160KI<\/title>\n<meta name=\"robots\" content=\"index, follow, max-snippet:-1, max-image-preview:large, max-video-preview:-1\" \/>\n<link rel=\"canonical\" href=\"https:\/\/radioljubuski.ba\/index.php\/2021\/04\/28\/nova-pravila-za-vozace-u-bih-tko-i-kako-ce-moci-zatamnjivati-stakla-na-vozilu\/\" \/>\n<meta property=\"og:locale\" content=\"hr_HR\" \/>\n<meta property=\"og:type\" content=\"article\" \/>\n<meta property=\"og:title\" content=\"Nova pravila za voza\u010de u BiH: Tko i kako \u0107e mo\u0107i zatamnjivati stakla na vozilu - RADIO LJUBU\u0160KI\" \/>\n<meta property=\"og:description\" content=\"Od 1. lipnja sve folije koje se postavljaju na stakla automobila moraju imati naljepnicu s jedinstvenim serijskim brojem, a servis koji je ugradio foliju mora izdati potvrdu za ovu uslugu. Do sada je bilo velikih nesporazuma u vezi zatamnjivanja stakala na automobilima. Voza\u010di su se \u017ealili da policija u RS-u i Federaciji BiH razli\u010dito tuma\u010di [&hellip;]\" \/>\n<meta property=\"og:url\" content=\"https:\/\/radioljubuski.ba\/index.php\/2021\/04\/28\/nova-pravila-za-vozace-u-bih-tko-i-kako-ce-moci-zatamnjivati-stakla-na-vozilu\/\" \/>\n<meta property=\"og:site_name\" content=\"RADIO LJUBU\u0160KI\" \/>\n<meta property=\"article:publisher\" content=\"https:\/\/www.facebook.com\/Radiio-Ljubuski-1490835324566332\" \/>\n<meta property=\"article:published_time\" content=\"2021-04-28T18:38:21+00:00\" \/>\n<meta property=\"article:modified_time\" content=\"2021-04-28T18:38:22+00:00\" \/>\n<meta property=\"og:image\" content=\"https:\/\/radioljubuski.ba\/wp-content\/uploads\/2021\/04\/folija_zatamnjivanje_stakala_amazon.jpg\" \/>\n\t<meta property=\"og:image:width\" content=\"1179\" \/>\n\t<meta property=\"og:image:height\" content=\"788\" \/>\n\t<meta property=\"og:image:type\" content=\"image\/jpeg\" \/>\n<meta name=\"author\" content=\"Radio Ljubu\u0161ki\" \/>\n<meta name=\"twitter:card\" content=\"summary_large_image\" \/>\n<meta name=\"twitter:creator\" content=\"@radioljubuski\" \/>\n<meta name=\"twitter:site\" content=\"@radioljubuski\" \/>\n<meta name=\"twitter:label1\" content=\"Napisao\/la\" \/>\n\t<meta name=\"twitter:data1\" content=\"Radio Ljubu\u0161ki\" \/>\n\t<meta name=\"twitter:label2\" content=\"Procijenjeno vrijeme \u010ditanja\" \/>\n\t<meta name=\"twitter:data2\" content=\"3 minute\" \/>\n<script type=\"application\/ld+json\" class=\"yoast-schema-graph\">{\"@context\":\"https:\\\/\\\/schema.org\",\"@graph\":[{\"@type\":\"Article\",\"@id\":\"https:\\\/\\\/radioljubuski.ba\\\/index.php\\\/2021\\\/04\\\/28\\\/nova-pravila-za-vozace-u-bih-tko-i-kako-ce-moci-zatamnjivati-stakla-na-vozilu\\\/#article\",\"isPartOf\":{\"@id\":\"https:\\\/\\\/radioljubuski.ba\\\/index.php\\\/2021\\\/04\\\/28\\\/nova-pravila-za-vozace-u-bih-tko-i-kako-ce-moci-zatamnjivati-stakla-na-vozilu\\\/\"},\"author\":{\"name\":\"Radio Ljubu\u0161ki\",\"@id\":\"https:\\\/\\\/radioljubuski.ba\\\/#\\\/schema\\\/person\\\/19fc700381a780f69665d7956c469e3b\"},\"headline\":\"Nova pravila za voza\u010de u BiH: Tko i kako \u0107e mo\u0107i zatamnjivati stakla na vozilu\",\"datePublished\":\"2021-04-28T18:38:21+00:00\",\"dateModified\":\"2021-04-28T18:38:22+00:00\",\"mainEntityOfPage\":{\"@id\":\"https:\\\/\\\/radioljubuski.ba\\\/index.php\\\/2021\\\/04\\\/28\\\/nova-pravila-za-vozace-u-bih-tko-i-kako-ce-moci-zatamnjivati-stakla-na-vozilu\\\/\"},\"wordCount\":626,\"publisher\":{\"@id\":\"https:\\\/\\\/radioljubuski.ba\\\/#organization\"},\"image\":{\"@id\":\"https:\\\/\\\/radioljubuski.ba\\\/index.php\\\/2021\\\/04\\\/28\\\/nova-pravila-za-vozace-u-bih-tko-i-kako-ce-moci-zatamnjivati-stakla-na-vozilu\\\/#primaryimage\"},\"thumbnailUrl\":\"https:\\\/\\\/radioljubuski.ba\\\/wp-content\\\/uploads\\\/2021\\\/04\\\/folija_zatamnjivanje_stakala_amazon.jpg\",\"articleSection\":[\"BIH i regija\"],\"inLanguage\":\"hr\"},{\"@type\":\"WebPage\",\"@id\":\"https:\\\/\\\/radioljubuski.ba\\\/index.php\\\/2021\\\/04\\\/28\\\/nova-pravila-za-vozace-u-bih-tko-i-kako-ce-moci-zatamnjivati-stakla-na-vozilu\\\/\",\"url\":\"https:\\\/\\\/radioljubuski.ba\\\/index.php\\\/2021\\\/04\\\/28\\\/nova-pravila-za-vozace-u-bih-tko-i-kako-ce-moci-zatamnjivati-stakla-na-vozilu\\\/\",\"name\":\"Nova pravila za voza\u010de u BiH: Tko i kako \u0107e mo\u0107i zatamnjivati stakla na vozilu - RADIO LJUBU\u0160KI\",\"isPartOf\":{\"@id\":\"https:\\\/\\\/radioljubuski.ba\\\/#website\"},\"primaryImageOfPage\":{\"@id\":\"https:\\\/\\\/radioljubuski.ba\\\/index.php\\\/2021\\\/04\\\/28\\\/nova-pravila-za-vozace-u-bih-tko-i-kako-ce-moci-zatamnjivati-stakla-na-vozilu\\\/#primaryimage\"},\"image\":{\"@id\":\"https:\\\/\\\/radioljubuski.ba\\\/index.php\\\/2021\\\/04\\\/28\\\/nova-pravila-za-vozace-u-bih-tko-i-kako-ce-moci-zatamnjivati-stakla-na-vozilu\\\/#primaryimage\"},\"thumbnailUrl\":\"https:\\\/\\\/radioljubuski.ba\\\/wp-content\\\/uploads\\\/2021\\\/04\\\/folija_zatamnjivanje_stakala_amazon.jpg\",\"datePublished\":\"2021-04-28T18:38:21+00:00\",\"dateModified\":\"2021-04-28T18:38:22+00:00\",\"breadcrumb\":{\"@id\":\"https:\\\/\\\/radioljubuski.ba\\\/index.php\\\/2021\\\/04\\\/28\\\/nova-pravila-za-vozace-u-bih-tko-i-kako-ce-moci-zatamnjivati-stakla-na-vozilu\\\/#breadcrumb\"},\"inLanguage\":\"hr\",\"potentialAction\":[{\"@type\":\"ReadAction\",\"target\":[\"https:\\\/\\\/radioljubuski.ba\\\/index.php\\\/2021\\\/04\\\/28\\\/nova-pravila-za-vozace-u-bih-tko-i-kako-ce-moci-zatamnjivati-stakla-na-vozilu\\\/\"]}]},{\"@type\":\"ImageObject\",\"inLanguage\":\"hr\",\"@id\":\"https:\\\/\\\/radioljubuski.ba\\\/index.php\\\/2021\\\/04\\\/28\\\/nova-pravila-za-vozace-u-bih-tko-i-kako-ce-moci-zatamnjivati-stakla-na-vozilu\\\/#primaryimage\",\"url\":\"https:\\\/\\\/radioljubuski.ba\\\/wp-content\\\/uploads\\\/2021\\\/04\\\/folija_zatamnjivanje_stakala_amazon.jpg\",\"contentUrl\":\"https:\\\/\\\/radioljubuski.ba\\\/wp-content\\\/uploads\\\/2021\\\/04\\\/folija_zatamnjivanje_stakala_amazon.jpg\",\"width\":1179,\"height\":788},{\"@type\":\"BreadcrumbList\",\"@id\":\"https:\\\/\\\/radioljubuski.ba\\\/index.php\\\/2021\\\/04\\\/28\\\/nova-pravila-za-vozace-u-bih-tko-i-kako-ce-moci-zatamnjivati-stakla-na-vozilu\\\/#breadcrumb\",\"itemListElement\":[{\"@type\":\"ListItem\",\"position\":1,\"name\":\"Po\u010detna stranica\",\"item\":\"https:\\\/\\\/radioljubuski.ba\\\/\"},{\"@type\":\"ListItem\",\"position\":2,\"name\":\"Nova pravila za voza\u010de u BiH: Tko i kako \u0107e mo\u0107i zatamnjivati stakla na vozilu\"}]},{\"@type\":\"WebSite\",\"@id\":\"https:\\\/\\\/radioljubuski.ba\\\/#website\",\"url\":\"https:\\\/\\\/radioljubuski.ba\\\/\",\"name\":\"Radio Ljubu\u0161ki\",\"description\":\"Sun\u010dana frekvencija Hercegovine\",\"publisher\":{\"@id\":\"https:\\\/\\\/radioljubuski.ba\\\/#organization\"},\"potentialAction\":[{\"@type\":\"SearchAction\",\"target\":{\"@type\":\"EntryPoint\",\"urlTemplate\":\"https:\\\/\\\/radioljubuski.ba\\\/?s={search_term_string}\"},\"query-input\":{\"@type\":\"PropertyValueSpecification\",\"valueRequired\":true,\"valueName\":\"search_term_string\"}}],\"inLanguage\":\"hr\"},{\"@type\":\"Organization\",\"@id\":\"https:\\\/\\\/radioljubuski.ba\\\/#organization\",\"name\":\"Radio Ljubu\u0161ki\",\"url\":\"https:\\\/\\\/radioljubuski.ba\\\/\",\"logo\":{\"@type\":\"ImageObject\",\"inLanguage\":\"hr\",\"@id\":\"https:\\\/\\\/radioljubuski.ba\\\/#\\\/schema\\\/logo\\\/image\\\/\",\"url\":\"https:\\\/\\\/radioljubuski.ba\\\/wp-content\\\/uploads\\\/2021\\\/02\\\/cropped-Radio_Ljubuski_logo1.jpg\",\"contentUrl\":\"https:\\\/\\\/radioljubuski.ba\\\/wp-content\\\/uploads\\\/2021\\\/02\\\/cropped-Radio_Ljubuski_logo1.jpg\",\"width\":512,\"height\":512,\"caption\":\"Radio Ljubu\u0161ki\"},\"image\":{\"@id\":\"https:\\\/\\\/radioljubuski.ba\\\/#\\\/schema\\\/logo\\\/image\\\/\"},\"sameAs\":[\"https:\\\/\\\/www.facebook.com\\\/Radiio-Ljubuski-1490835324566332\",\"https:\\\/\\\/x.com\\\/radioljubuski\",\"https:\\\/\\\/hr.linkedin.com\\\/company\\\/radio-ljubuski\",\"https:\\\/\\\/www.youtube.com\\\/channel\\\/UCHYaeO_n0Db3tjNGudGpXyw\"]},{\"@type\":\"Person\",\"@id\":\"https:\\\/\\\/radioljubuski.ba\\\/#\\\/schema\\\/person\\\/19fc700381a780f69665d7956c469e3b\",\"name\":\"Radio Ljubu\u0161ki\"}]}<\/script>\n<!-- \/ Yoast SEO plugin. -->","yoast_head_json":{"title":"Nova pravila za voza\u010de u BiH: Tko i kako \u0107e mo\u0107i zatamnjivati stakla na vozilu - RADIO LJUBU\u0160KI","robots":{"index":"index","follow":"follow","max-snippet":"max-snippet:-1","max-image-preview":"max-image-preview:large","max-video-preview":"max-video-preview:-1"},"canonical":"https:\/\/radioljubuski.ba\/index.php\/2021\/04\/28\/nova-pravila-za-vozace-u-bih-tko-i-kako-ce-moci-zatamnjivati-stakla-na-vozilu\/","og_locale":"hr_HR","og_type":"article","og_title":"Nova pravila za voza\u010de u BiH: Tko i kako \u0107e mo\u0107i zatamnjivati stakla na vozilu - RADIO LJUBU\u0160KI","og_description":"Od 1. lipnja sve folije koje se postavljaju na stakla automobila moraju imati naljepnicu s jedinstvenim serijskim brojem, a servis koji je ugradio foliju mora izdati potvrdu za ovu uslugu. Do sada je bilo velikih nesporazuma u vezi zatamnjivanja stakala na automobilima. Voza\u010di su se \u017ealili da policija u RS-u i Federaciji BiH razli\u010dito tuma\u010di [&hellip;]","og_url":"https:\/\/radioljubuski.ba\/index.php\/2021\/04\/28\/nova-pravila-za-vozace-u-bih-tko-i-kako-ce-moci-zatamnjivati-stakla-na-vozilu\/","og_site_name":"RADIO LJUBU\u0160KI","article_publisher":"https:\/\/www.facebook.com\/Radiio-Ljubuski-1490835324566332","article_published_time":"2021-04-28T18:38:21+00:00","article_modified_time":"2021-04-28T18:38:22+00:00","og_image":[{"width":1179,"height":788,"url":"https:\/\/radioljubuski.ba\/wp-content\/uploads\/2021\/04\/folija_zatamnjivanje_stakala_amazon.jpg","type":"image\/jpeg"}],"author":"Radio Ljubu\u0161ki","twitter_card":"summary_large_image","twitter_creator":"@radioljubuski","twitter_site":"@radioljubuski","twitter_misc":{"Napisao\/la":"Radio Ljubu\u0161ki","Procijenjeno vrijeme \u010ditanja":"3 minute"},"schema":{"@context":"https:\/\/schema.org","@graph":[{"@type":"Article","@id":"https:\/\/radioljubuski.ba\/index.php\/2021\/04\/28\/nova-pravila-za-vozace-u-bih-tko-i-kako-ce-moci-zatamnjivati-stakla-na-vozilu\/#article","isPartOf":{"@id":"https:\/\/radioljubuski.ba\/index.php\/2021\/04\/28\/nova-pravila-za-vozace-u-bih-tko-i-kako-ce-moci-zatamnjivati-stakla-na-vozilu\/"},"author":{"name":"Radio Ljubu\u0161ki","@id":"https:\/\/radioljubuski.ba\/#\/schema\/person\/19fc700381a780f69665d7956c469e3b"},"headline":"Nova pravila za voza\u010de u BiH: Tko i kako \u0107e mo\u0107i zatamnjivati stakla na vozilu","datePublished":"2021-04-28T18:38:21+00:00","dateModified":"2021-04-28T18:38:22+00:00","mainEntityOfPage":{"@id":"https:\/\/radioljubuski.ba\/index.php\/2021\/04\/28\/nova-pravila-za-vozace-u-bih-tko-i-kako-ce-moci-zatamnjivati-stakla-na-vozilu\/"},"wordCount":626,"publisher":{"@id":"https:\/\/radioljubuski.ba\/#organization"},"image":{"@id":"https:\/\/radioljubuski.ba\/index.php\/2021\/04\/28\/nova-pravila-za-vozace-u-bih-tko-i-kako-ce-moci-zatamnjivati-stakla-na-vozilu\/#primaryimage"},"thumbnailUrl":"https:\/\/radioljubuski.ba\/wp-content\/uploads\/2021\/04\/folija_zatamnjivanje_stakala_amazon.jpg","articleSection":["BIH i regija"],"inLanguage":"hr"},{"@type":"WebPage","@id":"https:\/\/radioljubuski.ba\/index.php\/2021\/04\/28\/nova-pravila-za-vozace-u-bih-tko-i-kako-ce-moci-zatamnjivati-stakla-na-vozilu\/","url":"https:\/\/radioljubuski.ba\/index.php\/2021\/04\/28\/nova-pravila-za-vozace-u-bih-tko-i-kako-ce-moci-zatamnjivati-stakla-na-vozilu\/","name":"Nova pravila za voza\u010de u BiH: Tko i kako \u0107e mo\u0107i zatamnjivati stakla na vozilu - RADIO LJUBU\u0160KI","isPartOf":{"@id":"https:\/\/radioljubuski.ba\/#website"},"primaryImageOfPage":{"@id":"https:\/\/radioljubuski.ba\/index.php\/2021\/04\/28\/nova-pravila-za-vozace-u-bih-tko-i-kako-ce-moci-zatamnjivati-stakla-na-vozilu\/#primaryimage"},"image":{"@id":"https:\/\/radioljubuski.ba\/index.php\/2021\/04\/28\/nova-pravila-za-vozace-u-bih-tko-i-kako-ce-moci-zatamnjivati-stakla-na-vozilu\/#primaryimage"},"thumbnailUrl":"https:\/\/radioljubuski.ba\/wp-content\/uploads\/2021\/04\/folija_zatamnjivanje_stakala_amazon.jpg","datePublished":"2021-04-28T18:38:21+00:00","dateModified":"2021-04-28T18:38:22+00:00","breadcrumb":{"@id":"https:\/\/radioljubuski.ba\/index.php\/2021\/04\/28\/nova-pravila-za-vozace-u-bih-tko-i-kako-ce-moci-zatamnjivati-stakla-na-vozilu\/#breadcrumb"},"inLanguage":"hr","potentialAction":[{"@type":"ReadAction","target":["https:\/\/radioljubuski.ba\/index.php\/2021\/04\/28\/nova-pravila-za-vozace-u-bih-tko-i-kako-ce-moci-zatamnjivati-stakla-na-vozilu\/"]}]},{"@type":"ImageObject","inLanguage":"hr","@id":"https:\/\/radioljubuski.ba\/index.php\/2021\/04\/28\/nova-pravila-za-vozace-u-bih-tko-i-kako-ce-moci-zatamnjivati-stakla-na-vozilu\/#primaryimage","url":"https:\/\/radioljubuski.ba\/wp-content\/uploads\/2021\/04\/folija_zatamnjivanje_stakala_amazon.jpg","contentUrl":"https:\/\/radioljubuski.ba\/wp-content\/uploads\/2021\/04\/folija_zatamnjivanje_stakala_amazon.jpg","width":1179,"height":788},{"@type":"BreadcrumbList","@id":"https:\/\/radioljubuski.ba\/index.php\/2021\/04\/28\/nova-pravila-za-vozace-u-bih-tko-i-kako-ce-moci-zatamnjivati-stakla-na-vozilu\/#breadcrumb","itemListElement":[{"@type":"ListItem","position":1,"name":"Po\u010detna stranica","item":"https:\/\/radioljubuski.ba\/"},{"@type":"ListItem","position":2,"name":"Nova pravila za voza\u010de u BiH: Tko i kako \u0107e mo\u0107i zatamnjivati stakla na vozilu"}]},{"@type":"WebSite","@id":"https:\/\/radioljubuski.ba\/#website","url":"https:\/\/radioljubuski.ba\/","name":"Radio Ljubu\u0161ki","description":"Sun\u010dana frekvencija Hercegovine","publisher":{"@id":"https:\/\/radioljubuski.ba\/#organization"},"potentialAction":[{"@type":"SearchAction","target":{"@type":"EntryPoint","urlTemplate":"https:\/\/radioljubuski.ba\/?s={search_term_string}"},"query-input":{"@type":"PropertyValueSpecification","valueRequired":true,"valueName":"search_term_string"}}],"inLanguage":"hr"},{"@type":"Organization","@id":"https:\/\/radioljubuski.ba\/#organization","name":"Radio Ljubu\u0161ki","url":"https:\/\/radioljubuski.ba\/","logo":{"@type":"ImageObject","inLanguage":"hr","@id":"https:\/\/radioljubuski.ba\/#\/schema\/logo\/image\/","url":"https:\/\/radioljubuski.ba\/wp-content\/uploads\/2021\/02\/cropped-Radio_Ljubuski_logo1.jpg","contentUrl":"https:\/\/radioljubuski.ba\/wp-content\/uploads\/2021\/02\/cropped-Radio_Ljubuski_logo1.jpg","width":512,"height":512,"caption":"Radio Ljubu\u0161ki"},"image":{"@id":"https:\/\/radioljubuski.ba\/#\/schema\/logo\/image\/"},"sameAs":["https:\/\/www.facebook.com\/Radiio-Ljubuski-1490835324566332","https:\/\/x.com\/radioljubuski","https:\/\/hr.linkedin.com\/company\/radio-ljubuski","https:\/\/www.youtube.com\/channel\/UCHYaeO_n0Db3tjNGudGpXyw"]},{"@type":"Person","@id":"https:\/\/radioljubuski.ba\/#\/schema\/person\/19fc700381a780f69665d7956c469e3b","name":"Radio Ljubu\u0161ki"}]}},"_links":{"self":[{"href":"https:\/\/radioljubuski.ba\/index.php\/wp-json\/wp\/v2\/posts\/17050","targetHints":{"allow":["GET"]}}],"collection":[{"href":"https:\/\/radioljubuski.ba\/index.php\/wp-json\/wp\/v2\/posts"}],"about":[{"href":"https:\/\/radioljubuski.ba\/index.php\/wp-json\/wp\/v2\/types\/post"}],"author":[{"embeddable":true,"href":"https:\/\/radioljubuski.ba\/index.php\/wp-json\/wp\/v2\/users\/2"}],"replies":[{"embeddable":true,"href":"https:\/\/radioljubuski.ba\/index.php\/wp-json\/wp\/v2\/comments?post=17050"}],"version-history":[{"count":1,"href":"https:\/\/radioljubuski.ba\/index.php\/wp-json\/wp\/v2\/posts\/17050\/revisions"}],"predecessor-version":[{"id":17052,"href":"https:\/\/radioljubuski.ba\/index.php\/wp-json\/wp\/v2\/posts\/17050\/revisions\/17052"}],"wp:featuredmedia":[{"embeddable":true,"href":"https:\/\/radioljubuski.ba\/index.php\/wp-json\/wp\/v2\/media\/17051"}],"wp:attachment":[{"href":"https:\/\/radioljubuski.ba\/index.php\/wp-json\/wp\/v2\/media?parent=17050"}],"wp:term":[{"taxonomy":"category","embeddable":true,"href":"https:\/\/radioljubuski.ba\/index.php\/wp-json\/wp\/v2\/categories?post=17050"},{"taxonomy":"post_tag","embeddable":true,"href":"https:\/\/radioljubuski.ba\/index.php\/wp-json\/wp\/v2\/tags?post=17050"}],"curies":[{"name":"wp","href":"https:\/\/api.w.org\/{rel}","templated":true}]}}