{"id":1706,"date":"2021-03-07T12:43:31","date_gmt":"2021-03-07T11:43:31","guid":{"rendered":"https:\/\/radioljubuski.ba\/?p=1706"},"modified":"2021-03-07T12:43:31","modified_gmt":"2021-03-07T11:43:31","slug":"nakon-drame-i-dva-produzetka-zrinjski-savladao-bratunac","status":"publish","type":"post","link":"https:\/\/radioljubuski.ba\/index.php\/2021\/03\/07\/nakon-drame-i-dva-produzetka-zrinjski-savladao-bratunac\/","title":{"rendered":"Nakon drame i dva produ\u017eetka Zrinjski savladao Bratunac"},"content":{"rendered":"\n<p>HKK Zrinjski je nakon prave drame u utakmici 20. kola ko\u0161arka\u0161kog prvenstva Bosne i Hercegovine savladao KK Bratunac rezultatom 102:98.<br><br><strong><em>AU: B.B.<\/em><\/strong><br><br>Za pobjedu je Mostarcima trebalo \u010dak dva produ\u017eetka nakon utakmice u kojoj su oba tima imala svoje \u0161anse da utakmicu dobiju i prije produ\u017eetaka.&nbsp;<br><br>Doma\u0107i tim sjajno je krenuo u utakmicu. Odli\u010dno je Zrinjski obranom iskontrolirao otvaranje utakmice i vrlo brzo stigao do dvoznamenkaste prednosti koja je iznosila i 15 poena razlike. Bili su to trenutci kada se \u010dinilo da \u0107e doma\u0107i tim lagano do\u0107i do pobjede protiv gostiju u \u010dijim redovima nije bilo par standardnih ko\u0161arka\u0161a. No do kraja poluvremena ekipa Bratunca se vratila na vi\u0161e nego podno\u0161ljivih -6.&nbsp;<br><br>Drugo poluvrijeme ponudilo je dosta druk\u010diju pri\u010du. Ko\u0161arka\u0161i Bratunca zaigrali su sjajnu ko\u0161arku i napravili veliki preokret. Gosti su sjajnom \u0161uterskom serijm velikom brzinom stigli a zatim i prestigli prednost Zrinjskog i poveli s velikih 12 razlike i tada se \u010dinilo da gosti dolaze do novih bodova. No, nije se trealo mnogo \u010dekati na novi preokret. Bratun\u010dani kao da su se uljuljali i mislili da je utakmica zavr\u0161ena, no nije bila. Dapa\u010de. &#8216;X faktor&#8217; preokreta Plemi\u0107a bio je mladi \u0160irokobrije\u017eanin u dresu s lentom, Mile \u010covi\u0107, koji je odigrao daleko najbolju utakmicu od dolaska u Zrinjski. Njegovi poeni, skokovi i energija pokrenuli su Zrinjski koji je dostigao veliku prednost gostiju a nakon dramati\u010dnih posljednih trenutaka utakmica je oti\u0161la u produ\u017eetak.<br><br>Ni produ\u017eetak nije bio dovoljan da dobijemo pobjednika ove nevjerojatne utakmice u dvorani pod Bijelim Brijegom. Drama se nastavila uz sjajnu igru Tadi\u0107a i Tresa\u010da s jedne, te \u010covi\u0107a, Zovke i An\u0111u\u0161i\u0107a s druge strane. Utakmica je rije\u0161ena u posljednjim momentima drugog produ\u017eetka kada je Zrinjski iskoristio i umor gostiju, te nekoliko gre\u0161aka koje je gostuju\u0107i trener Ognjen Radi\u0107 vidio kao suda\u010dke previde te je na kraju zbog dvije tehni\u010dke pogre\u0161ke isklju\u010den iz igre.&nbsp;<br><br>An\u0111u\u0161i\u0107 je s 24 poena predvodio Zrinjski, a sjajni Mateo Zovko je dodao 22, uklju\u010duju\u0107i dvije trojke u drugom produ\u017eetku. Ipak, najbolji ko\u0161arka\u0161 Zrinjskog ve\u010deras je bio spomenuti \u010covi\u0107 koji je ve\u0107inu svojih poena ubacio u preokretu kojim se Zrinjski vratio u igru. Svoju sjajnu partiju zaokru\u017eio je i s 10 skokova.<br><br>Tadi\u0107 s 32 poena i Tresa\u010d s 31 bili su nerje\u0161ive enigme za doma\u0107e ko\u0161arka\u0161e koji su ovom pobjedom zadr\u017eali izglede za plasman u Ligu 6.&nbsp;<\/p>\n\n\n\n<p>Izvor:pogled.ba<\/p>\n","protected":false},"excerpt":{"rendered":"<p>HKK Zrinjski je nakon prave drame u utakmici 20. kola ko\u0161arka\u0161kog prvenstva Bosne i Hercegovine savladao KK Bratunac rezultatom 102:98. AU: B.B. Za pobjedu je Mostarcima trebalo \u010dak dva produ\u017eetka nakon utakmice u kojoj su oba tima imala svoje \u0161anse da utakmicu dobiju i prije produ\u017eetaka.&nbsp; Doma\u0107i tim sjajno je krenuo u utakmicu. Odli\u010dno je [&hellip;]<\/p>\n","protected":false},"author":2,"featured_media":1707,"comment_status":"closed","ping_status":"closed","sticky":false,"template":"","format":"standard","meta":{"h5ap_radio_sources":[],"footnotes":""},"categories":[1],"tags":[],"class_list":["post-1706","post","type-post","status-publish","format-standard","has-post-thumbnail","hentry","category-bihiregija"],"yoast_head":"<!-- This site is optimized with the Yoast SEO plugin v27.5 - https:\/\/yoast.com\/product\/yoast-seo-wordpress\/ -->\n<title>Nakon drame i dva produ\u017eetka Zrinjski savladao Bratunac - RADIO LJUBU\u0160KI<\/title>\n<meta name=\"robots\" content=\"index, follow, max-snippet:-1, max-image-preview:large, max-video-preview:-1\" \/>\n<link rel=\"canonical\" href=\"https:\/\/radioljubuski.ba\/index.php\/2021\/03\/07\/nakon-drame-i-dva-produzetka-zrinjski-savladao-bratunac\/\" \/>\n<meta property=\"og:locale\" content=\"hr_HR\" \/>\n<meta property=\"og:type\" content=\"article\" \/>\n<meta property=\"og:title\" content=\"Nakon drame i dva produ\u017eetka Zrinjski savladao Bratunac - RADIO LJUBU\u0160KI\" \/>\n<meta property=\"og:description\" content=\"HKK Zrinjski je nakon prave drame u utakmici 20. kola ko\u0161arka\u0161kog prvenstva Bosne i Hercegovine savladao KK Bratunac rezultatom 102:98. AU: B.B. Za pobjedu je Mostarcima trebalo \u010dak dva produ\u017eetka nakon utakmice u kojoj su oba tima imala svoje \u0161anse da utakmicu dobiju i prije produ\u017eetaka.&nbsp; Doma\u0107i tim sjajno je krenuo u utakmicu. Odli\u010dno je [&hellip;]\" \/>\n<meta property=\"og:url\" content=\"https:\/\/radioljubuski.ba\/index.php\/2021\/03\/07\/nakon-drame-i-dva-produzetka-zrinjski-savladao-bratunac\/\" \/>\n<meta property=\"og:site_name\" content=\"RADIO LJUBU\u0160KI\" \/>\n<meta property=\"article:publisher\" content=\"https:\/\/www.facebook.com\/Radiio-Ljubuski-1490835324566332\" \/>\n<meta property=\"article:published_time\" content=\"2021-03-07T11:43:31+00:00\" \/>\n<meta property=\"og:image\" content=\"https:\/\/radioljubuski.ba\/wp-content\/uploads\/2021\/03\/213029_foto_nakon_drame_i_dva_produzetka_zrinjski_savladao_bratunac_1_1024_683_85_storagepogledwatemarkwtmrk_png_800_0_100_r_b_0_0_c1.jpg\" \/>\n\t<meta property=\"og:image:width\" content=\"1024\" \/>\n\t<meta property=\"og:image:height\" content=\"683\" \/>\n\t<meta property=\"og:image:type\" content=\"image\/jpeg\" \/>\n<meta name=\"author\" content=\"Radio Ljubu\u0161ki\" \/>\n<meta name=\"twitter:card\" content=\"summary_large_image\" \/>\n<meta name=\"twitter:creator\" content=\"@radioljubuski\" \/>\n<meta name=\"twitter:site\" content=\"@radioljubuski\" \/>\n<meta name=\"twitter:label1\" content=\"Napisao\/la\" \/>\n\t<meta name=\"twitter:data1\" content=\"Radio Ljubu\u0161ki\" \/>\n\t<meta name=\"twitter:label2\" content=\"Procijenjeno vrijeme \u010ditanja\" \/>\n\t<meta name=\"twitter:data2\" content=\"2 minute\" \/>\n<script type=\"application\/ld+json\" class=\"yoast-schema-graph\">{\"@context\":\"https:\\\/\\\/schema.org\",\"@graph\":[{\"@type\":\"Article\",\"@id\":\"https:\\\/\\\/radioljubuski.ba\\\/index.php\\\/2021\\\/03\\\/07\\\/nakon-drame-i-dva-produzetka-zrinjski-savladao-bratunac\\\/#article\",\"isPartOf\":{\"@id\":\"https:\\\/\\\/radioljubuski.ba\\\/index.php\\\/2021\\\/03\\\/07\\\/nakon-drame-i-dva-produzetka-zrinjski-savladao-bratunac\\\/\"},\"author\":{\"name\":\"Radio Ljubu\u0161ki\",\"@id\":\"https:\\\/\\\/radioljubuski.ba\\\/#\\\/schema\\\/person\\\/19fc700381a780f69665d7956c469e3b\"},\"headline\":\"Nakon drame i dva produ\u017eetka Zrinjski savladao Bratunac\",\"datePublished\":\"2021-03-07T11:43:31+00:00\",\"mainEntityOfPage\":{\"@id\":\"https:\\\/\\\/radioljubuski.ba\\\/index.php\\\/2021\\\/03\\\/07\\\/nakon-drame-i-dva-produzetka-zrinjski-savladao-bratunac\\\/\"},\"wordCount\":445,\"publisher\":{\"@id\":\"https:\\\/\\\/radioljubuski.ba\\\/#organization\"},\"image\":{\"@id\":\"https:\\\/\\\/radioljubuski.ba\\\/index.php\\\/2021\\\/03\\\/07\\\/nakon-drame-i-dva-produzetka-zrinjski-savladao-bratunac\\\/#primaryimage\"},\"thumbnailUrl\":\"https:\\\/\\\/radioljubuski.ba\\\/wp-content\\\/uploads\\\/2021\\\/03\\\/213029_foto_nakon_drame_i_dva_produzetka_zrinjski_savladao_bratunac_1_1024_683_85_storagepogledwatemarkwtmrk_png_800_0_100_r_b_0_0_c1.jpg\",\"articleSection\":[\"BIH i regija\"],\"inLanguage\":\"hr\"},{\"@type\":\"WebPage\",\"@id\":\"https:\\\/\\\/radioljubuski.ba\\\/index.php\\\/2021\\\/03\\\/07\\\/nakon-drame-i-dva-produzetka-zrinjski-savladao-bratunac\\\/\",\"url\":\"https:\\\/\\\/radioljubuski.ba\\\/index.php\\\/2021\\\/03\\\/07\\\/nakon-drame-i-dva-produzetka-zrinjski-savladao-bratunac\\\/\",\"name\":\"Nakon drame i dva produ\u017eetka Zrinjski savladao Bratunac - RADIO LJUBU\u0160KI\",\"isPartOf\":{\"@id\":\"https:\\\/\\\/radioljubuski.ba\\\/#website\"},\"primaryImageOfPage\":{\"@id\":\"https:\\\/\\\/radioljubuski.ba\\\/index.php\\\/2021\\\/03\\\/07\\\/nakon-drame-i-dva-produzetka-zrinjski-savladao-bratunac\\\/#primaryimage\"},\"image\":{\"@id\":\"https:\\\/\\\/radioljubuski.ba\\\/index.php\\\/2021\\\/03\\\/07\\\/nakon-drame-i-dva-produzetka-zrinjski-savladao-bratunac\\\/#primaryimage\"},\"thumbnailUrl\":\"https:\\\/\\\/radioljubuski.ba\\\/wp-content\\\/uploads\\\/2021\\\/03\\\/213029_foto_nakon_drame_i_dva_produzetka_zrinjski_savladao_bratunac_1_1024_683_85_storagepogledwatemarkwtmrk_png_800_0_100_r_b_0_0_c1.jpg\",\"datePublished\":\"2021-03-07T11:43:31+00:00\",\"breadcrumb\":{\"@id\":\"https:\\\/\\\/radioljubuski.ba\\\/index.php\\\/2021\\\/03\\\/07\\\/nakon-drame-i-dva-produzetka-zrinjski-savladao-bratunac\\\/#breadcrumb\"},\"inLanguage\":\"hr\",\"potentialAction\":[{\"@type\":\"ReadAction\",\"target\":[\"https:\\\/\\\/radioljubuski.ba\\\/index.php\\\/2021\\\/03\\\/07\\\/nakon-drame-i-dva-produzetka-zrinjski-savladao-bratunac\\\/\"]}]},{\"@type\":\"ImageObject\",\"inLanguage\":\"hr\",\"@id\":\"https:\\\/\\\/radioljubuski.ba\\\/index.php\\\/2021\\\/03\\\/07\\\/nakon-drame-i-dva-produzetka-zrinjski-savladao-bratunac\\\/#primaryimage\",\"url\":\"https:\\\/\\\/radioljubuski.ba\\\/wp-content\\\/uploads\\\/2021\\\/03\\\/213029_foto_nakon_drame_i_dva_produzetka_zrinjski_savladao_bratunac_1_1024_683_85_storagepogledwatemarkwtmrk_png_800_0_100_r_b_0_0_c1.jpg\",\"contentUrl\":\"https:\\\/\\\/radioljubuski.ba\\\/wp-content\\\/uploads\\\/2021\\\/03\\\/213029_foto_nakon_drame_i_dva_produzetka_zrinjski_savladao_bratunac_1_1024_683_85_storagepogledwatemarkwtmrk_png_800_0_100_r_b_0_0_c1.jpg\",\"width\":1024,\"height\":683},{\"@type\":\"BreadcrumbList\",\"@id\":\"https:\\\/\\\/radioljubuski.ba\\\/index.php\\\/2021\\\/03\\\/07\\\/nakon-drame-i-dva-produzetka-zrinjski-savladao-bratunac\\\/#breadcrumb\",\"itemListElement\":[{\"@type\":\"ListItem\",\"position\":1,\"name\":\"Po\u010detna stranica\",\"item\":\"https:\\\/\\\/radioljubuski.ba\\\/\"},{\"@type\":\"ListItem\",\"position\":2,\"name\":\"Nakon drame i dva produ\u017eetka Zrinjski savladao Bratunac\"}]},{\"@type\":\"WebSite\",\"@id\":\"https:\\\/\\\/radioljubuski.ba\\\/#website\",\"url\":\"https:\\\/\\\/radioljubuski.ba\\\/\",\"name\":\"Radio Ljubu\u0161ki\",\"description\":\"Sun\u010dana frekvencija Hercegovine\",\"publisher\":{\"@id\":\"https:\\\/\\\/radioljubuski.ba\\\/#organization\"},\"potentialAction\":[{\"@type\":\"SearchAction\",\"target\":{\"@type\":\"EntryPoint\",\"urlTemplate\":\"https:\\\/\\\/radioljubuski.ba\\\/?s={search_term_string}\"},\"query-input\":{\"@type\":\"PropertyValueSpecification\",\"valueRequired\":true,\"valueName\":\"search_term_string\"}}],\"inLanguage\":\"hr\"},{\"@type\":\"Organization\",\"@id\":\"https:\\\/\\\/radioljubuski.ba\\\/#organization\",\"name\":\"Radio Ljubu\u0161ki\",\"url\":\"https:\\\/\\\/radioljubuski.ba\\\/\",\"logo\":{\"@type\":\"ImageObject\",\"inLanguage\":\"hr\",\"@id\":\"https:\\\/\\\/radioljubuski.ba\\\/#\\\/schema\\\/logo\\\/image\\\/\",\"url\":\"https:\\\/\\\/radioljubuski.ba\\\/wp-content\\\/uploads\\\/2021\\\/02\\\/cropped-Radio_Ljubuski_logo1.jpg\",\"contentUrl\":\"https:\\\/\\\/radioljubuski.ba\\\/wp-content\\\/uploads\\\/2021\\\/02\\\/cropped-Radio_Ljubuski_logo1.jpg\",\"width\":512,\"height\":512,\"caption\":\"Radio Ljubu\u0161ki\"},\"image\":{\"@id\":\"https:\\\/\\\/radioljubuski.ba\\\/#\\\/schema\\\/logo\\\/image\\\/\"},\"sameAs\":[\"https:\\\/\\\/www.facebook.com\\\/Radiio-Ljubuski-1490835324566332\",\"https:\\\/\\\/x.com\\\/radioljubuski\",\"https:\\\/\\\/hr.linkedin.com\\\/company\\\/radio-ljubuski\",\"https:\\\/\\\/www.youtube.com\\\/channel\\\/UCHYaeO_n0Db3tjNGudGpXyw\"]},{\"@type\":\"Person\",\"@id\":\"https:\\\/\\\/radioljubuski.ba\\\/#\\\/schema\\\/person\\\/19fc700381a780f69665d7956c469e3b\",\"name\":\"Radio Ljubu\u0161ki\"}]}<\/script>\n<!-- \/ Yoast SEO plugin. -->","yoast_head_json":{"title":"Nakon drame i dva produ\u017eetka Zrinjski savladao Bratunac - RADIO LJUBU\u0160KI","robots":{"index":"index","follow":"follow","max-snippet":"max-snippet:-1","max-image-preview":"max-image-preview:large","max-video-preview":"max-video-preview:-1"},"canonical":"https:\/\/radioljubuski.ba\/index.php\/2021\/03\/07\/nakon-drame-i-dva-produzetka-zrinjski-savladao-bratunac\/","og_locale":"hr_HR","og_type":"article","og_title":"Nakon drame i dva produ\u017eetka Zrinjski savladao Bratunac - RADIO LJUBU\u0160KI","og_description":"HKK Zrinjski je nakon prave drame u utakmici 20. kola ko\u0161arka\u0161kog prvenstva Bosne i Hercegovine savladao KK Bratunac rezultatom 102:98. AU: B.B. Za pobjedu je Mostarcima trebalo \u010dak dva produ\u017eetka nakon utakmice u kojoj su oba tima imala svoje \u0161anse da utakmicu dobiju i prije produ\u017eetaka.&nbsp; Doma\u0107i tim sjajno je krenuo u utakmicu. Odli\u010dno je [&hellip;]","og_url":"https:\/\/radioljubuski.ba\/index.php\/2021\/03\/07\/nakon-drame-i-dva-produzetka-zrinjski-savladao-bratunac\/","og_site_name":"RADIO LJUBU\u0160KI","article_publisher":"https:\/\/www.facebook.com\/Radiio-Ljubuski-1490835324566332","article_published_time":"2021-03-07T11:43:31+00:00","og_image":[{"width":1024,"height":683,"url":"https:\/\/radioljubuski.ba\/wp-content\/uploads\/2021\/03\/213029_foto_nakon_drame_i_dva_produzetka_zrinjski_savladao_bratunac_1_1024_683_85_storagepogledwatemarkwtmrk_png_800_0_100_r_b_0_0_c1.jpg","type":"image\/jpeg"}],"author":"Radio Ljubu\u0161ki","twitter_card":"summary_large_image","twitter_creator":"@radioljubuski","twitter_site":"@radioljubuski","twitter_misc":{"Napisao\/la":"Radio Ljubu\u0161ki","Procijenjeno vrijeme \u010ditanja":"2 minute"},"schema":{"@context":"https:\/\/schema.org","@graph":[{"@type":"Article","@id":"https:\/\/radioljubuski.ba\/index.php\/2021\/03\/07\/nakon-drame-i-dva-produzetka-zrinjski-savladao-bratunac\/#article","isPartOf":{"@id":"https:\/\/radioljubuski.ba\/index.php\/2021\/03\/07\/nakon-drame-i-dva-produzetka-zrinjski-savladao-bratunac\/"},"author":{"name":"Radio Ljubu\u0161ki","@id":"https:\/\/radioljubuski.ba\/#\/schema\/person\/19fc700381a780f69665d7956c469e3b"},"headline":"Nakon drame i dva produ\u017eetka Zrinjski savladao Bratunac","datePublished":"2021-03-07T11:43:31+00:00","mainEntityOfPage":{"@id":"https:\/\/radioljubuski.ba\/index.php\/2021\/03\/07\/nakon-drame-i-dva-produzetka-zrinjski-savladao-bratunac\/"},"wordCount":445,"publisher":{"@id":"https:\/\/radioljubuski.ba\/#organization"},"image":{"@id":"https:\/\/radioljubuski.ba\/index.php\/2021\/03\/07\/nakon-drame-i-dva-produzetka-zrinjski-savladao-bratunac\/#primaryimage"},"thumbnailUrl":"https:\/\/radioljubuski.ba\/wp-content\/uploads\/2021\/03\/213029_foto_nakon_drame_i_dva_produzetka_zrinjski_savladao_bratunac_1_1024_683_85_storagepogledwatemarkwtmrk_png_800_0_100_r_b_0_0_c1.jpg","articleSection":["BIH i regija"],"inLanguage":"hr"},{"@type":"WebPage","@id":"https:\/\/radioljubuski.ba\/index.php\/2021\/03\/07\/nakon-drame-i-dva-produzetka-zrinjski-savladao-bratunac\/","url":"https:\/\/radioljubuski.ba\/index.php\/2021\/03\/07\/nakon-drame-i-dva-produzetka-zrinjski-savladao-bratunac\/","name":"Nakon drame i dva produ\u017eetka Zrinjski savladao Bratunac - RADIO LJUBU\u0160KI","isPartOf":{"@id":"https:\/\/radioljubuski.ba\/#website"},"primaryImageOfPage":{"@id":"https:\/\/radioljubuski.ba\/index.php\/2021\/03\/07\/nakon-drame-i-dva-produzetka-zrinjski-savladao-bratunac\/#primaryimage"},"image":{"@id":"https:\/\/radioljubuski.ba\/index.php\/2021\/03\/07\/nakon-drame-i-dva-produzetka-zrinjski-savladao-bratunac\/#primaryimage"},"thumbnailUrl":"https:\/\/radioljubuski.ba\/wp-content\/uploads\/2021\/03\/213029_foto_nakon_drame_i_dva_produzetka_zrinjski_savladao_bratunac_1_1024_683_85_storagepogledwatemarkwtmrk_png_800_0_100_r_b_0_0_c1.jpg","datePublished":"2021-03-07T11:43:31+00:00","breadcrumb":{"@id":"https:\/\/radioljubuski.ba\/index.php\/2021\/03\/07\/nakon-drame-i-dva-produzetka-zrinjski-savladao-bratunac\/#breadcrumb"},"inLanguage":"hr","potentialAction":[{"@type":"ReadAction","target":["https:\/\/radioljubuski.ba\/index.php\/2021\/03\/07\/nakon-drame-i-dva-produzetka-zrinjski-savladao-bratunac\/"]}]},{"@type":"ImageObject","inLanguage":"hr","@id":"https:\/\/radioljubuski.ba\/index.php\/2021\/03\/07\/nakon-drame-i-dva-produzetka-zrinjski-savladao-bratunac\/#primaryimage","url":"https:\/\/radioljubuski.ba\/wp-content\/uploads\/2021\/03\/213029_foto_nakon_drame_i_dva_produzetka_zrinjski_savladao_bratunac_1_1024_683_85_storagepogledwatemarkwtmrk_png_800_0_100_r_b_0_0_c1.jpg","contentUrl":"https:\/\/radioljubuski.ba\/wp-content\/uploads\/2021\/03\/213029_foto_nakon_drame_i_dva_produzetka_zrinjski_savladao_bratunac_1_1024_683_85_storagepogledwatemarkwtmrk_png_800_0_100_r_b_0_0_c1.jpg","width":1024,"height":683},{"@type":"BreadcrumbList","@id":"https:\/\/radioljubuski.ba\/index.php\/2021\/03\/07\/nakon-drame-i-dva-produzetka-zrinjski-savladao-bratunac\/#breadcrumb","itemListElement":[{"@type":"ListItem","position":1,"name":"Po\u010detna stranica","item":"https:\/\/radioljubuski.ba\/"},{"@type":"ListItem","position":2,"name":"Nakon drame i dva produ\u017eetka Zrinjski savladao Bratunac"}]},{"@type":"WebSite","@id":"https:\/\/radioljubuski.ba\/#website","url":"https:\/\/radioljubuski.ba\/","name":"Radio Ljubu\u0161ki","description":"Sun\u010dana frekvencija Hercegovine","publisher":{"@id":"https:\/\/radioljubuski.ba\/#organization"},"potentialAction":[{"@type":"SearchAction","target":{"@type":"EntryPoint","urlTemplate":"https:\/\/radioljubuski.ba\/?s={search_term_string}"},"query-input":{"@type":"PropertyValueSpecification","valueRequired":true,"valueName":"search_term_string"}}],"inLanguage":"hr"},{"@type":"Organization","@id":"https:\/\/radioljubuski.ba\/#organization","name":"Radio Ljubu\u0161ki","url":"https:\/\/radioljubuski.ba\/","logo":{"@type":"ImageObject","inLanguage":"hr","@id":"https:\/\/radioljubuski.ba\/#\/schema\/logo\/image\/","url":"https:\/\/radioljubuski.ba\/wp-content\/uploads\/2021\/02\/cropped-Radio_Ljubuski_logo1.jpg","contentUrl":"https:\/\/radioljubuski.ba\/wp-content\/uploads\/2021\/02\/cropped-Radio_Ljubuski_logo1.jpg","width":512,"height":512,"caption":"Radio Ljubu\u0161ki"},"image":{"@id":"https:\/\/radioljubuski.ba\/#\/schema\/logo\/image\/"},"sameAs":["https:\/\/www.facebook.com\/Radiio-Ljubuski-1490835324566332","https:\/\/x.com\/radioljubuski","https:\/\/hr.linkedin.com\/company\/radio-ljubuski","https:\/\/www.youtube.com\/channel\/UCHYaeO_n0Db3tjNGudGpXyw"]},{"@type":"Person","@id":"https:\/\/radioljubuski.ba\/#\/schema\/person\/19fc700381a780f69665d7956c469e3b","name":"Radio Ljubu\u0161ki"}]}},"_links":{"self":[{"href":"https:\/\/radioljubuski.ba\/index.php\/wp-json\/wp\/v2\/posts\/1706","targetHints":{"allow":["GET"]}}],"collection":[{"href":"https:\/\/radioljubuski.ba\/index.php\/wp-json\/wp\/v2\/posts"}],"about":[{"href":"https:\/\/radioljubuski.ba\/index.php\/wp-json\/wp\/v2\/types\/post"}],"author":[{"embeddable":true,"href":"https:\/\/radioljubuski.ba\/index.php\/wp-json\/wp\/v2\/users\/2"}],"replies":[{"embeddable":true,"href":"https:\/\/radioljubuski.ba\/index.php\/wp-json\/wp\/v2\/comments?post=1706"}],"version-history":[{"count":1,"href":"https:\/\/radioljubuski.ba\/index.php\/wp-json\/wp\/v2\/posts\/1706\/revisions"}],"predecessor-version":[{"id":1708,"href":"https:\/\/radioljubuski.ba\/index.php\/wp-json\/wp\/v2\/posts\/1706\/revisions\/1708"}],"wp:featuredmedia":[{"embeddable":true,"href":"https:\/\/radioljubuski.ba\/index.php\/wp-json\/wp\/v2\/media\/1707"}],"wp:attachment":[{"href":"https:\/\/radioljubuski.ba\/index.php\/wp-json\/wp\/v2\/media?parent=1706"}],"wp:term":[{"taxonomy":"category","embeddable":true,"href":"https:\/\/radioljubuski.ba\/index.php\/wp-json\/wp\/v2\/categories?post=1706"},{"taxonomy":"post_tag","embeddable":true,"href":"https:\/\/radioljubuski.ba\/index.php\/wp-json\/wp\/v2\/tags?post=1706"}],"curies":[{"name":"wp","href":"https:\/\/api.w.org\/{rel}","templated":true}]}}