{"id":17086,"date":"2021-04-28T22:33:50","date_gmt":"2021-04-28T21:33:50","guid":{"rendered":"https:\/\/radioljubuski.ba\/?p=17086"},"modified":"2021-04-28T22:33:52","modified_gmt":"2021-04-28T21:33:52","slug":"optuzen-lijecnik-koji-je-za-mito-propisivao-proizvode-samo-jednog-distributera","status":"publish","type":"post","link":"https:\/\/radioljubuski.ba\/index.php\/2021\/04\/28\/optuzen-lijecnik-koji-je-za-mito-propisivao-proizvode-samo-jednog-distributera\/","title":{"rendered":"Optu\u017een lije\u010dnik koji je za mito propisivao proizvode samo jednog distributera"},"content":{"rendered":"\n<p><strong>Uskok je optu\u017eio lije\u010dnika primarne zdravstvene za\u0161tite da je primio mito kako bi pacijentima propisivao samo proizvode za enteralnu primjenu koje distribuira tvrtka suoptu\u017eenika koji mu je navodno platio 3500 kuna.<\/strong><\/p>\n\n\n\n<p><a href=\"https:\/\/vijesti.hrt.hr\/hrvatska\/podignuta-optuznica-protiv-medicinske-sestre-koja-je-okrala-pacijente-1593218\"><br><\/a><\/p>\n\n\n\n<p>Podignutom optu\u017enicom lije\u010dniku i zaposleniku tvrtke na teret stavljaju da su od 22. svibnja do 18. lipnja 2019., u Gregurevcu dogovorili da \u0107e lije\u010dnik svojim pacijentima, za nov\u010danu nagradu, propisivati proizvode koje distribuira ta tvrtka.<br><br>Lije\u010dnik je potom ve\u0107em broju svojih pacijenata koji su imali preporuku bolni\u010dkog specijaliste propisivao dogovorene proizvode, za \u0161to je na ra\u010dun navodno primio 3500 kuna.<br><br>Osim toga terete ga i da je Hrvatski zavod za za zdravstveno osiguranje o\u0161tetio za ne\u0161to vi\u0161e od devet tisu\u0107a kuna jer je protivno uvjetima iz osnovne liste lijekova propisao recepte za proizvode za enteralnu primjenu iz ponude navedene tvrtke i pacijentima za koje je znao da nemaju preporuku bolni\u010dkog specijaliste.<\/p>\n\n\n\n<p>Izvor:hrt.hr<\/p>\n","protected":false},"excerpt":{"rendered":"<p>Uskok je optu\u017eio lije\u010dnika primarne zdravstvene za\u0161tite da je primio mito kako bi pacijentima propisivao samo proizvode za enteralnu primjenu koje distribuira tvrtka suoptu\u017eenika koji mu je navodno platio 3500 kuna. Podignutom optu\u017enicom lije\u010dniku i zaposleniku tvrtke na teret stavljaju da su od 22. svibnja do 18. lipnja 2019., u Gregurevcu dogovorili da \u0107e lije\u010dnik [&hellip;]<\/p>\n","protected":false},"author":2,"featured_media":17087,"comment_status":"closed","ping_status":"closed","sticky":false,"template":"","format":"standard","meta":{"h5ap_radio_sources":[],"footnotes":""},"categories":[1],"tags":[],"class_list":["post-17086","post","type-post","status-publish","format-standard","has-post-thumbnail","hentry","category-bihiregija"],"yoast_head":"<!-- This site is optimized with the Yoast SEO plugin v27.4 - https:\/\/yoast.com\/product\/yoast-seo-wordpress\/ -->\n<title>Optu\u017een lije\u010dnik koji je za mito propisivao proizvode samo jednog distributera - RADIO LJUBU\u0160KI<\/title>\n<meta name=\"robots\" content=\"index, follow, max-snippet:-1, max-image-preview:large, max-video-preview:-1\" \/>\n<link rel=\"canonical\" href=\"https:\/\/radioljubuski.ba\/index.php\/2021\/04\/28\/optuzen-lijecnik-koji-je-za-mito-propisivao-proizvode-samo-jednog-distributera\/\" \/>\n<meta property=\"og:locale\" content=\"hr_HR\" \/>\n<meta property=\"og:type\" content=\"article\" \/>\n<meta property=\"og:title\" content=\"Optu\u017een lije\u010dnik koji je za mito propisivao proizvode samo jednog distributera - RADIO LJUBU\u0160KI\" \/>\n<meta property=\"og:description\" content=\"Uskok je optu\u017eio lije\u010dnika primarne zdravstvene za\u0161tite da je primio mito kako bi pacijentima propisivao samo proizvode za enteralnu primjenu koje distribuira tvrtka suoptu\u017eenika koji mu je navodno platio 3500 kuna. Podignutom optu\u017enicom lije\u010dniku i zaposleniku tvrtke na teret stavljaju da su od 22. svibnja do 18. lipnja 2019., u Gregurevcu dogovorili da \u0107e lije\u010dnik [&hellip;]\" \/>\n<meta property=\"og:url\" content=\"https:\/\/radioljubuski.ba\/index.php\/2021\/04\/28\/optuzen-lijecnik-koji-je-za-mito-propisivao-proizvode-samo-jednog-distributera\/\" \/>\n<meta property=\"og:site_name\" content=\"RADIO LJUBU\u0160KI\" \/>\n<meta property=\"article:publisher\" content=\"https:\/\/www.facebook.com\/Radiio-Ljubuski-1490835324566332\" \/>\n<meta property=\"article:published_time\" content=\"2021-04-28T21:33:50+00:00\" \/>\n<meta property=\"article:modified_time\" content=\"2021-04-28T21:33:52+00:00\" \/>\n<meta property=\"og:image\" content=\"https:\/\/radioljubuski.ba\/wp-content\/uploads\/2021\/04\/254345.jpg\" \/>\n\t<meta property=\"og:image:width\" content=\"730\" \/>\n\t<meta property=\"og:image:height\" content=\"487\" \/>\n\t<meta property=\"og:image:type\" content=\"image\/jpeg\" \/>\n<meta name=\"author\" content=\"Radio Ljubu\u0161ki\" \/>\n<meta name=\"twitter:card\" content=\"summary_large_image\" \/>\n<meta name=\"twitter:creator\" content=\"@radioljubuski\" \/>\n<meta name=\"twitter:site\" content=\"@radioljubuski\" \/>\n<meta name=\"twitter:label1\" content=\"Napisao\/la\" \/>\n\t<meta name=\"twitter:data1\" content=\"Radio Ljubu\u0161ki\" \/>\n\t<meta name=\"twitter:label2\" content=\"Procijenjeno vrijeme \u010ditanja\" \/>\n\t<meta name=\"twitter:data2\" content=\"1 minuta\" \/>\n<script type=\"application\/ld+json\" class=\"yoast-schema-graph\">{\"@context\":\"https:\\\/\\\/schema.org\",\"@graph\":[{\"@type\":\"Article\",\"@id\":\"https:\\\/\\\/radioljubuski.ba\\\/index.php\\\/2021\\\/04\\\/28\\\/optuzen-lijecnik-koji-je-za-mito-propisivao-proizvode-samo-jednog-distributera\\\/#article\",\"isPartOf\":{\"@id\":\"https:\\\/\\\/radioljubuski.ba\\\/index.php\\\/2021\\\/04\\\/28\\\/optuzen-lijecnik-koji-je-za-mito-propisivao-proizvode-samo-jednog-distributera\\\/\"},\"author\":{\"name\":\"Radio Ljubu\u0161ki\",\"@id\":\"https:\\\/\\\/radioljubuski.ba\\\/#\\\/schema\\\/person\\\/19fc700381a780f69665d7956c469e3b\"},\"headline\":\"Optu\u017een lije\u010dnik koji je za mito propisivao proizvode samo jednog distributera\",\"datePublished\":\"2021-04-28T21:33:50+00:00\",\"dateModified\":\"2021-04-28T21:33:52+00:00\",\"mainEntityOfPage\":{\"@id\":\"https:\\\/\\\/radioljubuski.ba\\\/index.php\\\/2021\\\/04\\\/28\\\/optuzen-lijecnik-koji-je-za-mito-propisivao-proizvode-samo-jednog-distributera\\\/\"},\"wordCount\":170,\"publisher\":{\"@id\":\"https:\\\/\\\/radioljubuski.ba\\\/#organization\"},\"image\":{\"@id\":\"https:\\\/\\\/radioljubuski.ba\\\/index.php\\\/2021\\\/04\\\/28\\\/optuzen-lijecnik-koji-je-za-mito-propisivao-proizvode-samo-jednog-distributera\\\/#primaryimage\"},\"thumbnailUrl\":\"https:\\\/\\\/radioljubuski.ba\\\/wp-content\\\/uploads\\\/2021\\\/04\\\/254345.jpg\",\"articleSection\":[\"BIH i regija\"],\"inLanguage\":\"hr\"},{\"@type\":\"WebPage\",\"@id\":\"https:\\\/\\\/radioljubuski.ba\\\/index.php\\\/2021\\\/04\\\/28\\\/optuzen-lijecnik-koji-je-za-mito-propisivao-proizvode-samo-jednog-distributera\\\/\",\"url\":\"https:\\\/\\\/radioljubuski.ba\\\/index.php\\\/2021\\\/04\\\/28\\\/optuzen-lijecnik-koji-je-za-mito-propisivao-proizvode-samo-jednog-distributera\\\/\",\"name\":\"Optu\u017een lije\u010dnik koji je za mito propisivao proizvode samo jednog distributera - RADIO LJUBU\u0160KI\",\"isPartOf\":{\"@id\":\"https:\\\/\\\/radioljubuski.ba\\\/#website\"},\"primaryImageOfPage\":{\"@id\":\"https:\\\/\\\/radioljubuski.ba\\\/index.php\\\/2021\\\/04\\\/28\\\/optuzen-lijecnik-koji-je-za-mito-propisivao-proizvode-samo-jednog-distributera\\\/#primaryimage\"},\"image\":{\"@id\":\"https:\\\/\\\/radioljubuski.ba\\\/index.php\\\/2021\\\/04\\\/28\\\/optuzen-lijecnik-koji-je-za-mito-propisivao-proizvode-samo-jednog-distributera\\\/#primaryimage\"},\"thumbnailUrl\":\"https:\\\/\\\/radioljubuski.ba\\\/wp-content\\\/uploads\\\/2021\\\/04\\\/254345.jpg\",\"datePublished\":\"2021-04-28T21:33:50+00:00\",\"dateModified\":\"2021-04-28T21:33:52+00:00\",\"breadcrumb\":{\"@id\":\"https:\\\/\\\/radioljubuski.ba\\\/index.php\\\/2021\\\/04\\\/28\\\/optuzen-lijecnik-koji-je-za-mito-propisivao-proizvode-samo-jednog-distributera\\\/#breadcrumb\"},\"inLanguage\":\"hr\",\"potentialAction\":[{\"@type\":\"ReadAction\",\"target\":[\"https:\\\/\\\/radioljubuski.ba\\\/index.php\\\/2021\\\/04\\\/28\\\/optuzen-lijecnik-koji-je-za-mito-propisivao-proizvode-samo-jednog-distributera\\\/\"]}]},{\"@type\":\"ImageObject\",\"inLanguage\":\"hr\",\"@id\":\"https:\\\/\\\/radioljubuski.ba\\\/index.php\\\/2021\\\/04\\\/28\\\/optuzen-lijecnik-koji-je-za-mito-propisivao-proizvode-samo-jednog-distributera\\\/#primaryimage\",\"url\":\"https:\\\/\\\/radioljubuski.ba\\\/wp-content\\\/uploads\\\/2021\\\/04\\\/254345.jpg\",\"contentUrl\":\"https:\\\/\\\/radioljubuski.ba\\\/wp-content\\\/uploads\\\/2021\\\/04\\\/254345.jpg\",\"width\":730,\"height\":487},{\"@type\":\"BreadcrumbList\",\"@id\":\"https:\\\/\\\/radioljubuski.ba\\\/index.php\\\/2021\\\/04\\\/28\\\/optuzen-lijecnik-koji-je-za-mito-propisivao-proizvode-samo-jednog-distributera\\\/#breadcrumb\",\"itemListElement\":[{\"@type\":\"ListItem\",\"position\":1,\"name\":\"Po\u010detna stranica\",\"item\":\"https:\\\/\\\/radioljubuski.ba\\\/\"},{\"@type\":\"ListItem\",\"position\":2,\"name\":\"Optu\u017een lije\u010dnik koji je za mito propisivao proizvode samo jednog distributera\"}]},{\"@type\":\"WebSite\",\"@id\":\"https:\\\/\\\/radioljubuski.ba\\\/#website\",\"url\":\"https:\\\/\\\/radioljubuski.ba\\\/\",\"name\":\"Radio Ljubu\u0161ki\",\"description\":\"Sun\u010dana frekvencija Hercegovine\",\"publisher\":{\"@id\":\"https:\\\/\\\/radioljubuski.ba\\\/#organization\"},\"potentialAction\":[{\"@type\":\"SearchAction\",\"target\":{\"@type\":\"EntryPoint\",\"urlTemplate\":\"https:\\\/\\\/radioljubuski.ba\\\/?s={search_term_string}\"},\"query-input\":{\"@type\":\"PropertyValueSpecification\",\"valueRequired\":true,\"valueName\":\"search_term_string\"}}],\"inLanguage\":\"hr\"},{\"@type\":\"Organization\",\"@id\":\"https:\\\/\\\/radioljubuski.ba\\\/#organization\",\"name\":\"Radio Ljubu\u0161ki\",\"url\":\"https:\\\/\\\/radioljubuski.ba\\\/\",\"logo\":{\"@type\":\"ImageObject\",\"inLanguage\":\"hr\",\"@id\":\"https:\\\/\\\/radioljubuski.ba\\\/#\\\/schema\\\/logo\\\/image\\\/\",\"url\":\"https:\\\/\\\/radioljubuski.ba\\\/wp-content\\\/uploads\\\/2021\\\/02\\\/cropped-Radio_Ljubuski_logo1.jpg\",\"contentUrl\":\"https:\\\/\\\/radioljubuski.ba\\\/wp-content\\\/uploads\\\/2021\\\/02\\\/cropped-Radio_Ljubuski_logo1.jpg\",\"width\":512,\"height\":512,\"caption\":\"Radio Ljubu\u0161ki\"},\"image\":{\"@id\":\"https:\\\/\\\/radioljubuski.ba\\\/#\\\/schema\\\/logo\\\/image\\\/\"},\"sameAs\":[\"https:\\\/\\\/www.facebook.com\\\/Radiio-Ljubuski-1490835324566332\",\"https:\\\/\\\/x.com\\\/radioljubuski\",\"https:\\\/\\\/hr.linkedin.com\\\/company\\\/radio-ljubuski\",\"https:\\\/\\\/www.youtube.com\\\/channel\\\/UCHYaeO_n0Db3tjNGudGpXyw\"]},{\"@type\":\"Person\",\"@id\":\"https:\\\/\\\/radioljubuski.ba\\\/#\\\/schema\\\/person\\\/19fc700381a780f69665d7956c469e3b\",\"name\":\"Radio Ljubu\u0161ki\"}]}<\/script>\n<!-- \/ Yoast SEO plugin. -->","yoast_head_json":{"title":"Optu\u017een lije\u010dnik koji je za mito propisivao proizvode samo jednog distributera - RADIO LJUBU\u0160KI","robots":{"index":"index","follow":"follow","max-snippet":"max-snippet:-1","max-image-preview":"max-image-preview:large","max-video-preview":"max-video-preview:-1"},"canonical":"https:\/\/radioljubuski.ba\/index.php\/2021\/04\/28\/optuzen-lijecnik-koji-je-za-mito-propisivao-proizvode-samo-jednog-distributera\/","og_locale":"hr_HR","og_type":"article","og_title":"Optu\u017een lije\u010dnik koji je za mito propisivao proizvode samo jednog distributera - RADIO LJUBU\u0160KI","og_description":"Uskok je optu\u017eio lije\u010dnika primarne zdravstvene za\u0161tite da je primio mito kako bi pacijentima propisivao samo proizvode za enteralnu primjenu koje distribuira tvrtka suoptu\u017eenika koji mu je navodno platio 3500 kuna. Podignutom optu\u017enicom lije\u010dniku i zaposleniku tvrtke na teret stavljaju da su od 22. svibnja do 18. lipnja 2019., u Gregurevcu dogovorili da \u0107e lije\u010dnik [&hellip;]","og_url":"https:\/\/radioljubuski.ba\/index.php\/2021\/04\/28\/optuzen-lijecnik-koji-je-za-mito-propisivao-proizvode-samo-jednog-distributera\/","og_site_name":"RADIO LJUBU\u0160KI","article_publisher":"https:\/\/www.facebook.com\/Radiio-Ljubuski-1490835324566332","article_published_time":"2021-04-28T21:33:50+00:00","article_modified_time":"2021-04-28T21:33:52+00:00","og_image":[{"width":730,"height":487,"url":"https:\/\/radioljubuski.ba\/wp-content\/uploads\/2021\/04\/254345.jpg","type":"image\/jpeg"}],"author":"Radio Ljubu\u0161ki","twitter_card":"summary_large_image","twitter_creator":"@radioljubuski","twitter_site":"@radioljubuski","twitter_misc":{"Napisao\/la":"Radio Ljubu\u0161ki","Procijenjeno vrijeme \u010ditanja":"1 minuta"},"schema":{"@context":"https:\/\/schema.org","@graph":[{"@type":"Article","@id":"https:\/\/radioljubuski.ba\/index.php\/2021\/04\/28\/optuzen-lijecnik-koji-je-za-mito-propisivao-proizvode-samo-jednog-distributera\/#article","isPartOf":{"@id":"https:\/\/radioljubuski.ba\/index.php\/2021\/04\/28\/optuzen-lijecnik-koji-je-za-mito-propisivao-proizvode-samo-jednog-distributera\/"},"author":{"name":"Radio Ljubu\u0161ki","@id":"https:\/\/radioljubuski.ba\/#\/schema\/person\/19fc700381a780f69665d7956c469e3b"},"headline":"Optu\u017een lije\u010dnik koji je za mito propisivao proizvode samo jednog distributera","datePublished":"2021-04-28T21:33:50+00:00","dateModified":"2021-04-28T21:33:52+00:00","mainEntityOfPage":{"@id":"https:\/\/radioljubuski.ba\/index.php\/2021\/04\/28\/optuzen-lijecnik-koji-je-za-mito-propisivao-proizvode-samo-jednog-distributera\/"},"wordCount":170,"publisher":{"@id":"https:\/\/radioljubuski.ba\/#organization"},"image":{"@id":"https:\/\/radioljubuski.ba\/index.php\/2021\/04\/28\/optuzen-lijecnik-koji-je-za-mito-propisivao-proizvode-samo-jednog-distributera\/#primaryimage"},"thumbnailUrl":"https:\/\/radioljubuski.ba\/wp-content\/uploads\/2021\/04\/254345.jpg","articleSection":["BIH i regija"],"inLanguage":"hr"},{"@type":"WebPage","@id":"https:\/\/radioljubuski.ba\/index.php\/2021\/04\/28\/optuzen-lijecnik-koji-je-za-mito-propisivao-proizvode-samo-jednog-distributera\/","url":"https:\/\/radioljubuski.ba\/index.php\/2021\/04\/28\/optuzen-lijecnik-koji-je-za-mito-propisivao-proizvode-samo-jednog-distributera\/","name":"Optu\u017een lije\u010dnik koji je za mito propisivao proizvode samo jednog distributera - RADIO LJUBU\u0160KI","isPartOf":{"@id":"https:\/\/radioljubuski.ba\/#website"},"primaryImageOfPage":{"@id":"https:\/\/radioljubuski.ba\/index.php\/2021\/04\/28\/optuzen-lijecnik-koji-je-za-mito-propisivao-proizvode-samo-jednog-distributera\/#primaryimage"},"image":{"@id":"https:\/\/radioljubuski.ba\/index.php\/2021\/04\/28\/optuzen-lijecnik-koji-je-za-mito-propisivao-proizvode-samo-jednog-distributera\/#primaryimage"},"thumbnailUrl":"https:\/\/radioljubuski.ba\/wp-content\/uploads\/2021\/04\/254345.jpg","datePublished":"2021-04-28T21:33:50+00:00","dateModified":"2021-04-28T21:33:52+00:00","breadcrumb":{"@id":"https:\/\/radioljubuski.ba\/index.php\/2021\/04\/28\/optuzen-lijecnik-koji-je-za-mito-propisivao-proizvode-samo-jednog-distributera\/#breadcrumb"},"inLanguage":"hr","potentialAction":[{"@type":"ReadAction","target":["https:\/\/radioljubuski.ba\/index.php\/2021\/04\/28\/optuzen-lijecnik-koji-je-za-mito-propisivao-proizvode-samo-jednog-distributera\/"]}]},{"@type":"ImageObject","inLanguage":"hr","@id":"https:\/\/radioljubuski.ba\/index.php\/2021\/04\/28\/optuzen-lijecnik-koji-je-za-mito-propisivao-proizvode-samo-jednog-distributera\/#primaryimage","url":"https:\/\/radioljubuski.ba\/wp-content\/uploads\/2021\/04\/254345.jpg","contentUrl":"https:\/\/radioljubuski.ba\/wp-content\/uploads\/2021\/04\/254345.jpg","width":730,"height":487},{"@type":"BreadcrumbList","@id":"https:\/\/radioljubuski.ba\/index.php\/2021\/04\/28\/optuzen-lijecnik-koji-je-za-mito-propisivao-proizvode-samo-jednog-distributera\/#breadcrumb","itemListElement":[{"@type":"ListItem","position":1,"name":"Po\u010detna stranica","item":"https:\/\/radioljubuski.ba\/"},{"@type":"ListItem","position":2,"name":"Optu\u017een lije\u010dnik koji je za mito propisivao proizvode samo jednog distributera"}]},{"@type":"WebSite","@id":"https:\/\/radioljubuski.ba\/#website","url":"https:\/\/radioljubuski.ba\/","name":"Radio Ljubu\u0161ki","description":"Sun\u010dana frekvencija Hercegovine","publisher":{"@id":"https:\/\/radioljubuski.ba\/#organization"},"potentialAction":[{"@type":"SearchAction","target":{"@type":"EntryPoint","urlTemplate":"https:\/\/radioljubuski.ba\/?s={search_term_string}"},"query-input":{"@type":"PropertyValueSpecification","valueRequired":true,"valueName":"search_term_string"}}],"inLanguage":"hr"},{"@type":"Organization","@id":"https:\/\/radioljubuski.ba\/#organization","name":"Radio Ljubu\u0161ki","url":"https:\/\/radioljubuski.ba\/","logo":{"@type":"ImageObject","inLanguage":"hr","@id":"https:\/\/radioljubuski.ba\/#\/schema\/logo\/image\/","url":"https:\/\/radioljubuski.ba\/wp-content\/uploads\/2021\/02\/cropped-Radio_Ljubuski_logo1.jpg","contentUrl":"https:\/\/radioljubuski.ba\/wp-content\/uploads\/2021\/02\/cropped-Radio_Ljubuski_logo1.jpg","width":512,"height":512,"caption":"Radio Ljubu\u0161ki"},"image":{"@id":"https:\/\/radioljubuski.ba\/#\/schema\/logo\/image\/"},"sameAs":["https:\/\/www.facebook.com\/Radiio-Ljubuski-1490835324566332","https:\/\/x.com\/radioljubuski","https:\/\/hr.linkedin.com\/company\/radio-ljubuski","https:\/\/www.youtube.com\/channel\/UCHYaeO_n0Db3tjNGudGpXyw"]},{"@type":"Person","@id":"https:\/\/radioljubuski.ba\/#\/schema\/person\/19fc700381a780f69665d7956c469e3b","name":"Radio Ljubu\u0161ki"}]}},"_links":{"self":[{"href":"https:\/\/radioljubuski.ba\/index.php\/wp-json\/wp\/v2\/posts\/17086","targetHints":{"allow":["GET"]}}],"collection":[{"href":"https:\/\/radioljubuski.ba\/index.php\/wp-json\/wp\/v2\/posts"}],"about":[{"href":"https:\/\/radioljubuski.ba\/index.php\/wp-json\/wp\/v2\/types\/post"}],"author":[{"embeddable":true,"href":"https:\/\/radioljubuski.ba\/index.php\/wp-json\/wp\/v2\/users\/2"}],"replies":[{"embeddable":true,"href":"https:\/\/radioljubuski.ba\/index.php\/wp-json\/wp\/v2\/comments?post=17086"}],"version-history":[{"count":1,"href":"https:\/\/radioljubuski.ba\/index.php\/wp-json\/wp\/v2\/posts\/17086\/revisions"}],"predecessor-version":[{"id":17088,"href":"https:\/\/radioljubuski.ba\/index.php\/wp-json\/wp\/v2\/posts\/17086\/revisions\/17088"}],"wp:featuredmedia":[{"embeddable":true,"href":"https:\/\/radioljubuski.ba\/index.php\/wp-json\/wp\/v2\/media\/17087"}],"wp:attachment":[{"href":"https:\/\/radioljubuski.ba\/index.php\/wp-json\/wp\/v2\/media?parent=17086"}],"wp:term":[{"taxonomy":"category","embeddable":true,"href":"https:\/\/radioljubuski.ba\/index.php\/wp-json\/wp\/v2\/categories?post=17086"},{"taxonomy":"post_tag","embeddable":true,"href":"https:\/\/radioljubuski.ba\/index.php\/wp-json\/wp\/v2\/tags?post=17086"}],"curies":[{"name":"wp","href":"https:\/\/api.w.org\/{rel}","templated":true}]}}