{"id":17101,"date":"2021-04-28T23:12:23","date_gmt":"2021-04-28T22:12:23","guid":{"rendered":"https:\/\/radioljubuski.ba\/?p=17101"},"modified":"2021-04-28T23:12:25","modified_gmt":"2021-04-28T22:12:25","slug":"semir-efendic-otkrio-zasto-je-napustio-sda","status":"publish","type":"post","link":"https:\/\/radioljubuski.ba\/index.php\/2021\/04\/28\/semir-efendic-otkrio-zasto-je-napustio-sda\/","title":{"rendered":"Semir Efendi\u0107 otkrio za\u0161to je napustio SDA"},"content":{"rendered":"\n<p><strong>Stranka za Bosnu i Hercegovinu je na konferenciji za medije u Sarajevu pojasnila kontekst promjena na vrhu i izbor Semira Efendi\u0107a za vr\u0161itelja du\u017enosti predsjednika.<\/strong><\/p>\n\n\n\n<p>Efendi\u0107 je kazao kako je prihvatio ponudu ljudi iz SBiH-a da bude imenovan za v. d. predsjednika jer \u017eeli predanim radom izgraditi stranku kakva treba svim gra\u0111anima i narodima.<\/p>\n\n\n\n<p>\u201cNadam se da \u0107emo uspjeti prikupiti dovoljan broj mladih ljudi da rade na ovom zadatku. Program stranke se mo\u017ee sa\u017eeti u njenom imenu \u2018za Bosnu i Hercegovinu\u2019. Mi smo svjedoci krize na svim razinama, a vjerujem da ona dolazi iz politi\u010dkih stranaka. Rje\u0161enja nema bez politi\u010dke partije koja dolazi iz naroda\u201d, kazao je Efendi\u0107.<\/p>\n\n\n\n<p>On ka\u017ee kako u BiH dominiraju teme koje nisu klju\u010dne za \u017eivot \u010dovjeka te su putevi koji vode do rje\u0161enja dijalog politi\u010dkih faktora.<\/p>\n\n\n\n<p>\u201cU\u0161li smo u stranputicu, apeliram da se vratimo a pravi put. Istupio sam iz \u010dlanstva SDA kad sam se uvjerio da djeluju\u0107i u njoj ne mogu pomo\u0107i napretku dr\u017eave. Svima nam treba jedna nova obnova, reset\u201d, izjavio je te napomenuo da je u dva na\u010delni\u010dka mandata kao \u010dlan SDA imao podr\u0161ku svoje nove stranke.<\/p>\n\n\n\n<p>On je kazao i kako je SDA nespremna reagirati na potrebne promjene, \u0161to je povezao s ranije poznatom aferom izbora predsjednika Kantonalnog odbora u Sarajevu, ali lo\u0161ijim rezultatima na lokalnim izborima.<\/p>\n\n\n\n<p>\u201cIzlazak \u010dlanova iz SDA doprinio je njenim lo\u0161ijim rezultatima. Izetbegovi\u0107 mi je rekao da sam ja jedan od boljih kadrova, da treba da budem na nekoj izvr\u0161noj funkciji, ali da se ne trebam baviti strankom. Ja mislim druga\u010dije da dok se ne uredi stranka, nema ni mogu\u0107nosti da neko napravi ne\u0161to zna\u010dajno u vlasti\u201d, izjavio je on, prenosi Klix.<\/p>\n\n\n\n<p>\/HMS\/<\/p>\n","protected":false},"excerpt":{"rendered":"<p>Stranka za Bosnu i Hercegovinu je na konferenciji za medije u Sarajevu pojasnila kontekst promjena na vrhu i izbor Semira Efendi\u0107a za vr\u0161itelja du\u017enosti predsjednika. Efendi\u0107 je kazao kako je prihvatio ponudu ljudi iz SBiH-a da bude imenovan za v. d. predsjednika jer \u017eeli predanim radom izgraditi stranku kakva treba svim gra\u0111anima i narodima. \u201cNadam [&hellip;]<\/p>\n","protected":false},"author":2,"featured_media":17102,"comment_status":"closed","ping_status":"closed","sticky":false,"template":"","format":"standard","meta":{"h5ap_radio_sources":[],"footnotes":""},"categories":[1],"tags":[],"class_list":["post-17101","post","type-post","status-publish","format-standard","has-post-thumbnail","hentry","category-bihiregija"],"yoast_head":"<!-- This site is optimized with the Yoast SEO plugin v27.4 - https:\/\/yoast.com\/product\/yoast-seo-wordpress\/ -->\n<title>Semir Efendi\u0107 otkrio za\u0161to je napustio SDA - RADIO LJUBU\u0160KI<\/title>\n<meta name=\"robots\" content=\"index, follow, max-snippet:-1, max-image-preview:large, max-video-preview:-1\" \/>\n<link rel=\"canonical\" href=\"https:\/\/radioljubuski.ba\/index.php\/2021\/04\/28\/semir-efendic-otkrio-zasto-je-napustio-sda\/\" \/>\n<meta property=\"og:locale\" content=\"hr_HR\" \/>\n<meta property=\"og:type\" content=\"article\" \/>\n<meta property=\"og:title\" content=\"Semir Efendi\u0107 otkrio za\u0161to je napustio SDA - RADIO LJUBU\u0160KI\" \/>\n<meta property=\"og:description\" content=\"Stranka za Bosnu i Hercegovinu je na konferenciji za medije u Sarajevu pojasnila kontekst promjena na vrhu i izbor Semira Efendi\u0107a za vr\u0161itelja du\u017enosti predsjednika. Efendi\u0107 je kazao kako je prihvatio ponudu ljudi iz SBiH-a da bude imenovan za v. d. predsjednika jer \u017eeli predanim radom izgraditi stranku kakva treba svim gra\u0111anima i narodima. \u201cNadam [&hellip;]\" \/>\n<meta property=\"og:url\" content=\"https:\/\/radioljubuski.ba\/index.php\/2021\/04\/28\/semir-efendic-otkrio-zasto-je-napustio-sda\/\" \/>\n<meta property=\"og:site_name\" content=\"RADIO LJUBU\u0160KI\" \/>\n<meta property=\"article:publisher\" content=\"https:\/\/www.facebook.com\/Radiio-Ljubuski-1490835324566332\" \/>\n<meta property=\"article:published_time\" content=\"2021-04-28T22:12:23+00:00\" \/>\n<meta property=\"article:modified_time\" content=\"2021-04-28T22:12:25+00:00\" \/>\n<meta property=\"og:image\" content=\"https:\/\/radioljubuski.ba\/wp-content\/uploads\/2021\/04\/efendic-stranka-za-bih-3.jpg\" \/>\n\t<meta property=\"og:image:width\" content=\"710\" \/>\n\t<meta property=\"og:image:height\" content=\"380\" \/>\n\t<meta property=\"og:image:type\" content=\"image\/jpeg\" \/>\n<meta name=\"author\" content=\"Radio Ljubu\u0161ki\" \/>\n<meta name=\"twitter:card\" content=\"summary_large_image\" \/>\n<meta name=\"twitter:creator\" content=\"@radioljubuski\" \/>\n<meta name=\"twitter:site\" content=\"@radioljubuski\" \/>\n<meta name=\"twitter:label1\" content=\"Napisao\/la\" \/>\n\t<meta name=\"twitter:data1\" content=\"Radio Ljubu\u0161ki\" \/>\n\t<meta name=\"twitter:label2\" content=\"Procijenjeno vrijeme \u010ditanja\" \/>\n\t<meta name=\"twitter:data2\" content=\"2 minute\" \/>\n<script type=\"application\/ld+json\" class=\"yoast-schema-graph\">{\"@context\":\"https:\\\/\\\/schema.org\",\"@graph\":[{\"@type\":\"Article\",\"@id\":\"https:\\\/\\\/radioljubuski.ba\\\/index.php\\\/2021\\\/04\\\/28\\\/semir-efendic-otkrio-zasto-je-napustio-sda\\\/#article\",\"isPartOf\":{\"@id\":\"https:\\\/\\\/radioljubuski.ba\\\/index.php\\\/2021\\\/04\\\/28\\\/semir-efendic-otkrio-zasto-je-napustio-sda\\\/\"},\"author\":{\"name\":\"Radio Ljubu\u0161ki\",\"@id\":\"https:\\\/\\\/radioljubuski.ba\\\/#\\\/schema\\\/person\\\/19fc700381a780f69665d7956c469e3b\"},\"headline\":\"Semir Efendi\u0107 otkrio za\u0161to je napustio SDA\",\"datePublished\":\"2021-04-28T22:12:23+00:00\",\"dateModified\":\"2021-04-28T22:12:25+00:00\",\"mainEntityOfPage\":{\"@id\":\"https:\\\/\\\/radioljubuski.ba\\\/index.php\\\/2021\\\/04\\\/28\\\/semir-efendic-otkrio-zasto-je-napustio-sda\\\/\"},\"wordCount\":311,\"publisher\":{\"@id\":\"https:\\\/\\\/radioljubuski.ba\\\/#organization\"},\"image\":{\"@id\":\"https:\\\/\\\/radioljubuski.ba\\\/index.php\\\/2021\\\/04\\\/28\\\/semir-efendic-otkrio-zasto-je-napustio-sda\\\/#primaryimage\"},\"thumbnailUrl\":\"https:\\\/\\\/radioljubuski.ba\\\/wp-content\\\/uploads\\\/2021\\\/04\\\/efendic-stranka-za-bih-3.jpg\",\"articleSection\":[\"BIH i regija\"],\"inLanguage\":\"hr\"},{\"@type\":\"WebPage\",\"@id\":\"https:\\\/\\\/radioljubuski.ba\\\/index.php\\\/2021\\\/04\\\/28\\\/semir-efendic-otkrio-zasto-je-napustio-sda\\\/\",\"url\":\"https:\\\/\\\/radioljubuski.ba\\\/index.php\\\/2021\\\/04\\\/28\\\/semir-efendic-otkrio-zasto-je-napustio-sda\\\/\",\"name\":\"Semir Efendi\u0107 otkrio za\u0161to je napustio SDA - RADIO LJUBU\u0160KI\",\"isPartOf\":{\"@id\":\"https:\\\/\\\/radioljubuski.ba\\\/#website\"},\"primaryImageOfPage\":{\"@id\":\"https:\\\/\\\/radioljubuski.ba\\\/index.php\\\/2021\\\/04\\\/28\\\/semir-efendic-otkrio-zasto-je-napustio-sda\\\/#primaryimage\"},\"image\":{\"@id\":\"https:\\\/\\\/radioljubuski.ba\\\/index.php\\\/2021\\\/04\\\/28\\\/semir-efendic-otkrio-zasto-je-napustio-sda\\\/#primaryimage\"},\"thumbnailUrl\":\"https:\\\/\\\/radioljubuski.ba\\\/wp-content\\\/uploads\\\/2021\\\/04\\\/efendic-stranka-za-bih-3.jpg\",\"datePublished\":\"2021-04-28T22:12:23+00:00\",\"dateModified\":\"2021-04-28T22:12:25+00:00\",\"breadcrumb\":{\"@id\":\"https:\\\/\\\/radioljubuski.ba\\\/index.php\\\/2021\\\/04\\\/28\\\/semir-efendic-otkrio-zasto-je-napustio-sda\\\/#breadcrumb\"},\"inLanguage\":\"hr\",\"potentialAction\":[{\"@type\":\"ReadAction\",\"target\":[\"https:\\\/\\\/radioljubuski.ba\\\/index.php\\\/2021\\\/04\\\/28\\\/semir-efendic-otkrio-zasto-je-napustio-sda\\\/\"]}]},{\"@type\":\"ImageObject\",\"inLanguage\":\"hr\",\"@id\":\"https:\\\/\\\/radioljubuski.ba\\\/index.php\\\/2021\\\/04\\\/28\\\/semir-efendic-otkrio-zasto-je-napustio-sda\\\/#primaryimage\",\"url\":\"https:\\\/\\\/radioljubuski.ba\\\/wp-content\\\/uploads\\\/2021\\\/04\\\/efendic-stranka-za-bih-3.jpg\",\"contentUrl\":\"https:\\\/\\\/radioljubuski.ba\\\/wp-content\\\/uploads\\\/2021\\\/04\\\/efendic-stranka-za-bih-3.jpg\",\"width\":710,\"height\":380},{\"@type\":\"BreadcrumbList\",\"@id\":\"https:\\\/\\\/radioljubuski.ba\\\/index.php\\\/2021\\\/04\\\/28\\\/semir-efendic-otkrio-zasto-je-napustio-sda\\\/#breadcrumb\",\"itemListElement\":[{\"@type\":\"ListItem\",\"position\":1,\"name\":\"Po\u010detna stranica\",\"item\":\"https:\\\/\\\/radioljubuski.ba\\\/\"},{\"@type\":\"ListItem\",\"position\":2,\"name\":\"Semir Efendi\u0107 otkrio za\u0161to je napustio SDA\"}]},{\"@type\":\"WebSite\",\"@id\":\"https:\\\/\\\/radioljubuski.ba\\\/#website\",\"url\":\"https:\\\/\\\/radioljubuski.ba\\\/\",\"name\":\"Radio Ljubu\u0161ki\",\"description\":\"Sun\u010dana frekvencija Hercegovine\",\"publisher\":{\"@id\":\"https:\\\/\\\/radioljubuski.ba\\\/#organization\"},\"potentialAction\":[{\"@type\":\"SearchAction\",\"target\":{\"@type\":\"EntryPoint\",\"urlTemplate\":\"https:\\\/\\\/radioljubuski.ba\\\/?s={search_term_string}\"},\"query-input\":{\"@type\":\"PropertyValueSpecification\",\"valueRequired\":true,\"valueName\":\"search_term_string\"}}],\"inLanguage\":\"hr\"},{\"@type\":\"Organization\",\"@id\":\"https:\\\/\\\/radioljubuski.ba\\\/#organization\",\"name\":\"Radio Ljubu\u0161ki\",\"url\":\"https:\\\/\\\/radioljubuski.ba\\\/\",\"logo\":{\"@type\":\"ImageObject\",\"inLanguage\":\"hr\",\"@id\":\"https:\\\/\\\/radioljubuski.ba\\\/#\\\/schema\\\/logo\\\/image\\\/\",\"url\":\"https:\\\/\\\/radioljubuski.ba\\\/wp-content\\\/uploads\\\/2021\\\/02\\\/cropped-Radio_Ljubuski_logo1.jpg\",\"contentUrl\":\"https:\\\/\\\/radioljubuski.ba\\\/wp-content\\\/uploads\\\/2021\\\/02\\\/cropped-Radio_Ljubuski_logo1.jpg\",\"width\":512,\"height\":512,\"caption\":\"Radio Ljubu\u0161ki\"},\"image\":{\"@id\":\"https:\\\/\\\/radioljubuski.ba\\\/#\\\/schema\\\/logo\\\/image\\\/\"},\"sameAs\":[\"https:\\\/\\\/www.facebook.com\\\/Radiio-Ljubuski-1490835324566332\",\"https:\\\/\\\/x.com\\\/radioljubuski\",\"https:\\\/\\\/hr.linkedin.com\\\/company\\\/radio-ljubuski\",\"https:\\\/\\\/www.youtube.com\\\/channel\\\/UCHYaeO_n0Db3tjNGudGpXyw\"]},{\"@type\":\"Person\",\"@id\":\"https:\\\/\\\/radioljubuski.ba\\\/#\\\/schema\\\/person\\\/19fc700381a780f69665d7956c469e3b\",\"name\":\"Radio Ljubu\u0161ki\"}]}<\/script>\n<!-- \/ Yoast SEO plugin. -->","yoast_head_json":{"title":"Semir Efendi\u0107 otkrio za\u0161to je napustio SDA - RADIO LJUBU\u0160KI","robots":{"index":"index","follow":"follow","max-snippet":"max-snippet:-1","max-image-preview":"max-image-preview:large","max-video-preview":"max-video-preview:-1"},"canonical":"https:\/\/radioljubuski.ba\/index.php\/2021\/04\/28\/semir-efendic-otkrio-zasto-je-napustio-sda\/","og_locale":"hr_HR","og_type":"article","og_title":"Semir Efendi\u0107 otkrio za\u0161to je napustio SDA - RADIO LJUBU\u0160KI","og_description":"Stranka za Bosnu i Hercegovinu je na konferenciji za medije u Sarajevu pojasnila kontekst promjena na vrhu i izbor Semira Efendi\u0107a za vr\u0161itelja du\u017enosti predsjednika. Efendi\u0107 je kazao kako je prihvatio ponudu ljudi iz SBiH-a da bude imenovan za v. d. predsjednika jer \u017eeli predanim radom izgraditi stranku kakva treba svim gra\u0111anima i narodima. \u201cNadam [&hellip;]","og_url":"https:\/\/radioljubuski.ba\/index.php\/2021\/04\/28\/semir-efendic-otkrio-zasto-je-napustio-sda\/","og_site_name":"RADIO LJUBU\u0160KI","article_publisher":"https:\/\/www.facebook.com\/Radiio-Ljubuski-1490835324566332","article_published_time":"2021-04-28T22:12:23+00:00","article_modified_time":"2021-04-28T22:12:25+00:00","og_image":[{"width":710,"height":380,"url":"https:\/\/radioljubuski.ba\/wp-content\/uploads\/2021\/04\/efendic-stranka-za-bih-3.jpg","type":"image\/jpeg"}],"author":"Radio Ljubu\u0161ki","twitter_card":"summary_large_image","twitter_creator":"@radioljubuski","twitter_site":"@radioljubuski","twitter_misc":{"Napisao\/la":"Radio Ljubu\u0161ki","Procijenjeno vrijeme \u010ditanja":"2 minute"},"schema":{"@context":"https:\/\/schema.org","@graph":[{"@type":"Article","@id":"https:\/\/radioljubuski.ba\/index.php\/2021\/04\/28\/semir-efendic-otkrio-zasto-je-napustio-sda\/#article","isPartOf":{"@id":"https:\/\/radioljubuski.ba\/index.php\/2021\/04\/28\/semir-efendic-otkrio-zasto-je-napustio-sda\/"},"author":{"name":"Radio Ljubu\u0161ki","@id":"https:\/\/radioljubuski.ba\/#\/schema\/person\/19fc700381a780f69665d7956c469e3b"},"headline":"Semir Efendi\u0107 otkrio za\u0161to je napustio SDA","datePublished":"2021-04-28T22:12:23+00:00","dateModified":"2021-04-28T22:12:25+00:00","mainEntityOfPage":{"@id":"https:\/\/radioljubuski.ba\/index.php\/2021\/04\/28\/semir-efendic-otkrio-zasto-je-napustio-sda\/"},"wordCount":311,"publisher":{"@id":"https:\/\/radioljubuski.ba\/#organization"},"image":{"@id":"https:\/\/radioljubuski.ba\/index.php\/2021\/04\/28\/semir-efendic-otkrio-zasto-je-napustio-sda\/#primaryimage"},"thumbnailUrl":"https:\/\/radioljubuski.ba\/wp-content\/uploads\/2021\/04\/efendic-stranka-za-bih-3.jpg","articleSection":["BIH i regija"],"inLanguage":"hr"},{"@type":"WebPage","@id":"https:\/\/radioljubuski.ba\/index.php\/2021\/04\/28\/semir-efendic-otkrio-zasto-je-napustio-sda\/","url":"https:\/\/radioljubuski.ba\/index.php\/2021\/04\/28\/semir-efendic-otkrio-zasto-je-napustio-sda\/","name":"Semir Efendi\u0107 otkrio za\u0161to je napustio SDA - RADIO LJUBU\u0160KI","isPartOf":{"@id":"https:\/\/radioljubuski.ba\/#website"},"primaryImageOfPage":{"@id":"https:\/\/radioljubuski.ba\/index.php\/2021\/04\/28\/semir-efendic-otkrio-zasto-je-napustio-sda\/#primaryimage"},"image":{"@id":"https:\/\/radioljubuski.ba\/index.php\/2021\/04\/28\/semir-efendic-otkrio-zasto-je-napustio-sda\/#primaryimage"},"thumbnailUrl":"https:\/\/radioljubuski.ba\/wp-content\/uploads\/2021\/04\/efendic-stranka-za-bih-3.jpg","datePublished":"2021-04-28T22:12:23+00:00","dateModified":"2021-04-28T22:12:25+00:00","breadcrumb":{"@id":"https:\/\/radioljubuski.ba\/index.php\/2021\/04\/28\/semir-efendic-otkrio-zasto-je-napustio-sda\/#breadcrumb"},"inLanguage":"hr","potentialAction":[{"@type":"ReadAction","target":["https:\/\/radioljubuski.ba\/index.php\/2021\/04\/28\/semir-efendic-otkrio-zasto-je-napustio-sda\/"]}]},{"@type":"ImageObject","inLanguage":"hr","@id":"https:\/\/radioljubuski.ba\/index.php\/2021\/04\/28\/semir-efendic-otkrio-zasto-je-napustio-sda\/#primaryimage","url":"https:\/\/radioljubuski.ba\/wp-content\/uploads\/2021\/04\/efendic-stranka-za-bih-3.jpg","contentUrl":"https:\/\/radioljubuski.ba\/wp-content\/uploads\/2021\/04\/efendic-stranka-za-bih-3.jpg","width":710,"height":380},{"@type":"BreadcrumbList","@id":"https:\/\/radioljubuski.ba\/index.php\/2021\/04\/28\/semir-efendic-otkrio-zasto-je-napustio-sda\/#breadcrumb","itemListElement":[{"@type":"ListItem","position":1,"name":"Po\u010detna stranica","item":"https:\/\/radioljubuski.ba\/"},{"@type":"ListItem","position":2,"name":"Semir Efendi\u0107 otkrio za\u0161to je napustio SDA"}]},{"@type":"WebSite","@id":"https:\/\/radioljubuski.ba\/#website","url":"https:\/\/radioljubuski.ba\/","name":"Radio Ljubu\u0161ki","description":"Sun\u010dana frekvencija Hercegovine","publisher":{"@id":"https:\/\/radioljubuski.ba\/#organization"},"potentialAction":[{"@type":"SearchAction","target":{"@type":"EntryPoint","urlTemplate":"https:\/\/radioljubuski.ba\/?s={search_term_string}"},"query-input":{"@type":"PropertyValueSpecification","valueRequired":true,"valueName":"search_term_string"}}],"inLanguage":"hr"},{"@type":"Organization","@id":"https:\/\/radioljubuski.ba\/#organization","name":"Radio Ljubu\u0161ki","url":"https:\/\/radioljubuski.ba\/","logo":{"@type":"ImageObject","inLanguage":"hr","@id":"https:\/\/radioljubuski.ba\/#\/schema\/logo\/image\/","url":"https:\/\/radioljubuski.ba\/wp-content\/uploads\/2021\/02\/cropped-Radio_Ljubuski_logo1.jpg","contentUrl":"https:\/\/radioljubuski.ba\/wp-content\/uploads\/2021\/02\/cropped-Radio_Ljubuski_logo1.jpg","width":512,"height":512,"caption":"Radio Ljubu\u0161ki"},"image":{"@id":"https:\/\/radioljubuski.ba\/#\/schema\/logo\/image\/"},"sameAs":["https:\/\/www.facebook.com\/Radiio-Ljubuski-1490835324566332","https:\/\/x.com\/radioljubuski","https:\/\/hr.linkedin.com\/company\/radio-ljubuski","https:\/\/www.youtube.com\/channel\/UCHYaeO_n0Db3tjNGudGpXyw"]},{"@type":"Person","@id":"https:\/\/radioljubuski.ba\/#\/schema\/person\/19fc700381a780f69665d7956c469e3b","name":"Radio Ljubu\u0161ki"}]}},"_links":{"self":[{"href":"https:\/\/radioljubuski.ba\/index.php\/wp-json\/wp\/v2\/posts\/17101","targetHints":{"allow":["GET"]}}],"collection":[{"href":"https:\/\/radioljubuski.ba\/index.php\/wp-json\/wp\/v2\/posts"}],"about":[{"href":"https:\/\/radioljubuski.ba\/index.php\/wp-json\/wp\/v2\/types\/post"}],"author":[{"embeddable":true,"href":"https:\/\/radioljubuski.ba\/index.php\/wp-json\/wp\/v2\/users\/2"}],"replies":[{"embeddable":true,"href":"https:\/\/radioljubuski.ba\/index.php\/wp-json\/wp\/v2\/comments?post=17101"}],"version-history":[{"count":1,"href":"https:\/\/radioljubuski.ba\/index.php\/wp-json\/wp\/v2\/posts\/17101\/revisions"}],"predecessor-version":[{"id":17103,"href":"https:\/\/radioljubuski.ba\/index.php\/wp-json\/wp\/v2\/posts\/17101\/revisions\/17103"}],"wp:featuredmedia":[{"embeddable":true,"href":"https:\/\/radioljubuski.ba\/index.php\/wp-json\/wp\/v2\/media\/17102"}],"wp:attachment":[{"href":"https:\/\/radioljubuski.ba\/index.php\/wp-json\/wp\/v2\/media?parent=17101"}],"wp:term":[{"taxonomy":"category","embeddable":true,"href":"https:\/\/radioljubuski.ba\/index.php\/wp-json\/wp\/v2\/categories?post=17101"},{"taxonomy":"post_tag","embeddable":true,"href":"https:\/\/radioljubuski.ba\/index.php\/wp-json\/wp\/v2\/tags?post=17101"}],"curies":[{"name":"wp","href":"https:\/\/api.w.org\/{rel}","templated":true}]}}