{"id":17142,"date":"2021-04-29T09:45:23","date_gmt":"2021-04-29T08:45:23","guid":{"rendered":"https:\/\/radioljubuski.ba\/?p=17142"},"modified":"2021-04-29T19:01:51","modified_gmt":"2021-04-29T18:01:51","slug":"u-bih-najveca-smrtnost-od-koronavirusa-u-regiji","status":"publish","type":"post","link":"https:\/\/radioljubuski.ba\/index.php\/2021\/04\/29\/u-bih-najveca-smrtnost-od-koronavirusa-u-regiji\/","title":{"rendered":"U BiH najve\u0107a smrtnost od koronavirusa u regiji"},"content":{"rendered":"\n<p>U regiji je najvi\u0161e umrlih povezanih sa infekcijom COVID19 na 100 tisu\u0107a stanovnika registrirano u Bosni i Hercegovini (BiH), na drugom mjestu je Crna Gora, a na tre\u0107em Sjeverna Makedonija.<\/p>\n\n\n\n<p>U BiH je registrirano 239 umrlih na 100 tisu\u0107a stanovnika, Crnoj Gori 236, Sjevernoj Makedoniji 229, Sloveniji 204, Hrvatskoj 172, na Kosovu 120, Srbiji 90 i Albaniji 83.<\/p>\n\n\n\n<p>U regiji je najve\u0107a \u010detrnaestodnevna incidencija novih slu\u010dajeva infekcije koronavirusom na 100 tisu\u0107a stanovnika registrirana u Hrvatskoj, na drugom mjestu je Srbija, a na tre\u0107em Slovenija.<\/p>\n\n\n\n<p>U Hrvatskoj su registrirana 733 zara\u017eena na 100 tisu\u0107a stanovnika u posljednjih 14 dana, Srbiji 488, Sloveniji 443, Sjevernoj Makedoniji 360, Crnoj Gori 353, BiH 331, na Kosovu 281 i u Albaniji 67.<\/p>\n\n\n\n<p>\u010cetrnaestodnevna incidencija predstavlja broj novih slu\u010dajeva infekcije registriran tokom prethodnih 14 dana na 100 tisu\u0107a stanovnika. Ta metoda podrazumijeva sabiranje novih slu\u010dajeva u proteklih 14 dana i izra\u017eavanje na 100 tisu\u0107a stanovnika.<\/p>\n\n\n\n<p>Srbija je na prvom mjestu u regiji po broju hospitaliziranih od COVID-a 19 na 100 tisu\u0107a stanovnika, slijede Sjeverna Makedonija i Crna Gora.<\/p>\n\n\n\n<p>U Srbiji je registriran 71 hospitalizirani na 100 tisu\u0107a stanovnika, Sjevernoj Makedoniji 68, Hrvatskoj 56, Crnoj Gori 50, na Kosovu 39 i u Sloveniji 30.<\/p>\n\n\n\n<p>U regiji&nbsp; je najvi\u0161e aktivno oboljelih od COVID-a 19 na 100 tisu\u0107a stanovnika registrirano u BiH, na drugom mjestu je Sjeverna Makedonija, a na tre\u0107em Albanija.<\/p>\n\n\n\n<p>Srbija ne objavljuje podatak o broju aktivno oboljelih na 100 tisu\u0107a stanovnika.<\/p>\n\n\n\n<p>U BiH je registrirano 876 aktivno oboljelih na 100 tisu\u0107a stanovnika, Sjevernoj Makedoniji 734, Albaniji 715, na Kosovu 514, u Sloveniji 462, Crnoj Gori 383 i Hrvatskoj 358.<\/p>\n\n\n\n<p>U regiji najvi\u0161e testiranih u odnosu na milijun stanovnika je u Sloveniji, na drugom mjestu je Crna Gora, a na tre\u0107em Srbija.<\/p>\n\n\n\n<p>Slovenija je sa 792.495 prva po broju testiranih na milijun stanovnika, slijede Crna Gora sa 607.646 i Srbija sa 546.339.<\/p>\n\n\n\n<p>Na \u010detvrtom mjestu je Hrvatska sa 437.389, Sjeverna Makedonija sa 344.309, Kosovo sa 286.012, BiH sa 253.024 i Albanija sa 218.334 testirana na milijun stanovnika.<\/p>\n\n\n\n<p>U regiji je najve\u0107i broj oboljelih na milijun stanovnika registriran u Crnoj Gori, na drugom mjestu je Slovenija, a na tre\u0107em Srbija.<\/p>\n\n\n\n<p>U Crnoj Gori je registrirano 154.095 zara\u017eenih na milijun stanovnika, Sloveniji 114.775, a u Srbiji 98.244.<\/p>\n\n\n\n<p>Na \u010detvrtom mjestu je Hrvatska sa 80.328, Sjeverna Makedonija sa 72.870, Kosovo sa 58.176, zatim BiH sa 56.232 i Albanija sa 45.437 inficiranih na milijun stanovnika.<\/p>\n\n\n\n<p>Ukupan broj trenutno aktivnih slu\u010dajeva COVID-19 u Crnoj Gori je, prema posljednjim podacima Instituta za javno zdravlje, 2.411.<\/p>\n\n\n\n<p>Izvor:BHRT<\/p>\n","protected":false},"excerpt":{"rendered":"<p>U regiji je najvi\u0161e umrlih povezanih sa infekcijom COVID19 na 100 tisu\u0107a stanovnika registrirano u Bosni i Hercegovini (BiH), na drugom mjestu je Crna Gora, a na tre\u0107em Sjeverna Makedonija. U BiH je registrirano 239 umrlih na 100 tisu\u0107a stanovnika, Crnoj Gori 236, Sjevernoj Makedoniji 229, Sloveniji 204, Hrvatskoj 172, na Kosovu 120, Srbiji 90 [&hellip;]<\/p>\n","protected":false},"author":2,"featured_media":17143,"comment_status":"closed","ping_status":"closed","sticky":false,"template":"","format":"standard","meta":{"h5ap_radio_sources":[],"footnotes":""},"categories":[1],"tags":[],"class_list":["post-17142","post","type-post","status-publish","format-standard","has-post-thumbnail","hentry","category-bihiregija"],"yoast_head":"<!-- This site is optimized with the Yoast SEO plugin v27.4 - https:\/\/yoast.com\/product\/yoast-seo-wordpress\/ -->\n<title>U BiH najve\u0107a smrtnost od koronavirusa u regiji - RADIO LJUBU\u0160KI<\/title>\n<meta name=\"robots\" content=\"index, follow, max-snippet:-1, max-image-preview:large, max-video-preview:-1\" \/>\n<link rel=\"canonical\" href=\"https:\/\/radioljubuski.ba\/index.php\/2021\/04\/29\/u-bih-najveca-smrtnost-od-koronavirusa-u-regiji\/\" \/>\n<meta property=\"og:locale\" content=\"hr_HR\" \/>\n<meta property=\"og:type\" content=\"article\" \/>\n<meta property=\"og:title\" content=\"U BiH najve\u0107a smrtnost od koronavirusa u regiji - RADIO LJUBU\u0160KI\" \/>\n<meta property=\"og:description\" content=\"U regiji je najvi\u0161e umrlih povezanih sa infekcijom COVID19 na 100 tisu\u0107a stanovnika registrirano u Bosni i Hercegovini (BiH), na drugom mjestu je Crna Gora, a na tre\u0107em Sjeverna Makedonija. U BiH je registrirano 239 umrlih na 100 tisu\u0107a stanovnika, Crnoj Gori 236, Sjevernoj Makedoniji 229, Sloveniji 204, Hrvatskoj 172, na Kosovu 120, Srbiji 90 [&hellip;]\" \/>\n<meta property=\"og:url\" content=\"https:\/\/radioljubuski.ba\/index.php\/2021\/04\/29\/u-bih-najveca-smrtnost-od-koronavirusa-u-regiji\/\" \/>\n<meta property=\"og:site_name\" content=\"RADIO LJUBU\u0160KI\" \/>\n<meta property=\"article:publisher\" content=\"https:\/\/www.facebook.com\/Radiio-Ljubuski-1490835324566332\" \/>\n<meta property=\"article:published_time\" content=\"2021-04-29T08:45:23+00:00\" \/>\n<meta property=\"article:modified_time\" content=\"2021-04-29T18:01:51+00:00\" \/>\n<meta property=\"og:image\" content=\"https:\/\/radioljubuski.ba\/wp-content\/uploads\/2021\/04\/9-2021-04-18-15-16-21-bolnica.png\" \/>\n\t<meta property=\"og:image:width\" content=\"1000\" \/>\n\t<meta property=\"og:image:height\" content=\"625\" \/>\n\t<meta property=\"og:image:type\" content=\"image\/png\" \/>\n<meta name=\"author\" content=\"Radio Ljubu\u0161ki\" \/>\n<meta name=\"twitter:card\" content=\"summary_large_image\" \/>\n<meta name=\"twitter:creator\" content=\"@radioljubuski\" \/>\n<meta name=\"twitter:site\" content=\"@radioljubuski\" \/>\n<meta name=\"twitter:label1\" content=\"Napisao\/la\" \/>\n\t<meta name=\"twitter:data1\" content=\"Radio Ljubu\u0161ki\" \/>\n\t<meta name=\"twitter:label2\" content=\"Procijenjeno vrijeme \u010ditanja\" \/>\n\t<meta name=\"twitter:data2\" content=\"2 minute\" \/>\n<script type=\"application\/ld+json\" class=\"yoast-schema-graph\">{\"@context\":\"https:\\\/\\\/schema.org\",\"@graph\":[{\"@type\":\"Article\",\"@id\":\"https:\\\/\\\/radioljubuski.ba\\\/index.php\\\/2021\\\/04\\\/29\\\/u-bih-najveca-smrtnost-od-koronavirusa-u-regiji\\\/#article\",\"isPartOf\":{\"@id\":\"https:\\\/\\\/radioljubuski.ba\\\/index.php\\\/2021\\\/04\\\/29\\\/u-bih-najveca-smrtnost-od-koronavirusa-u-regiji\\\/\"},\"author\":{\"name\":\"Radio Ljubu\u0161ki\",\"@id\":\"https:\\\/\\\/radioljubuski.ba\\\/#\\\/schema\\\/person\\\/19fc700381a780f69665d7956c469e3b\"},\"headline\":\"U BiH najve\u0107a smrtnost od koronavirusa u regiji\",\"datePublished\":\"2021-04-29T08:45:23+00:00\",\"dateModified\":\"2021-04-29T18:01:51+00:00\",\"mainEntityOfPage\":{\"@id\":\"https:\\\/\\\/radioljubuski.ba\\\/index.php\\\/2021\\\/04\\\/29\\\/u-bih-najveca-smrtnost-od-koronavirusa-u-regiji\\\/\"},\"wordCount\":390,\"publisher\":{\"@id\":\"https:\\\/\\\/radioljubuski.ba\\\/#organization\"},\"image\":{\"@id\":\"https:\\\/\\\/radioljubuski.ba\\\/index.php\\\/2021\\\/04\\\/29\\\/u-bih-najveca-smrtnost-od-koronavirusa-u-regiji\\\/#primaryimage\"},\"thumbnailUrl\":\"https:\\\/\\\/radioljubuski.ba\\\/wp-content\\\/uploads\\\/2021\\\/04\\\/9-2021-04-18-15-16-21-bolnica.png\",\"articleSection\":[\"BIH i regija\"],\"inLanguage\":\"hr\"},{\"@type\":\"WebPage\",\"@id\":\"https:\\\/\\\/radioljubuski.ba\\\/index.php\\\/2021\\\/04\\\/29\\\/u-bih-najveca-smrtnost-od-koronavirusa-u-regiji\\\/\",\"url\":\"https:\\\/\\\/radioljubuski.ba\\\/index.php\\\/2021\\\/04\\\/29\\\/u-bih-najveca-smrtnost-od-koronavirusa-u-regiji\\\/\",\"name\":\"U BiH najve\u0107a smrtnost od koronavirusa u regiji - RADIO LJUBU\u0160KI\",\"isPartOf\":{\"@id\":\"https:\\\/\\\/radioljubuski.ba\\\/#website\"},\"primaryImageOfPage\":{\"@id\":\"https:\\\/\\\/radioljubuski.ba\\\/index.php\\\/2021\\\/04\\\/29\\\/u-bih-najveca-smrtnost-od-koronavirusa-u-regiji\\\/#primaryimage\"},\"image\":{\"@id\":\"https:\\\/\\\/radioljubuski.ba\\\/index.php\\\/2021\\\/04\\\/29\\\/u-bih-najveca-smrtnost-od-koronavirusa-u-regiji\\\/#primaryimage\"},\"thumbnailUrl\":\"https:\\\/\\\/radioljubuski.ba\\\/wp-content\\\/uploads\\\/2021\\\/04\\\/9-2021-04-18-15-16-21-bolnica.png\",\"datePublished\":\"2021-04-29T08:45:23+00:00\",\"dateModified\":\"2021-04-29T18:01:51+00:00\",\"breadcrumb\":{\"@id\":\"https:\\\/\\\/radioljubuski.ba\\\/index.php\\\/2021\\\/04\\\/29\\\/u-bih-najveca-smrtnost-od-koronavirusa-u-regiji\\\/#breadcrumb\"},\"inLanguage\":\"hr\",\"potentialAction\":[{\"@type\":\"ReadAction\",\"target\":[\"https:\\\/\\\/radioljubuski.ba\\\/index.php\\\/2021\\\/04\\\/29\\\/u-bih-najveca-smrtnost-od-koronavirusa-u-regiji\\\/\"]}]},{\"@type\":\"ImageObject\",\"inLanguage\":\"hr\",\"@id\":\"https:\\\/\\\/radioljubuski.ba\\\/index.php\\\/2021\\\/04\\\/29\\\/u-bih-najveca-smrtnost-od-koronavirusa-u-regiji\\\/#primaryimage\",\"url\":\"https:\\\/\\\/radioljubuski.ba\\\/wp-content\\\/uploads\\\/2021\\\/04\\\/9-2021-04-18-15-16-21-bolnica.png\",\"contentUrl\":\"https:\\\/\\\/radioljubuski.ba\\\/wp-content\\\/uploads\\\/2021\\\/04\\\/9-2021-04-18-15-16-21-bolnica.png\",\"width\":1000,\"height\":625},{\"@type\":\"BreadcrumbList\",\"@id\":\"https:\\\/\\\/radioljubuski.ba\\\/index.php\\\/2021\\\/04\\\/29\\\/u-bih-najveca-smrtnost-od-koronavirusa-u-regiji\\\/#breadcrumb\",\"itemListElement\":[{\"@type\":\"ListItem\",\"position\":1,\"name\":\"Po\u010detna stranica\",\"item\":\"https:\\\/\\\/radioljubuski.ba\\\/\"},{\"@type\":\"ListItem\",\"position\":2,\"name\":\"U BiH najve\u0107a smrtnost od koronavirusa u regiji\"}]},{\"@type\":\"WebSite\",\"@id\":\"https:\\\/\\\/radioljubuski.ba\\\/#website\",\"url\":\"https:\\\/\\\/radioljubuski.ba\\\/\",\"name\":\"Radio Ljubu\u0161ki\",\"description\":\"Sun\u010dana frekvencija Hercegovine\",\"publisher\":{\"@id\":\"https:\\\/\\\/radioljubuski.ba\\\/#organization\"},\"potentialAction\":[{\"@type\":\"SearchAction\",\"target\":{\"@type\":\"EntryPoint\",\"urlTemplate\":\"https:\\\/\\\/radioljubuski.ba\\\/?s={search_term_string}\"},\"query-input\":{\"@type\":\"PropertyValueSpecification\",\"valueRequired\":true,\"valueName\":\"search_term_string\"}}],\"inLanguage\":\"hr\"},{\"@type\":\"Organization\",\"@id\":\"https:\\\/\\\/radioljubuski.ba\\\/#organization\",\"name\":\"Radio Ljubu\u0161ki\",\"url\":\"https:\\\/\\\/radioljubuski.ba\\\/\",\"logo\":{\"@type\":\"ImageObject\",\"inLanguage\":\"hr\",\"@id\":\"https:\\\/\\\/radioljubuski.ba\\\/#\\\/schema\\\/logo\\\/image\\\/\",\"url\":\"https:\\\/\\\/radioljubuski.ba\\\/wp-content\\\/uploads\\\/2021\\\/02\\\/cropped-Radio_Ljubuski_logo1.jpg\",\"contentUrl\":\"https:\\\/\\\/radioljubuski.ba\\\/wp-content\\\/uploads\\\/2021\\\/02\\\/cropped-Radio_Ljubuski_logo1.jpg\",\"width\":512,\"height\":512,\"caption\":\"Radio Ljubu\u0161ki\"},\"image\":{\"@id\":\"https:\\\/\\\/radioljubuski.ba\\\/#\\\/schema\\\/logo\\\/image\\\/\"},\"sameAs\":[\"https:\\\/\\\/www.facebook.com\\\/Radiio-Ljubuski-1490835324566332\",\"https:\\\/\\\/x.com\\\/radioljubuski\",\"https:\\\/\\\/hr.linkedin.com\\\/company\\\/radio-ljubuski\",\"https:\\\/\\\/www.youtube.com\\\/channel\\\/UCHYaeO_n0Db3tjNGudGpXyw\"]},{\"@type\":\"Person\",\"@id\":\"https:\\\/\\\/radioljubuski.ba\\\/#\\\/schema\\\/person\\\/19fc700381a780f69665d7956c469e3b\",\"name\":\"Radio Ljubu\u0161ki\"}]}<\/script>\n<!-- \/ Yoast SEO plugin. -->","yoast_head_json":{"title":"U BiH najve\u0107a smrtnost od koronavirusa u regiji - RADIO LJUBU\u0160KI","robots":{"index":"index","follow":"follow","max-snippet":"max-snippet:-1","max-image-preview":"max-image-preview:large","max-video-preview":"max-video-preview:-1"},"canonical":"https:\/\/radioljubuski.ba\/index.php\/2021\/04\/29\/u-bih-najveca-smrtnost-od-koronavirusa-u-regiji\/","og_locale":"hr_HR","og_type":"article","og_title":"U BiH najve\u0107a smrtnost od koronavirusa u regiji - RADIO LJUBU\u0160KI","og_description":"U regiji je najvi\u0161e umrlih povezanih sa infekcijom COVID19 na 100 tisu\u0107a stanovnika registrirano u Bosni i Hercegovini (BiH), na drugom mjestu je Crna Gora, a na tre\u0107em Sjeverna Makedonija. U BiH je registrirano 239 umrlih na 100 tisu\u0107a stanovnika, Crnoj Gori 236, Sjevernoj Makedoniji 229, Sloveniji 204, Hrvatskoj 172, na Kosovu 120, Srbiji 90 [&hellip;]","og_url":"https:\/\/radioljubuski.ba\/index.php\/2021\/04\/29\/u-bih-najveca-smrtnost-od-koronavirusa-u-regiji\/","og_site_name":"RADIO LJUBU\u0160KI","article_publisher":"https:\/\/www.facebook.com\/Radiio-Ljubuski-1490835324566332","article_published_time":"2021-04-29T08:45:23+00:00","article_modified_time":"2021-04-29T18:01:51+00:00","og_image":[{"width":1000,"height":625,"url":"https:\/\/radioljubuski.ba\/wp-content\/uploads\/2021\/04\/9-2021-04-18-15-16-21-bolnica.png","type":"image\/png"}],"author":"Radio Ljubu\u0161ki","twitter_card":"summary_large_image","twitter_creator":"@radioljubuski","twitter_site":"@radioljubuski","twitter_misc":{"Napisao\/la":"Radio Ljubu\u0161ki","Procijenjeno vrijeme \u010ditanja":"2 minute"},"schema":{"@context":"https:\/\/schema.org","@graph":[{"@type":"Article","@id":"https:\/\/radioljubuski.ba\/index.php\/2021\/04\/29\/u-bih-najveca-smrtnost-od-koronavirusa-u-regiji\/#article","isPartOf":{"@id":"https:\/\/radioljubuski.ba\/index.php\/2021\/04\/29\/u-bih-najveca-smrtnost-od-koronavirusa-u-regiji\/"},"author":{"name":"Radio Ljubu\u0161ki","@id":"https:\/\/radioljubuski.ba\/#\/schema\/person\/19fc700381a780f69665d7956c469e3b"},"headline":"U BiH najve\u0107a smrtnost od koronavirusa u regiji","datePublished":"2021-04-29T08:45:23+00:00","dateModified":"2021-04-29T18:01:51+00:00","mainEntityOfPage":{"@id":"https:\/\/radioljubuski.ba\/index.php\/2021\/04\/29\/u-bih-najveca-smrtnost-od-koronavirusa-u-regiji\/"},"wordCount":390,"publisher":{"@id":"https:\/\/radioljubuski.ba\/#organization"},"image":{"@id":"https:\/\/radioljubuski.ba\/index.php\/2021\/04\/29\/u-bih-najveca-smrtnost-od-koronavirusa-u-regiji\/#primaryimage"},"thumbnailUrl":"https:\/\/radioljubuski.ba\/wp-content\/uploads\/2021\/04\/9-2021-04-18-15-16-21-bolnica.png","articleSection":["BIH i regija"],"inLanguage":"hr"},{"@type":"WebPage","@id":"https:\/\/radioljubuski.ba\/index.php\/2021\/04\/29\/u-bih-najveca-smrtnost-od-koronavirusa-u-regiji\/","url":"https:\/\/radioljubuski.ba\/index.php\/2021\/04\/29\/u-bih-najveca-smrtnost-od-koronavirusa-u-regiji\/","name":"U BiH najve\u0107a smrtnost od koronavirusa u regiji - RADIO LJUBU\u0160KI","isPartOf":{"@id":"https:\/\/radioljubuski.ba\/#website"},"primaryImageOfPage":{"@id":"https:\/\/radioljubuski.ba\/index.php\/2021\/04\/29\/u-bih-najveca-smrtnost-od-koronavirusa-u-regiji\/#primaryimage"},"image":{"@id":"https:\/\/radioljubuski.ba\/index.php\/2021\/04\/29\/u-bih-najveca-smrtnost-od-koronavirusa-u-regiji\/#primaryimage"},"thumbnailUrl":"https:\/\/radioljubuski.ba\/wp-content\/uploads\/2021\/04\/9-2021-04-18-15-16-21-bolnica.png","datePublished":"2021-04-29T08:45:23+00:00","dateModified":"2021-04-29T18:01:51+00:00","breadcrumb":{"@id":"https:\/\/radioljubuski.ba\/index.php\/2021\/04\/29\/u-bih-najveca-smrtnost-od-koronavirusa-u-regiji\/#breadcrumb"},"inLanguage":"hr","potentialAction":[{"@type":"ReadAction","target":["https:\/\/radioljubuski.ba\/index.php\/2021\/04\/29\/u-bih-najveca-smrtnost-od-koronavirusa-u-regiji\/"]}]},{"@type":"ImageObject","inLanguage":"hr","@id":"https:\/\/radioljubuski.ba\/index.php\/2021\/04\/29\/u-bih-najveca-smrtnost-od-koronavirusa-u-regiji\/#primaryimage","url":"https:\/\/radioljubuski.ba\/wp-content\/uploads\/2021\/04\/9-2021-04-18-15-16-21-bolnica.png","contentUrl":"https:\/\/radioljubuski.ba\/wp-content\/uploads\/2021\/04\/9-2021-04-18-15-16-21-bolnica.png","width":1000,"height":625},{"@type":"BreadcrumbList","@id":"https:\/\/radioljubuski.ba\/index.php\/2021\/04\/29\/u-bih-najveca-smrtnost-od-koronavirusa-u-regiji\/#breadcrumb","itemListElement":[{"@type":"ListItem","position":1,"name":"Po\u010detna stranica","item":"https:\/\/radioljubuski.ba\/"},{"@type":"ListItem","position":2,"name":"U BiH najve\u0107a smrtnost od koronavirusa u regiji"}]},{"@type":"WebSite","@id":"https:\/\/radioljubuski.ba\/#website","url":"https:\/\/radioljubuski.ba\/","name":"Radio Ljubu\u0161ki","description":"Sun\u010dana frekvencija Hercegovine","publisher":{"@id":"https:\/\/radioljubuski.ba\/#organization"},"potentialAction":[{"@type":"SearchAction","target":{"@type":"EntryPoint","urlTemplate":"https:\/\/radioljubuski.ba\/?s={search_term_string}"},"query-input":{"@type":"PropertyValueSpecification","valueRequired":true,"valueName":"search_term_string"}}],"inLanguage":"hr"},{"@type":"Organization","@id":"https:\/\/radioljubuski.ba\/#organization","name":"Radio Ljubu\u0161ki","url":"https:\/\/radioljubuski.ba\/","logo":{"@type":"ImageObject","inLanguage":"hr","@id":"https:\/\/radioljubuski.ba\/#\/schema\/logo\/image\/","url":"https:\/\/radioljubuski.ba\/wp-content\/uploads\/2021\/02\/cropped-Radio_Ljubuski_logo1.jpg","contentUrl":"https:\/\/radioljubuski.ba\/wp-content\/uploads\/2021\/02\/cropped-Radio_Ljubuski_logo1.jpg","width":512,"height":512,"caption":"Radio Ljubu\u0161ki"},"image":{"@id":"https:\/\/radioljubuski.ba\/#\/schema\/logo\/image\/"},"sameAs":["https:\/\/www.facebook.com\/Radiio-Ljubuski-1490835324566332","https:\/\/x.com\/radioljubuski","https:\/\/hr.linkedin.com\/company\/radio-ljubuski","https:\/\/www.youtube.com\/channel\/UCHYaeO_n0Db3tjNGudGpXyw"]},{"@type":"Person","@id":"https:\/\/radioljubuski.ba\/#\/schema\/person\/19fc700381a780f69665d7956c469e3b","name":"Radio Ljubu\u0161ki"}]}},"_links":{"self":[{"href":"https:\/\/radioljubuski.ba\/index.php\/wp-json\/wp\/v2\/posts\/17142","targetHints":{"allow":["GET"]}}],"collection":[{"href":"https:\/\/radioljubuski.ba\/index.php\/wp-json\/wp\/v2\/posts"}],"about":[{"href":"https:\/\/radioljubuski.ba\/index.php\/wp-json\/wp\/v2\/types\/post"}],"author":[{"embeddable":true,"href":"https:\/\/radioljubuski.ba\/index.php\/wp-json\/wp\/v2\/users\/2"}],"replies":[{"embeddable":true,"href":"https:\/\/radioljubuski.ba\/index.php\/wp-json\/wp\/v2\/comments?post=17142"}],"version-history":[{"count":1,"href":"https:\/\/radioljubuski.ba\/index.php\/wp-json\/wp\/v2\/posts\/17142\/revisions"}],"predecessor-version":[{"id":17144,"href":"https:\/\/radioljubuski.ba\/index.php\/wp-json\/wp\/v2\/posts\/17142\/revisions\/17144"}],"wp:featuredmedia":[{"embeddable":true,"href":"https:\/\/radioljubuski.ba\/index.php\/wp-json\/wp\/v2\/media\/17143"}],"wp:attachment":[{"href":"https:\/\/radioljubuski.ba\/index.php\/wp-json\/wp\/v2\/media?parent=17142"}],"wp:term":[{"taxonomy":"category","embeddable":true,"href":"https:\/\/radioljubuski.ba\/index.php\/wp-json\/wp\/v2\/categories?post=17142"},{"taxonomy":"post_tag","embeddable":true,"href":"https:\/\/radioljubuski.ba\/index.php\/wp-json\/wp\/v2\/tags?post=17142"}],"curies":[{"name":"wp","href":"https:\/\/api.w.org\/{rel}","templated":true}]}}