{"id":17164,"date":"2021-04-29T10:06:17","date_gmt":"2021-04-29T09:06:17","guid":{"rendered":"https:\/\/radioljubuski.ba\/?p=17164"},"modified":"2021-04-29T10:06:18","modified_gmt":"2021-04-29T09:06:18","slug":"u-mostarskoj-covid-bolnici-preminulo-osam-osoba-od-toga-troje-iz-ljubuskog","status":"publish","type":"post","link":"https:\/\/radioljubuski.ba\/index.php\/2021\/04\/29\/u-mostarskoj-covid-bolnici-preminulo-osam-osoba-od-toga-troje-iz-ljubuskog\/","title":{"rendered":"U mostarskoj &#8216;covid bolnici&#8217; preminulo osam osoba, od toga troje iz Ljubu\u0161kog"},"content":{"rendered":"\n<p>U Klinici za infektivne bolesti Sveu\u010dili\u0161ne klini\u010dke bolnice Mostar preminulo je 8 osoba: \u017eena iz Ljubu\u0161kog ro\u0111ena 1926. godine, mu\u0161karac iz \u010capljine ro\u0111en 1944. godine, mu\u0161karac iz Ljubu\u0161kog ro\u0111en 1949. godine, \u017eena iz Ljubu\u0161kog ro\u0111ena 1950. godine, mu\u0161karac iz Mostara ro\u0111en 1960. godine, \u017eena iz \u0160irokog Brijega ro\u0111ena 1965. godine, \u017eena iz \u010capljine ro\u0111ena 1953. godine i mu\u0161karac iz Gruda ro\u0111en 1944. godine.<\/p>\n\n\n\n<p>Na bolni\u010dkom lije\u010denju trenutno su 123 bolesnika, od kojih je 21 na invazivnoj i 3 na neinvazivnoj mehani\u010dkoj ventilaciji, a ostali su klini\u010dki stabilno. Tijekom posljednja 24 sata hospitalizirano je 5, a otpu\u0161teno 7 pacijenata.<\/p>\n\n\n\n<p>U Zavodu za mikrobiologiju i molekularnu dijagnostiku SKB testirana su 502 uzorka. U Hercegova\u010dko-neretvanskoj \u017eupaniji pozitivnih je 52 i to: 27 iz Mostara, 5 iz Konjica, 4 iz Stoca, 12 iz \u010capljine, 1 iz \u010citluka, 1 iz Jablanice i 2 iz Prozora-Rame.<\/p>\n\n\n\n<p>\u017dupanijski i op\u0107inski sanitarni inspektori izdali su ju\u010der 162 rje\u0161enja o samoizoliranju i izoliranju, a na snazi su 2794 rje\u0161enja. Ukupno je izdano 35556 rje\u0161enja.<\/p>\n\n\n\n<p>Izvor:pogled.ba<\/p>\n","protected":false},"excerpt":{"rendered":"<p>U Klinici za infektivne bolesti Sveu\u010dili\u0161ne klini\u010dke bolnice Mostar preminulo je 8 osoba: \u017eena iz Ljubu\u0161kog ro\u0111ena 1926. godine, mu\u0161karac iz \u010capljine ro\u0111en 1944. godine, mu\u0161karac iz Ljubu\u0161kog ro\u0111en 1949. godine, \u017eena iz Ljubu\u0161kog ro\u0111ena 1950. godine, mu\u0161karac iz Mostara ro\u0111en 1960. godine, \u017eena iz \u0160irokog Brijega ro\u0111ena 1965. godine, \u017eena iz \u010capljine ro\u0111ena 1953. [&hellip;]<\/p>\n","protected":false},"author":2,"featured_media":14962,"comment_status":"closed","ping_status":"closed","sticky":false,"template":"","format":"standard","meta":{"h5ap_radio_sources":[],"footnotes":""},"categories":[1],"tags":[],"class_list":["post-17164","post","type-post","status-publish","format-standard","has-post-thumbnail","hentry","category-bihiregija"],"yoast_head":"<!-- This site is optimized with the Yoast SEO plugin v27.4 - https:\/\/yoast.com\/product\/yoast-seo-wordpress\/ -->\n<title>U mostarskoj &#039;covid bolnici&#039; preminulo osam osoba, od toga troje iz Ljubu\u0161kog - RADIO LJUBU\u0160KI<\/title>\n<meta name=\"robots\" content=\"index, follow, max-snippet:-1, max-image-preview:large, max-video-preview:-1\" \/>\n<link rel=\"canonical\" href=\"https:\/\/radioljubuski.ba\/index.php\/2021\/04\/29\/u-mostarskoj-covid-bolnici-preminulo-osam-osoba-od-toga-troje-iz-ljubuskog\/\" \/>\n<meta property=\"og:locale\" content=\"hr_HR\" \/>\n<meta property=\"og:type\" content=\"article\" \/>\n<meta property=\"og:title\" content=\"U mostarskoj &#039;covid bolnici&#039; preminulo osam osoba, od toga troje iz Ljubu\u0161kog - RADIO LJUBU\u0160KI\" \/>\n<meta property=\"og:description\" content=\"U Klinici za infektivne bolesti Sveu\u010dili\u0161ne klini\u010dke bolnice Mostar preminulo je 8 osoba: \u017eena iz Ljubu\u0161kog ro\u0111ena 1926. godine, mu\u0161karac iz \u010capljine ro\u0111en 1944. godine, mu\u0161karac iz Ljubu\u0161kog ro\u0111en 1949. godine, \u017eena iz Ljubu\u0161kog ro\u0111ena 1950. godine, mu\u0161karac iz Mostara ro\u0111en 1960. godine, \u017eena iz \u0160irokog Brijega ro\u0111ena 1965. godine, \u017eena iz \u010capljine ro\u0111ena 1953. [&hellip;]\" \/>\n<meta property=\"og:url\" content=\"https:\/\/radioljubuski.ba\/index.php\/2021\/04\/29\/u-mostarskoj-covid-bolnici-preminulo-osam-osoba-od-toga-troje-iz-ljubuskog\/\" \/>\n<meta property=\"og:site_name\" content=\"RADIO LJUBU\u0160KI\" \/>\n<meta property=\"article:publisher\" content=\"https:\/\/www.facebook.com\/Radiio-Ljubuski-1490835324566332\" \/>\n<meta property=\"article:published_time\" content=\"2021-04-29T09:06:17+00:00\" \/>\n<meta property=\"article:modified_time\" content=\"2021-04-29T09:06:18+00:00\" \/>\n<meta property=\"og:image\" content=\"https:\/\/radioljubuski.ba\/wp-content\/uploads\/2021\/04\/covid-2.jpg\" \/>\n\t<meta property=\"og:image:width\" content=\"1000\" \/>\n\t<meta property=\"og:image:height\" content=\"625\" \/>\n\t<meta property=\"og:image:type\" content=\"image\/jpeg\" \/>\n<meta name=\"author\" content=\"Radio Ljubu\u0161ki\" \/>\n<meta name=\"twitter:card\" content=\"summary_large_image\" \/>\n<meta name=\"twitter:creator\" content=\"@radioljubuski\" \/>\n<meta name=\"twitter:site\" content=\"@radioljubuski\" \/>\n<meta name=\"twitter:label1\" content=\"Napisao\/la\" \/>\n\t<meta name=\"twitter:data1\" content=\"Radio Ljubu\u0161ki\" \/>\n\t<meta name=\"twitter:label2\" content=\"Procijenjeno vrijeme \u010ditanja\" \/>\n\t<meta name=\"twitter:data2\" content=\"1 minuta\" \/>\n<script type=\"application\/ld+json\" class=\"yoast-schema-graph\">{\"@context\":\"https:\\\/\\\/schema.org\",\"@graph\":[{\"@type\":\"Article\",\"@id\":\"https:\\\/\\\/radioljubuski.ba\\\/index.php\\\/2021\\\/04\\\/29\\\/u-mostarskoj-covid-bolnici-preminulo-osam-osoba-od-toga-troje-iz-ljubuskog\\\/#article\",\"isPartOf\":{\"@id\":\"https:\\\/\\\/radioljubuski.ba\\\/index.php\\\/2021\\\/04\\\/29\\\/u-mostarskoj-covid-bolnici-preminulo-osam-osoba-od-toga-troje-iz-ljubuskog\\\/\"},\"author\":{\"name\":\"Radio Ljubu\u0161ki\",\"@id\":\"https:\\\/\\\/radioljubuski.ba\\\/#\\\/schema\\\/person\\\/19fc700381a780f69665d7956c469e3b\"},\"headline\":\"U mostarskoj &#8216;covid bolnici&#8217; preminulo osam osoba, od toga troje iz Ljubu\u0161kog\",\"datePublished\":\"2021-04-29T09:06:17+00:00\",\"dateModified\":\"2021-04-29T09:06:18+00:00\",\"mainEntityOfPage\":{\"@id\":\"https:\\\/\\\/radioljubuski.ba\\\/index.php\\\/2021\\\/04\\\/29\\\/u-mostarskoj-covid-bolnici-preminulo-osam-osoba-od-toga-troje-iz-ljubuskog\\\/\"},\"wordCount\":183,\"publisher\":{\"@id\":\"https:\\\/\\\/radioljubuski.ba\\\/#organization\"},\"image\":{\"@id\":\"https:\\\/\\\/radioljubuski.ba\\\/index.php\\\/2021\\\/04\\\/29\\\/u-mostarskoj-covid-bolnici-preminulo-osam-osoba-od-toga-troje-iz-ljubuskog\\\/#primaryimage\"},\"thumbnailUrl\":\"https:\\\/\\\/radioljubuski.ba\\\/wp-content\\\/uploads\\\/2021\\\/04\\\/covid-2.jpg\",\"articleSection\":[\"BIH i regija\"],\"inLanguage\":\"hr\"},{\"@type\":\"WebPage\",\"@id\":\"https:\\\/\\\/radioljubuski.ba\\\/index.php\\\/2021\\\/04\\\/29\\\/u-mostarskoj-covid-bolnici-preminulo-osam-osoba-od-toga-troje-iz-ljubuskog\\\/\",\"url\":\"https:\\\/\\\/radioljubuski.ba\\\/index.php\\\/2021\\\/04\\\/29\\\/u-mostarskoj-covid-bolnici-preminulo-osam-osoba-od-toga-troje-iz-ljubuskog\\\/\",\"name\":\"U mostarskoj 'covid bolnici' preminulo osam osoba, od toga troje iz Ljubu\u0161kog - RADIO LJUBU\u0160KI\",\"isPartOf\":{\"@id\":\"https:\\\/\\\/radioljubuski.ba\\\/#website\"},\"primaryImageOfPage\":{\"@id\":\"https:\\\/\\\/radioljubuski.ba\\\/index.php\\\/2021\\\/04\\\/29\\\/u-mostarskoj-covid-bolnici-preminulo-osam-osoba-od-toga-troje-iz-ljubuskog\\\/#primaryimage\"},\"image\":{\"@id\":\"https:\\\/\\\/radioljubuski.ba\\\/index.php\\\/2021\\\/04\\\/29\\\/u-mostarskoj-covid-bolnici-preminulo-osam-osoba-od-toga-troje-iz-ljubuskog\\\/#primaryimage\"},\"thumbnailUrl\":\"https:\\\/\\\/radioljubuski.ba\\\/wp-content\\\/uploads\\\/2021\\\/04\\\/covid-2.jpg\",\"datePublished\":\"2021-04-29T09:06:17+00:00\",\"dateModified\":\"2021-04-29T09:06:18+00:00\",\"breadcrumb\":{\"@id\":\"https:\\\/\\\/radioljubuski.ba\\\/index.php\\\/2021\\\/04\\\/29\\\/u-mostarskoj-covid-bolnici-preminulo-osam-osoba-od-toga-troje-iz-ljubuskog\\\/#breadcrumb\"},\"inLanguage\":\"hr\",\"potentialAction\":[{\"@type\":\"ReadAction\",\"target\":[\"https:\\\/\\\/radioljubuski.ba\\\/index.php\\\/2021\\\/04\\\/29\\\/u-mostarskoj-covid-bolnici-preminulo-osam-osoba-od-toga-troje-iz-ljubuskog\\\/\"]}]},{\"@type\":\"ImageObject\",\"inLanguage\":\"hr\",\"@id\":\"https:\\\/\\\/radioljubuski.ba\\\/index.php\\\/2021\\\/04\\\/29\\\/u-mostarskoj-covid-bolnici-preminulo-osam-osoba-od-toga-troje-iz-ljubuskog\\\/#primaryimage\",\"url\":\"https:\\\/\\\/radioljubuski.ba\\\/wp-content\\\/uploads\\\/2021\\\/04\\\/covid-2.jpg\",\"contentUrl\":\"https:\\\/\\\/radioljubuski.ba\\\/wp-content\\\/uploads\\\/2021\\\/04\\\/covid-2.jpg\",\"width\":1000,\"height\":625},{\"@type\":\"BreadcrumbList\",\"@id\":\"https:\\\/\\\/radioljubuski.ba\\\/index.php\\\/2021\\\/04\\\/29\\\/u-mostarskoj-covid-bolnici-preminulo-osam-osoba-od-toga-troje-iz-ljubuskog\\\/#breadcrumb\",\"itemListElement\":[{\"@type\":\"ListItem\",\"position\":1,\"name\":\"Po\u010detna stranica\",\"item\":\"https:\\\/\\\/radioljubuski.ba\\\/\"},{\"@type\":\"ListItem\",\"position\":2,\"name\":\"U mostarskoj &#8216;covid bolnici&#8217; preminulo osam osoba, od toga troje iz Ljubu\u0161kog\"}]},{\"@type\":\"WebSite\",\"@id\":\"https:\\\/\\\/radioljubuski.ba\\\/#website\",\"url\":\"https:\\\/\\\/radioljubuski.ba\\\/\",\"name\":\"Radio Ljubu\u0161ki\",\"description\":\"Sun\u010dana frekvencija Hercegovine\",\"publisher\":{\"@id\":\"https:\\\/\\\/radioljubuski.ba\\\/#organization\"},\"potentialAction\":[{\"@type\":\"SearchAction\",\"target\":{\"@type\":\"EntryPoint\",\"urlTemplate\":\"https:\\\/\\\/radioljubuski.ba\\\/?s={search_term_string}\"},\"query-input\":{\"@type\":\"PropertyValueSpecification\",\"valueRequired\":true,\"valueName\":\"search_term_string\"}}],\"inLanguage\":\"hr\"},{\"@type\":\"Organization\",\"@id\":\"https:\\\/\\\/radioljubuski.ba\\\/#organization\",\"name\":\"Radio Ljubu\u0161ki\",\"url\":\"https:\\\/\\\/radioljubuski.ba\\\/\",\"logo\":{\"@type\":\"ImageObject\",\"inLanguage\":\"hr\",\"@id\":\"https:\\\/\\\/radioljubuski.ba\\\/#\\\/schema\\\/logo\\\/image\\\/\",\"url\":\"https:\\\/\\\/radioljubuski.ba\\\/wp-content\\\/uploads\\\/2021\\\/02\\\/cropped-Radio_Ljubuski_logo1.jpg\",\"contentUrl\":\"https:\\\/\\\/radioljubuski.ba\\\/wp-content\\\/uploads\\\/2021\\\/02\\\/cropped-Radio_Ljubuski_logo1.jpg\",\"width\":512,\"height\":512,\"caption\":\"Radio Ljubu\u0161ki\"},\"image\":{\"@id\":\"https:\\\/\\\/radioljubuski.ba\\\/#\\\/schema\\\/logo\\\/image\\\/\"},\"sameAs\":[\"https:\\\/\\\/www.facebook.com\\\/Radiio-Ljubuski-1490835324566332\",\"https:\\\/\\\/x.com\\\/radioljubuski\",\"https:\\\/\\\/hr.linkedin.com\\\/company\\\/radio-ljubuski\",\"https:\\\/\\\/www.youtube.com\\\/channel\\\/UCHYaeO_n0Db3tjNGudGpXyw\"]},{\"@type\":\"Person\",\"@id\":\"https:\\\/\\\/radioljubuski.ba\\\/#\\\/schema\\\/person\\\/19fc700381a780f69665d7956c469e3b\",\"name\":\"Radio Ljubu\u0161ki\"}]}<\/script>\n<!-- \/ Yoast SEO plugin. -->","yoast_head_json":{"title":"U mostarskoj 'covid bolnici' preminulo osam osoba, od toga troje iz Ljubu\u0161kog - RADIO LJUBU\u0160KI","robots":{"index":"index","follow":"follow","max-snippet":"max-snippet:-1","max-image-preview":"max-image-preview:large","max-video-preview":"max-video-preview:-1"},"canonical":"https:\/\/radioljubuski.ba\/index.php\/2021\/04\/29\/u-mostarskoj-covid-bolnici-preminulo-osam-osoba-od-toga-troje-iz-ljubuskog\/","og_locale":"hr_HR","og_type":"article","og_title":"U mostarskoj 'covid bolnici' preminulo osam osoba, od toga troje iz Ljubu\u0161kog - RADIO LJUBU\u0160KI","og_description":"U Klinici za infektivne bolesti Sveu\u010dili\u0161ne klini\u010dke bolnice Mostar preminulo je 8 osoba: \u017eena iz Ljubu\u0161kog ro\u0111ena 1926. godine, mu\u0161karac iz \u010capljine ro\u0111en 1944. godine, mu\u0161karac iz Ljubu\u0161kog ro\u0111en 1949. godine, \u017eena iz Ljubu\u0161kog ro\u0111ena 1950. godine, mu\u0161karac iz Mostara ro\u0111en 1960. godine, \u017eena iz \u0160irokog Brijega ro\u0111ena 1965. godine, \u017eena iz \u010capljine ro\u0111ena 1953. [&hellip;]","og_url":"https:\/\/radioljubuski.ba\/index.php\/2021\/04\/29\/u-mostarskoj-covid-bolnici-preminulo-osam-osoba-od-toga-troje-iz-ljubuskog\/","og_site_name":"RADIO LJUBU\u0160KI","article_publisher":"https:\/\/www.facebook.com\/Radiio-Ljubuski-1490835324566332","article_published_time":"2021-04-29T09:06:17+00:00","article_modified_time":"2021-04-29T09:06:18+00:00","og_image":[{"width":1000,"height":625,"url":"https:\/\/radioljubuski.ba\/wp-content\/uploads\/2021\/04\/covid-2.jpg","type":"image\/jpeg"}],"author":"Radio Ljubu\u0161ki","twitter_card":"summary_large_image","twitter_creator":"@radioljubuski","twitter_site":"@radioljubuski","twitter_misc":{"Napisao\/la":"Radio Ljubu\u0161ki","Procijenjeno vrijeme \u010ditanja":"1 minuta"},"schema":{"@context":"https:\/\/schema.org","@graph":[{"@type":"Article","@id":"https:\/\/radioljubuski.ba\/index.php\/2021\/04\/29\/u-mostarskoj-covid-bolnici-preminulo-osam-osoba-od-toga-troje-iz-ljubuskog\/#article","isPartOf":{"@id":"https:\/\/radioljubuski.ba\/index.php\/2021\/04\/29\/u-mostarskoj-covid-bolnici-preminulo-osam-osoba-od-toga-troje-iz-ljubuskog\/"},"author":{"name":"Radio Ljubu\u0161ki","@id":"https:\/\/radioljubuski.ba\/#\/schema\/person\/19fc700381a780f69665d7956c469e3b"},"headline":"U mostarskoj &#8216;covid bolnici&#8217; preminulo osam osoba, od toga troje iz Ljubu\u0161kog","datePublished":"2021-04-29T09:06:17+00:00","dateModified":"2021-04-29T09:06:18+00:00","mainEntityOfPage":{"@id":"https:\/\/radioljubuski.ba\/index.php\/2021\/04\/29\/u-mostarskoj-covid-bolnici-preminulo-osam-osoba-od-toga-troje-iz-ljubuskog\/"},"wordCount":183,"publisher":{"@id":"https:\/\/radioljubuski.ba\/#organization"},"image":{"@id":"https:\/\/radioljubuski.ba\/index.php\/2021\/04\/29\/u-mostarskoj-covid-bolnici-preminulo-osam-osoba-od-toga-troje-iz-ljubuskog\/#primaryimage"},"thumbnailUrl":"https:\/\/radioljubuski.ba\/wp-content\/uploads\/2021\/04\/covid-2.jpg","articleSection":["BIH i regija"],"inLanguage":"hr"},{"@type":"WebPage","@id":"https:\/\/radioljubuski.ba\/index.php\/2021\/04\/29\/u-mostarskoj-covid-bolnici-preminulo-osam-osoba-od-toga-troje-iz-ljubuskog\/","url":"https:\/\/radioljubuski.ba\/index.php\/2021\/04\/29\/u-mostarskoj-covid-bolnici-preminulo-osam-osoba-od-toga-troje-iz-ljubuskog\/","name":"U mostarskoj 'covid bolnici' preminulo osam osoba, od toga troje iz Ljubu\u0161kog - RADIO LJUBU\u0160KI","isPartOf":{"@id":"https:\/\/radioljubuski.ba\/#website"},"primaryImageOfPage":{"@id":"https:\/\/radioljubuski.ba\/index.php\/2021\/04\/29\/u-mostarskoj-covid-bolnici-preminulo-osam-osoba-od-toga-troje-iz-ljubuskog\/#primaryimage"},"image":{"@id":"https:\/\/radioljubuski.ba\/index.php\/2021\/04\/29\/u-mostarskoj-covid-bolnici-preminulo-osam-osoba-od-toga-troje-iz-ljubuskog\/#primaryimage"},"thumbnailUrl":"https:\/\/radioljubuski.ba\/wp-content\/uploads\/2021\/04\/covid-2.jpg","datePublished":"2021-04-29T09:06:17+00:00","dateModified":"2021-04-29T09:06:18+00:00","breadcrumb":{"@id":"https:\/\/radioljubuski.ba\/index.php\/2021\/04\/29\/u-mostarskoj-covid-bolnici-preminulo-osam-osoba-od-toga-troje-iz-ljubuskog\/#breadcrumb"},"inLanguage":"hr","potentialAction":[{"@type":"ReadAction","target":["https:\/\/radioljubuski.ba\/index.php\/2021\/04\/29\/u-mostarskoj-covid-bolnici-preminulo-osam-osoba-od-toga-troje-iz-ljubuskog\/"]}]},{"@type":"ImageObject","inLanguage":"hr","@id":"https:\/\/radioljubuski.ba\/index.php\/2021\/04\/29\/u-mostarskoj-covid-bolnici-preminulo-osam-osoba-od-toga-troje-iz-ljubuskog\/#primaryimage","url":"https:\/\/radioljubuski.ba\/wp-content\/uploads\/2021\/04\/covid-2.jpg","contentUrl":"https:\/\/radioljubuski.ba\/wp-content\/uploads\/2021\/04\/covid-2.jpg","width":1000,"height":625},{"@type":"BreadcrumbList","@id":"https:\/\/radioljubuski.ba\/index.php\/2021\/04\/29\/u-mostarskoj-covid-bolnici-preminulo-osam-osoba-od-toga-troje-iz-ljubuskog\/#breadcrumb","itemListElement":[{"@type":"ListItem","position":1,"name":"Po\u010detna stranica","item":"https:\/\/radioljubuski.ba\/"},{"@type":"ListItem","position":2,"name":"U mostarskoj &#8216;covid bolnici&#8217; preminulo osam osoba, od toga troje iz Ljubu\u0161kog"}]},{"@type":"WebSite","@id":"https:\/\/radioljubuski.ba\/#website","url":"https:\/\/radioljubuski.ba\/","name":"Radio Ljubu\u0161ki","description":"Sun\u010dana frekvencija Hercegovine","publisher":{"@id":"https:\/\/radioljubuski.ba\/#organization"},"potentialAction":[{"@type":"SearchAction","target":{"@type":"EntryPoint","urlTemplate":"https:\/\/radioljubuski.ba\/?s={search_term_string}"},"query-input":{"@type":"PropertyValueSpecification","valueRequired":true,"valueName":"search_term_string"}}],"inLanguage":"hr"},{"@type":"Organization","@id":"https:\/\/radioljubuski.ba\/#organization","name":"Radio Ljubu\u0161ki","url":"https:\/\/radioljubuski.ba\/","logo":{"@type":"ImageObject","inLanguage":"hr","@id":"https:\/\/radioljubuski.ba\/#\/schema\/logo\/image\/","url":"https:\/\/radioljubuski.ba\/wp-content\/uploads\/2021\/02\/cropped-Radio_Ljubuski_logo1.jpg","contentUrl":"https:\/\/radioljubuski.ba\/wp-content\/uploads\/2021\/02\/cropped-Radio_Ljubuski_logo1.jpg","width":512,"height":512,"caption":"Radio Ljubu\u0161ki"},"image":{"@id":"https:\/\/radioljubuski.ba\/#\/schema\/logo\/image\/"},"sameAs":["https:\/\/www.facebook.com\/Radiio-Ljubuski-1490835324566332","https:\/\/x.com\/radioljubuski","https:\/\/hr.linkedin.com\/company\/radio-ljubuski","https:\/\/www.youtube.com\/channel\/UCHYaeO_n0Db3tjNGudGpXyw"]},{"@type":"Person","@id":"https:\/\/radioljubuski.ba\/#\/schema\/person\/19fc700381a780f69665d7956c469e3b","name":"Radio Ljubu\u0161ki"}]}},"_links":{"self":[{"href":"https:\/\/radioljubuski.ba\/index.php\/wp-json\/wp\/v2\/posts\/17164","targetHints":{"allow":["GET"]}}],"collection":[{"href":"https:\/\/radioljubuski.ba\/index.php\/wp-json\/wp\/v2\/posts"}],"about":[{"href":"https:\/\/radioljubuski.ba\/index.php\/wp-json\/wp\/v2\/types\/post"}],"author":[{"embeddable":true,"href":"https:\/\/radioljubuski.ba\/index.php\/wp-json\/wp\/v2\/users\/2"}],"replies":[{"embeddable":true,"href":"https:\/\/radioljubuski.ba\/index.php\/wp-json\/wp\/v2\/comments?post=17164"}],"version-history":[{"count":1,"href":"https:\/\/radioljubuski.ba\/index.php\/wp-json\/wp\/v2\/posts\/17164\/revisions"}],"predecessor-version":[{"id":17165,"href":"https:\/\/radioljubuski.ba\/index.php\/wp-json\/wp\/v2\/posts\/17164\/revisions\/17165"}],"wp:featuredmedia":[{"embeddable":true,"href":"https:\/\/radioljubuski.ba\/index.php\/wp-json\/wp\/v2\/media\/14962"}],"wp:attachment":[{"href":"https:\/\/radioljubuski.ba\/index.php\/wp-json\/wp\/v2\/media?parent=17164"}],"wp:term":[{"taxonomy":"category","embeddable":true,"href":"https:\/\/radioljubuski.ba\/index.php\/wp-json\/wp\/v2\/categories?post=17164"},{"taxonomy":"post_tag","embeddable":true,"href":"https:\/\/radioljubuski.ba\/index.php\/wp-json\/wp\/v2\/tags?post=17164"}],"curies":[{"name":"wp","href":"https:\/\/api.w.org\/{rel}","templated":true}]}}