{"id":17166,"date":"2021-04-29T10:08:33","date_gmt":"2021-04-29T09:08:33","guid":{"rendered":"https:\/\/radioljubuski.ba\/?p=17166"},"modified":"2021-04-29T10:08:33","modified_gmt":"2021-04-29T09:08:33","slug":"velez-protiv-borca-trazi-tri-boda-i-prvo-mjesto-na-ljestvici","status":"publish","type":"post","link":"https:\/\/radioljubuski.ba\/index.php\/2021\/04\/29\/velez-protiv-borca-trazi-tri-boda-i-prvo-mjesto-na-ljestvici\/","title":{"rendered":"Vele\u017e protiv Borca tra\u017ei tri boda i prvo mjesto na ljestvici"},"content":{"rendered":"\n<p>Pred nogometa\u0161ima Vele\u017ea u petak je veliki derbi protiv lidera doma\u0107eg prvenstva Borca nakon kojeg bi, u slu\u010daju pobjede, Ro\u0111eni mogli zasjesti na vrh ljestvice.<\/p>\n\n\n\n<p>Vele\u017eov trener Fe\u0111a Dudi\u0107 svjestan je zna\u010daja te utakmice te isti\u010de kako se nada da \u0107e njegova mom\u010dad nastaviti s pobjedni\u010dkim nizom te da \u0107e protiv Banjalu\u010dana do\u0107i do \u010detvrte uzastopne pobjede.<\/p>\n\n\n\n<p>&#8211; Va\u017enost utakmice je velika, pobjedom nad Borcem do\u0161li bi na prvo mjesto, barem na jedan dan, do utakmice Sarajeva i \u017deljezni\u010dara. Bez obzira o kojem se sportu radi svi se uvijek trude i \u010dine sve da bi bili prvi, pa tako i mi &#8211; izjavio je Dudi\u0107 za Fenu.<\/p>\n\n\n\n<p>Vele\u017e pru\u017ea odli\u010dne partije u proljetnom dijelu sezone i mom\u010dad je bez poraza u osam odigranih kola. Me\u0111u pet prvenstvenih pobjeda u posljednja dva mjeseca je i ona nad Borcem u o\u017eujku.<\/p>\n\n\n\n<p>Trener &#8220;Ro\u0111enih&#8221; prisjetio se tog susreta, kazav\u0161i kako je njegova mom\u010dad tada dominirala te izborila sigurnu pobjedu 2:0. No, po njegovim rije\u010dima, sutra\u0161nja utakmica bit \u0107e potpuno druk\u010dija.<\/p>\n\n\n\n<p>&#8211; Borac od tada ima \u0161est pobjeda u prvenstvu, prolazak u finale Kupa BiH i sigurno su puni samopouzdanja. Jako dobro su odigrali i na Ko\u0161evu protiv Sarajeva, tako da nas sutra o\u010dekuje puno zahtjevnija utakmica i puno bolji protivnik i mi smo toga svjesni &#8211; naglasio je Dudi\u0107.<\/p>\n\n\n\n<p><strong>Derbi propu\u0161taju Radovac i \u0106osi\u0107<\/strong><\/p>\n\n\n\n<p>Ono \u0161to bi mogao biti problem za Dudi\u0107a je izostanak Samira Radovca i Mehmeda \u0106osi\u0107a.<\/p>\n\n\n\n<p>&#8211; Malo nas remete kartoni Radovca i \u0106osi\u0107a, a pogotovo Radovca koji je dirigent na\u0161e igre, a i puno zna\u010di u izgradnji na\u0161eg napada. Drago mi je da je Omar Pr\u0161e\u0161 zadnju utakmicu odigrao jako dobro, on ima neke sli\u010dne karakteristike kao Radovac i sigurno da \u0107e u sutra\u0161njoj utakmici morati preuzeti odgovornost &#8211; kazao je Dudi\u0107.<\/p>\n\n\n\n<p>Osim Radovca i \u0106osi\u0107a, koji za sutra\u0161nju utakmicu ne konkuriraju zbog kartona, ekipa Vele\u017ea nema drugih problema s izostancima.<\/p>\n\n\n\n<p>&#8211; Vratili su nam se Slavi\u0161a Radovi\u0107 i Obren Cvijanovi\u0107, nisu jo\u0161 na sto posto fizi\u010dke spreme, tako da \u0107emo njihovu minuta\u017eu dozirati u narednim utakmicama, ali bitno je da su tu s nama i da kona\u010dno mo\u017eemo na njih ra\u010dunati &#8211; kazao je trener Vele\u017ea.<\/p>\n\n\n\n<p>Do kraja sezone ostalo je jo\u0161 \u0161est kola, a Dudi\u0107 isti\u010de kako je i dalje primarni cilj plasman u Europu.<\/p>\n\n\n\n<p>&#8211; Mislim da smo na dobrom putu, me\u0111utim jo\u0161 ni\u0161ta nije gotovo. Do kraja prvenstva ostalo je jo\u0161 \u0161est kola, 18 bodova je u igri i nadam se da \u0107emo uspjeti izboriti Europu, jer to nam je prvi i primarni cilj. Za sve ostalo, ako se uka\u017ee prilika, iskoristit \u0107emo je, ali sigurno da ne stavljamo ba\u0161 nikakav pritisak na ekipu \u0161to se ti\u010de nekog ve\u0107eg plasmana &#8211; poru\u010dio je Dudi\u0107.<\/p>\n\n\n\n<p>Derbi Vele\u017ea i Borca igra se u petak, 30. travnja, od 20 sati na stadionu &#8220;Ro\u0111eni&#8221; u Mostaru.<\/p>\n\n\n\n<p>Izvor:pogled.ba<\/p>\n","protected":false},"excerpt":{"rendered":"<p>Pred nogometa\u0161ima Vele\u017ea u petak je veliki derbi protiv lidera doma\u0107eg prvenstva Borca nakon kojeg bi, u slu\u010daju pobjede, Ro\u0111eni mogli zasjesti na vrh ljestvice. Vele\u017eov trener Fe\u0111a Dudi\u0107 svjestan je zna\u010daja te utakmice te isti\u010de kako se nada da \u0107e njegova mom\u010dad nastaviti s pobjedni\u010dkim nizom te da \u0107e protiv Banjalu\u010dana do\u0107i do \u010detvrte [&hellip;]<\/p>\n","protected":false},"author":2,"featured_media":17167,"comment_status":"closed","ping_status":"closed","sticky":false,"template":"","format":"standard","meta":{"h5ap_radio_sources":[],"footnotes":""},"categories":[1],"tags":[],"class_list":["post-17166","post","type-post","status-publish","format-standard","has-post-thumbnail","hentry","category-bihiregija"],"yoast_head":"<!-- This site is optimized with the Yoast SEO plugin v27.4 - https:\/\/yoast.com\/product\/yoast-seo-wordpress\/ -->\n<title>Vele\u017e protiv Borca tra\u017ei tri boda i prvo mjesto na ljestvici - RADIO LJUBU\u0160KI<\/title>\n<meta name=\"robots\" content=\"index, follow, max-snippet:-1, max-image-preview:large, max-video-preview:-1\" \/>\n<link rel=\"canonical\" href=\"https:\/\/radioljubuski.ba\/index.php\/2021\/04\/29\/velez-protiv-borca-trazi-tri-boda-i-prvo-mjesto-na-ljestvici\/\" \/>\n<meta property=\"og:locale\" content=\"hr_HR\" \/>\n<meta property=\"og:type\" content=\"article\" \/>\n<meta property=\"og:title\" content=\"Vele\u017e protiv Borca tra\u017ei tri boda i prvo mjesto na ljestvici - RADIO LJUBU\u0160KI\" \/>\n<meta property=\"og:description\" content=\"Pred nogometa\u0161ima Vele\u017ea u petak je veliki derbi protiv lidera doma\u0107eg prvenstva Borca nakon kojeg bi, u slu\u010daju pobjede, Ro\u0111eni mogli zasjesti na vrh ljestvice. Vele\u017eov trener Fe\u0111a Dudi\u0107 svjestan je zna\u010daja te utakmice te isti\u010de kako se nada da \u0107e njegova mom\u010dad nastaviti s pobjedni\u010dkim nizom te da \u0107e protiv Banjalu\u010dana do\u0107i do \u010detvrte [&hellip;]\" \/>\n<meta property=\"og:url\" content=\"https:\/\/radioljubuski.ba\/index.php\/2021\/04\/29\/velez-protiv-borca-trazi-tri-boda-i-prvo-mjesto-na-ljestvici\/\" \/>\n<meta property=\"og:site_name\" content=\"RADIO LJUBU\u0160KI\" \/>\n<meta property=\"article:publisher\" content=\"https:\/\/www.facebook.com\/Radiio-Ljubuski-1490835324566332\" \/>\n<meta property=\"article:published_time\" content=\"2021-04-29T09:08:33+00:00\" \/>\n<meta property=\"og:image\" content=\"https:\/\/radioljubuski.ba\/wp-content\/uploads\/2021\/04\/2-2021-04-29-10-45-34-Fedja_Dudic.jpg\" \/>\n\t<meta property=\"og:image:width\" content=\"1000\" \/>\n\t<meta property=\"og:image:height\" content=\"625\" \/>\n\t<meta property=\"og:image:type\" content=\"image\/jpeg\" \/>\n<meta name=\"author\" content=\"Radio Ljubu\u0161ki\" \/>\n<meta name=\"twitter:card\" content=\"summary_large_image\" \/>\n<meta name=\"twitter:creator\" content=\"@radioljubuski\" \/>\n<meta name=\"twitter:site\" content=\"@radioljubuski\" \/>\n<meta name=\"twitter:label1\" content=\"Napisao\/la\" \/>\n\t<meta name=\"twitter:data1\" content=\"Radio Ljubu\u0161ki\" \/>\n\t<meta name=\"twitter:label2\" content=\"Procijenjeno vrijeme \u010ditanja\" \/>\n\t<meta name=\"twitter:data2\" content=\"3 minute\" \/>\n<script type=\"application\/ld+json\" class=\"yoast-schema-graph\">{\"@context\":\"https:\\\/\\\/schema.org\",\"@graph\":[{\"@type\":\"Article\",\"@id\":\"https:\\\/\\\/radioljubuski.ba\\\/index.php\\\/2021\\\/04\\\/29\\\/velez-protiv-borca-trazi-tri-boda-i-prvo-mjesto-na-ljestvici\\\/#article\",\"isPartOf\":{\"@id\":\"https:\\\/\\\/radioljubuski.ba\\\/index.php\\\/2021\\\/04\\\/29\\\/velez-protiv-borca-trazi-tri-boda-i-prvo-mjesto-na-ljestvici\\\/\"},\"author\":{\"name\":\"Radio Ljubu\u0161ki\",\"@id\":\"https:\\\/\\\/radioljubuski.ba\\\/#\\\/schema\\\/person\\\/19fc700381a780f69665d7956c469e3b\"},\"headline\":\"Vele\u017e protiv Borca tra\u017ei tri boda i prvo mjesto na ljestvici\",\"datePublished\":\"2021-04-29T09:08:33+00:00\",\"mainEntityOfPage\":{\"@id\":\"https:\\\/\\\/radioljubuski.ba\\\/index.php\\\/2021\\\/04\\\/29\\\/velez-protiv-borca-trazi-tri-boda-i-prvo-mjesto-na-ljestvici\\\/\"},\"wordCount\":536,\"publisher\":{\"@id\":\"https:\\\/\\\/radioljubuski.ba\\\/#organization\"},\"image\":{\"@id\":\"https:\\\/\\\/radioljubuski.ba\\\/index.php\\\/2021\\\/04\\\/29\\\/velez-protiv-borca-trazi-tri-boda-i-prvo-mjesto-na-ljestvici\\\/#primaryimage\"},\"thumbnailUrl\":\"https:\\\/\\\/radioljubuski.ba\\\/wp-content\\\/uploads\\\/2021\\\/04\\\/2-2021-04-29-10-45-34-Fedja_Dudic.jpg\",\"articleSection\":[\"BIH i regija\"],\"inLanguage\":\"hr\"},{\"@type\":\"WebPage\",\"@id\":\"https:\\\/\\\/radioljubuski.ba\\\/index.php\\\/2021\\\/04\\\/29\\\/velez-protiv-borca-trazi-tri-boda-i-prvo-mjesto-na-ljestvici\\\/\",\"url\":\"https:\\\/\\\/radioljubuski.ba\\\/index.php\\\/2021\\\/04\\\/29\\\/velez-protiv-borca-trazi-tri-boda-i-prvo-mjesto-na-ljestvici\\\/\",\"name\":\"Vele\u017e protiv Borca tra\u017ei tri boda i prvo mjesto na ljestvici - RADIO LJUBU\u0160KI\",\"isPartOf\":{\"@id\":\"https:\\\/\\\/radioljubuski.ba\\\/#website\"},\"primaryImageOfPage\":{\"@id\":\"https:\\\/\\\/radioljubuski.ba\\\/index.php\\\/2021\\\/04\\\/29\\\/velez-protiv-borca-trazi-tri-boda-i-prvo-mjesto-na-ljestvici\\\/#primaryimage\"},\"image\":{\"@id\":\"https:\\\/\\\/radioljubuski.ba\\\/index.php\\\/2021\\\/04\\\/29\\\/velez-protiv-borca-trazi-tri-boda-i-prvo-mjesto-na-ljestvici\\\/#primaryimage\"},\"thumbnailUrl\":\"https:\\\/\\\/radioljubuski.ba\\\/wp-content\\\/uploads\\\/2021\\\/04\\\/2-2021-04-29-10-45-34-Fedja_Dudic.jpg\",\"datePublished\":\"2021-04-29T09:08:33+00:00\",\"breadcrumb\":{\"@id\":\"https:\\\/\\\/radioljubuski.ba\\\/index.php\\\/2021\\\/04\\\/29\\\/velez-protiv-borca-trazi-tri-boda-i-prvo-mjesto-na-ljestvici\\\/#breadcrumb\"},\"inLanguage\":\"hr\",\"potentialAction\":[{\"@type\":\"ReadAction\",\"target\":[\"https:\\\/\\\/radioljubuski.ba\\\/index.php\\\/2021\\\/04\\\/29\\\/velez-protiv-borca-trazi-tri-boda-i-prvo-mjesto-na-ljestvici\\\/\"]}]},{\"@type\":\"ImageObject\",\"inLanguage\":\"hr\",\"@id\":\"https:\\\/\\\/radioljubuski.ba\\\/index.php\\\/2021\\\/04\\\/29\\\/velez-protiv-borca-trazi-tri-boda-i-prvo-mjesto-na-ljestvici\\\/#primaryimage\",\"url\":\"https:\\\/\\\/radioljubuski.ba\\\/wp-content\\\/uploads\\\/2021\\\/04\\\/2-2021-04-29-10-45-34-Fedja_Dudic.jpg\",\"contentUrl\":\"https:\\\/\\\/radioljubuski.ba\\\/wp-content\\\/uploads\\\/2021\\\/04\\\/2-2021-04-29-10-45-34-Fedja_Dudic.jpg\",\"width\":1000,\"height\":625},{\"@type\":\"BreadcrumbList\",\"@id\":\"https:\\\/\\\/radioljubuski.ba\\\/index.php\\\/2021\\\/04\\\/29\\\/velez-protiv-borca-trazi-tri-boda-i-prvo-mjesto-na-ljestvici\\\/#breadcrumb\",\"itemListElement\":[{\"@type\":\"ListItem\",\"position\":1,\"name\":\"Po\u010detna stranica\",\"item\":\"https:\\\/\\\/radioljubuski.ba\\\/\"},{\"@type\":\"ListItem\",\"position\":2,\"name\":\"Vele\u017e protiv Borca tra\u017ei tri boda i prvo mjesto na ljestvici\"}]},{\"@type\":\"WebSite\",\"@id\":\"https:\\\/\\\/radioljubuski.ba\\\/#website\",\"url\":\"https:\\\/\\\/radioljubuski.ba\\\/\",\"name\":\"Radio Ljubu\u0161ki\",\"description\":\"Sun\u010dana frekvencija Hercegovine\",\"publisher\":{\"@id\":\"https:\\\/\\\/radioljubuski.ba\\\/#organization\"},\"potentialAction\":[{\"@type\":\"SearchAction\",\"target\":{\"@type\":\"EntryPoint\",\"urlTemplate\":\"https:\\\/\\\/radioljubuski.ba\\\/?s={search_term_string}\"},\"query-input\":{\"@type\":\"PropertyValueSpecification\",\"valueRequired\":true,\"valueName\":\"search_term_string\"}}],\"inLanguage\":\"hr\"},{\"@type\":\"Organization\",\"@id\":\"https:\\\/\\\/radioljubuski.ba\\\/#organization\",\"name\":\"Radio Ljubu\u0161ki\",\"url\":\"https:\\\/\\\/radioljubuski.ba\\\/\",\"logo\":{\"@type\":\"ImageObject\",\"inLanguage\":\"hr\",\"@id\":\"https:\\\/\\\/radioljubuski.ba\\\/#\\\/schema\\\/logo\\\/image\\\/\",\"url\":\"https:\\\/\\\/radioljubuski.ba\\\/wp-content\\\/uploads\\\/2021\\\/02\\\/cropped-Radio_Ljubuski_logo1.jpg\",\"contentUrl\":\"https:\\\/\\\/radioljubuski.ba\\\/wp-content\\\/uploads\\\/2021\\\/02\\\/cropped-Radio_Ljubuski_logo1.jpg\",\"width\":512,\"height\":512,\"caption\":\"Radio Ljubu\u0161ki\"},\"image\":{\"@id\":\"https:\\\/\\\/radioljubuski.ba\\\/#\\\/schema\\\/logo\\\/image\\\/\"},\"sameAs\":[\"https:\\\/\\\/www.facebook.com\\\/Radiio-Ljubuski-1490835324566332\",\"https:\\\/\\\/x.com\\\/radioljubuski\",\"https:\\\/\\\/hr.linkedin.com\\\/company\\\/radio-ljubuski\",\"https:\\\/\\\/www.youtube.com\\\/channel\\\/UCHYaeO_n0Db3tjNGudGpXyw\"]},{\"@type\":\"Person\",\"@id\":\"https:\\\/\\\/radioljubuski.ba\\\/#\\\/schema\\\/person\\\/19fc700381a780f69665d7956c469e3b\",\"name\":\"Radio Ljubu\u0161ki\"}]}<\/script>\n<!-- \/ Yoast SEO plugin. -->","yoast_head_json":{"title":"Vele\u017e protiv Borca tra\u017ei tri boda i prvo mjesto na ljestvici - RADIO LJUBU\u0160KI","robots":{"index":"index","follow":"follow","max-snippet":"max-snippet:-1","max-image-preview":"max-image-preview:large","max-video-preview":"max-video-preview:-1"},"canonical":"https:\/\/radioljubuski.ba\/index.php\/2021\/04\/29\/velez-protiv-borca-trazi-tri-boda-i-prvo-mjesto-na-ljestvici\/","og_locale":"hr_HR","og_type":"article","og_title":"Vele\u017e protiv Borca tra\u017ei tri boda i prvo mjesto na ljestvici - RADIO LJUBU\u0160KI","og_description":"Pred nogometa\u0161ima Vele\u017ea u petak je veliki derbi protiv lidera doma\u0107eg prvenstva Borca nakon kojeg bi, u slu\u010daju pobjede, Ro\u0111eni mogli zasjesti na vrh ljestvice. Vele\u017eov trener Fe\u0111a Dudi\u0107 svjestan je zna\u010daja te utakmice te isti\u010de kako se nada da \u0107e njegova mom\u010dad nastaviti s pobjedni\u010dkim nizom te da \u0107e protiv Banjalu\u010dana do\u0107i do \u010detvrte [&hellip;]","og_url":"https:\/\/radioljubuski.ba\/index.php\/2021\/04\/29\/velez-protiv-borca-trazi-tri-boda-i-prvo-mjesto-na-ljestvici\/","og_site_name":"RADIO LJUBU\u0160KI","article_publisher":"https:\/\/www.facebook.com\/Radiio-Ljubuski-1490835324566332","article_published_time":"2021-04-29T09:08:33+00:00","og_image":[{"width":1000,"height":625,"url":"https:\/\/radioljubuski.ba\/wp-content\/uploads\/2021\/04\/2-2021-04-29-10-45-34-Fedja_Dudic.jpg","type":"image\/jpeg"}],"author":"Radio Ljubu\u0161ki","twitter_card":"summary_large_image","twitter_creator":"@radioljubuski","twitter_site":"@radioljubuski","twitter_misc":{"Napisao\/la":"Radio Ljubu\u0161ki","Procijenjeno vrijeme \u010ditanja":"3 minute"},"schema":{"@context":"https:\/\/schema.org","@graph":[{"@type":"Article","@id":"https:\/\/radioljubuski.ba\/index.php\/2021\/04\/29\/velez-protiv-borca-trazi-tri-boda-i-prvo-mjesto-na-ljestvici\/#article","isPartOf":{"@id":"https:\/\/radioljubuski.ba\/index.php\/2021\/04\/29\/velez-protiv-borca-trazi-tri-boda-i-prvo-mjesto-na-ljestvici\/"},"author":{"name":"Radio Ljubu\u0161ki","@id":"https:\/\/radioljubuski.ba\/#\/schema\/person\/19fc700381a780f69665d7956c469e3b"},"headline":"Vele\u017e protiv Borca tra\u017ei tri boda i prvo mjesto na ljestvici","datePublished":"2021-04-29T09:08:33+00:00","mainEntityOfPage":{"@id":"https:\/\/radioljubuski.ba\/index.php\/2021\/04\/29\/velez-protiv-borca-trazi-tri-boda-i-prvo-mjesto-na-ljestvici\/"},"wordCount":536,"publisher":{"@id":"https:\/\/radioljubuski.ba\/#organization"},"image":{"@id":"https:\/\/radioljubuski.ba\/index.php\/2021\/04\/29\/velez-protiv-borca-trazi-tri-boda-i-prvo-mjesto-na-ljestvici\/#primaryimage"},"thumbnailUrl":"https:\/\/radioljubuski.ba\/wp-content\/uploads\/2021\/04\/2-2021-04-29-10-45-34-Fedja_Dudic.jpg","articleSection":["BIH i regija"],"inLanguage":"hr"},{"@type":"WebPage","@id":"https:\/\/radioljubuski.ba\/index.php\/2021\/04\/29\/velez-protiv-borca-trazi-tri-boda-i-prvo-mjesto-na-ljestvici\/","url":"https:\/\/radioljubuski.ba\/index.php\/2021\/04\/29\/velez-protiv-borca-trazi-tri-boda-i-prvo-mjesto-na-ljestvici\/","name":"Vele\u017e protiv Borca tra\u017ei tri boda i prvo mjesto na ljestvici - RADIO LJUBU\u0160KI","isPartOf":{"@id":"https:\/\/radioljubuski.ba\/#website"},"primaryImageOfPage":{"@id":"https:\/\/radioljubuski.ba\/index.php\/2021\/04\/29\/velez-protiv-borca-trazi-tri-boda-i-prvo-mjesto-na-ljestvici\/#primaryimage"},"image":{"@id":"https:\/\/radioljubuski.ba\/index.php\/2021\/04\/29\/velez-protiv-borca-trazi-tri-boda-i-prvo-mjesto-na-ljestvici\/#primaryimage"},"thumbnailUrl":"https:\/\/radioljubuski.ba\/wp-content\/uploads\/2021\/04\/2-2021-04-29-10-45-34-Fedja_Dudic.jpg","datePublished":"2021-04-29T09:08:33+00:00","breadcrumb":{"@id":"https:\/\/radioljubuski.ba\/index.php\/2021\/04\/29\/velez-protiv-borca-trazi-tri-boda-i-prvo-mjesto-na-ljestvici\/#breadcrumb"},"inLanguage":"hr","potentialAction":[{"@type":"ReadAction","target":["https:\/\/radioljubuski.ba\/index.php\/2021\/04\/29\/velez-protiv-borca-trazi-tri-boda-i-prvo-mjesto-na-ljestvici\/"]}]},{"@type":"ImageObject","inLanguage":"hr","@id":"https:\/\/radioljubuski.ba\/index.php\/2021\/04\/29\/velez-protiv-borca-trazi-tri-boda-i-prvo-mjesto-na-ljestvici\/#primaryimage","url":"https:\/\/radioljubuski.ba\/wp-content\/uploads\/2021\/04\/2-2021-04-29-10-45-34-Fedja_Dudic.jpg","contentUrl":"https:\/\/radioljubuski.ba\/wp-content\/uploads\/2021\/04\/2-2021-04-29-10-45-34-Fedja_Dudic.jpg","width":1000,"height":625},{"@type":"BreadcrumbList","@id":"https:\/\/radioljubuski.ba\/index.php\/2021\/04\/29\/velez-protiv-borca-trazi-tri-boda-i-prvo-mjesto-na-ljestvici\/#breadcrumb","itemListElement":[{"@type":"ListItem","position":1,"name":"Po\u010detna stranica","item":"https:\/\/radioljubuski.ba\/"},{"@type":"ListItem","position":2,"name":"Vele\u017e protiv Borca tra\u017ei tri boda i prvo mjesto na ljestvici"}]},{"@type":"WebSite","@id":"https:\/\/radioljubuski.ba\/#website","url":"https:\/\/radioljubuski.ba\/","name":"Radio Ljubu\u0161ki","description":"Sun\u010dana frekvencija Hercegovine","publisher":{"@id":"https:\/\/radioljubuski.ba\/#organization"},"potentialAction":[{"@type":"SearchAction","target":{"@type":"EntryPoint","urlTemplate":"https:\/\/radioljubuski.ba\/?s={search_term_string}"},"query-input":{"@type":"PropertyValueSpecification","valueRequired":true,"valueName":"search_term_string"}}],"inLanguage":"hr"},{"@type":"Organization","@id":"https:\/\/radioljubuski.ba\/#organization","name":"Radio Ljubu\u0161ki","url":"https:\/\/radioljubuski.ba\/","logo":{"@type":"ImageObject","inLanguage":"hr","@id":"https:\/\/radioljubuski.ba\/#\/schema\/logo\/image\/","url":"https:\/\/radioljubuski.ba\/wp-content\/uploads\/2021\/02\/cropped-Radio_Ljubuski_logo1.jpg","contentUrl":"https:\/\/radioljubuski.ba\/wp-content\/uploads\/2021\/02\/cropped-Radio_Ljubuski_logo1.jpg","width":512,"height":512,"caption":"Radio Ljubu\u0161ki"},"image":{"@id":"https:\/\/radioljubuski.ba\/#\/schema\/logo\/image\/"},"sameAs":["https:\/\/www.facebook.com\/Radiio-Ljubuski-1490835324566332","https:\/\/x.com\/radioljubuski","https:\/\/hr.linkedin.com\/company\/radio-ljubuski","https:\/\/www.youtube.com\/channel\/UCHYaeO_n0Db3tjNGudGpXyw"]},{"@type":"Person","@id":"https:\/\/radioljubuski.ba\/#\/schema\/person\/19fc700381a780f69665d7956c469e3b","name":"Radio Ljubu\u0161ki"}]}},"_links":{"self":[{"href":"https:\/\/radioljubuski.ba\/index.php\/wp-json\/wp\/v2\/posts\/17166","targetHints":{"allow":["GET"]}}],"collection":[{"href":"https:\/\/radioljubuski.ba\/index.php\/wp-json\/wp\/v2\/posts"}],"about":[{"href":"https:\/\/radioljubuski.ba\/index.php\/wp-json\/wp\/v2\/types\/post"}],"author":[{"embeddable":true,"href":"https:\/\/radioljubuski.ba\/index.php\/wp-json\/wp\/v2\/users\/2"}],"replies":[{"embeddable":true,"href":"https:\/\/radioljubuski.ba\/index.php\/wp-json\/wp\/v2\/comments?post=17166"}],"version-history":[{"count":1,"href":"https:\/\/radioljubuski.ba\/index.php\/wp-json\/wp\/v2\/posts\/17166\/revisions"}],"predecessor-version":[{"id":17168,"href":"https:\/\/radioljubuski.ba\/index.php\/wp-json\/wp\/v2\/posts\/17166\/revisions\/17168"}],"wp:featuredmedia":[{"embeddable":true,"href":"https:\/\/radioljubuski.ba\/index.php\/wp-json\/wp\/v2\/media\/17167"}],"wp:attachment":[{"href":"https:\/\/radioljubuski.ba\/index.php\/wp-json\/wp\/v2\/media?parent=17166"}],"wp:term":[{"taxonomy":"category","embeddable":true,"href":"https:\/\/radioljubuski.ba\/index.php\/wp-json\/wp\/v2\/categories?post=17166"},{"taxonomy":"post_tag","embeddable":true,"href":"https:\/\/radioljubuski.ba\/index.php\/wp-json\/wp\/v2\/tags?post=17166"}],"curies":[{"name":"wp","href":"https:\/\/api.w.org\/{rel}","templated":true}]}}