{"id":17178,"date":"2021-04-29T10:16:23","date_gmt":"2021-04-29T09:16:23","guid":{"rendered":"https:\/\/radioljubuski.ba\/?p=17178"},"modified":"2021-04-29T10:16:24","modified_gmt":"2021-04-29T09:16:24","slug":"ugrozeno-245-000-radnih-mjesta-u-bih","status":"publish","type":"post","link":"https:\/\/radioljubuski.ba\/index.php\/2021\/04\/29\/ugrozeno-245-000-radnih-mjesta-u-bih\/","title":{"rendered":"Ugro\u017eeno 245.000 radnih mjesta u BiH"},"content":{"rendered":"\n<h5 class=\"wp-block-heading\">Prema pisanju Europske banke za obnovu i razvoj (EBRD) pandemija koronavirusa bi mogla ozbiljno na\u0161tetiti Bosni i Hercegovini.<\/h5>\n\n\n\n<p>U studiji koju su radile EBRD i Me\u0111unarodne organizacije rada (ILO),&nbsp;<strong>245.000 bh. radnika moglo bi ostati bez posla<\/strong>. To je ekvivalent&nbsp;<strong>20 posto radne snage iz 2020. godine<\/strong>.<\/p>\n\n\n\n<p>Studija je identificirala\u00a0<strong>15 posebno ranjivih sektora ekonomije\u00a0<\/strong>koji uklju\u010duju prodaju na veliko i malo, transport, poljoprivredu, te usluge smje\u0161taja i prehrane. Ovi sektori su podjednako pogo\u0111eni u entitetima Republika Srpska i Federacija BiH. Od navedenih 245.000, ne\u0161to manje od pola njih (<strong>114.000<\/strong>) je zaposleno u mikro poduze\u0107ima koja zapo\u0161ljavaju do 10 radnika. Studija upozorava da su mladi zaposleni u ovim poduze\u0107ima pod<strong>\u00a0ve\u0107im rizikom da izgube posao<\/strong>. Studija je tako\u0111er pokazala da\u00a0<strong>smanjenje radnih sati<\/strong>\u00a0tijekom tre\u0107eg kvartala 2020. prouzrokovalo je\u00a0<strong>otpu\u0161tanje radnika t<\/strong>e pribjegavanje drugim privremenim smanjenjima radnog vremena \u0161to je bilo jednako gubitku\u00a0<strong>170.000 radnih mjesta<\/strong>.<\/p>\n\n\n\n<p>Tijekom drugog i tre\u0107eg kvartala 2020. BiH je zabilje\u017eila&nbsp;<strong>razinu nezaposlenosti vi\u0161u nego \u0161est drugih ekonomija Zapadnog Balkana<\/strong>. I to za tri i \u010detiri posto. EBRD i ILO su pokazali i kako \u017eestoko je kriza utjecala na lokalna poduze\u0107a. Naveli su da je gotovo&nbsp;<strong>70 posto<\/strong>&nbsp;mikro te oko&nbsp;<strong>60 posto<\/strong>&nbsp;malih i srednjih poduze\u0107a prijavilo da ima problema s dotokom prihoda. Oko 70 posto mikro-poduze\u0107a je reklo da su&nbsp;<strong>pretrpjeli zna\u010dajne gubitke<\/strong>&nbsp;u prihodima od cca. 50 posto i vi\u0161e u travnju 2020.<\/p>\n\n\n\n<p>Studija navodi&nbsp;<strong>pet preporuka<\/strong>&nbsp;kako bi se olak\u0161ali ekonomski izazovi izazvani pandemijom:<\/p>\n\n\n\n<ol class=\"wp-block-list\"><li>Potrebno je kreirati sveobuhvatne politike zapo\u0161ljavanja na entitetskoj razini.<\/li><li>Razdvojiti zdravstveno osiguranje od registracije za nezaposlenost.<\/li><li>Pobolj\u0161ati interoperabilnost baza podataka i razmjenu informacija izme\u0111u razli\u010ditih razina vlasti i institucija.<\/li><li>Razmotriti dodatne planove zadr\u017eavanja radnih mjesta.<\/li><li>Preispitati neke od ranije implementiranih planova zadr\u017eavanja radnih mjesta u slu\u010daju da se ponovno realiziraju.<\/li><\/ol>\n\n\n\n<p>Prema rije\u010dima sefice EBRD-a za Bosnu i Hercegovinu&nbsp;<strong>Manuele Naessl<\/strong>&nbsp;<em>Ovo je veoma pravovremen izvje\u0161taj. S obzirom na pote\u0161ko\u0107e nazo\u010dne na tr\u017ei\u0161tu rada u BiH koji datiraju iz vremena prije krize. Vlada i entiteti mogli bi daljnje napore usmjeriti na pobolj\u0161anje kvalitete i kvantiteta radnih mjesta.&nbsp;<strong>Borbu protiv emigracije<\/strong>. Smanjenje udjela i neformalnosti radne snage. Bolju koordinaciju i pove\u0107ati broj ciljanih programa podr\u0161ke, smanjuju\u0107i, pa \u010dak i uskla\u0111uju\u0107i tro\u0161kove rada<\/em>.<\/p>\n\n\n\n<p>Direktorica EBRD-a za ravnopravnost spolova i ekonomsku inkluziju&nbsp;<strong>Barbara Rambousek<\/strong>&nbsp;naglasila je potrebu pru\u017eanja ciljane podr\u0161ke ugro\u017eenim osobama izvan radnog odnosa. Kao i mladim ljudima koji su me\u0111u najvi\u0161e pogo\u0111enim. Jer su uglavnom manje sigurni, a&nbsp;<strong>manje pla\u0107eni<\/strong>. \u010cesto rade na poslovima koji zahtijevaju veliku interakciju s klijentima.<\/p>\n\n\n\n<p>Naglasila je da \u0107e EBRD nastaviti raditi na uklju\u010divanju mladih ljudi. Kao i pobolj\u0161anju vje\u0161tina i ja\u010danju privatnog sektora u Bosni i Hercegovini. Ovaj zajedni\u010dki izvje\u0161taj ILO \/ EBRD-a dolazi nakon prethodnih ispitivanja utjecaja pandemije koronavirusa u Srbiji i Sjevernoj Makedoniji. On tako\u0111er uklju\u010duje preporuke za politike rje\u0161avanje neposrednih izazova i dugoro\u010dnih posljedica. Pored sudjelovanja u dijalogu o politikama,\u00a0<strong>EBRD<\/strong>\u00a0je glavni investitor na Zapadnom Balkanu. Samo u 2020. godini EBRD je ulo\u017eio\u00a0<strong>1,3 milijarde eura<\/strong>\u00a0novih investicija.<\/p>\n\n\n\n<p><strong><a href=\"https:\/\/www.jabuka.tv\/ugrozeno-245-000-radnih-mjesta-u-bih\/\">Izvor: Jabuka.tv<\/a><\/strong><\/p>\n","protected":false},"excerpt":{"rendered":"<p>Prema pisanju Europske banke za obnovu i razvoj (EBRD) pandemija koronavirusa bi mogla ozbiljno na\u0161tetiti Bosni i Hercegovini. U studiji koju su radile EBRD i Me\u0111unarodne organizacije rada (ILO),&nbsp;245.000 bh. radnika moglo bi ostati bez posla. To je ekvivalent&nbsp;20 posto radne snage iz 2020. godine. Studija je identificirala\u00a015 posebno ranjivih sektora ekonomije\u00a0koji uklju\u010duju prodaju na [&hellip;]<\/p>\n","protected":false},"author":2,"featured_media":13596,"comment_status":"closed","ping_status":"closed","sticky":false,"template":"","format":"standard","meta":{"h5ap_radio_sources":[],"footnotes":""},"categories":[1],"tags":[],"class_list":["post-17178","post","type-post","status-publish","format-standard","has-post-thumbnail","hentry","category-bihiregija"],"yoast_head":"<!-- This site is optimized with the Yoast SEO plugin v27.4 - https:\/\/yoast.com\/product\/yoast-seo-wordpress\/ -->\n<title>Ugro\u017eeno 245.000 radnih mjesta u BiH - RADIO LJUBU\u0160KI<\/title>\n<meta name=\"robots\" content=\"index, follow, max-snippet:-1, max-image-preview:large, max-video-preview:-1\" \/>\n<link rel=\"canonical\" href=\"https:\/\/radioljubuski.ba\/index.php\/2021\/04\/29\/ugrozeno-245-000-radnih-mjesta-u-bih\/\" \/>\n<meta property=\"og:locale\" content=\"hr_HR\" \/>\n<meta property=\"og:type\" content=\"article\" \/>\n<meta property=\"og:title\" content=\"Ugro\u017eeno 245.000 radnih mjesta u BiH - RADIO LJUBU\u0160KI\" \/>\n<meta property=\"og:description\" content=\"Prema pisanju Europske banke za obnovu i razvoj (EBRD) pandemija koronavirusa bi mogla ozbiljno na\u0161tetiti Bosni i Hercegovini. U studiji koju su radile EBRD i Me\u0111unarodne organizacije rada (ILO),&nbsp;245.000 bh. radnika moglo bi ostati bez posla. To je ekvivalent&nbsp;20 posto radne snage iz 2020. godine. Studija je identificirala\u00a015 posebno ranjivih sektora ekonomije\u00a0koji uklju\u010duju prodaju na [&hellip;]\" \/>\n<meta property=\"og:url\" content=\"https:\/\/radioljubuski.ba\/index.php\/2021\/04\/29\/ugrozeno-245-000-radnih-mjesta-u-bih\/\" \/>\n<meta property=\"og:site_name\" content=\"RADIO LJUBU\u0160KI\" \/>\n<meta property=\"article:publisher\" content=\"https:\/\/www.facebook.com\/Radiio-Ljubuski-1490835324566332\" \/>\n<meta property=\"article:published_time\" content=\"2021-04-29T09:16:23+00:00\" \/>\n<meta property=\"article:modified_time\" content=\"2021-04-29T09:16:24+00:00\" \/>\n<meta property=\"og:image\" content=\"https:\/\/radioljubuski.ba\/wp-content\/uploads\/2021\/04\/oR3uAy8b_posao.jpg\" \/>\n\t<meta property=\"og:image:width\" content=\"1000\" \/>\n\t<meta property=\"og:image:height\" content=\"625\" \/>\n\t<meta property=\"og:image:type\" content=\"image\/jpeg\" \/>\n<meta name=\"author\" content=\"Radio Ljubu\u0161ki\" \/>\n<meta name=\"twitter:card\" content=\"summary_large_image\" \/>\n<meta name=\"twitter:creator\" content=\"@radioljubuski\" \/>\n<meta name=\"twitter:site\" content=\"@radioljubuski\" \/>\n<meta name=\"twitter:label1\" content=\"Napisao\/la\" \/>\n\t<meta name=\"twitter:data1\" content=\"Radio Ljubu\u0161ki\" \/>\n\t<meta name=\"twitter:label2\" content=\"Procijenjeno vrijeme \u010ditanja\" \/>\n\t<meta name=\"twitter:data2\" content=\"3 minute\" \/>\n<script type=\"application\/ld+json\" class=\"yoast-schema-graph\">{\"@context\":\"https:\\\/\\\/schema.org\",\"@graph\":[{\"@type\":\"Article\",\"@id\":\"https:\\\/\\\/radioljubuski.ba\\\/index.php\\\/2021\\\/04\\\/29\\\/ugrozeno-245-000-radnih-mjesta-u-bih\\\/#article\",\"isPartOf\":{\"@id\":\"https:\\\/\\\/radioljubuski.ba\\\/index.php\\\/2021\\\/04\\\/29\\\/ugrozeno-245-000-radnih-mjesta-u-bih\\\/\"},\"author\":{\"name\":\"Radio Ljubu\u0161ki\",\"@id\":\"https:\\\/\\\/radioljubuski.ba\\\/#\\\/schema\\\/person\\\/19fc700381a780f69665d7956c469e3b\"},\"headline\":\"Ugro\u017eeno 245.000 radnih mjesta u BiH\",\"datePublished\":\"2021-04-29T09:16:23+00:00\",\"dateModified\":\"2021-04-29T09:16:24+00:00\",\"mainEntityOfPage\":{\"@id\":\"https:\\\/\\\/radioljubuski.ba\\\/index.php\\\/2021\\\/04\\\/29\\\/ugrozeno-245-000-radnih-mjesta-u-bih\\\/\"},\"wordCount\":557,\"publisher\":{\"@id\":\"https:\\\/\\\/radioljubuski.ba\\\/#organization\"},\"image\":{\"@id\":\"https:\\\/\\\/radioljubuski.ba\\\/index.php\\\/2021\\\/04\\\/29\\\/ugrozeno-245-000-radnih-mjesta-u-bih\\\/#primaryimage\"},\"thumbnailUrl\":\"https:\\\/\\\/radioljubuski.ba\\\/wp-content\\\/uploads\\\/2021\\\/04\\\/oR3uAy8b_posao.jpg\",\"articleSection\":[\"BIH i regija\"],\"inLanguage\":\"hr\"},{\"@type\":\"WebPage\",\"@id\":\"https:\\\/\\\/radioljubuski.ba\\\/index.php\\\/2021\\\/04\\\/29\\\/ugrozeno-245-000-radnih-mjesta-u-bih\\\/\",\"url\":\"https:\\\/\\\/radioljubuski.ba\\\/index.php\\\/2021\\\/04\\\/29\\\/ugrozeno-245-000-radnih-mjesta-u-bih\\\/\",\"name\":\"Ugro\u017eeno 245.000 radnih mjesta u BiH - RADIO LJUBU\u0160KI\",\"isPartOf\":{\"@id\":\"https:\\\/\\\/radioljubuski.ba\\\/#website\"},\"primaryImageOfPage\":{\"@id\":\"https:\\\/\\\/radioljubuski.ba\\\/index.php\\\/2021\\\/04\\\/29\\\/ugrozeno-245-000-radnih-mjesta-u-bih\\\/#primaryimage\"},\"image\":{\"@id\":\"https:\\\/\\\/radioljubuski.ba\\\/index.php\\\/2021\\\/04\\\/29\\\/ugrozeno-245-000-radnih-mjesta-u-bih\\\/#primaryimage\"},\"thumbnailUrl\":\"https:\\\/\\\/radioljubuski.ba\\\/wp-content\\\/uploads\\\/2021\\\/04\\\/oR3uAy8b_posao.jpg\",\"datePublished\":\"2021-04-29T09:16:23+00:00\",\"dateModified\":\"2021-04-29T09:16:24+00:00\",\"breadcrumb\":{\"@id\":\"https:\\\/\\\/radioljubuski.ba\\\/index.php\\\/2021\\\/04\\\/29\\\/ugrozeno-245-000-radnih-mjesta-u-bih\\\/#breadcrumb\"},\"inLanguage\":\"hr\",\"potentialAction\":[{\"@type\":\"ReadAction\",\"target\":[\"https:\\\/\\\/radioljubuski.ba\\\/index.php\\\/2021\\\/04\\\/29\\\/ugrozeno-245-000-radnih-mjesta-u-bih\\\/\"]}]},{\"@type\":\"ImageObject\",\"inLanguage\":\"hr\",\"@id\":\"https:\\\/\\\/radioljubuski.ba\\\/index.php\\\/2021\\\/04\\\/29\\\/ugrozeno-245-000-radnih-mjesta-u-bih\\\/#primaryimage\",\"url\":\"https:\\\/\\\/radioljubuski.ba\\\/wp-content\\\/uploads\\\/2021\\\/04\\\/oR3uAy8b_posao.jpg\",\"contentUrl\":\"https:\\\/\\\/radioljubuski.ba\\\/wp-content\\\/uploads\\\/2021\\\/04\\\/oR3uAy8b_posao.jpg\",\"width\":1000,\"height\":625},{\"@type\":\"BreadcrumbList\",\"@id\":\"https:\\\/\\\/radioljubuski.ba\\\/index.php\\\/2021\\\/04\\\/29\\\/ugrozeno-245-000-radnih-mjesta-u-bih\\\/#breadcrumb\",\"itemListElement\":[{\"@type\":\"ListItem\",\"position\":1,\"name\":\"Po\u010detna stranica\",\"item\":\"https:\\\/\\\/radioljubuski.ba\\\/\"},{\"@type\":\"ListItem\",\"position\":2,\"name\":\"Ugro\u017eeno 245.000 radnih mjesta u BiH\"}]},{\"@type\":\"WebSite\",\"@id\":\"https:\\\/\\\/radioljubuski.ba\\\/#website\",\"url\":\"https:\\\/\\\/radioljubuski.ba\\\/\",\"name\":\"Radio Ljubu\u0161ki\",\"description\":\"Sun\u010dana frekvencija Hercegovine\",\"publisher\":{\"@id\":\"https:\\\/\\\/radioljubuski.ba\\\/#organization\"},\"potentialAction\":[{\"@type\":\"SearchAction\",\"target\":{\"@type\":\"EntryPoint\",\"urlTemplate\":\"https:\\\/\\\/radioljubuski.ba\\\/?s={search_term_string}\"},\"query-input\":{\"@type\":\"PropertyValueSpecification\",\"valueRequired\":true,\"valueName\":\"search_term_string\"}}],\"inLanguage\":\"hr\"},{\"@type\":\"Organization\",\"@id\":\"https:\\\/\\\/radioljubuski.ba\\\/#organization\",\"name\":\"Radio Ljubu\u0161ki\",\"url\":\"https:\\\/\\\/radioljubuski.ba\\\/\",\"logo\":{\"@type\":\"ImageObject\",\"inLanguage\":\"hr\",\"@id\":\"https:\\\/\\\/radioljubuski.ba\\\/#\\\/schema\\\/logo\\\/image\\\/\",\"url\":\"https:\\\/\\\/radioljubuski.ba\\\/wp-content\\\/uploads\\\/2021\\\/02\\\/cropped-Radio_Ljubuski_logo1.jpg\",\"contentUrl\":\"https:\\\/\\\/radioljubuski.ba\\\/wp-content\\\/uploads\\\/2021\\\/02\\\/cropped-Radio_Ljubuski_logo1.jpg\",\"width\":512,\"height\":512,\"caption\":\"Radio Ljubu\u0161ki\"},\"image\":{\"@id\":\"https:\\\/\\\/radioljubuski.ba\\\/#\\\/schema\\\/logo\\\/image\\\/\"},\"sameAs\":[\"https:\\\/\\\/www.facebook.com\\\/Radiio-Ljubuski-1490835324566332\",\"https:\\\/\\\/x.com\\\/radioljubuski\",\"https:\\\/\\\/hr.linkedin.com\\\/company\\\/radio-ljubuski\",\"https:\\\/\\\/www.youtube.com\\\/channel\\\/UCHYaeO_n0Db3tjNGudGpXyw\"]},{\"@type\":\"Person\",\"@id\":\"https:\\\/\\\/radioljubuski.ba\\\/#\\\/schema\\\/person\\\/19fc700381a780f69665d7956c469e3b\",\"name\":\"Radio Ljubu\u0161ki\"}]}<\/script>\n<!-- \/ Yoast SEO plugin. -->","yoast_head_json":{"title":"Ugro\u017eeno 245.000 radnih mjesta u BiH - RADIO LJUBU\u0160KI","robots":{"index":"index","follow":"follow","max-snippet":"max-snippet:-1","max-image-preview":"max-image-preview:large","max-video-preview":"max-video-preview:-1"},"canonical":"https:\/\/radioljubuski.ba\/index.php\/2021\/04\/29\/ugrozeno-245-000-radnih-mjesta-u-bih\/","og_locale":"hr_HR","og_type":"article","og_title":"Ugro\u017eeno 245.000 radnih mjesta u BiH - RADIO LJUBU\u0160KI","og_description":"Prema pisanju Europske banke za obnovu i razvoj (EBRD) pandemija koronavirusa bi mogla ozbiljno na\u0161tetiti Bosni i Hercegovini. U studiji koju su radile EBRD i Me\u0111unarodne organizacije rada (ILO),&nbsp;245.000 bh. radnika moglo bi ostati bez posla. To je ekvivalent&nbsp;20 posto radne snage iz 2020. godine. Studija je identificirala\u00a015 posebno ranjivih sektora ekonomije\u00a0koji uklju\u010duju prodaju na [&hellip;]","og_url":"https:\/\/radioljubuski.ba\/index.php\/2021\/04\/29\/ugrozeno-245-000-radnih-mjesta-u-bih\/","og_site_name":"RADIO LJUBU\u0160KI","article_publisher":"https:\/\/www.facebook.com\/Radiio-Ljubuski-1490835324566332","article_published_time":"2021-04-29T09:16:23+00:00","article_modified_time":"2021-04-29T09:16:24+00:00","og_image":[{"width":1000,"height":625,"url":"https:\/\/radioljubuski.ba\/wp-content\/uploads\/2021\/04\/oR3uAy8b_posao.jpg","type":"image\/jpeg"}],"author":"Radio Ljubu\u0161ki","twitter_card":"summary_large_image","twitter_creator":"@radioljubuski","twitter_site":"@radioljubuski","twitter_misc":{"Napisao\/la":"Radio Ljubu\u0161ki","Procijenjeno vrijeme \u010ditanja":"3 minute"},"schema":{"@context":"https:\/\/schema.org","@graph":[{"@type":"Article","@id":"https:\/\/radioljubuski.ba\/index.php\/2021\/04\/29\/ugrozeno-245-000-radnih-mjesta-u-bih\/#article","isPartOf":{"@id":"https:\/\/radioljubuski.ba\/index.php\/2021\/04\/29\/ugrozeno-245-000-radnih-mjesta-u-bih\/"},"author":{"name":"Radio Ljubu\u0161ki","@id":"https:\/\/radioljubuski.ba\/#\/schema\/person\/19fc700381a780f69665d7956c469e3b"},"headline":"Ugro\u017eeno 245.000 radnih mjesta u BiH","datePublished":"2021-04-29T09:16:23+00:00","dateModified":"2021-04-29T09:16:24+00:00","mainEntityOfPage":{"@id":"https:\/\/radioljubuski.ba\/index.php\/2021\/04\/29\/ugrozeno-245-000-radnih-mjesta-u-bih\/"},"wordCount":557,"publisher":{"@id":"https:\/\/radioljubuski.ba\/#organization"},"image":{"@id":"https:\/\/radioljubuski.ba\/index.php\/2021\/04\/29\/ugrozeno-245-000-radnih-mjesta-u-bih\/#primaryimage"},"thumbnailUrl":"https:\/\/radioljubuski.ba\/wp-content\/uploads\/2021\/04\/oR3uAy8b_posao.jpg","articleSection":["BIH i regija"],"inLanguage":"hr"},{"@type":"WebPage","@id":"https:\/\/radioljubuski.ba\/index.php\/2021\/04\/29\/ugrozeno-245-000-radnih-mjesta-u-bih\/","url":"https:\/\/radioljubuski.ba\/index.php\/2021\/04\/29\/ugrozeno-245-000-radnih-mjesta-u-bih\/","name":"Ugro\u017eeno 245.000 radnih mjesta u BiH - RADIO LJUBU\u0160KI","isPartOf":{"@id":"https:\/\/radioljubuski.ba\/#website"},"primaryImageOfPage":{"@id":"https:\/\/radioljubuski.ba\/index.php\/2021\/04\/29\/ugrozeno-245-000-radnih-mjesta-u-bih\/#primaryimage"},"image":{"@id":"https:\/\/radioljubuski.ba\/index.php\/2021\/04\/29\/ugrozeno-245-000-radnih-mjesta-u-bih\/#primaryimage"},"thumbnailUrl":"https:\/\/radioljubuski.ba\/wp-content\/uploads\/2021\/04\/oR3uAy8b_posao.jpg","datePublished":"2021-04-29T09:16:23+00:00","dateModified":"2021-04-29T09:16:24+00:00","breadcrumb":{"@id":"https:\/\/radioljubuski.ba\/index.php\/2021\/04\/29\/ugrozeno-245-000-radnih-mjesta-u-bih\/#breadcrumb"},"inLanguage":"hr","potentialAction":[{"@type":"ReadAction","target":["https:\/\/radioljubuski.ba\/index.php\/2021\/04\/29\/ugrozeno-245-000-radnih-mjesta-u-bih\/"]}]},{"@type":"ImageObject","inLanguage":"hr","@id":"https:\/\/radioljubuski.ba\/index.php\/2021\/04\/29\/ugrozeno-245-000-radnih-mjesta-u-bih\/#primaryimage","url":"https:\/\/radioljubuski.ba\/wp-content\/uploads\/2021\/04\/oR3uAy8b_posao.jpg","contentUrl":"https:\/\/radioljubuski.ba\/wp-content\/uploads\/2021\/04\/oR3uAy8b_posao.jpg","width":1000,"height":625},{"@type":"BreadcrumbList","@id":"https:\/\/radioljubuski.ba\/index.php\/2021\/04\/29\/ugrozeno-245-000-radnih-mjesta-u-bih\/#breadcrumb","itemListElement":[{"@type":"ListItem","position":1,"name":"Po\u010detna stranica","item":"https:\/\/radioljubuski.ba\/"},{"@type":"ListItem","position":2,"name":"Ugro\u017eeno 245.000 radnih mjesta u BiH"}]},{"@type":"WebSite","@id":"https:\/\/radioljubuski.ba\/#website","url":"https:\/\/radioljubuski.ba\/","name":"Radio Ljubu\u0161ki","description":"Sun\u010dana frekvencija Hercegovine","publisher":{"@id":"https:\/\/radioljubuski.ba\/#organization"},"potentialAction":[{"@type":"SearchAction","target":{"@type":"EntryPoint","urlTemplate":"https:\/\/radioljubuski.ba\/?s={search_term_string}"},"query-input":{"@type":"PropertyValueSpecification","valueRequired":true,"valueName":"search_term_string"}}],"inLanguage":"hr"},{"@type":"Organization","@id":"https:\/\/radioljubuski.ba\/#organization","name":"Radio Ljubu\u0161ki","url":"https:\/\/radioljubuski.ba\/","logo":{"@type":"ImageObject","inLanguage":"hr","@id":"https:\/\/radioljubuski.ba\/#\/schema\/logo\/image\/","url":"https:\/\/radioljubuski.ba\/wp-content\/uploads\/2021\/02\/cropped-Radio_Ljubuski_logo1.jpg","contentUrl":"https:\/\/radioljubuski.ba\/wp-content\/uploads\/2021\/02\/cropped-Radio_Ljubuski_logo1.jpg","width":512,"height":512,"caption":"Radio Ljubu\u0161ki"},"image":{"@id":"https:\/\/radioljubuski.ba\/#\/schema\/logo\/image\/"},"sameAs":["https:\/\/www.facebook.com\/Radiio-Ljubuski-1490835324566332","https:\/\/x.com\/radioljubuski","https:\/\/hr.linkedin.com\/company\/radio-ljubuski","https:\/\/www.youtube.com\/channel\/UCHYaeO_n0Db3tjNGudGpXyw"]},{"@type":"Person","@id":"https:\/\/radioljubuski.ba\/#\/schema\/person\/19fc700381a780f69665d7956c469e3b","name":"Radio Ljubu\u0161ki"}]}},"_links":{"self":[{"href":"https:\/\/radioljubuski.ba\/index.php\/wp-json\/wp\/v2\/posts\/17178","targetHints":{"allow":["GET"]}}],"collection":[{"href":"https:\/\/radioljubuski.ba\/index.php\/wp-json\/wp\/v2\/posts"}],"about":[{"href":"https:\/\/radioljubuski.ba\/index.php\/wp-json\/wp\/v2\/types\/post"}],"author":[{"embeddable":true,"href":"https:\/\/radioljubuski.ba\/index.php\/wp-json\/wp\/v2\/users\/2"}],"replies":[{"embeddable":true,"href":"https:\/\/radioljubuski.ba\/index.php\/wp-json\/wp\/v2\/comments?post=17178"}],"version-history":[{"count":1,"href":"https:\/\/radioljubuski.ba\/index.php\/wp-json\/wp\/v2\/posts\/17178\/revisions"}],"predecessor-version":[{"id":17179,"href":"https:\/\/radioljubuski.ba\/index.php\/wp-json\/wp\/v2\/posts\/17178\/revisions\/17179"}],"wp:featuredmedia":[{"embeddable":true,"href":"https:\/\/radioljubuski.ba\/index.php\/wp-json\/wp\/v2\/media\/13596"}],"wp:attachment":[{"href":"https:\/\/radioljubuski.ba\/index.php\/wp-json\/wp\/v2\/media?parent=17178"}],"wp:term":[{"taxonomy":"category","embeddable":true,"href":"https:\/\/radioljubuski.ba\/index.php\/wp-json\/wp\/v2\/categories?post=17178"},{"taxonomy":"post_tag","embeddable":true,"href":"https:\/\/radioljubuski.ba\/index.php\/wp-json\/wp\/v2\/tags?post=17178"}],"curies":[{"name":"wp","href":"https:\/\/api.w.org\/{rel}","templated":true}]}}