{"id":17201,"date":"2021-04-29T10:50:13","date_gmt":"2021-04-29T09:50:13","guid":{"rendered":"https:\/\/radioljubuski.ba\/?p=17201"},"modified":"2021-04-29T10:50:14","modified_gmt":"2021-04-29T09:50:14","slug":"biden-amerika-je-spremna-za-uzlet","status":"publish","type":"post","link":"https:\/\/radioljubuski.ba\/index.php\/2021\/04\/29\/biden-amerika-je-spremna-za-uzlet\/","title":{"rendered":"Biden: Amerika je spremna za uzlet"},"content":{"rendered":"\n<p>&#8220;SAD ponovo idu naprijed, Amerika je spremna za uzlet&#8221;, rekao je ameri\u010dki predsjednik Joe Biden u svojem prvom obra\u0107anju Kongresu gotovo 100 dana nakon \u0161to je naslijedio Donalda Trumpa na toj funkciji.<\/p>\n\n\n\n<p>Zbog pandemije Biden je dr\u017eao govor ispred male, posebno odabrane skupine od 200-tinjak demokratskih i republikanskih zastupnika. Prvi put u povijesti dvije \u017eene zauzele su svoja mjesta iza predsjednika, u polju kamera. Potpredsjednica Kamala Harris i predsjednica Zastupni\u010dkog doma Nancy Pelosi.&nbsp;<\/p>\n\n\n\n<p>&#8211; Bilo je i vrijeme, naglasio je ameri\u010dki predsjednik, uz gromoglasan pljesak, neposredno prije po\u010detka svog govora.&nbsp;<\/p>\n\n\n\n<p>Opisuju\u0107i zdavstvenu i gospodarsku krizu u zemlji kada je do\u0161ao na vlast, ali i napad na Kapitol 6. sije\u010dnja kao &#8220;najgori napad na na\u0161u demokraciju od gra\u0111anskog rata&#8221;, Biden je istaknuo kako je Amerika spremna za novi uzlet.&nbsp;<\/p>\n\n\n\n<p>&#8211; Prije stotinu dana ameri\u010dka je ku\u0107a gorjela, ali je spremna za ponovni uzlet zahvaljuju\u0107i planovima spa\u0161avanja i reformama prihva\u0107enim od tada. Nakon 100 dana mogu re\u0107i zemlji: Amerika ponovno kre\u0107e naprijed pretvaraju\u0107i opasnost u mogu\u0107nost, krizu u priliku, nazadovanje u snagu, rekao je.&nbsp;<\/p>\n\n\n\n<p>Istaknuo je da je povijesni plan oporavka od 1900 milijardi dolara ulaganje od vitalnog zna\u010daja za ameri\u010dku budu\u0107nost. Biden se predstavljao kao branitelj srednje klase, iznose\u0107i masovni plan ulaganja za stvaranje milijuna radnih mjesta za Amerikance koji se osje\u0107aju izostavljeno.&nbsp;<\/p>\n\n\n\n<p>&#8211; Znam da se neki pitaju jesu li ti poslovi za vas. Osje\u0107ate se napu\u0161teno i zaboravljeno u gospodarstvu koje se brzo mijenja, rekao je Biden dodav\u0161i kako \u0107e njegovi investicijski planovi stvoriti &#8220;milijune radnih mjesta.&nbsp;<\/p>\n\n\n\n<p>&#8211; Gotovo 90% poslova u infrastrukturi ne zahtijeva sveu\u010dili\u0161ne diplome, rekao je naglasiv\u0161i: &#8220;Nije Wall Street sagradio ovu zemlju. Srednja je klasa sagradila ovu zemlju.&#8221;&nbsp;<\/p>\n\n\n\n<p>Njegov plan uklju\u010duje milijardu dolara potro\u0161nje na obrazovanje i brigu o djeci tijekom 10 godina i 800 milijardi dolara poreznih olak\u0161ica namijenjenih obiteljima sa srednjim i niskim prihodima. Tako\u0111er, 200 milijardi dolara za besplatnu univerzalnu pred\u0161kolu 109 milijardi za besplatan fakultet&#8230;&nbsp;<\/p>\n\n\n\n<p><strong>Predla\u017ee reviziju poreznog sustava&nbsp;<\/strong><\/p>\n\n\n\n<p>Da bi ga financirao, Biden je predlo\u017eio reviziju ameri\u010dkog poreznog sustava. &#8220;Ameri\u010dki obiteljski plan&#8221; od srijede financiran je podizanjem najvi\u0161e grani\u010dne stope poreza za najbogatije Amerikance na 39,6% sa svojih sada\u0161njih 37%. Gotovo udvostru\u010duje porez na prihod od ulaganja &#8211; poznat kao kapitalna dobit &#8211; za Amerikance koji zara\u0111uju vi\u0161e od milijun dolara.&nbsp;<\/p>\n\n\n\n<p>&#8211; Vrijeme je da ameri\u010dke tvrtke i najbogatijih 1% Amerikanaca po\u010dnu po\u0161teno pla\u0107ati svoj udio, rekao je.&nbsp;<\/p>\n\n\n\n<p><strong>\u017deli da SAD postane najzna\u010dajnija nacija na svijetu&nbsp;<\/strong><\/p>\n\n\n\n<p>Biden je u govoru, koji je bio usredoto\u010den na doma\u0107u politiku, vi\u0161e pozornosti posvetio Kini nego bilo kojem drugom pitanju vanjske politike. Dodao je kako su planovi potro\u0161nje potrebni da bi se i\u0161lo ukorak s Kinom, koju njegova administracija smatra velikim strate\u0161kim izazovom.&nbsp;<\/p>\n\n\n\n<p>Rekao je da je proveo mnogo vremena u razgovoru s kineskim predsjednikom <strong>Xi Jinpingom.<\/strong>&nbsp;<\/p>\n\n\n\n<p>Smrtno je ozbiljan u planu da postanu najzna\u010dajnija nacija na svijetu. On i drugi, autokrati, misle da se demokracija u 21. stolje\u0107u ne mo\u017ee natjecati s autokracijama jer predugo traje postizanje konsenzusa &#8220;, rekao je dodav\u0161i kako SAD mo\u017ee razvijati i dominirati proizvodima i tehnologijama budu\u0107nosti.&nbsp;<\/p>\n\n\n\n<p>&#8211; Amerika \u0107e se suprotstaviti nelojalnoj trgovinskoj praksi koja podriva ameri\u010dke radnike i ameri\u010dku industriju, poput subvencija dr\u017eavnim poduze\u0107ima i kra\u0111e ameri\u010dke tehnologije i intelektualnog vlasni\u0161tva, rekao je Biden.&nbsp;<\/p>\n\n\n\n<p>Biden se tako\u0111er obratio i Rusiji. Kazao je da je jasno rekao predsjedniku <strong>Vladimiru Putinu <\/strong>da \u0107e mije\u0161anje Moskve u ameri\u010dke izbore i cyber napadi na vladu i tvrtke imati posljedice, ali Washington ne tra\u017ei eskalaciju.&nbsp;<\/p>\n\n\n\n<p>S govornice je demokratski predsjednik pohvalio i &#8220;izvanredan napredak&#8221; postignut u Sjedinjenim Dr\u017eavama posljednjih mjeseci u odnosu na COVID-19, posebno ubrzanje stope cijepljenja.&nbsp;<\/p>\n\n\n\n<p>Vi\u0161e od 96 milijuna ljudi ili gotovo 30% populacije smatra se potpuno cijepljenima.&nbsp;<\/p>\n\n\n\n<p>Vra\u0107aju\u0107i se na jo\u0161 jednu vru\u0107u temu dru\u0161tva, predsjednik je pozvao Senat da u svibnju usvoji golem projekt policijske reforme, u povodu godi\u0161njice smrti Afroamerikanca <strong>Georgea Floyda.<\/strong><\/p>\n\n\n\n<p>Izvor:hrt.hr<\/p>\n","protected":false},"excerpt":{"rendered":"<p>&#8220;SAD ponovo idu naprijed, Amerika je spremna za uzlet&#8221;, rekao je ameri\u010dki predsjednik Joe Biden u svojem prvom obra\u0107anju Kongresu gotovo 100 dana nakon \u0161to je naslijedio Donalda Trumpa na toj funkciji. Zbog pandemije Biden je dr\u017eao govor ispred male, posebno odabrane skupine od 200-tinjak demokratskih i republikanskih zastupnika. Prvi put u povijesti dvije \u017eene [&hellip;]<\/p>\n","protected":false},"author":2,"featured_media":17202,"comment_status":"closed","ping_status":"closed","sticky":false,"template":"","format":"standard","meta":{"h5ap_radio_sources":[],"footnotes":""},"categories":[1],"tags":[],"class_list":["post-17201","post","type-post","status-publish","format-standard","has-post-thumbnail","hentry","category-bihiregija"],"yoast_head":"<!-- This site is optimized with the Yoast SEO plugin v27.4 - https:\/\/yoast.com\/product\/yoast-seo-wordpress\/ -->\n<title>Biden: Amerika je spremna za uzlet - RADIO LJUBU\u0160KI<\/title>\n<meta name=\"robots\" content=\"index, follow, max-snippet:-1, max-image-preview:large, max-video-preview:-1\" \/>\n<link rel=\"canonical\" href=\"https:\/\/radioljubuski.ba\/index.php\/2021\/04\/29\/biden-amerika-je-spremna-za-uzlet\/\" \/>\n<meta property=\"og:locale\" content=\"hr_HR\" \/>\n<meta property=\"og:type\" content=\"article\" \/>\n<meta property=\"og:title\" content=\"Biden: Amerika je spremna za uzlet - RADIO LJUBU\u0160KI\" \/>\n<meta property=\"og:description\" content=\"&#8220;SAD ponovo idu naprijed, Amerika je spremna za uzlet&#8221;, rekao je ameri\u010dki predsjednik Joe Biden u svojem prvom obra\u0107anju Kongresu gotovo 100 dana nakon \u0161to je naslijedio Donalda Trumpa na toj funkciji. Zbog pandemije Biden je dr\u017eao govor ispred male, posebno odabrane skupine od 200-tinjak demokratskih i republikanskih zastupnika. Prvi put u povijesti dvije \u017eene [&hellip;]\" \/>\n<meta property=\"og:url\" content=\"https:\/\/radioljubuski.ba\/index.php\/2021\/04\/29\/biden-amerika-je-spremna-za-uzlet\/\" \/>\n<meta property=\"og:site_name\" content=\"RADIO LJUBU\u0160KI\" \/>\n<meta property=\"article:publisher\" content=\"https:\/\/www.facebook.com\/Radiio-Ljubuski-1490835324566332\" \/>\n<meta property=\"article:published_time\" content=\"2021-04-29T09:50:13+00:00\" \/>\n<meta property=\"article:modified_time\" content=\"2021-04-29T09:50:14+00:00\" \/>\n<meta property=\"og:image\" content=\"https:\/\/radioljubuski.ba\/wp-content\/uploads\/2021\/04\/22f1f66742ebae2f98a2.jpeg\" \/>\n\t<meta property=\"og:image:width\" content=\"612\" \/>\n\t<meta property=\"og:image:height\" content=\"408\" \/>\n\t<meta property=\"og:image:type\" content=\"image\/jpeg\" \/>\n<meta name=\"author\" content=\"Radio Ljubu\u0161ki\" \/>\n<meta name=\"twitter:card\" content=\"summary_large_image\" \/>\n<meta name=\"twitter:creator\" content=\"@radioljubuski\" \/>\n<meta name=\"twitter:site\" content=\"@radioljubuski\" \/>\n<meta name=\"twitter:label1\" content=\"Napisao\/la\" \/>\n\t<meta name=\"twitter:data1\" content=\"Radio Ljubu\u0161ki\" \/>\n\t<meta name=\"twitter:label2\" content=\"Procijenjeno vrijeme \u010ditanja\" \/>\n\t<meta name=\"twitter:data2\" content=\"3 minute\" \/>\n<script type=\"application\/ld+json\" class=\"yoast-schema-graph\">{\"@context\":\"https:\\\/\\\/schema.org\",\"@graph\":[{\"@type\":\"Article\",\"@id\":\"https:\\\/\\\/radioljubuski.ba\\\/index.php\\\/2021\\\/04\\\/29\\\/biden-amerika-je-spremna-za-uzlet\\\/#article\",\"isPartOf\":{\"@id\":\"https:\\\/\\\/radioljubuski.ba\\\/index.php\\\/2021\\\/04\\\/29\\\/biden-amerika-je-spremna-za-uzlet\\\/\"},\"author\":{\"name\":\"Radio Ljubu\u0161ki\",\"@id\":\"https:\\\/\\\/radioljubuski.ba\\\/#\\\/schema\\\/person\\\/19fc700381a780f69665d7956c469e3b\"},\"headline\":\"Biden: Amerika je spremna za uzlet\",\"datePublished\":\"2021-04-29T09:50:13+00:00\",\"dateModified\":\"2021-04-29T09:50:14+00:00\",\"mainEntityOfPage\":{\"@id\":\"https:\\\/\\\/radioljubuski.ba\\\/index.php\\\/2021\\\/04\\\/29\\\/biden-amerika-je-spremna-za-uzlet\\\/\"},\"wordCount\":720,\"publisher\":{\"@id\":\"https:\\\/\\\/radioljubuski.ba\\\/#organization\"},\"image\":{\"@id\":\"https:\\\/\\\/radioljubuski.ba\\\/index.php\\\/2021\\\/04\\\/29\\\/biden-amerika-je-spremna-za-uzlet\\\/#primaryimage\"},\"thumbnailUrl\":\"https:\\\/\\\/radioljubuski.ba\\\/wp-content\\\/uploads\\\/2021\\\/04\\\/22f1f66742ebae2f98a2.jpeg\",\"articleSection\":[\"BIH i regija\"],\"inLanguage\":\"hr\"},{\"@type\":\"WebPage\",\"@id\":\"https:\\\/\\\/radioljubuski.ba\\\/index.php\\\/2021\\\/04\\\/29\\\/biden-amerika-je-spremna-za-uzlet\\\/\",\"url\":\"https:\\\/\\\/radioljubuski.ba\\\/index.php\\\/2021\\\/04\\\/29\\\/biden-amerika-je-spremna-za-uzlet\\\/\",\"name\":\"Biden: Amerika je spremna za uzlet - RADIO LJUBU\u0160KI\",\"isPartOf\":{\"@id\":\"https:\\\/\\\/radioljubuski.ba\\\/#website\"},\"primaryImageOfPage\":{\"@id\":\"https:\\\/\\\/radioljubuski.ba\\\/index.php\\\/2021\\\/04\\\/29\\\/biden-amerika-je-spremna-za-uzlet\\\/#primaryimage\"},\"image\":{\"@id\":\"https:\\\/\\\/radioljubuski.ba\\\/index.php\\\/2021\\\/04\\\/29\\\/biden-amerika-je-spremna-za-uzlet\\\/#primaryimage\"},\"thumbnailUrl\":\"https:\\\/\\\/radioljubuski.ba\\\/wp-content\\\/uploads\\\/2021\\\/04\\\/22f1f66742ebae2f98a2.jpeg\",\"datePublished\":\"2021-04-29T09:50:13+00:00\",\"dateModified\":\"2021-04-29T09:50:14+00:00\",\"breadcrumb\":{\"@id\":\"https:\\\/\\\/radioljubuski.ba\\\/index.php\\\/2021\\\/04\\\/29\\\/biden-amerika-je-spremna-za-uzlet\\\/#breadcrumb\"},\"inLanguage\":\"hr\",\"potentialAction\":[{\"@type\":\"ReadAction\",\"target\":[\"https:\\\/\\\/radioljubuski.ba\\\/index.php\\\/2021\\\/04\\\/29\\\/biden-amerika-je-spremna-za-uzlet\\\/\"]}]},{\"@type\":\"ImageObject\",\"inLanguage\":\"hr\",\"@id\":\"https:\\\/\\\/radioljubuski.ba\\\/index.php\\\/2021\\\/04\\\/29\\\/biden-amerika-je-spremna-za-uzlet\\\/#primaryimage\",\"url\":\"https:\\\/\\\/radioljubuski.ba\\\/wp-content\\\/uploads\\\/2021\\\/04\\\/22f1f66742ebae2f98a2.jpeg\",\"contentUrl\":\"https:\\\/\\\/radioljubuski.ba\\\/wp-content\\\/uploads\\\/2021\\\/04\\\/22f1f66742ebae2f98a2.jpeg\",\"width\":612,\"height\":408},{\"@type\":\"BreadcrumbList\",\"@id\":\"https:\\\/\\\/radioljubuski.ba\\\/index.php\\\/2021\\\/04\\\/29\\\/biden-amerika-je-spremna-za-uzlet\\\/#breadcrumb\",\"itemListElement\":[{\"@type\":\"ListItem\",\"position\":1,\"name\":\"Po\u010detna stranica\",\"item\":\"https:\\\/\\\/radioljubuski.ba\\\/\"},{\"@type\":\"ListItem\",\"position\":2,\"name\":\"Biden: Amerika je spremna za uzlet\"}]},{\"@type\":\"WebSite\",\"@id\":\"https:\\\/\\\/radioljubuski.ba\\\/#website\",\"url\":\"https:\\\/\\\/radioljubuski.ba\\\/\",\"name\":\"Radio Ljubu\u0161ki\",\"description\":\"Sun\u010dana frekvencija Hercegovine\",\"publisher\":{\"@id\":\"https:\\\/\\\/radioljubuski.ba\\\/#organization\"},\"potentialAction\":[{\"@type\":\"SearchAction\",\"target\":{\"@type\":\"EntryPoint\",\"urlTemplate\":\"https:\\\/\\\/radioljubuski.ba\\\/?s={search_term_string}\"},\"query-input\":{\"@type\":\"PropertyValueSpecification\",\"valueRequired\":true,\"valueName\":\"search_term_string\"}}],\"inLanguage\":\"hr\"},{\"@type\":\"Organization\",\"@id\":\"https:\\\/\\\/radioljubuski.ba\\\/#organization\",\"name\":\"Radio Ljubu\u0161ki\",\"url\":\"https:\\\/\\\/radioljubuski.ba\\\/\",\"logo\":{\"@type\":\"ImageObject\",\"inLanguage\":\"hr\",\"@id\":\"https:\\\/\\\/radioljubuski.ba\\\/#\\\/schema\\\/logo\\\/image\\\/\",\"url\":\"https:\\\/\\\/radioljubuski.ba\\\/wp-content\\\/uploads\\\/2021\\\/02\\\/cropped-Radio_Ljubuski_logo1.jpg\",\"contentUrl\":\"https:\\\/\\\/radioljubuski.ba\\\/wp-content\\\/uploads\\\/2021\\\/02\\\/cropped-Radio_Ljubuski_logo1.jpg\",\"width\":512,\"height\":512,\"caption\":\"Radio Ljubu\u0161ki\"},\"image\":{\"@id\":\"https:\\\/\\\/radioljubuski.ba\\\/#\\\/schema\\\/logo\\\/image\\\/\"},\"sameAs\":[\"https:\\\/\\\/www.facebook.com\\\/Radiio-Ljubuski-1490835324566332\",\"https:\\\/\\\/x.com\\\/radioljubuski\",\"https:\\\/\\\/hr.linkedin.com\\\/company\\\/radio-ljubuski\",\"https:\\\/\\\/www.youtube.com\\\/channel\\\/UCHYaeO_n0Db3tjNGudGpXyw\"]},{\"@type\":\"Person\",\"@id\":\"https:\\\/\\\/radioljubuski.ba\\\/#\\\/schema\\\/person\\\/19fc700381a780f69665d7956c469e3b\",\"name\":\"Radio Ljubu\u0161ki\"}]}<\/script>\n<!-- \/ Yoast SEO plugin. -->","yoast_head_json":{"title":"Biden: Amerika je spremna za uzlet - RADIO LJUBU\u0160KI","robots":{"index":"index","follow":"follow","max-snippet":"max-snippet:-1","max-image-preview":"max-image-preview:large","max-video-preview":"max-video-preview:-1"},"canonical":"https:\/\/radioljubuski.ba\/index.php\/2021\/04\/29\/biden-amerika-je-spremna-za-uzlet\/","og_locale":"hr_HR","og_type":"article","og_title":"Biden: Amerika je spremna za uzlet - RADIO LJUBU\u0160KI","og_description":"&#8220;SAD ponovo idu naprijed, Amerika je spremna za uzlet&#8221;, rekao je ameri\u010dki predsjednik Joe Biden u svojem prvom obra\u0107anju Kongresu gotovo 100 dana nakon \u0161to je naslijedio Donalda Trumpa na toj funkciji. Zbog pandemije Biden je dr\u017eao govor ispred male, posebno odabrane skupine od 200-tinjak demokratskih i republikanskih zastupnika. Prvi put u povijesti dvije \u017eene [&hellip;]","og_url":"https:\/\/radioljubuski.ba\/index.php\/2021\/04\/29\/biden-amerika-je-spremna-za-uzlet\/","og_site_name":"RADIO LJUBU\u0160KI","article_publisher":"https:\/\/www.facebook.com\/Radiio-Ljubuski-1490835324566332","article_published_time":"2021-04-29T09:50:13+00:00","article_modified_time":"2021-04-29T09:50:14+00:00","og_image":[{"width":612,"height":408,"url":"https:\/\/radioljubuski.ba\/wp-content\/uploads\/2021\/04\/22f1f66742ebae2f98a2.jpeg","type":"image\/jpeg"}],"author":"Radio Ljubu\u0161ki","twitter_card":"summary_large_image","twitter_creator":"@radioljubuski","twitter_site":"@radioljubuski","twitter_misc":{"Napisao\/la":"Radio Ljubu\u0161ki","Procijenjeno vrijeme \u010ditanja":"3 minute"},"schema":{"@context":"https:\/\/schema.org","@graph":[{"@type":"Article","@id":"https:\/\/radioljubuski.ba\/index.php\/2021\/04\/29\/biden-amerika-je-spremna-za-uzlet\/#article","isPartOf":{"@id":"https:\/\/radioljubuski.ba\/index.php\/2021\/04\/29\/biden-amerika-je-spremna-za-uzlet\/"},"author":{"name":"Radio Ljubu\u0161ki","@id":"https:\/\/radioljubuski.ba\/#\/schema\/person\/19fc700381a780f69665d7956c469e3b"},"headline":"Biden: Amerika je spremna za uzlet","datePublished":"2021-04-29T09:50:13+00:00","dateModified":"2021-04-29T09:50:14+00:00","mainEntityOfPage":{"@id":"https:\/\/radioljubuski.ba\/index.php\/2021\/04\/29\/biden-amerika-je-spremna-za-uzlet\/"},"wordCount":720,"publisher":{"@id":"https:\/\/radioljubuski.ba\/#organization"},"image":{"@id":"https:\/\/radioljubuski.ba\/index.php\/2021\/04\/29\/biden-amerika-je-spremna-za-uzlet\/#primaryimage"},"thumbnailUrl":"https:\/\/radioljubuski.ba\/wp-content\/uploads\/2021\/04\/22f1f66742ebae2f98a2.jpeg","articleSection":["BIH i regija"],"inLanguage":"hr"},{"@type":"WebPage","@id":"https:\/\/radioljubuski.ba\/index.php\/2021\/04\/29\/biden-amerika-je-spremna-za-uzlet\/","url":"https:\/\/radioljubuski.ba\/index.php\/2021\/04\/29\/biden-amerika-je-spremna-za-uzlet\/","name":"Biden: Amerika je spremna za uzlet - RADIO LJUBU\u0160KI","isPartOf":{"@id":"https:\/\/radioljubuski.ba\/#website"},"primaryImageOfPage":{"@id":"https:\/\/radioljubuski.ba\/index.php\/2021\/04\/29\/biden-amerika-je-spremna-za-uzlet\/#primaryimage"},"image":{"@id":"https:\/\/radioljubuski.ba\/index.php\/2021\/04\/29\/biden-amerika-je-spremna-za-uzlet\/#primaryimage"},"thumbnailUrl":"https:\/\/radioljubuski.ba\/wp-content\/uploads\/2021\/04\/22f1f66742ebae2f98a2.jpeg","datePublished":"2021-04-29T09:50:13+00:00","dateModified":"2021-04-29T09:50:14+00:00","breadcrumb":{"@id":"https:\/\/radioljubuski.ba\/index.php\/2021\/04\/29\/biden-amerika-je-spremna-za-uzlet\/#breadcrumb"},"inLanguage":"hr","potentialAction":[{"@type":"ReadAction","target":["https:\/\/radioljubuski.ba\/index.php\/2021\/04\/29\/biden-amerika-je-spremna-za-uzlet\/"]}]},{"@type":"ImageObject","inLanguage":"hr","@id":"https:\/\/radioljubuski.ba\/index.php\/2021\/04\/29\/biden-amerika-je-spremna-za-uzlet\/#primaryimage","url":"https:\/\/radioljubuski.ba\/wp-content\/uploads\/2021\/04\/22f1f66742ebae2f98a2.jpeg","contentUrl":"https:\/\/radioljubuski.ba\/wp-content\/uploads\/2021\/04\/22f1f66742ebae2f98a2.jpeg","width":612,"height":408},{"@type":"BreadcrumbList","@id":"https:\/\/radioljubuski.ba\/index.php\/2021\/04\/29\/biden-amerika-je-spremna-za-uzlet\/#breadcrumb","itemListElement":[{"@type":"ListItem","position":1,"name":"Po\u010detna stranica","item":"https:\/\/radioljubuski.ba\/"},{"@type":"ListItem","position":2,"name":"Biden: Amerika je spremna za uzlet"}]},{"@type":"WebSite","@id":"https:\/\/radioljubuski.ba\/#website","url":"https:\/\/radioljubuski.ba\/","name":"Radio Ljubu\u0161ki","description":"Sun\u010dana frekvencija Hercegovine","publisher":{"@id":"https:\/\/radioljubuski.ba\/#organization"},"potentialAction":[{"@type":"SearchAction","target":{"@type":"EntryPoint","urlTemplate":"https:\/\/radioljubuski.ba\/?s={search_term_string}"},"query-input":{"@type":"PropertyValueSpecification","valueRequired":true,"valueName":"search_term_string"}}],"inLanguage":"hr"},{"@type":"Organization","@id":"https:\/\/radioljubuski.ba\/#organization","name":"Radio Ljubu\u0161ki","url":"https:\/\/radioljubuski.ba\/","logo":{"@type":"ImageObject","inLanguage":"hr","@id":"https:\/\/radioljubuski.ba\/#\/schema\/logo\/image\/","url":"https:\/\/radioljubuski.ba\/wp-content\/uploads\/2021\/02\/cropped-Radio_Ljubuski_logo1.jpg","contentUrl":"https:\/\/radioljubuski.ba\/wp-content\/uploads\/2021\/02\/cropped-Radio_Ljubuski_logo1.jpg","width":512,"height":512,"caption":"Radio Ljubu\u0161ki"},"image":{"@id":"https:\/\/radioljubuski.ba\/#\/schema\/logo\/image\/"},"sameAs":["https:\/\/www.facebook.com\/Radiio-Ljubuski-1490835324566332","https:\/\/x.com\/radioljubuski","https:\/\/hr.linkedin.com\/company\/radio-ljubuski","https:\/\/www.youtube.com\/channel\/UCHYaeO_n0Db3tjNGudGpXyw"]},{"@type":"Person","@id":"https:\/\/radioljubuski.ba\/#\/schema\/person\/19fc700381a780f69665d7956c469e3b","name":"Radio Ljubu\u0161ki"}]}},"_links":{"self":[{"href":"https:\/\/radioljubuski.ba\/index.php\/wp-json\/wp\/v2\/posts\/17201","targetHints":{"allow":["GET"]}}],"collection":[{"href":"https:\/\/radioljubuski.ba\/index.php\/wp-json\/wp\/v2\/posts"}],"about":[{"href":"https:\/\/radioljubuski.ba\/index.php\/wp-json\/wp\/v2\/types\/post"}],"author":[{"embeddable":true,"href":"https:\/\/radioljubuski.ba\/index.php\/wp-json\/wp\/v2\/users\/2"}],"replies":[{"embeddable":true,"href":"https:\/\/radioljubuski.ba\/index.php\/wp-json\/wp\/v2\/comments?post=17201"}],"version-history":[{"count":1,"href":"https:\/\/radioljubuski.ba\/index.php\/wp-json\/wp\/v2\/posts\/17201\/revisions"}],"predecessor-version":[{"id":17203,"href":"https:\/\/radioljubuski.ba\/index.php\/wp-json\/wp\/v2\/posts\/17201\/revisions\/17203"}],"wp:featuredmedia":[{"embeddable":true,"href":"https:\/\/radioljubuski.ba\/index.php\/wp-json\/wp\/v2\/media\/17202"}],"wp:attachment":[{"href":"https:\/\/radioljubuski.ba\/index.php\/wp-json\/wp\/v2\/media?parent=17201"}],"wp:term":[{"taxonomy":"category","embeddable":true,"href":"https:\/\/radioljubuski.ba\/index.php\/wp-json\/wp\/v2\/categories?post=17201"},{"taxonomy":"post_tag","embeddable":true,"href":"https:\/\/radioljubuski.ba\/index.php\/wp-json\/wp\/v2\/tags?post=17201"}],"curies":[{"name":"wp","href":"https:\/\/api.w.org\/{rel}","templated":true}]}}