{"id":17207,"date":"2021-04-29T10:54:36","date_gmt":"2021-04-29T09:54:36","guid":{"rendered":"https:\/\/radioljubuski.ba\/?p=17207"},"modified":"2021-04-29T10:54:37","modified_gmt":"2021-04-29T09:54:37","slug":"indija-broj-zarazenih-koronavirusom-premasio-18-milijuna","status":"publish","type":"post","link":"https:\/\/radioljubuski.ba\/index.php\/2021\/04\/29\/indija-broj-zarazenih-koronavirusom-premasio-18-milijuna\/","title":{"rendered":"Indija: Broj zara\u017eenih koronavirusom prema\u0161io 18 milijuna"},"content":{"rendered":"\n<p>Sveukupni broj slu\u010dajeva zara\u017eenih covidom-19 prema\u0161io je u \u010detvrtak 18 milijuna, nakon jo\u0161 jednog dana s rekordnim brojem novozara\u017eenih i umrlih, no vlada odbacuje izvje\u0161\u0107a o problemima s provo\u0111enjem cijepljenja.<\/p>\n\n\n\n<p>Indija je danas zabilje\u017eila 379.257 novih slu\u010dajeva covida-19 i 3645 umrlih, objavilo je ministarstvo zdravstva. Najsmrtonosniji je to dan do sada zabilje\u017een u nekoj zemlji pogo\u0111enoj pandemijom virusa SARS-CoV-2.<br><br>Stru\u010dnjaci tvrde da bi Indija morala cijepiti \u0161to ve\u0107i broj svog golemog stanovni\u0161tva ako \u017eeli zauzdati drugi val pandemije te se od srijede svi stariji od 18 godina mogu predbilje\u017eiti za cijepljenje, kako bi od subote ve\u0107 mogli primiti prvu dozu cjepiva.<br><br>No Indija, kao jedan od najve\u0107ih proizvo\u0111a\u010da cjepiva u svijetu, nema zaliha za oko 600 milijuna ljudi koji po spomenutom kriteriju na to imaju pravo.<br><br>Brojni ljudi se na dru\u0161tvenim mre\u017eama \u017eale da sustav ne radi, da se zbog pada mre\u017ee ne mogu registrirati, no vlada uzvra\u0107a da &#8220;statistike pokazuju da sustav&#8230; radi bez ikakvih smetnji&#8221;.<br><br>Vlada je objavila da se do sada registriralo osam milijuna ljudi, ali se ne zna koliko je od njih dobilo termin za cijepljenje.<br><br>Od po\u010detka kampanje cijepljenja, oko devet posto stanovnika Indije je primilo prvu dozu cjepiva, a me\u0111u prvima su bili stariji i zdravstveni djelatnici.<br><br>Drugi val pandemije napunio je bolnice i krematorije te su u pomo\u0107 prisko\u010dile prijateljske zemlje \u0161alju\u0107i medicinsku opremu.<br><br>Iz Rusije su danas u New Delhi stigla dva zrakoplova s 20 koncentratora kisika, 75 respiratora, 150 monitora i 22 metri\u010dke tone lijekova.<br><br>U Indiju 1. svibnja sti\u017eu i prve po\u0161iljke ruskog cjepiva Sputnjik V. Ruski suvereni zdravstveni fond (RDIF) je s pet vode\u0107ih indijskih tvrtki potpisao ugovore za vi\u0161e od 850 milijuna doza cjepiva godi\u0161nje.<br><br>SAD \u0107e u Indiju poslati pomo\u0107 pomo\u0107 u iznosu od 100 milijuna dolara, uklju\u010duju\u0107i vi\u0161e od 1000 boca s kisikom, jedinice za proizvodnju kisika, 15 milijuna maski N95, milijun brzih dijagnosti\u010dkih testova, te niz druge opreme potrebne indijskim bolnicama.<br><br>SAD \u0107e tako\u0111er u Indiju preusmjeriti vlastite narud\u017ebe cjepiva AstraZenece.<br><br>Pomo\u0107 Indiji najavili su i Europska unija, Velika Britanija i Njema\u010dka.<br><br>Svjetska zdravstvena organizacija (WHO) je u svom tjednom izvje\u0161\u0107u navela da je od 5,7 milijuna novozara\u017eenih u svijetu pro\u0161li tjedan, 38 posto njih zabilje\u017eeno u Indiji.<\/p>\n\n\n\n<p>Izvor:hrt.hr<\/p>\n","protected":false},"excerpt":{"rendered":"<p>Sveukupni broj slu\u010dajeva zara\u017eenih covidom-19 prema\u0161io je u \u010detvrtak 18 milijuna, nakon jo\u0161 jednog dana s rekordnim brojem novozara\u017eenih i umrlih, no vlada odbacuje izvje\u0161\u0107a o problemima s provo\u0111enjem cijepljenja. Indija je danas zabilje\u017eila 379.257 novih slu\u010dajeva covida-19 i 3645 umrlih, objavilo je ministarstvo zdravstva. Najsmrtonosniji je to dan do sada zabilje\u017een u nekoj zemlji [&hellip;]<\/p>\n","protected":false},"author":2,"featured_media":17208,"comment_status":"closed","ping_status":"closed","sticky":false,"template":"","format":"standard","meta":{"h5ap_radio_sources":[],"footnotes":""},"categories":[1],"tags":[],"class_list":["post-17207","post","type-post","status-publish","format-standard","has-post-thumbnail","hentry","category-bihiregija"],"yoast_head":"<!-- This site is optimized with the Yoast SEO plugin v27.4 - https:\/\/yoast.com\/product\/yoast-seo-wordpress\/ -->\n<title>Indija: Broj zara\u017eenih koronavirusom prema\u0161io 18 milijuna - RADIO LJUBU\u0160KI<\/title>\n<meta name=\"robots\" content=\"index, follow, max-snippet:-1, max-image-preview:large, max-video-preview:-1\" \/>\n<link rel=\"canonical\" href=\"https:\/\/radioljubuski.ba\/index.php\/2021\/04\/29\/indija-broj-zarazenih-koronavirusom-premasio-18-milijuna\/\" \/>\n<meta property=\"og:locale\" content=\"hr_HR\" \/>\n<meta property=\"og:type\" content=\"article\" \/>\n<meta property=\"og:title\" content=\"Indija: Broj zara\u017eenih koronavirusom prema\u0161io 18 milijuna - RADIO LJUBU\u0160KI\" \/>\n<meta property=\"og:description\" content=\"Sveukupni broj slu\u010dajeva zara\u017eenih covidom-19 prema\u0161io je u \u010detvrtak 18 milijuna, nakon jo\u0161 jednog dana s rekordnim brojem novozara\u017eenih i umrlih, no vlada odbacuje izvje\u0161\u0107a o problemima s provo\u0111enjem cijepljenja. Indija je danas zabilje\u017eila 379.257 novih slu\u010dajeva covida-19 i 3645 umrlih, objavilo je ministarstvo zdravstva. Najsmrtonosniji je to dan do sada zabilje\u017een u nekoj zemlji [&hellip;]\" \/>\n<meta property=\"og:url\" content=\"https:\/\/radioljubuski.ba\/index.php\/2021\/04\/29\/indija-broj-zarazenih-koronavirusom-premasio-18-milijuna\/\" \/>\n<meta property=\"og:site_name\" content=\"RADIO LJUBU\u0160KI\" \/>\n<meta property=\"article:publisher\" content=\"https:\/\/www.facebook.com\/Radiio-Ljubuski-1490835324566332\" \/>\n<meta property=\"article:published_time\" content=\"2021-04-29T09:54:36+00:00\" \/>\n<meta property=\"article:modified_time\" content=\"2021-04-29T09:54:37+00:00\" \/>\n<meta property=\"og:image\" content=\"https:\/\/radioljubuski.ba\/wp-content\/uploads\/2021\/04\/indeksiraj2-2.jpg\" \/>\n\t<meta property=\"og:image:width\" content=\"270\" \/>\n\t<meta property=\"og:image:height\" content=\"187\" \/>\n\t<meta property=\"og:image:type\" content=\"image\/jpeg\" \/>\n<meta name=\"author\" content=\"Radio Ljubu\u0161ki\" \/>\n<meta name=\"twitter:card\" content=\"summary_large_image\" \/>\n<meta name=\"twitter:creator\" content=\"@radioljubuski\" \/>\n<meta name=\"twitter:site\" content=\"@radioljubuski\" \/>\n<meta name=\"twitter:label1\" content=\"Napisao\/la\" \/>\n\t<meta name=\"twitter:data1\" content=\"Radio Ljubu\u0161ki\" \/>\n\t<meta name=\"twitter:label2\" content=\"Procijenjeno vrijeme \u010ditanja\" \/>\n\t<meta name=\"twitter:data2\" content=\"2 minute\" \/>\n<script type=\"application\/ld+json\" class=\"yoast-schema-graph\">{\"@context\":\"https:\\\/\\\/schema.org\",\"@graph\":[{\"@type\":\"Article\",\"@id\":\"https:\\\/\\\/radioljubuski.ba\\\/index.php\\\/2021\\\/04\\\/29\\\/indija-broj-zarazenih-koronavirusom-premasio-18-milijuna\\\/#article\",\"isPartOf\":{\"@id\":\"https:\\\/\\\/radioljubuski.ba\\\/index.php\\\/2021\\\/04\\\/29\\\/indija-broj-zarazenih-koronavirusom-premasio-18-milijuna\\\/\"},\"author\":{\"name\":\"Radio Ljubu\u0161ki\",\"@id\":\"https:\\\/\\\/radioljubuski.ba\\\/#\\\/schema\\\/person\\\/19fc700381a780f69665d7956c469e3b\"},\"headline\":\"Indija: Broj zara\u017eenih koronavirusom prema\u0161io 18 milijuna\",\"datePublished\":\"2021-04-29T09:54:36+00:00\",\"dateModified\":\"2021-04-29T09:54:37+00:00\",\"mainEntityOfPage\":{\"@id\":\"https:\\\/\\\/radioljubuski.ba\\\/index.php\\\/2021\\\/04\\\/29\\\/indija-broj-zarazenih-koronavirusom-premasio-18-milijuna\\\/\"},\"wordCount\":400,\"publisher\":{\"@id\":\"https:\\\/\\\/radioljubuski.ba\\\/#organization\"},\"image\":{\"@id\":\"https:\\\/\\\/radioljubuski.ba\\\/index.php\\\/2021\\\/04\\\/29\\\/indija-broj-zarazenih-koronavirusom-premasio-18-milijuna\\\/#primaryimage\"},\"thumbnailUrl\":\"https:\\\/\\\/radioljubuski.ba\\\/wp-content\\\/uploads\\\/2021\\\/04\\\/indeksiraj2-2.jpg\",\"articleSection\":[\"BIH i regija\"],\"inLanguage\":\"hr\"},{\"@type\":\"WebPage\",\"@id\":\"https:\\\/\\\/radioljubuski.ba\\\/index.php\\\/2021\\\/04\\\/29\\\/indija-broj-zarazenih-koronavirusom-premasio-18-milijuna\\\/\",\"url\":\"https:\\\/\\\/radioljubuski.ba\\\/index.php\\\/2021\\\/04\\\/29\\\/indija-broj-zarazenih-koronavirusom-premasio-18-milijuna\\\/\",\"name\":\"Indija: Broj zara\u017eenih koronavirusom prema\u0161io 18 milijuna - RADIO LJUBU\u0160KI\",\"isPartOf\":{\"@id\":\"https:\\\/\\\/radioljubuski.ba\\\/#website\"},\"primaryImageOfPage\":{\"@id\":\"https:\\\/\\\/radioljubuski.ba\\\/index.php\\\/2021\\\/04\\\/29\\\/indija-broj-zarazenih-koronavirusom-premasio-18-milijuna\\\/#primaryimage\"},\"image\":{\"@id\":\"https:\\\/\\\/radioljubuski.ba\\\/index.php\\\/2021\\\/04\\\/29\\\/indija-broj-zarazenih-koronavirusom-premasio-18-milijuna\\\/#primaryimage\"},\"thumbnailUrl\":\"https:\\\/\\\/radioljubuski.ba\\\/wp-content\\\/uploads\\\/2021\\\/04\\\/indeksiraj2-2.jpg\",\"datePublished\":\"2021-04-29T09:54:36+00:00\",\"dateModified\":\"2021-04-29T09:54:37+00:00\",\"breadcrumb\":{\"@id\":\"https:\\\/\\\/radioljubuski.ba\\\/index.php\\\/2021\\\/04\\\/29\\\/indija-broj-zarazenih-koronavirusom-premasio-18-milijuna\\\/#breadcrumb\"},\"inLanguage\":\"hr\",\"potentialAction\":[{\"@type\":\"ReadAction\",\"target\":[\"https:\\\/\\\/radioljubuski.ba\\\/index.php\\\/2021\\\/04\\\/29\\\/indija-broj-zarazenih-koronavirusom-premasio-18-milijuna\\\/\"]}]},{\"@type\":\"ImageObject\",\"inLanguage\":\"hr\",\"@id\":\"https:\\\/\\\/radioljubuski.ba\\\/index.php\\\/2021\\\/04\\\/29\\\/indija-broj-zarazenih-koronavirusom-premasio-18-milijuna\\\/#primaryimage\",\"url\":\"https:\\\/\\\/radioljubuski.ba\\\/wp-content\\\/uploads\\\/2021\\\/04\\\/indeksiraj2-2.jpg\",\"contentUrl\":\"https:\\\/\\\/radioljubuski.ba\\\/wp-content\\\/uploads\\\/2021\\\/04\\\/indeksiraj2-2.jpg\",\"width\":270,\"height\":187},{\"@type\":\"BreadcrumbList\",\"@id\":\"https:\\\/\\\/radioljubuski.ba\\\/index.php\\\/2021\\\/04\\\/29\\\/indija-broj-zarazenih-koronavirusom-premasio-18-milijuna\\\/#breadcrumb\",\"itemListElement\":[{\"@type\":\"ListItem\",\"position\":1,\"name\":\"Po\u010detna stranica\",\"item\":\"https:\\\/\\\/radioljubuski.ba\\\/\"},{\"@type\":\"ListItem\",\"position\":2,\"name\":\"Indija: Broj zara\u017eenih koronavirusom prema\u0161io 18 milijuna\"}]},{\"@type\":\"WebSite\",\"@id\":\"https:\\\/\\\/radioljubuski.ba\\\/#website\",\"url\":\"https:\\\/\\\/radioljubuski.ba\\\/\",\"name\":\"Radio Ljubu\u0161ki\",\"description\":\"Sun\u010dana frekvencija Hercegovine\",\"publisher\":{\"@id\":\"https:\\\/\\\/radioljubuski.ba\\\/#organization\"},\"potentialAction\":[{\"@type\":\"SearchAction\",\"target\":{\"@type\":\"EntryPoint\",\"urlTemplate\":\"https:\\\/\\\/radioljubuski.ba\\\/?s={search_term_string}\"},\"query-input\":{\"@type\":\"PropertyValueSpecification\",\"valueRequired\":true,\"valueName\":\"search_term_string\"}}],\"inLanguage\":\"hr\"},{\"@type\":\"Organization\",\"@id\":\"https:\\\/\\\/radioljubuski.ba\\\/#organization\",\"name\":\"Radio Ljubu\u0161ki\",\"url\":\"https:\\\/\\\/radioljubuski.ba\\\/\",\"logo\":{\"@type\":\"ImageObject\",\"inLanguage\":\"hr\",\"@id\":\"https:\\\/\\\/radioljubuski.ba\\\/#\\\/schema\\\/logo\\\/image\\\/\",\"url\":\"https:\\\/\\\/radioljubuski.ba\\\/wp-content\\\/uploads\\\/2021\\\/02\\\/cropped-Radio_Ljubuski_logo1.jpg\",\"contentUrl\":\"https:\\\/\\\/radioljubuski.ba\\\/wp-content\\\/uploads\\\/2021\\\/02\\\/cropped-Radio_Ljubuski_logo1.jpg\",\"width\":512,\"height\":512,\"caption\":\"Radio Ljubu\u0161ki\"},\"image\":{\"@id\":\"https:\\\/\\\/radioljubuski.ba\\\/#\\\/schema\\\/logo\\\/image\\\/\"},\"sameAs\":[\"https:\\\/\\\/www.facebook.com\\\/Radiio-Ljubuski-1490835324566332\",\"https:\\\/\\\/x.com\\\/radioljubuski\",\"https:\\\/\\\/hr.linkedin.com\\\/company\\\/radio-ljubuski\",\"https:\\\/\\\/www.youtube.com\\\/channel\\\/UCHYaeO_n0Db3tjNGudGpXyw\"]},{\"@type\":\"Person\",\"@id\":\"https:\\\/\\\/radioljubuski.ba\\\/#\\\/schema\\\/person\\\/19fc700381a780f69665d7956c469e3b\",\"name\":\"Radio Ljubu\u0161ki\"}]}<\/script>\n<!-- \/ Yoast SEO plugin. -->","yoast_head_json":{"title":"Indija: Broj zara\u017eenih koronavirusom prema\u0161io 18 milijuna - RADIO LJUBU\u0160KI","robots":{"index":"index","follow":"follow","max-snippet":"max-snippet:-1","max-image-preview":"max-image-preview:large","max-video-preview":"max-video-preview:-1"},"canonical":"https:\/\/radioljubuski.ba\/index.php\/2021\/04\/29\/indija-broj-zarazenih-koronavirusom-premasio-18-milijuna\/","og_locale":"hr_HR","og_type":"article","og_title":"Indija: Broj zara\u017eenih koronavirusom prema\u0161io 18 milijuna - RADIO LJUBU\u0160KI","og_description":"Sveukupni broj slu\u010dajeva zara\u017eenih covidom-19 prema\u0161io je u \u010detvrtak 18 milijuna, nakon jo\u0161 jednog dana s rekordnim brojem novozara\u017eenih i umrlih, no vlada odbacuje izvje\u0161\u0107a o problemima s provo\u0111enjem cijepljenja. Indija je danas zabilje\u017eila 379.257 novih slu\u010dajeva covida-19 i 3645 umrlih, objavilo je ministarstvo zdravstva. Najsmrtonosniji je to dan do sada zabilje\u017een u nekoj zemlji [&hellip;]","og_url":"https:\/\/radioljubuski.ba\/index.php\/2021\/04\/29\/indija-broj-zarazenih-koronavirusom-premasio-18-milijuna\/","og_site_name":"RADIO LJUBU\u0160KI","article_publisher":"https:\/\/www.facebook.com\/Radiio-Ljubuski-1490835324566332","article_published_time":"2021-04-29T09:54:36+00:00","article_modified_time":"2021-04-29T09:54:37+00:00","og_image":[{"width":270,"height":187,"url":"https:\/\/radioljubuski.ba\/wp-content\/uploads\/2021\/04\/indeksiraj2-2.jpg","type":"image\/jpeg"}],"author":"Radio Ljubu\u0161ki","twitter_card":"summary_large_image","twitter_creator":"@radioljubuski","twitter_site":"@radioljubuski","twitter_misc":{"Napisao\/la":"Radio Ljubu\u0161ki","Procijenjeno vrijeme \u010ditanja":"2 minute"},"schema":{"@context":"https:\/\/schema.org","@graph":[{"@type":"Article","@id":"https:\/\/radioljubuski.ba\/index.php\/2021\/04\/29\/indija-broj-zarazenih-koronavirusom-premasio-18-milijuna\/#article","isPartOf":{"@id":"https:\/\/radioljubuski.ba\/index.php\/2021\/04\/29\/indija-broj-zarazenih-koronavirusom-premasio-18-milijuna\/"},"author":{"name":"Radio Ljubu\u0161ki","@id":"https:\/\/radioljubuski.ba\/#\/schema\/person\/19fc700381a780f69665d7956c469e3b"},"headline":"Indija: Broj zara\u017eenih koronavirusom prema\u0161io 18 milijuna","datePublished":"2021-04-29T09:54:36+00:00","dateModified":"2021-04-29T09:54:37+00:00","mainEntityOfPage":{"@id":"https:\/\/radioljubuski.ba\/index.php\/2021\/04\/29\/indija-broj-zarazenih-koronavirusom-premasio-18-milijuna\/"},"wordCount":400,"publisher":{"@id":"https:\/\/radioljubuski.ba\/#organization"},"image":{"@id":"https:\/\/radioljubuski.ba\/index.php\/2021\/04\/29\/indija-broj-zarazenih-koronavirusom-premasio-18-milijuna\/#primaryimage"},"thumbnailUrl":"https:\/\/radioljubuski.ba\/wp-content\/uploads\/2021\/04\/indeksiraj2-2.jpg","articleSection":["BIH i regija"],"inLanguage":"hr"},{"@type":"WebPage","@id":"https:\/\/radioljubuski.ba\/index.php\/2021\/04\/29\/indija-broj-zarazenih-koronavirusom-premasio-18-milijuna\/","url":"https:\/\/radioljubuski.ba\/index.php\/2021\/04\/29\/indija-broj-zarazenih-koronavirusom-premasio-18-milijuna\/","name":"Indija: Broj zara\u017eenih koronavirusom prema\u0161io 18 milijuna - RADIO LJUBU\u0160KI","isPartOf":{"@id":"https:\/\/radioljubuski.ba\/#website"},"primaryImageOfPage":{"@id":"https:\/\/radioljubuski.ba\/index.php\/2021\/04\/29\/indija-broj-zarazenih-koronavirusom-premasio-18-milijuna\/#primaryimage"},"image":{"@id":"https:\/\/radioljubuski.ba\/index.php\/2021\/04\/29\/indija-broj-zarazenih-koronavirusom-premasio-18-milijuna\/#primaryimage"},"thumbnailUrl":"https:\/\/radioljubuski.ba\/wp-content\/uploads\/2021\/04\/indeksiraj2-2.jpg","datePublished":"2021-04-29T09:54:36+00:00","dateModified":"2021-04-29T09:54:37+00:00","breadcrumb":{"@id":"https:\/\/radioljubuski.ba\/index.php\/2021\/04\/29\/indija-broj-zarazenih-koronavirusom-premasio-18-milijuna\/#breadcrumb"},"inLanguage":"hr","potentialAction":[{"@type":"ReadAction","target":["https:\/\/radioljubuski.ba\/index.php\/2021\/04\/29\/indija-broj-zarazenih-koronavirusom-premasio-18-milijuna\/"]}]},{"@type":"ImageObject","inLanguage":"hr","@id":"https:\/\/radioljubuski.ba\/index.php\/2021\/04\/29\/indija-broj-zarazenih-koronavirusom-premasio-18-milijuna\/#primaryimage","url":"https:\/\/radioljubuski.ba\/wp-content\/uploads\/2021\/04\/indeksiraj2-2.jpg","contentUrl":"https:\/\/radioljubuski.ba\/wp-content\/uploads\/2021\/04\/indeksiraj2-2.jpg","width":270,"height":187},{"@type":"BreadcrumbList","@id":"https:\/\/radioljubuski.ba\/index.php\/2021\/04\/29\/indija-broj-zarazenih-koronavirusom-premasio-18-milijuna\/#breadcrumb","itemListElement":[{"@type":"ListItem","position":1,"name":"Po\u010detna stranica","item":"https:\/\/radioljubuski.ba\/"},{"@type":"ListItem","position":2,"name":"Indija: Broj zara\u017eenih koronavirusom prema\u0161io 18 milijuna"}]},{"@type":"WebSite","@id":"https:\/\/radioljubuski.ba\/#website","url":"https:\/\/radioljubuski.ba\/","name":"Radio Ljubu\u0161ki","description":"Sun\u010dana frekvencija Hercegovine","publisher":{"@id":"https:\/\/radioljubuski.ba\/#organization"},"potentialAction":[{"@type":"SearchAction","target":{"@type":"EntryPoint","urlTemplate":"https:\/\/radioljubuski.ba\/?s={search_term_string}"},"query-input":{"@type":"PropertyValueSpecification","valueRequired":true,"valueName":"search_term_string"}}],"inLanguage":"hr"},{"@type":"Organization","@id":"https:\/\/radioljubuski.ba\/#organization","name":"Radio Ljubu\u0161ki","url":"https:\/\/radioljubuski.ba\/","logo":{"@type":"ImageObject","inLanguage":"hr","@id":"https:\/\/radioljubuski.ba\/#\/schema\/logo\/image\/","url":"https:\/\/radioljubuski.ba\/wp-content\/uploads\/2021\/02\/cropped-Radio_Ljubuski_logo1.jpg","contentUrl":"https:\/\/radioljubuski.ba\/wp-content\/uploads\/2021\/02\/cropped-Radio_Ljubuski_logo1.jpg","width":512,"height":512,"caption":"Radio Ljubu\u0161ki"},"image":{"@id":"https:\/\/radioljubuski.ba\/#\/schema\/logo\/image\/"},"sameAs":["https:\/\/www.facebook.com\/Radiio-Ljubuski-1490835324566332","https:\/\/x.com\/radioljubuski","https:\/\/hr.linkedin.com\/company\/radio-ljubuski","https:\/\/www.youtube.com\/channel\/UCHYaeO_n0Db3tjNGudGpXyw"]},{"@type":"Person","@id":"https:\/\/radioljubuski.ba\/#\/schema\/person\/19fc700381a780f69665d7956c469e3b","name":"Radio Ljubu\u0161ki"}]}},"_links":{"self":[{"href":"https:\/\/radioljubuski.ba\/index.php\/wp-json\/wp\/v2\/posts\/17207","targetHints":{"allow":["GET"]}}],"collection":[{"href":"https:\/\/radioljubuski.ba\/index.php\/wp-json\/wp\/v2\/posts"}],"about":[{"href":"https:\/\/radioljubuski.ba\/index.php\/wp-json\/wp\/v2\/types\/post"}],"author":[{"embeddable":true,"href":"https:\/\/radioljubuski.ba\/index.php\/wp-json\/wp\/v2\/users\/2"}],"replies":[{"embeddable":true,"href":"https:\/\/radioljubuski.ba\/index.php\/wp-json\/wp\/v2\/comments?post=17207"}],"version-history":[{"count":1,"href":"https:\/\/radioljubuski.ba\/index.php\/wp-json\/wp\/v2\/posts\/17207\/revisions"}],"predecessor-version":[{"id":17209,"href":"https:\/\/radioljubuski.ba\/index.php\/wp-json\/wp\/v2\/posts\/17207\/revisions\/17209"}],"wp:featuredmedia":[{"embeddable":true,"href":"https:\/\/radioljubuski.ba\/index.php\/wp-json\/wp\/v2\/media\/17208"}],"wp:attachment":[{"href":"https:\/\/radioljubuski.ba\/index.php\/wp-json\/wp\/v2\/media?parent=17207"}],"wp:term":[{"taxonomy":"category","embeddable":true,"href":"https:\/\/radioljubuski.ba\/index.php\/wp-json\/wp\/v2\/categories?post=17207"},{"taxonomy":"post_tag","embeddable":true,"href":"https:\/\/radioljubuski.ba\/index.php\/wp-json\/wp\/v2\/tags?post=17207"}],"curies":[{"name":"wp","href":"https:\/\/api.w.org\/{rel}","templated":true}]}}