{"id":17268,"date":"2021-04-29T13:07:30","date_gmt":"2021-04-29T12:07:30","guid":{"rendered":"https:\/\/radioljubuski.ba\/?p=17268"},"modified":"2021-04-29T13:07:30","modified_gmt":"2021-04-29T12:07:30","slug":"slovenac-oruzje-narucio-na-dark-webu-imao-je-listu-za-odstrel-htio-je-pobiti-vrsnjake-i-ucitelje","status":"publish","type":"post","link":"https:\/\/radioljubuski.ba\/index.php\/2021\/04\/29\/slovenac-oruzje-narucio-na-dark-webu-imao-je-listu-za-odstrel-htio-je-pobiti-vrsnjake-i-ucitelje\/","title":{"rendered":"Slovenac oru\u017eje naru\u010dio na dark webu, imao je listu za odstrel: Htio je pobiti vr\u0161njake i u\u010ditelje"},"content":{"rendered":"\n<p>Slovenac koji je iz Amerike naru\u010dio oru\u017eje sakriveno u mikrovalnoj pe\u0107nici, imao je detaljnu listu ljudi koje planira ubiti kao i lokacije gdje se nalaze, pi\u0161e 24ur.com. Oru\u017eje je naru\u010dio preko dark weba pod svojim imenom i prezimenom.<\/p>\n\n\n\n<p>Ameri\u010dka slu\u017eba za domovinsku sigurnost zaplijenila je oru\u017eje i javila Slovencima. Oni su uhitili mladi\u0107a koji je oru\u017eje naru\u010dio na dark webu i platio ga 5000 eura. Naru\u010dio je pi\u0161tolj Glock i Remington automatsku pu\u0161ku te pripadaju\u0107e streljivo.<\/p>\n\n\n\n<p>Mladi\u0107 (20) \u017eivi s roditeljima u malom mjestu na sjeveru Slovenije, a dosad nije imao problema s policijom.<\/p>\n\n\n\n<p>Kako navode slovenski mediji, bio je povu\u010den, izbjegavao je kontakt s ljudima i ve\u0107i dio vremena provodio je u svojoj sobi.<\/p>\n\n\n\n<p>Masakr je planirao iz osvete jer su ga navodno maltretirali u biv\u0161oj \u0161koli. Uhitili su ga u njegovoj ku\u0107i. Nije se opirao.<\/p>\n\n\n\n<p>&#8211; Pokolj je planirao u javnim institucijama i to iz osvete &#8211; rekao je Primo\u017e Dono\u0161a, \u0161ef krim policije u Kranju.<\/p>\n\n\n\n<p>Na detaljnom popisu za odstrel mladi\u0107 je imao vr\u0161njake, njihova imena i prezimena, ali i pedagoge i u\u010ditelje u biv\u0161oj \u0161koli.<\/p>\n\n\n\n<p>Pokolj je planirao na vi\u0161e lokacija. Zadr\u017eali su ga u pritvoru.<\/p>\n\n\n\n<p>Svi s liste su sad pod policijskom za\u0161titom.<\/p>\n\n\n\n<p><strong>\u0160to je dark web?<\/strong><\/p>\n\n\n\n<p>Na dark web ne mo\u017eete naletjeti slu\u010dajno, to je dio interneta koji se sastoji od web stranica koje postoje samo na kriptiranoj mre\u017ei koje ne\u0107ete prona\u0107i na Googleu.<br>Ne postoji na\u010din da se slu\u010dajno na\u0111ete na dark webu, tamo odlaze oni koji to\u010dno znaju \u0161to rade i imaju za to potrebne alate.<\/p>\n\n\n\n<p>Kad ste na dark webu, ne postoji tra\u017eilica. Morate imati to\u010dne linkove. Dark web je \u010desto povezivan s lo\u0161im stvarima, dje\u010djom pornografijom, oru\u017ejima, drogom&#8230;<\/p>\n\n\n\n<p>U Americi vam FBI mo\u017ee zaplijeniti ra\u010dunalo ako vide da ste koristili browser preko kojeg se mo\u017ee pristupiti dark webu.<\/p>\n\n\n\n<p>Izvor:24sata.hr<\/p>\n","protected":false},"excerpt":{"rendered":"<p>Slovenac koji je iz Amerike naru\u010dio oru\u017eje sakriveno u mikrovalnoj pe\u0107nici, imao je detaljnu listu ljudi koje planira ubiti kao i lokacije gdje se nalaze, pi\u0161e 24ur.com. Oru\u017eje je naru\u010dio preko dark weba pod svojim imenom i prezimenom. Ameri\u010dka slu\u017eba za domovinsku sigurnost zaplijenila je oru\u017eje i javila Slovencima. Oni su uhitili mladi\u0107a koji je [&hellip;]<\/p>\n","protected":false},"author":2,"featured_media":17269,"comment_status":"closed","ping_status":"closed","sticky":false,"template":"","format":"standard","meta":{"h5ap_radio_sources":[],"footnotes":""},"categories":[1],"tags":[],"class_list":["post-17268","post","type-post","status-publish","format-standard","has-post-thumbnail","hentry","category-bihiregija"],"yoast_head":"<!-- This site is optimized with the Yoast SEO plugin v27.4 - https:\/\/yoast.com\/product\/yoast-seo-wordpress\/ -->\n<title>Slovenac oru\u017eje naru\u010dio na dark webu, imao je listu za odstrel: Htio je pobiti vr\u0161njake i u\u010ditelje - RADIO LJUBU\u0160KI<\/title>\n<meta name=\"robots\" content=\"index, follow, max-snippet:-1, max-image-preview:large, max-video-preview:-1\" \/>\n<link rel=\"canonical\" href=\"https:\/\/radioljubuski.ba\/index.php\/2021\/04\/29\/slovenac-oruzje-narucio-na-dark-webu-imao-je-listu-za-odstrel-htio-je-pobiti-vrsnjake-i-ucitelje\/\" \/>\n<meta property=\"og:locale\" content=\"hr_HR\" \/>\n<meta property=\"og:type\" content=\"article\" \/>\n<meta property=\"og:title\" content=\"Slovenac oru\u017eje naru\u010dio na dark webu, imao je listu za odstrel: Htio je pobiti vr\u0161njake i u\u010ditelje - RADIO LJUBU\u0160KI\" \/>\n<meta property=\"og:description\" content=\"Slovenac koji je iz Amerike naru\u010dio oru\u017eje sakriveno u mikrovalnoj pe\u0107nici, imao je detaljnu listu ljudi koje planira ubiti kao i lokacije gdje se nalaze, pi\u0161e 24ur.com. Oru\u017eje je naru\u010dio preko dark weba pod svojim imenom i prezimenom. Ameri\u010dka slu\u017eba za domovinsku sigurnost zaplijenila je oru\u017eje i javila Slovencima. Oni su uhitili mladi\u0107a koji je [&hellip;]\" \/>\n<meta property=\"og:url\" content=\"https:\/\/radioljubuski.ba\/index.php\/2021\/04\/29\/slovenac-oruzje-narucio-na-dark-webu-imao-je-listu-za-odstrel-htio-je-pobiti-vrsnjake-i-ucitelje\/\" \/>\n<meta property=\"og:site_name\" content=\"RADIO LJUBU\u0160KI\" \/>\n<meta property=\"article:publisher\" content=\"https:\/\/www.facebook.com\/Radiio-Ljubuski-1490835324566332\" \/>\n<meta property=\"article:published_time\" content=\"2021-04-29T12:07:30+00:00\" \/>\n<meta property=\"og:image\" content=\"https:\/\/radioljubuski.ba\/wp-content\/uploads\/2021\/04\/ZyK7Oi6U_hakeri.jpg\" \/>\n\t<meta property=\"og:image:width\" content=\"1000\" \/>\n\t<meta property=\"og:image:height\" content=\"625\" \/>\n\t<meta property=\"og:image:type\" content=\"image\/jpeg\" \/>\n<meta name=\"author\" content=\"Radio Ljubu\u0161ki\" \/>\n<meta name=\"twitter:card\" content=\"summary_large_image\" \/>\n<meta name=\"twitter:creator\" content=\"@radioljubuski\" \/>\n<meta name=\"twitter:site\" content=\"@radioljubuski\" \/>\n<meta name=\"twitter:label1\" content=\"Napisao\/la\" \/>\n\t<meta name=\"twitter:data1\" content=\"Radio Ljubu\u0161ki\" \/>\n\t<meta name=\"twitter:label2\" content=\"Procijenjeno vrijeme \u010ditanja\" \/>\n\t<meta name=\"twitter:data2\" content=\"2 minute\" \/>\n<script type=\"application\/ld+json\" class=\"yoast-schema-graph\">{\"@context\":\"https:\\\/\\\/schema.org\",\"@graph\":[{\"@type\":\"Article\",\"@id\":\"https:\\\/\\\/radioljubuski.ba\\\/index.php\\\/2021\\\/04\\\/29\\\/slovenac-oruzje-narucio-na-dark-webu-imao-je-listu-za-odstrel-htio-je-pobiti-vrsnjake-i-ucitelje\\\/#article\",\"isPartOf\":{\"@id\":\"https:\\\/\\\/radioljubuski.ba\\\/index.php\\\/2021\\\/04\\\/29\\\/slovenac-oruzje-narucio-na-dark-webu-imao-je-listu-za-odstrel-htio-je-pobiti-vrsnjake-i-ucitelje\\\/\"},\"author\":{\"name\":\"Radio Ljubu\u0161ki\",\"@id\":\"https:\\\/\\\/radioljubuski.ba\\\/#\\\/schema\\\/person\\\/19fc700381a780f69665d7956c469e3b\"},\"headline\":\"Slovenac oru\u017eje naru\u010dio na dark webu, imao je listu za odstrel: Htio je pobiti vr\u0161njake i u\u010ditelje\",\"datePublished\":\"2021-04-29T12:07:30+00:00\",\"mainEntityOfPage\":{\"@id\":\"https:\\\/\\\/radioljubuski.ba\\\/index.php\\\/2021\\\/04\\\/29\\\/slovenac-oruzje-narucio-na-dark-webu-imao-je-listu-za-odstrel-htio-je-pobiti-vrsnjake-i-ucitelje\\\/\"},\"wordCount\":365,\"publisher\":{\"@id\":\"https:\\\/\\\/radioljubuski.ba\\\/#organization\"},\"image\":{\"@id\":\"https:\\\/\\\/radioljubuski.ba\\\/index.php\\\/2021\\\/04\\\/29\\\/slovenac-oruzje-narucio-na-dark-webu-imao-je-listu-za-odstrel-htio-je-pobiti-vrsnjake-i-ucitelje\\\/#primaryimage\"},\"thumbnailUrl\":\"https:\\\/\\\/radioljubuski.ba\\\/wp-content\\\/uploads\\\/2021\\\/04\\\/ZyK7Oi6U_hakeri.jpg\",\"articleSection\":[\"BIH i regija\"],\"inLanguage\":\"hr\"},{\"@type\":\"WebPage\",\"@id\":\"https:\\\/\\\/radioljubuski.ba\\\/index.php\\\/2021\\\/04\\\/29\\\/slovenac-oruzje-narucio-na-dark-webu-imao-je-listu-za-odstrel-htio-je-pobiti-vrsnjake-i-ucitelje\\\/\",\"url\":\"https:\\\/\\\/radioljubuski.ba\\\/index.php\\\/2021\\\/04\\\/29\\\/slovenac-oruzje-narucio-na-dark-webu-imao-je-listu-za-odstrel-htio-je-pobiti-vrsnjake-i-ucitelje\\\/\",\"name\":\"Slovenac oru\u017eje naru\u010dio na dark webu, imao je listu za odstrel: Htio je pobiti vr\u0161njake i u\u010ditelje - RADIO LJUBU\u0160KI\",\"isPartOf\":{\"@id\":\"https:\\\/\\\/radioljubuski.ba\\\/#website\"},\"primaryImageOfPage\":{\"@id\":\"https:\\\/\\\/radioljubuski.ba\\\/index.php\\\/2021\\\/04\\\/29\\\/slovenac-oruzje-narucio-na-dark-webu-imao-je-listu-za-odstrel-htio-je-pobiti-vrsnjake-i-ucitelje\\\/#primaryimage\"},\"image\":{\"@id\":\"https:\\\/\\\/radioljubuski.ba\\\/index.php\\\/2021\\\/04\\\/29\\\/slovenac-oruzje-narucio-na-dark-webu-imao-je-listu-za-odstrel-htio-je-pobiti-vrsnjake-i-ucitelje\\\/#primaryimage\"},\"thumbnailUrl\":\"https:\\\/\\\/radioljubuski.ba\\\/wp-content\\\/uploads\\\/2021\\\/04\\\/ZyK7Oi6U_hakeri.jpg\",\"datePublished\":\"2021-04-29T12:07:30+00:00\",\"breadcrumb\":{\"@id\":\"https:\\\/\\\/radioljubuski.ba\\\/index.php\\\/2021\\\/04\\\/29\\\/slovenac-oruzje-narucio-na-dark-webu-imao-je-listu-za-odstrel-htio-je-pobiti-vrsnjake-i-ucitelje\\\/#breadcrumb\"},\"inLanguage\":\"hr\",\"potentialAction\":[{\"@type\":\"ReadAction\",\"target\":[\"https:\\\/\\\/radioljubuski.ba\\\/index.php\\\/2021\\\/04\\\/29\\\/slovenac-oruzje-narucio-na-dark-webu-imao-je-listu-za-odstrel-htio-je-pobiti-vrsnjake-i-ucitelje\\\/\"]}]},{\"@type\":\"ImageObject\",\"inLanguage\":\"hr\",\"@id\":\"https:\\\/\\\/radioljubuski.ba\\\/index.php\\\/2021\\\/04\\\/29\\\/slovenac-oruzje-narucio-na-dark-webu-imao-je-listu-za-odstrel-htio-je-pobiti-vrsnjake-i-ucitelje\\\/#primaryimage\",\"url\":\"https:\\\/\\\/radioljubuski.ba\\\/wp-content\\\/uploads\\\/2021\\\/04\\\/ZyK7Oi6U_hakeri.jpg\",\"contentUrl\":\"https:\\\/\\\/radioljubuski.ba\\\/wp-content\\\/uploads\\\/2021\\\/04\\\/ZyK7Oi6U_hakeri.jpg\",\"width\":1000,\"height\":625},{\"@type\":\"BreadcrumbList\",\"@id\":\"https:\\\/\\\/radioljubuski.ba\\\/index.php\\\/2021\\\/04\\\/29\\\/slovenac-oruzje-narucio-na-dark-webu-imao-je-listu-za-odstrel-htio-je-pobiti-vrsnjake-i-ucitelje\\\/#breadcrumb\",\"itemListElement\":[{\"@type\":\"ListItem\",\"position\":1,\"name\":\"Po\u010detna stranica\",\"item\":\"https:\\\/\\\/radioljubuski.ba\\\/\"},{\"@type\":\"ListItem\",\"position\":2,\"name\":\"Slovenac oru\u017eje naru\u010dio na dark webu, imao je listu za odstrel: Htio je pobiti vr\u0161njake i u\u010ditelje\"}]},{\"@type\":\"WebSite\",\"@id\":\"https:\\\/\\\/radioljubuski.ba\\\/#website\",\"url\":\"https:\\\/\\\/radioljubuski.ba\\\/\",\"name\":\"Radio Ljubu\u0161ki\",\"description\":\"Sun\u010dana frekvencija Hercegovine\",\"publisher\":{\"@id\":\"https:\\\/\\\/radioljubuski.ba\\\/#organization\"},\"potentialAction\":[{\"@type\":\"SearchAction\",\"target\":{\"@type\":\"EntryPoint\",\"urlTemplate\":\"https:\\\/\\\/radioljubuski.ba\\\/?s={search_term_string}\"},\"query-input\":{\"@type\":\"PropertyValueSpecification\",\"valueRequired\":true,\"valueName\":\"search_term_string\"}}],\"inLanguage\":\"hr\"},{\"@type\":\"Organization\",\"@id\":\"https:\\\/\\\/radioljubuski.ba\\\/#organization\",\"name\":\"Radio Ljubu\u0161ki\",\"url\":\"https:\\\/\\\/radioljubuski.ba\\\/\",\"logo\":{\"@type\":\"ImageObject\",\"inLanguage\":\"hr\",\"@id\":\"https:\\\/\\\/radioljubuski.ba\\\/#\\\/schema\\\/logo\\\/image\\\/\",\"url\":\"https:\\\/\\\/radioljubuski.ba\\\/wp-content\\\/uploads\\\/2021\\\/02\\\/cropped-Radio_Ljubuski_logo1.jpg\",\"contentUrl\":\"https:\\\/\\\/radioljubuski.ba\\\/wp-content\\\/uploads\\\/2021\\\/02\\\/cropped-Radio_Ljubuski_logo1.jpg\",\"width\":512,\"height\":512,\"caption\":\"Radio Ljubu\u0161ki\"},\"image\":{\"@id\":\"https:\\\/\\\/radioljubuski.ba\\\/#\\\/schema\\\/logo\\\/image\\\/\"},\"sameAs\":[\"https:\\\/\\\/www.facebook.com\\\/Radiio-Ljubuski-1490835324566332\",\"https:\\\/\\\/x.com\\\/radioljubuski\",\"https:\\\/\\\/hr.linkedin.com\\\/company\\\/radio-ljubuski\",\"https:\\\/\\\/www.youtube.com\\\/channel\\\/UCHYaeO_n0Db3tjNGudGpXyw\"]},{\"@type\":\"Person\",\"@id\":\"https:\\\/\\\/radioljubuski.ba\\\/#\\\/schema\\\/person\\\/19fc700381a780f69665d7956c469e3b\",\"name\":\"Radio Ljubu\u0161ki\"}]}<\/script>\n<!-- \/ Yoast SEO plugin. -->","yoast_head_json":{"title":"Slovenac oru\u017eje naru\u010dio na dark webu, imao je listu za odstrel: Htio je pobiti vr\u0161njake i u\u010ditelje - RADIO LJUBU\u0160KI","robots":{"index":"index","follow":"follow","max-snippet":"max-snippet:-1","max-image-preview":"max-image-preview:large","max-video-preview":"max-video-preview:-1"},"canonical":"https:\/\/radioljubuski.ba\/index.php\/2021\/04\/29\/slovenac-oruzje-narucio-na-dark-webu-imao-je-listu-za-odstrel-htio-je-pobiti-vrsnjake-i-ucitelje\/","og_locale":"hr_HR","og_type":"article","og_title":"Slovenac oru\u017eje naru\u010dio na dark webu, imao je listu za odstrel: Htio je pobiti vr\u0161njake i u\u010ditelje - RADIO LJUBU\u0160KI","og_description":"Slovenac koji je iz Amerike naru\u010dio oru\u017eje sakriveno u mikrovalnoj pe\u0107nici, imao je detaljnu listu ljudi koje planira ubiti kao i lokacije gdje se nalaze, pi\u0161e 24ur.com. Oru\u017eje je naru\u010dio preko dark weba pod svojim imenom i prezimenom. Ameri\u010dka slu\u017eba za domovinsku sigurnost zaplijenila je oru\u017eje i javila Slovencima. Oni su uhitili mladi\u0107a koji je [&hellip;]","og_url":"https:\/\/radioljubuski.ba\/index.php\/2021\/04\/29\/slovenac-oruzje-narucio-na-dark-webu-imao-je-listu-za-odstrel-htio-je-pobiti-vrsnjake-i-ucitelje\/","og_site_name":"RADIO LJUBU\u0160KI","article_publisher":"https:\/\/www.facebook.com\/Radiio-Ljubuski-1490835324566332","article_published_time":"2021-04-29T12:07:30+00:00","og_image":[{"width":1000,"height":625,"url":"https:\/\/radioljubuski.ba\/wp-content\/uploads\/2021\/04\/ZyK7Oi6U_hakeri.jpg","type":"image\/jpeg"}],"author":"Radio Ljubu\u0161ki","twitter_card":"summary_large_image","twitter_creator":"@radioljubuski","twitter_site":"@radioljubuski","twitter_misc":{"Napisao\/la":"Radio Ljubu\u0161ki","Procijenjeno vrijeme \u010ditanja":"2 minute"},"schema":{"@context":"https:\/\/schema.org","@graph":[{"@type":"Article","@id":"https:\/\/radioljubuski.ba\/index.php\/2021\/04\/29\/slovenac-oruzje-narucio-na-dark-webu-imao-je-listu-za-odstrel-htio-je-pobiti-vrsnjake-i-ucitelje\/#article","isPartOf":{"@id":"https:\/\/radioljubuski.ba\/index.php\/2021\/04\/29\/slovenac-oruzje-narucio-na-dark-webu-imao-je-listu-za-odstrel-htio-je-pobiti-vrsnjake-i-ucitelje\/"},"author":{"name":"Radio Ljubu\u0161ki","@id":"https:\/\/radioljubuski.ba\/#\/schema\/person\/19fc700381a780f69665d7956c469e3b"},"headline":"Slovenac oru\u017eje naru\u010dio na dark webu, imao je listu za odstrel: Htio je pobiti vr\u0161njake i u\u010ditelje","datePublished":"2021-04-29T12:07:30+00:00","mainEntityOfPage":{"@id":"https:\/\/radioljubuski.ba\/index.php\/2021\/04\/29\/slovenac-oruzje-narucio-na-dark-webu-imao-je-listu-za-odstrel-htio-je-pobiti-vrsnjake-i-ucitelje\/"},"wordCount":365,"publisher":{"@id":"https:\/\/radioljubuski.ba\/#organization"},"image":{"@id":"https:\/\/radioljubuski.ba\/index.php\/2021\/04\/29\/slovenac-oruzje-narucio-na-dark-webu-imao-je-listu-za-odstrel-htio-je-pobiti-vrsnjake-i-ucitelje\/#primaryimage"},"thumbnailUrl":"https:\/\/radioljubuski.ba\/wp-content\/uploads\/2021\/04\/ZyK7Oi6U_hakeri.jpg","articleSection":["BIH i regija"],"inLanguage":"hr"},{"@type":"WebPage","@id":"https:\/\/radioljubuski.ba\/index.php\/2021\/04\/29\/slovenac-oruzje-narucio-na-dark-webu-imao-je-listu-za-odstrel-htio-je-pobiti-vrsnjake-i-ucitelje\/","url":"https:\/\/radioljubuski.ba\/index.php\/2021\/04\/29\/slovenac-oruzje-narucio-na-dark-webu-imao-je-listu-za-odstrel-htio-je-pobiti-vrsnjake-i-ucitelje\/","name":"Slovenac oru\u017eje naru\u010dio na dark webu, imao je listu za odstrel: Htio je pobiti vr\u0161njake i u\u010ditelje - RADIO LJUBU\u0160KI","isPartOf":{"@id":"https:\/\/radioljubuski.ba\/#website"},"primaryImageOfPage":{"@id":"https:\/\/radioljubuski.ba\/index.php\/2021\/04\/29\/slovenac-oruzje-narucio-na-dark-webu-imao-je-listu-za-odstrel-htio-je-pobiti-vrsnjake-i-ucitelje\/#primaryimage"},"image":{"@id":"https:\/\/radioljubuski.ba\/index.php\/2021\/04\/29\/slovenac-oruzje-narucio-na-dark-webu-imao-je-listu-za-odstrel-htio-je-pobiti-vrsnjake-i-ucitelje\/#primaryimage"},"thumbnailUrl":"https:\/\/radioljubuski.ba\/wp-content\/uploads\/2021\/04\/ZyK7Oi6U_hakeri.jpg","datePublished":"2021-04-29T12:07:30+00:00","breadcrumb":{"@id":"https:\/\/radioljubuski.ba\/index.php\/2021\/04\/29\/slovenac-oruzje-narucio-na-dark-webu-imao-je-listu-za-odstrel-htio-je-pobiti-vrsnjake-i-ucitelje\/#breadcrumb"},"inLanguage":"hr","potentialAction":[{"@type":"ReadAction","target":["https:\/\/radioljubuski.ba\/index.php\/2021\/04\/29\/slovenac-oruzje-narucio-na-dark-webu-imao-je-listu-za-odstrel-htio-je-pobiti-vrsnjake-i-ucitelje\/"]}]},{"@type":"ImageObject","inLanguage":"hr","@id":"https:\/\/radioljubuski.ba\/index.php\/2021\/04\/29\/slovenac-oruzje-narucio-na-dark-webu-imao-je-listu-za-odstrel-htio-je-pobiti-vrsnjake-i-ucitelje\/#primaryimage","url":"https:\/\/radioljubuski.ba\/wp-content\/uploads\/2021\/04\/ZyK7Oi6U_hakeri.jpg","contentUrl":"https:\/\/radioljubuski.ba\/wp-content\/uploads\/2021\/04\/ZyK7Oi6U_hakeri.jpg","width":1000,"height":625},{"@type":"BreadcrumbList","@id":"https:\/\/radioljubuski.ba\/index.php\/2021\/04\/29\/slovenac-oruzje-narucio-na-dark-webu-imao-je-listu-za-odstrel-htio-je-pobiti-vrsnjake-i-ucitelje\/#breadcrumb","itemListElement":[{"@type":"ListItem","position":1,"name":"Po\u010detna stranica","item":"https:\/\/radioljubuski.ba\/"},{"@type":"ListItem","position":2,"name":"Slovenac oru\u017eje naru\u010dio na dark webu, imao je listu za odstrel: Htio je pobiti vr\u0161njake i u\u010ditelje"}]},{"@type":"WebSite","@id":"https:\/\/radioljubuski.ba\/#website","url":"https:\/\/radioljubuski.ba\/","name":"Radio Ljubu\u0161ki","description":"Sun\u010dana frekvencija Hercegovine","publisher":{"@id":"https:\/\/radioljubuski.ba\/#organization"},"potentialAction":[{"@type":"SearchAction","target":{"@type":"EntryPoint","urlTemplate":"https:\/\/radioljubuski.ba\/?s={search_term_string}"},"query-input":{"@type":"PropertyValueSpecification","valueRequired":true,"valueName":"search_term_string"}}],"inLanguage":"hr"},{"@type":"Organization","@id":"https:\/\/radioljubuski.ba\/#organization","name":"Radio Ljubu\u0161ki","url":"https:\/\/radioljubuski.ba\/","logo":{"@type":"ImageObject","inLanguage":"hr","@id":"https:\/\/radioljubuski.ba\/#\/schema\/logo\/image\/","url":"https:\/\/radioljubuski.ba\/wp-content\/uploads\/2021\/02\/cropped-Radio_Ljubuski_logo1.jpg","contentUrl":"https:\/\/radioljubuski.ba\/wp-content\/uploads\/2021\/02\/cropped-Radio_Ljubuski_logo1.jpg","width":512,"height":512,"caption":"Radio Ljubu\u0161ki"},"image":{"@id":"https:\/\/radioljubuski.ba\/#\/schema\/logo\/image\/"},"sameAs":["https:\/\/www.facebook.com\/Radiio-Ljubuski-1490835324566332","https:\/\/x.com\/radioljubuski","https:\/\/hr.linkedin.com\/company\/radio-ljubuski","https:\/\/www.youtube.com\/channel\/UCHYaeO_n0Db3tjNGudGpXyw"]},{"@type":"Person","@id":"https:\/\/radioljubuski.ba\/#\/schema\/person\/19fc700381a780f69665d7956c469e3b","name":"Radio Ljubu\u0161ki"}]}},"_links":{"self":[{"href":"https:\/\/radioljubuski.ba\/index.php\/wp-json\/wp\/v2\/posts\/17268","targetHints":{"allow":["GET"]}}],"collection":[{"href":"https:\/\/radioljubuski.ba\/index.php\/wp-json\/wp\/v2\/posts"}],"about":[{"href":"https:\/\/radioljubuski.ba\/index.php\/wp-json\/wp\/v2\/types\/post"}],"author":[{"embeddable":true,"href":"https:\/\/radioljubuski.ba\/index.php\/wp-json\/wp\/v2\/users\/2"}],"replies":[{"embeddable":true,"href":"https:\/\/radioljubuski.ba\/index.php\/wp-json\/wp\/v2\/comments?post=17268"}],"version-history":[{"count":1,"href":"https:\/\/radioljubuski.ba\/index.php\/wp-json\/wp\/v2\/posts\/17268\/revisions"}],"predecessor-version":[{"id":17270,"href":"https:\/\/radioljubuski.ba\/index.php\/wp-json\/wp\/v2\/posts\/17268\/revisions\/17270"}],"wp:featuredmedia":[{"embeddable":true,"href":"https:\/\/radioljubuski.ba\/index.php\/wp-json\/wp\/v2\/media\/17269"}],"wp:attachment":[{"href":"https:\/\/radioljubuski.ba\/index.php\/wp-json\/wp\/v2\/media?parent=17268"}],"wp:term":[{"taxonomy":"category","embeddable":true,"href":"https:\/\/radioljubuski.ba\/index.php\/wp-json\/wp\/v2\/categories?post=17268"},{"taxonomy":"post_tag","embeddable":true,"href":"https:\/\/radioljubuski.ba\/index.php\/wp-json\/wp\/v2\/tags?post=17268"}],"curies":[{"name":"wp","href":"https:\/\/api.w.org\/{rel}","templated":true}]}}