{"id":173056,"date":"2022-08-27T07:18:05","date_gmt":"2022-08-27T06:18:05","guid":{"rendered":"https:\/\/radioljubuski.ba\/?p=173056"},"modified":"2022-08-27T07:18:06","modified_gmt":"2022-08-27T06:18:06","slug":"lijeva-obala-osvojila-ligu-hercegovine","status":"publish","type":"post","link":"https:\/\/radioljubuski.ba\/index.php\/2022\/08\/27\/lijeva-obala-osvojila-ligu-hercegovine\/","title":{"rendered":"Lijeva Obala osvojila Ligu Hercegovine"},"content":{"rendered":"\n<h5 class=\"wp-block-heading\">Mom\u010dad Lijeve Obale osvojila je titulu prvaka na ovogodi\u0161njoj Ligi Hercegovine.<\/h5>\n\n\n\n<p>Predstavniku iz \u0160irokog Brijega pripalo je ovogodi\u0161nje<strong>&nbsp;17. izdanje<\/strong>&nbsp;Lige Hercegovine.<\/p>\n\n\n\n<p>U finalu, u kojem je \u2018pao\u2019 veliki broj golova,\u00a0<strong>\u0160irokobrije\u017eani<\/strong>\u00a0su rezultatom\u00a0<strong>7:4<\/strong>\u00a0nadigrali ekipu\u00a0<strong>Centar 2 iz Mostara.<\/strong><\/p>\n\n\n\n<p>Jo\u0161 jednom odli\u010dna ekipa&nbsp;<strong>Lijeve Obale<\/strong>&nbsp;je dokazala da&nbsp;<strong>zaslu\u017euju<\/strong>&nbsp;i trofej Lige Hercegovine.<\/p>\n\n\n\n<p>Povela je Lijeva Obala nakon odli\u010dnog dodavanja&nbsp;<strong>Marina Sesara za Marka Mikuli\u0107a<\/strong>&nbsp;koji je pogodio iz okreta za vodstvo Lijeve.<\/p>\n\n\n\n<p>Izjedna\u010dili su Mostarci brzo preko&nbsp;<strong>Marina \u0160unji\u0107a<\/strong>&nbsp;koji je sna\u017eno opalio iz slobodnog udarca, lopta je kroz gu\u017evu zavr\u0161ila u golu.<\/p>\n\n\n\n<p><strong>Pero \u0160evo<\/strong>&nbsp;je nastavio sa sjajnim predstavama te je ukrao loptu na centru te kaznio Centar 2 za riskantno igranje s golmanom igra\u010dem \u010dime su \u2018\u017duti\u2019 poveli 2:1.<\/p>\n\n\n\n<p>Sli\u010dna stvar se dogodila napad kasnije kada je&nbsp;<strong>Vinko Zadro<\/strong>&nbsp;preko cijelog terena zabio za vodstvo Lijeve od 3:1.<\/p>\n\n\n\n<p>Centar 2 se naravno nije predao, ali nije ni odustao od taktike s golmanom igra\u010dem. Zabio je prvo&nbsp;<strong>Nikola \u0160unji\u0107<\/strong>&nbsp;pod samu gredu, a na po\u010detku drugog poluvremena&nbsp;<strong>Mate Bili\u0107<\/strong>&nbsp;izjedna\u010dio na 3:3.<\/p>\n\n\n\n<p>Lijeva Obala se ponovno odvojila&nbsp;<strong>gol\u010dinom Marina Sesara<\/strong>, a onda je Pero \u0160evo zabio na prazan gol nakon \u0161to je Marko Mikuli\u0107 ukrao loptu Adnanu Kalajd\u017ei\u0107u.<\/p>\n\n\n\n<p><strong>Vinko Zadro je ponovno bio u centru pozornosti<\/strong>&nbsp;jer je zabio na sjajno dodavanje Sesara. Par napada kasnije, Zadro je bio u ulozi asistenta, zabio je Marko Mikuli\u0107 za 7:3.<\/p>\n\n\n\n<p>Po\u010dasni gol za Mostarce zabio je Marin \u0160unji\u0107, za kona\u010dnih<strong>&nbsp;7:4<\/strong>&nbsp;u korist Lijeve Obale.<\/p>\n\n\n\n<p>U utakmici za 3. mjesto&nbsp;<strong>Grude Zapad<\/strong>&nbsp;pobijedile su Gornje Ogra\u0111enike.<\/p>\n\n\n\n<p>Za najboljeg vratara progla\u0161en je&nbsp;<strong>Denis \u0160evo<\/strong>&nbsp;iz pobjedni\u010dke mom\u010dadi, dok je iz iste mom\u010dadi i najbolji strijelac turnira&nbsp;<strong>Pero \u0160evo<\/strong>.<\/p>\n\n\n\n<p>Za najboljeg igra\u010da turnira progla\u0161en je&nbsp;<strong>Marin \u0160unji\u0107<\/strong>&nbsp;iz Centra 2.<\/p>\n\n\n\n<p>Nakon finalne utakmice organizirana je i&nbsp;<strong>prigodna sve\u010danost<\/strong>&nbsp;dodjele pehara i medalja za najbolje mom\u010dadi i pojedince.<\/p>\n\n\n\n<p>\u0160iroki Brijeg za sada ima\u00a0<strong>\u010dak pet osvojenih naslova<\/strong>\u00a0u Ligi Hercegovine.<\/p>\n\n\n\n<p>Izvor:<a href=\"https:\/\/www.jabuka.tv\/lijeva-obala-osvojila-ligu-hercegovine\/\"> Jabuka.tv<\/a><\/p>\n","protected":false},"excerpt":{"rendered":"<p>Mom\u010dad Lijeve Obale osvojila je titulu prvaka na ovogodi\u0161njoj Ligi Hercegovine. Predstavniku iz \u0160irokog Brijega pripalo je ovogodi\u0161nje&nbsp;17. izdanje&nbsp;Lige Hercegovine. U finalu, u kojem je \u2018pao\u2019 veliki broj golova,\u00a0\u0160irokobrije\u017eani\u00a0su rezultatom\u00a07:4\u00a0nadigrali ekipu\u00a0Centar 2 iz Mostara. Jo\u0161 jednom odli\u010dna ekipa&nbsp;Lijeve Obale&nbsp;je dokazala da&nbsp;zaslu\u017euju&nbsp;i trofej Lige Hercegovine. Povela je Lijeva Obala nakon odli\u010dnog dodavanja&nbsp;Marina Sesara za Marka Mikuli\u0107a&nbsp;koji [&hellip;]<\/p>\n","protected":false},"author":2,"featured_media":173057,"comment_status":"closed","ping_status":"closed","sticky":false,"template":"","format":"standard","meta":{"h5ap_radio_sources":[],"footnotes":""},"categories":[7],"tags":[],"class_list":["post-173056","post","type-post","status-publish","format-standard","has-post-thumbnail","hentry","category-sport"],"yoast_head":"<!-- This site is optimized with the Yoast SEO plugin v27.5 - https:\/\/yoast.com\/product\/yoast-seo-wordpress\/ -->\n<title>Lijeva Obala osvojila Ligu Hercegovine - RADIO LJUBU\u0160KI<\/title>\n<meta name=\"robots\" content=\"index, follow, max-snippet:-1, max-image-preview:large, max-video-preview:-1\" \/>\n<link rel=\"canonical\" href=\"https:\/\/radioljubuski.ba\/index.php\/2022\/08\/27\/lijeva-obala-osvojila-ligu-hercegovine\/\" \/>\n<meta property=\"og:locale\" content=\"hr_HR\" \/>\n<meta property=\"og:type\" content=\"article\" \/>\n<meta property=\"og:title\" content=\"Lijeva Obala osvojila Ligu Hercegovine - RADIO LJUBU\u0160KI\" \/>\n<meta property=\"og:description\" content=\"Mom\u010dad Lijeve Obale osvojila je titulu prvaka na ovogodi\u0161njoj Ligi Hercegovine. Predstavniku iz \u0160irokog Brijega pripalo je ovogodi\u0161nje&nbsp;17. izdanje&nbsp;Lige Hercegovine. U finalu, u kojem je \u2018pao\u2019 veliki broj golova,\u00a0\u0160irokobrije\u017eani\u00a0su rezultatom\u00a07:4\u00a0nadigrali ekipu\u00a0Centar 2 iz Mostara. Jo\u0161 jednom odli\u010dna ekipa&nbsp;Lijeve Obale&nbsp;je dokazala da&nbsp;zaslu\u017euju&nbsp;i trofej Lige Hercegovine. Povela je Lijeva Obala nakon odli\u010dnog dodavanja&nbsp;Marina Sesara za Marka Mikuli\u0107a&nbsp;koji [&hellip;]\" \/>\n<meta property=\"og:url\" content=\"https:\/\/radioljubuski.ba\/index.php\/2022\/08\/27\/lijeva-obala-osvojila-ligu-hercegovine\/\" \/>\n<meta property=\"og:site_name\" content=\"RADIO LJUBU\u0160KI\" \/>\n<meta property=\"article:publisher\" content=\"https:\/\/www.facebook.com\/Radiio-Ljubuski-1490835324566332\" \/>\n<meta property=\"article:published_time\" content=\"2022-08-27T06:18:05+00:00\" \/>\n<meta property=\"article:modified_time\" content=\"2022-08-27T06:18:06+00:00\" \/>\n<meta property=\"og:image\" content=\"https:\/\/radioljubuski.ba\/wp-content\/uploads\/2022\/08\/lijeva-obala-siroki-brijeg-stolac.jpg\" \/>\n\t<meta property=\"og:image:width\" content=\"810\" \/>\n\t<meta property=\"og:image:height\" content=\"454\" \/>\n\t<meta property=\"og:image:type\" content=\"image\/jpeg\" \/>\n<meta name=\"author\" content=\"Radio Ljubu\u0161ki\" \/>\n<meta name=\"twitter:card\" content=\"summary_large_image\" \/>\n<meta name=\"twitter:creator\" content=\"@radioljubuski\" \/>\n<meta name=\"twitter:site\" content=\"@radioljubuski\" \/>\n<meta name=\"twitter:label1\" content=\"Napisao\/la\" \/>\n\t<meta name=\"twitter:data1\" content=\"Radio Ljubu\u0161ki\" \/>\n\t<meta name=\"twitter:label2\" content=\"Procijenjeno vrijeme \u010ditanja\" \/>\n\t<meta name=\"twitter:data2\" content=\"2 minute\" \/>\n<script type=\"application\/ld+json\" class=\"yoast-schema-graph\">{\"@context\":\"https:\\\/\\\/schema.org\",\"@graph\":[{\"@type\":\"Article\",\"@id\":\"https:\\\/\\\/radioljubuski.ba\\\/index.php\\\/2022\\\/08\\\/27\\\/lijeva-obala-osvojila-ligu-hercegovine\\\/#article\",\"isPartOf\":{\"@id\":\"https:\\\/\\\/radioljubuski.ba\\\/index.php\\\/2022\\\/08\\\/27\\\/lijeva-obala-osvojila-ligu-hercegovine\\\/\"},\"author\":{\"name\":\"Radio Ljubu\u0161ki\",\"@id\":\"https:\\\/\\\/radioljubuski.ba\\\/#\\\/schema\\\/person\\\/19fc700381a780f69665d7956c469e3b\"},\"headline\":\"Lijeva Obala osvojila Ligu Hercegovine\",\"datePublished\":\"2022-08-27T06:18:05+00:00\",\"dateModified\":\"2022-08-27T06:18:06+00:00\",\"mainEntityOfPage\":{\"@id\":\"https:\\\/\\\/radioljubuski.ba\\\/index.php\\\/2022\\\/08\\\/27\\\/lijeva-obala-osvojila-ligu-hercegovine\\\/\"},\"wordCount\":377,\"publisher\":{\"@id\":\"https:\\\/\\\/radioljubuski.ba\\\/#organization\"},\"image\":{\"@id\":\"https:\\\/\\\/radioljubuski.ba\\\/index.php\\\/2022\\\/08\\\/27\\\/lijeva-obala-osvojila-ligu-hercegovine\\\/#primaryimage\"},\"thumbnailUrl\":\"https:\\\/\\\/radioljubuski.ba\\\/wp-content\\\/uploads\\\/2022\\\/08\\\/lijeva-obala-siroki-brijeg-stolac.jpg\",\"articleSection\":[\"\u0160port\"],\"inLanguage\":\"hr\"},{\"@type\":\"WebPage\",\"@id\":\"https:\\\/\\\/radioljubuski.ba\\\/index.php\\\/2022\\\/08\\\/27\\\/lijeva-obala-osvojila-ligu-hercegovine\\\/\",\"url\":\"https:\\\/\\\/radioljubuski.ba\\\/index.php\\\/2022\\\/08\\\/27\\\/lijeva-obala-osvojila-ligu-hercegovine\\\/\",\"name\":\"Lijeva Obala osvojila Ligu Hercegovine - RADIO LJUBU\u0160KI\",\"isPartOf\":{\"@id\":\"https:\\\/\\\/radioljubuski.ba\\\/#website\"},\"primaryImageOfPage\":{\"@id\":\"https:\\\/\\\/radioljubuski.ba\\\/index.php\\\/2022\\\/08\\\/27\\\/lijeva-obala-osvojila-ligu-hercegovine\\\/#primaryimage\"},\"image\":{\"@id\":\"https:\\\/\\\/radioljubuski.ba\\\/index.php\\\/2022\\\/08\\\/27\\\/lijeva-obala-osvojila-ligu-hercegovine\\\/#primaryimage\"},\"thumbnailUrl\":\"https:\\\/\\\/radioljubuski.ba\\\/wp-content\\\/uploads\\\/2022\\\/08\\\/lijeva-obala-siroki-brijeg-stolac.jpg\",\"datePublished\":\"2022-08-27T06:18:05+00:00\",\"dateModified\":\"2022-08-27T06:18:06+00:00\",\"breadcrumb\":{\"@id\":\"https:\\\/\\\/radioljubuski.ba\\\/index.php\\\/2022\\\/08\\\/27\\\/lijeva-obala-osvojila-ligu-hercegovine\\\/#breadcrumb\"},\"inLanguage\":\"hr\",\"potentialAction\":[{\"@type\":\"ReadAction\",\"target\":[\"https:\\\/\\\/radioljubuski.ba\\\/index.php\\\/2022\\\/08\\\/27\\\/lijeva-obala-osvojila-ligu-hercegovine\\\/\"]}]},{\"@type\":\"ImageObject\",\"inLanguage\":\"hr\",\"@id\":\"https:\\\/\\\/radioljubuski.ba\\\/index.php\\\/2022\\\/08\\\/27\\\/lijeva-obala-osvojila-ligu-hercegovine\\\/#primaryimage\",\"url\":\"https:\\\/\\\/radioljubuski.ba\\\/wp-content\\\/uploads\\\/2022\\\/08\\\/lijeva-obala-siroki-brijeg-stolac.jpg\",\"contentUrl\":\"https:\\\/\\\/radioljubuski.ba\\\/wp-content\\\/uploads\\\/2022\\\/08\\\/lijeva-obala-siroki-brijeg-stolac.jpg\",\"width\":810,\"height\":454},{\"@type\":\"BreadcrumbList\",\"@id\":\"https:\\\/\\\/radioljubuski.ba\\\/index.php\\\/2022\\\/08\\\/27\\\/lijeva-obala-osvojila-ligu-hercegovine\\\/#breadcrumb\",\"itemListElement\":[{\"@type\":\"ListItem\",\"position\":1,\"name\":\"Po\u010detna stranica\",\"item\":\"https:\\\/\\\/radioljubuski.ba\\\/\"},{\"@type\":\"ListItem\",\"position\":2,\"name\":\"Lijeva Obala osvojila Ligu Hercegovine\"}]},{\"@type\":\"WebSite\",\"@id\":\"https:\\\/\\\/radioljubuski.ba\\\/#website\",\"url\":\"https:\\\/\\\/radioljubuski.ba\\\/\",\"name\":\"Radio Ljubu\u0161ki\",\"description\":\"Sun\u010dana frekvencija Hercegovine\",\"publisher\":{\"@id\":\"https:\\\/\\\/radioljubuski.ba\\\/#organization\"},\"potentialAction\":[{\"@type\":\"SearchAction\",\"target\":{\"@type\":\"EntryPoint\",\"urlTemplate\":\"https:\\\/\\\/radioljubuski.ba\\\/?s={search_term_string}\"},\"query-input\":{\"@type\":\"PropertyValueSpecification\",\"valueRequired\":true,\"valueName\":\"search_term_string\"}}],\"inLanguage\":\"hr\"},{\"@type\":\"Organization\",\"@id\":\"https:\\\/\\\/radioljubuski.ba\\\/#organization\",\"name\":\"Radio Ljubu\u0161ki\",\"url\":\"https:\\\/\\\/radioljubuski.ba\\\/\",\"logo\":{\"@type\":\"ImageObject\",\"inLanguage\":\"hr\",\"@id\":\"https:\\\/\\\/radioljubuski.ba\\\/#\\\/schema\\\/logo\\\/image\\\/\",\"url\":\"https:\\\/\\\/radioljubuski.ba\\\/wp-content\\\/uploads\\\/2021\\\/02\\\/cropped-Radio_Ljubuski_logo1.jpg\",\"contentUrl\":\"https:\\\/\\\/radioljubuski.ba\\\/wp-content\\\/uploads\\\/2021\\\/02\\\/cropped-Radio_Ljubuski_logo1.jpg\",\"width\":512,\"height\":512,\"caption\":\"Radio Ljubu\u0161ki\"},\"image\":{\"@id\":\"https:\\\/\\\/radioljubuski.ba\\\/#\\\/schema\\\/logo\\\/image\\\/\"},\"sameAs\":[\"https:\\\/\\\/www.facebook.com\\\/Radiio-Ljubuski-1490835324566332\",\"https:\\\/\\\/x.com\\\/radioljubuski\",\"https:\\\/\\\/hr.linkedin.com\\\/company\\\/radio-ljubuski\",\"https:\\\/\\\/www.youtube.com\\\/channel\\\/UCHYaeO_n0Db3tjNGudGpXyw\"]},{\"@type\":\"Person\",\"@id\":\"https:\\\/\\\/radioljubuski.ba\\\/#\\\/schema\\\/person\\\/19fc700381a780f69665d7956c469e3b\",\"name\":\"Radio Ljubu\u0161ki\"}]}<\/script>\n<!-- \/ Yoast SEO plugin. -->","yoast_head_json":{"title":"Lijeva Obala osvojila Ligu Hercegovine - RADIO LJUBU\u0160KI","robots":{"index":"index","follow":"follow","max-snippet":"max-snippet:-1","max-image-preview":"max-image-preview:large","max-video-preview":"max-video-preview:-1"},"canonical":"https:\/\/radioljubuski.ba\/index.php\/2022\/08\/27\/lijeva-obala-osvojila-ligu-hercegovine\/","og_locale":"hr_HR","og_type":"article","og_title":"Lijeva Obala osvojila Ligu Hercegovine - RADIO LJUBU\u0160KI","og_description":"Mom\u010dad Lijeve Obale osvojila je titulu prvaka na ovogodi\u0161njoj Ligi Hercegovine. Predstavniku iz \u0160irokog Brijega pripalo je ovogodi\u0161nje&nbsp;17. izdanje&nbsp;Lige Hercegovine. U finalu, u kojem je \u2018pao\u2019 veliki broj golova,\u00a0\u0160irokobrije\u017eani\u00a0su rezultatom\u00a07:4\u00a0nadigrali ekipu\u00a0Centar 2 iz Mostara. Jo\u0161 jednom odli\u010dna ekipa&nbsp;Lijeve Obale&nbsp;je dokazala da&nbsp;zaslu\u017euju&nbsp;i trofej Lige Hercegovine. Povela je Lijeva Obala nakon odli\u010dnog dodavanja&nbsp;Marina Sesara za Marka Mikuli\u0107a&nbsp;koji [&hellip;]","og_url":"https:\/\/radioljubuski.ba\/index.php\/2022\/08\/27\/lijeva-obala-osvojila-ligu-hercegovine\/","og_site_name":"RADIO LJUBU\u0160KI","article_publisher":"https:\/\/www.facebook.com\/Radiio-Ljubuski-1490835324566332","article_published_time":"2022-08-27T06:18:05+00:00","article_modified_time":"2022-08-27T06:18:06+00:00","og_image":[{"width":810,"height":454,"url":"https:\/\/radioljubuski.ba\/wp-content\/uploads\/2022\/08\/lijeva-obala-siroki-brijeg-stolac.jpg","type":"image\/jpeg"}],"author":"Radio Ljubu\u0161ki","twitter_card":"summary_large_image","twitter_creator":"@radioljubuski","twitter_site":"@radioljubuski","twitter_misc":{"Napisao\/la":"Radio Ljubu\u0161ki","Procijenjeno vrijeme \u010ditanja":"2 minute"},"schema":{"@context":"https:\/\/schema.org","@graph":[{"@type":"Article","@id":"https:\/\/radioljubuski.ba\/index.php\/2022\/08\/27\/lijeva-obala-osvojila-ligu-hercegovine\/#article","isPartOf":{"@id":"https:\/\/radioljubuski.ba\/index.php\/2022\/08\/27\/lijeva-obala-osvojila-ligu-hercegovine\/"},"author":{"name":"Radio Ljubu\u0161ki","@id":"https:\/\/radioljubuski.ba\/#\/schema\/person\/19fc700381a780f69665d7956c469e3b"},"headline":"Lijeva Obala osvojila Ligu Hercegovine","datePublished":"2022-08-27T06:18:05+00:00","dateModified":"2022-08-27T06:18:06+00:00","mainEntityOfPage":{"@id":"https:\/\/radioljubuski.ba\/index.php\/2022\/08\/27\/lijeva-obala-osvojila-ligu-hercegovine\/"},"wordCount":377,"publisher":{"@id":"https:\/\/radioljubuski.ba\/#organization"},"image":{"@id":"https:\/\/radioljubuski.ba\/index.php\/2022\/08\/27\/lijeva-obala-osvojila-ligu-hercegovine\/#primaryimage"},"thumbnailUrl":"https:\/\/radioljubuski.ba\/wp-content\/uploads\/2022\/08\/lijeva-obala-siroki-brijeg-stolac.jpg","articleSection":["\u0160port"],"inLanguage":"hr"},{"@type":"WebPage","@id":"https:\/\/radioljubuski.ba\/index.php\/2022\/08\/27\/lijeva-obala-osvojila-ligu-hercegovine\/","url":"https:\/\/radioljubuski.ba\/index.php\/2022\/08\/27\/lijeva-obala-osvojila-ligu-hercegovine\/","name":"Lijeva Obala osvojila Ligu Hercegovine - RADIO LJUBU\u0160KI","isPartOf":{"@id":"https:\/\/radioljubuski.ba\/#website"},"primaryImageOfPage":{"@id":"https:\/\/radioljubuski.ba\/index.php\/2022\/08\/27\/lijeva-obala-osvojila-ligu-hercegovine\/#primaryimage"},"image":{"@id":"https:\/\/radioljubuski.ba\/index.php\/2022\/08\/27\/lijeva-obala-osvojila-ligu-hercegovine\/#primaryimage"},"thumbnailUrl":"https:\/\/radioljubuski.ba\/wp-content\/uploads\/2022\/08\/lijeva-obala-siroki-brijeg-stolac.jpg","datePublished":"2022-08-27T06:18:05+00:00","dateModified":"2022-08-27T06:18:06+00:00","breadcrumb":{"@id":"https:\/\/radioljubuski.ba\/index.php\/2022\/08\/27\/lijeva-obala-osvojila-ligu-hercegovine\/#breadcrumb"},"inLanguage":"hr","potentialAction":[{"@type":"ReadAction","target":["https:\/\/radioljubuski.ba\/index.php\/2022\/08\/27\/lijeva-obala-osvojila-ligu-hercegovine\/"]}]},{"@type":"ImageObject","inLanguage":"hr","@id":"https:\/\/radioljubuski.ba\/index.php\/2022\/08\/27\/lijeva-obala-osvojila-ligu-hercegovine\/#primaryimage","url":"https:\/\/radioljubuski.ba\/wp-content\/uploads\/2022\/08\/lijeva-obala-siroki-brijeg-stolac.jpg","contentUrl":"https:\/\/radioljubuski.ba\/wp-content\/uploads\/2022\/08\/lijeva-obala-siroki-brijeg-stolac.jpg","width":810,"height":454},{"@type":"BreadcrumbList","@id":"https:\/\/radioljubuski.ba\/index.php\/2022\/08\/27\/lijeva-obala-osvojila-ligu-hercegovine\/#breadcrumb","itemListElement":[{"@type":"ListItem","position":1,"name":"Po\u010detna stranica","item":"https:\/\/radioljubuski.ba\/"},{"@type":"ListItem","position":2,"name":"Lijeva Obala osvojila Ligu Hercegovine"}]},{"@type":"WebSite","@id":"https:\/\/radioljubuski.ba\/#website","url":"https:\/\/radioljubuski.ba\/","name":"Radio Ljubu\u0161ki","description":"Sun\u010dana frekvencija Hercegovine","publisher":{"@id":"https:\/\/radioljubuski.ba\/#organization"},"potentialAction":[{"@type":"SearchAction","target":{"@type":"EntryPoint","urlTemplate":"https:\/\/radioljubuski.ba\/?s={search_term_string}"},"query-input":{"@type":"PropertyValueSpecification","valueRequired":true,"valueName":"search_term_string"}}],"inLanguage":"hr"},{"@type":"Organization","@id":"https:\/\/radioljubuski.ba\/#organization","name":"Radio Ljubu\u0161ki","url":"https:\/\/radioljubuski.ba\/","logo":{"@type":"ImageObject","inLanguage":"hr","@id":"https:\/\/radioljubuski.ba\/#\/schema\/logo\/image\/","url":"https:\/\/radioljubuski.ba\/wp-content\/uploads\/2021\/02\/cropped-Radio_Ljubuski_logo1.jpg","contentUrl":"https:\/\/radioljubuski.ba\/wp-content\/uploads\/2021\/02\/cropped-Radio_Ljubuski_logo1.jpg","width":512,"height":512,"caption":"Radio Ljubu\u0161ki"},"image":{"@id":"https:\/\/radioljubuski.ba\/#\/schema\/logo\/image\/"},"sameAs":["https:\/\/www.facebook.com\/Radiio-Ljubuski-1490835324566332","https:\/\/x.com\/radioljubuski","https:\/\/hr.linkedin.com\/company\/radio-ljubuski","https:\/\/www.youtube.com\/channel\/UCHYaeO_n0Db3tjNGudGpXyw"]},{"@type":"Person","@id":"https:\/\/radioljubuski.ba\/#\/schema\/person\/19fc700381a780f69665d7956c469e3b","name":"Radio Ljubu\u0161ki"}]}},"_links":{"self":[{"href":"https:\/\/radioljubuski.ba\/index.php\/wp-json\/wp\/v2\/posts\/173056","targetHints":{"allow":["GET"]}}],"collection":[{"href":"https:\/\/radioljubuski.ba\/index.php\/wp-json\/wp\/v2\/posts"}],"about":[{"href":"https:\/\/radioljubuski.ba\/index.php\/wp-json\/wp\/v2\/types\/post"}],"author":[{"embeddable":true,"href":"https:\/\/radioljubuski.ba\/index.php\/wp-json\/wp\/v2\/users\/2"}],"replies":[{"embeddable":true,"href":"https:\/\/radioljubuski.ba\/index.php\/wp-json\/wp\/v2\/comments?post=173056"}],"version-history":[{"count":1,"href":"https:\/\/radioljubuski.ba\/index.php\/wp-json\/wp\/v2\/posts\/173056\/revisions"}],"predecessor-version":[{"id":173058,"href":"https:\/\/radioljubuski.ba\/index.php\/wp-json\/wp\/v2\/posts\/173056\/revisions\/173058"}],"wp:featuredmedia":[{"embeddable":true,"href":"https:\/\/radioljubuski.ba\/index.php\/wp-json\/wp\/v2\/media\/173057"}],"wp:attachment":[{"href":"https:\/\/radioljubuski.ba\/index.php\/wp-json\/wp\/v2\/media?parent=173056"}],"wp:term":[{"taxonomy":"category","embeddable":true,"href":"https:\/\/radioljubuski.ba\/index.php\/wp-json\/wp\/v2\/categories?post=173056"},{"taxonomy":"post_tag","embeddable":true,"href":"https:\/\/radioljubuski.ba\/index.php\/wp-json\/wp\/v2\/tags?post=173056"}],"curies":[{"name":"wp","href":"https:\/\/api.w.org\/{rel}","templated":true}]}}